{"id":70545,"date":"2025-05-27T17:32:02","date_gmt":"2025-05-27T20:32:02","guid":{"rendered":"https:\/\/noticiasribeiraopreto.com.br\/index.php\/2025\/05\/27\/ludmilla-fara-show-em-rp\/"},"modified":"2025-05-27T17:32:02","modified_gmt":"2025-05-27T20:32:02","slug":"ludmilla-fara-show-em-rp","status":"publish","type":"post","link":"https:\/\/noticiasribeiraopreto.com.br\/index.php\/2025\/05\/27\/ludmilla-fara-show-em-rp\/","title":{"rendered":"Ludmilla far\u00e1 show em RP\u00a0"},"content":{"rendered":"<div class='code-block code-block-1' style='margin: 8px 0 8px auto; text-align: right; display: block; clear: both;'>\n<p><a href=\"https:\/\/wa.link\/vpicfd\"><img data-recalc-dims=\"1\" class=\"wp-image-4922\" style=\"aspect-ratio: 2.0253164556962027; width: 561px; height: auto;\" src=\"https:\/\/i0.wp.com\/ismaelcolosi.com.br\/wp-content\/uploads\/2023\/11\/grupo-de-empregos-whatsapp-e-facebook-ismael-colosi-vagas.jpg?ssl=1\" alt=\"\" \/><\/a><\/p>\n<!-- \/wp:image -->\n<\/div>\n<p> <br \/>\n<\/p>\n<div id=\"\">\n<p>\n\t\t\t\t\t\t\t\t\t<span class=\"entry-meta-item penci-posted-on\"><i class=\"fa fa-clock-o\"\/><time class=\"entry-date published\" datetime=\"2025-05-27T17:30:10-03:00\">27 de maio de 2025 17:30<\/time><time class=\"updated\" datetime=\"2025-05-27T09:16:16-03:00\">27 de maio de 2025 09:16<\/time><\/span><span class=\"entry-meta-item penci-post-countview\"><span class=\"entry-meta-item penci-post-countview penci_post-meta_item\"><i class=\"fa fa-eye\"\/><span class=\"penci-post-countview-number penci-post-countview-p426991\">7<\/span><\/span><\/span>\t\t\t\t\t\t\t\t<\/p>\n<p><!-- .entry-meta --><br \/>\n\t\t\t\t\t\t\t\t<span class=\"penci-social-buttons penci-social-share-footer\"><span class=\"penci-social-share-text\">Compartilhar<\/span><a href=\"#\" class=\"penci-post-like penci_post-meta_item  single-like-button penci-social-item like\" data-post_id=\"426991\" title=\"Like\" data-like=\"Like\" data-unlike=\"Unlike\"><i class=\"fa fa-thumbs-o-up\"\/><span class=\"penci-share-number\">0<\/span><\/a><i class=\"fa fa-facebook\"\/><a class=\"penci-social-item twitter\" target=\"_blank\" rel=\"noopener\" title=\"\" href=\"https:\/\/twitter.com\/intent\/tweet?text=Ludmilla%20far\u00e1%20show%20em%20RP\u00a0%20-%20https:\/\/www.tribunaribeirao.com.br\/ludmilla-fara-show-em-rp\/\"><i class=\"fa fa-twitter\"\/><\/a><i class=\"fa fa-linkedin\"\/><i class=\"fa fa-whatsapp\"\/><i class=\"fa fa-telegram\"\/><i class=\"fa fa-envelope\"\/><\/span>\t\t\t\t\t\t\t<\/div>\n<div>\n<p><span class=\"TextRun SCXW120038916 BCX0\" lang=\"PT-BR\" xml:lang=\"PT-BR\" data-contrast=\"auto\"><span class=\"NormalTextRun SCXW120038916 BCX0\">N<\/span><span class=\"NormalTextRun SCXW120038916 BCX0\">este s\u00e1bado, <\/span><span class=\"NormalTextRun SCXW120038916 BCX0\">31<\/span><span class=\"NormalTextRun SCXW120038916 BCX0\"> de maio<\/span><span class=\"NormalTextRun SCXW120038916 BCX0\">, a cantora <\/span><span class=\"NormalTextRun SCXW120038916 BCX0\">Ludmilla<\/span><span class=\"NormalTextRun SCXW120038916 BCX0\"> desembarca em Ribeir\u00e3o Preto com sua aclamada turn\u00ea <\/span><span class=\"NormalTextRun SpellingErrorV2Themed SCXW120038916 BCX0\">Numanice<\/span><span class=\"NormalTextRun SCXW120038916 BCX0\"> para apresenta\u00e7\u00e3o no Est\u00e1dio Santa Cruz<\/span><span class=\"NormalTextRun SCXW120038916 BCX0\">\/<\/span><span class=\"NormalTextRun SCXW120038916 BCX0\">Arena <\/span><span class=\"NormalTextRun SpellingErrorV2Themed SCXW120038916 BCX0\">NicNet<\/span><span class=\"NormalTextRun SCXW120038916 BCX0\">. Com abertura dos port\u00f5es marcada para <\/span><span class=\"NormalTextRun SCXW120038916 BCX0\">a<\/span><span class=\"NormalTextRun SCXW120038916 BCX0\">s 15<\/span> <span class=\"NormalTextRun SCXW120038916 BCX0\">h<\/span><span class=\"NormalTextRun SCXW120038916 BCX0\">oras<\/span><span class=\"NormalTextRun SCXW120038916 BCX0\">, o evento promete reunir os f\u00e3s para celebrar o projeto de pagode da artista, que vem encantando multid\u00f5es por onde passa. <\/span><\/span><span class=\"LineBreakBlob BlobObject DragDrop SCXW120038916 BCX0\"><span class=\"SCXW120038916 BCX0\">\u00a0<\/span><br class=\"SCXW120038916 BCX0\"\/><\/span><span class=\"LineBreakBlob BlobObject DragDrop SCXW120038916 BCX0\"><span class=\"SCXW120038916 BCX0\">\u00a0<\/span><br class=\"SCXW120038916 BCX0\"\/><\/span><span class=\"TextRun SCXW120038916 BCX0\" lang=\"PT-BR\" xml:lang=\"PT-BR\" data-contrast=\"auto\"><span class=\"NormalTextRun SCXW120038916 BCX0\">Os \u00faltimos ingressos para o s\u00e1bado est\u00e3o \u00e0 venda no site da <\/span><span class=\"NormalTextRun SpellingErrorV2Themed SCXW120038916 BCX0\">Sympla<\/span><span class=\"NormalTextRun SCXW120038916 BCX0\">. Ap\u00f3s emocionar <\/span><span class=\"NormalTextRun SCXW120038916 BCX0\">plateias<\/span><span class=\"NormalTextRun SCXW120038916 BCX0\"> por todo o Brasil com a terceira edi\u00e7\u00e3o da turn\u00ea <\/span><span class=\"NormalTextRun SpellingErrorV2Themed SCXW120038916 BCX0\">Numanice<\/span><span class=\"NormalTextRun SCXW120038916 BCX0\">, <\/span><span class=\"NormalTextRun SCXW120038916 BCX0\">Ludmilla<\/span><span class=\"NormalTextRun SCXW120038916 BCX0\"> anunciou um show extra de encerramento em Salvador. A apresenta\u00e7\u00e3o, que ser\u00e1 a \u00faltima da turn\u00ea na cidade, acontece no dia 12 de julho, no WET. <\/span><\/span><span class=\"LineBreakBlob BlobObject DragDrop SCXW120038916 BCX0\"><span class=\"SCXW120038916 BCX0\">\u00a0<\/span><br class=\"SCXW120038916 BCX0\"\/><\/span><span class=\"LineBreakBlob BlobObject DragDrop SCXW120038916 BCX0\"><span class=\"SCXW120038916 BCX0\">\u00a0<\/span><br class=\"SCXW120038916 BCX0\"\/><\/span><span class=\"TextRun SCXW120038916 BCX0\" lang=\"PT-BR\" xml:lang=\"PT-BR\" data-contrast=\"auto\"><span class=\"NormalTextRun SCXW120038916 BCX0\">Al\u00e9m de Salvador, o Rio de Janeiro tamb\u00e9m ganhou uma data extra para esse grande fechamento. O show ser\u00e1 no Gramado do Riocentro, no dia 27 de julho. A turn\u00ea ainda contar\u00e1 com apresent<\/span><span class=\"NormalTextRun SCXW120038916 BCX0\">a\u00e7\u00f5es em S\u00e3o Paulo (<\/span><span class=\"NormalTextRun SCXW120038916 BCX0\">8<\/span><span class=\"NormalTextRun SCXW120038916 BCX0\"> de junho<\/span><span class=\"NormalTextRun SCXW120038916 BCX0\">) e Porto Alegre (<\/span><span class=\"NormalTextRun SCXW120038916 BCX0\">dia <\/span><span class=\"NormalTextRun SCXW120038916 BCX0\">14). <\/span><\/span><span class=\"LineBreakBlob BlobObject DragDrop SCXW120038916 BCX0\"><span class=\"SCXW120038916 BCX0\">\u00a0<\/span><br class=\"SCXW120038916 BCX0\"\/><\/span><span class=\"LineBreakBlob BlobObject DragDrop SCXW120038916 BCX0\"><span class=\"SCXW120038916 BCX0\">\u00a0<\/span><br class=\"SCXW120038916 BCX0\"\/><\/span><span class=\"TextRun SCXW120038916 BCX0\" lang=\"PT-BR\" xml:lang=\"PT-BR\" data-contrast=\"auto\"><span class=\"NormalTextRun SCXW120038916 BCX0\">O <\/span><span class=\"NormalTextRun SpellingErrorV2Themed SCXW120038916 BCX0\">Numanice<\/span><span class=\"NormalTextRun SCXW120038916 BCX0\"> vem se despedindo em grande estilo com apresenta\u00e7\u00f5es esgotadas por onde passa, e o show final promete ser uma noite hist\u00f3rica, repleta de pagode, energia contagiante e a celebra\u00e7\u00e3o de tudo o que o projeto representa. <\/span><\/span><span class=\"LineBreakBlob BlobObject DragDrop SCXW120038916 BCX0\"><span class=\"SCXW120038916 BCX0\">\u00a0<\/span><br class=\"SCXW120038916 BCX0\"\/><\/span><span class=\"LineBreakBlob BlobObject DragDrop SCXW120038916 BCX0\"><span class=\"SCXW120038916 BCX0\">\u00a0<\/span><br class=\"SCXW120038916 BCX0\"\/><\/span><span class=\"TextRun SCXW120038916 BCX0\" lang=\"PT-BR\" xml:lang=\"PT-BR\" data-contrast=\"auto\"><span class=\"NormalTextRun SCXW120038916 BCX0\">Al\u00e9m dos impressionantes n\u00fameros de p\u00fablico, o <\/span><span class=\"NormalTextRun SpellingErrorV2Themed SCXW120038916 BCX0\">Numanice<\/span><span class=\"NormalTextRun SCXW120038916 BCX0\"> segue acumulando marcas expressivas no digital. Somando mais de 3,5 bilh\u00f5es de <\/span><span class=\"NormalTextRun SpellingErrorV2Themed SCXW120038916 BCX0\">streams<\/span><span class=\"NormalTextRun SCXW120038916 BCX0\"> em todas as plataformas, a s\u00e9rie de \u00e1lbuns tem sido um marco na carreira de <\/span><span class=\"NormalTextRun SCXW120038916 BCX0\">Ludmilla<\/span><span class=\"NormalTextRun SCXW120038916 BCX0\">. <\/span><\/span><span class=\"LineBreakBlob BlobObject DragDrop SCXW120038916 BCX0\"><span class=\"SCXW120038916 BCX0\">\u00a0<\/span><br class=\"SCXW120038916 BCX0\"\/><\/span><span class=\"LineBreakBlob BlobObject DragDrop SCXW120038916 BCX0\"><span class=\"SCXW120038916 BCX0\">\u00a0<\/span><br class=\"SCXW120038916 BCX0\"\/><\/span><span class=\"TextRun SCXW120038916 BCX0\" lang=\"PT-BR\" xml:lang=\"PT-BR\" data-contrast=\"auto\"><span class=\"NormalTextRun SCXW120038916 BCX0\">O <\/span><span class=\"NormalTextRun SpellingErrorV2Themed SCXW120038916 BCX0\">Numanice<\/span><span class=\"NormalTextRun SCXW120038916 BCX0\"> #3, lan\u00e7ado em fevereiro, j\u00e1 ultrapassou 450 milh\u00f5es de reprodu\u00e7\u00f5es. O projeto tamb\u00e9m rendeu \u00e0 artista o Grammy Latino de 2022 na categoria Melhor \u00c1lbum de Samba\/Pagode com o <\/span><span class=\"NormalTextRun SpellingErrorV2Themed SCXW120038916 BCX0\">Numanice<\/span><span class=\"NormalTextRun SCXW120038916 BCX0\"> #2, consolidando <\/span><span class=\"NormalTextRun SCXW120038916 BCX0\">Ludmilla<\/span><span class=\"NormalTextRun SCXW120038916 BCX0\"> como uma das principais artistas da m\u00fasica brasileira. <\/span><\/span><span class=\"LineBreakBlob BlobObject DragDrop SCXW120038916 BCX0\"><span class=\"SCXW120038916 BCX0\">\u00a0<\/span><br class=\"SCXW120038916 BCX0\"\/><\/span><span class=\"LineBreakBlob BlobObject DragDrop SCXW120038916 BCX0\"><span class=\"SCXW120038916 BCX0\">\u00a0<\/span><br class=\"SCXW120038916 BCX0\"\/><\/span><span class=\"TextRun SCXW120038916 BCX0\" lang=\"PT-BR\" xml:lang=\"PT-BR\" data-contrast=\"auto\"><span class=\"NormalTextRun SCXW120038916 BCX0\">Com uma carreira repleta de sucessos em diferentes g\u00eaneros musi<\/span><span class=\"NormalTextRun SCXW120038916 BCX0\">cais, <\/span><span class=\"NormalTextRun SCXW120038916 BCX0\">Ludmilla<\/span><span class=\"NormalTextRun SCXW120038916 BCX0\"> acumula mais de <\/span><span class=\"NormalTextRun SpellingErrorV2Themed SCXW120038916 BCX0\">wsete<\/span><span class=\"NormalTextRun SCXW120038916 BCX0\"> bilh\u00f5es de plays nas plataformas digitais e,<\/span><span class=\"NormalTextRun SCXW120038916 BCX0\"> no <\/span><span class=\"NormalTextRun SCXW120038916 BCX0\">Spotify<\/span><span class=\"NormalTextRun SCXW120038916 BCX0\">, ela figura como a sexta <\/span><span class=\"NormalTextRun SCXW120038916 BCX0\">mulher preta mais ouvida no mundo, ao lado de <\/span><span class=\"NormalTextRun SCXW120038916 BCX0\">grandes nomes como <\/span><span class=\"NormalTextRun SCXW120038916 BCX0\">Beyonc\u00e9<\/span><span class=\"NormalTextRun SCXW120038916 BCX0\">, <\/span><span class=\"NormalTextRun SCXW120038916 BCX0\">Rihanna<\/span><span class=\"NormalTextRun SCXW120038916 BCX0\"> e <\/span><span class=\"NormalTextRun SCXW120038916 BCX0\">Nicki<\/span> <span class=\"NormalTextRun SpellingErrorV2Themed SCXW120038916 BCX0\">Minaj<\/span><span class=\"NormalTextRun SCXW120038916 BCX0\">. <\/span><\/span><span class=\"LineBreakBlob BlobObject DragDrop SCXW120038916 BCX0\"><span class=\"SCXW120038916 BCX0\">\u00a0<\/span><br class=\"SCXW120038916 BCX0\"\/><\/span><span class=\"LineBreakBlob BlobObject DragDrop SCXW120038916 BCX0\"><span class=\"SCXW120038916 BCX0\">\u00a0<\/span><br class=\"SCXW120038916 BCX0\"\/><\/span><span class=\"TextRun SCXW120038916 BCX0\" lang=\"PT-BR\" xml:lang=\"PT-BR\" data-contrast=\"auto\"><span class=\"NormalTextRun SCXW120038916 BCX0\">Al\u00e9m dos n\u00fameros impressionantes de p\u00fablico, o <\/span><span class=\"NormalTextRun SpellingErrorV2Themed SCXW120038916 BCX0\">Numanice<\/span><span class=\"NormalTextRun SCXW120038916 BCX0\"> tamb\u00e9m reflete sua grande relev\u00e2ncia digital. Com mais de quatro bilh\u00f5es de <\/span><span class=\"NormalTextRun SpellingErrorV2Themed SCXW120038916 BCX0\">streams<\/span><span class=\"NormalTextRun SCXW120038916 BCX0\"> em todas as plataformas, a s\u00e9rie de \u00e1lbuns \u00e9 um marco na carreira de <\/span><span class=\"NormalTextRun SCXW120038916 BCX0\">Ludmilla<\/span><span class=\"NormalTextRun SCXW120038916 BCX0\">. O <\/span><span class=\"NormalTextRun SpellingErrorV2Themed SCXW120038916 BCX0\">Numanice<\/span><span class=\"NormalTextRun SCXW120038916 BCX0\"> \u00e9 tamb\u00e9m um agente de transforma\u00e7\u00e3o social. <\/span><\/span><span class=\"LineBreakBlob BlobObject DragDrop SCXW120038916 BCX0\"><span class=\"SCXW120038916 BCX0\">\u00a0<\/span><br class=\"SCXW120038916 BCX0\"\/><\/span><span class=\"LineBreakBlob BlobObject DragDrop SCXW120038916 BCX0\"><span class=\"SCXW120038916 BCX0\">\u00a0<\/span><br class=\"SCXW120038916 BCX0\"\/><\/span><span class=\"TextRun SCXW120038916 BCX0\" lang=\"PT-BR\" xml:lang=\"PT-BR\" data-contrast=\"auto\"><span class=\"NormalTextRun SCXW120038916 BCX0\">At\u00e9 o momento, a turn\u00ea arrecadou <\/span><span class=\"NormalTextRun SCXW120038916 BCX0\">cerca de 25<\/span><span class=\"NormalTextRun SCXW120038916 BCX0\"> toneladas de alimentos, que foram destinados a comunidades em situa\u00e7\u00e3o de vulnerabilidade, e gerou mais de 20 mil empregos diretos e indiretos, reafirmando o compromisso de <\/span><span class=\"NormalTextRun SCXW120038916 BCX0\">Ludmilla<\/span><span class=\"NormalTextRun SCXW120038916 BCX0\"> com o impacto positivo nas cidades que visita. <\/span><\/span><span class=\"LineBreakBlob BlobObject DragDrop SCXW120038916 BCX0\"><span class=\"SCXW120038916 BCX0\">\u00a0<\/span><br class=\"SCXW120038916 BCX0\"\/><\/span><span class=\"LineBreakBlob BlobObject DragDrop SCXW120038916 BCX0\"><span class=\"SCXW120038916 BCX0\">\u00a0<\/span><br class=\"SCXW120038916 BCX0\"\/><\/span><span class=\"TextRun SCXW120038916 BCX0\" lang=\"PT-BR\" xml:lang=\"PT-BR\" data-contrast=\"auto\"><span class=\"NormalTextRun SCXW120038916 BCX0\">Desde sua cria\u00e7\u00e3o, o espet\u00e1culo j\u00e1 foi presenciado por mais de meio milh\u00e3o de pessoas, e o faturamento estimado gira em torno de R$ 185 milh\u00f5es, o que torna o <\/span><span class=\"NormalTextRun SpellingErrorV2Themed SCXW120038916 BCX0\">Numanice<\/span><span class=\"NormalTextRun SCXW120038916 BCX0\"> como um marco hist\u00f3rico para a ind\u00fastria do entretenimento. <\/span><\/span><span class=\"LineBreakBlob BlobObject DragDrop SCXW120038916 BCX0\"><span class=\"SCXW120038916 BCX0\">\u00a0<\/span><br class=\"SCXW120038916 BCX0\"\/><\/span><span class=\"LineBreakBlob BlobObject DragDrop SCXW120038916 BCX0\"><span class=\"SCXW120038916 BCX0\">\u00a0<\/span><br class=\"SCXW120038916 BCX0\"\/><\/span><span class=\"TextRun SCXW120038916 BCX0\" lang=\"PT-BR\" xml:lang=\"PT-BR\" data-contrast=\"none\"><span class=\"NormalTextRun SCXW120038916 BCX0\">Os ingressos<\/span> <span class=\"NormalTextRun SCXW120038916 BCX0\">j\u00e1 est\u00e3o \u00e0 venda pelo site Guich\u00ea Web <\/span><span class=\"NormalTextRun ContextualSpellingAndGrammarErrorV2Themed SCXW120038916 BCX0\">(<\/span><\/span> <span class=\"TextRun Underlined SCXW120038916 BCX0\" lang=\"PT-BR\" title=\"O Word n\u00e3o pode abrir este link em um navegador. Para acessar este link, abra este documento na vers\u00e3o desktop do Microsoft Word.\" xml:lang=\"PT-BR\" data-contrast=\"none\"><span class=\"NormalTextRun ContextualSpellingAndGrammarErrorV2Themed SCXW120038916 BCX0\" data-ccp-charstyle=\"Hyperlink\">www.sympla.com.br<\/span><\/span><span class=\"TextRun SCXW120038916 BCX0\" lang=\"PT-BR\" xml:lang=\"PT-BR\" data-contrast=\"none\"><span class=\"NormalTextRun SCXW120038916 BCX0\">).<\/span><span class=\"NormalTextRun SCXW120038916 BCX0\">\u00a0 H\u00e1 taxa de 12,5% para compra online.<\/span> <span class=\"NormalTextRun SCXW120038916 BCX0\">Para o <\/span><span class=\"NormalTextRun SCXW120038916 BCX0\">Front <\/span><span class=\"NormalTextRun SpellingErrorV2Themed SCXW120038916 BCX0\">Stage<\/span><span class=\"NormalTextRun SCXW120038916 BCX0\"> custam R$ 340 (inteira) e R$ 170 (meia-entrada) e para o Open Bar sai por R$ 430. Menores n\u00e3o entram nesse espa\u00e7o <\/span><\/span><span class=\"LineBreakBlob BlobObject DragDrop SCXW120038916 BCX0\"><span class=\"SCXW120038916 BCX0\">\u00a0<\/span><br class=\"SCXW120038916 BCX0\"\/><\/span><span class=\"LineBreakBlob BlobObject DragDrop SCXW120038916 BCX0\"><span class=\"SCXW120038916 BCX0\">\u00a0<\/span><br class=\"SCXW120038916 BCX0\"\/><\/span><span class=\"TextRun SCXW120038916 BCX0\" lang=\"PT-BR\" xml:lang=\"PT-BR\" data-contrast=\"none\"><span class=\"NormalTextRun SCXW120038916 BCX0\">A <\/span><span class=\"NormalTextRun SCXW120038916 BCX0\">Arena <\/span><span class=\"NormalTextRun SpellingErrorV2Themed SCXW120038916 BCX0\">Nicnet<\/span><span class=\"NormalTextRun SCXW120038916 BCX0\"> fica no Est\u00e1dio Santa Cruz, <\/span><span class=\"NormalTextRun SCXW120038916 BCX0\">campo do Botafogo<\/span><span class=\"NormalTextRun SCXW120038916 BCX0\"> Futebol Clube<\/span><span class=\"NormalTextRun SCXW120038916 BCX0\">, na Esplanada Doutor S\u00f3crates. <\/span><\/span><span class=\"TextRun SCXW120038916 BCX0\" lang=\"PT-BR\" xml:lang=\"PT-BR\" data-contrast=\"auto\"><span class=\"NormalTextRun SCXW120038916 BCX0\">Localizado<\/span><span class=\"NormalTextRun SCXW120038916 BCX0\">, com acesso pela <\/span><span class=\"NormalTextRun SCXW120038916 BCX0\">avenida<\/span> <span class=\"NormalTextRun SCXW120038916 BCX0\">Cost\u00e1bile<\/span><span class=\"NormalTextRun SCXW120038916 BCX0\"> Romano, no bairro <\/span><span class=\"NormalTextRun SpellingErrorV2Themed SCXW120038916 BCX0\">Ribeir\u00e2nia<\/span><span class=\"NormalTextRun SCXW120038916 BCX0\">, Zona Leste da cidade. <\/span><\/span><span class=\"LineBreakBlob BlobObject DragDrop SCXW120038916 BCX0\"><span class=\"SCXW120038916 BCX0\">\u00a0<\/span><br class=\"SCXW120038916 BCX0\"\/><\/span><span class=\"LineBreakBlob BlobObject DragDrop SCXW120038916 BCX0\"><span class=\"SCXW120038916 BCX0\">\u00a0<\/span><br class=\"SCXW120038916 BCX0\"\/><\/span><\/p>\n<\/div>\n<p><script async src=\"\/\/platform.twitter.com\/widgets.js\" charset=\"utf-8\"><\/script><br \/>\n<br \/><br \/>\n<br \/><a href=\"https:\/\/www.tribunaribeirao.com.br\/ludmilla-fara-show-em-rp\/\">Source link <\/a><\/p>\n<!-- CONTENT END 1 -->\n","protected":false},"excerpt":{"rendered":"<p>27 de maio de 2025 17:3027 de maio de 2025 09:167 Compartilhar0 Neste s\u00e1bado, 31 de maio, a cantora Ludmilla desembarca em Ribeir\u00e3o Preto com&#8230;<\/p>\n","protected":false},"author":1,"featured_media":70546,"comment_status":"open","ping_status":"open","sticky":false,"template":"","format":"standard","meta":{"advanced_seo_description":"","jetpack_seo_html_title":"","jetpack_seo_noindex":false,"jetpack_post_was_ever_published":false,"_jetpack_newsletter_access":"","_jetpack_dont_email_post_to_subs":false,"_jetpack_newsletter_tier_id":0,"_jetpack_memberships_contains_paywalled_content":false,"_jetpack_memberships_contains_paid_content":false,"footnotes":"","jetpack_publicize_message":"","jetpack_publicize_feature_enabled":true,"jetpack_social_post_already_shared":true,"jetpack_social_options":{"image_generator_settings":{"template":"highway","default_image_id":0,"font":"","enabled":false},"version":2}},"categories":[11],"tags":[],"class_list":["post-70545","post","type-post","status-publish","format-standard","has-post-thumbnail","hentry","category-noticias-de-ribeirao-preto-sp-e-regiao-ismael-colosi"],"jetpack_publicize_connections":[],"jetpack_featured_media_url":"https:\/\/i0.wp.com\/noticiasribeiraopreto.com.br\/wp-content\/uploads\/2025\/05\/Ludmilla-Steff-Lima-01.png?fit=1200%2C900&ssl=1","jetpack-related-posts":[{"id":69051,"url":"https:\/\/noticiasribeiraopreto.com.br\/index.php\/2025\/05\/01\/rp-mobi-comeca-instalacao-de-semaforos-na-rotatoria-amin-calil\/","url_meta":{"origin":70545,"position":0},"title":"RP Mobi come\u00e7a instala\u00e7\u00e3o de sem\u00e1foros na rotat\u00f3ria Amin Calil","author":"noticiasribeiraopreto.com.br","date":"1 de May de 2025","format":false,"excerpt":"A RP Mobi, empresa respons\u00e1vel pelo tr\u00e2nsito em Ribeir\u00e3o Preto, come\u00e7ou a instala\u00e7\u00e3o de sem\u00e1foros na rotat\u00f3ria Amin Calil.\u00a0No local, ser\u00e3o implantados quatro pontos com sem\u00e1foros at\u00e9 o final do m\u00eas de maio. Nesta quinta-feira (1\u00ba de maio), equipes da RP Mobi estiveram no local para instala\u00e7\u00e3o dos postes que\u2026","rel":"","context":"In &quot;Not\u00edcias de Ribeir\u00e3o Preto-SP e Regi\u00e3o&quot;","block_context":{"text":"Not\u00edcias de Ribeir\u00e3o Preto-SP e Regi\u00e3o","link":"https:\/\/noticiasribeiraopreto.com.br\/index.php\/category\/noticias-de-ribeirao-preto-sp-e-regiao-ismael-colosi\/"},"img":{"alt_text":"","src":"https:\/\/i0.wp.com\/noticiasribeiraopreto.com.br\/wp-content\/uploads\/2025\/05\/amin-calil_2025-05-01_15-19-08.webp.webp?fit=1200%2C684&ssl=1&resize=350%2C200","width":350,"height":200,"srcset":"https:\/\/i0.wp.com\/noticiasribeiraopreto.com.br\/wp-content\/uploads\/2025\/05\/amin-calil_2025-05-01_15-19-08.webp.webp?fit=1200%2C684&ssl=1&resize=350%2C200 1x, https:\/\/i0.wp.com\/noticiasribeiraopreto.com.br\/wp-content\/uploads\/2025\/05\/amin-calil_2025-05-01_15-19-08.webp.webp?fit=1200%2C684&ssl=1&resize=525%2C300 1.5x, https:\/\/i0.wp.com\/noticiasribeiraopreto.com.br\/wp-content\/uploads\/2025\/05\/amin-calil_2025-05-01_15-19-08.webp.webp?fit=1200%2C684&ssl=1&resize=700%2C400 2x, https:\/\/i0.wp.com\/noticiasribeiraopreto.com.br\/wp-content\/uploads\/2025\/05\/amin-calil_2025-05-01_15-19-08.webp.webp?fit=1200%2C684&ssl=1&resize=1050%2C600 3x"},"classes":[]},{"id":69980,"url":"https:\/\/noticiasribeiraopreto.com.br\/index.php\/2025\/05\/21\/marcha-da-maconha-provoca-polemica-e-acirra-animos-em-rp\/","url_meta":{"origin":70545,"position":1},"title":"\u201cMarcha\u201d da maconha provoca pol\u00eamica e acirra \u00e2nimos em RP","author":"noticiasribeiraopreto.com.br","date":"21 de May de 2025","format":false,"excerpt":"21 de maio de 2025 16:0921 de maio de 2025 16:2013 Compartilhar0 O presidente da C\u00e2mara Municipal de Ribeir\u00e3o Preto, Isaac Antunes (PL), publicou em suas redes sociais v\u00eddeos contra a Marcha da Maconha que ser\u00e1 realizada em Ribeir\u00e3o Preto no dia 24 de maio, com in\u00edcio \u00e0s 14:20 horas\u2026","rel":"","context":"In &quot;Not\u00edcias de Ribeir\u00e3o Preto-SP e Regi\u00e3o&quot;","block_context":{"text":"Not\u00edcias de Ribeir\u00e3o Preto-SP e Regi\u00e3o","link":"https:\/\/noticiasribeiraopreto.com.br\/index.php\/category\/noticias-de-ribeirao-preto-sp-e-regiao-ismael-colosi\/"},"img":{"alt_text":"","src":"https:\/\/i0.wp.com\/noticiasribeiraopreto.com.br\/wp-content\/uploads\/2025\/05\/Maconha-Pixabay-scaled.jpg?fit=750%2C500&ssl=1&resize=350%2C200","width":350,"height":200,"srcset":"https:\/\/i0.wp.com\/noticiasribeiraopreto.com.br\/wp-content\/uploads\/2025\/05\/Maconha-Pixabay-scaled.jpg?fit=750%2C500&ssl=1&resize=350%2C200 1x, https:\/\/i0.wp.com\/noticiasribeiraopreto.com.br\/wp-content\/uploads\/2025\/05\/Maconha-Pixabay-scaled.jpg?fit=750%2C500&ssl=1&resize=525%2C300 1.5x, https:\/\/i0.wp.com\/noticiasribeiraopreto.com.br\/wp-content\/uploads\/2025\/05\/Maconha-Pixabay-scaled.jpg?fit=750%2C500&ssl=1&resize=700%2C400 2x"},"classes":[]},{"id":68893,"url":"https:\/\/noticiasribeiraopreto.com.br\/index.php\/2025\/04\/30\/veja-como-fica-o-tempo-na-vespera-e-no-feriado-de-1-de-maio-em-ribeirao-preto\/","url_meta":{"origin":70545,"position":2},"title":"Veja como fica o tempo na v\u00e9spera e no feriado de 1\u00b0 de maio em Ribeir\u00e3o Preto","author":"noticiasribeiraopreto.com.br","date":"30 de April de 2025","format":false,"excerpt":"As manh\u00e3s seguem mais frias e as tardes t\u00eam aquecimento gradual com a presen\u00e7a do sol nos pr\u00f3ximos dias, segundo a Climatempo. Confira a previs\u00e3o: A quarta-feira (30) tem predom\u00ednio de sol em Ribeir\u00e3o Preto, com algumas nuvens altas. N\u00e3o h\u00e1 previs\u00e3o de chuva e a m\u00e1xima pode atingir os\u2026","rel":"","context":"In &quot;Not\u00edcias de Ribeir\u00e3o Preto-SP e Regi\u00e3o&quot;","block_context":{"text":"Not\u00edcias de Ribeir\u00e3o Preto-SP e Regi\u00e3o","link":"https:\/\/noticiasribeiraopreto.com.br\/index.php\/category\/noticias-de-ribeirao-preto-sp-e-regiao-ismael-colosi\/"},"img":{"alt_text":"","src":"https:\/\/i0.wp.com\/noticiasribeiraopreto.com.br\/wp-content\/uploads\/2025\/04\/RIBEIRAO_2025-04-30_10-58-49.webp.webp?fit=1200%2C736&ssl=1&resize=350%2C200","width":350,"height":200,"srcset":"https:\/\/i0.wp.com\/noticiasribeiraopreto.com.br\/wp-content\/uploads\/2025\/04\/RIBEIRAO_2025-04-30_10-58-49.webp.webp?fit=1200%2C736&ssl=1&resize=350%2C200 1x, https:\/\/i0.wp.com\/noticiasribeiraopreto.com.br\/wp-content\/uploads\/2025\/04\/RIBEIRAO_2025-04-30_10-58-49.webp.webp?fit=1200%2C736&ssl=1&resize=525%2C300 1.5x, https:\/\/i0.wp.com\/noticiasribeiraopreto.com.br\/wp-content\/uploads\/2025\/04\/RIBEIRAO_2025-04-30_10-58-49.webp.webp?fit=1200%2C736&ssl=1&resize=700%2C400 2x, https:\/\/i0.wp.com\/noticiasribeiraopreto.com.br\/wp-content\/uploads\/2025\/04\/RIBEIRAO_2025-04-30_10-58-49.webp.webp?fit=1200%2C736&ssl=1&resize=1050%2C600 3x"},"classes":[]},{"id":69828,"url":"https:\/\/noticiasribeiraopreto.com.br\/index.php\/2025\/05\/09\/quermesse-de-santa-rita-comeca-nesta-sexta-em-paroquia-de-ribeirao-preto\/","url_meta":{"origin":70545,"position":3},"title":"Quermesse de Santa Rita come\u00e7a nesta sexta em par\u00f3quia de Ribeir\u00e3o Preto","author":"noticiasribeiraopreto.com.br","date":"9 de May de 2025","format":false,"excerpt":"A Par\u00f3quia Santa Rita de C\u00e1ssia d\u00e1 in\u00edcio a uma festa em louvor \u00e0 padroeira neste fim de semana, no Jardim Independ\u00eancia, zona Norte de Ribeir\u00e3o Preto. A quermesse acontecer\u00e1 nos dias 9, 10, 11, 16, 17, 18, 21, 22, 23, 24 e 25 de maio, a partir das 19h,\u2026","rel":"","context":"In &quot;Not\u00edcias de Ribeir\u00e3o Preto-SP e Regi\u00e3o&quot;","block_context":{"text":"Not\u00edcias de Ribeir\u00e3o Preto-SP e Regi\u00e3o","link":"https:\/\/noticiasribeiraopreto.com.br\/index.php\/category\/noticias-de-ribeirao-preto-sp-e-regiao-ismael-colosi\/"},"img":{"alt_text":"","src":"https:\/\/i0.wp.com\/noticiasribeiraopreto.com.br\/wp-content\/uploads\/2024\/06\/post_thumbnail-1f63411e2262f51983f7f45de9cc2a4f_2024-06-11_13-22-17_jpeg_2024-06-11_13-22-19.webp.webp?fit=1200%2C800&ssl=1&resize=350%2C200","width":350,"height":200,"srcset":"https:\/\/i0.wp.com\/noticiasribeiraopreto.com.br\/wp-content\/uploads\/2024\/06\/post_thumbnail-1f63411e2262f51983f7f45de9cc2a4f_2024-06-11_13-22-17_jpeg_2024-06-11_13-22-19.webp.webp?fit=1200%2C800&ssl=1&resize=350%2C200 1x, https:\/\/i0.wp.com\/noticiasribeiraopreto.com.br\/wp-content\/uploads\/2024\/06\/post_thumbnail-1f63411e2262f51983f7f45de9cc2a4f_2024-06-11_13-22-17_jpeg_2024-06-11_13-22-19.webp.webp?fit=1200%2C800&ssl=1&resize=525%2C300 1.5x, https:\/\/i0.wp.com\/noticiasribeiraopreto.com.br\/wp-content\/uploads\/2024\/06\/post_thumbnail-1f63411e2262f51983f7f45de9cc2a4f_2024-06-11_13-22-17_jpeg_2024-06-11_13-22-19.webp.webp?fit=1200%2C800&ssl=1&resize=700%2C400 2x, https:\/\/i0.wp.com\/noticiasribeiraopreto.com.br\/wp-content\/uploads\/2024\/06\/post_thumbnail-1f63411e2262f51983f7f45de9cc2a4f_2024-06-11_13-22-17_jpeg_2024-06-11_13-22-19.webp.webp?fit=1200%2C800&ssl=1&resize=1050%2C600 3x"},"classes":[]},{"id":67551,"url":"https:\/\/noticiasribeiraopreto.com.br\/index.php\/2025\/04\/15\/hc-rp-reabre-inscricoes-para-concurso-publico-veja-como-participar\/","url_meta":{"origin":70545,"position":4},"title":"HC-RP reabre inscri\u00e7\u00f5es para concurso p\u00fablico; Veja como participar","author":"noticiasribeiraopreto.com.br","date":"15 de April de 2025","format":false,"excerpt":"O Hospital das Cl\u00ednicas de Ribeir\u00e3o Preto (HC-RP) reabriu o concurso p\u00fablico para o cargo de fonoaudi\u00f3logo, conforme edital publicado nesta ter\u00e7a-feira (15). A vaga oferece sal\u00e1rio de R$ 2.744,00, al\u00e9m de aux\u00edlio-alimenta\u00e7\u00e3o e adicional de insalubridade, de acordo com laudo t\u00e9cnico do servi\u00e7o de medicina e engenharia do trabalho.\u2026","rel":"","context":"In &quot;Not\u00edcias de Ribeir\u00e3o Preto-SP e Regi\u00e3o&quot;","block_context":{"text":"Not\u00edcias de Ribeir\u00e3o Preto-SP e Regi\u00e3o","link":"https:\/\/noticiasribeiraopreto.com.br\/index.php\/category\/noticias-de-ribeirao-preto-sp-e-regiao-ismael-colosi\/"},"img":{"alt_text":"","src":"https:\/\/i0.wp.com\/noticiasribeiraopreto.com.br\/wp-content\/uploads\/2025\/01\/Copia-de-Copia-de-TAMANHO-EXATO-PARA-FOTOS-NO-SISTEMA-NOVO_2024-07-10_14-29-47_jpg_2024-07-10_14-29-47.webp.webp?fit=1200%2C675&ssl=1&resize=350%2C200","width":350,"height":200,"srcset":"https:\/\/i0.wp.com\/noticiasribeiraopreto.com.br\/wp-content\/uploads\/2025\/01\/Copia-de-Copia-de-TAMANHO-EXATO-PARA-FOTOS-NO-SISTEMA-NOVO_2024-07-10_14-29-47_jpg_2024-07-10_14-29-47.webp.webp?fit=1200%2C675&ssl=1&resize=350%2C200 1x, https:\/\/i0.wp.com\/noticiasribeiraopreto.com.br\/wp-content\/uploads\/2025\/01\/Copia-de-Copia-de-TAMANHO-EXATO-PARA-FOTOS-NO-SISTEMA-NOVO_2024-07-10_14-29-47_jpg_2024-07-10_14-29-47.webp.webp?fit=1200%2C675&ssl=1&resize=525%2C300 1.5x, https:\/\/i0.wp.com\/noticiasribeiraopreto.com.br\/wp-content\/uploads\/2025\/01\/Copia-de-Copia-de-TAMANHO-EXATO-PARA-FOTOS-NO-SISTEMA-NOVO_2024-07-10_14-29-47_jpg_2024-07-10_14-29-47.webp.webp?fit=1200%2C675&ssl=1&resize=700%2C400 2x, https:\/\/i0.wp.com\/noticiasribeiraopreto.com.br\/wp-content\/uploads\/2025\/01\/Copia-de-Copia-de-TAMANHO-EXATO-PARA-FOTOS-NO-SISTEMA-NOVO_2024-07-10_14-29-47_jpg_2024-07-10_14-29-47.webp.webp?fit=1200%2C675&ssl=1&resize=1050%2C600 3x"},"classes":[]},{"id":71740,"url":"https:\/\/noticiasribeiraopreto.com.br\/index.php\/2025\/06\/09\/este-ano-ribeirao-ja-registrou-22-denuncias-de-trabalho-infantil\/","url_meta":{"origin":70545,"position":5},"title":"Este ano, Ribeir\u00e3o j\u00e1 registrou 22 den\u00fancias de Trabalho Infantil","author":"noticiasribeiraopreto.com.br","date":"9 de June de 2025","format":false,"excerpt":"9 de junho de 2025 18:234 Compartilhar0 Dados do Minist\u00e9rio P\u00fablico do Trabalho (MPT) na 15\u00aa Regi\u00e3o, divulgados nesta segunda-feira, 9 de junho, revelam que Ribeir\u00e3o Preto j\u00e1 registrou, este ano \u2013 janeiro a maio \u2013 22 den\u00fancias de trabalho infantil. As den\u00fancias, tamb\u00e9m conhecidas como \u201cnot\u00edcias de fato\u201d (NF),\u2026","rel":"","context":"In &quot;Not\u00edcias de Ribeir\u00e3o Preto-SP e Regi\u00e3o&quot;","block_context":{"text":"Not\u00edcias de Ribeir\u00e3o Preto-SP e Regi\u00e3o","link":"https:\/\/noticiasribeiraopreto.com.br\/index.php\/category\/noticias-de-ribeirao-preto-sp-e-regiao-ismael-colosi\/"},"img":{"alt_text":"","src":"https:\/\/i0.wp.com\/noticiasribeiraopreto.com.br\/wp-content\/uploads\/2025\/06\/trabalho-escravo-arquivo-scaled-1-scaled.jpg?fit=750%2C500&ssl=1&resize=350%2C200","width":350,"height":200,"srcset":"https:\/\/i0.wp.com\/noticiasribeiraopreto.com.br\/wp-content\/uploads\/2025\/06\/trabalho-escravo-arquivo-scaled-1-scaled.jpg?fit=750%2C500&ssl=1&resize=350%2C200 1x, https:\/\/i0.wp.com\/noticiasribeiraopreto.com.br\/wp-content\/uploads\/2025\/06\/trabalho-escravo-arquivo-scaled-1-scaled.jpg?fit=750%2C500&ssl=1&resize=525%2C300 1.5x, https:\/\/i0.wp.com\/noticiasribeiraopreto.com.br\/wp-content\/uploads\/2025\/06\/trabalho-escravo-arquivo-scaled-1-scaled.jpg?fit=750%2C500&ssl=1&resize=700%2C400 2x"},"classes":[]}],"jetpack_sharing_enabled":true,"jetpack_shortlink":"https:\/\/wp.me\/peQAOb-ilP","_links":{"self":[{"href":"https:\/\/noticiasribeiraopreto.com.br\/index.php\/wp-json\/wp\/v2\/posts\/70545","targetHints":{"allow":["GET"]}}],"collection":[{"href":"https:\/\/noticiasribeiraopreto.com.br\/index.php\/wp-json\/wp\/v2\/posts"}],"about":[{"href":"https:\/\/noticiasribeiraopreto.com.br\/index.php\/wp-json\/wp\/v2\/types\/post"}],"author":[{"embeddable":true,"href":"https:\/\/noticiasribeiraopreto.com.br\/index.php\/wp-json\/wp\/v2\/users\/1"}],"replies":[{"embeddable":true,"href":"https:\/\/noticiasribeiraopreto.com.br\/index.php\/wp-json\/wp\/v2\/comments?post=70545"}],"version-history":[{"count":0,"href":"https:\/\/noticiasribeiraopreto.com.br\/index.php\/wp-json\/wp\/v2\/posts\/70545\/revisions"}],"wp:featuredmedia":[{"embeddable":true,"href":"https:\/\/noticiasribeiraopreto.com.br\/index.php\/wp-json\/wp\/v2\/media\/70546"}],"wp:attachment":[{"href":"https:\/\/noticiasribeiraopreto.com.br\/index.php\/wp-json\/wp\/v2\/media?parent=70545"}],"wp:term":[{"taxonomy":"category","embeddable":true,"href":"https:\/\/noticiasribeiraopreto.com.br\/index.php\/wp-json\/wp\/v2\/categories?post=70545"},{"taxonomy":"post_tag","embeddable":true,"href":"https:\/\/noticiasribeiraopreto.com.br\/index.php\/wp-json\/wp\/v2\/tags?post=70545"}],"curies":[{"name":"wp","href":"https:\/\/api.w.org\/{rel}","templated":true}]}}