{"id":70547,"date":"2025-05-27T17:35:41","date_gmt":"2025-05-27T20:35:41","guid":{"rendered":"https:\/\/noticiasribeiraopreto.com.br\/index.php\/2025\/05\/27\/campeao-do-comida-di-buteco-em-ribeirao-preto-sera-revelado-nesta-quarta-feira\/"},"modified":"2025-05-27T17:35:41","modified_gmt":"2025-05-27T20:35:41","slug":"campeao-do-comida-di-buteco-em-ribeirao-preto-sera-revelado-nesta-quarta-feira","status":"publish","type":"post","link":"https:\/\/noticiasribeiraopreto.com.br\/index.php\/2025\/05\/27\/campeao-do-comida-di-buteco-em-ribeirao-preto-sera-revelado-nesta-quarta-feira\/","title":{"rendered":"Campe\u00e3o do Comida di Buteco em Ribeir\u00e3o Preto ser\u00e1 revelado nesta quarta-feira"},"content":{"rendered":"<p> <br \/>\n<\/p>\n<div data-td-block-uid=\"tdi_95\">\n<div class=\"tdb-block-inner td-fix-index\">\n<p>O campe\u00e3o do <strong>Comida di Buteco 2025 <\/strong>em <strong>Ribeir\u00e3o Preto<\/strong> ser\u00e1 revelado nesta quarta-feira (28). A 15\u00aa edi\u00e7\u00e3o do concurso durou 24 dias, de 11 de abril a 4 de maio, com 27 participantes.<\/p>\n<p>A cerim\u00f4nia de premia\u00e7\u00e3o do melhor bar do circuito vai acontecer em evento fechado para os donos dos estabelecimentos participantes, imprensa e convidados.<\/p>\n<p>O concurso elege o melhor bar por meio da vota\u00e7\u00e3o do p\u00fablico e de um corpo de jurados, que avaliam quatro categorias: petisco, temperatura da bebida, atendimento e higiene do bar.<\/p>\n<p><mark style=\"background-color:#fcb900\" class=\"has-inline-color has-black-color\">O estabelecimento que conquistar o t\u00edtulo de melhor buteco vai para a etapa nacional do concurso, onde enfrentar\u00e1 os ganhadores dos outros circuitos espalhados pelo Pa\u00eds<\/mark>.<\/p>\n<h2 class=\"wp-block-heading\"><strong>Como funciona a escolha?<\/strong><\/h2>\n<p>O p\u00fablico visitou os bares participantes, provou o petisco do concurso e, por meio da c\u00e9dula de vota\u00e7\u00e3o, avaliou e deu notas nos quesitos: atendimento, higiene, temperatura da bebida e petisco.<\/p>\n<p>De maneira paralela, um corpo de jurados especializados fez as mesmas avalia\u00e7\u00f5es. O petisco leva 70% do peso da nota, e as demais categorias, 10% cada uma. O voto do p\u00fablico vale 50% do peso total e o dos jurados, os outros 50%.<\/p>\n<p>SAIBA MAIS<br \/>Veja o mapa da primeira onda de frio do ano; Saiba quando ser\u00e1 o pico<\/p>\n<h3 class=\"wp-block-heading\"><strong>FIQUE ON<\/strong><\/h3>\n<p>Fique ligado em tudo que acontece em Ribeir\u00e3o Preto e regi\u00e3o. Siga os perfis do\u00a0<strong>acidade on\u00a0<\/strong>no\u00a0<a href=\"https:\/\/www.instagram.com\/acidadeonribeirao\" target=\"_blank\" rel=\"noreferrer noopener\">Instagram<\/a>\u00a0e no\u00a0<a href=\"https:\/\/www.facebook.com\/acidadeonribeirao\" target=\"_blank\" rel=\"noreferrer noopener\">Facebook<\/a>.<\/p>\n<p>Receba not\u00edcias do<strong>\u00a0acidade on<\/strong>\u00a0no WhatsApp. Para entrar no grupo, basta\u00a0<a href=\"https:\/\/chat.whatsapp.com\/BjKQZ9oJwlz8VVT50NuePq\" target=\"_blank\" rel=\"noreferrer noopener\">clicar aqui<\/a>.<\/p>\n<p>Fa\u00e7a uma den\u00fancia ou sugira uma reportagem sobre Ribeir\u00e3o Preto e regi\u00e3o pelo WhatsApp: 16 99117 7802.<\/p>\n<p>VEJA TAMB\u00c9M<\/p>\n<p>Azeite: mais duas marcas s\u00e3o proibidas; saiba quais s\u00e3o<\/p>\n<p><!-- CONTENT END 1 -->\n<\/div>\n<\/div>\n<p><script async src=\"\/\/www.instagram.com\/embed.js\"><\/script><br \/>\n<br \/><br \/>\n<br \/><a href=\"https:\/\/www.acidadeon.com\/ribeiraopreto\/lazer-e-cultura\/giro-lazer-e-cultura\/campeao-do-comida-di-buteco-em-ribeirao-preto-sera-revelado-nesta-quarta-feira\/\">Source link <\/a><\/p>\n","protected":false},"excerpt":{"rendered":"<p>O campe\u00e3o do Comida di Buteco 2025 em Ribeir\u00e3o Preto ser\u00e1 revelado nesta quarta-feira (28). A 15\u00aa edi\u00e7\u00e3o do concurso durou 24 dias, de 11&#8230;<\/p>\n","protected":false},"author":1,"featured_media":66378,"comment_status":"open","ping_status":"open","sticky":false,"template":"","format":"standard","meta":{"advanced_seo_description":"","jetpack_seo_html_title":"","jetpack_seo_noindex":false,"jetpack_post_was_ever_published":false,"_jetpack_newsletter_access":"","_jetpack_dont_email_post_to_subs":false,"_jetpack_newsletter_tier_id":0,"_jetpack_memberships_contains_paywalled_content":false,"_jetpack_memberships_contains_paid_content":false,"footnotes":"","jetpack_publicize_message":"","jetpack_publicize_feature_enabled":true,"jetpack_social_post_already_shared":true,"jetpack_social_options":{"image_generator_settings":{"template":"highway","default_image_id":0,"font":"","enabled":false},"version":2}},"categories":[11],"tags":[],"class_list":["post-70547","post","type-post","status-publish","format-standard","has-post-thumbnail","hentry","category-noticias-de-ribeirao-preto-sp-e-regiao-ismael-colosi"],"jetpack_publicize_connections":[],"jetpack_featured_media_url":"https:\/\/i0.wp.com\/noticiasribeiraopreto.com.br\/wp-content\/uploads\/2025\/03\/Copia-de-Copia-de-Copia-de-TAMANHO-EXATO-PARA-FOTOS-NO-SISTEMA-NOVO-38_2025-03-31_14-51-05_jpg_2025-03-31_14-51-05.webp.webp?fit=1200%2C675&ssl=1","jetpack-related-posts":[{"id":40835,"url":"https:\/\/noticiasribeiraopreto.com.br\/index.php\/2024\/03\/05\/comida-di-buteco-acontece-em-abril\/","url_meta":{"origin":70547,"position":0},"title":"\u2018Comida di Buteco\u2019 acontece em abril \u00a0","author":"noticiasribeiraopreto.com.br","date":"5 de March de 2024","format":false,"excerpt":"5 de mar\u00e7o de 2024 | 18:005 de mar\u00e7o de 2024 | 10:27 0Ribeir\u00e3o Preto-SP recebe, entre os dias 5 e 28 de abril, a 24\u00aa edi\u00e7\u00e3o do Comida di Buteco. Com o lema \u201cSomos Todos Buteco\u201d, o concurso quer trazer o boteco como protagonista da sociedade brasileira, valorizando a\u2026","rel":"","context":"In &quot;Not\u00edcias de Ribeir\u00e3o Preto-SP e Regi\u00e3o&quot;","block_context":{"text":"Not\u00edcias de Ribeir\u00e3o Preto-SP e Regi\u00e3o","link":"https:\/\/noticiasribeiraopreto.com.br\/index.php\/category\/noticias-de-ribeirao-preto-sp-e-regiao-ismael-colosi\/"},"img":{"alt_text":"","src":"https:\/\/i0.wp.com\/noticiasribeiraopreto.com.br\/wp-content\/uploads\/2024\/03\/Buteco-Detalhe-Renata-Prado-Fuligem-scaled.jpg?fit=967%2C645&ssl=1&resize=350%2C200","width":350,"height":200,"srcset":"https:\/\/i0.wp.com\/noticiasribeiraopreto.com.br\/wp-content\/uploads\/2024\/03\/Buteco-Detalhe-Renata-Prado-Fuligem-scaled.jpg?fit=967%2C645&ssl=1&resize=350%2C200 1x, https:\/\/i0.wp.com\/noticiasribeiraopreto.com.br\/wp-content\/uploads\/2024\/03\/Buteco-Detalhe-Renata-Prado-Fuligem-scaled.jpg?fit=967%2C645&ssl=1&resize=525%2C300 1.5x, https:\/\/i0.wp.com\/noticiasribeiraopreto.com.br\/wp-content\/uploads\/2024\/03\/Buteco-Detalhe-Renata-Prado-Fuligem-scaled.jpg?fit=967%2C645&ssl=1&resize=700%2C400 2x"},"classes":[]},{"id":46357,"url":"https:\/\/noticiasribeiraopreto.com.br\/index.php\/2024\/04\/11\/como-surgiu-o-concurso-comida-di-buteco\/","url_meta":{"origin":70547,"position":1},"title":"Como surgiu o concurso Comida di Buteco?","author":"noticiasribeiraopreto.com.br","date":"11 de April de 2024","format":false,"excerpt":"Mais que um concurso, uma chave de impacto socioecon\u00f4mico. O Comida di Buteco nasceu no ano 2000, na cidade de Belo Horizonte, na extinta R\u00e1dio Geraes FM, com objetivo de resgatar butecos familiares e a cozinha raiz. \u00c9 um concurso e n\u00e3o um festival! Com voto popular e de jurados\u2026","rel":"","context":"In &quot;Not\u00edcias de Ribeir\u00e3o Preto-SP e Regi\u00e3o&quot;","block_context":{"text":"Not\u00edcias de Ribeir\u00e3o Preto-SP e Regi\u00e3o","link":"https:\/\/noticiasribeiraopreto.com.br\/index.php\/category\/noticias-de-ribeirao-preto-sp-e-regiao-ismael-colosi\/"},"img":{"alt_text":"","src":"https:\/\/i0.wp.com\/noticiasribeiraopreto.com.br\/wp-content\/uploads\/2024\/04\/comida-di-buteco.jpg?fit=570%2C300&ssl=1&resize=350%2C200","width":350,"height":200,"srcset":"https:\/\/i0.wp.com\/noticiasribeiraopreto.com.br\/wp-content\/uploads\/2024\/04\/comida-di-buteco.jpg?fit=570%2C300&ssl=1&resize=350%2C200 1x, https:\/\/i0.wp.com\/noticiasribeiraopreto.com.br\/wp-content\/uploads\/2024\/04\/comida-di-buteco.jpg?fit=570%2C300&ssl=1&resize=525%2C300 1.5x"},"classes":[]},{"id":44441,"url":"https:\/\/noticiasribeiraopreto.com.br\/index.php\/2024\/03\/27\/confira-os-bares-participantes-do-comida-di-buteco-em-ribeirao-preto\/","url_meta":{"origin":70547,"position":2},"title":"Confira os bares participantes do \u2018Comida di Buteco\u2019 em Ribeir\u00e3o Preto","author":"noticiasribeiraopreto.com.br","date":"27 de March de 2024","format":false,"excerpt":"A 24\u00aa edi\u00e7\u00e3o do Comida di Buteco em Ribeir\u00e3o Preto acontece de 5 a 28 de abril. Este ano, com o lema \u201cSomos Todos Buteco\u201d, o concurso que re\u00fane 27 estabelecimentos de regi\u00f5es diversas vai eleger o melhor bar da cidade. Ap\u00f3s essa primeira etapa do concurso, o vencedor vai\u2026","rel":"","context":"In &quot;Not\u00edcias de Ribeir\u00e3o Preto-SP e Regi\u00e3o&quot;","block_context":{"text":"Not\u00edcias de Ribeir\u00e3o Preto-SP e Regi\u00e3o","link":"https:\/\/noticiasribeiraopreto.com.br\/index.php\/category\/noticias-de-ribeirao-preto-sp-e-regiao-ismael-colosi\/"},"img":{"alt_text":"","src":"https:\/\/i0.wp.com\/noticiasribeiraopreto.com.br\/wp-content\/uploads\/2024\/03\/bar-do-jefferson-bolinguica-ribeirao-preto2022-renata-prado.webp.webp?fit=984%2C656&ssl=1&resize=350%2C200","width":350,"height":200,"srcset":"https:\/\/i0.wp.com\/noticiasribeiraopreto.com.br\/wp-content\/uploads\/2024\/03\/bar-do-jefferson-bolinguica-ribeirao-preto2022-renata-prado.webp.webp?fit=984%2C656&ssl=1&resize=350%2C200 1x, https:\/\/i0.wp.com\/noticiasribeiraopreto.com.br\/wp-content\/uploads\/2024\/03\/bar-do-jefferson-bolinguica-ribeirao-preto2022-renata-prado.webp.webp?fit=984%2C656&ssl=1&resize=525%2C300 1.5x, https:\/\/i0.wp.com\/noticiasribeiraopreto.com.br\/wp-content\/uploads\/2024\/03\/bar-do-jefferson-bolinguica-ribeirao-preto2022-renata-prado.webp.webp?fit=984%2C656&ssl=1&resize=700%2C400 2x"},"classes":[]},{"id":84505,"url":"https:\/\/noticiasribeiraopreto.com.br\/index.php\/2026\/04\/10\/comida-di-buteco-comeca-em-ribeirao-preto-com-32-bares-e-tema-verduras\/","url_meta":{"origin":70547,"position":3},"title":"Comida di Buteco come\u00e7a em Ribeir\u00e3o Preto com 32 bares e tema &#8216;Verduras&#8217;","author":"noticiasribeiraopreto.com.br","date":"10 de April de 2026","format":false,"excerpt":"Ler o resumo da not\u00edcia \r Comida di Buteco 2026 come\u00e7a nesta sexta-feira (10) em Ribeir\u00e3o Preto com 32 bares participantes.\r O tema do ano \u00e9 \"Verduras\", orientando a cria\u00e7\u00e3o de petiscos com folhas, talos e flores comest\u00edveis.\r O evento segue at\u00e9 3 de maio e faz parte de um\u2026","rel":"","context":"In &quot;Not\u00edcias de Ribeir\u00e3o Preto-SP e Regi\u00e3o&quot;","block_context":{"text":"Not\u00edcias de Ribeir\u00e3o Preto-SP e Regi\u00e3o","link":"https:\/\/noticiasribeiraopreto.com.br\/index.php\/category\/noticias-de-ribeirao-preto-sp-e-regiao-ismael-colosi\/"},"img":{"alt_text":"","src":"https:\/\/i0.wp.com\/noticiasribeiraopreto.com.br\/wp-content\/uploads\/2026\/04\/palace-61_2026-03-10_22-35-25.webp.webp?fit=1200%2C675&ssl=1&resize=350%2C200","width":350,"height":200,"srcset":"https:\/\/i0.wp.com\/noticiasribeiraopreto.com.br\/wp-content\/uploads\/2026\/04\/palace-61_2026-03-10_22-35-25.webp.webp?fit=1200%2C675&ssl=1&resize=350%2C200 1x, https:\/\/i0.wp.com\/noticiasribeiraopreto.com.br\/wp-content\/uploads\/2026\/04\/palace-61_2026-03-10_22-35-25.webp.webp?fit=1200%2C675&ssl=1&resize=525%2C300 1.5x, https:\/\/i0.wp.com\/noticiasribeiraopreto.com.br\/wp-content\/uploads\/2026\/04\/palace-61_2026-03-10_22-35-25.webp.webp?fit=1200%2C675&ssl=1&resize=700%2C400 2x, https:\/\/i0.wp.com\/noticiasribeiraopreto.com.br\/wp-content\/uploads\/2026\/04\/palace-61_2026-03-10_22-35-25.webp.webp?fit=1200%2C675&ssl=1&resize=1050%2C600 3x"},"classes":[]},{"id":70677,"url":"https:\/\/noticiasribeiraopreto.com.br\/index.php\/2025\/05\/28\/conheca-o-bar-campeao-do-comida-di-buteco-2025-em-ribeirao-preto\/","url_meta":{"origin":70547,"position":4},"title":"Conhe\u00e7a o bar campe\u00e3o do Comida di Buteco 2025 em Ribeir\u00e3o Preto","author":"noticiasribeiraopreto.com.br","date":"28 de May de 2025","format":false,"excerpt":"O Emp\u00f3rio Paulistano venceu o Comida di Buteco 2025 em Ribeir\u00e3o Preto. O resultado foi divulgado na noite desta quarta-feira (28). O petisco apresentado pelo vencedor foi um bolinho de carne su\u00edna recheado com bacon, acompanhado de molho de geleia de pimenta. O bar fica localizado na rua Ces\u00e1rio Motta,\u2026","rel":"","context":"In &quot;Not\u00edcias de Ribeir\u00e3o Preto-SP e Regi\u00e3o&quot;","block_context":{"text":"Not\u00edcias de Ribeir\u00e3o Preto-SP e Regi\u00e3o","link":"https:\/\/noticiasribeiraopreto.com.br\/index.php\/category\/noticias-de-ribeirao-preto-sp-e-regiao-ismael-colosi\/"},"img":{"alt_text":"","src":"https:\/\/i0.wp.com\/noticiasribeiraopreto.com.br\/wp-content\/uploads\/2025\/05\/Copia-de-Copia-de-Copia-de-TAMANHO-EXATO-PARA-FOTOS-NO-SISTEMA-NOVO-2025-05-28T200108.821_2025-05-28_23-01-25.webp.webp?fit=1200%2C675&ssl=1&resize=350%2C200","width":350,"height":200,"srcset":"https:\/\/i0.wp.com\/noticiasribeiraopreto.com.br\/wp-content\/uploads\/2025\/05\/Copia-de-Copia-de-Copia-de-TAMANHO-EXATO-PARA-FOTOS-NO-SISTEMA-NOVO-2025-05-28T200108.821_2025-05-28_23-01-25.webp.webp?fit=1200%2C675&ssl=1&resize=350%2C200 1x, https:\/\/i0.wp.com\/noticiasribeiraopreto.com.br\/wp-content\/uploads\/2025\/05\/Copia-de-Copia-de-Copia-de-TAMANHO-EXATO-PARA-FOTOS-NO-SISTEMA-NOVO-2025-05-28T200108.821_2025-05-28_23-01-25.webp.webp?fit=1200%2C675&ssl=1&resize=525%2C300 1.5x, https:\/\/i0.wp.com\/noticiasribeiraopreto.com.br\/wp-content\/uploads\/2025\/05\/Copia-de-Copia-de-Copia-de-TAMANHO-EXATO-PARA-FOTOS-NO-SISTEMA-NOVO-2025-05-28T200108.821_2025-05-28_23-01-25.webp.webp?fit=1200%2C675&ssl=1&resize=700%2C400 2x, https:\/\/i0.wp.com\/noticiasribeiraopreto.com.br\/wp-content\/uploads\/2025\/05\/Copia-de-Copia-de-Copia-de-TAMANHO-EXATO-PARA-FOTOS-NO-SISTEMA-NOVO-2025-05-28T200108.821_2025-05-28_23-01-25.webp.webp?fit=1200%2C675&ssl=1&resize=1050%2C600 3x"},"classes":[]},{"id":46107,"url":"https:\/\/noticiasribeiraopreto.com.br\/index.php\/2024\/04\/09\/o-comida-di-buteco-2024-comecou-trazendo-o-slogan-somos-todos-buteco\/","url_meta":{"origin":70547,"position":5},"title":"O Comida di Buteco 2024 come\u00e7ou trazendo o slogan \u201cSomos todos Buteco\u201d.","author":"noticiasribeiraopreto.com.br","date":"9 de April de 2024","format":false,"excerpt":"De 5 de abril a 28 de maio, o primeiro e maior concurso de \u201cbutecos\u201d do Brasil convoca a grande e democr\u00e1tica comunidade botequeira a eleger o melhor buteco do pa\u00eds, com o lema: \u201cSOMOS TODOS BUTECO\u201d. Com esse slogan de campanha o Comida di Buteco 2024, que comemora 24\u2026","rel":"","context":"In &quot;Not\u00edcias de Ribeir\u00e3o Preto-SP e Regi\u00e3o&quot;","block_context":{"text":"Not\u00edcias de Ribeir\u00e3o Preto-SP e Regi\u00e3o","link":"https:\/\/noticiasribeiraopreto.com.br\/index.php\/category\/noticias-de-ribeirao-preto-sp-e-regiao-ismael-colosi\/"},"img":{"alt_text":"","src":"https:\/\/i0.wp.com\/noticiasribeiraopreto.com.br\/wp-content\/uploads\/2024\/04\/Screenshot_1-1.jpg?fit=771%2C474&ssl=1&resize=350%2C200","width":350,"height":200,"srcset":"https:\/\/i0.wp.com\/noticiasribeiraopreto.com.br\/wp-content\/uploads\/2024\/04\/Screenshot_1-1.jpg?fit=771%2C474&ssl=1&resize=350%2C200 1x, https:\/\/i0.wp.com\/noticiasribeiraopreto.com.br\/wp-content\/uploads\/2024\/04\/Screenshot_1-1.jpg?fit=771%2C474&ssl=1&resize=525%2C300 1.5x, https:\/\/i0.wp.com\/noticiasribeiraopreto.com.br\/wp-content\/uploads\/2024\/04\/Screenshot_1-1.jpg?fit=771%2C474&ssl=1&resize=700%2C400 2x"},"classes":[]}],"jetpack_sharing_enabled":true,"jetpack_shortlink":"https:\/\/wp.me\/peQAOb-ilR","_links":{"self":[{"href":"https:\/\/noticiasribeiraopreto.com.br\/index.php\/wp-json\/wp\/v2\/posts\/70547","targetHints":{"allow":["GET"]}}],"collection":[{"href":"https:\/\/noticiasribeiraopreto.com.br\/index.php\/wp-json\/wp\/v2\/posts"}],"about":[{"href":"https:\/\/noticiasribeiraopreto.com.br\/index.php\/wp-json\/wp\/v2\/types\/post"}],"author":[{"embeddable":true,"href":"https:\/\/noticiasribeiraopreto.com.br\/index.php\/wp-json\/wp\/v2\/users\/1"}],"replies":[{"embeddable":true,"href":"https:\/\/noticiasribeiraopreto.com.br\/index.php\/wp-json\/wp\/v2\/comments?post=70547"}],"version-history":[{"count":0,"href":"https:\/\/noticiasribeiraopreto.com.br\/index.php\/wp-json\/wp\/v2\/posts\/70547\/revisions"}],"wp:featuredmedia":[{"embeddable":true,"href":"https:\/\/noticiasribeiraopreto.com.br\/index.php\/wp-json\/wp\/v2\/media\/66378"}],"wp:attachment":[{"href":"https:\/\/noticiasribeiraopreto.com.br\/index.php\/wp-json\/wp\/v2\/media?parent=70547"}],"wp:term":[{"taxonomy":"category","embeddable":true,"href":"https:\/\/noticiasribeiraopreto.com.br\/index.php\/wp-json\/wp\/v2\/categories?post=70547"},{"taxonomy":"post_tag","embeddable":true,"href":"https:\/\/noticiasribeiraopreto.com.br\/index.php\/wp-json\/wp\/v2\/tags?post=70547"}],"curies":[{"name":"wp","href":"https:\/\/api.w.org\/{rel}","templated":true}]}}