{"id":70551,"date":"2025-05-27T17:46:03","date_gmt":"2025-05-27T20:46:03","guid":{"rendered":"https:\/\/noticiasribeiraopreto.com.br\/index.php\/2025\/05\/27\/gosta-de-camisas-de-futebol-ribeirao-preto-vai-ter-1o-encontro-para-colecionadores\/"},"modified":"2025-05-27T17:46:03","modified_gmt":"2025-05-27T20:46:03","slug":"gosta-de-camisas-de-futebol-ribeirao-preto-vai-ter-1o-encontro-para-colecionadores","status":"publish","type":"post","link":"https:\/\/noticiasribeiraopreto.com.br\/index.php\/2025\/05\/27\/gosta-de-camisas-de-futebol-ribeirao-preto-vai-ter-1o-encontro-para-colecionadores\/","title":{"rendered":"Gosta de camisas de futebol? Ribeir\u00e3o Preto vai ter 1\u00ba encontro para colecionadores"},"content":{"rendered":"<p> <br \/>\n<\/p>\n<div data-td-block-uid=\"tdi_95\">\n<div class=\"tdb-block-inner td-fix-index\">\n<p>No dia 21 de junho,<strong> Ribeir\u00e3o Preto recebe o 1\u00ba Encontro de Colecionadores de Camisas de Futebol,<\/strong> no Emp\u00f3rio Bras\u00edlia, na regi\u00e3o central da cidade. Com <strong>entrada gratuita,<\/strong> o evento \u00e9 uma iniciativa de <strong>Brunno Malzoni<\/strong>, dono de uma loja online especializada em camisas de futebol, antigas e atuais.<\/p>\n<p>Segundo Brunno, a ideia surgiu no ano passado, com a <strong>inten\u00e7\u00e3o de criar um espa\u00e7o para colecionadores da regi\u00e3o<\/strong>. Ele observou que a maioria dos encontros desse tipo acontece em S\u00e3o Paulo, o que dificulta a participa\u00e7\u00e3o de quem mora no interior.<\/p>\n<figure class=\"wp-block-pullquote\">\n<blockquote>\n<p>Depois que participei de um encontro no Pacaembu neste ano, resolvi organizar um aqui. Moro perto do Emp\u00f3rio Bras\u00edlia, que \u00e9 um local de f\u00e1cil acesso e comporta bem o formato que imaginei<\/p>\n<p><cite>afirma<\/cite><\/p><\/blockquote>\n<\/figure>\n<p>O evento ter\u00e1 a presen\u00e7a de <strong>quatro expositores<\/strong>, incluindo a loja de Brunno. H\u00e1 a expectativa de confirma\u00e7\u00e3o de mais um. <strong>Al\u00e9m disso, o evento vai contar com mesas onde os participantes poder\u00e3o levar camisas para troca, venda ou exibi\u00e7\u00e3o.<\/strong><\/p>\n<p>A proposta \u00e9 reunir pessoas interessadas em <strong>colecionar<\/strong>, <strong>negociar <\/strong>ou <strong>conversar sobre camisas de futebol<\/strong>. Brunno refor\u00e7a que todos os tipos de colecionadores s\u00e3o bem-vindos, mesmo aqueles com poucas pe\u00e7as ou que est\u00e3o come\u00e7ando.<\/p>\n<figure class=\"wp-block-pullquote\">\n<blockquote>\n<p>Estamos incentivando as pessoas a levarem camisas que n\u00e3o usam mais, que n\u00e3o servem ou que sa\u00edram do foco da cole\u00e7\u00e3o. O encontro tamb\u00e9m \u00e9 uma oportunidade para conversar e conhecer outros colecionadores<\/p>\n<p><cite>diz<\/cite><\/p><\/blockquote>\n<\/figure>\n<p>Segundo Brunno, a <strong>iniciativa foi bem recebida nas redes sociais <\/strong>e ele recebeu mensagens de pessoas que apoiaram a realiza\u00e7\u00e3o do evento na cidade.<\/p>\n<figure class=\"wp-block-pullquote\">\n<blockquote>\n<p>Muita gente comentou que faltavam eventos assim aqui. Ribeir\u00e3o tem um p\u00fablico ligado ao futebol e precisava de um encontro desse tipo<\/p>\n<p><cite>completa Brunno<\/cite><\/p><\/blockquote>\n<\/figure>\n<hr class=\"wp-block-separator has-alpha-channel-opacity\"\/>\n<p>SAIBA MAIS<br \/>Numanice em Ribeir\u00e3o Preto: saiba tudo sobre o show da Ludmilla<\/p>\n<h4 class=\"wp-block-heading\"><strong>FIQUE ON<\/strong><\/h4>\n<p>Fique ligado em tudo que acontece em Ribeir\u00e3o Preto e regi\u00e3o. Siga os perfis do <strong>acidade on <\/strong>no <a href=\"https:\/\/www.instagram.com\/acidadeonribeirao\" target=\"_blank\" rel=\"noreferrer noopener\">Instagram<\/a> e no <a href=\"https:\/\/www.facebook.com\/acidadeonribeirao\" target=\"_blank\" rel=\"noreferrer noopener\">Facebook<\/a>.<\/p>\n<p>Receba not\u00edcias do <strong>acidade on <\/strong>no WhatsApp. Para entrar no grupo, basta <a href=\"https:\/\/chat.whatsapp.com\/BjKQZ9oJwlz8VVT50NuePq\" target=\"_blank\" rel=\"noreferrer noopener\">clicar aqui<\/a>.<\/p>\n<p>Fa\u00e7a uma den\u00fancia ou sugira uma reportagem sobre Ribeir\u00e3o Preto e regi\u00e3o pelo WhatsApp: 16 99117 7802.<\/p>\n<p>VEJA TAMB\u00c9M<br \/>Onde assistir partida de Jo\u00e3o Fonseca em Roland Garros?<\/p>\n<p><!-- CONTENT END 1 -->\n<\/div>\n<\/div>\n<p><script async src=\"\/\/www.instagram.com\/embed.js\"><\/script><br \/>\n<br \/><br \/>\n<br \/><a href=\"https:\/\/www.acidadeon.com\/ribeiraopreto\/esportes\/gosta-de-camisas-de-futebol-ribeirao-preto-vai-ter-1o-encontro-para-colecionadores\/\">Source link <\/a><\/p>\n","protected":false},"excerpt":{"rendered":"<p>No dia 21 de junho, Ribeir\u00e3o Preto recebe o 1\u00ba Encontro de Colecionadores de Camisas de Futebol, no Emp\u00f3rio Bras\u00edlia, na regi\u00e3o central da cidade&#8230;.<\/p>\n","protected":false},"author":1,"featured_media":70552,"comment_status":"open","ping_status":"open","sticky":false,"template":"","format":"standard","meta":{"advanced_seo_description":"","jetpack_seo_html_title":"","jetpack_seo_noindex":false,"jetpack_post_was_ever_published":false,"_jetpack_newsletter_access":"","_jetpack_dont_email_post_to_subs":false,"_jetpack_newsletter_tier_id":0,"_jetpack_memberships_contains_paywalled_content":false,"_jetpack_memberships_contains_paid_content":false,"footnotes":"","jetpack_publicize_message":"","jetpack_publicize_feature_enabled":true,"jetpack_social_post_already_shared":true,"jetpack_social_options":{"image_generator_settings":{"template":"highway","default_image_id":0,"font":"","enabled":false},"version":2}},"categories":[11],"tags":[],"class_list":["post-70551","post","type-post","status-publish","format-standard","has-post-thumbnail","hentry","category-noticias-de-ribeirao-preto-sp-e-regiao-ismael-colosi"],"jetpack_publicize_connections":[],"jetpack_featured_media_url":"https:\/\/i0.wp.com\/noticiasribeiraopreto.com.br\/wp-content\/uploads\/2025\/05\/Copia-de-Copia-de-Copia-de-TAMANHO-EXATO-PARA-FOTOS-NO-SISTEMA-NOVO-2025-05-27T142030.604_2025-05-27_17-20-48.webp.webp?fit=1200%2C675&ssl=1","jetpack-related-posts":[{"id":72731,"url":"https:\/\/noticiasribeiraopreto.com.br\/index.php\/2025\/06\/20\/camisas-de-futebol-sao-tema-de-encontro-inedito-em-ribeirao-neste-fim-de-semana\/","url_meta":{"origin":70551,"position":0},"title":"Camisas de futebol s\u00e3o tema de encontro in\u00e9dito em Ribeir\u00e3o neste fim de semana","author":"noticiasribeiraopreto.com.br","date":"20 de June de 2025","format":false,"excerpt":"Ribeir\u00e3o Preto recebe neste s\u00e1bado (21) o 1\u00ba Encontro de Colecionadores de Camisas de Futebol. O evento ser\u00e1 realizado no Emp\u00f3rio Bras\u00edlia, na regi\u00e3o central da cidade, com entrada gratuita. A iniciativa \u00e9 de Brunno Malzoni, propriet\u00e1rio de uma loja virtual especializada em camisas de futebol, antigas e atuais. O\u2026","rel":"","context":"In &quot;Not\u00edcias de Ribeir\u00e3o Preto-SP e Regi\u00e3o&quot;","block_context":{"text":"Not\u00edcias de Ribeir\u00e3o Preto-SP e Regi\u00e3o","link":"https:\/\/noticiasribeiraopreto.com.br\/index.php\/category\/noticias-de-ribeirao-preto-sp-e-regiao-ismael-colosi\/"},"img":{"alt_text":"","src":"https:\/\/i0.wp.com\/noticiasribeiraopreto.com.br\/wp-content\/uploads\/2025\/06\/Copia-de-Copia-de-Copia-de-TAMANHO-EXATO-PARA-FOTOS-NO-SISTEMA-NOVO-2025-05-27T142030.604_2025-05-27_17-20-48.webp.webp?fit=1200%2C675&ssl=1&resize=350%2C200","width":350,"height":200,"srcset":"https:\/\/i0.wp.com\/noticiasribeiraopreto.com.br\/wp-content\/uploads\/2025\/06\/Copia-de-Copia-de-Copia-de-TAMANHO-EXATO-PARA-FOTOS-NO-SISTEMA-NOVO-2025-05-27T142030.604_2025-05-27_17-20-48.webp.webp?fit=1200%2C675&ssl=1&resize=350%2C200 1x, https:\/\/i0.wp.com\/noticiasribeiraopreto.com.br\/wp-content\/uploads\/2025\/06\/Copia-de-Copia-de-Copia-de-TAMANHO-EXATO-PARA-FOTOS-NO-SISTEMA-NOVO-2025-05-27T142030.604_2025-05-27_17-20-48.webp.webp?fit=1200%2C675&ssl=1&resize=525%2C300 1.5x, https:\/\/i0.wp.com\/noticiasribeiraopreto.com.br\/wp-content\/uploads\/2025\/06\/Copia-de-Copia-de-Copia-de-TAMANHO-EXATO-PARA-FOTOS-NO-SISTEMA-NOVO-2025-05-27T142030.604_2025-05-27_17-20-48.webp.webp?fit=1200%2C675&ssl=1&resize=700%2C400 2x, https:\/\/i0.wp.com\/noticiasribeiraopreto.com.br\/wp-content\/uploads\/2025\/06\/Copia-de-Copia-de-Copia-de-TAMANHO-EXATO-PARA-FOTOS-NO-SISTEMA-NOVO-2025-05-27T142030.604_2025-05-27_17-20-48.webp.webp?fit=1200%2C675&ssl=1&resize=1050%2C600 3x"},"classes":[]},{"id":79959,"url":"https:\/\/noticiasribeiraopreto.com.br\/index.php\/2025\/11\/11\/encontro-de-colecionadores-de-camisas-de-futebol-chega-a-segunda-edicao-em-ribeirao-preto\/","url_meta":{"origin":70551,"position":1},"title":"Encontro de colecionadores de camisas de futebol chega \u00e0 segunda edi\u00e7\u00e3o em Ribeir\u00e3o Preto","author":"noticiasribeiraopreto.com.br","date":"11 de November de 2025","format":false,"excerpt":"Ribeir\u00e3o Preto recebe no dia 6 de dezembro a segunda edi\u00e7\u00e3o do Encontro de Colecionadores de Camisas de Futebol. O evento ocorre no Emp\u00f3rio Bras\u00edlia, na regi\u00e3o central da cidade, com entrada gratuita. A iniciativa \u00e9 de Brunno Malzoni, propriet\u00e1rio de uma loja online especializada em camisas de futebol, antigas\u2026","rel":"","context":"In &quot;Not\u00edcias de Ribeir\u00e3o Preto-SP e Regi\u00e3o&quot;","block_context":{"text":"Not\u00edcias de Ribeir\u00e3o Preto-SP e Regi\u00e3o","link":"https:\/\/noticiasribeiraopreto.com.br\/index.php\/category\/noticias-de-ribeirao-preto-sp-e-regiao-ismael-colosi\/"},"img":{"alt_text":"","src":"https:\/\/i0.wp.com\/noticiasribeiraopreto.com.br\/wp-content\/uploads\/2025\/11\/palace-26_2025-11-11_20-47-52.webp.webp?fit=1200%2C675&ssl=1&resize=350%2C200","width":350,"height":200,"srcset":"https:\/\/i0.wp.com\/noticiasribeiraopreto.com.br\/wp-content\/uploads\/2025\/11\/palace-26_2025-11-11_20-47-52.webp.webp?fit=1200%2C675&ssl=1&resize=350%2C200 1x, https:\/\/i0.wp.com\/noticiasribeiraopreto.com.br\/wp-content\/uploads\/2025\/11\/palace-26_2025-11-11_20-47-52.webp.webp?fit=1200%2C675&ssl=1&resize=525%2C300 1.5x, https:\/\/i0.wp.com\/noticiasribeiraopreto.com.br\/wp-content\/uploads\/2025\/11\/palace-26_2025-11-11_20-47-52.webp.webp?fit=1200%2C675&ssl=1&resize=700%2C400 2x, https:\/\/i0.wp.com\/noticiasribeiraopreto.com.br\/wp-content\/uploads\/2025\/11\/palace-26_2025-11-11_20-47-52.webp.webp?fit=1200%2C675&ssl=1&resize=1050%2C600 3x"},"classes":[]},{"id":42006,"url":"https:\/\/noticiasribeiraopreto.com.br\/index.php\/2024\/03\/12\/encontro-reune-colecionadores-em-ribeirao-preto\/","url_meta":{"origin":70551,"position":2},"title":"Encontro re\u00fane colecionadores em Ribeir\u00e3o Preto","author":"noticiasribeiraopreto.com.br","date":"12 de March de 2024","format":false,"excerpt":"O objeto do desejo pode variar: desde pequenas caixinhas de f\u00f3sforos, distribu\u00eddas como brindes, at\u00e9 car\u00edssimos rel\u00f3gios de luxo. A paix\u00e3o, por\u00e9m, \u00e9 a mesma, capaz de levar colecionadores a cometerem loucuras e n\u00e3o pouparem esfor\u00e7os em busca \u201cdaquela pe\u00e7a especial\u201d para seus acervos.Muitos deles s\u00e3o esperados em Ribeir\u00e3o Preto\u2026","rel":"","context":"In &quot;Not\u00edcias de Ribeir\u00e3o Preto-SP e Regi\u00e3o&quot;","block_context":{"text":"Not\u00edcias de Ribeir\u00e3o Preto-SP e Regi\u00e3o","link":"https:\/\/noticiasribeiraopreto.com.br\/index.php\/category\/noticias-de-ribeirao-preto-sp-e-regiao-ismael-colosi\/"},"img":{"alt_text":"","src":"https:\/\/i0.wp.com\/noticiasribeiraopreto.com.br\/wp-content\/uploads\/2024\/03\/e419f1d9-c19c-4541-826f-af0128facb9b-scaled.jpg?fit=1000%2C629&ssl=1&resize=350%2C200","width":350,"height":200,"srcset":"https:\/\/i0.wp.com\/noticiasribeiraopreto.com.br\/wp-content\/uploads\/2024\/03\/e419f1d9-c19c-4541-826f-af0128facb9b-scaled.jpg?fit=1000%2C629&ssl=1&resize=350%2C200 1x, https:\/\/i0.wp.com\/noticiasribeiraopreto.com.br\/wp-content\/uploads\/2024\/03\/e419f1d9-c19c-4541-826f-af0128facb9b-scaled.jpg?fit=1000%2C629&ssl=1&resize=525%2C300 1.5x, https:\/\/i0.wp.com\/noticiasribeiraopreto.com.br\/wp-content\/uploads\/2024\/03\/e419f1d9-c19c-4541-826f-af0128facb9b-scaled.jpg?fit=1000%2C629&ssl=1&resize=700%2C400 2x"},"classes":[]},{"id":42404,"url":"https:\/\/noticiasribeiraopreto.com.br\/index.php\/2024\/03\/14\/saiba-tudo-sobre-o-evento-que-reune-colecionadores-em-ribeirao-preto\/","url_meta":{"origin":70551,"position":3},"title":"Saiba tudo sobre o evento que re\u00fane colecionadores em Ribeir\u00e3o Preto","author":"noticiasribeiraopreto.com.br","date":"14 de March de 2024","format":false,"excerpt":"A partir de sexta-feira (15) at\u00e9 domingo (17), Ribeir\u00e3o Preto recebe o \u201cEncontro Filat\u00e9lico Numism\u00e1tico 2024\u201d, evento gratuito que re\u00fane colecionadores na cidade. O encontro ser\u00e1 realizado das 8h \u00e0s 18h na sexta e no s\u00e1bado, no Hotel Dan Inn, localizado na Vila Tib\u00e9rio. No domingo, acontece das 8h \u00e0s\u2026","rel":"","context":"In &quot;Not\u00edcias de Ribeir\u00e3o Preto-SP e Regi\u00e3o&quot;","block_context":{"text":"Not\u00edcias de Ribeir\u00e3o Preto-SP e Regi\u00e3o","link":"https:\/\/noticiasribeiraopreto.com.br\/index.php\/category\/noticias-de-ribeirao-preto-sp-e-regiao-ismael-colosi\/"},"img":{"alt_text":"","src":"https:\/\/i0.wp.com\/noticiasribeiraopreto.com.br\/wp-content\/uploads\/2024\/03\/FILATELIA-2.jpg?fit=1200%2C913&ssl=1&resize=350%2C200","width":350,"height":200,"srcset":"https:\/\/i0.wp.com\/noticiasribeiraopreto.com.br\/wp-content\/uploads\/2024\/03\/FILATELIA-2.jpg?fit=1200%2C913&ssl=1&resize=350%2C200 1x, https:\/\/i0.wp.com\/noticiasribeiraopreto.com.br\/wp-content\/uploads\/2024\/03\/FILATELIA-2.jpg?fit=1200%2C913&ssl=1&resize=525%2C300 1.5x, https:\/\/i0.wp.com\/noticiasribeiraopreto.com.br\/wp-content\/uploads\/2024\/03\/FILATELIA-2.jpg?fit=1200%2C913&ssl=1&resize=700%2C400 2x, https:\/\/i0.wp.com\/noticiasribeiraopreto.com.br\/wp-content\/uploads\/2024\/03\/FILATELIA-2.jpg?fit=1200%2C913&ssl=1&resize=1050%2C600 3x"},"classes":[]},{"id":76506,"url":"https:\/\/noticiasribeiraopreto.com.br\/index.php\/2025\/08\/30\/evento-gratuito-reune-carros-antigos-na-regiao-de-ribeirao-preto\/","url_meta":{"origin":70551,"position":4},"title":"Evento gratuito re\u00fane carros antigos na regi\u00e3o de Ribeir\u00e3o Preto","author":"noticiasribeiraopreto.com.br","date":"30 de August de 2025","format":false,"excerpt":"Os apaixonados por carros poder\u00e3o visitar, neste domingo (31), o 4\u00ba Encontro de Ve\u00edculos Antigos, que ser\u00e1 realizado no Parque Ecol\u00f3gico e de Lazer \u201cGustavo Simioni\u201d, em Sert\u00e3ozinho, cidade localizada a 21 quil\u00f4metros de Ribeir\u00e3o Preto. A visita\u00e7\u00e3o \u00e9 gratuita e come\u00e7a \u00e0s 8h. O encontro re\u00fane diversos modelos de\u2026","rel":"","context":"In &quot;Not\u00edcias de Ribeir\u00e3o Preto-SP e Regi\u00e3o&quot;","block_context":{"text":"Not\u00edcias de Ribeir\u00e3o Preto-SP e Regi\u00e3o","link":"https:\/\/noticiasribeiraopreto.com.br\/index.php\/category\/noticias-de-ribeirao-preto-sp-e-regiao-ismael-colosi\/"},"img":{"alt_text":"","src":"https:\/\/i0.wp.com\/noticiasribeiraopreto.com.br\/wp-content\/uploads\/2025\/08\/WhatsApp-Image-2025-08-25-at-14.20.24_2025-08-30_14-30-27.webp.webp?fit=1160%2C763&ssl=1&resize=350%2C200","width":350,"height":200,"srcset":"https:\/\/i0.wp.com\/noticiasribeiraopreto.com.br\/wp-content\/uploads\/2025\/08\/WhatsApp-Image-2025-08-25-at-14.20.24_2025-08-30_14-30-27.webp.webp?fit=1160%2C763&ssl=1&resize=350%2C200 1x, https:\/\/i0.wp.com\/noticiasribeiraopreto.com.br\/wp-content\/uploads\/2025\/08\/WhatsApp-Image-2025-08-25-at-14.20.24_2025-08-30_14-30-27.webp.webp?fit=1160%2C763&ssl=1&resize=525%2C300 1.5x, https:\/\/i0.wp.com\/noticiasribeiraopreto.com.br\/wp-content\/uploads\/2025\/08\/WhatsApp-Image-2025-08-25-at-14.20.24_2025-08-30_14-30-27.webp.webp?fit=1160%2C763&ssl=1&resize=700%2C400 2x, https:\/\/i0.wp.com\/noticiasribeiraopreto.com.br\/wp-content\/uploads\/2025\/08\/WhatsApp-Image-2025-08-25-at-14.20.24_2025-08-30_14-30-27.webp.webp?fit=1160%2C763&ssl=1&resize=1050%2C600 3x"},"classes":[]},{"id":66966,"url":"https:\/\/noticiasribeiraopreto.com.br\/index.php\/2025\/04\/08\/jornal-da-franca-veja-quando-sera-o-encontro-de-autos-antigos-de-lindoia-que-atrai-muitos-francanos\/","url_meta":{"origin":70551,"position":5},"title":"Jornal da Franca &#8211; Veja quando ser\u00e1 o Encontro de Autos Antigos de Lindoia, que atrai muitos francanos","author":"noticiasribeiraopreto.com.br","date":"8 de April de 2025","format":false,"excerpt":"Maior encontro de carros antigos da Am\u00e9rica Latina completa 10 anos com edi\u00e7\u00e3o especial e gratuita para visita\u00e7\u00e3o de 19 a 22 de junho O Encontro Brasileiro de Autos Antigos (EBAA)\u00a0de \u00c1guas de Lindoia completa 10 anos em 2025 e ter\u00e1 uma edi\u00e7\u00e3o especial. Marcado para acontecer de 19 a\u2026","rel":"","context":"In &quot;Not\u00edcias de Franca-SP&quot;","block_context":{"text":"Not\u00edcias de Franca-SP","link":"https:\/\/noticiasribeiraopreto.com.br\/index.php\/category\/noticias-de-ribeirao-preto-sp-e-regiao-ismael-colosi\/noticias-franca-sp\/"},"img":{"alt_text":"","src":"https:\/\/i0.wp.com\/noticiasribeiraopreto.com.br\/wp-content\/uploads\/2025\/04\/EBAA-2023-2.jpg?fit=1024%2C682&ssl=1&resize=350%2C200","width":350,"height":200,"srcset":"https:\/\/i0.wp.com\/noticiasribeiraopreto.com.br\/wp-content\/uploads\/2025\/04\/EBAA-2023-2.jpg?fit=1024%2C682&ssl=1&resize=350%2C200 1x, https:\/\/i0.wp.com\/noticiasribeiraopreto.com.br\/wp-content\/uploads\/2025\/04\/EBAA-2023-2.jpg?fit=1024%2C682&ssl=1&resize=525%2C300 1.5x, https:\/\/i0.wp.com\/noticiasribeiraopreto.com.br\/wp-content\/uploads\/2025\/04\/EBAA-2023-2.jpg?fit=1024%2C682&ssl=1&resize=700%2C400 2x"},"classes":[]}],"jetpack_sharing_enabled":true,"jetpack_shortlink":"https:\/\/wp.me\/peQAOb-ilV","_links":{"self":[{"href":"https:\/\/noticiasribeiraopreto.com.br\/index.php\/wp-json\/wp\/v2\/posts\/70551","targetHints":{"allow":["GET"]}}],"collection":[{"href":"https:\/\/noticiasribeiraopreto.com.br\/index.php\/wp-json\/wp\/v2\/posts"}],"about":[{"href":"https:\/\/noticiasribeiraopreto.com.br\/index.php\/wp-json\/wp\/v2\/types\/post"}],"author":[{"embeddable":true,"href":"https:\/\/noticiasribeiraopreto.com.br\/index.php\/wp-json\/wp\/v2\/users\/1"}],"replies":[{"embeddable":true,"href":"https:\/\/noticiasribeiraopreto.com.br\/index.php\/wp-json\/wp\/v2\/comments?post=70551"}],"version-history":[{"count":0,"href":"https:\/\/noticiasribeiraopreto.com.br\/index.php\/wp-json\/wp\/v2\/posts\/70551\/revisions"}],"wp:featuredmedia":[{"embeddable":true,"href":"https:\/\/noticiasribeiraopreto.com.br\/index.php\/wp-json\/wp\/v2\/media\/70552"}],"wp:attachment":[{"href":"https:\/\/noticiasribeiraopreto.com.br\/index.php\/wp-json\/wp\/v2\/media?parent=70551"}],"wp:term":[{"taxonomy":"category","embeddable":true,"href":"https:\/\/noticiasribeiraopreto.com.br\/index.php\/wp-json\/wp\/v2\/categories?post=70551"},{"taxonomy":"post_tag","embeddable":true,"href":"https:\/\/noticiasribeiraopreto.com.br\/index.php\/wp-json\/wp\/v2\/tags?post=70551"}],"curies":[{"name":"wp","href":"https:\/\/api.w.org\/{rel}","templated":true}]}}