{"id":70555,"date":"2025-05-27T17:54:09","date_gmt":"2025-05-27T20:54:09","guid":{"rendered":"https:\/\/noticiasribeiraopreto.com.br\/index.php\/2025\/05\/27\/colegio-camillo-de-mattos-anuncia-inscricoes-para-bolsas-de-estudos-gratuitas-em-ribeirao-preto\/"},"modified":"2025-05-27T17:54:09","modified_gmt":"2025-05-27T20:54:09","slug":"colegio-camillo-de-mattos-anuncia-inscricoes-para-bolsas-de-estudos-gratuitas-em-ribeirao-preto","status":"publish","type":"post","link":"https:\/\/noticiasribeiraopreto.com.br\/index.php\/2025\/05\/27\/colegio-camillo-de-mattos-anuncia-inscricoes-para-bolsas-de-estudos-gratuitas-em-ribeirao-preto\/","title":{"rendered":"Col\u00e9gio Camillo de Mattos anuncia inscri\u00e7\u00f5es para bolsas de estudos gratuitas em Ribeir\u00e3o Preto"},"content":{"rendered":"<p> <br \/>\n<\/p>\n<div data-td-block-uid=\"tdi_95\">\n<div class=\"tdb-block-inner td-fix-index\">\n<p><strong>O Col\u00e9gio Camillo de Mattos, da Funda\u00e7\u00e3o Educand\u00e1rio Corronel Quito Junqueira, abre na pr\u00f3xima segunda-feira (2) as inscri\u00e7\u00f5es para bolsas de estudo gratuitas com mais de 70 vagas para o ano letivo de 2026.<\/strong><\/p>\n<p>As <strong>oportunidades <\/strong>s\u00e3o para <strong>crian\u00e7as <\/strong>e <strong>adolescentes<\/strong>, da <strong>Educa\u00e7\u00e3o Infantil ao 9\u00ba ano do Ensino Fundamental<\/strong>. <mark style=\"background-color:#fcb900\" class=\"has-inline-color has-black-color\">O prazo de inscri\u00e7\u00e3o termina no dia 16 de junho.<\/mark><\/p>\n<h2 class=\"wp-block-heading\"><strong>Como se inscrever<\/strong><\/h2>\n<p>As inscri\u00e7\u00f5es devem ser feitas pela internet a partir de segunda, no site da Funda\u00e7\u00e3o Educand\u00e1rio (<a href=\"http:\/\/www.educandariorp.com.br\">clique aqui<\/a>).<\/p>\n<h3 class=\"wp-block-heading\"><strong>An\u00e1lise econ\u00f4mica<\/strong><\/h3>\n<p>Durante a sele\u00e7\u00e3o dos candidatos, a Funda\u00e7\u00e3o Educand\u00e1rio explica que \u00e9 feita uma an\u00e1lise financeira da fam\u00edlia e a avalia\u00e7\u00e3o das informa\u00e7\u00f5es declaradas no per\u00edodo de inscri\u00e7\u00e3o.<\/p>\n<p>Caso a crian\u00e7a ou o adolescente n\u00e3o seja selecionado, haver\u00e1 uma lista de espera.<\/p>\n<h4 class=\"wp-block-heading\"><strong>Ensino gratuito<\/strong><\/h4>\n<p>O Col\u00e9gio Camillo de Mattos oferece ensino integral gratuito a aproximadamente 700 alunos.<\/p>\n<p>Al\u00e9m da grade curricular prevista pela BNCC (Base Nacional Comum Curricular), o col\u00e9gio tamb\u00e9m oferece aulas de ingl\u00eas, nata\u00e7\u00e3o em piscinas aquecidas, inform\u00e1tica, refei\u00e7\u00f5es acompanhadas por nutricionista e atendimento odontol\u00f3gico.<\/p>\n<p>O Col\u00e9gio Camillo de Mattos fica na avenida Educand\u00e1rio, 344, no Jardim Independ\u00eancia, zona Norte de Ribeir\u00e3o Preto. O telefone \u00e9 o (16) 3033-3000.<\/p>\n<p>SAIBA MAIS<\/p>\n<p>Sal\u00e1rios de at\u00e9 R$ 21,2 mil: saiba tudo sobre a nova carreira criada em SP<\/p>\n<h5 class=\"wp-block-heading\"><strong>FIQUE ON<\/strong><\/h5>\n<p>Fique ligado em tudo que acontece em Ribeir\u00e3o Preto e regi\u00e3o. Siga os perfis do\u00a0<strong>acidade on\u00a0<\/strong>no\u00a0<a href=\"https:\/\/www.instagram.com\/acidadeonribeirao\" target=\"_blank\" rel=\"noreferrer noopener\">Instagram<\/a>\u00a0e no\u00a0<a href=\"https:\/\/www.facebook.com\/acidadeonribeirao\" target=\"_blank\" rel=\"noreferrer noopener\">Facebook<\/a>.<\/p>\n<p>Receba not\u00edcias do<strong>\u00a0acidade on<\/strong>\u00a0no WhatsApp. Para entrar no grupo, basta\u00a0<a href=\"https:\/\/chat.whatsapp.com\/BjKQZ9oJwlz8VVT50NuePq\" target=\"_blank\" rel=\"noreferrer noopener\">clicar aqui<\/a>.<\/p>\n<p>Fa\u00e7a uma den\u00fancia ou sugira uma reportagem sobre Ribeir\u00e3o Preto e regi\u00e3o pelo WhatsApp: 16 99117 7802.<\/p>\n<p>VEJA TAMB\u00c9M<\/p>\n<p>Azeite: mais duas marcas s\u00e3o proibidas; saiba quais s\u00e3o<\/p>\n<p><!-- CONTENT END 1 -->\n<\/div>\n<\/div>\n<p><script async src=\"\/\/www.instagram.com\/embed.js\"><\/script><br \/>\n<br \/><br \/>\n<br \/><a href=\"https:\/\/www.acidadeon.com\/ribeiraopreto\/cotidiano\/colegio-camillo-de-mattos-anuncia-inscricoes-para-bolsas-de-estudos-gratuitas-em-ribeirao-preto\/\">Source link <\/a><\/p>\n","protected":false},"excerpt":{"rendered":"<p>O Col\u00e9gio Camillo de Mattos, da Funda\u00e7\u00e3o Educand\u00e1rio Corronel Quito Junqueira, abre na pr\u00f3xima segunda-feira (2) as inscri\u00e7\u00f5es para bolsas de estudo gratuitas com mais&#8230;<\/p>\n","protected":false},"author":1,"featured_media":70556,"comment_status":"open","ping_status":"open","sticky":false,"template":"","format":"standard","meta":{"advanced_seo_description":"","jetpack_seo_html_title":"","jetpack_seo_noindex":false,"jetpack_post_was_ever_published":false,"_jetpack_newsletter_access":"","_jetpack_dont_email_post_to_subs":false,"_jetpack_newsletter_tier_id":0,"_jetpack_memberships_contains_paywalled_content":false,"_jetpack_memberships_contains_paid_content":false,"footnotes":"","jetpack_publicize_message":"","jetpack_publicize_feature_enabled":true,"jetpack_social_post_already_shared":true,"jetpack_social_options":{"image_generator_settings":{"template":"highway","default_image_id":0,"font":"","enabled":false},"version":2}},"categories":[11],"tags":[],"class_list":["post-70555","post","type-post","status-publish","format-standard","has-post-thumbnail","hentry","category-noticias-de-ribeirao-preto-sp-e-regiao-ismael-colosi"],"jetpack_publicize_connections":[],"jetpack_featured_media_url":"https:\/\/i0.wp.com\/noticiasribeiraopreto.com.br\/wp-content\/uploads\/2025\/05\/WhatsApp-Image-2025-05-27-at-12.03.21_2025-05-27_17-04-59.webp.webp?fit=1200%2C800&ssl=1","jetpack-related-posts":[{"id":51908,"url":"https:\/\/noticiasribeiraopreto.com.br\/index.php\/2024\/06\/01\/fundacao-educandario-abre-inscricoes-para-novas-vagas-em-ribeirao-preto\/","url_meta":{"origin":70555,"position":0},"title":"Funda\u00e7\u00e3o Educand\u00e1rio abre inscri\u00e7\u00f5es para novas vagas em Ribeir\u00e3o Preto","author":"noticiasribeiraopreto.com.br","date":"1 de June de 2024","format":false,"excerpt":"O col\u00e9gio Camillo de Mattos, da Funda\u00e7\u00e3o Educand\u00e1rio \u201cCoronel Quito Junqueira\u201d, em Ribeir\u00e3o Preto, abre na segunda-feira (3), as inscri\u00e7\u00f5es para o processo seletivo do ano letivo de 2025. As vagas s\u00e3o, a princ\u00edpio, para o preenchimento das turmas da pr\u00e9-escola I e a lista de espera para a pr\u00e9-escola\u2026","rel":"","context":"In &quot;Not\u00edcias de Ribeir\u00e3o Preto-SP e Regi\u00e3o&quot;","block_context":{"text":"Not\u00edcias de Ribeir\u00e3o Preto-SP e Regi\u00e3o","link":"https:\/\/noticiasribeiraopreto.com.br\/index.php\/category\/noticias-de-ribeirao-preto-sp-e-regiao-ismael-colosi\/"},"img":{"alt_text":"","src":"https:\/\/i0.wp.com\/noticiasribeiraopreto.com.br\/wp-content\/uploads\/2024\/06\/Copia-de-Copia-de-TAMANHO-EXATO-PARA-FOTOS-NO-SISTEMA-NOVO_2024-05-31_18-50-42_jpg_2024-05-31_18-50-42.webp.webp?fit=1200%2C675&ssl=1&resize=350%2C200","width":350,"height":200,"srcset":"https:\/\/i0.wp.com\/noticiasribeiraopreto.com.br\/wp-content\/uploads\/2024\/06\/Copia-de-Copia-de-TAMANHO-EXATO-PARA-FOTOS-NO-SISTEMA-NOVO_2024-05-31_18-50-42_jpg_2024-05-31_18-50-42.webp.webp?fit=1200%2C675&ssl=1&resize=350%2C200 1x, https:\/\/i0.wp.com\/noticiasribeiraopreto.com.br\/wp-content\/uploads\/2024\/06\/Copia-de-Copia-de-TAMANHO-EXATO-PARA-FOTOS-NO-SISTEMA-NOVO_2024-05-31_18-50-42_jpg_2024-05-31_18-50-42.webp.webp?fit=1200%2C675&ssl=1&resize=525%2C300 1.5x, https:\/\/i0.wp.com\/noticiasribeiraopreto.com.br\/wp-content\/uploads\/2024\/06\/Copia-de-Copia-de-TAMANHO-EXATO-PARA-FOTOS-NO-SISTEMA-NOVO_2024-05-31_18-50-42_jpg_2024-05-31_18-50-42.webp.webp?fit=1200%2C675&ssl=1&resize=700%2C400 2x, https:\/\/i0.wp.com\/noticiasribeiraopreto.com.br\/wp-content\/uploads\/2024\/06\/Copia-de-Copia-de-TAMANHO-EXATO-PARA-FOTOS-NO-SISTEMA-NOVO_2024-05-31_18-50-42_jpg_2024-05-31_18-50-42.webp.webp?fit=1200%2C675&ssl=1&resize=1050%2C600 3x"},"classes":[]},{"id":69582,"url":"https:\/\/noticiasribeiraopreto.com.br\/index.php\/2025\/05\/07\/fundacao-educandario-celebra-87-anos-com-evento-gratuito-no-fim-de-semana\/","url_meta":{"origin":70555,"position":1},"title":"Funda\u00e7\u00e3o Educand\u00e1rio celebra 87 anos com evento gratuito no fim de semana","author":"noticiasribeiraopreto.com.br","date":"7 de May de 2025","format":false,"excerpt":"A Funda\u00e7\u00e3o Educand\u00e1rio Coronel Quito Junqueira comemora 87 anos com evento gratuito e aberto \u00e0 popula\u00e7\u00e3o neste s\u00e1bado (10), das 9h \u00e0s 12h. A comemora\u00e7\u00e3o acontece na sede da institui\u00e7\u00e3o, que fica localizada na avenida Cavalheiro Paschoal Innecchi, 500, em Ribeir\u00e3o Preto. A programa\u00e7\u00e3o inclui conta\u00e7\u00e3o de hist\u00f3rias, pintura facial,\u2026","rel":"","context":"In &quot;Not\u00edcias de Ribeir\u00e3o Preto-SP e Regi\u00e3o&quot;","block_context":{"text":"Not\u00edcias de Ribeir\u00e3o Preto-SP e Regi\u00e3o","link":"https:\/\/noticiasribeiraopreto.com.br\/index.php\/category\/noticias-de-ribeirao-preto-sp-e-regiao-ismael-colosi\/"},"img":{"alt_text":"","src":"https:\/\/i0.wp.com\/noticiasribeiraopreto.com.br\/wp-content\/uploads\/2025\/05\/WhatsApp-Image-2025-05-07-at-08.47.01_2025-05-07_12-05-06.webp.webp?fit=1200%2C800&ssl=1&resize=350%2C200","width":350,"height":200,"srcset":"https:\/\/i0.wp.com\/noticiasribeiraopreto.com.br\/wp-content\/uploads\/2025\/05\/WhatsApp-Image-2025-05-07-at-08.47.01_2025-05-07_12-05-06.webp.webp?fit=1200%2C800&ssl=1&resize=350%2C200 1x, https:\/\/i0.wp.com\/noticiasribeiraopreto.com.br\/wp-content\/uploads\/2025\/05\/WhatsApp-Image-2025-05-07-at-08.47.01_2025-05-07_12-05-06.webp.webp?fit=1200%2C800&ssl=1&resize=525%2C300 1.5x, https:\/\/i0.wp.com\/noticiasribeiraopreto.com.br\/wp-content\/uploads\/2025\/05\/WhatsApp-Image-2025-05-07-at-08.47.01_2025-05-07_12-05-06.webp.webp?fit=1200%2C800&ssl=1&resize=700%2C400 2x, https:\/\/i0.wp.com\/noticiasribeiraopreto.com.br\/wp-content\/uploads\/2025\/05\/WhatsApp-Image-2025-05-07-at-08.47.01_2025-05-07_12-05-06.webp.webp?fit=1200%2C800&ssl=1&resize=1050%2C600 3x"},"classes":[]},{"id":31778,"url":"https:\/\/noticiasribeiraopreto.com.br\/index.php\/2024\/01\/23\/fundacao-abre-inscricoes-para-programa-de-bolsas-para-levar-brasileiros-a-harvard\/","url_meta":{"origin":70555,"position":2},"title":"Funda\u00e7\u00e3o abre inscri\u00e7\u00f5es para programa de bolsas para levar brasileiros a Harvard","author":"noticiasribeiraopreto.com.br","date":"23 de January de 2024","format":false,"excerpt":"Da reda\u00e7\u00e3oi Da reda\u00e7\u00e3o 23\/01\/2024 - 9:19 A Funda\u00e7\u00e3o Estudar est\u00e1 com inscri\u00e7\u00f5es abertas para a 33\u00aa edi\u00e7\u00e3o do seu programa L\u00edderes Estudar, que j\u00e1 levou 94 alunos brasileiros para a Universidade Harvard, 60 para a Universidade de Stanford e 34 para o Instituto de Tecnologia de Massachusetts (MIT). O\u2026","rel":"","context":"In &quot;Vagas de Emprego em Ribeir\u00e3o Preto-SP&quot;","block_context":{"text":"Vagas de Emprego em Ribeir\u00e3o Preto-SP","link":"https:\/\/noticiasribeiraopreto.com.br\/index.php\/category\/empregos-classificados-vagas-trabalho\/vagas-de-empregos-em-ribeirao-preto-regiao-brasil\/"},"img":{"alt_text":"","src":"https:\/\/i0.wp.com\/noticiasribeiraopreto.com.br\/wp-content\/uploads\/2024\/01\/unnamed-4.jpg?fit=800%2C535&ssl=1&resize=350%2C200","width":350,"height":200,"srcset":"https:\/\/i0.wp.com\/noticiasribeiraopreto.com.br\/wp-content\/uploads\/2024\/01\/unnamed-4.jpg?fit=800%2C535&ssl=1&resize=350%2C200 1x, https:\/\/i0.wp.com\/noticiasribeiraopreto.com.br\/wp-content\/uploads\/2024\/01\/unnamed-4.jpg?fit=800%2C535&ssl=1&resize=525%2C300 1.5x, https:\/\/i0.wp.com\/noticiasribeiraopreto.com.br\/wp-content\/uploads\/2024\/01\/unnamed-4.jpg?fit=800%2C535&ssl=1&resize=700%2C400 2x"},"classes":[]},{"id":51904,"url":"https:\/\/noticiasribeiraopreto.com.br\/index.php\/2024\/06\/01\/paciente-internado-no-hc-ue-de-ribeirao-preto-recebe-visita-de-cao-de-estimacao\/","url_meta":{"origin":70555,"position":3},"title":"Paciente internado no HC-UE de Ribeir\u00e3o Preto recebe visita de c\u00e3o de estima\u00e7\u00e3o","author":"noticiasribeiraopreto.com.br","date":"1 de June de 2024","format":false,"excerpt":"Um jovem de 20 anos, que est\u00e1 internado no CTI (Centro de Terapia Intensiva) do Hospital das Cl\u00ednicas Unidade de Emerg\u00eancia de Ribeir\u00e3o Preto, recebeu uma visita especial esta semana. O c\u00e3o de estima\u00e7\u00e3o, chamado Simba, foi levado at\u00e9 o hospital a pedido da fam\u00edlia do paciente. A visita, que\u2026","rel":"","context":"In &quot;Not\u00edcias de Ribeir\u00e3o Preto-SP e Regi\u00e3o&quot;","block_context":{"text":"Not\u00edcias de Ribeir\u00e3o Preto-SP e Regi\u00e3o","link":"https:\/\/noticiasribeiraopreto.com.br\/index.php\/category\/noticias-de-ribeirao-preto-sp-e-regiao-ismael-colosi\/"},"img":{"alt_text":"","src":"https:\/\/i0.wp.com\/noticiasribeiraopreto.com.br\/wp-content\/uploads\/2024\/06\/Copia-de-Copia-de-TAMANHO-EXATO-PARA-FOTOS-NO-SISTEMA-NOVO-68_2024-05-30_19-44-34_jpg_2024-05-30_19-44-35.webp.webp?fit=1200%2C675&ssl=1&resize=350%2C200","width":350,"height":200,"srcset":"https:\/\/i0.wp.com\/noticiasribeiraopreto.com.br\/wp-content\/uploads\/2024\/06\/Copia-de-Copia-de-TAMANHO-EXATO-PARA-FOTOS-NO-SISTEMA-NOVO-68_2024-05-30_19-44-34_jpg_2024-05-30_19-44-35.webp.webp?fit=1200%2C675&ssl=1&resize=350%2C200 1x, https:\/\/i0.wp.com\/noticiasribeiraopreto.com.br\/wp-content\/uploads\/2024\/06\/Copia-de-Copia-de-TAMANHO-EXATO-PARA-FOTOS-NO-SISTEMA-NOVO-68_2024-05-30_19-44-34_jpg_2024-05-30_19-44-35.webp.webp?fit=1200%2C675&ssl=1&resize=525%2C300 1.5x, https:\/\/i0.wp.com\/noticiasribeiraopreto.com.br\/wp-content\/uploads\/2024\/06\/Copia-de-Copia-de-TAMANHO-EXATO-PARA-FOTOS-NO-SISTEMA-NOVO-68_2024-05-30_19-44-34_jpg_2024-05-30_19-44-35.webp.webp?fit=1200%2C675&ssl=1&resize=700%2C400 2x, https:\/\/i0.wp.com\/noticiasribeiraopreto.com.br\/wp-content\/uploads\/2024\/06\/Copia-de-Copia-de-TAMANHO-EXATO-PARA-FOTOS-NO-SISTEMA-NOVO-68_2024-05-30_19-44-34_jpg_2024-05-30_19-44-35.webp.webp?fit=1200%2C675&ssl=1&resize=1050%2C600 3x"},"classes":[]},{"id":82781,"url":"https:\/\/noticiasribeiraopreto.com.br\/index.php\/2026\/02\/26\/estudo-comeca-a-tracar-raio-x-da-dinamica-imobiliaria-de-ribeirao-preto-entenda\/","url_meta":{"origin":70555,"position":4},"title":"Estudo come\u00e7a a tra\u00e7ar raio-X da din\u00e2mica imobili\u00e1ria de Ribeir\u00e3o Preto; Entenda","author":"noticiasribeiraopreto.com.br","date":"26 de February de 2026","format":false,"excerpt":"O Instituto de Economia Maur\u00edlio Biagi (IEMB), ligado \u00e0 Associa\u00e7\u00e3o Comercial e Industrial de Ribeir\u00e3o Preto (Acirp), apresentou na manh\u00e3 desta quarta-feira (25), um estudo sobre a din\u00e2mica imobili\u00e1ria de Ribeir\u00e3o Preto. O evento de lan\u00e7amento reuniu empres\u00e1rios, imprensa e demais convidados. O levantamento tem o intuito de mapear todos\u2026","rel":"","context":"In &quot;Not\u00edcias de Ribeir\u00e3o Preto-SP e Regi\u00e3o&quot;","block_context":{"text":"Not\u00edcias de Ribeir\u00e3o Preto-SP e Regi\u00e3o","link":"https:\/\/noticiasribeiraopreto.com.br\/index.php\/category\/noticias-de-ribeirao-preto-sp-e-regiao-ismael-colosi\/"},"img":{"alt_text":"","src":"https:\/\/i0.wp.com\/noticiasribeiraopreto.com.br\/wp-content\/uploads\/2026\/02\/centro-ribeirao-preto_2026-01-19_14-14-42.webp.webp?fit=1000%2C666&ssl=1&resize=350%2C200","width":350,"height":200,"srcset":"https:\/\/i0.wp.com\/noticiasribeiraopreto.com.br\/wp-content\/uploads\/2026\/02\/centro-ribeirao-preto_2026-01-19_14-14-42.webp.webp?fit=1000%2C666&ssl=1&resize=350%2C200 1x, https:\/\/i0.wp.com\/noticiasribeiraopreto.com.br\/wp-content\/uploads\/2026\/02\/centro-ribeirao-preto_2026-01-19_14-14-42.webp.webp?fit=1000%2C666&ssl=1&resize=525%2C300 1.5x, https:\/\/i0.wp.com\/noticiasribeiraopreto.com.br\/wp-content\/uploads\/2026\/02\/centro-ribeirao-preto_2026-01-19_14-14-42.webp.webp?fit=1000%2C666&ssl=1&resize=700%2C400 2x"},"classes":[]},{"id":64695,"url":"https:\/\/noticiasribeiraopreto.com.br\/index.php\/2025\/03\/11\/prefeitura-de-ribeirao-preto-abre-selecao-para-vagas-de-estagio-veja-como-participar\/","url_meta":{"origin":70555,"position":5},"title":"Prefeitura de Ribeir\u00e3o Preto abre sele\u00e7\u00e3o para vagas de est\u00e1gio; veja como participar","author":"noticiasribeiraopreto.com.br","date":"11 de March de 2025","format":false,"excerpt":"A Prefeitura de Ribeir\u00e3o Preto, por meio da Fundet (Funda\u00e7\u00e3o de Educa\u00e7\u00e3o para o Trabalho), est\u00e1 com inscri\u00e7\u00f5es abertas para um processo seletivo com vagas de est\u00e1gio destinadas a estudantes do ensino superior interessados em atuar na \u00e1rea p\u00fablica. A bolsa-aux\u00edlio varia de R$ 800 a R$ 1.000, dependendo da\u2026","rel":"","context":"In &quot;Not\u00edcias de Ribeir\u00e3o Preto-SP e Regi\u00e3o&quot;","block_context":{"text":"Not\u00edcias de Ribeir\u00e3o Preto-SP e Regi\u00e3o","link":"https:\/\/noticiasribeiraopreto.com.br\/index.php\/category\/noticias-de-ribeirao-preto-sp-e-regiao-ismael-colosi\/"},"img":{"alt_text":"","src":"https:\/\/i0.wp.com\/noticiasribeiraopreto.com.br\/wp-content\/uploads\/2025\/03\/Copia-de-Copia-de-Copia-de-TAMANHO-EXATO-PARA-FOTOS-NO-SISTEMA-NOVO-2025-03-11T145628.763_2025-03-11_17-56-39_png_2025-03-11_17-56-40.webp.webp?fit=1200%2C675&ssl=1&resize=350%2C200","width":350,"height":200,"srcset":"https:\/\/i0.wp.com\/noticiasribeiraopreto.com.br\/wp-content\/uploads\/2025\/03\/Copia-de-Copia-de-Copia-de-TAMANHO-EXATO-PARA-FOTOS-NO-SISTEMA-NOVO-2025-03-11T145628.763_2025-03-11_17-56-39_png_2025-03-11_17-56-40.webp.webp?fit=1200%2C675&ssl=1&resize=350%2C200 1x, https:\/\/i0.wp.com\/noticiasribeiraopreto.com.br\/wp-content\/uploads\/2025\/03\/Copia-de-Copia-de-Copia-de-TAMANHO-EXATO-PARA-FOTOS-NO-SISTEMA-NOVO-2025-03-11T145628.763_2025-03-11_17-56-39_png_2025-03-11_17-56-40.webp.webp?fit=1200%2C675&ssl=1&resize=525%2C300 1.5x, https:\/\/i0.wp.com\/noticiasribeiraopreto.com.br\/wp-content\/uploads\/2025\/03\/Copia-de-Copia-de-Copia-de-TAMANHO-EXATO-PARA-FOTOS-NO-SISTEMA-NOVO-2025-03-11T145628.763_2025-03-11_17-56-39_png_2025-03-11_17-56-40.webp.webp?fit=1200%2C675&ssl=1&resize=700%2C400 2x, https:\/\/i0.wp.com\/noticiasribeiraopreto.com.br\/wp-content\/uploads\/2025\/03\/Copia-de-Copia-de-Copia-de-TAMANHO-EXATO-PARA-FOTOS-NO-SISTEMA-NOVO-2025-03-11T145628.763_2025-03-11_17-56-39_png_2025-03-11_17-56-40.webp.webp?fit=1200%2C675&ssl=1&resize=1050%2C600 3x"},"classes":[]}],"jetpack_sharing_enabled":true,"jetpack_shortlink":"https:\/\/wp.me\/peQAOb-ilZ","_links":{"self":[{"href":"https:\/\/noticiasribeiraopreto.com.br\/index.php\/wp-json\/wp\/v2\/posts\/70555","targetHints":{"allow":["GET"]}}],"collection":[{"href":"https:\/\/noticiasribeiraopreto.com.br\/index.php\/wp-json\/wp\/v2\/posts"}],"about":[{"href":"https:\/\/noticiasribeiraopreto.com.br\/index.php\/wp-json\/wp\/v2\/types\/post"}],"author":[{"embeddable":true,"href":"https:\/\/noticiasribeiraopreto.com.br\/index.php\/wp-json\/wp\/v2\/users\/1"}],"replies":[{"embeddable":true,"href":"https:\/\/noticiasribeiraopreto.com.br\/index.php\/wp-json\/wp\/v2\/comments?post=70555"}],"version-history":[{"count":0,"href":"https:\/\/noticiasribeiraopreto.com.br\/index.php\/wp-json\/wp\/v2\/posts\/70555\/revisions"}],"wp:featuredmedia":[{"embeddable":true,"href":"https:\/\/noticiasribeiraopreto.com.br\/index.php\/wp-json\/wp\/v2\/media\/70556"}],"wp:attachment":[{"href":"https:\/\/noticiasribeiraopreto.com.br\/index.php\/wp-json\/wp\/v2\/media?parent=70555"}],"wp:term":[{"taxonomy":"category","embeddable":true,"href":"https:\/\/noticiasribeiraopreto.com.br\/index.php\/wp-json\/wp\/v2\/categories?post=70555"},{"taxonomy":"post_tag","embeddable":true,"href":"https:\/\/noticiasribeiraopreto.com.br\/index.php\/wp-json\/wp\/v2\/tags?post=70555"}],"curies":[{"name":"wp","href":"https:\/\/api.w.org\/{rel}","templated":true}]}}