{"id":70557,"date":"2025-05-27T18:52:29","date_gmt":"2025-05-27T21:52:29","guid":{"rendered":"https:\/\/noticiasribeiraopreto.com.br\/index.php\/2025\/05\/27\/convocado-para-selecao-brasileira-estevao-vira-a-franca-para-evento-em-igreja-no-jardim-primavera\/"},"modified":"2025-05-27T18:52:29","modified_gmt":"2025-05-27T21:52:29","slug":"convocado-para-selecao-brasileira-estevao-vira-a-franca-para-evento-em-igreja-no-jardim-primavera","status":"publish","type":"post","link":"https:\/\/noticiasribeiraopreto.com.br\/index.php\/2025\/05\/27\/convocado-para-selecao-brasileira-estevao-vira-a-franca-para-evento-em-igreja-no-jardim-primavera\/","title":{"rendered":"Convocado para sele\u00e7\u00e3o brasileira, Estev\u00e3o vir\u00e1 a Franca para evento em igreja no Jardim Primavera"},"content":{"rendered":"<div class='code-block code-block-1' style='margin: 8px 0 8px auto; text-align: right; display: block; clear: both;'>\n<p><a href=\"https:\/\/wa.link\/vpicfd\"><img data-recalc-dims=\"1\" class=\"wp-image-4922\" style=\"aspect-ratio: 2.0253164556962027; width: 561px; height: auto;\" src=\"https:\/\/i0.wp.com\/ismaelcolosi.com.br\/wp-content\/uploads\/2023\/11\/grupo-de-empregos-whatsapp-e-facebook-ismael-colosi-vagas.jpg?ssl=1\" alt=\"\" \/><\/a><\/p>\n<!-- \/wp:image -->\n<\/div>\n<p> <br \/>\n<\/p>\n<div>\n<p>A Igreja I.V.E \u2013 \u201cO Justo Viver\u00e1 Pela F\u00e9\u201d, localizada no Jardim Primavera, celebra o seu 1\u00ba Anivers\u00e1rio com eventos acontecendo entre os dias 30 de maio e 2 de junho. As atividades v\u00e3o reunir grandes nomes da m\u00fasica gospel, pastores renomados e testemunhos inspiradores, entre eles o jogador Estev\u00e3o, francano que est\u00e1 com contrato assinado com o Chelsea (Inglaterra) e vai se despedir do Palmeiras. O atleta tamb\u00e9m est\u00e1 convocado para a sele\u00e7\u00e3o brasileira.<\/p>\n<p>A programa\u00e7\u00e3o ter\u00e1 in\u00edcio na sexta-feira, 30\/05, \u00e0s 19h, com a participa\u00e7\u00e3o da cantora Eliza Mirian, reconhecida por sua voz marcante e ministra\u00e7\u00f5es cheias de un\u00e7\u00e3o, abrindo a celebra\u00e7\u00e3o com um poderoso momento de adora\u00e7\u00e3o.<\/p>\n<p>No s\u00e1bado, 31\/05, \u00e0s 19h, a Pastora Adriana Paulino, vice-presidente do Minist\u00e9rio Prote\u00e7\u00e3o Divina (SP), trar\u00e1 uma mensagem de f\u00e9, cura e prop\u00f3sito. Ao seu lado, o Pr. Felipe Paulino, seu filho e l\u00edder do Minist\u00e9rio de Louvor da IVE, conduzir\u00e1 um momento musical especial, expressando a nova gera\u00e7\u00e3o da adora\u00e7\u00e3o crist\u00e3 com excel\u00eancia e entrega.<\/p>\n<p>O domingo, 1\/06, \u00e0s 17h, ser\u00e1 marcado pela apresenta\u00e7\u00e3o do grupo Marcados, que contagia o p\u00fablico com uma mistura de alegria, un\u00e7\u00e3o e letras que exaltam a presen\u00e7a de Deus, proporcionando uma noite vibrante de celebra\u00e7\u00e3o.<\/p>\n<p>O encerramento acontece na segunda-feira, 02\/06, \u00e0s 19h, com o Pr. Ivo Gon\u00e7alves e convidados, e a participa\u00e7\u00e3o especial de Regis Danese e Banda, um dos nomes mais consagrados da m\u00fasica gospel nacional. Regis promete emocionar com seus cl\u00e1ssicos, como \u201cFaz um Milagre em Mim\u201d, que se tornaram hinos da f\u00e9 brasileira.<\/p>\n<p>Al\u00e9m disso, h\u00e1 expectativa de grande como\u00e7\u00e3o do p\u00fablico com o testemunho do jogador Estev\u00e3o, que j\u00e1 confirmou presen\u00e7a e compartilhar\u00e1 sua caminhada de f\u00e9 e os milagres vivenciados em sua trajet\u00f3ria.<\/p>\n<p>Servi\u00e7o<\/p>\n<p>Entrada Gratuita \u2013 Mas \u00e9 necess\u00e1rio retirar o ingresso com anteced\u00eancia atrav\u00e9s do link: <a href=\"https:\/\/duoticket.com.br\/p\/igreja-visao-do-evangelho\" target=\"_blank\" rel=\"noopener\"><strong>https:\/\/duoticket.com.br\/p\/igreja-visao-do-evangelho. <\/strong><\/a>Local: Av. Euclides Coelho, 2771 \u2013 Jardim Primavera, Franca<\/p>\n<p>Leia tamb\u00e9m:<\/p>\n<blockquote class=\"wp-embedded-content\" data-secret=\"KIHBDYbw6Q\">\n<p><a href=\"https:\/\/www.f3noticias.com.br\/francano-estevao-willian-brilha-na-copinha-e-tem-futuro-desenhado-como-promessa-mundial-no-futebol\/\">Francano Estev\u00e3o Willian brilha na Copinha e tem futuro desenhado como promessa mundial no futebol<\/a><\/p>\n<\/blockquote>\n<p><iframe loading=\"lazy\" class=\"wp-embedded-content\" sandbox=\"allow-scripts\" security=\"restricted\" style=\"position: absolute; clip: rect(1px, 1px, 1px, 1px);\" title=\"\u201cFrancano Estev\u00e3o Willian brilha na Copinha e tem futuro desenhado como promessa mundial no futebol\u201d \u2014 F3 Not\u00edcias\" src=\"https:\/\/www.f3noticias.com.br\/francano-estevao-willian-brilha-na-copinha-e-tem-futuro-desenhado-como-promessa-mundial-no-futebol\/embed\/#?secret=G9chki0NGV#?secret=KIHBDYbw6Q\" data-secret=\"KIHBDYbw6Q\" width=\"500\" height=\"282\" frameborder=\"0\" marginwidth=\"0\" marginheight=\"0\" scrolling=\"no\"><\/iframe><\/p>\n<blockquote class=\"wp-embedded-content\" data-secret=\"wIDmiHYJWn\">\n<p><a href=\"https:\/\/www.f3noticias.com.br\/venda-de-talento-francano-no-futebol-bate-recorde-historico-de-615-mi-de-euros\/\">Venda de talento francano no futebol bate recorde hist\u00f3rico de 61,5 mi de euros<\/a><\/p>\n<\/blockquote>\n<p><iframe loading=\"lazy\" class=\"wp-embedded-content\" sandbox=\"allow-scripts\" security=\"restricted\" style=\"position: absolute; clip: rect(1px, 1px, 1px, 1px);\" title=\"\u201cVenda de talento francano no futebol bate recorde hist\u00f3rico de 61,5 mi de euros\u201d \u2014 F3 Not\u00edcias\" src=\"https:\/\/www.f3noticias.com.br\/venda-de-talento-francano-no-futebol-bate-recorde-historico-de-615-mi-de-euros\/embed\/#?secret=r4cr2Tzmmx#?secret=wIDmiHYJWn\" data-secret=\"wIDmiHYJWn\" width=\"500\" height=\"282\" frameborder=\"0\" marginwidth=\"0\" marginheight=\"0\" scrolling=\"no\"><\/iframe><\/p>\n<\/p><\/div>\n<p><br \/>\n<br \/><a href=\"https:\/\/www.f3noticias.com.br\/convocado-para-selecao-brasileira-estevao-vira-a-franca-para-evento-em-igreja-no-jardim-primavera\/\">Source link <\/a><\/p>\n<!-- CONTENT END 1 -->\n","protected":false},"excerpt":{"rendered":"<p>A Igreja I.V.E \u2013 \u201cO Justo Viver\u00e1 Pela F\u00e9\u201d, localizada no Jardim Primavera, celebra o seu 1\u00ba Anivers\u00e1rio com eventos acontecendo entre os dias 30&#8230;<\/p>\n","protected":false},"author":1,"featured_media":70558,"comment_status":"open","ping_status":"open","sticky":false,"template":"","format":"standard","meta":{"advanced_seo_description":"","jetpack_seo_html_title":"","jetpack_seo_noindex":false,"jetpack_post_was_ever_published":false,"_jetpack_newsletter_access":"","_jetpack_dont_email_post_to_subs":false,"_jetpack_newsletter_tier_id":0,"_jetpack_memberships_contains_paywalled_content":false,"_jetpack_memberships_contains_paid_content":false,"footnotes":"","jetpack_publicize_message":"","jetpack_publicize_feature_enabled":true,"jetpack_social_post_already_shared":true,"jetpack_social_options":{"image_generator_settings":{"template":"highway","default_image_id":0,"font":"","enabled":false},"version":2}},"categories":[3597],"tags":[],"class_list":["post-70557","post","type-post","status-publish","format-standard","has-post-thumbnail","hentry","category-noticias-franca-sp"],"jetpack_publicize_connections":[],"jetpack_featured_media_url":"https:\/\/i0.wp.com\/noticiasribeiraopreto.com.br\/wp-content\/uploads\/2025\/05\/estevao-franca.png?fit=700%2C388&ssl=1","jetpack-related-posts":[{"id":57124,"url":"https:\/\/noticiasribeiraopreto.com.br\/index.php\/2024\/08\/23\/atacante-estevao-natural-de-franca-e-convocado-para-selecao-brasileira\/","url_meta":{"origin":70557,"position":0},"title":"Atacante Est\u00eav\u00e3o, natural de Franca, \u00e9 convocado para Sele\u00e7\u00e3o Brasileira","author":"noticiasribeiraopreto.com.br","date":"23 de August de 2024","format":false,"excerpt":"O treinador Dorival J\u00fanior anunciou nesta sexta-feira (23) a lista de convocados da Sele\u00e7\u00e3o Brasileira para as pr\u00f3ximas duas rodadas das Eliminat\u00f3rias para a Copa do Mundo de 2026. Entre as novidades, est\u00e1 o atacante Est\u00eav\u00e3o, do Palmeiras, que natural de Franca, na regi\u00e3o de Ribeir\u00e3o Preto. A lista ainda\u2026","rel":"","context":"In &quot;Not\u00edcias de Ribeir\u00e3o Preto-SP e Regi\u00e3o&quot;","block_context":{"text":"Not\u00edcias de Ribeir\u00e3o Preto-SP e Regi\u00e3o","link":"https:\/\/noticiasribeiraopreto.com.br\/index.php\/category\/noticias-de-ribeirao-preto-sp-e-regiao-ismael-colosi\/"},"img":{"alt_text":"","src":"https:\/\/i0.wp.com\/noticiasribeiraopreto.com.br\/wp-content\/uploads\/2024\/08\/estevao_2024-08-23_16-30-12_jpeg_2024-08-23_16-30-13-scaled.webp.webp?fit=1200%2C800&ssl=1&resize=350%2C200","width":350,"height":200,"srcset":"https:\/\/i0.wp.com\/noticiasribeiraopreto.com.br\/wp-content\/uploads\/2024\/08\/estevao_2024-08-23_16-30-12_jpeg_2024-08-23_16-30-13-scaled.webp.webp?fit=1200%2C800&ssl=1&resize=350%2C200 1x, https:\/\/i0.wp.com\/noticiasribeiraopreto.com.br\/wp-content\/uploads\/2024\/08\/estevao_2024-08-23_16-30-12_jpeg_2024-08-23_16-30-13-scaled.webp.webp?fit=1200%2C800&ssl=1&resize=525%2C300 1.5x, https:\/\/i0.wp.com\/noticiasribeiraopreto.com.br\/wp-content\/uploads\/2024\/08\/estevao_2024-08-23_16-30-12_jpeg_2024-08-23_16-30-13-scaled.webp.webp?fit=1200%2C800&ssl=1&resize=700%2C400 2x, https:\/\/i0.wp.com\/noticiasribeiraopreto.com.br\/wp-content\/uploads\/2024\/08\/estevao_2024-08-23_16-30-12_jpeg_2024-08-23_16-30-13-scaled.webp.webp?fit=1200%2C800&ssl=1&resize=1050%2C600 3x"},"classes":[]},{"id":70937,"url":"https:\/\/noticiasribeiraopreto.com.br\/index.php\/2025\/05\/31\/jornal-da-franca-francano-estevao-se-despede-da-torcida-do-palmeiras-craque-a-caminho-do-chelsea\/","url_meta":{"origin":70557,"position":1},"title":"Jornal da Franca &#8211; Francano Estev\u00e3o se despede da torcida do Palmeiras; craque a caminho do Chelsea\u00a0","author":"noticiasribeiraopreto.com.br","date":"31 de May de 2025","format":false,"excerpt":"compartilhar no whatsapp compartilhar no telegram compartilhar no facebook compartilhar no linkedin Atacante se emociona ao deixar o Verd\u00e3o antes de se juntar ao time da Inglaterra Nesta quarta-feira, o atacante francano Estev\u00e3o se despediu da torcida do Palmeiras ap\u00f3s a vit\u00f3ria do Verd\u00e3o por 6 a 0 pela Libertadores\u2026","rel":"","context":"In &quot;Not\u00edcias de Franca-SP&quot;","block_context":{"text":"Not\u00edcias de Franca-SP","link":"https:\/\/noticiasribeiraopreto.com.br\/index.php\/category\/noticias-de-ribeirao-preto-sp-e-regiao-ismael-colosi\/noticias-franca-sp\/"},"img":{"alt_text":"","src":"https:\/\/i0.wp.com\/noticiasribeiraopreto.com.br\/wp-content\/uploads\/2025\/05\/images-69.jpeg?fit=678%2C452&ssl=1&resize=350%2C200","width":350,"height":200,"srcset":"https:\/\/i0.wp.com\/noticiasribeiraopreto.com.br\/wp-content\/uploads\/2025\/05\/images-69.jpeg?fit=678%2C452&ssl=1&resize=350%2C200 1x, https:\/\/i0.wp.com\/noticiasribeiraopreto.com.br\/wp-content\/uploads\/2025\/05\/images-69.jpeg?fit=678%2C452&ssl=1&resize=525%2C300 1.5x"},"classes":[]},{"id":64262,"url":"https:\/\/noticiasribeiraopreto.com.br\/index.php\/2025\/03\/06\/com-neymar-e-jogador-de-ribeirao-veja-a-lista-de-convocados-da-selecao\/","url_meta":{"origin":70557,"position":2},"title":"Com Neymar e jogador de Ribeir\u00e3o, veja a lista de convocados da Sele\u00e7\u00e3o","author":"noticiasribeiraopreto.com.br","date":"6 de March de 2025","format":false,"excerpt":"O treinador da sele\u00e7\u00e3o brasileira, Dorival J\u00fanior, anunciou nesta quinta-feira (6), os nomes dos 23 jogadores convocados para defender a Sele\u00e7\u00e3o Brasileira nas pr\u00f3ximas duas partidas das Eliminat\u00f3rias da Copa do Mundo de 2026. Al\u00e9m de Neymar, que estava fora da sele\u00e7\u00e3o desde outubro de 2023 por causa de les\u00f5es,\u2026","rel":"","context":"In &quot;Not\u00edcias de Ribeir\u00e3o Preto-SP e Regi\u00e3o&quot;","block_context":{"text":"Not\u00edcias de Ribeir\u00e3o Preto-SP e Regi\u00e3o","link":"https:\/\/noticiasribeiraopreto.com.br\/index.php\/category\/noticias-de-ribeirao-preto-sp-e-regiao-ismael-colosi\/"},"img":{"alt_text":"","src":"https:\/\/i0.wp.com\/noticiasribeiraopreto.com.br\/wp-content\/uploads\/2025\/03\/copa_20140508202945-scaled.jpg?fit=1200%2C800&ssl=1&resize=350%2C200","width":350,"height":200,"srcset":"https:\/\/i0.wp.com\/noticiasribeiraopreto.com.br\/wp-content\/uploads\/2025\/03\/copa_20140508202945-scaled.jpg?fit=1200%2C800&ssl=1&resize=350%2C200 1x, https:\/\/i0.wp.com\/noticiasribeiraopreto.com.br\/wp-content\/uploads\/2025\/03\/copa_20140508202945-scaled.jpg?fit=1200%2C800&ssl=1&resize=525%2C300 1.5x, https:\/\/i0.wp.com\/noticiasribeiraopreto.com.br\/wp-content\/uploads\/2025\/03\/copa_20140508202945-scaled.jpg?fit=1200%2C800&ssl=1&resize=700%2C400 2x, https:\/\/i0.wp.com\/noticiasribeiraopreto.com.br\/wp-content\/uploads\/2025\/03\/copa_20140508202945-scaled.jpg?fit=1200%2C800&ssl=1&resize=1050%2C600 3x"},"classes":[]},{"id":70458,"url":"https:\/\/noticiasribeiraopreto.com.br\/index.php\/2025\/05\/26\/natural-de-franca-estevao-aparece-na-primeira-convocacao-de-ancelotti\/","url_meta":{"origin":70557,"position":3},"title":"Natural de Franca, Est\u00eav\u00e3o aparece na primeira convoca\u00e7\u00e3o de Ancelotti","author":"noticiasribeiraopreto.com.br","date":"26 de May de 2025","format":false,"excerpt":"O atacante Est\u00eav\u00e3o, natural de Franca, apareceu na primeira convoca\u00e7\u00e3o de Carlo Ancelotti na sele\u00e7\u00e3o brasileira. O italiano fez a primeira convoca\u00e7\u00e3o ap\u00f3s ser apresentado em um hotel no Rio de Janeiro, na tarde desta segunda-feira (26) \u2013 veja abaixo. A sele\u00e7\u00e3o brasileira se apresenta no dia 2 de junho.\u2026","rel":"","context":"In &quot;Not\u00edcias de Ribeir\u00e3o Preto-SP e Regi\u00e3o&quot;","block_context":{"text":"Not\u00edcias de Ribeir\u00e3o Preto-SP e Regi\u00e3o","link":"https:\/\/noticiasribeiraopreto.com.br\/index.php\/category\/noticias-de-ribeirao-preto-sp-e-regiao-ismael-colosi\/"},"img":{"alt_text":"","src":"https:\/\/i0.wp.com\/noticiasribeiraopreto.com.br\/wp-content\/uploads\/2024\/09\/estevao_2024-09-07_14-37-10_jpg_2024-09-07_14-37-10.webp.webp?fit=1080%2C792&ssl=1&resize=350%2C200","width":350,"height":200,"srcset":"https:\/\/i0.wp.com\/noticiasribeiraopreto.com.br\/wp-content\/uploads\/2024\/09\/estevao_2024-09-07_14-37-10_jpg_2024-09-07_14-37-10.webp.webp?fit=1080%2C792&ssl=1&resize=350%2C200 1x, https:\/\/i0.wp.com\/noticiasribeiraopreto.com.br\/wp-content\/uploads\/2024\/09\/estevao_2024-09-07_14-37-10_jpg_2024-09-07_14-37-10.webp.webp?fit=1080%2C792&ssl=1&resize=525%2C300 1.5x, https:\/\/i0.wp.com\/noticiasribeiraopreto.com.br\/wp-content\/uploads\/2024\/09\/estevao_2024-09-07_14-37-10_jpg_2024-09-07_14-37-10.webp.webp?fit=1080%2C792&ssl=1&resize=700%2C400 2x, https:\/\/i0.wp.com\/noticiasribeiraopreto.com.br\/wp-content\/uploads\/2024\/09\/estevao_2024-09-07_14-37-10_jpg_2024-09-07_14-37-10.webp.webp?fit=1080%2C792&ssl=1&resize=1050%2C600 3x"},"classes":[]},{"id":71490,"url":"https:\/\/noticiasribeiraopreto.com.br\/index.php\/2025\/06\/06\/jornal-da-franca-atacante-estevao-o-jovem-talento-de-franca-e-o-5-mais-jovem-a-jogar-na-selecao\/","url_meta":{"origin":70557,"position":4},"title":"Jornal da Franca &#8211; Atacante Estev\u00e3o, o jovem talento de Franca, \u00e9 o 5\u00b0 mais jovem a jogar\u00a0na Sele\u00e7\u00e3o","author":"noticiasribeiraopreto.com.br","date":"6 de June de 2025","format":false,"excerpt":"compartilhar no whatsapp compartilhar no telegram compartilhar no facebook compartilhar no linkedin Estreia do craque ser\u00e1 hoje contra o Equador pelas Eliminat\u00f3rias da Copa do Mundo Nesta noite, o atacante francano Estev\u00e3o far\u00e1 sua estreia na Sele\u00e7\u00e3o Brasileira em um jogo pelas eliminat\u00f3rias da Copa do Mundo contra o Equador,\u2026","rel":"","context":"In &quot;Not\u00edcias de Franca-SP&quot;","block_context":{"text":"Not\u00edcias de Franca-SP","link":"https:\/\/noticiasribeiraopreto.com.br\/index.php\/category\/noticias-de-ribeirao-preto-sp-e-regiao-ismael-colosi\/noticias-franca-sp\/"},"img":{"alt_text":"","src":"https:\/\/i0.wp.com\/noticiasribeiraopreto.com.br\/wp-content\/uploads\/2025\/06\/53774397010_17e86f7218_k.jpg?fit=950%2C644&ssl=1&resize=350%2C200","width":350,"height":200,"srcset":"https:\/\/i0.wp.com\/noticiasribeiraopreto.com.br\/wp-content\/uploads\/2025\/06\/53774397010_17e86f7218_k.jpg?fit=950%2C644&ssl=1&resize=350%2C200 1x, https:\/\/i0.wp.com\/noticiasribeiraopreto.com.br\/wp-content\/uploads\/2025\/06\/53774397010_17e86f7218_k.jpg?fit=950%2C644&ssl=1&resize=525%2C300 1.5x, https:\/\/i0.wp.com\/noticiasribeiraopreto.com.br\/wp-content\/uploads\/2025\/06\/53774397010_17e86f7218_k.jpg?fit=950%2C644&ssl=1&resize=700%2C400 2x"},"classes":[]},{"id":71091,"url":"https:\/\/noticiasribeiraopreto.com.br\/index.php\/2025\/06\/02\/jornal-da-franca-trio-do-sesi-franca-e-convocado-para-jogar-americup-sub-16-pela-selecao-brasileira\/","url_meta":{"origin":70557,"position":5},"title":"Jornal da Franca &#8211; Trio do Sesi Franca \u00e9 convocado para jogar AmeriCup Sub-16 pela Sele\u00e7\u00e3o Brasileira","author":"noticiasribeiraopreto.com.br","date":"2 de June de 2025","format":false,"excerpt":"compartilhar no whatsapp compartilhar no telegram compartilhar no facebook compartilhar no linkedin Matheus Silva, Ruan Valentim e Vithor Dornelles representam a for\u00e7a da base francana no torneio continental, que vale vaga no Mundial Sub-17 de 2026 A Sele\u00e7\u00e3o Brasileira masculina Sub-16 est\u00e1 definida para a disputa da FIBA AmeriCup da\u2026","rel":"","context":"In &quot;Not\u00edcias de Franca-SP&quot;","block_context":{"text":"Not\u00edcias de Franca-SP","link":"https:\/\/noticiasribeiraopreto.com.br\/index.php\/category\/noticias-de-ribeirao-preto-sp-e-regiao-ismael-colosi\/noticias-franca-sp\/"},"img":{"alt_text":"","src":"https:\/\/i0.wp.com\/noticiasribeiraopreto.com.br\/wp-content\/uploads\/2025\/06\/vkb450iaquxovb1fswtw-1-_1747945443.png?fit=850%2C567&ssl=1&resize=350%2C200","width":350,"height":200,"srcset":"https:\/\/i0.wp.com\/noticiasribeiraopreto.com.br\/wp-content\/uploads\/2025\/06\/vkb450iaquxovb1fswtw-1-_1747945443.png?fit=850%2C567&ssl=1&resize=350%2C200 1x, https:\/\/i0.wp.com\/noticiasribeiraopreto.com.br\/wp-content\/uploads\/2025\/06\/vkb450iaquxovb1fswtw-1-_1747945443.png?fit=850%2C567&ssl=1&resize=525%2C300 1.5x, https:\/\/i0.wp.com\/noticiasribeiraopreto.com.br\/wp-content\/uploads\/2025\/06\/vkb450iaquxovb1fswtw-1-_1747945443.png?fit=850%2C567&ssl=1&resize=700%2C400 2x"},"classes":[]}],"jetpack_sharing_enabled":true,"jetpack_shortlink":"https:\/\/wp.me\/peQAOb-im1","_links":{"self":[{"href":"https:\/\/noticiasribeiraopreto.com.br\/index.php\/wp-json\/wp\/v2\/posts\/70557","targetHints":{"allow":["GET"]}}],"collection":[{"href":"https:\/\/noticiasribeiraopreto.com.br\/index.php\/wp-json\/wp\/v2\/posts"}],"about":[{"href":"https:\/\/noticiasribeiraopreto.com.br\/index.php\/wp-json\/wp\/v2\/types\/post"}],"author":[{"embeddable":true,"href":"https:\/\/noticiasribeiraopreto.com.br\/index.php\/wp-json\/wp\/v2\/users\/1"}],"replies":[{"embeddable":true,"href":"https:\/\/noticiasribeiraopreto.com.br\/index.php\/wp-json\/wp\/v2\/comments?post=70557"}],"version-history":[{"count":0,"href":"https:\/\/noticiasribeiraopreto.com.br\/index.php\/wp-json\/wp\/v2\/posts\/70557\/revisions"}],"wp:featuredmedia":[{"embeddable":true,"href":"https:\/\/noticiasribeiraopreto.com.br\/index.php\/wp-json\/wp\/v2\/media\/70558"}],"wp:attachment":[{"href":"https:\/\/noticiasribeiraopreto.com.br\/index.php\/wp-json\/wp\/v2\/media?parent=70557"}],"wp:term":[{"taxonomy":"category","embeddable":true,"href":"https:\/\/noticiasribeiraopreto.com.br\/index.php\/wp-json\/wp\/v2\/categories?post=70557"},{"taxonomy":"post_tag","embeddable":true,"href":"https:\/\/noticiasribeiraopreto.com.br\/index.php\/wp-json\/wp\/v2\/tags?post=70557"}],"curies":[{"name":"wp","href":"https:\/\/api.w.org\/{rel}","templated":true}]}}