{"id":70561,"date":"2025-05-27T20:11:06","date_gmt":"2025-05-27T23:11:06","guid":{"rendered":"https:\/\/noticiasribeiraopreto.com.br\/index.php\/2025\/05\/27\/nova-lei-do-sus-segue-modelo-ja-praticado-em-hospital-de-ribeirao-preto\/"},"modified":"2025-05-27T20:11:06","modified_gmt":"2025-05-27T23:11:06","slug":"nova-lei-do-sus-segue-modelo-ja-praticado-em-hospital-de-ribeirao-preto","status":"publish","type":"post","link":"https:\/\/noticiasribeiraopreto.com.br\/index.php\/2025\/05\/27\/nova-lei-do-sus-segue-modelo-ja-praticado-em-hospital-de-ribeirao-preto\/","title":{"rendered":"Nova lei do SUS segue modelo j\u00e1 praticado em hospital de Ribeir\u00e3o Preto"},"content":{"rendered":"<p> <br \/>\n<\/p>\n<div>\n<p>O<strong> <a href=\"https:\/\/mater.faepa.br\/\">Centro de Referencia da Sa\u00fade da\u00a0Mulher \u2013 Mater<\/a><\/strong>, em Ribeir\u00e3o Preto,<strong> <\/strong>\u00e9 um dos<strong> tr\u00eas hospitais p\u00fablicos no Brasil<\/strong> que j\u00e1 <mark style=\"background-color:#fcb900\" class=\"has-inline-color\">oferecem atendimento espec\u00edfico a fam\u00edlias que enfrentam a perda de um beb\u00ea<\/mark> durante a <strong>gesta\u00e7\u00e3o<\/strong>, no <strong>parto<\/strong> ou nos <strong>primeiros dias de vida<\/strong>.<\/p>\n<p>Os outros dois s\u00e3o o <strong>Hospital Materno Infantil de Bras\u00edlia<\/strong> e a <strong>Maternidade de Alta Complexidade do Maranh\u00e3o<\/strong>.<\/p>\n<p>A informa\u00e7\u00e3o foi divulgada pelo <a href=\"https:\/\/www.gov.br\/saude\/pt-br\/assuntos\/noticias\/2025\/maio\/lei-sancionada-pelo-presidente-lula-garante-tratamento-para-luto-parental-no-sus\"><strong>Minist\u00e9rio da Sa\u00fade<\/strong> <\/a>ap\u00f3s a san\u00e7\u00e3o da lei que institui a Pol\u00edtica Nacional de Humaniza\u00e7\u00e3o do Luto Materno e Parental. <mark style=\"background-color:#fcb900\" class=\"has-inline-color\">A nova legisla\u00e7\u00e3o determina que o Sistema \u00danico de Sa\u00fade (SUS) ofere\u00e7a esse tipo de assist\u00eancia em todo o pa\u00eds.<\/mark><strong> A norma entra em vigor em 90 dias.<\/strong><\/p>\n<h2 class=\"wp-block-heading\"><strong>Servi\u00e7os<\/strong><\/h2>\n<p>Entre os <strong>servi\u00e7os <\/strong>oferecidos, e agora previsto por lei, est\u00e3o o <strong>atendimento psicol\u00f3gico especializado<\/strong>, a <strong>realiza\u00e7\u00e3o de exames para investigar a causa da morte do beb\u00ea<\/strong>, o <strong>acompanhamento de futuras gesta\u00e7\u00f5es<\/strong> e a <strong>cria\u00e7\u00e3o de espa\u00e7os reservados para o acolhimento de m\u00e3es<\/strong> e fam\u00edlias enlutadas nos hospitais.<\/p>\n<p>A lei tamb\u00e9m altera a Lei de Registros P\u00fablicos (Lei n\u00ba 6.015\/1973), <strong>permitindo aos pais registrar o nome do beb\u00ea natimorto<\/strong>, al\u00e9m da inclus\u00e3o de impress\u00f5es digitais e plantares, quando poss\u00edvel. Tamb\u00e9m fica garantido o <strong>direito de velar<\/strong>, <strong>sepultar <\/strong>ou <strong>cremar o beb\u00ea<\/strong>, conforme a decis\u00e3o da fam\u00edlia.<\/p>\n<p>Outra medida prevista \u00e9 a cria\u00e7\u00e3o de<strong> protocolos cl\u00ednicos<\/strong> e a capacita\u00e7\u00e3o das equipes de sa\u00fade para oferecer um acolhimento adequado, incluindo a <strong>possibilidade de despedida<\/strong> e o <strong>encaminhamento para acompanhamento psicol\u00f3gico ap\u00f3s a alta hospitalar.<\/strong><\/p>\n<h3 class=\"wp-block-heading\"><strong>Dados<\/strong><\/h3>\n<p>Segundo dados do<strong> Minist\u00e9rio da Sa\u00fade<\/strong>, o <strong>Brasil <\/strong>registrou <strong>172.257 \u00f3bitos fetais entre 2020 e 2023<\/strong>. A regi\u00e3o Sudeste concentrou o maior n\u00famero de casos, com 40.840 registros. Em 2024, foram contabilizados 22.919 \u00f3bitos fetais e 19.997 \u00f3bitos neonatais (at\u00e9 28 dias de vida).<\/p>\n<p>A <strong>Organiza\u00e7\u00e3o Mundial da Sa\u00fade (OMS)<\/strong> estima que <strong>cerca de dois milh\u00f5es de beb\u00eas nascem mortos a cada ano no mundo<\/strong>, o que representa um natimorto a cada 16 segundos.<\/p>\n<hr class=\"wp-block-separator has-alpha-channel-opacity\"\/>\n<p>SAIBA MAIS<br \/>Veja o mapa da primeira onda de frio do ano; Saiba quando ser\u00e1 o pico<\/p>\n<h3 class=\"wp-block-heading\"><strong>FIQUE ON<\/strong><\/h3>\n<p>Fique ligado em tudo que acontece em Ribeir\u00e3o Preto e regi\u00e3o. Siga os perfis do\u00a0<strong>acidade on\u00a0<\/strong>no\u00a0<a href=\"https:\/\/www.instagram.com\/acidadeonribeirao\" target=\"_blank\" rel=\"noreferrer noopener\">Instagram<\/a>\u00a0e no\u00a0<a href=\"https:\/\/www.facebook.com\/acidadeonribeirao\" target=\"_blank\" rel=\"noreferrer noopener\">Facebook<\/a>.<\/p>\n<p>Receba not\u00edcias do<strong>\u00a0acidade on<\/strong>\u00a0no WhatsApp. Para entrar no grupo, basta\u00a0<a href=\"https:\/\/chat.whatsapp.com\/BjKQZ9oJwlz8VVT50NuePq\" target=\"_blank\" rel=\"noreferrer noopener\">clicar aqui<\/a>.<\/p>\n<p>Fa\u00e7a uma den\u00fancia ou sugira uma reportagem sobre Ribeir\u00e3o Preto e regi\u00e3o pelo WhatsApp: 16 99117 7802.<\/p>\n<p>VEJA TAMB\u00c9M<\/p>\n<p>Azeite: mais duas marcas s\u00e3o proibidas; saiba quais s\u00e3o<\/p>\n<p><!-- CONTENT END 1 -->\n<\/div>\n<p><script async src=\"\/\/www.instagram.com\/embed.js\"><\/script><br \/>\n<br \/><br \/>\n<br \/><a href=\"https:\/\/www.acidadeon.com\/ribeiraopreto\/cotidiano\/nova-lei-do-sus-segue-modelo-ja-praticado-em-hospital-de-ribeirao-preto\/\">Source link <\/a><\/p>\n","protected":false},"excerpt":{"rendered":"<p>O Centro de Referencia da Sa\u00fade da\u00a0Mulher \u2013 Mater, em Ribeir\u00e3o Preto, \u00e9 um dos tr\u00eas hospitais p\u00fablicos no Brasil que j\u00e1 oferecem atendimento espec\u00edfico&#8230;<\/p>\n","protected":false},"author":1,"featured_media":70562,"comment_status":"open","ping_status":"open","sticky":false,"template":"","format":"standard","meta":{"advanced_seo_description":"","jetpack_seo_html_title":"","jetpack_seo_noindex":false,"jetpack_post_was_ever_published":false,"_jetpack_newsletter_access":"","_jetpack_dont_email_post_to_subs":false,"_jetpack_newsletter_tier_id":0,"_jetpack_memberships_contains_paywalled_content":false,"_jetpack_memberships_contains_paid_content":false,"footnotes":"","jetpack_publicize_message":"","jetpack_publicize_feature_enabled":true,"jetpack_social_post_already_shared":true,"jetpack_social_options":{"image_generator_settings":{"template":"highway","default_image_id":0,"font":"","enabled":false},"version":2}},"categories":[11],"tags":[],"class_list":["post-70561","post","type-post","status-publish","format-standard","has-post-thumbnail","hentry","category-noticias-de-ribeirao-preto-sp-e-regiao-ismael-colosi"],"jetpack_publicize_connections":[],"jetpack_featured_media_url":"https:\/\/i0.wp.com\/noticiasribeiraopreto.com.br\/wp-content\/uploads\/2025\/05\/Copia-de-Copia-de-Copia-de-TAMANHO-EXATO-PARA-FOTOS-NO-SISTEMA-NOVO-2025-05-27T192605.279_2025-05-27_22-27-20.webp.webp?fit=1200%2C675&ssl=1","jetpack-related-posts":[{"id":70440,"url":"https:\/\/noticiasribeiraopreto.com.br\/index.php\/2025\/05\/26\/nova-lei-garante-apoio-as-familias-em-luto-materno-e-parental-entenda-as-mudancas\/","url_meta":{"origin":70561,"position":0},"title":"Nova lei garante apoio \u00e0s fam\u00edlias em luto materno e parental; entenda as mudan\u00e7as","author":"noticiasribeiraopreto.com.br","date":"26 de May de 2025","format":false,"excerpt":"O presidente Luiz In\u00e1cio Lula da Silva (PT) sancionou a Lei que cria a Pol\u00edtica Nacional de Humaniza\u00e7\u00e3o do Luto Materno e Parental. O tratamento e acolhimento a fam\u00edlias que enfrentam a perda de um filho durante ou depois da gesta\u00e7\u00e3o, que j\u00e1 \u00e9 dispon\u00edvel em Ribeir\u00e3o Preto, passa a\u2026","rel":"","context":"In &quot;Not\u00edcias de Ribeir\u00e3o Preto-SP e Regi\u00e3o&quot;","block_context":{"text":"Not\u00edcias de Ribeir\u00e3o Preto-SP e Regi\u00e3o","link":"https:\/\/noticiasribeiraopreto.com.br\/index.php\/category\/noticias-de-ribeirao-preto-sp-e-regiao-ismael-colosi\/"},"img":{"alt_text":"","src":"https:\/\/i0.wp.com\/noticiasribeiraopreto.com.br\/wp-content\/uploads\/2025\/05\/maternidade_2025-05-26_15-43-25.webp.webp?fit=1200%2C800&ssl=1&resize=350%2C200","width":350,"height":200,"srcset":"https:\/\/i0.wp.com\/noticiasribeiraopreto.com.br\/wp-content\/uploads\/2025\/05\/maternidade_2025-05-26_15-43-25.webp.webp?fit=1200%2C800&ssl=1&resize=350%2C200 1x, https:\/\/i0.wp.com\/noticiasribeiraopreto.com.br\/wp-content\/uploads\/2025\/05\/maternidade_2025-05-26_15-43-25.webp.webp?fit=1200%2C800&ssl=1&resize=525%2C300 1.5x, https:\/\/i0.wp.com\/noticiasribeiraopreto.com.br\/wp-content\/uploads\/2025\/05\/maternidade_2025-05-26_15-43-25.webp.webp?fit=1200%2C800&ssl=1&resize=700%2C400 2x, https:\/\/i0.wp.com\/noticiasribeiraopreto.com.br\/wp-content\/uploads\/2025\/05\/maternidade_2025-05-26_15-43-25.webp.webp?fit=1200%2C800&ssl=1&resize=1050%2C600 3x"},"classes":[]},{"id":60031,"url":"https:\/\/noticiasribeiraopreto.com.br\/index.php\/2024\/11\/04\/ribeirao-preto-aprova-campanha-permanente-de-incentivo-a-doacao-de-leite-materno\/","url_meta":{"origin":70561,"position":1},"title":"Ribeir\u00e3o Preto Aprova Campanha Permanente de Incentivo \u00e0 Doa\u00e7\u00e3o de Leite Materno","author":"noticiasribeiraopreto.com.br","date":"4 de November de 2024","format":false,"excerpt":"A C\u00e2mara Municipal de Ribeir\u00e3o Preto aprovou um projeto de lei que institui uma campanha permanente de incentivo \u00e0 doa\u00e7\u00e3o de leite materno na cidade. A medida visa promover a conscientiza\u00e7\u00e3o da popula\u00e7\u00e3o sobre a import\u00e2ncia dessa doa\u00e7\u00e3o, essencial para a sa\u00fade de rec\u00e9m-nascidos prematuros e beb\u00eas internados em unidades\u2026","rel":"","context":"In &quot;Not\u00edcias de Ribeir\u00e3o Preto-SP e Regi\u00e3o&quot;","block_context":{"text":"Not\u00edcias de Ribeir\u00e3o Preto-SP e Regi\u00e3o","link":"https:\/\/noticiasribeiraopreto.com.br\/index.php\/category\/noticias-de-ribeirao-preto-sp-e-regiao-ismael-colosi\/"},"img":{"alt_text":"","src":"https:\/\/i0.wp.com\/noticiasribeiraopreto.com.br\/wp-content\/uploads\/2024\/11\/DSC8272-scaled.jpg?fit=1200%2C800&ssl=1&resize=350%2C200","width":350,"height":200,"srcset":"https:\/\/i0.wp.com\/noticiasribeiraopreto.com.br\/wp-content\/uploads\/2024\/11\/DSC8272-scaled.jpg?fit=1200%2C800&ssl=1&resize=350%2C200 1x, https:\/\/i0.wp.com\/noticiasribeiraopreto.com.br\/wp-content\/uploads\/2024\/11\/DSC8272-scaled.jpg?fit=1200%2C800&ssl=1&resize=525%2C300 1.5x, https:\/\/i0.wp.com\/noticiasribeiraopreto.com.br\/wp-content\/uploads\/2024\/11\/DSC8272-scaled.jpg?fit=1200%2C800&ssl=1&resize=700%2C400 2x, https:\/\/i0.wp.com\/noticiasribeiraopreto.com.br\/wp-content\/uploads\/2024\/11\/DSC8272-scaled.jpg?fit=1200%2C800&ssl=1&resize=1050%2C600 3x"},"classes":[]},{"id":79568,"url":"https:\/\/noticiasribeiraopreto.com.br\/index.php\/2025\/11\/04\/hc-assume-santa-teresa-e-estadual\/","url_meta":{"origin":70561,"position":2},"title":"HC assume Santa Teresa e \u2018Estadual\u2019","author":"noticiasribeiraopreto.com.br","date":"4 de November de 2025","format":false,"excerpt":"4 de novembro de 2025 09:0916 Compartilhar0 Decreto que transferiu a gest\u00e3o foi assinado pelo governador Tarc\u00edsio de Freitas e publicado no Di\u00e1rio Oficial do Estado (DOE) de sexta-feira, 31 de outubro\u2028\u2028 Os hospitais Santa Teresa e Estadual de Ribeir\u00e3o Preto passaram a integrar o Complexo de Sa\u00fade do Hospital\u2026","rel":"","context":"In &quot;Not\u00edcias de Ribeir\u00e3o Preto-SP e Regi\u00e3o&quot;","block_context":{"text":"Not\u00edcias de Ribeir\u00e3o Preto-SP e Regi\u00e3o","link":"https:\/\/noticiasribeiraopreto.com.br\/index.php\/category\/noticias-de-ribeirao-preto-sp-e-regiao-ismael-colosi\/"},"img":{"alt_text":"","src":"https:\/\/i0.wp.com\/noticiasribeiraopreto.com.br\/wp-content\/uploads\/2025\/11\/NovoHC-Est-Alfredo-Risk-scaled.jpg?fit=1170%2C780&ssl=1&resize=350%2C200","width":350,"height":200,"srcset":"https:\/\/i0.wp.com\/noticiasribeiraopreto.com.br\/wp-content\/uploads\/2025\/11\/NovoHC-Est-Alfredo-Risk-scaled.jpg?fit=1170%2C780&ssl=1&resize=350%2C200 1x, https:\/\/i0.wp.com\/noticiasribeiraopreto.com.br\/wp-content\/uploads\/2025\/11\/NovoHC-Est-Alfredo-Risk-scaled.jpg?fit=1170%2C780&ssl=1&resize=525%2C300 1.5x, https:\/\/i0.wp.com\/noticiasribeiraopreto.com.br\/wp-content\/uploads\/2025\/11\/NovoHC-Est-Alfredo-Risk-scaled.jpg?fit=1170%2C780&ssl=1&resize=700%2C400 2x, https:\/\/i0.wp.com\/noticiasribeiraopreto.com.br\/wp-content\/uploads\/2025\/11\/NovoHC-Est-Alfredo-Risk-scaled.jpg?fit=1170%2C780&ssl=1&resize=1050%2C600 3x"},"classes":[]},{"id":70471,"url":"https:\/\/noticiasribeiraopreto.com.br\/index.php\/2025\/05\/26\/pai-e-preso-apos-mandar-filho-adolescente-atirar-em-familia-no-interior-de-sp\/","url_meta":{"origin":70561,"position":3},"title":"Pai \u00e9 preso ap\u00f3s mandar filho adolescente atirar em fam\u00edlia no interior de SP","author":"noticiasribeiraopreto.com.br","date":"26 de May de 2025","format":false,"excerpt":"A pol\u00edcia prendeu em flagrante, na manh\u00e3 desta segunda-feira (26), um homem de 46 anos que mandou o filho adolescente atirar em uma fam\u00edlia, em um dep\u00f3sito de sucata, em Barretos, no interior de S\u00e3o Paulo. De acordo com a Pol\u00edcia Militar e a Pol\u00edcia Civil, depois de uma briga\u2026","rel":"","context":"In &quot;Not\u00edcias de Ribeir\u00e3o Preto-SP e Regi\u00e3o&quot;","block_context":{"text":"Not\u00edcias de Ribeir\u00e3o Preto-SP e Regi\u00e3o","link":"https:\/\/noticiasribeiraopreto.com.br\/index.php\/category\/noticias-de-ribeirao-preto-sp-e-regiao-ismael-colosi\/"},"img":{"alt_text":"","src":"https:\/\/i0.wp.com\/noticiasribeiraopreto.com.br\/wp-content\/uploads\/2025\/05\/Copia-de-Copia-de-Copia-de-TAMANHO-EXATO-PARA-FOTOS-NO-SISTEMA-NOVO-2025-05-26T193519.173_2025-05-26_22-35-24.webp.webp?fit=1200%2C675&ssl=1&resize=350%2C200","width":350,"height":200,"srcset":"https:\/\/i0.wp.com\/noticiasribeiraopreto.com.br\/wp-content\/uploads\/2025\/05\/Copia-de-Copia-de-Copia-de-TAMANHO-EXATO-PARA-FOTOS-NO-SISTEMA-NOVO-2025-05-26T193519.173_2025-05-26_22-35-24.webp.webp?fit=1200%2C675&ssl=1&resize=350%2C200 1x, https:\/\/i0.wp.com\/noticiasribeiraopreto.com.br\/wp-content\/uploads\/2025\/05\/Copia-de-Copia-de-Copia-de-TAMANHO-EXATO-PARA-FOTOS-NO-SISTEMA-NOVO-2025-05-26T193519.173_2025-05-26_22-35-24.webp.webp?fit=1200%2C675&ssl=1&resize=525%2C300 1.5x, https:\/\/i0.wp.com\/noticiasribeiraopreto.com.br\/wp-content\/uploads\/2025\/05\/Copia-de-Copia-de-Copia-de-TAMANHO-EXATO-PARA-FOTOS-NO-SISTEMA-NOVO-2025-05-26T193519.173_2025-05-26_22-35-24.webp.webp?fit=1200%2C675&ssl=1&resize=700%2C400 2x, https:\/\/i0.wp.com\/noticiasribeiraopreto.com.br\/wp-content\/uploads\/2025\/05\/Copia-de-Copia-de-Copia-de-TAMANHO-EXATO-PARA-FOTOS-NO-SISTEMA-NOVO-2025-05-26T193519.173_2025-05-26_22-35-24.webp.webp?fit=1200%2C675&ssl=1&resize=1050%2C600 3x"},"classes":[]},{"id":44526,"url":"https:\/\/noticiasribeiraopreto.com.br\/index.php\/2024\/03\/28\/mp-apura-cumprimento-da-lei-de-acompanhante\/","url_meta":{"origin":70561,"position":4},"title":"MP apura cumprimento da lei de acompanhante \u00a0","author":"noticiasribeiraopreto.com.br","date":"28 de March de 2024","format":false,"excerpt":"28 de mar\u00e7o de 2024 | 9:0027 de mar\u00e7o de 2024 | 19:57 1 O promotor Sebasti\u00e3o S\u00e9rgio da Silveira, do Minist\u00e9rio P\u00fablico de S\u00e3o Paulo (MPSP), pediu a instaura\u00e7\u00e3o de inqu\u00e9rito civil para apurar se as unidades hospitalares das comarcas de Ribeir\u00e3o Preto e Guatapar\u00e1 est\u00e3o cumprindo a lei\u2026","rel":"","context":"In &quot;Not\u00edcias de Ribeir\u00e3o Preto-SP e Regi\u00e3o&quot;","block_context":{"text":"Not\u00edcias de Ribeir\u00e3o Preto-SP e Regi\u00e3o","link":"https:\/\/noticiasribeiraopreto.com.br\/index.php\/category\/noticias-de-ribeirao-preto-sp-e-regiao-ismael-colosi\/"},"img":{"alt_text":"","src":"https:\/\/i0.wp.com\/noticiasribeiraopreto.com.br\/wp-content\/uploads\/2024\/03\/MulherRP-Alfredo-Risk-1.jpg?fit=750%2C500&ssl=1&resize=350%2C200","width":350,"height":200,"srcset":"https:\/\/i0.wp.com\/noticiasribeiraopreto.com.br\/wp-content\/uploads\/2024\/03\/MulherRP-Alfredo-Risk-1.jpg?fit=750%2C500&ssl=1&resize=350%2C200 1x, https:\/\/i0.wp.com\/noticiasribeiraopreto.com.br\/wp-content\/uploads\/2024\/03\/MulherRP-Alfredo-Risk-1.jpg?fit=750%2C500&ssl=1&resize=525%2C300 1.5x, https:\/\/i0.wp.com\/noticiasribeiraopreto.com.br\/wp-content\/uploads\/2024\/03\/MulherRP-Alfredo-Risk-1.jpg?fit=750%2C500&ssl=1&resize=700%2C400 2x"},"classes":[]},{"id":63302,"url":"https:\/\/noticiasribeiraopreto.com.br\/index.php\/2025\/02\/09\/governador-tarcisio-de-freitas-inicia-obras-do-novo-hc-ue-de-ribeirao-preto\/","url_meta":{"origin":70561,"position":5},"title":"Governador Tarc\u00edsio de Freitas inicia obras do novo HC-UE de Ribeir\u00e3o Preto","author":"noticiasribeiraopreto.com.br","date":"9 de February de 2025","format":false,"excerpt":"O governador de S\u00e3o Paulo, Tarc\u00edsio de Freitas (Republicanos), esteve em Ribeir\u00e3o Preto neste s\u00e1bado (8) e anunciou o in\u00edcio das obras da nova unidade de urg\u00eancia e emerg\u00eancia do Hospital das Cl\u00ednicas do munic\u00edpio. Com um investimento total de R$ 526,3 milh\u00f5es, a estrutura ocupar\u00e1 uma \u00e1rea de 57.825\u2026","rel":"","context":"In &quot;Not\u00edcias de Ribeir\u00e3o Preto-SP e Regi\u00e3o&quot;","block_context":{"text":"Not\u00edcias de Ribeir\u00e3o Preto-SP e Regi\u00e3o","link":"https:\/\/noticiasribeiraopreto.com.br\/index.php\/category\/noticias-de-ribeirao-preto-sp-e-regiao-ismael-colosi\/"},"img":{"alt_text":"","src":"https:\/\/i0.wp.com\/noticiasribeiraopreto.com.br\/wp-content\/uploads\/2025\/02\/54315270519_f8ac8e8441_o_2025-02-09_14-50-19_jpg_2025-02-09_14-50-23-scaled.webp.webp?fit=1200%2C800&ssl=1&resize=350%2C200","width":350,"height":200,"srcset":"https:\/\/i0.wp.com\/noticiasribeiraopreto.com.br\/wp-content\/uploads\/2025\/02\/54315270519_f8ac8e8441_o_2025-02-09_14-50-19_jpg_2025-02-09_14-50-23-scaled.webp.webp?fit=1200%2C800&ssl=1&resize=350%2C200 1x, https:\/\/i0.wp.com\/noticiasribeiraopreto.com.br\/wp-content\/uploads\/2025\/02\/54315270519_f8ac8e8441_o_2025-02-09_14-50-19_jpg_2025-02-09_14-50-23-scaled.webp.webp?fit=1200%2C800&ssl=1&resize=525%2C300 1.5x, https:\/\/i0.wp.com\/noticiasribeiraopreto.com.br\/wp-content\/uploads\/2025\/02\/54315270519_f8ac8e8441_o_2025-02-09_14-50-19_jpg_2025-02-09_14-50-23-scaled.webp.webp?fit=1200%2C800&ssl=1&resize=700%2C400 2x, https:\/\/i0.wp.com\/noticiasribeiraopreto.com.br\/wp-content\/uploads\/2025\/02\/54315270519_f8ac8e8441_o_2025-02-09_14-50-19_jpg_2025-02-09_14-50-23-scaled.webp.webp?fit=1200%2C800&ssl=1&resize=1050%2C600 3x"},"classes":[]}],"jetpack_sharing_enabled":true,"jetpack_shortlink":"https:\/\/wp.me\/peQAOb-im5","_links":{"self":[{"href":"https:\/\/noticiasribeiraopreto.com.br\/index.php\/wp-json\/wp\/v2\/posts\/70561","targetHints":{"allow":["GET"]}}],"collection":[{"href":"https:\/\/noticiasribeiraopreto.com.br\/index.php\/wp-json\/wp\/v2\/posts"}],"about":[{"href":"https:\/\/noticiasribeiraopreto.com.br\/index.php\/wp-json\/wp\/v2\/types\/post"}],"author":[{"embeddable":true,"href":"https:\/\/noticiasribeiraopreto.com.br\/index.php\/wp-json\/wp\/v2\/users\/1"}],"replies":[{"embeddable":true,"href":"https:\/\/noticiasribeiraopreto.com.br\/index.php\/wp-json\/wp\/v2\/comments?post=70561"}],"version-history":[{"count":0,"href":"https:\/\/noticiasribeiraopreto.com.br\/index.php\/wp-json\/wp\/v2\/posts\/70561\/revisions"}],"wp:featuredmedia":[{"embeddable":true,"href":"https:\/\/noticiasribeiraopreto.com.br\/index.php\/wp-json\/wp\/v2\/media\/70562"}],"wp:attachment":[{"href":"https:\/\/noticiasribeiraopreto.com.br\/index.php\/wp-json\/wp\/v2\/media?parent=70561"}],"wp:term":[{"taxonomy":"category","embeddable":true,"href":"https:\/\/noticiasribeiraopreto.com.br\/index.php\/wp-json\/wp\/v2\/categories?post=70561"},{"taxonomy":"post_tag","embeddable":true,"href":"https:\/\/noticiasribeiraopreto.com.br\/index.php\/wp-json\/wp\/v2\/tags?post=70561"}],"curies":[{"name":"wp","href":"https:\/\/api.w.org\/{rel}","templated":true}]}}