{"id":70563,"date":"2025-05-27T20:17:35","date_gmt":"2025-05-27T23:17:35","guid":{"rendered":"https:\/\/noticiasribeiraopreto.com.br\/index.php\/2025\/05\/27\/justica-aprova-recuperacao-judicial-parcial-da-voepass-entenda\/"},"modified":"2025-05-27T20:17:35","modified_gmt":"2025-05-27T23:17:35","slug":"justica-aprova-recuperacao-judicial-parcial-da-voepass-entenda","status":"publish","type":"post","link":"https:\/\/noticiasribeiraopreto.com.br\/index.php\/2025\/05\/27\/justica-aprova-recuperacao-judicial-parcial-da-voepass-entenda\/","title":{"rendered":"Justi\u00e7a aprova recupera\u00e7\u00e3o judicial parcial da Voepass; Entenda"},"content":{"rendered":"<p> <br \/>\n<\/p>\n<div data-td-block-uid=\"tdi_95\">\n<div class=\"tdb-block-inner td-fix-index\">\n<p>A <strong>Justi\u00e7a <\/strong>concedeu a autoriza\u00e7\u00e3o para a <strong>recupera\u00e7\u00e3o judicial<\/strong> de <strong>duas empresas ligadas \u00e0 Voepass<\/strong>. A decis\u00e3o foi expedida no \u00faltimo domingo (22), pela Vara Regional de Compet\u00eancia Empresarial de <strong>Ribeir\u00e3o Preto<\/strong>.<\/p>\n<p>De acordo com o parecer, apenas a <strong>Joluca Participa\u00e7\u00f5es<\/strong> e a <strong>Passaredo Gest\u00e3o Aeron\u00e1utica<\/strong>, que atuam respectivamente com <strong>servi\u00e7os financeiros<\/strong> e <strong>administra\u00e7\u00e3o de hangares<\/strong> est\u00e3o autorizadas a iniciar o processo de recupera\u00e7\u00e3o financeira.<\/p>\n<p><mark style=\"background-color:#fcb900\" class=\"has-inline-color\">Para as duas empresas aprovadas, o laudo pericial confirmou que elas ainda est\u00e3o em atividade empresarial regular, mesmo que em fase inicial (como no caso da hangaragem da Passaredo Gest\u00e3o Aeron\u00e1utica).<\/mark><\/p>\n<p>Por outro lado, <strong>outras tr\u00eas empresas tiveram o pedido recusado<\/strong>: <strong>Passaredo Transportes A\u00e9reos S\/A<\/strong>;<strong> Map Transportes A\u00e9reos Ltda<\/strong>; e<strong> Serabens Administradora de Bens Ltda<\/strong>.<\/p>\n<p>Na decis\u00e3o do juiz Jose Guilherme Di Rienzo Marrey, ele diz que lei <strong>exige que as empresas estejam em opera\u00e7\u00e3o para poder entrar em recupera\u00e7\u00e3o judicial<\/strong>. Em mar\u00e7o deste ano, por\u00e9m, a companhia a\u00e9rea teve todas as suas opera\u00e7\u00f5es suspensas pela <strong>Anac<\/strong> <strong>(Ag\u00eancia Nacional de Avia\u00e7\u00e3o Civil)<\/strong>, que apontou <strong>irregularidades e falta de seguran\u00e7a<\/strong>.<\/p>\n<figure class=\"wp-block-pullquote\">\n<blockquote>\n<p>\u00a0A despeito da alega\u00e7\u00e3o das requerentes de que j\u00e1 atenderam todas as exig\u00eancias apresentadas pela Ag\u00eancia Nacional de Avia\u00e7\u00e3o Civil (ANAC) para retornar \u00e0s suas atividades, havendo, inclusive, encaminhamento de plano de a\u00e7\u00e3o composto por documentos e medidas j\u00e1 tomadas, \u00e9 certo que, atualmente, as opera\u00e7\u00f5es de transporte a\u00e9reo de passageiros do Grupo Voepass se encontram suspensas e sem previs\u00e3o de retomada<\/p>\n<\/blockquote>\n<\/figure>\n<p>Em nota, a <strong>Voepass <\/strong>informou que est\u00e1 ciente do deferimento parcial de sua solicita\u00e7\u00e3o de Recupera\u00e7\u00e3o Judicial. Al\u00e9m disso, a empresa \u201cconfirma que entrou com recurso para a revis\u00e3o da decis\u00e3o\u201d.<\/p>\n<hr class=\"wp-block-separator has-alpha-channel-opacity\"\/>\n<p>SAIBA MAIS<\/p>\n<p>Inmet publica alerta de queda de temperatura para Ribeir\u00e3o Preto<\/p>\n<h3 class=\"wp-block-heading\"><strong>FIQUE ON<\/strong><\/h3>\n<p>Fique ligado em tudo que acontece em Ribeir\u00e3o Preto e regi\u00e3o. Siga os perfis do\u00a0<strong>acidade on\u00a0<\/strong>no\u00a0<a href=\"https:\/\/www.instagram.com\/acidadeonribeirao\" target=\"_blank\" rel=\"noreferrer noopener\">Instagram<\/a>\u00a0e no\u00a0<a href=\"https:\/\/www.facebook.com\/acidadeonribeirao\" target=\"_blank\" rel=\"noreferrer noopener\">Facebook<\/a>.<\/p>\n<p>Receba not\u00edcias do<strong>\u00a0acidade on<\/strong>\u00a0no WhatsApp. Para entrar no grupo, basta\u00a0<a href=\"https:\/\/chat.whatsapp.com\/BjKQZ9oJwlz8VVT50NuePq\" target=\"_blank\" rel=\"noreferrer noopener\">clicar aqui<\/a>.<\/p>\n<p>Fa\u00e7a uma den\u00fancia ou sugira uma reportagem sobre Ribeir\u00e3o Preto e regi\u00e3o pelo WhatsApp: 16 99117 7802.<\/p>\n<p>VEJA TAMB\u00c9M<\/p>\n<p>Azeite: mais duas marcas s\u00e3o proibidas; saiba quais s\u00e3o<\/p>\n<p><!-- CONTENT END 1 -->\n<\/div>\n<\/div>\n<p><script async src=\"\/\/www.instagram.com\/embed.js\"><\/script><br \/>\n<br \/><br \/>\n<br \/><a href=\"https:\/\/www.acidadeon.com\/ribeiraopreto\/cotidiano\/justica-aprova-recuperacao-judicial-parcial-da-voepass-entenda\/\">Source link <\/a><\/p>\n","protected":false},"excerpt":{"rendered":"<p>A Justi\u00e7a concedeu a autoriza\u00e7\u00e3o para a recupera\u00e7\u00e3o judicial de duas empresas ligadas \u00e0 Voepass. A decis\u00e3o foi expedida no \u00faltimo domingo (22), pela Vara&#8230;<\/p>\n","protected":false},"author":1,"featured_media":63646,"comment_status":"open","ping_status":"open","sticky":false,"template":"","format":"standard","meta":{"advanced_seo_description":"","jetpack_seo_html_title":"","jetpack_seo_noindex":false,"jetpack_post_was_ever_published":false,"_jetpack_newsletter_access":"","_jetpack_dont_email_post_to_subs":false,"_jetpack_newsletter_tier_id":0,"_jetpack_memberships_contains_paywalled_content":false,"_jetpack_memberships_contains_paid_content":false,"footnotes":"","jetpack_publicize_message":"","jetpack_publicize_feature_enabled":true,"jetpack_social_post_already_shared":true,"jetpack_social_options":{"image_generator_settings":{"template":"highway","default_image_id":0,"font":"","enabled":false},"version":2}},"categories":[11],"tags":[],"class_list":["post-70563","post","type-post","status-publish","format-standard","has-post-thumbnail","hentry","category-noticias-de-ribeirao-preto-sp-e-regiao-ismael-colosi"],"jetpack_publicize_connections":[],"jetpack_featured_media_url":"https:\/\/i0.wp.com\/noticiasribeiraopreto.com.br\/wp-content\/uploads\/2025\/02\/voepass_atr-860x573-1_2025-02-18_18-46-18_jpg_2025-02-18_18-46-18.webp.webp?fit=860%2C573&ssl=1","jetpack-related-posts":[{"id":70613,"url":"https:\/\/noticiasribeiraopreto.com.br\/index.php\/2025\/05\/28\/justica-nega-pedido-da-voepass\/","url_meta":{"origin":70563,"position":0},"title":"Justi\u00e7a nega pedido da Voepass \u00a0","author":"noticiasribeiraopreto.com.br","date":"28 de May de 2025","format":false,"excerpt":"A Vara Regional de Compet\u00eancia Empresarial e de Conflitos Relacionados \u00e0 Arbitragem de Ribeir\u00e3o Preto, que tem como titular o juiz Jos\u00e9 Guilherme Di Rienzo Marrey, negou a abertura de processo de recupera\u00e7\u00e3o judicial para empresas da Voepass Linhas A\u00e9reas que atuam com opera\u00e7\u00f5es de transporte e viagens. A informa\u00e7\u00e3o\u2026","rel":"","context":"In &quot;Not\u00edcias de Ribeir\u00e3o Preto-SP e Regi\u00e3o&quot;","block_context":{"text":"Not\u00edcias de Ribeir\u00e3o Preto-SP e Regi\u00e3o","link":"https:\/\/noticiasribeiraopreto.com.br\/index.php\/category\/noticias-de-ribeirao-preto-sp-e-regiao-ismael-colosi\/"},"img":{"alt_text":"","src":"https:\/\/i0.wp.com\/noticiasribeiraopreto.com.br\/wp-content\/uploads\/2025\/05\/Voepass-Alfredo-Risk.jpg?fit=1200%2C625&ssl=1&resize=350%2C200","width":350,"height":200,"srcset":"https:\/\/i0.wp.com\/noticiasribeiraopreto.com.br\/wp-content\/uploads\/2025\/05\/Voepass-Alfredo-Risk.jpg?fit=1200%2C625&ssl=1&resize=350%2C200 1x, https:\/\/i0.wp.com\/noticiasribeiraopreto.com.br\/wp-content\/uploads\/2025\/05\/Voepass-Alfredo-Risk.jpg?fit=1200%2C625&ssl=1&resize=525%2C300 1.5x, https:\/\/i0.wp.com\/noticiasribeiraopreto.com.br\/wp-content\/uploads\/2025\/05\/Voepass-Alfredo-Risk.jpg?fit=1200%2C625&ssl=1&resize=700%2C400 2x, https:\/\/i0.wp.com\/noticiasribeiraopreto.com.br\/wp-content\/uploads\/2025\/05\/Voepass-Alfredo-Risk.jpg?fit=1200%2C625&ssl=1&resize=1050%2C600 3x"},"classes":[]},{"id":73161,"url":"https:\/\/noticiasribeiraopreto.com.br\/index.php\/2025\/06\/26\/anac-redistribuira-slots-da-voepass\/","url_meta":{"origin":70563,"position":1},"title":"Anac redistribuir\u00e1 slots da Voepass","author":"noticiasribeiraopreto.com.br","date":"26 de June de 2025","format":false,"excerpt":"Depois de cassar definitivamente o Certificado de Operador A\u00e9reo (COA) da Passaredo Transportes A\u00e9reos, principal empresa do grupo Voepass Linhas A\u00e9reas, a Ag\u00eancia Nacional de Avia\u00e7\u00e3o Civil (Anac) determinou a retomada dos 20 slots at\u00e9 ent\u00e3o pertencentes \u00e0 companhia ribeir\u00e3o-pretana no Aeroporto de Congonhas, em S\u00e3o Paulo (SP), e a\u2026","rel":"","context":"In &quot;Not\u00edcias de Ribeir\u00e3o Preto-SP e Regi\u00e3o&quot;","block_context":{"text":"Not\u00edcias de Ribeir\u00e3o Preto-SP e Regi\u00e3o","link":"https:\/\/noticiasribeiraopreto.com.br\/index.php\/category\/noticias-de-ribeirao-preto-sp-e-regiao-ismael-colosi\/"},"img":{"alt_text":"","src":"https:\/\/i0.wp.com\/noticiasribeiraopreto.com.br\/wp-content\/uploads\/2025\/06\/Voepass-Paulo-Pinto-Ag.Br_.jpg?fit=1200%2C627&ssl=1&resize=350%2C200","width":350,"height":200,"srcset":"https:\/\/i0.wp.com\/noticiasribeiraopreto.com.br\/wp-content\/uploads\/2025\/06\/Voepass-Paulo-Pinto-Ag.Br_.jpg?fit=1200%2C627&ssl=1&resize=350%2C200 1x, https:\/\/i0.wp.com\/noticiasribeiraopreto.com.br\/wp-content\/uploads\/2025\/06\/Voepass-Paulo-Pinto-Ag.Br_.jpg?fit=1200%2C627&ssl=1&resize=525%2C300 1.5x, https:\/\/i0.wp.com\/noticiasribeiraopreto.com.br\/wp-content\/uploads\/2025\/06\/Voepass-Paulo-Pinto-Ag.Br_.jpg?fit=1200%2C627&ssl=1&resize=700%2C400 2x, https:\/\/i0.wp.com\/noticiasribeiraopreto.com.br\/wp-content\/uploads\/2025\/06\/Voepass-Paulo-Pinto-Ag.Br_.jpg?fit=1200%2C627&ssl=1&resize=1050%2C600 3x"},"classes":[]},{"id":73055,"url":"https:\/\/noticiasribeiraopreto.com.br\/index.php\/2025\/06\/24\/anac-encerra-definitivamente-operacao-da-voepass\/","url_meta":{"origin":70563,"position":2},"title":"Anac encerra definitivamente opera\u00e7\u00e3o da Voepass","author":"noticiasribeiraopreto.com.br","date":"24 de June de 2025","format":false,"excerpt":"A Ag\u00eancia Nacional de Avia\u00e7\u00e3o Civil (Anac) decidiu, nesta ter\u00e7a-feira, 24 de junho, pela cassa\u00e7\u00e3o do Certificado de Operador A\u00e9reo (COA) da Passaredo Transportes A\u00e9reos, principal empresa do grupo Voepass Linhas A\u00e9reas, ap\u00f3s identificar falhas graves e persistentes no Sistema de An\u00e1lise e Supervis\u00e3o Continuada (SASC) da companhia. N\u00e3o cabem\u2026","rel":"","context":"In &quot;Not\u00edcias de Ribeir\u00e3o Preto-SP e Regi\u00e3o&quot;","block_context":{"text":"Not\u00edcias de Ribeir\u00e3o Preto-SP e Regi\u00e3o","link":"https:\/\/noticiasribeiraopreto.com.br\/index.php\/category\/noticias-de-ribeirao-preto-sp-e-regiao-ismael-colosi\/"},"img":{"alt_text":"","src":"https:\/\/i0.wp.com\/noticiasribeiraopreto.com.br\/wp-content\/uploads\/2025\/06\/Voepass-Paulo-Pinto-Ag.Br_.-101-scaled.jpg?fit=800%2C487&ssl=1&resize=350%2C200","width":350,"height":200,"srcset":"https:\/\/i0.wp.com\/noticiasribeiraopreto.com.br\/wp-content\/uploads\/2025\/06\/Voepass-Paulo-Pinto-Ag.Br_.-101-scaled.jpg?fit=800%2C487&ssl=1&resize=350%2C200 1x, https:\/\/i0.wp.com\/noticiasribeiraopreto.com.br\/wp-content\/uploads\/2025\/06\/Voepass-Paulo-Pinto-Ag.Br_.-101-scaled.jpg?fit=800%2C487&ssl=1&resize=525%2C300 1.5x, https:\/\/i0.wp.com\/noticiasribeiraopreto.com.br\/wp-content\/uploads\/2025\/06\/Voepass-Paulo-Pinto-Ag.Br_.-101-scaled.jpg?fit=800%2C487&ssl=1&resize=700%2C400 2x"},"classes":[]},{"id":68185,"url":"https:\/\/noticiasribeiraopreto.com.br\/index.php\/2025\/04\/23\/voepass-entra-com-pedido-de-recuperacao-judicial\/","url_meta":{"origin":70563,"position":3},"title":"Voepass entra com pedido de recupera\u00e7\u00e3o judicial","author":"noticiasribeiraopreto.com.br","date":"23 de April de 2025","format":false,"excerpt":"23 de abril de 2025 09:490 Compartilhar0 A Voepass protocolou nesta ter\u00e7a-feira, 22, um pedido de recupera\u00e7\u00e3o judicial para tentar reestruturar sua d\u00edvida e evitar uma fal\u00eancia. Em mar\u00e7o, a\u00a0companhia \u00e1erea\u00a0teve todas as\u00a0opera\u00e7\u00f5es suspensas\u00a0pela\u00a0Ag\u00eancia Nacional de Avia\u00e7\u00e3o Civil (Anac), que apontou\u00a0irregularidades\u00a0e\u00a0falta de seguran\u00e7a. A empresa acumula d\u00edvidas em torno de\u2026","rel":"","context":"In &quot;Not\u00edcias de Ribeir\u00e3o Preto-SP e Regi\u00e3o&quot;","block_context":{"text":"Not\u00edcias de Ribeir\u00e3o Preto-SP e Regi\u00e3o","link":"https:\/\/noticiasribeiraopreto.com.br\/index.php\/category\/noticias-de-ribeirao-preto-sp-e-regiao-ismael-colosi\/"},"img":{"alt_text":"","src":"https:\/\/i0.wp.com\/noticiasribeiraopreto.com.br\/wp-content\/uploads\/2025\/04\/VOEPASS-anuncia-retorno-de-operacoes-Foto-divulgacao-Copia.jpg?fit=640%2C426&ssl=1&resize=350%2C200","width":350,"height":200,"srcset":"https:\/\/i0.wp.com\/noticiasribeiraopreto.com.br\/wp-content\/uploads\/2025\/04\/VOEPASS-anuncia-retorno-de-operacoes-Foto-divulgacao-Copia.jpg?fit=640%2C426&ssl=1&resize=350%2C200 1x, https:\/\/i0.wp.com\/noticiasribeiraopreto.com.br\/wp-content\/uploads\/2025\/04\/VOEPASS-anuncia-retorno-de-operacoes-Foto-divulgacao-Copia.jpg?fit=640%2C426&ssl=1&resize=525%2C300 1.5x"},"classes":[]},{"id":65599,"url":"https:\/\/noticiasribeiraopreto.com.br\/index.php\/2025\/03\/21\/tj-sp-suspende-decisao-que-obrigava-latam-a-pagar-r-347-milhoes-a-voepass\/","url_meta":{"origin":70563,"position":4},"title":"TJ-SP Suspende Decis\u00e3o que Obrigava Latam a Pagar R$ 34,7 Milh\u00f5es \u00e0 Voepass","author":"noticiasribeiraopreto.com.br","date":"21 de March de 2025","format":false,"excerpt":"O Tribunal de Justi\u00e7a de S\u00e3o Paulo (TJ-SP) suspendeu a decis\u00e3o que obrigava a Latam Airlines a pagar R$ 34,7 milh\u00f5es \u00e0 Voepass (antiga Passaredo) por um suposto descumprimento contratual. A reviravolta no caso representa um al\u00edvio para a Latam, que havia sido condenada a indenizar a companhia a\u00e9rea regional\u2026","rel":"","context":"In &quot;Not\u00edcias de Ribeir\u00e3o Preto-SP e Regi\u00e3o&quot;","block_context":{"text":"Not\u00edcias de Ribeir\u00e3o Preto-SP e Regi\u00e3o","link":"https:\/\/noticiasribeiraopreto.com.br\/index.php\/category\/noticias-de-ribeirao-preto-sp-e-regiao-ismael-colosi\/"},"img":{"alt_text":"","src":"https:\/\/i0.wp.com\/noticiasribeiraopreto.com.br\/wp-content\/uploads\/2025\/03\/WhatsApp-Image-2024-04-29-at-14.02.30.jpeg?fit=1200%2C675&ssl=1&resize=350%2C200","width":350,"height":200,"srcset":"https:\/\/i0.wp.com\/noticiasribeiraopreto.com.br\/wp-content\/uploads\/2025\/03\/WhatsApp-Image-2024-04-29-at-14.02.30.jpeg?fit=1200%2C675&ssl=1&resize=350%2C200 1x, https:\/\/i0.wp.com\/noticiasribeiraopreto.com.br\/wp-content\/uploads\/2025\/03\/WhatsApp-Image-2024-04-29-at-14.02.30.jpeg?fit=1200%2C675&ssl=1&resize=525%2C300 1.5x, https:\/\/i0.wp.com\/noticiasribeiraopreto.com.br\/wp-content\/uploads\/2025\/03\/WhatsApp-Image-2024-04-29-at-14.02.30.jpeg?fit=1200%2C675&ssl=1&resize=700%2C400 2x, https:\/\/i0.wp.com\/noticiasribeiraopreto.com.br\/wp-content\/uploads\/2025\/03\/WhatsApp-Image-2024-04-29-at-14.02.30.jpeg?fit=1200%2C675&ssl=1&resize=1050%2C600 3x"},"classes":[]},{"id":68180,"url":"https:\/\/noticiasribeiraopreto.com.br\/index.php\/2025\/04\/23\/voepass-entra-com-pedido-de-recuperacao-judicial-apos-suspensao-de-voos\/","url_meta":{"origin":70563,"position":5},"title":"Voepass entra com pedido de recupera\u00e7\u00e3o judicial ap\u00f3s suspens\u00e3o de voos","author":"noticiasribeiraopreto.com.br","date":"23 de April de 2025","format":false,"excerpt":"A Voepass Linhas A\u00e9reas entrou com pedido de recupera\u00e7\u00e3o judicial na noite desta ter\u00e7a-feira (22). Em mar\u00e7o, a companhia a\u00e9rea teve todas as opera\u00e7\u00f5es suspensas pela Ag\u00eancia Nacional de Avia\u00e7\u00e3o Civil (Anac), que apontou irregularidades e falta de seguran\u00e7a. A a\u00e9rea acumula aproximadamente R$ 400 milh\u00f5es em d\u00edvidas, sem contar\u2026","rel":"","context":"In &quot;Not\u00edcias de Ribeir\u00e3o Preto-SP e Regi\u00e3o&quot;","block_context":{"text":"Not\u00edcias de Ribeir\u00e3o Preto-SP e Regi\u00e3o","link":"https:\/\/noticiasribeiraopreto.com.br\/index.php\/category\/noticias-de-ribeirao-preto-sp-e-regiao-ismael-colosi\/"},"img":{"alt_text":"","src":"https:\/\/i0.wp.com\/noticiasribeiraopreto.com.br\/wp-content\/uploads\/2025\/03\/cccccccccccccc_2025-03-11_19-23-50_jpeg_2025-03-11_19-23-50-e1741721048403.webp.webp?fit=860%2C523&ssl=1&resize=350%2C200","width":350,"height":200,"srcset":"https:\/\/i0.wp.com\/noticiasribeiraopreto.com.br\/wp-content\/uploads\/2025\/03\/cccccccccccccc_2025-03-11_19-23-50_jpeg_2025-03-11_19-23-50-e1741721048403.webp.webp?fit=860%2C523&ssl=1&resize=350%2C200 1x, https:\/\/i0.wp.com\/noticiasribeiraopreto.com.br\/wp-content\/uploads\/2025\/03\/cccccccccccccc_2025-03-11_19-23-50_jpeg_2025-03-11_19-23-50-e1741721048403.webp.webp?fit=860%2C523&ssl=1&resize=525%2C300 1.5x, https:\/\/i0.wp.com\/noticiasribeiraopreto.com.br\/wp-content\/uploads\/2025\/03\/cccccccccccccc_2025-03-11_19-23-50_jpeg_2025-03-11_19-23-50-e1741721048403.webp.webp?fit=860%2C523&ssl=1&resize=700%2C400 2x"},"classes":[]}],"jetpack_sharing_enabled":true,"jetpack_shortlink":"https:\/\/wp.me\/peQAOb-im7","_links":{"self":[{"href":"https:\/\/noticiasribeiraopreto.com.br\/index.php\/wp-json\/wp\/v2\/posts\/70563","targetHints":{"allow":["GET"]}}],"collection":[{"href":"https:\/\/noticiasribeiraopreto.com.br\/index.php\/wp-json\/wp\/v2\/posts"}],"about":[{"href":"https:\/\/noticiasribeiraopreto.com.br\/index.php\/wp-json\/wp\/v2\/types\/post"}],"author":[{"embeddable":true,"href":"https:\/\/noticiasribeiraopreto.com.br\/index.php\/wp-json\/wp\/v2\/users\/1"}],"replies":[{"embeddable":true,"href":"https:\/\/noticiasribeiraopreto.com.br\/index.php\/wp-json\/wp\/v2\/comments?post=70563"}],"version-history":[{"count":0,"href":"https:\/\/noticiasribeiraopreto.com.br\/index.php\/wp-json\/wp\/v2\/posts\/70563\/revisions"}],"wp:featuredmedia":[{"embeddable":true,"href":"https:\/\/noticiasribeiraopreto.com.br\/index.php\/wp-json\/wp\/v2\/media\/63646"}],"wp:attachment":[{"href":"https:\/\/noticiasribeiraopreto.com.br\/index.php\/wp-json\/wp\/v2\/media?parent=70563"}],"wp:term":[{"taxonomy":"category","embeddable":true,"href":"https:\/\/noticiasribeiraopreto.com.br\/index.php\/wp-json\/wp\/v2\/categories?post=70563"},{"taxonomy":"post_tag","embeddable":true,"href":"https:\/\/noticiasribeiraopreto.com.br\/index.php\/wp-json\/wp\/v2\/tags?post=70563"}],"curies":[{"name":"wp","href":"https:\/\/api.w.org\/{rel}","templated":true}]}}