{"id":70564,"date":"2025-05-27T20:24:29","date_gmt":"2025-05-27T23:24:29","guid":{"rendered":"https:\/\/noticiasribeiraopreto.com.br\/index.php\/2025\/05\/27\/justica-decreta-prisao-de-suspeitos-pelo-desaparecimento-de-empresario-em-cravinhos\/"},"modified":"2025-05-27T20:24:29","modified_gmt":"2025-05-27T23:24:29","slug":"justica-decreta-prisao-de-suspeitos-pelo-desaparecimento-de-empresario-em-cravinhos","status":"publish","type":"post","link":"https:\/\/noticiasribeiraopreto.com.br\/index.php\/2025\/05\/27\/justica-decreta-prisao-de-suspeitos-pelo-desaparecimento-de-empresario-em-cravinhos\/","title":{"rendered":"Justi\u00e7a decreta pris\u00e3o de suspeitos pelo desaparecimento de empres\u00e1rio em Cravinhos"},"content":{"rendered":"<p> <br \/>\n<\/p>\n<div>\n<p>A Justi\u00e7a decretou<strong> nesta ter\u00e7a-feira (27) a pris\u00e3o de suspeitos envolvidos no desaparecimento do empres\u00e1rio Nelson Francisco Carreira Filho<\/strong>, visto pela \u00faltima vez no dia 16 de maio ap\u00f3s uma reuni\u00e3o de neg\u00f3cios em Cravinhos, <strong>no interior de S\u00e3o Paulo.<\/strong><\/p>\n<p>A <strong>Pol\u00edcia Civil de Ribeir\u00e3o Preto investiga se o empres\u00e1rio foi morto ap\u00f3s sair de Cravinhos com destino \u00e0 capital paulista, onde morava com a fam\u00edlia.<\/strong> A corpora\u00e7\u00e3o tamb\u00e9m suspeita que Nelson tenha sido assassinado e, em seguida, jogado no rio.<\/p>\n<p>De acordo com a <strong><em>EPTV<\/em><\/strong>, os <strong>suspeitos s\u00e3o Marlon Coutto e Tadeu<\/strong>, <mark style=\"background-color:#fcb900\" class=\"has-inline-color\">funcion\u00e1rios da empresa de suplementos localizada em Cravinhos<\/mark>, onde o empres\u00e1rio foi visto pela \u00faltima vez no dia do desaparecimento. Nelson trabalhava com a revenda de suplementos alimentares pela internet e fazia viagens frequentes \u00e0 cidade para tratar de neg\u00f3cios.<\/p>\n<h3 class=\"wp-block-heading\"><strong>Trajeto e desaparecimento<\/strong><\/h3>\n<p>No dia 16 de maio, <strong>Nelson saiu de S\u00e3o Paulo com destino a Cravinhos para participar de uma reuni\u00e3o de neg\u00f3cios. <\/strong>O encontro foi encerrado por volta das 14h20. De acordo com o boletim de ocorr\u00eancia, o \u00faltimo contato feito por ele com a esposa ocorreu \u00e0s 12h57, pouco antes do t\u00e9rmino da reuni\u00e3o. Ap\u00f3s esse hor\u00e1rio, ela enviou mensagens que n\u00e3o foram respondidas.<\/p>\n<p>Na noite do mesmo dia, um radar flagrou o carro circulando pela avenida Engenheiro Caetano \u00c1lvares, na zona Norte da capital paulista. Outras duas c\u00e2meras de seguran\u00e7a tamb\u00e9m registraram o ve\u00edculo \u00e0s 19h09.<\/p>\n<p>O carro foi encontrado abandonado na rua Clara de Oliveira na manh\u00e3 do dia seguinte, s\u00e1bado (17). A pol\u00edcia confirmou que o autom\u00f3vel n\u00e3o apresentava sinais de arrombamento ou subtra\u00e7\u00e3o de pertences.<\/p>\n<hr class=\"wp-block-separator has-alpha-channel-opacity\"\/>\n<p>SAIBA MAIS<br \/>Veja o mapa da primeira onda de frio do ano; Saiba quando ser\u00e1 o pico<\/p>\n<h3 class=\"wp-block-heading\"><strong>FIQUE ON<\/strong><\/h3>\n<p>Fique ligado em tudo que acontece em Ribeir\u00e3o Preto e regi\u00e3o. Siga os perfis do\u00a0<strong>acidade on\u00a0<\/strong>no\u00a0<a href=\"https:\/\/www.instagram.com\/acidadeonribeirao\" target=\"_blank\" rel=\"noreferrer noopener\">Instagram<\/a>\u00a0e no\u00a0<a href=\"https:\/\/www.facebook.com\/acidadeonribeirao\" target=\"_blank\" rel=\"noreferrer noopener\">Facebook<\/a>.<\/p>\n<p>Receba not\u00edcias do<strong>\u00a0acidade on<\/strong>\u00a0no WhatsApp. Para entrar no grupo, basta\u00a0<a href=\"https:\/\/chat.whatsapp.com\/BjKQZ9oJwlz8VVT50NuePq\" target=\"_blank\" rel=\"noreferrer noopener\">clicar aqui<\/a>.<\/p>\n<p>Fa\u00e7a uma den\u00fancia ou sugira uma reportagem sobre Ribeir\u00e3o Preto e regi\u00e3o pelo WhatsApp: 16 99117 7802.<\/p>\n<p>VEJA TAMB\u00c9M<\/p>\n<p>Azeite: mais duas marcas s\u00e3o proibidas; saiba quais s\u00e3o<\/p>\n<p><!-- CONTENT END 1 -->\n<\/div>\n<p><script async src=\"\/\/www.instagram.com\/embed.js\"><\/script><br \/>\n<br \/><br \/>\n<br \/><a href=\"https:\/\/www.acidadeon.com\/ribeiraopreto\/cotidiano\/justica-decreta-prisao-de-suspeitos-pelo-desaparecimento-de-empresario-em-cravinhos\/\">Source link <\/a><\/p>\n","protected":false},"excerpt":{"rendered":"<p>A Justi\u00e7a decretou nesta ter\u00e7a-feira (27) a pris\u00e3o de suspeitos envolvidos no desaparecimento do empres\u00e1rio Nelson Francisco Carreira Filho, visto pela \u00faltima vez no dia&#8230;<\/p>\n","protected":false},"author":1,"featured_media":69992,"comment_status":"open","ping_status":"open","sticky":false,"template":"","format":"standard","meta":{"advanced_seo_description":"","jetpack_seo_html_title":"","jetpack_seo_noindex":false,"jetpack_post_was_ever_published":false,"_jetpack_newsletter_access":"","_jetpack_dont_email_post_to_subs":false,"_jetpack_newsletter_tier_id":0,"_jetpack_memberships_contains_paywalled_content":false,"_jetpack_memberships_contains_paid_content":false,"footnotes":"","jetpack_publicize_message":"","jetpack_publicize_feature_enabled":true,"jetpack_social_post_already_shared":true,"jetpack_social_options":{"image_generator_settings":{"template":"highway","default_image_id":0,"font":"","enabled":false},"version":2}},"categories":[11],"tags":[],"class_list":["post-70564","post","type-post","status-publish","format-standard","has-post-thumbnail","hentry","category-noticias-de-ribeirao-preto-sp-e-regiao-ismael-colosi"],"jetpack_publicize_connections":[],"jetpack_featured_media_url":"https:\/\/i0.wp.com\/noticiasribeiraopreto.com.br\/wp-content\/uploads\/2025\/05\/nelson-francisco-carreira-filho_2025-05-19_15-09-58.webp.webp?fit=1200%2C674&ssl=1","jetpack-related-posts":[{"id":70595,"url":"https:\/\/noticiasribeiraopreto.com.br\/index.php\/2025\/05\/28\/pericia-encontra-vestigios-de-sangue-em-empresa-de-cravinhos-onde-empresario-foi-visto-pela-ultima-vez\/","url_meta":{"origin":70564,"position":0},"title":"Per\u00edcia encontra vest\u00edgios de sangue em empresa de Cravinhos onde empres\u00e1rio foi visto pela \u00faltima vez","author":"noticiasribeiraopreto.com.br","date":"28 de May de 2025","format":false,"excerpt":"A per\u00edcia da Pol\u00edcia Civil encontrou vest\u00edgios de sangue humano na empresa onde o empres\u00e1rio Nelson Francisco Carreira Filho, de 44 anos, foi visto pela \u00faltima vez no dia 16 de maio, ap\u00f3s uma reuni\u00e3o de neg\u00f3cios em Cravinhos,\u00a0na regi\u00e3o de Ribeir\u00e3o Preto. A informa\u00e7\u00e3o foi confirmada nesta ter\u00e7a-feira (27)\u2026","rel":"","context":"In &quot;Not\u00edcias de Ribeir\u00e3o Preto-SP e Regi\u00e3o&quot;","block_context":{"text":"Not\u00edcias de Ribeir\u00e3o Preto-SP e Regi\u00e3o","link":"https:\/\/noticiasribeiraopreto.com.br\/index.php\/category\/noticias-de-ribeirao-preto-sp-e-regiao-ismael-colosi\/"},"img":{"alt_text":"","src":"https:\/\/i0.wp.com\/noticiasribeiraopreto.com.br\/wp-content\/uploads\/2025\/05\/NELSON_2025-05-28_10-07-47.webp.webp?fit=1200%2C808&ssl=1&resize=350%2C200","width":350,"height":200,"srcset":"https:\/\/i0.wp.com\/noticiasribeiraopreto.com.br\/wp-content\/uploads\/2025\/05\/NELSON_2025-05-28_10-07-47.webp.webp?fit=1200%2C808&ssl=1&resize=350%2C200 1x, https:\/\/i0.wp.com\/noticiasribeiraopreto.com.br\/wp-content\/uploads\/2025\/05\/NELSON_2025-05-28_10-07-47.webp.webp?fit=1200%2C808&ssl=1&resize=525%2C300 1.5x, https:\/\/i0.wp.com\/noticiasribeiraopreto.com.br\/wp-content\/uploads\/2025\/05\/NELSON_2025-05-28_10-07-47.webp.webp?fit=1200%2C808&ssl=1&resize=700%2C400 2x, https:\/\/i0.wp.com\/noticiasribeiraopreto.com.br\/wp-content\/uploads\/2025\/05\/NELSON_2025-05-28_10-07-47.webp.webp?fit=1200%2C808&ssl=1&resize=1050%2C600 3x"},"classes":[]},{"id":70514,"url":"https:\/\/noticiasribeiraopreto.com.br\/index.php\/2025\/05\/27\/empresarios-de-cravinhos-sao-suspeitos-de-matar-empresario-paulistano\/","url_meta":{"origin":70564,"position":1},"title":"Empres\u00e1rios de Cravinhos s\u00e3o suspeitos de matar empres\u00e1rio paulistano","author":"noticiasribeiraopreto.com.br","date":"27 de May de 2025","format":false,"excerpt":"Um dos s\u00f3cios \u00e9 suspeito de matar o empres\u00e1rio e o outro de jogar seu corpo em rio e levar o carro da v\u00edtima para a Capital 27 de maio de 2025 12:521 Compartilhar0 Por: Adalberto Luque A Pol\u00edcia Civil pediu a pris\u00e3o preventiva de dois empres\u00e1rios do ramo de\u2026","rel":"","context":"In &quot;Not\u00edcias de Ribeir\u00e3o Preto-SP e Regi\u00e3o&quot;","block_context":{"text":"Not\u00edcias de Ribeir\u00e3o Preto-SP e Regi\u00e3o","link":"https:\/\/noticiasribeiraopreto.com.br\/index.php\/category\/noticias-de-ribeirao-preto-sp-e-regiao-ismael-colosi\/"},"img":{"alt_text":"","src":"https:\/\/i0.wp.com\/noticiasribeiraopreto.com.br\/wp-content\/uploads\/2025\/05\/27-mai-2025-crimecravinhos01.jpg?fit=844%2C541&ssl=1&resize=350%2C200","width":350,"height":200,"srcset":"https:\/\/i0.wp.com\/noticiasribeiraopreto.com.br\/wp-content\/uploads\/2025\/05\/27-mai-2025-crimecravinhos01.jpg?fit=844%2C541&ssl=1&resize=350%2C200 1x, https:\/\/i0.wp.com\/noticiasribeiraopreto.com.br\/wp-content\/uploads\/2025\/05\/27-mai-2025-crimecravinhos01.jpg?fit=844%2C541&ssl=1&resize=525%2C300 1.5x, https:\/\/i0.wp.com\/noticiasribeiraopreto.com.br\/wp-content\/uploads\/2025\/05\/27-mai-2025-crimecravinhos01.jpg?fit=844%2C541&ssl=1&resize=700%2C400 2x"},"classes":[]},{"id":70516,"url":"https:\/\/noticiasribeiraopreto.com.br\/index.php\/2025\/05\/27\/empresarios-de-cravinhos-sao-suspeitos-de-matar-cliente-paulistano\/","url_meta":{"origin":70564,"position":2},"title":"Empres\u00e1rios de Cravinhos s\u00e3o suspeitos de matar cliente paulistano","author":"noticiasribeiraopreto.com.br","date":"27 de May de 2025","format":false,"excerpt":"Um dos s\u00f3cios \u00e9 suspeito de matar o empres\u00e1rio e o outro de jogar seu corpo em rio e levar o carro da v\u00edtima para a Capital 27 de maio de 2025 12:5227 de maio de 2025 13:0011 Compartilhar2 Por: Adalberto Luque A Pol\u00edcia Civil pediu a pris\u00e3o preventiva de\u2026","rel":"","context":"In &quot;Not\u00edcias de Ribeir\u00e3o Preto-SP e Regi\u00e3o&quot;","block_context":{"text":"Not\u00edcias de Ribeir\u00e3o Preto-SP e Regi\u00e3o","link":"https:\/\/noticiasribeiraopreto.com.br\/index.php\/category\/noticias-de-ribeirao-preto-sp-e-regiao-ismael-colosi\/"},"img":{"alt_text":"","src":"https:\/\/i0.wp.com\/noticiasribeiraopreto.com.br\/wp-content\/uploads\/2025\/05\/1748362069_27-mai-2025-crimecravinhos01.jpg?fit=844%2C541&ssl=1&resize=350%2C200","width":350,"height":200,"srcset":"https:\/\/i0.wp.com\/noticiasribeiraopreto.com.br\/wp-content\/uploads\/2025\/05\/1748362069_27-mai-2025-crimecravinhos01.jpg?fit=844%2C541&ssl=1&resize=350%2C200 1x, https:\/\/i0.wp.com\/noticiasribeiraopreto.com.br\/wp-content\/uploads\/2025\/05\/1748362069_27-mai-2025-crimecravinhos01.jpg?fit=844%2C541&ssl=1&resize=525%2C300 1.5x, https:\/\/i0.wp.com\/noticiasribeiraopreto.com.br\/wp-content\/uploads\/2025\/05\/1748362069_27-mai-2025-crimecravinhos01.jpg?fit=844%2C541&ssl=1&resize=700%2C400 2x"},"classes":[]},{"id":70731,"url":"https:\/\/noticiasribeiraopreto.com.br\/index.php\/2025\/05\/29\/advogado-deixa-defesa-de-suspeito-no-caso-da-morte-de-empresario-em-cravinhos\/","url_meta":{"origin":70564,"position":3},"title":"Advogado deixa defesa de suspeito no caso da morte de empres\u00e1rio em Cravinhos","author":"noticiasribeiraopreto.com.br","date":"29 de May de 2025","format":false,"excerpt":"O advogado Renato Sav\u00e9rio deixou nesta quinta-feira (29) a defesa de um dos suspeitos de envolvimento na morte do empres\u00e1rio Nelson Francisco Carreira Filho, que desapareceu no dia 16 de maio ap\u00f3s uma reuni\u00e3o em Cravinhos. Sav\u00e9rio vinha atuando como advogado de Tadeu Almeida Silva, que est\u00e1 com pris\u00e3o tempor\u00e1ria\u2026","rel":"","context":"In &quot;Not\u00edcias de Ribeir\u00e3o Preto-SP e Regi\u00e3o&quot;","block_context":{"text":"Not\u00edcias de Ribeir\u00e3o Preto-SP e Regi\u00e3o","link":"https:\/\/noticiasribeiraopreto.com.br\/index.php\/category\/noticias-de-ribeirao-preto-sp-e-regiao-ismael-colosi\/"},"img":{"alt_text":"","src":"https:\/\/i0.wp.com\/noticiasribeiraopreto.com.br\/wp-content\/uploads\/2025\/05\/RENATO_2025-05-29_14-40-52.webp.webp?fit=1200%2C654&ssl=1&resize=350%2C200","width":350,"height":200,"srcset":"https:\/\/i0.wp.com\/noticiasribeiraopreto.com.br\/wp-content\/uploads\/2025\/05\/RENATO_2025-05-29_14-40-52.webp.webp?fit=1200%2C654&ssl=1&resize=350%2C200 1x, https:\/\/i0.wp.com\/noticiasribeiraopreto.com.br\/wp-content\/uploads\/2025\/05\/RENATO_2025-05-29_14-40-52.webp.webp?fit=1200%2C654&ssl=1&resize=525%2C300 1.5x, https:\/\/i0.wp.com\/noticiasribeiraopreto.com.br\/wp-content\/uploads\/2025\/05\/RENATO_2025-05-29_14-40-52.webp.webp?fit=1200%2C654&ssl=1&resize=700%2C400 2x, https:\/\/i0.wp.com\/noticiasribeiraopreto.com.br\/wp-content\/uploads\/2025\/05\/RENATO_2025-05-29_14-40-52.webp.webp?fit=1200%2C654&ssl=1&resize=1050%2C600 3x"},"classes":[]},{"id":70528,"url":"https:\/\/noticiasribeiraopreto.com.br\/index.php\/2025\/05\/27\/o-que-se-sabe-sobre-suspeita-de-morte-de-empresario-apos-reuniao-em-cravinhos\/","url_meta":{"origin":70564,"position":4},"title":"O que se sabe sobre suspeita de morte de empres\u00e1rio ap\u00f3s reuni\u00e3o em Cravinhos","author":"noticiasribeiraopreto.com.br","date":"27 de May de 2025","format":false,"excerpt":"O advogado que defende um dos suspeitos de envolvimento no desaparecimento e morte do empres\u00e1rio Nelson Francisco Carreira Filho, disse nesta ter\u00e7a-feira (27) que o respons\u00e1vel por levar o carro da v\u00edtima at\u00e9 S\u00e3o Paulo se apresentou \u00e0 pol\u00edcia. O empres\u00e1rio desapareceu ap\u00f3s reuni\u00e3o em Cravinhos no dia 16 de\u2026","rel":"","context":"In &quot;Not\u00edcias de Ribeir\u00e3o Preto-SP e Regi\u00e3o&quot;","block_context":{"text":"Not\u00edcias de Ribeir\u00e3o Preto-SP e Regi\u00e3o","link":"https:\/\/noticiasribeiraopreto.com.br\/index.php\/category\/noticias-de-ribeirao-preto-sp-e-regiao-ismael-colosi\/"},"img":{"alt_text":"","src":"https:\/\/i0.wp.com\/noticiasribeiraopreto.com.br\/wp-content\/uploads\/2025\/05\/TADEU-E-NELSON_2025-05-27_15-10-03.webp.webp?fit=1200%2C674&ssl=1&resize=350%2C200","width":350,"height":200,"srcset":"https:\/\/i0.wp.com\/noticiasribeiraopreto.com.br\/wp-content\/uploads\/2025\/05\/TADEU-E-NELSON_2025-05-27_15-10-03.webp.webp?fit=1200%2C674&ssl=1&resize=350%2C200 1x, https:\/\/i0.wp.com\/noticiasribeiraopreto.com.br\/wp-content\/uploads\/2025\/05\/TADEU-E-NELSON_2025-05-27_15-10-03.webp.webp?fit=1200%2C674&ssl=1&resize=525%2C300 1.5x, https:\/\/i0.wp.com\/noticiasribeiraopreto.com.br\/wp-content\/uploads\/2025\/05\/TADEU-E-NELSON_2025-05-27_15-10-03.webp.webp?fit=1200%2C674&ssl=1&resize=700%2C400 2x, https:\/\/i0.wp.com\/noticiasribeiraopreto.com.br\/wp-content\/uploads\/2025\/05\/TADEU-E-NELSON_2025-05-27_15-10-03.webp.webp?fit=1200%2C674&ssl=1&resize=1050%2C600 3x"},"classes":[]},{"id":70653,"url":"https:\/\/noticiasribeiraopreto.com.br\/index.php\/2025\/05\/28\/suspeito-aponta-possivel-motivo-para-morte-de-empresario-em-cravinhos\/","url_meta":{"origin":70564,"position":5},"title":"Suspeito aponta poss\u00edvel motivo para morte de empres\u00e1rio em Cravinhos","author":"noticiasribeiraopreto.com.br","date":"28 de May de 2025","format":false,"excerpt":"Um dos suspeitos de envolvimento no desaparecimento e morte do empres\u00e1rio Nelson Francisco Carreira Filho disse para pol\u00edcia de Cravinhos o que poderia ter motivado a morte do empres\u00e1rio. Em depoimento na \u00faltima segunda-feira (26), Tadeu Almeida Silva afirmou que uma desaven\u00e7a por conta de uma marca de suplementos teria\u2026","rel":"","context":"In &quot;Not\u00edcias de Ribeir\u00e3o Preto-SP e Regi\u00e3o&quot;","block_context":{"text":"Not\u00edcias de Ribeir\u00e3o Preto-SP e Regi\u00e3o","link":"https:\/\/noticiasribeiraopreto.com.br\/index.php\/category\/noticias-de-ribeirao-preto-sp-e-regiao-ismael-colosi\/"},"img":{"alt_text":"","src":"https:\/\/i0.wp.com\/noticiasribeiraopreto.com.br\/wp-content\/uploads\/2025\/05\/TADEU-E-NELSON_2025-05-27_15-10-03.webp.webp?fit=1200%2C674&ssl=1&resize=350%2C200","width":350,"height":200,"srcset":"https:\/\/i0.wp.com\/noticiasribeiraopreto.com.br\/wp-content\/uploads\/2025\/05\/TADEU-E-NELSON_2025-05-27_15-10-03.webp.webp?fit=1200%2C674&ssl=1&resize=350%2C200 1x, https:\/\/i0.wp.com\/noticiasribeiraopreto.com.br\/wp-content\/uploads\/2025\/05\/TADEU-E-NELSON_2025-05-27_15-10-03.webp.webp?fit=1200%2C674&ssl=1&resize=525%2C300 1.5x, https:\/\/i0.wp.com\/noticiasribeiraopreto.com.br\/wp-content\/uploads\/2025\/05\/TADEU-E-NELSON_2025-05-27_15-10-03.webp.webp?fit=1200%2C674&ssl=1&resize=700%2C400 2x, https:\/\/i0.wp.com\/noticiasribeiraopreto.com.br\/wp-content\/uploads\/2025\/05\/TADEU-E-NELSON_2025-05-27_15-10-03.webp.webp?fit=1200%2C674&ssl=1&resize=1050%2C600 3x"},"classes":[]}],"jetpack_sharing_enabled":true,"jetpack_shortlink":"https:\/\/wp.me\/peQAOb-im8","_links":{"self":[{"href":"https:\/\/noticiasribeiraopreto.com.br\/index.php\/wp-json\/wp\/v2\/posts\/70564","targetHints":{"allow":["GET"]}}],"collection":[{"href":"https:\/\/noticiasribeiraopreto.com.br\/index.php\/wp-json\/wp\/v2\/posts"}],"about":[{"href":"https:\/\/noticiasribeiraopreto.com.br\/index.php\/wp-json\/wp\/v2\/types\/post"}],"author":[{"embeddable":true,"href":"https:\/\/noticiasribeiraopreto.com.br\/index.php\/wp-json\/wp\/v2\/users\/1"}],"replies":[{"embeddable":true,"href":"https:\/\/noticiasribeiraopreto.com.br\/index.php\/wp-json\/wp\/v2\/comments?post=70564"}],"version-history":[{"count":0,"href":"https:\/\/noticiasribeiraopreto.com.br\/index.php\/wp-json\/wp\/v2\/posts\/70564\/revisions"}],"wp:featuredmedia":[{"embeddable":true,"href":"https:\/\/noticiasribeiraopreto.com.br\/index.php\/wp-json\/wp\/v2\/media\/69992"}],"wp:attachment":[{"href":"https:\/\/noticiasribeiraopreto.com.br\/index.php\/wp-json\/wp\/v2\/media?parent=70564"}],"wp:term":[{"taxonomy":"category","embeddable":true,"href":"https:\/\/noticiasribeiraopreto.com.br\/index.php\/wp-json\/wp\/v2\/categories?post=70564"},{"taxonomy":"post_tag","embeddable":true,"href":"https:\/\/noticiasribeiraopreto.com.br\/index.php\/wp-json\/wp\/v2\/tags?post=70564"}],"curies":[{"name":"wp","href":"https:\/\/api.w.org\/{rel}","templated":true}]}}