{"id":70565,"date":"2025-05-27T20:31:27","date_gmt":"2025-05-27T23:31:27","guid":{"rendered":"https:\/\/noticiasribeiraopreto.com.br\/index.php\/2025\/05\/27\/inmet-publica-alerta-de-queda-de-temperatura-para-ribeirao-preto\/"},"modified":"2025-05-27T20:31:27","modified_gmt":"2025-05-27T23:31:27","slug":"inmet-publica-alerta-de-queda-de-temperatura-para-ribeirao-preto","status":"publish","type":"post","link":"https:\/\/noticiasribeiraopreto.com.br\/index.php\/2025\/05\/27\/inmet-publica-alerta-de-queda-de-temperatura-para-ribeirao-preto\/","title":{"rendered":"Inmet publica alerta de queda de temperatura para Ribeir\u00e3o Preto"},"content":{"rendered":"<p> <br \/>\n<\/p>\n<div data-td-block-uid=\"tdi_95\">\n<div class=\"tdb-block-inner td-fix-index\">\n<p>O <strong><a href=\"https:\/\/alertas2.inmet.gov.br\/50644\">Inmet (Instituto Nacional de Meteorologia)<\/a><\/strong> publicou um alerta de decl\u00ednio de temperatura para Ribeir\u00e3o Preto e regi\u00e3o. Segundo o aviso, publicado nesta ter\u00e7a-feira (27), as temperaturas devem cair mais do que 5\u00b0C.<\/p>\n<p><mark style=\"background-color:#fcb900\" class=\"has-inline-color has-black-color\">O alerta tem in\u00edcio na quinta-feira (29) e segue at\u00e9 sexta-feira (30).<\/mark> \u00c9 v\u00e1lido informar que o aviso pode ser prorrogado pelos meteorologistas.<\/p>\n<p>De acordo com o Inmet, a queda na temperatura \u00e9 motivada por uma frente fria que avan\u00e7ar\u00e1 na regi\u00e3o Sul do Pa\u00eds entre noite desta ter\u00e7a e a madrugada de quarta-feira (28), refor\u00e7ando ainda mais a instabilidade e a condi\u00e7\u00e3o de temporais nessas \u00e1reas.<\/p>\n<h2 class=\"wp-block-heading\"><strong>Locais afetados<\/strong><\/h2>\n<p>Segundo o Inmet, a queda de temperatura pode afetar as regi\u00f5es a seguir:<\/p>\n<ul class=\"wp-block-list\">\n<li><strong>Ribeir\u00e3o Preto<\/strong>, <strong>S\u00e3o Jos\u00e9 do Rio Preto<\/strong>, <strong>Campinas<\/strong>, <strong>Bauru<\/strong>, <strong>Piracicaba<\/strong>, <strong>Itapetininga<\/strong>,<strong> Ara\u00e7atuba<\/strong>, <strong>Araraquara<\/strong>, <strong>Vale do Para\u00edba<\/strong>, <strong>Grande S\u00e3o Paulo<\/strong> e <strong>Assis<\/strong>.<\/li>\n<\/ul>\n<p>SAIBA MAIS<br \/>Veja o mapa da primeira onda de frio do ano; Saiba quando ser\u00e1 o pico<\/p>\n<h3 class=\"wp-block-heading\"><strong>FIQUE ON<\/strong><\/h3>\n<p>Fique ligado em tudo que acontece em Ribeir\u00e3o Preto e regi\u00e3o. Siga os perfis do\u00a0<strong>acidade on\u00a0<\/strong>no\u00a0<a href=\"https:\/\/www.instagram.com\/acidadeonribeirao\" target=\"_blank\" rel=\"noreferrer noopener\">Instagram<\/a>\u00a0e no\u00a0<a href=\"https:\/\/www.facebook.com\/acidadeonribeirao\" target=\"_blank\" rel=\"noreferrer noopener\">Facebook<\/a>.<\/p>\n<p>Receba not\u00edcias do<strong>\u00a0acidade on<\/strong>\u00a0no WhatsApp. Para entrar no grupo, basta\u00a0<a href=\"https:\/\/chat.whatsapp.com\/BjKQZ9oJwlz8VVT50NuePq\" target=\"_blank\" rel=\"noreferrer noopener\">clicar aqui<\/a>.<\/p>\n<p>Fa\u00e7a uma den\u00fancia ou sugira uma reportagem sobre Ribeir\u00e3o Preto e regi\u00e3o pelo WhatsApp: 16 99117 7802.<\/p>\n<p>VEJA TAMB\u00c9M<\/p>\n<p>Azeite: mais duas marcas s\u00e3o proibidas; saiba quais s\u00e3o<\/p>\n<p><!-- CONTENT END 1 -->\n<\/div>\n<\/div>\n<p><script async src=\"\/\/www.instagram.com\/embed.js\"><\/script><br \/>\n<br \/><br \/>\n<br \/><a href=\"https:\/\/www.acidadeon.com\/ribeiraopreto\/cotidiano\/inmet-publica-alerta-de-queda-de-temperatura-para-ribeirao-preto\/\">Source link <\/a><\/p>\n","protected":false},"excerpt":{"rendered":"<p>O Inmet (Instituto Nacional de Meteorologia) publicou um alerta de decl\u00ednio de temperatura para Ribeir\u00e3o Preto e regi\u00e3o. Segundo o aviso, publicado nesta ter\u00e7a-feira (27),&#8230;<\/p>\n","protected":false},"author":1,"featured_media":70566,"comment_status":"open","ping_status":"open","sticky":false,"template":"","format":"standard","meta":{"advanced_seo_description":"","jetpack_seo_html_title":"","jetpack_seo_noindex":false,"jetpack_post_was_ever_published":false,"_jetpack_newsletter_access":"","_jetpack_dont_email_post_to_subs":false,"_jetpack_newsletter_tier_id":0,"_jetpack_memberships_contains_paywalled_content":false,"_jetpack_memberships_contains_paid_content":false,"footnotes":"","jetpack_publicize_message":"","jetpack_publicize_feature_enabled":true,"jetpack_social_post_already_shared":true,"jetpack_social_options":{"image_generator_settings":{"template":"highway","default_image_id":0,"font":"","enabled":false},"version":2}},"categories":[11],"tags":[],"class_list":["post-70565","post","type-post","status-publish","format-standard","has-post-thumbnail","hentry","category-noticias-de-ribeirao-preto-sp-e-regiao-ismael-colosi"],"jetpack_publicize_connections":[],"jetpack_featured_media_url":"https:\/\/i0.wp.com\/noticiasribeiraopreto.com.br\/wp-content\/uploads\/2025\/05\/alerta-declinio-temperatura_2025-05-27_20-10-58.webp.webp?fit=1200%2C715&ssl=1","jetpack-related-posts":[{"id":71772,"url":"https:\/\/noticiasribeiraopreto.com.br\/index.php\/2025\/06\/10\/inmet-publica-alerta-de-queda-na-temperatura-para-ribeirao-preto-e-regiao\/","url_meta":{"origin":70565,"position":0},"title":"Inmet publica alerta de queda na temperatura para Ribeir\u00e3o Preto e regi\u00e3o","author":"noticiasribeiraopreto.com.br","date":"10 de June de 2025","format":false,"excerpt":"O Inmet (Instituto Nacional de Meteorologia) publicou um alerta de \u201cperigo potencial\u201d para decl\u00ednio na temperatura. Ribeir\u00e3o Preto e cidades da regi\u00e3o est\u00e3o inclu\u00eddas na faixa amarela, a primeira em uma escala at\u00e9 tr\u00eas n\u00edveis de severidade, que abrange todo estado paulista. A previs\u00e3o \u00e9 de queda entre 3\u00baC e\u2026","rel":"","context":"In &quot;Not\u00edcias de Ribeir\u00e3o Preto-SP e Regi\u00e3o&quot;","block_context":{"text":"Not\u00edcias de Ribeir\u00e3o Preto-SP e Regi\u00e3o","link":"https:\/\/noticiasribeiraopreto.com.br\/index.php\/category\/noticias-de-ribeirao-preto-sp-e-regiao-ismael-colosi\/"},"img":{"alt_text":"","src":"https:\/\/i0.wp.com\/noticiasribeiraopreto.com.br\/wp-content\/uploads\/2025\/06\/frio_blusa_1200x675_20052022064557.jpg?fit=1200%2C675&ssl=1&resize=350%2C200","width":350,"height":200,"srcset":"https:\/\/i0.wp.com\/noticiasribeiraopreto.com.br\/wp-content\/uploads\/2025\/06\/frio_blusa_1200x675_20052022064557.jpg?fit=1200%2C675&ssl=1&resize=350%2C200 1x, https:\/\/i0.wp.com\/noticiasribeiraopreto.com.br\/wp-content\/uploads\/2025\/06\/frio_blusa_1200x675_20052022064557.jpg?fit=1200%2C675&ssl=1&resize=525%2C300 1.5x, https:\/\/i0.wp.com\/noticiasribeiraopreto.com.br\/wp-content\/uploads\/2025\/06\/frio_blusa_1200x675_20052022064557.jpg?fit=1200%2C675&ssl=1&resize=700%2C400 2x, https:\/\/i0.wp.com\/noticiasribeiraopreto.com.br\/wp-content\/uploads\/2025\/06\/frio_blusa_1200x675_20052022064557.jpg?fit=1200%2C675&ssl=1&resize=1050%2C600 3x"},"classes":[]},{"id":78259,"url":"https:\/\/noticiasribeiraopreto.com.br\/index.php\/2025\/10\/07\/inmet-publica-alertas-diferentes-para-o-interior-de-sp-veja-as-cidades-afetadas\/","url_meta":{"origin":70565,"position":1},"title":"Inmet publica alertas diferentes para o interior de SP; Veja as cidades afetadas","author":"noticiasribeiraopreto.com.br","date":"7 de October de 2025","format":false,"excerpt":"O Inmet (Instituto Nacional de Meteorologia) publicou dois alertas para o interior de S\u00e3o Paulo nesta ter\u00e7a-feira (7). Os avisos s\u00e3o de \u201cperigo\u201d para decl\u00ednio de temperatura e \u201cperigo potencial\u201d para tempestade. Confira Tempestade O aviso para tempestade \u00e9 v\u00e1lido at\u00e9 10h de 8 de outubro. Segundo o Inmet, pode\u2026","rel":"","context":"In &quot;Not\u00edcias de Ribeir\u00e3o Preto-SP e Regi\u00e3o&quot;","block_context":{"text":"Not\u00edcias de Ribeir\u00e3o Preto-SP e Regi\u00e3o","link":"https:\/\/noticiasribeiraopreto.com.br\/index.php\/category\/noticias-de-ribeirao-preto-sp-e-regiao-ismael-colosi\/"},"img":{"alt_text":"","src":"https:\/\/i0.wp.com\/noticiasribeiraopreto.com.br\/wp-content\/uploads\/2025\/10\/sp_2025-10-07_15-09-05.webp.webp?fit=1200%2C886&ssl=1&resize=350%2C200","width":350,"height":200,"srcset":"https:\/\/i0.wp.com\/noticiasribeiraopreto.com.br\/wp-content\/uploads\/2025\/10\/sp_2025-10-07_15-09-05.webp.webp?fit=1200%2C886&ssl=1&resize=350%2C200 1x, https:\/\/i0.wp.com\/noticiasribeiraopreto.com.br\/wp-content\/uploads\/2025\/10\/sp_2025-10-07_15-09-05.webp.webp?fit=1200%2C886&ssl=1&resize=525%2C300 1.5x, https:\/\/i0.wp.com\/noticiasribeiraopreto.com.br\/wp-content\/uploads\/2025\/10\/sp_2025-10-07_15-09-05.webp.webp?fit=1200%2C886&ssl=1&resize=700%2C400 2x, https:\/\/i0.wp.com\/noticiasribeiraopreto.com.br\/wp-content\/uploads\/2025\/10\/sp_2025-10-07_15-09-05.webp.webp?fit=1200%2C886&ssl=1&resize=1050%2C600 3x"},"classes":[]},{"id":55148,"url":"https:\/\/noticiasribeiraopreto.com.br\/index.php\/2024\/07\/30\/inmet-emite-alerta-para-queda-de-temperatura-no-estado-de-sp-confira-as-cidades\/","url_meta":{"origin":70565,"position":2},"title":"Inmet emite alerta para queda de temperatura no estado de SP; Confira as cidades","author":"noticiasribeiraopreto.com.br","date":"30 de July de 2024","format":false,"excerpt":"O Inmet (Instituto Nacional de Meteorologia) emitiu um alerta de perigo potencial para decl\u00ednio de temperatura em grande parte do estado de S\u00e3o Paulo. O aviso tem validade de 1h desta ter\u00e7a-feira (30) at\u00e9 as 20h desta quarta-feira (31), e inclui Ribeir\u00e3o Preto e cidades da regi\u00e3o. O alerta \u00e9\u2026","rel":"","context":"In &quot;Not\u00edcias de Ribeir\u00e3o Preto-SP e Regi\u00e3o&quot;","block_context":{"text":"Not\u00edcias de Ribeir\u00e3o Preto-SP e Regi\u00e3o","link":"https:\/\/noticiasribeiraopreto.com.br\/index.php\/category\/noticias-de-ribeirao-preto-sp-e-regiao-ismael-colosi\/"},"img":{"alt_text":"","src":"https:\/\/i0.wp.com\/noticiasribeiraopreto.com.br\/wp-content\/uploads\/2024\/07\/calcadao_ribeirao_1024x576_22052020190437.jpg?fit=1024%2C576&ssl=1&resize=350%2C200","width":350,"height":200,"srcset":"https:\/\/i0.wp.com\/noticiasribeiraopreto.com.br\/wp-content\/uploads\/2024\/07\/calcadao_ribeirao_1024x576_22052020190437.jpg?fit=1024%2C576&ssl=1&resize=350%2C200 1x, https:\/\/i0.wp.com\/noticiasribeiraopreto.com.br\/wp-content\/uploads\/2024\/07\/calcadao_ribeirao_1024x576_22052020190437.jpg?fit=1024%2C576&ssl=1&resize=525%2C300 1.5x, https:\/\/i0.wp.com\/noticiasribeiraopreto.com.br\/wp-content\/uploads\/2024\/07\/calcadao_ribeirao_1024x576_22052020190437.jpg?fit=1024%2C576&ssl=1&resize=700%2C400 2x"},"classes":[]},{"id":50007,"url":"https:\/\/noticiasribeiraopreto.com.br\/index.php\/2024\/05\/14\/interior-de-sp-tem-alerta-para-queda-de-temperatura-veja-lista-de-cidades\/","url_meta":{"origin":70565,"position":3},"title":"Interior de SP tem alerta para queda de temperatura; Veja lista de cidades","author":"noticiasribeiraopreto.com.br","date":"14 de May de 2024","format":false,"excerpt":"Parte do interior de S\u00e3o Paulo e a Capital est\u00e3o sob alerta do Inmet (Instituto Nacional de Meteorologia) para decl\u00ednio de temperatura desde a noite desta segunda-feira (13). O aviso \u00e9 na cor amarela \u2013 a primeira em uma escala at\u00e9 tr\u00eas \u2013 e indica \u201cperigo potencial\u201d at\u00e9 as 9h\u2026","rel":"","context":"In &quot;Not\u00edcias de Ribeir\u00e3o Preto-SP e Regi\u00e3o&quot;","block_context":{"text":"Not\u00edcias de Ribeir\u00e3o Preto-SP e Regi\u00e3o","link":"https:\/\/noticiasribeiraopreto.com.br\/index.php\/category\/noticias-de-ribeirao-preto-sp-e-regiao-ismael-colosi\/"},"img":{"alt_text":"","src":"https:\/\/i0.wp.com\/noticiasribeiraopreto.com.br\/wp-content\/uploads\/2024\/05\/calcadao_ribeirao_1024x576_22052020190437.jpg?fit=1024%2C576&ssl=1&resize=350%2C200","width":350,"height":200,"srcset":"https:\/\/i0.wp.com\/noticiasribeiraopreto.com.br\/wp-content\/uploads\/2024\/05\/calcadao_ribeirao_1024x576_22052020190437.jpg?fit=1024%2C576&ssl=1&resize=350%2C200 1x, https:\/\/i0.wp.com\/noticiasribeiraopreto.com.br\/wp-content\/uploads\/2024\/05\/calcadao_ribeirao_1024x576_22052020190437.jpg?fit=1024%2C576&ssl=1&resize=525%2C300 1.5x, https:\/\/i0.wp.com\/noticiasribeiraopreto.com.br\/wp-content\/uploads\/2024\/05\/calcadao_ribeirao_1024x576_22052020190437.jpg?fit=1024%2C576&ssl=1&resize=700%2C400 2x"},"classes":[]},{"id":77582,"url":"https:\/\/noticiasribeiraopreto.com.br\/index.php\/2025\/09\/22\/alerta-de-queda-na-temperatura-e-emitido-para-o-estado-de-sp\/","url_meta":{"origin":70565,"position":4},"title":"Alerta de queda na temperatura \u00e9 emitido para o estado de SP","author":"noticiasribeiraopreto.com.br","date":"22 de September de 2025","format":false,"excerpt":"O estado de S\u00e3o Paulo tem previs\u00e3o de queda na temperatura nos pr\u00f3ximos dias, ap\u00f3s a\u00a0passagem da frente\u00a0fria. O\u00a0Inmet (Instituto Nacional de Meteorologia)\u00a0publicou um alerta de \u201cperigo\u201d para decl\u00ednio de temperatura em todo o estado a partir desta segunda-feira (22). O aviso, que \u00e9 na cor laranja, a segunda em\u2026","rel":"","context":"In &quot;Not\u00edcias de Ribeir\u00e3o Preto-SP e Regi\u00e3o&quot;","block_context":{"text":"Not\u00edcias de Ribeir\u00e3o Preto-SP e Regi\u00e3o","link":"https:\/\/noticiasribeiraopreto.com.br\/index.php\/category\/noticias-de-ribeirao-preto-sp-e-regiao-ismael-colosi\/"},"img":{"alt_text":"","src":"https:\/\/i0.wp.com\/noticiasribeiraopreto.com.br\/wp-content\/uploads\/2025\/09\/ALERTA_2025-09-22_14-05-48.webp.webp?fit=1200%2C757&ssl=1&resize=350%2C200","width":350,"height":200,"srcset":"https:\/\/i0.wp.com\/noticiasribeiraopreto.com.br\/wp-content\/uploads\/2025\/09\/ALERTA_2025-09-22_14-05-48.webp.webp?fit=1200%2C757&ssl=1&resize=350%2C200 1x, https:\/\/i0.wp.com\/noticiasribeiraopreto.com.br\/wp-content\/uploads\/2025\/09\/ALERTA_2025-09-22_14-05-48.webp.webp?fit=1200%2C757&ssl=1&resize=525%2C300 1.5x, https:\/\/i0.wp.com\/noticiasribeiraopreto.com.br\/wp-content\/uploads\/2025\/09\/ALERTA_2025-09-22_14-05-48.webp.webp?fit=1200%2C757&ssl=1&resize=700%2C400 2x, https:\/\/i0.wp.com\/noticiasribeiraopreto.com.br\/wp-content\/uploads\/2025\/09\/ALERTA_2025-09-22_14-05-48.webp.webp?fit=1200%2C757&ssl=1&resize=1050%2C600 3x"},"classes":[]},{"id":72967,"url":"https:\/\/noticiasribeiraopreto.com.br\/index.php\/2025\/06\/23\/inmet-publica-alertas-de-chuvas-intensas-e-queda-na-temperatura-para-ribeirao-preto-e-regiao\/","url_meta":{"origin":70565,"position":5},"title":"Inmet publica alertas de chuvas intensas e queda na temperatura para Ribeir\u00e3o Preto e regi\u00e3o","author":"noticiasribeiraopreto.com.br","date":"23 de June de 2025","format":false,"excerpt":"O Inmet (Instituto Nacional de Meteorologia) emitiu alertas para o risco de chuvas intensas e queda na temperatura em Ribeir\u00e3o Preto e regi\u00e3o. O alerta de chuvas intensas indica perigo potencial com in\u00edcio \u00e0s 20h desta segunda-feira (23) at\u00e9 as 23h59 desta ter\u00e7a-feira (24). Clique aqui e veja todas as\u2026","rel":"","context":"In &quot;Not\u00edcias de Ribeir\u00e3o Preto-SP e Regi\u00e3o&quot;","block_context":{"text":"Not\u00edcias de Ribeir\u00e3o Preto-SP e Regi\u00e3o","link":"https:\/\/noticiasribeiraopreto.com.br\/index.php\/category\/noticias-de-ribeirao-preto-sp-e-regiao-ismael-colosi\/"},"img":{"alt_text":"","src":"https:\/\/i0.wp.com\/noticiasribeiraopreto.com.br\/wp-content\/uploads\/2025\/06\/WhatsApp-Image-2025-06-23-at-13.53.17_2025-06-23_17-03-34.webp.webp?fit=1200%2C540&ssl=1&resize=350%2C200","width":350,"height":200,"srcset":"https:\/\/i0.wp.com\/noticiasribeiraopreto.com.br\/wp-content\/uploads\/2025\/06\/WhatsApp-Image-2025-06-23-at-13.53.17_2025-06-23_17-03-34.webp.webp?fit=1200%2C540&ssl=1&resize=350%2C200 1x, https:\/\/i0.wp.com\/noticiasribeiraopreto.com.br\/wp-content\/uploads\/2025\/06\/WhatsApp-Image-2025-06-23-at-13.53.17_2025-06-23_17-03-34.webp.webp?fit=1200%2C540&ssl=1&resize=525%2C300 1.5x, https:\/\/i0.wp.com\/noticiasribeiraopreto.com.br\/wp-content\/uploads\/2025\/06\/WhatsApp-Image-2025-06-23-at-13.53.17_2025-06-23_17-03-34.webp.webp?fit=1200%2C540&ssl=1&resize=700%2C400 2x, https:\/\/i0.wp.com\/noticiasribeiraopreto.com.br\/wp-content\/uploads\/2025\/06\/WhatsApp-Image-2025-06-23-at-13.53.17_2025-06-23_17-03-34.webp.webp?fit=1200%2C540&ssl=1&resize=1050%2C600 3x"},"classes":[]}],"jetpack_sharing_enabled":true,"jetpack_shortlink":"https:\/\/wp.me\/peQAOb-im9","_links":{"self":[{"href":"https:\/\/noticiasribeiraopreto.com.br\/index.php\/wp-json\/wp\/v2\/posts\/70565","targetHints":{"allow":["GET"]}}],"collection":[{"href":"https:\/\/noticiasribeiraopreto.com.br\/index.php\/wp-json\/wp\/v2\/posts"}],"about":[{"href":"https:\/\/noticiasribeiraopreto.com.br\/index.php\/wp-json\/wp\/v2\/types\/post"}],"author":[{"embeddable":true,"href":"https:\/\/noticiasribeiraopreto.com.br\/index.php\/wp-json\/wp\/v2\/users\/1"}],"replies":[{"embeddable":true,"href":"https:\/\/noticiasribeiraopreto.com.br\/index.php\/wp-json\/wp\/v2\/comments?post=70565"}],"version-history":[{"count":0,"href":"https:\/\/noticiasribeiraopreto.com.br\/index.php\/wp-json\/wp\/v2\/posts\/70565\/revisions"}],"wp:featuredmedia":[{"embeddable":true,"href":"https:\/\/noticiasribeiraopreto.com.br\/index.php\/wp-json\/wp\/v2\/media\/70566"}],"wp:attachment":[{"href":"https:\/\/noticiasribeiraopreto.com.br\/index.php\/wp-json\/wp\/v2\/media?parent=70565"}],"wp:term":[{"taxonomy":"category","embeddable":true,"href":"https:\/\/noticiasribeiraopreto.com.br\/index.php\/wp-json\/wp\/v2\/categories?post=70565"},{"taxonomy":"post_tag","embeddable":true,"href":"https:\/\/noticiasribeiraopreto.com.br\/index.php\/wp-json\/wp\/v2\/tags?post=70565"}],"curies":[{"name":"wp","href":"https:\/\/api.w.org\/{rel}","templated":true}]}}