{"id":70571,"date":"2025-05-27T23:02:05","date_gmt":"2025-05-28T02:02:05","guid":{"rendered":"https:\/\/noticiasribeiraopreto.com.br\/index.php\/2025\/05\/27\/no-rio-de-janeiro-sesi-franca-basquete-da-troco-e-empata-serie\/"},"modified":"2025-05-27T23:02:05","modified_gmt":"2025-05-28T02:02:05","slug":"no-rio-de-janeiro-sesi-franca-basquete-da-troco-e-empata-serie","status":"publish","type":"post","link":"https:\/\/noticiasribeiraopreto.com.br\/index.php\/2025\/05\/27\/no-rio-de-janeiro-sesi-franca-basquete-da-troco-e-empata-serie\/","title":{"rendered":"No Rio de Janeiro, Sesi Franca Basquete d\u00e1 troco e empata s\u00e9rie"},"content":{"rendered":"<div class='code-block code-block-1' style='margin: 8px 0 8px auto; text-align: right; display: block; clear: both;'>\n<p><a href=\"https:\/\/wa.link\/vpicfd\"><img data-recalc-dims=\"1\" class=\"wp-image-4922\" style=\"aspect-ratio: 2.0253164556962027; width: 561px; height: auto;\" src=\"https:\/\/i0.wp.com\/ismaelcolosi.com.br\/wp-content\/uploads\/2023\/11\/grupo-de-empregos-whatsapp-e-facebook-ismael-colosi-vagas.jpg?ssl=1\" alt=\"\" \/><\/a><\/p>\n<!-- \/wp:image -->\n<\/div>\n<p> <br \/>\n<\/p>\n<p>&nbsp;<\/p>\n<p><img data-recalc-dims=\"1\" loading=\"lazy\" decoding=\"async\" class=\"alignnone size-full wp-image-37539\" src=\"https:\/\/i0.wp.com\/www.f3noticias.com.br\/wp-content\/uploads\/2025\/05\/Screenshot_20250527_213032_Chrome.jpg?resize=1080%2C1605&#038;ssl=1\" alt=\"\" width=\"1080\" height=\"1605\" \/> <img data-recalc-dims=\"1\" loading=\"lazy\" decoding=\"async\" class=\"alignnone size-full wp-image-37540\" src=\"https:\/\/i0.wp.com\/www.f3noticias.com.br\/wp-content\/uploads\/2025\/05\/Screenshot_20250527_212950_Chrome.jpg?resize=1080%2C1616&#038;ssl=1\" alt=\"\" width=\"1080\" height=\"1616\" \/> <img data-recalc-dims=\"1\" loading=\"lazy\" decoding=\"async\" class=\"alignnone size-full wp-image-37541\" src=\"https:\/\/i0.wp.com\/www.f3noticias.com.br\/wp-content\/uploads\/2025\/05\/Screenshot_20250527_212936_Chrome.jpg?resize=1080%2C1623&#038;ssl=1\" alt=\"\" width=\"1080\" height=\"1623\" \/> <img data-recalc-dims=\"1\" decoding=\"async\" loading=\"lazy\" class=\"alignnone size-full wp-image-37542\" src=\"https:\/\/i0.wp.com\/www.f3noticias.com.br\/wp-content\/uploads\/2025\/05\/Screenshot_20250527_212909_Chrome.jpg?resize=1080%2C899&#038;ssl=1\" alt=\"\" width=\"1080\" height=\"899\" \/><\/p>\n<p><br \/>\n<br \/><a href=\"https:\/\/www.f3noticias.com.br\/no-rio-de-janeiro-sesi-franca-basquete-da-troco-e-empata-serie\/\">Source link <\/a><\/p>\n<!-- CONTENT END 1 -->\n","protected":false},"excerpt":{"rendered":"<p>&nbsp; Source link<\/p>\n","protected":false},"author":1,"featured_media":70572,"comment_status":"open","ping_status":"open","sticky":false,"template":"","format":"standard","meta":{"advanced_seo_description":"","jetpack_seo_html_title":"","jetpack_seo_noindex":false,"jetpack_post_was_ever_published":false,"_jetpack_newsletter_access":"","_jetpack_dont_email_post_to_subs":false,"_jetpack_newsletter_tier_id":0,"_jetpack_memberships_contains_paywalled_content":false,"_jetpack_memberships_contains_paid_content":false,"footnotes":"","jetpack_publicize_message":"","jetpack_publicize_feature_enabled":true,"jetpack_social_post_already_shared":true,"jetpack_social_options":{"image_generator_settings":{"template":"highway","default_image_id":0,"font":"","enabled":false},"version":2}},"categories":[3597],"tags":[],"class_list":["post-70571","post","type-post","status-publish","format-standard","has-post-thumbnail","hentry","category-noticias-franca-sp"],"jetpack_publicize_connections":[],"jetpack_featured_media_url":"https:\/\/i0.wp.com\/noticiasribeiraopreto.com.br\/wp-content\/uploads\/2025\/05\/Screenshot_20250527_213305_Instagram.jpg?fit=1080%2C872&ssl=1","jetpack-related-posts":[{"id":71001,"url":"https:\/\/noticiasribeiraopreto.com.br\/index.php\/2025\/06\/01\/jornal-da-franca-nbb-sesi-franca-atropela-o-flamengo-e-joga-decisao-de-vaga-na-finalissima-pra-terca\/","url_meta":{"origin":70571,"position":0},"title":"Jornal da Franca &#8211; NBB: Sesi Franca atropela o Flamengo e joga decis\u00e3o de vaga na final\u00edssima pra ter\u00e7a","author":"noticiasribeiraopreto.com.br","date":"1 de June de 2025","format":false,"excerpt":"compartilhar no whatsapp compartilhar no telegram compartilhar no facebook compartilhar no linkedin Equipe francana domina o arquirrival e empata s\u00e9rie de semifinais em 2 a 2 O Sesi Franca mostrou sua for\u00e7a e poder de rea\u00e7\u00e3o e venceu o Flamengo neste domingo, por 102 a 86, jogando um basquete convincente\u2026","rel":"","context":"In &quot;Not\u00edcias de Franca-SP&quot;","block_context":{"text":"Not\u00edcias de Franca-SP","link":"https:\/\/noticiasribeiraopreto.com.br\/index.php\/category\/noticias-de-ribeirao-preto-sp-e-regiao-ismael-colosi\/noticias-franca-sp\/"},"img":{"alt_text":"","src":"https:\/\/i0.wp.com\/noticiasribeiraopreto.com.br\/wp-content\/uploads\/2025\/06\/IMG_20250601_131006.jpg?fit=1080%2C709&ssl=1&resize=350%2C200","width":350,"height":200,"srcset":"https:\/\/i0.wp.com\/noticiasribeiraopreto.com.br\/wp-content\/uploads\/2025\/06\/IMG_20250601_131006.jpg?fit=1080%2C709&ssl=1&resize=350%2C200 1x, https:\/\/i0.wp.com\/noticiasribeiraopreto.com.br\/wp-content\/uploads\/2025\/06\/IMG_20250601_131006.jpg?fit=1080%2C709&ssl=1&resize=525%2C300 1.5x, https:\/\/i0.wp.com\/noticiasribeiraopreto.com.br\/wp-content\/uploads\/2025\/06\/IMG_20250601_131006.jpg?fit=1080%2C709&ssl=1&resize=700%2C400 2x, https:\/\/i0.wp.com\/noticiasribeiraopreto.com.br\/wp-content\/uploads\/2025\/06\/IMG_20250601_131006.jpg?fit=1080%2C709&ssl=1&resize=1050%2C600 3x"},"classes":[]},{"id":67654,"url":"https:\/\/noticiasribeiraopreto.com.br\/index.php\/2025\/04\/16\/sesi-franca-basquete-esta-no-rio-de-janeiro-para-encarar-o-final-four-da-champions-league\/","url_meta":{"origin":70571,"position":1},"title":"Sesi Franca Basquete est\u00e1 no Rio de Janeiro para encarar o Final Four da Champions League","author":"noticiasribeiraopreto.com.br","date":"16 de April de 2025","format":false,"excerpt":"O Rio de Janeiro ser\u00e1 o palco do Final Four da Champions League das Am\u00e9ricas de basquete em 2025. O Maracan\u00e3zinho receber\u00e1 os \u00faltimos quatro jogos da competi\u00e7\u00e3o, que tem Flamengo e Sesi Franca Basquete como representantes brasileiros na busca pelo t\u00edtulo. As semifinais acontecer\u00e3o no dia 18 de abril\u2026","rel":"","context":"In &quot;Not\u00edcias de Franca-SP&quot;","block_context":{"text":"Not\u00edcias de Franca-SP","link":"https:\/\/noticiasribeiraopreto.com.br\/index.php\/category\/noticias-de-ribeirao-preto-sp-e-regiao-ismael-colosi\/noticias-franca-sp\/"},"img":{"alt_text":"","src":"https:\/\/i0.wp.com\/noticiasribeiraopreto.com.br\/wp-content\/uploads\/2025\/04\/Screenshot_20250416_190657_Instagram.jpg?fit=1079%2C630&ssl=1&resize=350%2C200","width":350,"height":200,"srcset":"https:\/\/i0.wp.com\/noticiasribeiraopreto.com.br\/wp-content\/uploads\/2025\/04\/Screenshot_20250416_190657_Instagram.jpg?fit=1079%2C630&ssl=1&resize=350%2C200 1x, https:\/\/i0.wp.com\/noticiasribeiraopreto.com.br\/wp-content\/uploads\/2025\/04\/Screenshot_20250416_190657_Instagram.jpg?fit=1079%2C630&ssl=1&resize=525%2C300 1.5x, https:\/\/i0.wp.com\/noticiasribeiraopreto.com.br\/wp-content\/uploads\/2025\/04\/Screenshot_20250416_190657_Instagram.jpg?fit=1079%2C630&ssl=1&resize=700%2C400 2x, https:\/\/i0.wp.com\/noticiasribeiraopreto.com.br\/wp-content\/uploads\/2025\/04\/Screenshot_20250416_190657_Instagram.jpg?fit=1079%2C630&ssl=1&resize=1050%2C600 3x"},"classes":[]},{"id":70745,"url":"https:\/\/noticiasribeiraopreto.com.br\/index.php\/2025\/05\/29\/jornal-da-franca-sesi-franca-e-flamengo-se-enfrentam-no-rio-em-jogo-decisivo-das-semifinais-do-nbb\/","url_meta":{"origin":70571,"position":2},"title":"Jornal da Franca &#8211; Sesi Franca e Flamengo se enfrentam no Rio em jogo decisivo das semifinais do NBB","author":"noticiasribeiraopreto.com.br","date":"29 de May de 2025","format":false,"excerpt":"compartilhar no whatsapp compartilhar no telegram compartilhar no facebook compartilhar no linkedin Confronto desta quinta define quem assume a vantagem na s\u00e9rie O Sesi Franca Basquete entra em quadra nesta quinta-feira (29), \u00e0s 20h, no Gin\u00e1sio do Tijuca T\u00eanis Clube, no Rio de Janeiro, para enfrentar o Flamengo pelo terceiro\u2026","rel":"","context":"In &quot;Not\u00edcias de Franca-SP&quot;","block_context":{"text":"Not\u00edcias de Franca-SP","link":"https:\/\/noticiasribeiraopreto.com.br\/index.php\/category\/noticias-de-ribeirao-preto-sp-e-regiao-ismael-colosi\/noticias-franca-sp\/"},"img":{"alt_text":"","src":"https:\/\/i0.wp.com\/noticiasribeiraopreto.com.br\/wp-content\/uploads\/2025\/05\/jogo-nbb-sesi-franca-x-pinheiros-quartas-de-final-jogo-5-pedrocao_20250521_0609_54536299366_o-1200x800-1.jpg?fit=1200%2C800&ssl=1&resize=350%2C200","width":350,"height":200,"srcset":"https:\/\/i0.wp.com\/noticiasribeiraopreto.com.br\/wp-content\/uploads\/2025\/05\/jogo-nbb-sesi-franca-x-pinheiros-quartas-de-final-jogo-5-pedrocao_20250521_0609_54536299366_o-1200x800-1.jpg?fit=1200%2C800&ssl=1&resize=350%2C200 1x, https:\/\/i0.wp.com\/noticiasribeiraopreto.com.br\/wp-content\/uploads\/2025\/05\/jogo-nbb-sesi-franca-x-pinheiros-quartas-de-final-jogo-5-pedrocao_20250521_0609_54536299366_o-1200x800-1.jpg?fit=1200%2C800&ssl=1&resize=525%2C300 1.5x, https:\/\/i0.wp.com\/noticiasribeiraopreto.com.br\/wp-content\/uploads\/2025\/05\/jogo-nbb-sesi-franca-x-pinheiros-quartas-de-final-jogo-5-pedrocao_20250521_0609_54536299366_o-1200x800-1.jpg?fit=1200%2C800&ssl=1&resize=700%2C400 2x, https:\/\/i0.wp.com\/noticiasribeiraopreto.com.br\/wp-content\/uploads\/2025\/05\/jogo-nbb-sesi-franca-x-pinheiros-quartas-de-final-jogo-5-pedrocao_20250521_0609_54536299366_o-1200x800-1.jpg?fit=1200%2C800&ssl=1&resize=1050%2C600 3x"},"classes":[]},{"id":70536,"url":"https:\/\/noticiasribeiraopreto.com.br\/index.php\/2025\/05\/27\/jornal-da-franca-sesi-franca-tem-nesta-noite-jogo-do-ano-diante-do-flamengo-pelas-semifinais-do-nbb\/","url_meta":{"origin":70571,"position":3},"title":"Jornal da Franca &#8211; Sesi Franca tem nesta noite \u201cjogo do ano\u201d diante do Flamengo pelas semifinais do NBB","author":"noticiasribeiraopreto.com.br","date":"27 de May de 2025","format":false,"excerpt":"compartilhar no whatsapp compartilhar no telegram compartilhar no facebook compartilhar no linkedin Equipe precisa vencer o forte time carioca no Rio para empatar s\u00e9rie de semifinais A equipe do Sesi Franca ter\u00e1 uma noite desafiadora hoje, quando enfrentar\u00e1 o Flamengo, no Gin\u00e1sio do Tijuca T\u00eanis Clube, no Rio de Janeiro,\u2026","rel":"","context":"In &quot;Not\u00edcias de Franca-SP&quot;","block_context":{"text":"Not\u00edcias de Franca-SP","link":"https:\/\/noticiasribeiraopreto.com.br\/index.php\/category\/noticias-de-ribeirao-preto-sp-e-regiao-ismael-colosi\/noticias-franca-sp\/"},"img":{"alt_text":"","src":"https:\/\/i0.wp.com\/noticiasribeiraopreto.com.br\/wp-content\/uploads\/2025\/05\/pLENARIO-13-scaled.jpg?fit=1200%2C800&ssl=1&resize=350%2C200","width":350,"height":200,"srcset":"https:\/\/i0.wp.com\/noticiasribeiraopreto.com.br\/wp-content\/uploads\/2025\/05\/pLENARIO-13-scaled.jpg?fit=1200%2C800&ssl=1&resize=350%2C200 1x, https:\/\/i0.wp.com\/noticiasribeiraopreto.com.br\/wp-content\/uploads\/2025\/05\/pLENARIO-13-scaled.jpg?fit=1200%2C800&ssl=1&resize=525%2C300 1.5x, https:\/\/i0.wp.com\/noticiasribeiraopreto.com.br\/wp-content\/uploads\/2025\/05\/pLENARIO-13-scaled.jpg?fit=1200%2C800&ssl=1&resize=700%2C400 2x, https:\/\/i0.wp.com\/noticiasribeiraopreto.com.br\/wp-content\/uploads\/2025\/05\/pLENARIO-13-scaled.jpg?fit=1200%2C800&ssl=1&resize=1050%2C600 3x"},"classes":[]},{"id":67831,"url":"https:\/\/noticiasribeiraopreto.com.br\/index.php\/2025\/04\/19\/flamengo-impoe-pressao-no-sesi-franca-basquete-na-semifinal-da-champions-league\/","url_meta":{"origin":70571,"position":4},"title":"Flamengo imp\u00f5e press\u00e3o no Sesi Franca Basquete na semifinal da Champions League","author":"noticiasribeiraopreto.com.br","date":"19 de April de 2025","format":false,"excerpt":"O Sesi Franca Basquete parou diante do Flamengo e perdeu na semifinal da Champions League. O jogo terminou 91 a 67. A partida aconteceu no Rio de Janeiro, no Gin\u00e1sio Maracananzinho. O time francano sofreu apag\u00e3o no segundo e terceiro quartos (22\u00d718, 20\u00d711, 23\u00d711, 26\u00d727). Quase todo o time ficou\u2026","rel":"","context":"In &quot;Not\u00edcias de Franca-SP&quot;","block_context":{"text":"Not\u00edcias de Franca-SP","link":"https:\/\/noticiasribeiraopreto.com.br\/index.php\/category\/noticias-de-ribeirao-preto-sp-e-regiao-ismael-colosi\/noticias-franca-sp\/"},"img":{"alt_text":"","src":"https:\/\/i0.wp.com\/noticiasribeiraopreto.com.br\/wp-content\/uploads\/2025\/04\/asax60sygpf5g14jjdjv.webp.webp?fit=1200%2C800&ssl=1&resize=350%2C200","width":350,"height":200,"srcset":"https:\/\/i0.wp.com\/noticiasribeiraopreto.com.br\/wp-content\/uploads\/2025\/04\/asax60sygpf5g14jjdjv.webp.webp?fit=1200%2C800&ssl=1&resize=350%2C200 1x, https:\/\/i0.wp.com\/noticiasribeiraopreto.com.br\/wp-content\/uploads\/2025\/04\/asax60sygpf5g14jjdjv.webp.webp?fit=1200%2C800&ssl=1&resize=525%2C300 1.5x, https:\/\/i0.wp.com\/noticiasribeiraopreto.com.br\/wp-content\/uploads\/2025\/04\/asax60sygpf5g14jjdjv.webp.webp?fit=1200%2C800&ssl=1&resize=700%2C400 2x, https:\/\/i0.wp.com\/noticiasribeiraopreto.com.br\/wp-content\/uploads\/2025\/04\/asax60sygpf5g14jjdjv.webp.webp?fit=1200%2C800&ssl=1&resize=1050%2C600 3x"},"classes":[]},{"id":52389,"url":"https:\/\/noticiasribeiraopreto.com.br\/index.php\/2024\/06\/06\/flamengo-empata-serie-com-franca-apos-vencer-no-segundo-jogo-das-finais-do-nbb\/","url_meta":{"origin":70571,"position":5},"title":"Flamengo empata s\u00e9rie com Franca ap\u00f3s vencer no segundo jogo das finais do NBB","author":"noticiasribeiraopreto.com.br","date":"6 de June de 2024","format":false,"excerpt":"O Franca Basquete perdeu por 76 a 68 para Flamengo, no segundo confronto pelas finais do NBB (Novo Basquete Brasil), em disputa realizada nesta quinta-feira (06), no Pedroc\u00e3o, na regi\u00e3o de Ribeir\u00e3o Preto. Com o resultado, o Flamengo igualou a s\u00e9rie melhor de cinco em 1 a 1, j\u00e1 que\u2026","rel":"","context":"In &quot;Not\u00edcias de Ribeir\u00e3o Preto-SP e Regi\u00e3o&quot;","block_context":{"text":"Not\u00edcias de Ribeir\u00e3o Preto-SP e Regi\u00e3o","link":"https:\/\/noticiasribeiraopreto.com.br\/index.php\/category\/noticias-de-ribeirao-preto-sp-e-regiao-ismael-colosi\/"},"img":{"alt_text":"","src":"https:\/\/i0.wp.com\/noticiasribeiraopreto.com.br\/wp-content\/uploads\/2024\/06\/53774320696_14451e0f47_o_2024-06-07_00-15-13_jpg_2024-06-07_00-15-16-scaled.webp.webp?fit=1200%2C800&ssl=1&resize=350%2C200","width":350,"height":200,"srcset":"https:\/\/i0.wp.com\/noticiasribeiraopreto.com.br\/wp-content\/uploads\/2024\/06\/53774320696_14451e0f47_o_2024-06-07_00-15-13_jpg_2024-06-07_00-15-16-scaled.webp.webp?fit=1200%2C800&ssl=1&resize=350%2C200 1x, https:\/\/i0.wp.com\/noticiasribeiraopreto.com.br\/wp-content\/uploads\/2024\/06\/53774320696_14451e0f47_o_2024-06-07_00-15-13_jpg_2024-06-07_00-15-16-scaled.webp.webp?fit=1200%2C800&ssl=1&resize=525%2C300 1.5x, https:\/\/i0.wp.com\/noticiasribeiraopreto.com.br\/wp-content\/uploads\/2024\/06\/53774320696_14451e0f47_o_2024-06-07_00-15-13_jpg_2024-06-07_00-15-16-scaled.webp.webp?fit=1200%2C800&ssl=1&resize=700%2C400 2x, https:\/\/i0.wp.com\/noticiasribeiraopreto.com.br\/wp-content\/uploads\/2024\/06\/53774320696_14451e0f47_o_2024-06-07_00-15-13_jpg_2024-06-07_00-15-16-scaled.webp.webp?fit=1200%2C800&ssl=1&resize=1050%2C600 3x"},"classes":[]}],"jetpack_sharing_enabled":true,"jetpack_shortlink":"https:\/\/wp.me\/peQAOb-imf","_links":{"self":[{"href":"https:\/\/noticiasribeiraopreto.com.br\/index.php\/wp-json\/wp\/v2\/posts\/70571","targetHints":{"allow":["GET"]}}],"collection":[{"href":"https:\/\/noticiasribeiraopreto.com.br\/index.php\/wp-json\/wp\/v2\/posts"}],"about":[{"href":"https:\/\/noticiasribeiraopreto.com.br\/index.php\/wp-json\/wp\/v2\/types\/post"}],"author":[{"embeddable":true,"href":"https:\/\/noticiasribeiraopreto.com.br\/index.php\/wp-json\/wp\/v2\/users\/1"}],"replies":[{"embeddable":true,"href":"https:\/\/noticiasribeiraopreto.com.br\/index.php\/wp-json\/wp\/v2\/comments?post=70571"}],"version-history":[{"count":0,"href":"https:\/\/noticiasribeiraopreto.com.br\/index.php\/wp-json\/wp\/v2\/posts\/70571\/revisions"}],"wp:featuredmedia":[{"embeddable":true,"href":"https:\/\/noticiasribeiraopreto.com.br\/index.php\/wp-json\/wp\/v2\/media\/70572"}],"wp:attachment":[{"href":"https:\/\/noticiasribeiraopreto.com.br\/index.php\/wp-json\/wp\/v2\/media?parent=70571"}],"wp:term":[{"taxonomy":"category","embeddable":true,"href":"https:\/\/noticiasribeiraopreto.com.br\/index.php\/wp-json\/wp\/v2\/categories?post=70571"},{"taxonomy":"post_tag","embeddable":true,"href":"https:\/\/noticiasribeiraopreto.com.br\/index.php\/wp-json\/wp\/v2\/tags?post=70571"}],"curies":[{"name":"wp","href":"https:\/\/api.w.org\/{rel}","templated":true}]}}