{"id":70585,"date":"2025-05-28T05:14:20","date_gmt":"2025-05-28T08:14:20","guid":{"rendered":"https:\/\/noticiasribeiraopreto.com.br\/index.php\/2025\/05\/28\/prisao-temporaria-para-tres-investigados-no-sumico-do-empresario\/"},"modified":"2025-05-28T05:14:20","modified_gmt":"2025-05-28T08:14:20","slug":"prisao-temporaria-para-tres-investigados-no-sumico-do-empresario","status":"publish","type":"post","link":"https:\/\/noticiasribeiraopreto.com.br\/index.php\/2025\/05\/28\/prisao-temporaria-para-tres-investigados-no-sumico-do-empresario\/","title":{"rendered":"Pris\u00e3o tempor\u00e1ria para tr\u00eas investigados no sumi\u00e7o do empres\u00e1rio"},"content":{"rendered":"<div class='code-block code-block-1' style='margin: 8px 0 8px auto; text-align: right; display: block; clear: both;'>\n<p><a href=\"https:\/\/wa.link\/vpicfd\"><img data-recalc-dims=\"1\" class=\"wp-image-4922\" style=\"aspect-ratio: 2.0253164556962027; width: 561px; height: auto;\" src=\"https:\/\/i0.wp.com\/ismaelcolosi.com.br\/wp-content\/uploads\/2023\/11\/grupo-de-empregos-whatsapp-e-facebook-ismael-colosi-vagas.jpg?ssl=1\" alt=\"\" \/><\/a><\/p>\n<!-- \/wp:image -->\n<\/div>\n<p> <br \/>\n<\/p>\n<div id=\"\">\n<p>\n\t\t\t\t\t\t\t\t\t<span class=\"entry-meta-item penci-posted-on\"><i class=\"fa fa-clock-o\"\/><time class=\"entry-date published updated\" datetime=\"2025-05-28T05:13:32-03:00\">28 de maio de 2025 05:13<\/time><\/span><span class=\"entry-meta-item penci-post-countview\"><span class=\"entry-meta-item penci-post-countview penci_post-meta_item\"><i class=\"fa fa-eye\"\/><span class=\"penci-post-countview-number penci-post-countview-p427060\">1<\/span><\/span><\/span>\t\t\t\t\t\t\t\t<\/p>\n<p><!-- .entry-meta --><br \/>\n\t\t\t\t\t\t\t\t<span class=\"penci-social-buttons penci-social-share-footer\"><span class=\"penci-social-share-text\">Compartilhar<\/span><a href=\"#\" class=\"penci-post-like penci_post-meta_item  single-like-button penci-social-item like\" data-post_id=\"427060\" title=\"Like\" data-like=\"Like\" data-unlike=\"Unlike\"><i class=\"fa fa-thumbs-o-up\"\/><span class=\"penci-share-number\">0<\/span><\/a><i class=\"fa fa-facebook\"\/><a class=\"penci-social-item twitter\" target=\"_blank\" rel=\"noopener\" title=\"\" href=\"https:\/\/twitter.com\/intent\/tweet?text=Pris\u00e3o%20tempor\u00e1ria%20para%20tr\u00eas%20investigados%20no%20sumi\u00e7o%20do%20empres\u00e1rio%20-%20https:\/\/www.tribunaribeirao.com.br\/prisao-temporaria-para-tres-investigados-no-sumico-do-empresario\/\"><i class=\"fa fa-twitter\"\/><\/a><i class=\"fa fa-linkedin\"\/><i class=\"fa fa-whatsapp\"\/><i class=\"fa fa-telegram\"\/><i class=\"fa fa-envelope\"\/><\/span>\t\t\t\t\t\t\t<\/div>\n<div>\n<p>A\u00a0 Pol\u00edcia Civil pediu, tamb\u00e9m, a pris\u00e3o tempor\u00e1ria da esposa do empres\u00e1rio Marlon Couto, Tatiane Moraes, e de um terceiro suspeito, identificado apenas como Tadeu. A Justi\u00e7a aceitou os pedidos, e os tr\u00eas s\u00e3o considerados foragidos.<\/p>\n<p>A Pol\u00edcia Civil confirmou, nesta ter\u00e7a-feira (27), que o empres\u00e1rio Nelson Francisco Carreira Filho, de 44 anos, foi assassinado ap\u00f3s desaparecer no \u00faltimo dia 16 de maio, em Cravinhos, na Regi\u00e3o Metropolitana de Ribeir\u00e3o Preto. O corpo ainda n\u00e3o foi localizado.<\/p>\n<p>Um dos investigados confessou participa\u00e7\u00e3o no homic\u00eddio, segundo informou o delegado seccional Sebasti\u00e3o Vicente Picinato, respons\u00e1vel pelo caso. As investiga\u00e7\u00f5es apontam que o crime est\u00e1 ligado a desaven\u00e7as comerciais.<\/p>\n<p>Nelson foi visto pela \u00faltima vez ao sair de uma reuni\u00e3o de trabalho em uma farm\u00e1cia de manipula\u00e7\u00e3o, na rua Dr. Manoel Arantes Nogueira, 137, bairro Jo\u00e3o Berbel, em Cravinhos. Desde ent\u00e3o, familiares e amigos n\u00e3o tiveram mais not\u00edcias dele.<\/p>\n<p>Equipes do Departamento de Homic\u00eddios e Prote\u00e7\u00e3o \u00e0 Pessoa (DHPP) e da Delegacia Seccional de Ribeir\u00e3o Preto seguem em buscas para capturar os suspeitos e localizar o corpo da v\u00edtima.<\/p>\n<p>\u201cO crime tem rela\u00e7\u00e3o direta com quest\u00f5es comerciais. As investiga\u00e7\u00f5es continuam e as buscas s\u00e3o intensas na regi\u00e3o\u201d, afirmou o delegado Picinato.<\/p>\n<p>A Pol\u00edcia Civil mant\u00e9m o caso em sigilo para n\u00e3o atrapalhar a investiga\u00e7\u00e3o.<\/p>\n<p>\u2014<\/p>\n<p>Jornal Tribuna Ribeir\u00e3o<\/p>\n<p>Um Jornal com a cara de Ribeir\u00e3o!<\/p>\n<p>\u00a0<\/p>\n<p>Impresso | WEB | Redes sociais<\/p>\n<p>Tribuna Ribeir\u00e3o \u2013 Fone: (16) 3632-2200 \u2013 Whatsapp: (16) 98161-8743<\/p>\n<p>Av. Bar\u00e3o do Bananal, 880 \u2013 Jardim Anhanguera, Ribeir\u00e3o Preto<\/p>\n<p>\u00a0<\/p>\n<p>@tribunaribeirao @meiaderibeirao @dinoderibeirao<\/p>\n<p>\u00a0<\/p>\n<p>#TribunaRibeir\u00e3o #News #Not\u00edcia #Ribeir\u00e3oPreto #Not\u00edciasDeRibeir\u00e3oPreto<\/p>\n<p>#ClassificadosTribunaRibeir\u00e3o #Jornalismo #ClassificadosRibeir\u00e3o<\/p>\n<\/div>\n<p><script async src=\"\/\/platform.twitter.com\/widgets.js\" charset=\"utf-8\"><\/script><br \/>\n<br \/><br \/>\n<br \/><a href=\"https:\/\/www.tribunaribeirao.com.br\/prisao-temporaria-para-tres-investigados-no-sumico-do-empresario\/\">Source link <\/a><\/p>\n<!-- CONTENT END 1 -->\n","protected":false},"excerpt":{"rendered":"<p>28 de maio de 2025 05:131 Compartilhar0 A\u00a0 Pol\u00edcia Civil pediu, tamb\u00e9m, a pris\u00e3o tempor\u00e1ria da esposa do empres\u00e1rio Marlon Couto, Tatiane Moraes, e de&#8230;<\/p>\n","protected":false},"author":1,"featured_media":70586,"comment_status":"open","ping_status":"open","sticky":false,"template":"","format":"standard","meta":{"advanced_seo_description":"","jetpack_seo_html_title":"","jetpack_seo_noindex":false,"jetpack_post_was_ever_published":false,"_jetpack_newsletter_access":"","_jetpack_dont_email_post_to_subs":false,"_jetpack_newsletter_tier_id":0,"_jetpack_memberships_contains_paywalled_content":false,"_jetpack_memberships_contains_paid_content":false,"footnotes":"","jetpack_publicize_message":"","jetpack_publicize_feature_enabled":true,"jetpack_social_post_already_shared":true,"jetpack_social_options":{"image_generator_settings":{"template":"highway","default_image_id":0,"font":"","enabled":false},"version":2}},"categories":[11],"tags":[],"class_list":["post-70585","post","type-post","status-publish","format-standard","has-post-thumbnail","hentry","category-noticias-de-ribeirao-preto-sp-e-regiao-ismael-colosi"],"jetpack_publicize_connections":[],"jetpack_featured_media_url":"https:\/\/i0.wp.com\/noticiasribeiraopreto.com.br\/wp-content\/uploads\/2025\/05\/nelson_marlon_tadeu-e1748419874671.jpeg?fit=800%2C450&ssl=1","jetpack-related-posts":[{"id":17543,"url":"https:\/\/noticiasribeiraopreto.com.br\/index.php\/2023\/12\/18\/pats-da-regiao-de-ribeirao-estao-com-diversas-vagas-disponiveis-veja-as-oportunidades\/","url_meta":{"origin":70585,"position":0},"title":"PATs da regi\u00e3o de Ribeir\u00e3o est\u00e3o com diversas vagas dispon\u00edveis; Veja as oportunidades","author":"noticiasribeiraopreto.com.br","date":"18 de December de 2023","format":false,"excerpt":"A Secretaria de Desenvolvimento Econ\u00f4mico do Estado de S\u00e3o Paulo informou, nesta segunda-feira-feira (18), que os Postos de Atendimento ao Trabalhador (PATs) est\u00e3o com 281 oportunidades de trabalho na regi\u00e3o de Ribeir\u00e3o Preto. Os interessados em concorrer alguma das vagas devem comparecer ao PAT das cidades com oportunidades, munidos com\u2026","rel":"","context":"In &quot;Not\u00edcias de Ribeir\u00e3o Preto-SP e Regi\u00e3o&quot;","block_context":{"text":"Not\u00edcias de Ribeir\u00e3o Preto-SP e Regi\u00e3o","link":"https:\/\/noticiasribeiraopreto.com.br\/index.php\/category\/noticias-de-ribeirao-preto-sp-e-regiao-ismael-colosi\/"},"img":{"alt_text":"","src":"https:\/\/i0.wp.com\/noticiasribeiraopreto.com.br\/wp-content\/uploads\/2023\/12\/vagas_pat_-_foto_guilherme_sircili_1-1068x711-1.jpg?fit=1068%2C711&ssl=1&resize=350%2C200","width":350,"height":200,"srcset":"https:\/\/i0.wp.com\/noticiasribeiraopreto.com.br\/wp-content\/uploads\/2023\/12\/vagas_pat_-_foto_guilherme_sircili_1-1068x711-1.jpg?fit=1068%2C711&ssl=1&resize=350%2C200 1x, https:\/\/i0.wp.com\/noticiasribeiraopreto.com.br\/wp-content\/uploads\/2023\/12\/vagas_pat_-_foto_guilherme_sircili_1-1068x711-1.jpg?fit=1068%2C711&ssl=1&resize=525%2C300 1.5x, https:\/\/i0.wp.com\/noticiasribeiraopreto.com.br\/wp-content\/uploads\/2023\/12\/vagas_pat_-_foto_guilherme_sircili_1-1068x711-1.jpg?fit=1068%2C711&ssl=1&resize=700%2C400 2x, https:\/\/i0.wp.com\/noticiasribeiraopreto.com.br\/wp-content\/uploads\/2023\/12\/vagas_pat_-_foto_guilherme_sircili_1-1068x711-1.jpg?fit=1068%2C711&ssl=1&resize=1050%2C600 3x"},"classes":[]},{"id":45319,"url":"https:\/\/noticiasribeiraopreto.com.br\/index.php\/2024\/04\/03\/a-procura-de-emprego-regiao-de-ribeirao-preto-esta-com-684-vagas-abertas-ribeirao-preto-e-franca-g1\/","url_meta":{"origin":70585,"position":1},"title":"\u00c0 procura de emprego? Regi\u00e3o de Ribeir\u00e3o Preto est\u00e1 com 684 vagas abertas | Ribeir\u00e3o Preto e Franca | G1","author":"noticiasribeiraopreto.com.br","date":"3 de April de 2024","format":false,"excerpt":"\u00c0 procura de emprego? Regi\u00e3o de Ribeir\u00e3o Preto est\u00e1 com 684 vagas abertas 1 de 1 Carteira de trabalho, em imagem de arquivo \u2014 Foto: Ag\u00eancia Bras\u00edlia Carteira de trabalho, em imagem de arquivo \u2014 Foto: Ag\u00eancia Bras\u00edlia Dez cidades das regi\u00f5es de Ribeir\u00e3o Preto (SP) e Franca (SP) est\u00e3o\u2026","rel":"","context":"In &quot;Vagas de Emprego em Ribeir\u00e3o Preto-SP&quot;","block_context":{"text":"Vagas de Emprego em Ribeir\u00e3o Preto-SP","link":"https:\/\/noticiasribeiraopreto.com.br\/index.php\/category\/empregos-classificados-vagas-trabalho\/vagas-de-empregos-em-ribeirao-preto-regiao-brasil\/"},"img":{"alt_text":"","src":"","width":0,"height":0},"classes":[]},{"id":24713,"url":"https:\/\/noticiasribeiraopreto.com.br\/index.php\/2024\/01\/04\/ribeirao-preto-e-regiao-tem-mais-de-400-vagas-de-emprego-veja-as-oportunidades-1\/","url_meta":{"origin":70585,"position":2},"title":"Ribeir\u00e3o Preto e regi\u00e3o\u00a0t\u00eam mais de 400 vagas de emprego; Veja as oportunidades","author":"noticiasribeiraopreto.com.br","date":"4 de January de 2024","format":false,"excerpt":"Os PATs (Postos de Atendimentos ao Trabalhador) da regi\u00e3o de Ribeir\u00e3o Preto est\u00e3o com mais de 400 vagas de emprego dispon\u00edveis nessa quinta-feira (4), de acordo com os dados da Secretaria de Desenvolvimento Econ\u00f4mico do Estado. As vagas s\u00e3o para diversos setores nas cidades de Barretos, Bebedouro, Ol\u00edmpia, Viradouro, Batatais,\u2026","rel":"","context":"In &quot;Not\u00edcias de Ribeir\u00e3o Preto-SP e Regi\u00e3o&quot;","block_context":{"text":"Not\u00edcias de Ribeir\u00e3o Preto-SP e Regi\u00e3o","link":"https:\/\/noticiasribeiraopreto.com.br\/index.php\/category\/noticias-de-ribeirao-preto-sp-e-regiao-ismael-colosi\/"},"img":{"alt_text":"","src":"https:\/\/i0.wp.com\/noticiasribeiraopreto.com.br\/wp-content\/uploads\/2024\/01\/vagas_de_500x320_07082018085735.jpg?fit=500%2C322&ssl=1&resize=350%2C200","width":350,"height":200},"classes":[]},{"id":28773,"url":"https:\/\/noticiasribeiraopreto.com.br\/index.php\/2024\/01\/16\/regiao-de-ribeirao-esta-com-mais-de-600-vagas-de-trabalho-vejas-as-oportunidades\/","url_meta":{"origin":70585,"position":3},"title":"Regi\u00e3o de Ribeir\u00e3o est\u00e1 com mais de 600 vagas de trabalho; Vejas as oportunidades","author":"noticiasribeiraopreto.com.br","date":"16 de January de 2024","format":false,"excerpt":"A regi\u00e3o de Ribeir\u00e3o Preto est\u00e1 com mais de 600 vagas de emprego, nesta ter\u00e7a-feira (16). As vagas est\u00e3o dispon\u00edveis nos PATs (Posto de Atendimento ao Trabalhador) das cidades, de acordo com a Secretaria de Desenvolvimento Econ\u00f4mico do Estado. As oportunidades est\u00e3o distribu\u00eddas em Barretos, Bebedouro, Gua\u00edra, Ol\u00edmpia, Batatais, Franca,\u2026","rel":"","context":"In &quot;Not\u00edcias de Ribeir\u00e3o Preto-SP e Regi\u00e3o&quot;","block_context":{"text":"Not\u00edcias de Ribeir\u00e3o Preto-SP e Regi\u00e3o","link":"https:\/\/noticiasribeiraopreto.com.br\/index.php\/category\/noticias-de-ribeirao-preto-sp-e-regiao-ismael-colosi\/"},"img":{"alt_text":"","src":"https:\/\/i0.wp.com\/noticiasribeiraopreto.com.br\/wp-content\/uploads\/2024\/01\/mutirao_do_emprego_caterp_pat_pei_-_foto_guilherme_sircili_6.jpg?fit=1200%2C799&ssl=1&resize=350%2C200","width":350,"height":200,"srcset":"https:\/\/i0.wp.com\/noticiasribeiraopreto.com.br\/wp-content\/uploads\/2024\/01\/mutirao_do_emprego_caterp_pat_pei_-_foto_guilherme_sircili_6.jpg?fit=1200%2C799&ssl=1&resize=350%2C200 1x, https:\/\/i0.wp.com\/noticiasribeiraopreto.com.br\/wp-content\/uploads\/2024\/01\/mutirao_do_emprego_caterp_pat_pei_-_foto_guilherme_sircili_6.jpg?fit=1200%2C799&ssl=1&resize=525%2C300 1.5x, https:\/\/i0.wp.com\/noticiasribeiraopreto.com.br\/wp-content\/uploads\/2024\/01\/mutirao_do_emprego_caterp_pat_pei_-_foto_guilherme_sircili_6.jpg?fit=1200%2C799&ssl=1&resize=700%2C400 2x, https:\/\/i0.wp.com\/noticiasribeiraopreto.com.br\/wp-content\/uploads\/2024\/01\/mutirao_do_emprego_caterp_pat_pei_-_foto_guilherme_sircili_6.jpg?fit=1200%2C799&ssl=1&resize=1050%2C600 3x"},"classes":[]},{"id":34007,"url":"https:\/\/noticiasribeiraopreto.com.br\/index.php\/2024\/01\/31\/ribeirao-e-regiao-tem-mais-de-mil-vagas-de-emprego-veja-as-oportunidades\/","url_meta":{"origin":70585,"position":4},"title":"Ribeir\u00e3o e regi\u00e3o t\u00eam mais de mil vagas de emprego; Veja as oportunidades","author":"noticiasribeiraopreto.com.br","date":"31 de January de 2024","format":false,"excerpt":"Os Postos de Atendimento ao Trabalhador (PATs) da regi\u00e3o de Ribeir\u00e3o Preto est\u00e3o com 1.279 vagas de emprego, de acordo com a Secretaria de Desenvolvimento Econ\u00f4mico do Estado de S\u00e3o Paulo. Entre as oportunidades est\u00e3o vagas para T\u00e9cnico de Enfermagem, Pizzaiolo, Administrador e Professor de Educa\u00e7\u00e3o F\u00edsica para o Ensino\u2026","rel":"","context":"In &quot;Not\u00edcias de Ribeir\u00e3o Preto-SP e Regi\u00e3o&quot;","block_context":{"text":"Not\u00edcias de Ribeir\u00e3o Preto-SP e Regi\u00e3o","link":"https:\/\/noticiasribeiraopreto.com.br\/index.php\/category\/noticias-de-ribeirao-preto-sp-e-regiao-ismael-colosi\/"},"img":{"alt_text":"","src":"https:\/\/i0.wp.com\/noticiasribeiraopreto.com.br\/wp-content\/uploads\/2024\/01\/carteira_de_1024x576_27092020203402.jpg?fit=1024%2C576&ssl=1&resize=350%2C200","width":350,"height":200,"srcset":"https:\/\/i0.wp.com\/noticiasribeiraopreto.com.br\/wp-content\/uploads\/2024\/01\/carteira_de_1024x576_27092020203402.jpg?fit=1024%2C576&ssl=1&resize=350%2C200 1x, https:\/\/i0.wp.com\/noticiasribeiraopreto.com.br\/wp-content\/uploads\/2024\/01\/carteira_de_1024x576_27092020203402.jpg?fit=1024%2C576&ssl=1&resize=525%2C300 1.5x, https:\/\/i0.wp.com\/noticiasribeiraopreto.com.br\/wp-content\/uploads\/2024\/01\/carteira_de_1024x576_27092020203402.jpg?fit=1024%2C576&ssl=1&resize=700%2C400 2x"},"classes":[]},{"id":44275,"url":"https:\/\/noticiasribeiraopreto.com.br\/index.php\/2024\/03\/26\/esta-buscando-uma-oportunidade-regiao-de-ribeirao-tem-mais-de-700-vagas-de-emprego\/","url_meta":{"origin":70585,"position":5},"title":"Est\u00e1 buscando uma oportunidade? Regi\u00e3o de Ribeir\u00e3o tem mais de 700 vagas de emprego","author":"noticiasribeiraopreto.com.br","date":"26 de March de 2024","format":false,"excerpt":"Os Postos de Atendimento ao Trabalhador (PATs) da regi\u00e3o de Ribeir\u00e3o Preto est\u00e3o com 729 oportunidades de emprego, de acordo com a Secretaria de Desenvolvimento Econ\u00f4mico do Estado de S\u00e3o Paulo. As vagas s\u00e3o para diversos setores nas cidades de Ribeir\u00e3o Preto, Barretos, Bebedouro, Gua\u00edra, Batatais, Franca, Ituverava, Orl\u00e2ndia, Jardin\u00f3polis,\u2026","rel":"","context":"In &quot;Not\u00edcias de Ribeir\u00e3o Preto-SP e Regi\u00e3o&quot;","block_context":{"text":"Not\u00edcias de Ribeir\u00e3o Preto-SP e Regi\u00e3o","link":"https:\/\/noticiasribeiraopreto.com.br\/index.php\/category\/noticias-de-ribeirao-preto-sp-e-regiao-ismael-colosi\/"},"img":{"alt_text":"","src":"https:\/\/i0.wp.com\/noticiasribeiraopreto.com.br\/wp-content\/uploads\/2024\/03\/vagas_pat_-_foto_guilherme_sircili_1-1068x711-1.jpg?fit=1068%2C711&ssl=1&resize=350%2C200","width":350,"height":200,"srcset":"https:\/\/i0.wp.com\/noticiasribeiraopreto.com.br\/wp-content\/uploads\/2024\/03\/vagas_pat_-_foto_guilherme_sircili_1-1068x711-1.jpg?fit=1068%2C711&ssl=1&resize=350%2C200 1x, https:\/\/i0.wp.com\/noticiasribeiraopreto.com.br\/wp-content\/uploads\/2024\/03\/vagas_pat_-_foto_guilherme_sircili_1-1068x711-1.jpg?fit=1068%2C711&ssl=1&resize=525%2C300 1.5x, https:\/\/i0.wp.com\/noticiasribeiraopreto.com.br\/wp-content\/uploads\/2024\/03\/vagas_pat_-_foto_guilherme_sircili_1-1068x711-1.jpg?fit=1068%2C711&ssl=1&resize=700%2C400 2x, https:\/\/i0.wp.com\/noticiasribeiraopreto.com.br\/wp-content\/uploads\/2024\/03\/vagas_pat_-_foto_guilherme_sircili_1-1068x711-1.jpg?fit=1068%2C711&ssl=1&resize=1050%2C600 3x"},"classes":[]}],"jetpack_sharing_enabled":true,"jetpack_shortlink":"https:\/\/wp.me\/peQAOb-imt","_links":{"self":[{"href":"https:\/\/noticiasribeiraopreto.com.br\/index.php\/wp-json\/wp\/v2\/posts\/70585","targetHints":{"allow":["GET"]}}],"collection":[{"href":"https:\/\/noticiasribeiraopreto.com.br\/index.php\/wp-json\/wp\/v2\/posts"}],"about":[{"href":"https:\/\/noticiasribeiraopreto.com.br\/index.php\/wp-json\/wp\/v2\/types\/post"}],"author":[{"embeddable":true,"href":"https:\/\/noticiasribeiraopreto.com.br\/index.php\/wp-json\/wp\/v2\/users\/1"}],"replies":[{"embeddable":true,"href":"https:\/\/noticiasribeiraopreto.com.br\/index.php\/wp-json\/wp\/v2\/comments?post=70585"}],"version-history":[{"count":0,"href":"https:\/\/noticiasribeiraopreto.com.br\/index.php\/wp-json\/wp\/v2\/posts\/70585\/revisions"}],"wp:featuredmedia":[{"embeddable":true,"href":"https:\/\/noticiasribeiraopreto.com.br\/index.php\/wp-json\/wp\/v2\/media\/70586"}],"wp:attachment":[{"href":"https:\/\/noticiasribeiraopreto.com.br\/index.php\/wp-json\/wp\/v2\/media?parent=70585"}],"wp:term":[{"taxonomy":"category","embeddable":true,"href":"https:\/\/noticiasribeiraopreto.com.br\/index.php\/wp-json\/wp\/v2\/categories?post=70585"},{"taxonomy":"post_tag","embeddable":true,"href":"https:\/\/noticiasribeiraopreto.com.br\/index.php\/wp-json\/wp\/v2\/tags?post=70585"}],"curies":[{"name":"wp","href":"https:\/\/api.w.org\/{rel}","templated":true}]}}