{"id":70593,"date":"2025-05-28T08:23:15","date_gmt":"2025-05-28T11:23:15","guid":{"rendered":"https:\/\/noticiasribeiraopreto.com.br\/index.php\/2025\/05\/28\/jornal-da-franca-mais-marmita-e-menos-almoco-fora-de-casa-inflacao-muda-os-habitos-de-consumo\/"},"modified":"2025-05-28T08:23:15","modified_gmt":"2025-05-28T11:23:15","slug":"jornal-da-franca-mais-marmita-e-menos-almoco-fora-de-casa-inflacao-muda-os-habitos-de-consumo","status":"publish","type":"post","link":"https:\/\/noticiasribeiraopreto.com.br\/index.php\/2025\/05\/28\/jornal-da-franca-mais-marmita-e-menos-almoco-fora-de-casa-inflacao-muda-os-habitos-de-consumo\/","title":{"rendered":"Jornal da Franca &#8211; Mais marmita e menos almo\u00e7o fora de casa: infla\u00e7\u00e3o muda os h\u00e1bitos de consumo"},"content":{"rendered":"<div class='code-block code-block-1' style='margin: 8px 0 8px auto; text-align: right; display: block; clear: both;'>\n<p><a href=\"https:\/\/wa.link\/vpicfd\"><img data-recalc-dims=\"1\" class=\"wp-image-4922\" style=\"aspect-ratio: 2.0253164556962027; width: 561px; height: auto;\" src=\"https:\/\/i0.wp.com\/ismaelcolosi.com.br\/wp-content\/uploads\/2023\/11\/grupo-de-empregos-whatsapp-e-facebook-ismael-colosi-vagas.jpg?ssl=1\" alt=\"\" \/><\/a><\/p>\n<!-- \/wp:image -->\n<\/div>\n<p> <br \/>\n<\/p>\n<div data-block-type=\"unstyled\" data-block-weight=\"82\" data-block-id=\"13\">\n<p class=\" content-text__container \" data-track-category=\"Link no Texto\" data-track-links=\"\" data-mrf-recirculation=\"Article links\">Para o economista Bol\u00edvar Godinho, professor de Finan\u00e7as na Universidade Federal de S\u00e3o Paulo (Unifesp), esse comportamento \u00e9 uma rea\u00e7\u00e3o direta \u00e0 perda do poder de compra agravada pela infla\u00e7\u00e3o que vem afetando o setor de alimenta\u00e7\u00e3o e bebidas.<\/p>\n<p class=\" content-text__container \" data-track-category=\"Link no Texto\" data-track-links=\"\" data-mrf-recirculation=\"Article links\">Em abril, por exemplo, os pre\u00e7os subiram 1,14%, ante 1,09% em mar\u00e7o, conforme os dados divulgados pelo Instituto Brasileiro de Geografia e Estat\u00edstica (IBGE). As altas da batata-inglesa (18,29%), do tomate (14,32%) e do caf\u00e9 mo\u00eddo (4,48%) contribu\u00edram para esse resultado.<\/p>\n<\/div>\n<p><br \/>\n<br \/><a href=\"https:\/\/www.jornaldafranca.com.br\/mais-marmita-e-menos-almoco-fora-de-casa-inflacao-muda-os-habitos-de-consumo\/\">Source link <\/a><\/p>\n<!-- CONTENT END 1 -->\n","protected":false},"excerpt":{"rendered":"<p>Para o economista Bol\u00edvar Godinho, professor de Finan\u00e7as na Universidade Federal de S\u00e3o Paulo (Unifesp), esse comportamento \u00e9 uma rea\u00e7\u00e3o direta \u00e0 perda do poder&#8230;<\/p>\n","protected":false},"author":1,"featured_media":70594,"comment_status":"open","ping_status":"open","sticky":false,"template":"","format":"standard","meta":{"advanced_seo_description":"","jetpack_seo_html_title":"","jetpack_seo_noindex":false,"jetpack_post_was_ever_published":false,"_jetpack_newsletter_access":"","_jetpack_dont_email_post_to_subs":false,"_jetpack_newsletter_tier_id":0,"_jetpack_memberships_contains_paywalled_content":false,"_jetpack_memberships_contains_paid_content":false,"footnotes":"","jetpack_publicize_message":"","jetpack_publicize_feature_enabled":true,"jetpack_social_post_already_shared":true,"jetpack_social_options":{"image_generator_settings":{"template":"highway","default_image_id":0,"font":"","enabled":false},"version":2}},"categories":[3597],"tags":[],"class_list":["post-70593","post","type-post","status-publish","format-standard","has-post-thumbnail","hentry","category-noticias-franca-sp"],"jetpack_publicize_connections":[],"jetpack_featured_media_url":"https:\/\/i0.wp.com\/noticiasribeiraopreto.com.br\/wp-content\/uploads\/2025\/05\/2149255923.jpg?fit=1000%2C667&ssl=1","jetpack-related-posts":[{"id":14622,"url":"https:\/\/noticiasribeiraopreto.com.br\/index.php\/2023\/12\/12\/antes-da-explosao-da-inflacao-uma-terca-quente-divulgacao-dos-indices-de-inflacao-no-brasil-e-nos-eua-na-mira-dos-investidores\/","url_meta":{"origin":70593,"position":0},"title":"Antes da explos\u00e3o da infla\u00e7\u00e3o, uma ter\u00e7a quente: divulga\u00e7\u00e3o dos \u00edndices de infla\u00e7\u00e3o no Brasil e nos EUA na mira dos investidores","author":"noticiasribeiraopreto.com.br","date":"12 de December de 2023","format":false,"excerpt":"Nos EUA, expectativa \u00e9 de desacelera\u00e7\u00e3o; por aqui, tributa\u00e7\u00e3o das apostas esportivas e subven\u00e7\u00e3o do ICMS tamb\u00e9m entram no radar \u2013 Todos os direitos: MoneyTimes Nos EUA, expectativa de desacelera\u00e7\u00e3o; no Brasil, tributa\u00e7\u00e3o das apostas esportivas e subven\u00e7\u00e3o do ICMS entram no radar. Os investidores est\u00e3o ansiosos para saber os\u2026","rel":"","context":"In &quot;Vagas de Emprego em Ribeir\u00e3o Preto-SP&quot;","block_context":{"text":"Vagas de Emprego em Ribeir\u00e3o Preto-SP","link":"https:\/\/noticiasribeiraopreto.com.br\/index.php\/category\/empregos-classificados-vagas-trabalho\/vagas-de-empregos-em-ribeirao-preto-regiao-brasil\/"},"img":{"alt_text":"","src":"https:\/\/i0.wp.com\/noticiasribeiraopreto.com.br\/wp-content\/uploads\/2023\/12\/antes-da-explosao-da-inflacao-uma-terca-quente-divulgacao-dos-indices-de-inflacao-no-brasil-e-nos-eua-na-mira-dos-investidores-830x450.jpg?fit=830%2C450&ssl=1&resize=350%2C200","width":350,"height":200,"srcset":"https:\/\/i0.wp.com\/noticiasribeiraopreto.com.br\/wp-content\/uploads\/2023\/12\/antes-da-explosao-da-inflacao-uma-terca-quente-divulgacao-dos-indices-de-inflacao-no-brasil-e-nos-eua-na-mira-dos-investidores-830x450.jpg?fit=830%2C450&ssl=1&resize=350%2C200 1x, https:\/\/i0.wp.com\/noticiasribeiraopreto.com.br\/wp-content\/uploads\/2023\/12\/antes-da-explosao-da-inflacao-uma-terca-quente-divulgacao-dos-indices-de-inflacao-no-brasil-e-nos-eua-na-mira-dos-investidores-830x450.jpg?fit=830%2C450&ssl=1&resize=525%2C300 1.5x, https:\/\/i0.wp.com\/noticiasribeiraopreto.com.br\/wp-content\/uploads\/2023\/12\/antes-da-explosao-da-inflacao-uma-terca-quente-divulgacao-dos-indices-de-inflacao-no-brasil-e-nos-eua-na-mira-dos-investidores-830x450.jpg?fit=830%2C450&ssl=1&resize=700%2C400 2x"},"classes":[]},{"id":19359,"url":"https:\/\/noticiasribeiraopreto.com.br\/index.php\/2023\/12\/22\/banco-central-estima-que-inflacao-feche-o-ano-em-46\/","url_meta":{"origin":70593,"position":1},"title":"Banco Central estima que infla\u00e7\u00e3o feche o ano em 4,6%\u00a0","author":"noticiasribeiraopreto.com.br","date":"22 de December de 2023","format":false,"excerpt":"A infla\u00e7\u00e3o do pa\u00eds, medida pelo \u00cdndice de Pre\u00e7os ao Consumidor Amplo (IPCA), deve fechar o ano em 4,6%, e a chance de que o \u00edndice estoure a meta caiu de 67% para 17%. As informa\u00e7\u00f5es constam do relat\u00f3rio de infla\u00e7\u00e3o do terceiro trimestre, divulgado nesta quinta-feira (21) pelo Banco\u2026","rel":"","context":"In &quot;Not\u00edcias de Ribeir\u00e3o Preto-SP e Regi\u00e3o&quot;","block_context":{"text":"Not\u00edcias de Ribeir\u00e3o Preto-SP e Regi\u00e3o","link":"https:\/\/noticiasribeiraopreto.com.br\/index.php\/category\/noticias-de-ribeirao-preto-sp-e-regiao-ismael-colosi\/"},"img":{"alt_text":"","src":"https:\/\/i0.wp.com\/noticiasribeiraopreto.com.br\/wp-content\/uploads\/2023\/12\/Banco_Central-1200x800-1-scaled.jpg?fit=967%2C645&ssl=1&resize=350%2C200","width":350,"height":200,"srcset":"https:\/\/i0.wp.com\/noticiasribeiraopreto.com.br\/wp-content\/uploads\/2023\/12\/Banco_Central-1200x800-1-scaled.jpg?fit=967%2C645&ssl=1&resize=350%2C200 1x, https:\/\/i0.wp.com\/noticiasribeiraopreto.com.br\/wp-content\/uploads\/2023\/12\/Banco_Central-1200x800-1-scaled.jpg?fit=967%2C645&ssl=1&resize=525%2C300 1.5x, https:\/\/i0.wp.com\/noticiasribeiraopreto.com.br\/wp-content\/uploads\/2023\/12\/Banco_Central-1200x800-1-scaled.jpg?fit=967%2C645&ssl=1&resize=700%2C400 2x"},"classes":[]},{"id":59506,"url":"https:\/\/noticiasribeiraopreto.com.br\/index.php\/2024\/10\/25\/inflacao-atinge-054-em-outubro-e-pressiona-orcamento-das-familias-brasileiras\/","url_meta":{"origin":70593,"position":2},"title":"Infla\u00e7\u00e3o Atinge 0,54% em Outubro e Pressiona Or\u00e7amento das Fam\u00edlias Brasileiras","author":"noticiasribeiraopreto.com.br","date":"25 de October de 2024","format":false,"excerpt":"O \u00edndice de infla\u00e7\u00e3o, medido pelo IPCA-15, registrou uma varia\u00e7\u00e3o de 0,54% em outubro, conforme divulgado pelo Instituto Brasileiro de Geografia e Estat\u00edstica (IBGE). Este aumento \u00e9 considerado significativo e traz impactos diretos no or\u00e7amento das fam\u00edlias brasileiras, que t\u00eam sentido o peso da alta nos pre\u00e7os de itens essenciais,\u2026","rel":"","context":"In &quot;Not\u00edcias de Ribeir\u00e3o Preto-SP e Regi\u00e3o&quot;","block_context":{"text":"Not\u00edcias de Ribeir\u00e3o Preto-SP e Regi\u00e3o","link":"https:\/\/noticiasribeiraopreto.com.br\/index.php\/category\/noticias-de-ribeirao-preto-sp-e-regiao-ismael-colosi\/"},"img":{"alt_text":"","src":"https:\/\/i0.wp.com\/noticiasribeiraopreto.com.br\/wp-content\/uploads\/2024\/10\/supermercado_economia_20220729_0889.webp.webp?fit=1170%2C700&ssl=1&resize=350%2C200","width":350,"height":200,"srcset":"https:\/\/i0.wp.com\/noticiasribeiraopreto.com.br\/wp-content\/uploads\/2024\/10\/supermercado_economia_20220729_0889.webp.webp?fit=1170%2C700&ssl=1&resize=350%2C200 1x, https:\/\/i0.wp.com\/noticiasribeiraopreto.com.br\/wp-content\/uploads\/2024\/10\/supermercado_economia_20220729_0889.webp.webp?fit=1170%2C700&ssl=1&resize=525%2C300 1.5x, https:\/\/i0.wp.com\/noticiasribeiraopreto.com.br\/wp-content\/uploads\/2024\/10\/supermercado_economia_20220729_0889.webp.webp?fit=1170%2C700&ssl=1&resize=700%2C400 2x, https:\/\/i0.wp.com\/noticiasribeiraopreto.com.br\/wp-content\/uploads\/2024\/10\/supermercado_economia_20220729_0889.webp.webp?fit=1170%2C700&ssl=1&resize=1050%2C600 3x"},"classes":[]},{"id":67032,"url":"https:\/\/noticiasribeiraopreto.com.br\/index.php\/2025\/04\/08\/jornal-da-franca-ovo-se-torna-dilema-para-brasileiros-precos-em-alta-e-orcamento-familiar-em-baixa\/","url_meta":{"origin":70593,"position":3},"title":"Jornal da Franca &#8211; Ovo se torna dilema para brasileiros: pre\u00e7os em alta e or\u00e7amento familiar em baixa","author":"noticiasribeiraopreto.com.br","date":"8 de April de 2025","format":false,"excerpt":"compartilhar no whatsapp compartilhar no telegram compartilhar no facebook compartilhar no linkedin Aumento do pre\u00e7o do ovo no Brasil afeta o or\u00e7amento das fam\u00edlias, que buscam alternativas para manter a alimenta\u00e7\u00e3o saud\u00e1vel O pre\u00e7o do ovo no Brasil tem aumentado significativamente nos \u00faltimos meses, afetando o or\u00e7amento das fam\u00edlias brasileiras.\u2026","rel":"","context":"In &quot;Not\u00edcias de Franca-SP&quot;","block_context":{"text":"Not\u00edcias de Franca-SP","link":"https:\/\/noticiasribeiraopreto.com.br\/index.php\/category\/noticias-de-ribeirao-preto-sp-e-regiao-ismael-colosi\/noticias-franca-sp\/"},"img":{"alt_text":"","src":"https:\/\/i0.wp.com\/noticiasribeiraopreto.com.br\/wp-content\/uploads\/2025\/04\/ovos-scaled.jpg?fit=1200%2C800&ssl=1&resize=350%2C200","width":350,"height":200,"srcset":"https:\/\/i0.wp.com\/noticiasribeiraopreto.com.br\/wp-content\/uploads\/2025\/04\/ovos-scaled.jpg?fit=1200%2C800&ssl=1&resize=350%2C200 1x, https:\/\/i0.wp.com\/noticiasribeiraopreto.com.br\/wp-content\/uploads\/2025\/04\/ovos-scaled.jpg?fit=1200%2C800&ssl=1&resize=525%2C300 1.5x, https:\/\/i0.wp.com\/noticiasribeiraopreto.com.br\/wp-content\/uploads\/2025\/04\/ovos-scaled.jpg?fit=1200%2C800&ssl=1&resize=700%2C400 2x, https:\/\/i0.wp.com\/noticiasribeiraopreto.com.br\/wp-content\/uploads\/2025\/04\/ovos-scaled.jpg?fit=1200%2C800&ssl=1&resize=1050%2C600 3x"},"classes":[]},{"id":25855,"url":"https:\/\/noticiasribeiraopreto.com.br\/index.php\/2024\/01\/08\/o-que-comprar-no-tesouro-direto-em-janeiro-chegou-a-hora-dos-titulos-atrelados-a-inflacao-veja-as-indicacoes\/","url_meta":{"origin":70593,"position":4},"title":"O que comprar no Tesouro Direto em janeiro: chegou a hora dos t\u00edtulos atrelados \u00e0 infla\u00e7\u00e3o? Veja as indica\u00e7\u00f5es","author":"noticiasribeiraopreto.com.br","date":"8 de January de 2024","format":false,"excerpt":"Ap\u00f3s uma forte valoriza\u00e7\u00e3o em 2023, os t\u00edtulos prefixados do Tesouro Direto come\u00e7am a perder espa\u00e7o nas indica\u00e7\u00f5es de bancos e corretoras, dando lugar aos pap\u00e9is indexados \u00e0 infla\u00e7\u00e3o, conhecidos como Tesouro IPCA+. Na reportagem sobre o Tesouro Direto da nossa s\u00e9rie especial sobre Onde Investir em 2024, j\u00e1 hav\u00edamos\u2026","rel":"","context":"In &quot;Dinheiro e Investimento&quot;","block_context":{"text":"Dinheiro e Investimento","link":"https:\/\/noticiasribeiraopreto.com.br\/index.php\/category\/dinheiro-e-investimento-como-fazer-como-ganhar\/"},"img":{"alt_text":"","src":"https:\/\/i0.wp.com\/noticiasribeiraopreto.com.br\/wp-content\/uploads\/2024\/01\/tesouro-direto-aplicativo-628x353.jpg?fit=628%2C353&ssl=1&resize=350%2C200","width":350,"height":200,"srcset":"https:\/\/i0.wp.com\/noticiasribeiraopreto.com.br\/wp-content\/uploads\/2024\/01\/tesouro-direto-aplicativo-628x353.jpg?fit=628%2C353&ssl=1&resize=350%2C200 1x, https:\/\/i0.wp.com\/noticiasribeiraopreto.com.br\/wp-content\/uploads\/2024\/01\/tesouro-direto-aplicativo-628x353.jpg?fit=628%2C353&ssl=1&resize=525%2C300 1.5x"},"classes":[]},{"id":66078,"url":"https:\/\/noticiasribeiraopreto.com.br\/index.php\/2025\/03\/27\/previa-da-inflacao-de-marco-registra-064-impulsionada-por-alimentos\/","url_meta":{"origin":70593,"position":5},"title":"Pr\u00e9via da infla\u00e7\u00e3o de mar\u00e7o registra 0,64%, impulsionada por alimentos","author":"noticiasribeiraopreto.com.br","date":"27 de March de 2025","format":false,"excerpt":"O \u00cdndice Nacional de Pre\u00e7os ao Consumidor Amplo 15 (IPCA-15), considerado a pr\u00e9via da infla\u00e7\u00e3o oficial, apresentou uma varia\u00e7\u00e3o de 0,64% em mar\u00e7o de 2025. Esse resultado foi fortemente influenciado pelo aumento nos pre\u00e7os do grupo de alimentos e bebidas. No acumulado dos \u00faltimos 12 meses, o \u00edndice atingiu 5,26%,\u2026","rel":"","context":"In &quot;Not\u00edcias de Ribeir\u00e3o Preto-SP e Regi\u00e3o&quot;","block_context":{"text":"Not\u00edcias de Ribeir\u00e3o Preto-SP e Regi\u00e3o","link":"https:\/\/noticiasribeiraopreto.com.br\/index.php\/category\/noticias-de-ribeirao-preto-sp-e-regiao-ismael-colosi\/"},"img":{"alt_text":"","src":"https:\/\/i0.wp.com\/noticiasribeiraopreto.com.br\/wp-content\/uploads\/2025\/03\/raf07126.webp.webp?fit=1170%2C700&ssl=1&resize=350%2C200","width":350,"height":200,"srcset":"https:\/\/i0.wp.com\/noticiasribeiraopreto.com.br\/wp-content\/uploads\/2025\/03\/raf07126.webp.webp?fit=1170%2C700&ssl=1&resize=350%2C200 1x, https:\/\/i0.wp.com\/noticiasribeiraopreto.com.br\/wp-content\/uploads\/2025\/03\/raf07126.webp.webp?fit=1170%2C700&ssl=1&resize=525%2C300 1.5x, https:\/\/i0.wp.com\/noticiasribeiraopreto.com.br\/wp-content\/uploads\/2025\/03\/raf07126.webp.webp?fit=1170%2C700&ssl=1&resize=700%2C400 2x, https:\/\/i0.wp.com\/noticiasribeiraopreto.com.br\/wp-content\/uploads\/2025\/03\/raf07126.webp.webp?fit=1170%2C700&ssl=1&resize=1050%2C600 3x"},"classes":[]}],"jetpack_sharing_enabled":true,"jetpack_shortlink":"https:\/\/wp.me\/peQAOb-imB","_links":{"self":[{"href":"https:\/\/noticiasribeiraopreto.com.br\/index.php\/wp-json\/wp\/v2\/posts\/70593","targetHints":{"allow":["GET"]}}],"collection":[{"href":"https:\/\/noticiasribeiraopreto.com.br\/index.php\/wp-json\/wp\/v2\/posts"}],"about":[{"href":"https:\/\/noticiasribeiraopreto.com.br\/index.php\/wp-json\/wp\/v2\/types\/post"}],"author":[{"embeddable":true,"href":"https:\/\/noticiasribeiraopreto.com.br\/index.php\/wp-json\/wp\/v2\/users\/1"}],"replies":[{"embeddable":true,"href":"https:\/\/noticiasribeiraopreto.com.br\/index.php\/wp-json\/wp\/v2\/comments?post=70593"}],"version-history":[{"count":0,"href":"https:\/\/noticiasribeiraopreto.com.br\/index.php\/wp-json\/wp\/v2\/posts\/70593\/revisions"}],"wp:featuredmedia":[{"embeddable":true,"href":"https:\/\/noticiasribeiraopreto.com.br\/index.php\/wp-json\/wp\/v2\/media\/70594"}],"wp:attachment":[{"href":"https:\/\/noticiasribeiraopreto.com.br\/index.php\/wp-json\/wp\/v2\/media?parent=70593"}],"wp:term":[{"taxonomy":"category","embeddable":true,"href":"https:\/\/noticiasribeiraopreto.com.br\/index.php\/wp-json\/wp\/v2\/categories?post=70593"},{"taxonomy":"post_tag","embeddable":true,"href":"https:\/\/noticiasribeiraopreto.com.br\/index.php\/wp-json\/wp\/v2\/tags?post=70593"}],"curies":[{"name":"wp","href":"https:\/\/api.w.org\/{rel}","templated":true}]}}