{"id":70595,"date":"2025-05-28T08:29:35","date_gmt":"2025-05-28T11:29:35","guid":{"rendered":"https:\/\/noticiasribeiraopreto.com.br\/index.php\/2025\/05\/28\/pericia-encontra-vestigios-de-sangue-em-empresa-de-cravinhos-onde-empresario-foi-visto-pela-ultima-vez\/"},"modified":"2025-05-28T08:29:35","modified_gmt":"2025-05-28T11:29:35","slug":"pericia-encontra-vestigios-de-sangue-em-empresa-de-cravinhos-onde-empresario-foi-visto-pela-ultima-vez","status":"publish","type":"post","link":"https:\/\/noticiasribeiraopreto.com.br\/index.php\/2025\/05\/28\/pericia-encontra-vestigios-de-sangue-em-empresa-de-cravinhos-onde-empresario-foi-visto-pela-ultima-vez\/","title":{"rendered":"Per\u00edcia encontra vest\u00edgios de sangue em empresa de Cravinhos onde empres\u00e1rio foi visto pela \u00faltima vez"},"content":{"rendered":"<p> <br \/>\n<\/p>\n<div data-td-block-uid=\"tdi_95\">\n<div class=\"tdb-block-inner td-fix-index\">\n<p><strong>A per\u00edcia da Pol\u00edcia Civil encontrou vest\u00edgios de sangue humano na empresa onde o empres\u00e1rio Nelson Francisco Carreira Filho, de 44 anos, foi visto pela \u00faltima vez no dia 16 de maio, ap\u00f3s uma reuni\u00e3o de neg\u00f3cios em Cravinhos,\u00a0na regi\u00e3o de Ribeir\u00e3o Preto. <\/strong>A informa\u00e7\u00e3o foi confirmada nesta ter\u00e7a-feira (27) pelo delegado seccional, Sebasti\u00e3o Picinato, que explicou que os agentes usaram o luminol, um reagente qu\u00edmico empregado na investiga\u00e7\u00e3o criminal. <\/p>\n<p>A pol\u00edcia acredita que o empres\u00e1rio tenha sido morto na empresa. Tr\u00eas suspeitos tiveram a pris\u00e3o decretada pela Justi\u00e7a nesta ter\u00e7a: Marlon Couto Paula Junior e Tadeu Almeida Silva, respectivamente, propriet\u00e1rio e funcion\u00e1rio da empresa de suplementos localizada em Cravinhos, e Marcela Silva de Almeida. As pris\u00f5es s\u00e3o tempor\u00e1rias de 30 dias. <\/p>\n<p><!-- CONTENT END 2 -->\n<\/div>\n<\/div>\n<p><br \/>\n<br \/><a href=\"https:\/\/www.acidadeon.com\/ribeiraopreto\/cotidiano\/pericia-encontra-vestigios-de-sangue-em-empresa-de-cravinhos-onde-empresario-foi-visto-pela-ultima-vez\/\">Source link <\/a><\/p>\n","protected":false},"excerpt":{"rendered":"<p>A per\u00edcia da Pol\u00edcia Civil encontrou vest\u00edgios de sangue humano na empresa onde o empres\u00e1rio Nelson Francisco Carreira Filho, de 44 anos, foi visto pela&#8230;<\/p>\n","protected":false},"author":1,"featured_media":70596,"comment_status":"open","ping_status":"open","sticky":false,"template":"","format":"standard","meta":{"advanced_seo_description":"","jetpack_seo_html_title":"","jetpack_seo_noindex":false,"jetpack_post_was_ever_published":false,"_jetpack_newsletter_access":"","_jetpack_dont_email_post_to_subs":false,"_jetpack_newsletter_tier_id":0,"_jetpack_memberships_contains_paywalled_content":false,"_jetpack_memberships_contains_paid_content":false,"footnotes":"","jetpack_publicize_message":"","jetpack_publicize_feature_enabled":true,"jetpack_social_post_already_shared":true,"jetpack_social_options":{"image_generator_settings":{"template":"highway","default_image_id":0,"font":"","enabled":false},"version":2}},"categories":[11],"tags":[],"class_list":["post-70595","post","type-post","status-publish","format-standard","has-post-thumbnail","hentry","category-noticias-de-ribeirao-preto-sp-e-regiao-ismael-colosi"],"jetpack_publicize_connections":[],"jetpack_featured_media_url":"https:\/\/i0.wp.com\/noticiasribeiraopreto.com.br\/wp-content\/uploads\/2025\/05\/NELSON_2025-05-28_10-07-47.webp.webp?fit=1200%2C808&ssl=1","jetpack-related-posts":[{"id":70731,"url":"https:\/\/noticiasribeiraopreto.com.br\/index.php\/2025\/05\/29\/advogado-deixa-defesa-de-suspeito-no-caso-da-morte-de-empresario-em-cravinhos\/","url_meta":{"origin":70595,"position":0},"title":"Advogado deixa defesa de suspeito no caso da morte de empres\u00e1rio em Cravinhos","author":"noticiasribeiraopreto.com.br","date":"29 de May de 2025","format":false,"excerpt":"O advogado Renato Sav\u00e9rio deixou nesta quinta-feira (29) a defesa de um dos suspeitos de envolvimento na morte do empres\u00e1rio Nelson Francisco Carreira Filho, que desapareceu no dia 16 de maio ap\u00f3s uma reuni\u00e3o em Cravinhos. Sav\u00e9rio vinha atuando como advogado de Tadeu Almeida Silva, que est\u00e1 com pris\u00e3o tempor\u00e1ria\u2026","rel":"","context":"In &quot;Not\u00edcias de Ribeir\u00e3o Preto-SP e Regi\u00e3o&quot;","block_context":{"text":"Not\u00edcias de Ribeir\u00e3o Preto-SP e Regi\u00e3o","link":"https:\/\/noticiasribeiraopreto.com.br\/index.php\/category\/noticias-de-ribeirao-preto-sp-e-regiao-ismael-colosi\/"},"img":{"alt_text":"","src":"https:\/\/i0.wp.com\/noticiasribeiraopreto.com.br\/wp-content\/uploads\/2025\/05\/RENATO_2025-05-29_14-40-52.webp.webp?fit=1200%2C654&ssl=1&resize=350%2C200","width":350,"height":200,"srcset":"https:\/\/i0.wp.com\/noticiasribeiraopreto.com.br\/wp-content\/uploads\/2025\/05\/RENATO_2025-05-29_14-40-52.webp.webp?fit=1200%2C654&ssl=1&resize=350%2C200 1x, https:\/\/i0.wp.com\/noticiasribeiraopreto.com.br\/wp-content\/uploads\/2025\/05\/RENATO_2025-05-29_14-40-52.webp.webp?fit=1200%2C654&ssl=1&resize=525%2C300 1.5x, https:\/\/i0.wp.com\/noticiasribeiraopreto.com.br\/wp-content\/uploads\/2025\/05\/RENATO_2025-05-29_14-40-52.webp.webp?fit=1200%2C654&ssl=1&resize=700%2C400 2x, https:\/\/i0.wp.com\/noticiasribeiraopreto.com.br\/wp-content\/uploads\/2025\/05\/RENATO_2025-05-29_14-40-52.webp.webp?fit=1200%2C654&ssl=1&resize=1050%2C600 3x"},"classes":[]},{"id":70607,"url":"https:\/\/noticiasribeiraopreto.com.br\/index.php\/2025\/05\/28\/caso-nelson-pericia-encontra-sangue-na-empresa-em-cravinhos\/","url_meta":{"origin":70595,"position":1},"title":"Caso Nelson: per\u00edcia encontra sangue na empresa em Cravinhos","author":"noticiasribeiraopreto.com.br","date":"28 de May de 2025","format":false,"excerpt":"Por: Adalberto Luque O delegado Seccional de Ribeir\u00e3o Preto, Sebasti\u00e3o Vicente Picinato, disse n\u00e3o ter d\u00favidas de que o empres\u00e1rio Nelson Francisco Carreira Filho, de 44 anos, foi morto na empresa onde ele costumava participar de reuni\u00f5es de neg\u00f3cios semanais. A pedido da Pol\u00edcia Civil, o Instituto de Criminal\u00edstica esteve\u2026","rel":"","context":"In &quot;Not\u00edcias de Ribeir\u00e3o Preto-SP e Regi\u00e3o&quot;","block_context":{"text":"Not\u00edcias de Ribeir\u00e3o Preto-SP e Regi\u00e3o","link":"https:\/\/noticiasribeiraopreto.com.br\/index.php\/category\/noticias-de-ribeirao-preto-sp-e-regiao-ismael-colosi\/"},"img":{"alt_text":"","src":"https:\/\/i0.wp.com\/noticiasribeiraopreto.com.br\/wp-content\/uploads\/2025\/05\/1748441763_nelson_marlon_tadeu-e1748419874671.jpeg?fit=800%2C450&ssl=1&resize=350%2C200","width":350,"height":200,"srcset":"https:\/\/i0.wp.com\/noticiasribeiraopreto.com.br\/wp-content\/uploads\/2025\/05\/1748441763_nelson_marlon_tadeu-e1748419874671.jpeg?fit=800%2C450&ssl=1&resize=350%2C200 1x, https:\/\/i0.wp.com\/noticiasribeiraopreto.com.br\/wp-content\/uploads\/2025\/05\/1748441763_nelson_marlon_tadeu-e1748419874671.jpeg?fit=800%2C450&ssl=1&resize=525%2C300 1.5x, https:\/\/i0.wp.com\/noticiasribeiraopreto.com.br\/wp-content\/uploads\/2025\/05\/1748441763_nelson_marlon_tadeu-e1748419874671.jpeg?fit=800%2C450&ssl=1&resize=700%2C400 2x"},"classes":[]},{"id":70591,"url":"https:\/\/noticiasribeiraopreto.com.br\/index.php\/2025\/05\/28\/incendio-atinge-deposito-de-colchoes-na-zona-norte-de-ribeirao-preto-video\/","url_meta":{"origin":70595,"position":2},"title":"Inc\u00eandio atinge dep\u00f3sito de colch\u00f5es na zona Norte de Ribeir\u00e3o Preto; V\u00eddeo","author":"noticiasribeiraopreto.com.br","date":"28 de May de 2025","format":false,"excerpt":"Um inc\u00eandio atingiu um dep\u00f3sito de colch\u00f5es na noite desta ter\u00e7a-feira (27), na Vila Elisa, zona Norte de Ribeir\u00e3o Preto. Assista ao v\u00eddeo abaixo. Apesar de as chamas tomarem grandes propor\u00e7\u00f5es no pr\u00e9dio, na rua Campinas, n\u00e3o houve registro de v\u00edtimas, segundo o Corpo de Bombeiros. A PM (Pol\u00edcia Militar)\u2026","rel":"","context":"In &quot;Not\u00edcias de Ribeir\u00e3o Preto-SP e Regi\u00e3o&quot;","block_context":{"text":"Not\u00edcias de Ribeir\u00e3o Preto-SP e Regi\u00e3o","link":"https:\/\/noticiasribeiraopreto.com.br\/index.php\/category\/noticias-de-ribeirao-preto-sp-e-regiao-ismael-colosi\/"},"img":{"alt_text":"","src":"https:\/\/i0.wp.com\/noticiasribeiraopreto.com.br\/wp-content\/uploads\/2025\/05\/WhatsApp-Image-2025-05-28-at-08.11.16_2025-05-28_11-11-57.webp.webp?fit=1200%2C675&ssl=1&resize=350%2C200","width":350,"height":200,"srcset":"https:\/\/i0.wp.com\/noticiasribeiraopreto.com.br\/wp-content\/uploads\/2025\/05\/WhatsApp-Image-2025-05-28-at-08.11.16_2025-05-28_11-11-57.webp.webp?fit=1200%2C675&ssl=1&resize=350%2C200 1x, https:\/\/i0.wp.com\/noticiasribeiraopreto.com.br\/wp-content\/uploads\/2025\/05\/WhatsApp-Image-2025-05-28-at-08.11.16_2025-05-28_11-11-57.webp.webp?fit=1200%2C675&ssl=1&resize=525%2C300 1.5x, https:\/\/i0.wp.com\/noticiasribeiraopreto.com.br\/wp-content\/uploads\/2025\/05\/WhatsApp-Image-2025-05-28-at-08.11.16_2025-05-28_11-11-57.webp.webp?fit=1200%2C675&ssl=1&resize=700%2C400 2x, https:\/\/i0.wp.com\/noticiasribeiraopreto.com.br\/wp-content\/uploads\/2025\/05\/WhatsApp-Image-2025-05-28-at-08.11.16_2025-05-28_11-11-57.webp.webp?fit=1200%2C675&ssl=1&resize=1050%2C600 3x"},"classes":[]},{"id":70636,"url":"https:\/\/noticiasribeiraopreto.com.br\/index.php\/2025\/05\/28\/veja-quem-e-quem-no-caso-da-morte-de-empresario-em-cravinhos\/","url_meta":{"origin":70595,"position":3},"title":"Veja quem \u00e9 quem no caso da morte de empres\u00e1rio em Cravinhos","author":"noticiasribeiraopreto.com.br","date":"28 de May de 2025","format":false,"excerpt":"A pol\u00edcia procura por tr\u00eas pessoas suspeitas de envolvimento na morte do empres\u00e1rio Nelson Francisco Carreira Filho, que desapareceu no dia 16 de maio ap\u00f3s reuni\u00e3o em Cravinhos. O delegado Sebasti\u00e3o Picinato acredita que Nelson foi morto dentro da f\u00e1brica de Marlon Couto Paula J\u00fanior. Na noite de ter\u00e7a-feira (27),\u2026","rel":"","context":"In &quot;Not\u00edcias de Ribeir\u00e3o Preto-SP e Regi\u00e3o&quot;","block_context":{"text":"Not\u00edcias de Ribeir\u00e3o Preto-SP e Regi\u00e3o","link":"https:\/\/noticiasribeiraopreto.com.br\/index.php\/category\/noticias-de-ribeirao-preto-sp-e-regiao-ismael-colosi\/"},"img":{"alt_text":"","src":"https:\/\/i0.wp.com\/noticiasribeiraopreto.com.br\/wp-content\/uploads\/2025\/05\/MARLON-COUTO_2025-05-28_16-15-29.webp.webp?fit=1143%2C824&ssl=1&resize=350%2C200","width":350,"height":200,"srcset":"https:\/\/i0.wp.com\/noticiasribeiraopreto.com.br\/wp-content\/uploads\/2025\/05\/MARLON-COUTO_2025-05-28_16-15-29.webp.webp?fit=1143%2C824&ssl=1&resize=350%2C200 1x, https:\/\/i0.wp.com\/noticiasribeiraopreto.com.br\/wp-content\/uploads\/2025\/05\/MARLON-COUTO_2025-05-28_16-15-29.webp.webp?fit=1143%2C824&ssl=1&resize=525%2C300 1.5x, https:\/\/i0.wp.com\/noticiasribeiraopreto.com.br\/wp-content\/uploads\/2025\/05\/MARLON-COUTO_2025-05-28_16-15-29.webp.webp?fit=1143%2C824&ssl=1&resize=700%2C400 2x, https:\/\/i0.wp.com\/noticiasribeiraopreto.com.br\/wp-content\/uploads\/2025\/05\/MARLON-COUTO_2025-05-28_16-15-29.webp.webp?fit=1143%2C824&ssl=1&resize=1050%2C600 3x"},"classes":[]},{"id":70564,"url":"https:\/\/noticiasribeiraopreto.com.br\/index.php\/2025\/05\/27\/justica-decreta-prisao-de-suspeitos-pelo-desaparecimento-de-empresario-em-cravinhos\/","url_meta":{"origin":70595,"position":4},"title":"Justi\u00e7a decreta pris\u00e3o de suspeitos pelo desaparecimento de empres\u00e1rio em Cravinhos","author":"noticiasribeiraopreto.com.br","date":"27 de May de 2025","format":false,"excerpt":"A Justi\u00e7a decretou nesta ter\u00e7a-feira (27) a pris\u00e3o de suspeitos envolvidos no desaparecimento do empres\u00e1rio Nelson Francisco Carreira Filho, visto pela \u00faltima vez no dia 16 de maio ap\u00f3s uma reuni\u00e3o de neg\u00f3cios em Cravinhos, no interior de S\u00e3o Paulo. A Pol\u00edcia Civil de Ribeir\u00e3o Preto investiga se o empres\u00e1rio\u2026","rel":"","context":"In &quot;Not\u00edcias de Ribeir\u00e3o Preto-SP e Regi\u00e3o&quot;","block_context":{"text":"Not\u00edcias de Ribeir\u00e3o Preto-SP e Regi\u00e3o","link":"https:\/\/noticiasribeiraopreto.com.br\/index.php\/category\/noticias-de-ribeirao-preto-sp-e-regiao-ismael-colosi\/"},"img":{"alt_text":"","src":"https:\/\/i0.wp.com\/noticiasribeiraopreto.com.br\/wp-content\/uploads\/2025\/05\/nelson-francisco-carreira-filho_2025-05-19_15-09-58.webp.webp?fit=1200%2C674&ssl=1&resize=350%2C200","width":350,"height":200,"srcset":"https:\/\/i0.wp.com\/noticiasribeiraopreto.com.br\/wp-content\/uploads\/2025\/05\/nelson-francisco-carreira-filho_2025-05-19_15-09-58.webp.webp?fit=1200%2C674&ssl=1&resize=350%2C200 1x, https:\/\/i0.wp.com\/noticiasribeiraopreto.com.br\/wp-content\/uploads\/2025\/05\/nelson-francisco-carreira-filho_2025-05-19_15-09-58.webp.webp?fit=1200%2C674&ssl=1&resize=525%2C300 1.5x, https:\/\/i0.wp.com\/noticiasribeiraopreto.com.br\/wp-content\/uploads\/2025\/05\/nelson-francisco-carreira-filho_2025-05-19_15-09-58.webp.webp?fit=1200%2C674&ssl=1&resize=700%2C400 2x, https:\/\/i0.wp.com\/noticiasribeiraopreto.com.br\/wp-content\/uploads\/2025\/05\/nelson-francisco-carreira-filho_2025-05-19_15-09-58.webp.webp?fit=1200%2C674&ssl=1&resize=1050%2C600 3x"},"classes":[]},{"id":73128,"url":"https:\/\/noticiasribeiraopreto.com.br\/index.php\/2025\/06\/25\/caso-nelson-policia-volta-a-usar-luminol-na-investigacao-e-encontra-sangue-em-carro\/","url_meta":{"origin":70595,"position":5},"title":"Caso Nelson: Pol\u00edcia volta a usar luminol na investiga\u00e7\u00e3o e encontra sangue em carro","author":"noticiasribeiraopreto.com.br","date":"25 de June de 2025","format":false,"excerpt":"A Pol\u00edcia Cient\u00edfica periciou uma caminhonete e apontou sangue no ve\u00edculo que teria sido utilizado para transportar o corpo do empres\u00e1rio Nelson Carreira Filho, de 44 anos. Ele foi morto depois de participar de uma reuni\u00e3o de neg\u00f3cios, em Cravinhos, na regi\u00e3o de Ribeir\u00e3o Preto. Tr\u00eas pessoas j\u00e1 foram presas\u2026","rel":"","context":"In &quot;Not\u00edcias de Ribeir\u00e3o Preto-SP e Regi\u00e3o&quot;","block_context":{"text":"Not\u00edcias de Ribeir\u00e3o Preto-SP e Regi\u00e3o","link":"https:\/\/noticiasribeiraopreto.com.br\/index.php\/category\/noticias-de-ribeirao-preto-sp-e-regiao-ismael-colosi\/"},"img":{"alt_text":"","src":"https:\/\/i0.wp.com\/noticiasribeiraopreto.com.br\/wp-content\/uploads\/2025\/06\/nelson-francisco-carreira-filho_2025-05-19_15-09-58.webp.webp?fit=1200%2C674&ssl=1&resize=350%2C200","width":350,"height":200,"srcset":"https:\/\/i0.wp.com\/noticiasribeiraopreto.com.br\/wp-content\/uploads\/2025\/06\/nelson-francisco-carreira-filho_2025-05-19_15-09-58.webp.webp?fit=1200%2C674&ssl=1&resize=350%2C200 1x, https:\/\/i0.wp.com\/noticiasribeiraopreto.com.br\/wp-content\/uploads\/2025\/06\/nelson-francisco-carreira-filho_2025-05-19_15-09-58.webp.webp?fit=1200%2C674&ssl=1&resize=525%2C300 1.5x, https:\/\/i0.wp.com\/noticiasribeiraopreto.com.br\/wp-content\/uploads\/2025\/06\/nelson-francisco-carreira-filho_2025-05-19_15-09-58.webp.webp?fit=1200%2C674&ssl=1&resize=700%2C400 2x, https:\/\/i0.wp.com\/noticiasribeiraopreto.com.br\/wp-content\/uploads\/2025\/06\/nelson-francisco-carreira-filho_2025-05-19_15-09-58.webp.webp?fit=1200%2C674&ssl=1&resize=1050%2C600 3x"},"classes":[]}],"jetpack_sharing_enabled":true,"jetpack_shortlink":"https:\/\/wp.me\/peQAOb-imD","_links":{"self":[{"href":"https:\/\/noticiasribeiraopreto.com.br\/index.php\/wp-json\/wp\/v2\/posts\/70595","targetHints":{"allow":["GET"]}}],"collection":[{"href":"https:\/\/noticiasribeiraopreto.com.br\/index.php\/wp-json\/wp\/v2\/posts"}],"about":[{"href":"https:\/\/noticiasribeiraopreto.com.br\/index.php\/wp-json\/wp\/v2\/types\/post"}],"author":[{"embeddable":true,"href":"https:\/\/noticiasribeiraopreto.com.br\/index.php\/wp-json\/wp\/v2\/users\/1"}],"replies":[{"embeddable":true,"href":"https:\/\/noticiasribeiraopreto.com.br\/index.php\/wp-json\/wp\/v2\/comments?post=70595"}],"version-history":[{"count":0,"href":"https:\/\/noticiasribeiraopreto.com.br\/index.php\/wp-json\/wp\/v2\/posts\/70595\/revisions"}],"wp:featuredmedia":[{"embeddable":true,"href":"https:\/\/noticiasribeiraopreto.com.br\/index.php\/wp-json\/wp\/v2\/media\/70596"}],"wp:attachment":[{"href":"https:\/\/noticiasribeiraopreto.com.br\/index.php\/wp-json\/wp\/v2\/media?parent=70595"}],"wp:term":[{"taxonomy":"category","embeddable":true,"href":"https:\/\/noticiasribeiraopreto.com.br\/index.php\/wp-json\/wp\/v2\/categories?post=70595"},{"taxonomy":"post_tag","embeddable":true,"href":"https:\/\/noticiasribeiraopreto.com.br\/index.php\/wp-json\/wp\/v2\/tags?post=70595"}],"curies":[{"name":"wp","href":"https:\/\/api.w.org\/{rel}","templated":true}]}}