{"id":70597,"date":"2025-05-28T08:36:11","date_gmt":"2025-05-28T11:36:11","guid":{"rendered":"https:\/\/noticiasribeiraopreto.com.br\/index.php\/2025\/05\/28\/legislativo-aprova-projeto-das-rabeiras-tribuna-ribeirao\/"},"modified":"2025-05-28T08:36:11","modified_gmt":"2025-05-28T11:36:11","slug":"legislativo-aprova-projeto-das-rabeiras-tribuna-ribeirao","status":"publish","type":"post","link":"https:\/\/noticiasribeiraopreto.com.br\/index.php\/2025\/05\/28\/legislativo-aprova-projeto-das-rabeiras-tribuna-ribeirao\/","title":{"rendered":"Legislativo aprova\u00a0projeto das rabeiras\u00a0 &#8211; Tribuna Ribeir\u00e3o"},"content":{"rendered":"<div class='code-block code-block-1' style='margin: 8px 0 8px auto; text-align: right; display: block; clear: both;'>\n<p><a href=\"https:\/\/wa.link\/vpicfd\"><img data-recalc-dims=\"1\" class=\"wp-image-4922\" style=\"aspect-ratio: 2.0253164556962027; width: 561px; height: auto;\" src=\"https:\/\/i0.wp.com\/ismaelcolosi.com.br\/wp-content\/uploads\/2023\/11\/grupo-de-empregos-whatsapp-e-facebook-ismael-colosi-vagas.jpg?ssl=1\" alt=\"\" \/><\/a><\/p>\n<!-- \/wp:image -->\n<\/div>\n<p> <br \/>\n<\/p>\n<div id=\"\">\n<p>\n\t\t\t\t\t\t\t\t\t<span class=\"entry-meta-item penci-posted-on\"><i class=\"fa fa-clock-o\"\/><time class=\"entry-date published\" datetime=\"2025-05-28T08:30:03-03:00\">28 de maio de 2025 08:30<\/time><time class=\"updated\" datetime=\"2025-05-27T19:52:29-03:00\">27 de maio de 2025 19:52<\/time><\/span><span class=\"entry-meta-item penci-post-countview\"><span class=\"entry-meta-item penci-post-countview penci_post-meta_item\"><i class=\"fa fa-eye\"\/><span class=\"penci-post-countview-number penci-post-countview-p427053\">12<\/span><\/span><\/span>\t\t\t\t\t\t\t\t<\/p>\n<p><!-- .entry-meta --><br \/>\n\t\t\t\t\t\t\t\t<span class=\"penci-social-buttons penci-social-share-footer\"><span class=\"penci-social-share-text\">Compartilhar<\/span><a href=\"#\" class=\"penci-post-like penci_post-meta_item  single-like-button penci-social-item like\" data-post_id=\"427053\" title=\"Like\" data-like=\"Like\" data-unlike=\"Unlike\"><i class=\"fa fa-thumbs-o-up\"\/><span class=\"penci-share-number\">0<\/span><\/a><i class=\"fa fa-facebook\"\/><a class=\"penci-social-item twitter\" target=\"_blank\" rel=\"noopener\" title=\"\" href=\"https:\/\/twitter.com\/intent\/tweet?text=Legislativo%20aprova\u00a0projeto%20das%20rabeiras\u00a0%20-%20https:\/\/www.tribunaribeirao.com.br\/legislativo-aprova-projeto-das-rabeiras\/\"><i class=\"fa fa-twitter\"\/><\/a><i class=\"fa fa-linkedin\"\/><i class=\"fa fa-whatsapp\"\/><i class=\"fa fa-telegram\"\/><i class=\"fa fa-envelope\"\/><\/span>\t\t\t\t\t\t\t<\/div>\n<div>\n<p><span class=\"TextRun SCXW3470388 BCX0\" lang=\"PT-BR\" xml:lang=\"PT-BR\" data-contrast=\"auto\"><span class=\"NormalTextRun SCXW3470388 BCX0\">A<\/span><span class=\"NormalTextRun SCXW3470388 BCX0\">\u00a0 <\/span><span class=\"NormalTextRun SCXW3470388 BCX0\">C\u00e2mara <\/span><span class=\"NormalTextRun SCXW3470388 BCX0\">de Ribeir\u00e3o Preto aprov<\/span><span class=\"NormalTextRun SCXW3470388 BCX0\">ou <\/span><span class=\"NormalTextRun SCXW3470388 BCX0\">novo projeto de lei que pro\u00edbe pegar rabeira na cidade. De autoria do <\/span><span class=\"NormalTextRun SCXW3470388 BCX0\">vereador <\/span><span class=\"NormalTextRun SCXW3470388 BCX0\">Daniel do <\/span><span class=\"NormalTextRun SCXW3470388 BCX0\">Bus\u00e3o<\/span><span class=\"NormalTextRun SCXW3470388 BCX0\"> (PL), a nova proposta foi apresentada<\/span> <span class=\"NormalTextRun SCXW3470388 BCX0\">no dia 21 de maio, dois dias ap\u00f3s <\/span><span class=\"NormalTextRun SCXW3470388 BCX0\">o Legislativo <\/span><span class=\"NormalTextRun SCXW3470388 BCX0\">acolher o veto do prefeito Ricardo Silva (PSD) <\/span><span class=\"NormalTextRun SCXW3470388 BCX0\">a primeira proposta <\/span><span class=\"NormalTextRun SCXW3470388 BCX0\">sob a justificativa de inconsist\u00eancias t\u00e9cnicas. <\/span><\/span><span class=\"LineBreakBlob BlobObject DragDrop SCXW3470388 BCX0\"><span class=\"SCXW3470388 BCX0\">\u00a0<\/span><br class=\"SCXW3470388 BCX0\"\/><\/span><span class=\"LineBreakBlob BlobObject DragDrop SCXW3470388 BCX0\"><span class=\"SCXW3470388 BCX0\">\u00a0<\/span><br class=\"SCXW3470388 BCX0\"\/><\/span><span class=\"TextRun SCXW3470388 BCX0\" lang=\"PT-BR\" xml:lang=\"PT-BR\" data-contrast=\"auto\"><span class=\"NormalTextRun SCXW3470388 BCX0\">O novo projeto foi <\/span><span class=\"NormalTextRun SCXW3470388 BCX0\">aprovad<\/span><span class=\"NormalTextRun SCXW3470388 BCX0\">o<\/span><span class=\"NormalTextRun SCXW3470388 BCX0\"> por 16 votos favor\u00e1veis e tr\u00eas contr\u00e1rios. Tr\u00eas parlamentares n\u00e3o votaram.<\/span> <span class=\"NormalTextRun SCXW3470388 BCX0\">O veto ao projeto de lei aprovado pela C\u00e2mara foi acolhido na sess\u00e3o do dia<\/span> <span class=\"NormalTextRun SCXW3470388 BCX0\">19. J\u00e1 a nova proposta foi aprovada <\/span><span class=\"NormalTextRun SCXW3470388 BCX0\">na <\/span><span class=\"NormalTextRun SCXW3470388 BCX0\">segunda-feira, 26 de maio.<\/span><\/span><span class=\"LineBreakBlob BlobObject DragDrop SCXW3470388 BCX0\"><span class=\"SCXW3470388 BCX0\">\u00a0<\/span><br class=\"SCXW3470388 BCX0\"\/><\/span><span class=\"LineBreakBlob BlobObject DragDrop SCXW3470388 BCX0\"><span class=\"SCXW3470388 BCX0\">\u00a0<\/span><br class=\"SCXW3470388 BCX0\"\/><\/span><span class=\"TextRun SCXW3470388 BCX0\" lang=\"PT-BR\" xml:lang=\"PT-BR\" data-contrast=\"auto\"><span class=\"NormalTextRun SCXW3470388 BCX0\">Segundo o governo municipal, as falhas t\u00e9cnicas poderiam comprometer sua aplica\u00e7\u00e3o e o alcance dos objetivos da nova legisla\u00e7\u00e3o. A equipe t\u00e9cnica da RP <\/span><span class=\"NormalTextRun SpellingErrorV2Themed SCXW3470388 BCX0\">Mobi<\/span><span class=\"NormalTextRun SCXW3470388 BCX0\">, respons\u00e1vel pelo tr\u00e2nsito na cidade, analisou<\/span><span class=\"NormalTextRun SCXW3470388 BCX0\"> a proposta aprovada e pontuou<\/span><span class=\"NormalTextRun SCXW3470388 BCX0\"> omiss\u00f5es e imprecis\u00f5es que comprometeria a clareza e a amplitude necess\u00e1ria para a adequada fiscaliza\u00e7\u00e3o da nova lei.<\/span><\/span><span class=\"LineBreakBlob BlobObject DragDrop SCXW3470388 BCX0\"><span class=\"SCXW3470388 BCX0\">\u00a0<\/span><br class=\"SCXW3470388 BCX0\"\/><\/span><span class=\"LineBreakBlob BlobObject DragDrop SCXW3470388 BCX0\"><span class=\"SCXW3470388 BCX0\">\u00a0<\/span><br class=\"SCXW3470388 BCX0\"\/><\/span><span class=\"TextRun SCXW3470388 BCX0\" lang=\"PT-BR\" xml:lang=\"PT-BR\" data-contrast=\"auto\"><span class=\"NormalTextRun SCXW3470388 BCX0\">N\u00e3o constava no texto, por exemplo, refer\u00eancia e proibi\u00e7\u00e3o de rabeiras nos ve\u00edculos <\/span><span class=\"NormalTextRun ContextualSpellingAndGrammarErrorV2Themed SCXW3470388 BCX0\">auto propelidos<\/span><span class=\"NormalTextRun SCXW3470388 BCX0\">, ou seja, equipamentos com sistema pr\u00f3prio de propuls\u00e3o, como <\/span><span class=\"NormalTextRun SCXW3470388 BCX0\">patinetes<\/span><span class=\"NormalTextRun SCXW3470388 BCX0\"> el\u00e9tricos, skates el\u00e9tricos, bicicletas el\u00e9tricas com acelerador, <\/span><span class=\"NormalTextRun SpellingErrorV2Themed SCXW3470388 BCX0\">hoverboards<\/span><span class=\"NormalTextRun SCXW3470388 BCX0\"> e monociclos motorizados, o que restringe o alcance da norma.<\/span><\/span><span class=\"LineBreakBlob BlobObject DragDrop SCXW3470388 BCX0\"><span class=\"SCXW3470388 BCX0\">\u00a0<\/span><br class=\"SCXW3470388 BCX0\"\/><\/span><span class=\"LineBreakBlob BlobObject DragDrop SCXW3470388 BCX0\"><span class=\"SCXW3470388 BCX0\">\u00a0<\/span><br class=\"SCXW3470388 BCX0\"\/><\/span><span class=\"TextRun SCXW3470388 BCX0\" lang=\"PT-BR\" xml:lang=\"PT-BR\" data-contrast=\"auto\"><span class=\"NormalTextRun SCXW3470388 BCX0\">No novo projeto as falhas foram corrigidas. Entre elas a que deixou de fora os equipamentos com sistema pr\u00f3prio de propuls\u00e3o. O vereador justificou que o projeto de Lei tem por finalidade evitar acidentes e conscientizar a popula\u00e7\u00e3o acerca dos riscos gerados pela pr\u00e1tica conhecida como \u201crabeira\u201d.<\/span><\/span><span class=\"LineBreakBlob BlobObject DragDrop SCXW3470388 BCX0\"><span class=\"SCXW3470388 BCX0\">\u00a0<\/span><br class=\"SCXW3470388 BCX0\"\/><\/span><span class=\"LineBreakBlob BlobObject DragDrop SCXW3470388 BCX0\"><span class=\"SCXW3470388 BCX0\">\u00a0<\/span><br class=\"SCXW3470388 BCX0\"\/><\/span><span class=\"TextRun SCXW3470388 BCX0\" lang=\"PT-BR\" xml:lang=\"PT-BR\" data-contrast=\"auto\"><span class=\"NormalTextRun SCXW3470388 BCX0\">Em 2023, um projeto semelhante, de autoria do vereador Paulo Modas (ent\u00e3o <\/span><span class=\"NormalTextRun SCXW3470388 BCX0\">no Uni\u00e3o<\/span><span class=\"NormalTextRun SCXW3470388 BCX0\"> Brasil<\/span><span class=\"NormalTextRun SCXW3470388 BCX0\">, hoje no PSD<\/span><span class=\"NormalTextRun SCXW3470388 BCX0\">) foi aprovado pelos vereadores, mas vetado pelo ent\u00e3o prefeito Duarte Nogueira (PSDB) sob a justificativa de inconstitucionalidade.<\/span><\/span><span class=\"LineBreakBlob BlobObject DragDrop SCXW3470388 BCX0\"><span class=\"SCXW3470388 BCX0\">\u00a0<\/span><br class=\"SCXW3470388 BCX0\"\/><\/span><span class=\"LineBreakBlob BlobObject DragDrop SCXW3470388 BCX0\"><span class=\"SCXW3470388 BCX0\">\u00a0<\/span><br class=\"SCXW3470388 BCX0\"\/><\/span><span class=\"TextRun SCXW3470388 BCX0\" lang=\"PT-BR\" xml:lang=\"PT-BR\" data-contrast=\"auto\"><span class=\"NormalTextRun SCXW3470388 BCX0\">Dados da RP <\/span><span class=\"NormalTextRun SpellingErrorV2Themed SCXW3470388 BCX0\">Mobi<\/span><span class=\"NormalTextRun SCXW3470388 BCX0\">, empresa municipal respons\u00e1vel pelo gerenciamento do <\/span><span class=\"NormalTextRun SCXW3470388 BCX0\">transporte coletivo em Ribeir\u00e3o Preto, revelam que nos primeiros 100 dias do ano \u2013 janeiro at\u00e9 10 de abril \u2013 foram registradas na cidade 415 ocorr\u00eancias de rabeira. <\/span><\/span><span class=\"LineBreakBlob BlobObject DragDrop SCXW3470388 BCX0\"><span class=\"SCXW3470388 BCX0\">\u00a0<\/span><br class=\"SCXW3470388 BCX0\"\/><\/span><span class=\"LineBreakBlob BlobObject DragDrop SCXW3470388 BCX0\"><span class=\"SCXW3470388 BCX0\">\u00a0<\/span><br class=\"SCXW3470388 BCX0\"\/><\/span><span class=\"TextRun SCXW3470388 BCX0\" lang=\"PT-BR\" xml:lang=\"PT-BR\" data-contrast=\"auto\"><span class=\"NormalTextRun SCXW3470388 BCX0\">A maioria dos <\/span><span class=\"NormalTextRun SpellingErrorV2Themed SCXW3470388 BCX0\">infgratores<\/span> <span class=\"NormalTextRun SCXW3470388 BCX0\">s\u00e3o adolescentes<\/span><span class=\"NormalTextRun SCXW3470388 BCX0\"> que pegam rabeira em \u00f4nibus do transporte coletivo da cidade. A m\u00e9dia neste per\u00edodo foi de quatro casos por dia.\u00a0 Os locais com mais incid\u00eancia de casos s\u00e3o a <\/span><span class=\"NormalTextRun SCXW3470388 BCX0\">avenida<\/span><span class=\"NormalTextRun SCXW3470388 BCX0\"> Dom Pedro I, nas proximidades da pra\u00e7a Pedro <\/span><span class=\"NormalTextRun SCXW3470388 BCX0\">Biagi<\/span><span class=\"NormalTextRun SCXW3470388 BCX0\">, a regi\u00e3o do Terminal Oeste, no Jos\u00e9 Sampaio, e avenidas do <\/span><span class=\"NormalTextRun SpellingErrorV2Themed SCXW3470388 BCX0\">Antonio<\/span> <span class=\"NormalTextRun SpellingErrorV2Themed SCXW3470388 BCX0\">Marincek<\/span><span class=\"NormalTextRun SCXW3470388 BCX0\">, todos na Zona Norte. <\/span><\/span><span class=\"LineBreakBlob BlobObject DragDrop SCXW3470388 BCX0\"><span class=\"SCXW3470388 BCX0\">\u00a0<\/span><br class=\"SCXW3470388 BCX0\"\/><\/span><span class=\"LineBreakBlob BlobObject DragDrop SCXW3470388 BCX0\"><span class=\"SCXW3470388 BCX0\">\u00a0<\/span><br class=\"SCXW3470388 BCX0\"\/><\/span><span class=\"TextRun SCXW3470388 BCX0\" lang=\"PT-BR\" xml:lang=\"PT-BR\" data-contrast=\"auto\"><span class=\"NormalTextRun SCXW3470388 BCX0\">Os bairros Jardim Cristo Redentor, na Zona Noroeste; Parque Ribeir\u00e3o Preto, na Oeste; Jardim Juliana e Parque S\u00e3o Sebasti\u00e3o, ambos na regi\u00e3o Leste tamb\u00e9m s\u00e3o os l\u00edderes deste tipo de infra\u00e7\u00e3o. Em 2024 foram registradas na cidade, 1.863 alertas de rabeira pelos motoristas o transporte coletivo, denunciados por eles pelo sistema de alerta do \u00f4nibus urbanos. <\/span><\/span><span class=\"LineBreakBlob BlobObject DragDrop SCXW3470388 BCX0\"><span class=\"SCXW3470388 BCX0\">\u00a0<\/span><br class=\"SCXW3470388 BCX0\"\/><\/span><span class=\"LineBreakBlob BlobObject DragDrop SCXW3470388 BCX0\"><span class=\"SCXW3470388 BCX0\">\u00a0<\/span><br class=\"SCXW3470388 BCX0\"\/><\/span><span class=\"TextRun SCXW3470388 BCX0\" lang=\"PT-BR\" xml:lang=\"PT-BR\" data-contrast=\"auto\"><span class=\"NormalTextRun SCXW3470388 BCX0\">A maioria das ocorr\u00eancias acontece \u00e0 tarde e no come\u00e7o da noite. O levantamento revelou ainda, que 35 ve\u00edculos foram danificados este ano, e tiveram que ser recolhidos para a garagem e ser registrado boletim de ocorr\u00eancia (BO). Nestes casos os danos inclu\u00edram a retirada das placas traseiras e quebra das lanternas e das setas.<\/span><\/span><span class=\"LineBreakBlob BlobObject DragDrop SCXW3470388 BCX0\"><span class=\"SCXW3470388 BCX0\">\u00a0<\/span><br class=\"SCXW3470388 BCX0\"\/><\/span><span class=\"LineBreakBlob BlobObject DragDrop SCXW3470388 BCX0\"><span class=\"SCXW3470388 BCX0\">\u00a0<\/span><br class=\"SCXW3470388 BCX0\"\/><\/span><span class=\"TextRun SCXW3470388 BCX0\" lang=\"PT-BR\" xml:lang=\"PT-BR\" data-contrast=\"auto\"><span class=\"NormalTextRun SCXW3470388 BCX0\">Na segunda-feira, a<\/span><span class=\"NormalTextRun SCXW3470388 BCX0\"> RP <\/span><span class=\"NormalTextRun SpellingErrorV2Themed SCXW3470388 BCX0\">Mobi<\/span> <\/span><span class=\"TextRun SCXW3470388 BCX0\" lang=\"PT-BR\" xml:lang=\"PT-BR\" data-contrast=\"none\"><span class=\"NormalTextRun SCXW3470388 BCX0\">\u2013 Empresa de Mobilidade Urbana de Ribeir\u00e3o Preto S.A, a antiga <\/span><span class=\"NormalTextRun SpellingErrorV2Themed SCXW3470388 BCX0\">Transerp<\/span><span class=\"NormalTextRun SCXW3470388 BCX0\">, respons\u00e1vel pelo tr\u00e2nsito e transporte \u2013<\/span><\/span><span class=\"TextRun SCXW3470388 BCX0\" lang=\"PT-BR\" xml:lang=\"PT-BR\" data-contrast=\"auto\"><span class=\"NormalTextRun SCXW3470388 BCX0\"> promoveu<\/span> <span class=\"NormalTextRun SCXW3470388 BCX0\">uma a\u00e7\u00e3o do <\/span><span class=\"NormalTextRun ContextualSpellingAndGrammarErrorV2Themed SCXW3470388 BCX0\">Maio<\/span><span class=\"NormalTextRun SCXW3470388 BCX0\"> Amarelo, desta vez contra a pr\u00e1tica de \u201crabeira\u201d.<\/span> <\/span><span class=\"LineBreakBlob BlobObject DragDrop SCXW3470388 BCX0\"><span class=\"SCXW3470388 BCX0\">\u00a0<\/span><br class=\"SCXW3470388 BCX0\"\/><\/span><span class=\"TextRun SCXW3470388 BCX0\" lang=\"PT-BR\" xml:lang=\"PT-BR\" data-contrast=\"auto\"><span class=\"NormalTextRun SCXW3470388 BCX0\">A iniciativa integra as a\u00e7\u00f5es do Educa <\/span><span class=\"NormalTextRun SpellingErrorV2Themed SCXW3470388 BCX0\">Mobi<\/span><span class=\"NormalTextRun SCXW3470388 BCX0\">, programa educativo da RP <\/span><span class=\"NormalTextRun SpellingErrorV2Themed SCXW3470388 BCX0\">Mobi<\/span><span class=\"NormalTextRun SCXW3470388 BCX0\">. <\/span><\/span><span class=\"LineBreakBlob BlobObject DragDrop SCXW3470388 BCX0\"><span class=\"SCXW3470388 BCX0\">\u00a0<\/span><br class=\"SCXW3470388 BCX0\"\/><\/span><span class=\"LineBreakBlob BlobObject DragDrop SCXW3470388 BCX0\"><span class=\"SCXW3470388 BCX0\">\u00a0<\/span><br class=\"SCXW3470388 BCX0\"\/><\/span><span class=\"TextRun SCXW3470388 BCX0\" lang=\"PT-BR\" xml:lang=\"PT-BR\" data-contrast=\"auto\"><span class=\"NormalTextRun SCXW3470388 BCX0\">A atividade, na <\/span><span class=\"NormalTextRun SCXW3470388 BCX0\">avenida<\/span><span class=\"NormalTextRun SCXW3470388 BCX0\"> Dom Pedro I, em frente \u00e0 pra\u00e7a Pedro <\/span><span class=\"NormalTextRun SCXW3470388 BCX0\">Biagi<\/span><span class=\"NormalTextRun SCXW3470388 BCX0\">, no Ipiranga, Zona Norte da cidade, contou com um \u00f4nibus do transporte coletivo urbano e um boneco utilizado para simular uma fatalidade.\u00a0<\/span> <span class=\"NormalTextRun SCXW3470388 BCX0\">A a\u00e7\u00e3o contou ainda com mensagem de impacto sobre o perigo desta pr\u00e1tica irregular no tr\u00e2nsito.\u00a0 <\/span><\/span><span class=\"LineBreakBlob BlobObject DragDrop SCXW3470388 BCX0\"><span class=\"SCXW3470388 BCX0\">\u00a0<\/span><br class=\"SCXW3470388 BCX0\"\/><\/span><span class=\"LineBreakBlob BlobObject DragDrop SCXW3470388 BCX0\"><span class=\"SCXW3470388 BCX0\">\u00a0<\/span><br class=\"SCXW3470388 BCX0\"\/><\/span><\/p>\n<\/div>\n<p><script async src=\"\/\/platform.twitter.com\/widgets.js\" charset=\"utf-8\"><\/script><br \/>\n<br \/><br \/>\n<br \/><a href=\"https:\/\/www.tribunaribeirao.com.br\/legislativo-aprova-projeto-das-rabeiras\/\">Source link <\/a><\/p>\n<!-- CONTENT END 1 -->\n","protected":false},"excerpt":{"rendered":"<p>28 de maio de 2025 08:3027 de maio de 2025 19:5212 Compartilhar0 A\u00a0 C\u00e2mara de Ribeir\u00e3o Preto aprovou novo projeto de lei que pro\u00edbe pegar&#8230;<\/p>\n","protected":false},"author":1,"featured_media":70598,"comment_status":"open","ping_status":"open","sticky":false,"template":"","format":"standard","meta":{"advanced_seo_description":"","jetpack_seo_html_title":"","jetpack_seo_noindex":false,"jetpack_post_was_ever_published":false,"_jetpack_newsletter_access":"","_jetpack_dont_email_post_to_subs":false,"_jetpack_newsletter_tier_id":0,"_jetpack_memberships_contains_paywalled_content":false,"_jetpack_memberships_contains_paid_content":false,"footnotes":"","jetpack_publicize_message":"","jetpack_publicize_feature_enabled":true,"jetpack_social_post_already_shared":true,"jetpack_social_options":{"image_generator_settings":{"template":"highway","default_image_id":0,"font":"","enabled":false},"version":2}},"categories":[11],"tags":[],"class_list":["post-70597","post","type-post","status-publish","format-standard","has-post-thumbnail","hentry","category-noticias-de-ribeirao-preto-sp-e-regiao-ismael-colosi"],"jetpack_publicize_connections":[],"jetpack_featured_media_url":"https:\/\/i0.wp.com\/noticiasribeiraopreto.com.br\/wp-content\/uploads\/2025\/05\/Rabeira-Alfredo-Risk.jpg?fit=1920%2C1280&ssl=1","jetpack-related-posts":[{"id":69004,"url":"https:\/\/noticiasribeiraopreto.com.br\/index.php\/2025\/05\/01\/saiba-como-fica-o-tempo-em-ribeirao-preto-neste-feriado-de-1o-de-maio\/","url_meta":{"origin":70597,"position":0},"title":"Saiba como fica o tempo em Ribeir\u00e3o Preto neste feriado de 1\u00ba de maio","author":"noticiasribeiraopreto.com.br","date":"1 de May de 2025","format":false,"excerpt":"O feriado de 1\u00ba de maio, comemorado nesta quinta-feira, come\u00e7ou gelado e com Sol em Ribeir\u00e3o Preto. De acordo com a Climatempo, a temperatura m\u00ednima registrada foi de 16\u00b0C. Os meteorologistas informam que a temperatura m\u00e1xima deve chegar aos 28\u00b0C. A previs\u00e3o do tempo aponta para dia de Sol, com\u2026","rel":"","context":"In &quot;Not\u00edcias de Ribeir\u00e3o Preto-SP e Regi\u00e3o&quot;","block_context":{"text":"Not\u00edcias de Ribeir\u00e3o Preto-SP e Regi\u00e3o","link":"https:\/\/noticiasribeiraopreto.com.br\/index.php\/category\/noticias-de-ribeirao-preto-sp-e-regiao-ismael-colosi\/"},"img":{"alt_text":"","src":"https:\/\/i0.wp.com\/noticiasribeiraopreto.com.br\/wp-content\/uploads\/2025\/05\/ceu-sol-ribeirao-preto_2025-05-01_10-48-25.webp.webp?fit=1200%2C900&ssl=1&resize=350%2C200","width":350,"height":200,"srcset":"https:\/\/i0.wp.com\/noticiasribeiraopreto.com.br\/wp-content\/uploads\/2025\/05\/ceu-sol-ribeirao-preto_2025-05-01_10-48-25.webp.webp?fit=1200%2C900&ssl=1&resize=350%2C200 1x, https:\/\/i0.wp.com\/noticiasribeiraopreto.com.br\/wp-content\/uploads\/2025\/05\/ceu-sol-ribeirao-preto_2025-05-01_10-48-25.webp.webp?fit=1200%2C900&ssl=1&resize=525%2C300 1.5x, https:\/\/i0.wp.com\/noticiasribeiraopreto.com.br\/wp-content\/uploads\/2025\/05\/ceu-sol-ribeirao-preto_2025-05-01_10-48-25.webp.webp?fit=1200%2C900&ssl=1&resize=700%2C400 2x, https:\/\/i0.wp.com\/noticiasribeiraopreto.com.br\/wp-content\/uploads\/2025\/05\/ceu-sol-ribeirao-preto_2025-05-01_10-48-25.webp.webp?fit=1200%2C900&ssl=1&resize=1050%2C600 3x"},"classes":[]},{"id":84775,"url":"https:\/\/noticiasribeiraopreto.com.br\/index.php\/2026\/04\/15\/quermesse-de-santa-rita-sera-realizada-em-10-dias-de-maio-em-paroquia-de-ribeirao-preto\/","url_meta":{"origin":70597,"position":1},"title":"Quermesse de Santa Rita ser\u00e1 realizada em 10 dias de maio em par\u00f3quia de Ribeir\u00e3o Preto","author":"noticiasribeiraopreto.com.br","date":"15 de April de 2026","format":false,"excerpt":"00:00 A+ A- Ler o resumo da not\u00edcia \r Par\u00f3quia Santa Rita de C\u00e1ssia promove quermesse em louvor \u00e0 padroeira de 8 a 24 de maio, em Ribeir\u00e3o Preto.\r Evento ocorre na Rua Primo Furquim, 18, no Jardim Independ\u00eancia, zona Norte da cidade.\r No dia 22 de maio, data de\u2026","rel":"","context":"In &quot;Not\u00edcias de Ribeir\u00e3o Preto-SP e Regi\u00e3o&quot;","block_context":{"text":"Not\u00edcias de Ribeir\u00e3o Preto-SP e Regi\u00e3o","link":"https:\/\/noticiasribeiraopreto.com.br\/index.php\/category\/noticias-de-ribeirao-preto-sp-e-regiao-ismael-colosi\/"},"img":{"alt_text":"","src":"https:\/\/i0.wp.com\/noticiasribeiraopreto.com.br\/wp-content\/uploads\/2026\/04\/santaritacassiaribeirao_2026-04-15_14-50-55.webp.webp?fit=804%2C534&ssl=1&resize=350%2C200","width":350,"height":200,"srcset":"https:\/\/i0.wp.com\/noticiasribeiraopreto.com.br\/wp-content\/uploads\/2026\/04\/santaritacassiaribeirao_2026-04-15_14-50-55.webp.webp?fit=804%2C534&ssl=1&resize=350%2C200 1x, https:\/\/i0.wp.com\/noticiasribeiraopreto.com.br\/wp-content\/uploads\/2026\/04\/santaritacassiaribeirao_2026-04-15_14-50-55.webp.webp?fit=804%2C534&ssl=1&resize=525%2C300 1.5x, https:\/\/i0.wp.com\/noticiasribeiraopreto.com.br\/wp-content\/uploads\/2026\/04\/santaritacassiaribeirao_2026-04-15_14-50-55.webp.webp?fit=804%2C534&ssl=1&resize=700%2C400 2x"},"classes":[]},{"id":69907,"url":"https:\/\/noticiasribeiraopreto.com.br\/index.php\/2025\/05\/10\/ribeirao-preto-recebe-projeto-que-leva-palestras-cientificas-aos-bares\/","url_meta":{"origin":70597,"position":2},"title":"Ribeir\u00e3o Preto recebe projeto que leva palestras cient\u00edficas aos bares","author":"noticiasribeiraopreto.com.br","date":"10 de May de 2025","format":false,"excerpt":"Entre os dias 19 a 21 de maio, sempre \u00e0s 19h, cientistas e pesquisadores do projeto Pint Of Science ir\u00e3o se apresentar em quatro bares e cervejarias de Ribeir\u00e3o Preto com palestras e mesas redondas sobre suas descobertas e \u00e1reas de conhecimento. Neste ano, o projeto comemora 10 anos no\u2026","rel":"","context":"In &quot;Not\u00edcias de Ribeir\u00e3o Preto-SP e Regi\u00e3o&quot;","block_context":{"text":"Not\u00edcias de Ribeir\u00e3o Preto-SP e Regi\u00e3o","link":"https:\/\/noticiasribeiraopreto.com.br\/index.php\/category\/noticias-de-ribeirao-preto-sp-e-regiao-ismael-colosi\/"},"img":{"alt_text":"","src":"https:\/\/i0.wp.com\/noticiasribeiraopreto.com.br\/wp-content\/uploads\/2025\/05\/Pint-Of-Science-158-_2025-05-10_14-18-29.webp.webp?fit=1200%2C675&ssl=1&resize=350%2C200","width":350,"height":200,"srcset":"https:\/\/i0.wp.com\/noticiasribeiraopreto.com.br\/wp-content\/uploads\/2025\/05\/Pint-Of-Science-158-_2025-05-10_14-18-29.webp.webp?fit=1200%2C675&ssl=1&resize=350%2C200 1x, https:\/\/i0.wp.com\/noticiasribeiraopreto.com.br\/wp-content\/uploads\/2025\/05\/Pint-Of-Science-158-_2025-05-10_14-18-29.webp.webp?fit=1200%2C675&ssl=1&resize=525%2C300 1.5x, https:\/\/i0.wp.com\/noticiasribeiraopreto.com.br\/wp-content\/uploads\/2025\/05\/Pint-Of-Science-158-_2025-05-10_14-18-29.webp.webp?fit=1200%2C675&ssl=1&resize=700%2C400 2x, https:\/\/i0.wp.com\/noticiasribeiraopreto.com.br\/wp-content\/uploads\/2025\/05\/Pint-Of-Science-158-_2025-05-10_14-18-29.webp.webp?fit=1200%2C675&ssl=1&resize=1050%2C600 3x"},"classes":[]},{"id":14115,"url":"https:\/\/noticiasribeiraopreto.com.br\/index.php\/2023\/12\/11\/obras-do-corredor-de-onibus-castelo-branco-13-de-maio-estao-em-andamento\/","url_meta":{"origin":70597,"position":3},"title":"Obras do corredor de \u00f4nibus Castelo Branco\/ 13 de Maio est\u00e3o em andamento \u2013 Folha de Ribeir\u00e3o","author":"noticiasribeiraopreto.com.br","date":"11 de December de 2023","format":false,"excerpt":"As obras do corredor de \u00f4nibus das avenidas Castelo Branco\/ 13 de Maio est\u00e3o\u00a0em ritmo acelerado, com mais de 40% do projeto conclu\u00eddo. Com previs\u00e3o para ser entregue em setembro de 2024, os trabalhos est\u00e3o concentrados na reconstru\u00e7\u00e3o do pavimento dos corredores na avenida Le\u00e3o XIII e, nas marginais da\u2026","rel":"","context":"In &quot;Not\u00edcias de Ribeir\u00e3o Preto-SP e Regi\u00e3o&quot;","block_context":{"text":"Not\u00edcias de Ribeir\u00e3o Preto-SP e Regi\u00e3o","link":"https:\/\/noticiasribeiraopreto.com.br\/index.php\/category\/noticias-de-ribeirao-preto-sp-e-regiao-ismael-colosi\/"},"img":{"alt_text":"","src":"https:\/\/i0.wp.com\/noticiasribeiraopreto.com.br\/wp-content\/uploads\/2023\/12\/obras_corredor_castelo_branco_-_foto_guilherme_sircili_5.jpg?fit=1200%2C800&ssl=1&resize=350%2C200","width":350,"height":200,"srcset":"https:\/\/i0.wp.com\/noticiasribeiraopreto.com.br\/wp-content\/uploads\/2023\/12\/obras_corredor_castelo_branco_-_foto_guilherme_sircili_5.jpg?fit=1200%2C800&ssl=1&resize=350%2C200 1x, https:\/\/i0.wp.com\/noticiasribeiraopreto.com.br\/wp-content\/uploads\/2023\/12\/obras_corredor_castelo_branco_-_foto_guilherme_sircili_5.jpg?fit=1200%2C800&ssl=1&resize=525%2C300 1.5x, https:\/\/i0.wp.com\/noticiasribeiraopreto.com.br\/wp-content\/uploads\/2023\/12\/obras_corredor_castelo_branco_-_foto_guilherme_sircili_5.jpg?fit=1200%2C800&ssl=1&resize=700%2C400 2x, https:\/\/i0.wp.com\/noticiasribeiraopreto.com.br\/wp-content\/uploads\/2023\/12\/obras_corredor_castelo_branco_-_foto_guilherme_sircili_5.jpg?fit=1200%2C800&ssl=1&resize=1050%2C600 3x"},"classes":[]},{"id":64247,"url":"https:\/\/noticiasribeiraopreto.com.br\/index.php\/2025\/03\/06\/quermesse-da-catedral-de-ribeirao-preto-sera-em-maio-veja-datas-e-horarios\/","url_meta":{"origin":70597,"position":4},"title":"Quermesse da Catedral de Ribeir\u00e3o Preto ser\u00e1 em maio; Veja datas e hor\u00e1rios","author":"noticiasribeiraopreto.com.br","date":"6 de March de 2025","format":false,"excerpt":"A Catedral de S\u00e3o Sebasti\u00e3o, em Ribeir\u00e3o Preto, divulgou as datas de sua quermesse. O evento ser\u00e1 realizado em frente \u00e0 igreja, no Centro da cidade, nos seguintes dias e hor\u00e1rios: S\u00e1bado, 24 de maio \u2013 Das 19h \u00e0s 23h Domingo, 25 de maio \u2013 Das 17h \u00e0s 23h A\u2026","rel":"","context":"In &quot;Not\u00edcias de Ribeir\u00e3o Preto-SP e Regi\u00e3o&quot;","block_context":{"text":"Not\u00edcias de Ribeir\u00e3o Preto-SP e Regi\u00e3o","link":"https:\/\/noticiasribeiraopreto.com.br\/index.php\/category\/noticias-de-ribeirao-preto-sp-e-regiao-ismael-colosi\/"},"img":{"alt_text":"","src":"https:\/\/i0.wp.com\/noticiasribeiraopreto.com.br\/wp-content\/uploads\/2025\/03\/WhatsApp-Image-2023-09-13-at-13.07.49.jpeg?fit=1200%2C779&ssl=1&resize=350%2C200","width":350,"height":200,"srcset":"https:\/\/i0.wp.com\/noticiasribeiraopreto.com.br\/wp-content\/uploads\/2025\/03\/WhatsApp-Image-2023-09-13-at-13.07.49.jpeg?fit=1200%2C779&ssl=1&resize=350%2C200 1x, https:\/\/i0.wp.com\/noticiasribeiraopreto.com.br\/wp-content\/uploads\/2025\/03\/WhatsApp-Image-2023-09-13-at-13.07.49.jpeg?fit=1200%2C779&ssl=1&resize=525%2C300 1.5x, https:\/\/i0.wp.com\/noticiasribeiraopreto.com.br\/wp-content\/uploads\/2025\/03\/WhatsApp-Image-2023-09-13-at-13.07.49.jpeg?fit=1200%2C779&ssl=1&resize=700%2C400 2x, https:\/\/i0.wp.com\/noticiasribeiraopreto.com.br\/wp-content\/uploads\/2025\/03\/WhatsApp-Image-2023-09-13-at-13.07.49.jpeg?fit=1200%2C779&ssl=1&resize=1050%2C600 3x"},"classes":[]},{"id":61076,"url":"https:\/\/noticiasribeiraopreto.com.br\/index.php\/2024\/12\/03\/vereadores-de-ribeirao-preto-realizam-fiscalizacao-na-upa-da-treze-de-maio\/","url_meta":{"origin":70597,"position":5},"title":"Vereadores de Ribeir\u00e3o Preto Realizam Fiscaliza\u00e7\u00e3o na UPA da Treze de Maio","author":"noticiasribeiraopreto.com.br","date":"3 de December de 2024","format":false,"excerpt":"Na \u00faltima semana, vereadores de Ribeir\u00e3o Preto realizaram uma vistoria na Unidade de Pronto Atendimento (UPA) da Treze de Maio, com o objetivo de verificar as condi\u00e7\u00f5es do local e identificar poss\u00edveis pontos de melhoria. Durante a fiscaliza\u00e7\u00e3o, foram analisados aspectos como infraestrutura, tempo de espera no atendimento e a\u2026","rel":"","context":"In &quot;Not\u00edcias de Ribeir\u00e3o Preto-SP e Regi\u00e3o&quot;","block_context":{"text":"Not\u00edcias de Ribeir\u00e3o Preto-SP e Regi\u00e3o","link":"https:\/\/noticiasribeiraopreto.com.br\/index.php\/category\/noticias-de-ribeirao-preto-sp-e-regiao-ismael-colosi\/"},"img":{"alt_text":"","src":"https:\/\/i0.wp.com\/noticiasribeiraopreto.com.br\/wp-content\/uploads\/2024\/12\/20241125_161355-scaled.jpg?fit=1200%2C675&ssl=1&resize=350%2C200","width":350,"height":200,"srcset":"https:\/\/i0.wp.com\/noticiasribeiraopreto.com.br\/wp-content\/uploads\/2024\/12\/20241125_161355-scaled.jpg?fit=1200%2C675&ssl=1&resize=350%2C200 1x, https:\/\/i0.wp.com\/noticiasribeiraopreto.com.br\/wp-content\/uploads\/2024\/12\/20241125_161355-scaled.jpg?fit=1200%2C675&ssl=1&resize=525%2C300 1.5x, https:\/\/i0.wp.com\/noticiasribeiraopreto.com.br\/wp-content\/uploads\/2024\/12\/20241125_161355-scaled.jpg?fit=1200%2C675&ssl=1&resize=700%2C400 2x, https:\/\/i0.wp.com\/noticiasribeiraopreto.com.br\/wp-content\/uploads\/2024\/12\/20241125_161355-scaled.jpg?fit=1200%2C675&ssl=1&resize=1050%2C600 3x"},"classes":[]}],"jetpack_sharing_enabled":true,"jetpack_shortlink":"https:\/\/wp.me\/peQAOb-imF","_links":{"self":[{"href":"https:\/\/noticiasribeiraopreto.com.br\/index.php\/wp-json\/wp\/v2\/posts\/70597","targetHints":{"allow":["GET"]}}],"collection":[{"href":"https:\/\/noticiasribeiraopreto.com.br\/index.php\/wp-json\/wp\/v2\/posts"}],"about":[{"href":"https:\/\/noticiasribeiraopreto.com.br\/index.php\/wp-json\/wp\/v2\/types\/post"}],"author":[{"embeddable":true,"href":"https:\/\/noticiasribeiraopreto.com.br\/index.php\/wp-json\/wp\/v2\/users\/1"}],"replies":[{"embeddable":true,"href":"https:\/\/noticiasribeiraopreto.com.br\/index.php\/wp-json\/wp\/v2\/comments?post=70597"}],"version-history":[{"count":0,"href":"https:\/\/noticiasribeiraopreto.com.br\/index.php\/wp-json\/wp\/v2\/posts\/70597\/revisions"}],"wp:featuredmedia":[{"embeddable":true,"href":"https:\/\/noticiasribeiraopreto.com.br\/index.php\/wp-json\/wp\/v2\/media\/70598"}],"wp:attachment":[{"href":"https:\/\/noticiasribeiraopreto.com.br\/index.php\/wp-json\/wp\/v2\/media?parent=70597"}],"wp:term":[{"taxonomy":"category","embeddable":true,"href":"https:\/\/noticiasribeiraopreto.com.br\/index.php\/wp-json\/wp\/v2\/categories?post=70597"},{"taxonomy":"post_tag","embeddable":true,"href":"https:\/\/noticiasribeiraopreto.com.br\/index.php\/wp-json\/wp\/v2\/tags?post=70597"}],"curies":[{"name":"wp","href":"https:\/\/api.w.org\/{rel}","templated":true}]}}