{"id":70601,"date":"2025-05-28T09:36:14","date_gmt":"2025-05-28T12:36:14","guid":{"rendered":"https:\/\/noticiasribeiraopreto.com.br\/index.php\/2025\/05\/28\/rp-ganha-94-mil-empresas\/"},"modified":"2025-05-28T09:36:14","modified_gmt":"2025-05-28T12:36:14","slug":"rp-ganha-94-mil-empresas","status":"publish","type":"post","link":"https:\/\/noticiasribeiraopreto.com.br\/index.php\/2025\/05\/28\/rp-ganha-94-mil-empresas\/","title":{"rendered":"RP ganha 9,4 mil empresas\u00a0"},"content":{"rendered":"<div class='code-block code-block-1' style='margin: 8px 0 8px auto; text-align: right; display: block; clear: both;'>\n<p><a href=\"https:\/\/wa.link\/vpicfd\"><img data-recalc-dims=\"1\" class=\"wp-image-4922\" style=\"aspect-ratio: 2.0253164556962027; width: 561px; height: auto;\" src=\"https:\/\/i0.wp.com\/ismaelcolosi.com.br\/wp-content\/uploads\/2023\/11\/grupo-de-empregos-whatsapp-e-facebook-ismael-colosi-vagas.jpg?ssl=1\" alt=\"\" \/><\/a><\/p>\n<!-- \/wp:image -->\n<\/div>\n<p> <br \/>\n<\/p>\n<div id=\"\">\n<p>\n\t\t\t\t\t\t\t\t\t<span class=\"entry-meta-item penci-posted-on\"><i class=\"fa fa-clock-o\"\/><time class=\"entry-date published\" datetime=\"2025-05-28T09:30:02-03:00\">28 de maio de 2025 09:30<\/time><time class=\"updated\" datetime=\"2025-05-27T19:55:01-03:00\">27 de maio de 2025 19:55<\/time><\/span><span class=\"entry-meta-item penci-post-countview\"><span class=\"entry-meta-item penci-post-countview penci_post-meta_item\"><i class=\"fa fa-eye\"\/><span class=\"penci-post-countview-number penci-post-countview-p427056\">8<\/span><\/span><\/span>\t\t\t\t\t\t\t\t<\/p>\n<p><!-- .entry-meta --><br \/>\n\t\t\t\t\t\t\t\t<span class=\"penci-social-buttons penci-social-share-footer\"><span class=\"penci-social-share-text\">Compartilhar<\/span><a href=\"#\" class=\"penci-post-like penci_post-meta_item  single-like-button penci-social-item like\" data-post_id=\"427056\" title=\"Like\" data-like=\"Like\" data-unlike=\"Unlike\"><i class=\"fa fa-thumbs-o-up\"\/><span class=\"penci-share-number\">0<\/span><\/a><i class=\"fa fa-facebook\"\/><a class=\"penci-social-item twitter\" target=\"_blank\" rel=\"noopener\" title=\"\" href=\"https:\/\/twitter.com\/intent\/tweet?text=RP%20ganha%209,4%20mil%20empresas\u00a0%20-%20https:\/\/www.tribunaribeirao.com.br\/rp-ganha-94-mil-empresas\/\"><i class=\"fa fa-twitter\"\/><\/a><i class=\"fa fa-linkedin\"\/><i class=\"fa fa-whatsapp\"\/><i class=\"fa fa-telegram\"\/><i class=\"fa fa-envelope\"\/><\/span>\t\t\t\t\t\t\t<\/div>\n<div>\n<p><span class=\"TextRun SCXW106599356 BCX0\" lang=\"PT-BR\" xml:lang=\"PT-BR\" data-contrast=\"auto\"><span class=\"NormalTextRun SCXW106599356 BCX0\">Estudo da Funda\u00e7\u00e3o S<\/span><span class=\"NormalTextRun SCXW106599356 BCX0\">istema Estadual de An\u00e1lise de Dados (Seade)<\/span><span class=\"NormalTextRun SCXW106599356 BCX0\">, com base nos dados do Cadastro Nacional de Pessoa Jur\u00eddica (CNPJ) da Receita Federal, aponta que, de abril de 2024 a mar\u00e7o de<\/span><span class=\"NormalTextRun SCXW106599356 BCX0\">ste ano (doze meses)<\/span><span class=\"NormalTextRun SCXW106599356 BCX0\">, Ribeir\u00e3o Preto criou 9.430 novas empresas. <\/span><\/span><span class=\"LineBreakBlob BlobObject DragDrop SCXW106599356 BCX0\"><span class=\"SCXW106599356 BCX0\">\u00a0<\/span><br class=\"SCXW106599356 BCX0\"\/><\/span><span class=\"LineBreakBlob BlobObject DragDrop SCXW106599356 BCX0\"><span class=\"SCXW106599356 BCX0\">\u00a0<\/span><br class=\"SCXW106599356 BCX0\"\/><\/span><span class=\"TextRun SCXW106599356 BCX0\" lang=\"PT-BR\" xml:lang=\"PT-BR\" data-contrast=\"auto\"><span class=\"NormalTextRun SCXW106599356 BCX0\">Os setores que mais geraram postos de trabalho foram <\/span><span class=\"NormalTextRun SCXW106599356 BCX0\">o <\/span><span class=\"NormalTextRun SCXW106599356 BCX0\">Com\u00e9rcio<\/span><span class=\"NormalTextRun SCXW106599356 BCX0\">,<\/span><span class=\"NormalTextRun SCXW106599356 BCX0\"> com 1.772 (18,8%)<\/span><span class=\"NormalTextRun SCXW106599356 BCX0\">;<\/span><span class=\"NormalTextRun SCXW106599356 BCX0\"> Atividades Profissionais e Cient\u00edficas<\/span><span class=\"NormalTextRun SCXW106599356 BCX0\">,<\/span><span class=\"NormalTextRun SCXW106599356 BCX0\"> com 1.291 (13,7%)<\/span><span class=\"NormalTextRun SCXW106599356 BCX0\">;<\/span><span class=\"NormalTextRun SCXW106599356 BCX0\"> e Servi\u00e7os de Sa\u00fade<\/span><span class=\"NormalTextRun SCXW106599356 BCX0\">,<\/span><span class=\"NormalTextRun SCXW106599356 BCX0\"> com 1.045 (11,09%). No mesmo per\u00edodo foram criados 15.343 novos <\/span><span class=\"NormalTextRun SCXW106599356 BCX0\">m<\/span><span class=\"NormalTextRun SCXW106599356 BCX0\">icroempreendedores<\/span> <span class=\"NormalTextRun SCXW106599356 BCX0\">i<\/span><span class=\"NormalTextRun SCXW106599356 BCX0\">ndividuais (<\/span><span class=\"NormalTextRun SpellingErrorV2Themed SCXW106599356 BCX0\">MEIs<\/span><span class=\"NormalTextRun SCXW106599356 BCX0\">).<\/span><\/span><span class=\"LineBreakBlob BlobObject DragDrop SCXW106599356 BCX0\"><span class=\"SCXW106599356 BCX0\">\u00a0<\/span><br class=\"SCXW106599356 BCX0\"\/><\/span><span class=\"LineBreakBlob BlobObject DragDrop SCXW106599356 BCX0\"><span class=\"SCXW106599356 BCX0\">\u00a0<\/span><br class=\"SCXW106599356 BCX0\"\/><\/span><span class=\"TextRun SCXW106599356 BCX0\" lang=\"PT-BR\" xml:lang=\"PT-BR\" data-contrast=\"auto\"><span class=\"NormalTextRun SCXW106599356 BCX0\">Em doze meses<\/span><span class=\"NormalTextRun SCXW106599356 BCX0\">, foram abertas<\/span><span class=\"NormalTextRun SCXW106599356 BCX0\">,<\/span><span class=\"NormalTextRun SCXW106599356 BCX0\"> em todo <\/span><span class=\"NormalTextRun SCXW106599356 BCX0\">o e<\/span><span class=\"NormalTextRun SCXW106599356 BCX0\">stado<\/span><span class=\"NormalTextRun SCXW106599356 BCX0\"> de S\u00e3o Paulo<\/span><span class=\"NormalTextRun SCXW106599356 BCX0\">, 516.767 empresas. O setor de <\/span><span class=\"NormalTextRun SCXW106599356 BCX0\">S<\/span><span class=\"NormalTextRun SCXW106599356 BCX0\">ervi\u00e7os liderou, com 358.548 novos empreendimentos, correspondendo a 69,4% do total. <\/span><span class=\"NormalTextRun SCXW106599356 BCX0\">C<\/span><span class=\"NormalTextRun SCXW106599356 BCX0\">om\u00e9rcio ocupou a segunda posi\u00e7\u00e3o, com 105.518 empresas. Em seguida<\/span><span class=\"NormalTextRun SCXW106599356 BCX0\">,<\/span> <span class=\"NormalTextRun SCXW106599356 BCX0\">aparecem<\/span> <span class=\"NormalTextRun SCXW106599356 BCX0\">I<\/span><span class=\"NormalTextRun SCXW106599356 BCX0\">nd\u00fastria (23.643), <\/span><span class=\"NormalTextRun SCXW106599356 BCX0\">C<\/span><span class=\"NormalTextRun SCXW106599356 BCX0\">onstru\u00e7\u00e3o (26.639) <\/span><span class=\"NormalTextRun ContextualSpellingAndGrammarErrorV2Themed SCXW106599356 BCX0\">e <\/span><span class=\"NormalTextRun ContextualSpellingAndGrammarErrorV2Themed SCXW106599356 BCX0\">A<\/span><span class=\"NormalTextRun ContextualSpellingAndGrammarErrorV2Themed SCXW106599356 BCX0\">gropecu\u00e1ria<\/span><span class=\"NormalTextRun SCXW106599356 BCX0\"> (2.419).<\/span><\/span><span class=\"LineBreakBlob BlobObject DragDrop SCXW106599356 BCX0\"><span class=\"SCXW106599356 BCX0\">\u00a0<\/span><br class=\"SCXW106599356 BCX0\"\/><\/span><span class=\"LineBreakBlob BlobObject DragDrop SCXW106599356 BCX0\"><span class=\"SCXW106599356 BCX0\">\u00a0<\/span><br class=\"SCXW106599356 BCX0\"\/><\/span><span class=\"TextRun SCXW106599356 BCX0\" lang=\"PT-BR\" xml:lang=\"PT-BR\" data-contrast=\"auto\"><span class=\"NormalTextRun SCXW106599356 BCX0\">A<\/span><span class=\"NormalTextRun SCXW106599356 BCX0\"> Regi\u00e3o Metropolitana de S\u00e3o Paulo (RMSP)<\/span><span class=\"NormalTextRun SCXW106599356 BCX0\"> lidera o ranking<\/span><span class=\"NormalTextRun SCXW106599356 BCX0\">, com 307.356, representando 59,5% do total do estado. Na <\/span><span class=\"NormalTextRun SCXW106599356 BCX0\">sequ\u00eancia<\/span><span class=\"NormalTextRun SCXW106599356 BCX0\">, aparecem em destaque as regi\u00f5es administrativas de Campinas (67.873), Sorocaba (23.261) e S\u00e3o Jos\u00e9 dos Campos (22.927). <\/span><\/span><span class=\"LineBreakBlob BlobObject DragDrop SCXW106599356 BCX0\"><span class=\"SCXW106599356 BCX0\">\u00a0<\/span><br class=\"SCXW106599356 BCX0\"\/><\/span><span class=\"LineBreakBlob BlobObject DragDrop SCXW106599356 BCX0\"><span class=\"SCXW106599356 BCX0\">\u00a0<\/span><br class=\"SCXW106599356 BCX0\"\/><\/span><span class=\"TextRun SCXW106599356 BCX0\" lang=\"PT-BR\" xml:lang=\"PT-BR\" data-contrast=\"auto\"><span class=\"NormalTextRun SCXW106599356 BCX0\">Outras regi\u00f5es administrativas em evid\u00eancia s\u00e3o <\/span><span class=\"NormalTextRun SCXW106599356 BCX0\">Santos (16.242), Ribeir\u00e3o<\/span><span class=\"NormalTextRun SCXW106599356 BCX0\"> Preto <\/span><span class=\"NormalTextRun SCXW106599356 BCX0\">(14.651)<\/span> <span class=\"NormalTextRun SCXW106599356 BCX0\">\u2013<\/span><span class=\"NormalTextRun SCXW106599356 BCX0\"> formada por 25 munic\u00edpios <\/span><span class=\"NormalTextRun SCXW106599356 BCX0\">\u2013<\/span><span class=\"NormalTextRun SCXW106599356 BCX0\">, S\u00e3o Jos\u00e9 do Rio Preto (14.302) e Bauru (8.641).<\/span> <span class=\"NormalTextRun SCXW106599356 BCX0\">J\u00e1 em mar\u00e7o de<\/span><span class=\"NormalTextRun SCXW106599356 BCX0\">ste amo<\/span><span class=\"NormalTextRun SCXW106599356 BCX0\">, foi registrada a cria\u00e7\u00e3o de 35.151 empresas no estado de S\u00e3o Paulo. <\/span><\/span><span class=\"LineBreakBlob BlobObject DragDrop SCXW106599356 BCX0\"><span class=\"SCXW106599356 BCX0\">\u00a0<\/span><br class=\"SCXW106599356 BCX0\"\/><\/span><span class=\"LineBreakBlob BlobObject DragDrop SCXW106599356 BCX0\"><span class=\"SCXW106599356 BCX0\">\u00a0<\/span><br class=\"SCXW106599356 BCX0\"\/><\/span><span class=\"TextRun SCXW106599356 BCX0\" lang=\"PT-BR\" xml:lang=\"PT-BR\" data-contrast=\"auto\"><span class=\"NormalTextRun SCXW106599356 BCX0\">Na compara\u00e7\u00e3o com o m\u00eas imediatamente anterior, houve retra\u00e7\u00e3o de 13,3%, quando o total de empreendimentos alcan\u00e7ou 40.521 novos neg\u00f3cios. Entre fevereiro e mar\u00e7o, todos os setores apresentaram queda no desempenho<\/span><span class=\"NormalTextRun SCXW106599356 BCX0\">, <\/span><span class=\"NormalTextRun SpellingErrorV2Themed SCXW106599356 BCX0\">segujdo<\/span><span class=\"NormalTextRun SCXW106599356 BCX0\"> a Funda\u00e7\u00e3o Seade<\/span><span class=\"NormalTextRun SCXW106599356 BCX0\">. <\/span><\/span><span class=\"LineBreakBlob BlobObject DragDrop SCXW106599356 BCX0\"><span class=\"SCXW106599356 BCX0\">\u00a0<\/span><br class=\"SCXW106599356 BCX0\"\/><\/span><span class=\"LineBreakBlob BlobObject DragDrop SCXW106599356 BCX0\"><span class=\"SCXW106599356 BCX0\">\u00a0<\/span><br class=\"SCXW106599356 BCX0\"\/><\/span><span class=\"TextRun SCXW106599356 BCX0\" lang=\"PT-BR\" xml:lang=\"PT-BR\" data-contrast=\"auto\"><span class=\"NormalTextRun SCXW106599356 BCX0\">O setor de <\/span><span class=\"NormalTextRun SCXW106599356 BCX0\">S<\/span><span class=\"NormalTextRun SCXW106599356 BCX0\">ervi\u00e7os recuou 14,6%, passando de 28.980 para 24.745 novas <\/span><span class=\"NormalTextRun SCXW106599356 BCX0\">e<\/span><span class=\"NormalTextRun SCXW106599356 BCX0\">mpresas, seguido pela <\/span><span class=\"NormalTextRun SCXW106599356 BCX0\">I<\/span><span class=\"NormalTextRun SCXW106599356 BCX0\">nd\u00fastria (-13,9%), <\/span><span class=\"NormalTextRun SCXW106599356 BCX0\">C<\/span><span class=\"NormalTextRun SCXW106599356 BCX0\">onstru\u00e7\u00e3o (-13,1%), <\/span><span class=\"NormalTextRun SCXW106599356 BCX0\">C<\/span><span class=\"NormalTextRun SCXW106599356 BCX0\">om\u00e9rcio (-8,2%) <\/span><span class=\"NormalTextRun ContextualSpellingAndGrammarErrorV2Themed SCXW106599356 BCX0\">e <\/span><span class=\"NormalTextRun ContextualSpellingAndGrammarErrorV2Themed SCXW106599356 BCX0\">A<\/span><span class=\"NormalTextRun ContextualSpellingAndGrammarErrorV2Themed SCXW106599356 BCX0\">gropecu\u00e1ria<\/span><span class=\"NormalTextRun SCXW106599356 BCX0\"> (-6,5%).<\/span> <span class=\"NormalTextRun SCXW106599356 BCX0\">Em mar\u00e7o de 2025, o Estado de S\u00e3o Paulo registrou 85.268 novos <\/span><span class=\"NormalTextRun SpellingErrorV2Themed SCXW106599356 BCX0\">MEIs<\/span><span class=\"NormalTextRun SCXW106599356 BCX0\">, representando uma leve retra\u00e7\u00e3o de 0,8% em <\/span><span class=\"NormalTextRun SCXW106599356 BCX0\">rela\u00e7\u00e3o a fevereiro (85.972). O setor de <\/span><span class=\"NormalTextRun SCXW106599356 BCX0\">S<\/span><span class=\"NormalTextRun SCXW106599356 BCX0\">ervi\u00e7os foi respons\u00e1vel por 57.097 novos <\/span><span class=\"NormalTextRun SpellingErrorV2Themed SCXW106599356 BCX0\">MEIs<\/span><span class=\"NormalTextRun SCXW106599356 BCX0\">, seguido por <\/span><span class=\"NormalTextRun SCXW106599356 BCX0\">C<\/span><span class=\"NormalTextRun SCXW106599356 BCX0\">om\u00e9rcio (14.695), <\/span><span class=\"NormalTextRun SCXW106599356 BCX0\">C<\/span><span class=\"NormalTextRun SCXW106599356 BCX0\">onstru\u00e7\u00e3o (5.956), <\/span><span class=\"NormalTextRun SCXW106599356 BCX0\">I<\/span><span class=\"NormalTextRun SCXW106599356 BCX0\">nd\u00fastria (7.142) <\/span><span class=\"NormalTextRun ContextualSpellingAndGrammarErrorV2Themed SCXW106599356 BCX0\">e <\/span><span class=\"NormalTextRun ContextualSpellingAndGrammarErrorV2Themed SCXW106599356 BCX0\">A<\/span><span class=\"NormalTextRun ContextualSpellingAndGrammarErrorV2Themed SCXW106599356 BCX0\">gropecu\u00e1ria<\/span><span class=\"NormalTextRun SCXW106599356 BCX0\"> (378).<\/span><\/span><span class=\"LineBreakBlob BlobObject DragDrop SCXW106599356 BCX0\"><span class=\"SCXW106599356 BCX0\">\u00a0<\/span><br class=\"SCXW106599356 BCX0\"\/><\/span><span class=\"LineBreakBlob BlobObject DragDrop SCXW106599356 BCX0\"><span class=\"SCXW106599356 BCX0\">\u00a0<\/span><br class=\"SCXW106599356 BCX0\"\/><\/span><span class=\"TextRun SCXW106599356 BCX0\" lang=\"PT-BR\" xml:lang=\"PT-BR\" data-contrast=\"auto\"><span class=\"NormalTextRun SCXW106599356 BCX0\">No acumulado dos \u00faltimos <\/span><span class=\"NormalTextRun SCXW106599356 BCX0\">doze<\/span><span class=\"NormalTextRun SCXW106599356 BCX0\"> meses, de abril de 2024 a mar\u00e7o de 2025, o estado de S\u00e3o Paulo registrou 841.300 novos <\/span><span class=\"NormalTextRun SpellingErrorV2Themed SCXW106599356 BCX0\">MEIs<\/span><span class=\"NormalTextRun SCXW106599356 BCX0\">. O setor de <\/span><span class=\"NormalTextRun SCXW106599356 BCX0\">S<\/span><span class=\"NormalTextRun SCXW106599356 BCX0\">ervi\u00e7os concentrou a maior parte, com 554.720 <\/span><span class=\"NormalTextRun SpellingErrorV2Themed SCXW106599356 BCX0\">MEIs<\/span><span class=\"NormalTextRun SCXW106599356 BCX0\">, correspondendo a 65,9% do<\/span><span class=\"NormalTextRun SCXW106599356 BCX0\"> total. Na <\/span><span class=\"NormalTextRun SCXW106599356 BCX0\">sequ\u00eancia<\/span><span class=\"NormalTextRun SCXW106599356 BCX0\">, <\/span><span class=\"NormalTextRun SCXW106599356 BCX0\">aparecem<\/span><span class=\"NormalTextRun SCXW106599356 BCX0\"> C<\/span><span class=\"NormalTextRun SCXW106599356 BCX0\">om\u00e9rcio (154.338), <\/span><span class=\"NormalTextRun SCXW106599356 BCX0\">I<\/span><span class=\"NormalTextRun SCXW106599356 BCX0\">nd\u00fastria (69.050), <\/span><span class=\"NormalTextRun SCXW106599356 BCX0\">C<\/span><span class=\"NormalTextRun SCXW106599356 BCX0\">onstru\u00e7\u00e3o (59.434) <\/span><span class=\"NormalTextRun ContextualSpellingAndGrammarErrorV2Themed SCXW106599356 BCX0\">e <\/span><span class=\"NormalTextRun ContextualSpellingAndGrammarErrorV2Themed SCXW106599356 BCX0\">A<\/span><span class=\"NormalTextRun ContextualSpellingAndGrammarErrorV2Themed SCXW106599356 BCX0\">gropecu\u00e1ria<\/span><span class=\"NormalTextRun SCXW106599356 BCX0\"> (3.758).<\/span><\/span><span class=\"LineBreakBlob BlobObject DragDrop SCXW106599356 BCX0\"><span class=\"SCXW106599356 BCX0\">\u00a0<\/span><br class=\"SCXW106599356 BCX0\"\/><\/span><span class=\"LineBreakBlob BlobObject DragDrop SCXW106599356 BCX0\"><br class=\"SCXW106599356 BCX0\"\/><\/span><span class=\"EOP SCXW106599356 BCX0\" data-ccp-props=\"{}\">\u00a0<\/span><\/p>\n<\/div>\n<p><script async src=\"\/\/platform.twitter.com\/widgets.js\" charset=\"utf-8\"><\/script><br \/>\n<br \/><br \/>\n<br \/><a href=\"https:\/\/www.tribunaribeirao.com.br\/rp-ganha-94-mil-empresas\/\">Source link <\/a><\/p>\n<!-- CONTENT END 1 -->\n","protected":false},"excerpt":{"rendered":"<p>28 de maio de 2025 09:3027 de maio de 2025 19:558 Compartilhar0 Estudo da Funda\u00e7\u00e3o Sistema Estadual de An\u00e1lise de Dados (Seade), com base nos&#8230;<\/p>\n","protected":false},"author":1,"featured_media":70602,"comment_status":"open","ping_status":"open","sticky":false,"template":"","format":"standard","meta":{"advanced_seo_description":"","jetpack_seo_html_title":"","jetpack_seo_noindex":false,"jetpack_post_was_ever_published":false,"_jetpack_newsletter_access":"","_jetpack_dont_email_post_to_subs":false,"_jetpack_newsletter_tier_id":0,"_jetpack_memberships_contains_paywalled_content":false,"_jetpack_memberships_contains_paid_content":false,"footnotes":"","jetpack_publicize_message":"","jetpack_publicize_feature_enabled":true,"jetpack_social_post_already_shared":true,"jetpack_social_options":{"image_generator_settings":{"template":"highway","default_image_id":0,"font":"","enabled":false},"version":2}},"categories":[11],"tags":[],"class_list":["post-70601","post","type-post","status-publish","format-standard","has-post-thumbnail","hentry","category-noticias-de-ribeirao-preto-sp-e-regiao-ismael-colosi"],"jetpack_publicize_connections":[],"jetpack_featured_media_url":"https:\/\/i0.wp.com\/noticiasribeiraopreto.com.br\/wp-content\/uploads\/2025\/05\/Empresas-Fernando-Gonzaga.jpg?fit=1623%2C1080&ssl=1","jetpack-related-posts":[{"id":69051,"url":"https:\/\/noticiasribeiraopreto.com.br\/index.php\/2025\/05\/01\/rp-mobi-comeca-instalacao-de-semaforos-na-rotatoria-amin-calil\/","url_meta":{"origin":70601,"position":0},"title":"RP Mobi come\u00e7a instala\u00e7\u00e3o de sem\u00e1foros na rotat\u00f3ria Amin Calil","author":"noticiasribeiraopreto.com.br","date":"1 de May de 2025","format":false,"excerpt":"A RP Mobi, empresa respons\u00e1vel pelo tr\u00e2nsito em Ribeir\u00e3o Preto, come\u00e7ou a instala\u00e7\u00e3o de sem\u00e1foros na rotat\u00f3ria Amin Calil.\u00a0No local, ser\u00e3o implantados quatro pontos com sem\u00e1foros at\u00e9 o final do m\u00eas de maio. Nesta quinta-feira (1\u00ba de maio), equipes da RP Mobi estiveram no local para instala\u00e7\u00e3o dos postes que\u2026","rel":"","context":"In &quot;Not\u00edcias de Ribeir\u00e3o Preto-SP e Regi\u00e3o&quot;","block_context":{"text":"Not\u00edcias de Ribeir\u00e3o Preto-SP e Regi\u00e3o","link":"https:\/\/noticiasribeiraopreto.com.br\/index.php\/category\/noticias-de-ribeirao-preto-sp-e-regiao-ismael-colosi\/"},"img":{"alt_text":"","src":"https:\/\/i0.wp.com\/noticiasribeiraopreto.com.br\/wp-content\/uploads\/2025\/05\/amin-calil_2025-05-01_15-19-08.webp.webp?fit=1200%2C684&ssl=1&resize=350%2C200","width":350,"height":200,"srcset":"https:\/\/i0.wp.com\/noticiasribeiraopreto.com.br\/wp-content\/uploads\/2025\/05\/amin-calil_2025-05-01_15-19-08.webp.webp?fit=1200%2C684&ssl=1&resize=350%2C200 1x, https:\/\/i0.wp.com\/noticiasribeiraopreto.com.br\/wp-content\/uploads\/2025\/05\/amin-calil_2025-05-01_15-19-08.webp.webp?fit=1200%2C684&ssl=1&resize=525%2C300 1.5x, https:\/\/i0.wp.com\/noticiasribeiraopreto.com.br\/wp-content\/uploads\/2025\/05\/amin-calil_2025-05-01_15-19-08.webp.webp?fit=1200%2C684&ssl=1&resize=700%2C400 2x, https:\/\/i0.wp.com\/noticiasribeiraopreto.com.br\/wp-content\/uploads\/2025\/05\/amin-calil_2025-05-01_15-19-08.webp.webp?fit=1200%2C684&ssl=1&resize=1050%2C600 3x"},"classes":[]},{"id":67107,"url":"https:\/\/noticiasribeiraopreto.com.br\/index.php\/2025\/04\/09\/hc-ribeirao-preto-abre-concurso-publico-com-salarios-de-r-5-mil-veja-como-participar\/","url_meta":{"origin":70601,"position":1},"title":"HC Ribeir\u00e3o Preto abre concurso p\u00fablico com sal\u00e1rios de R$ 5 mil; Veja como participar","author":"noticiasribeiraopreto.com.br","date":"9 de April de 2025","format":false,"excerpt":"O HC-RP (Hospital das Cl\u00ednicas de Ribeir\u00e3o Preto) abriu nesta quarta-feira (9) concurso p\u00fablico para o cargo de m\u00e9dico. Os sal\u00e1rios para fun\u00e7\u00e3o \u00e9 de R$ 5.695,18 para carga hor\u00e1ria de 20 horas semanais. As inscri\u00e7\u00f5es devem ser realizadas no per\u00edodo entre 14 de abril e 14h do dia 5\u2026","rel":"","context":"In &quot;Not\u00edcias de Ribeir\u00e3o Preto-SP e Regi\u00e3o&quot;","block_context":{"text":"Not\u00edcias de Ribeir\u00e3o Preto-SP e Regi\u00e3o","link":"https:\/\/noticiasribeiraopreto.com.br\/index.php\/category\/noticias-de-ribeirao-preto-sp-e-regiao-ismael-colosi\/"},"img":{"alt_text":"","src":"https:\/\/i0.wp.com\/noticiasribeiraopreto.com.br\/wp-content\/uploads\/2025\/01\/Copia-de-Copia-de-TAMANHO-EXATO-PARA-FOTOS-NO-SISTEMA-NOVO_2024-07-10_14-29-47_jpg_2024-07-10_14-29-47.webp.webp?fit=1200%2C675&ssl=1&resize=350%2C200","width":350,"height":200,"srcset":"https:\/\/i0.wp.com\/noticiasribeiraopreto.com.br\/wp-content\/uploads\/2025\/01\/Copia-de-Copia-de-TAMANHO-EXATO-PARA-FOTOS-NO-SISTEMA-NOVO_2024-07-10_14-29-47_jpg_2024-07-10_14-29-47.webp.webp?fit=1200%2C675&ssl=1&resize=350%2C200 1x, https:\/\/i0.wp.com\/noticiasribeiraopreto.com.br\/wp-content\/uploads\/2025\/01\/Copia-de-Copia-de-TAMANHO-EXATO-PARA-FOTOS-NO-SISTEMA-NOVO_2024-07-10_14-29-47_jpg_2024-07-10_14-29-47.webp.webp?fit=1200%2C675&ssl=1&resize=525%2C300 1.5x, https:\/\/i0.wp.com\/noticiasribeiraopreto.com.br\/wp-content\/uploads\/2025\/01\/Copia-de-Copia-de-TAMANHO-EXATO-PARA-FOTOS-NO-SISTEMA-NOVO_2024-07-10_14-29-47_jpg_2024-07-10_14-29-47.webp.webp?fit=1200%2C675&ssl=1&resize=700%2C400 2x, https:\/\/i0.wp.com\/noticiasribeiraopreto.com.br\/wp-content\/uploads\/2025\/01\/Copia-de-Copia-de-TAMANHO-EXATO-PARA-FOTOS-NO-SISTEMA-NOVO_2024-07-10_14-29-47_jpg_2024-07-10_14-29-47.webp.webp?fit=1200%2C675&ssl=1&resize=1050%2C600 3x"},"classes":[]},{"id":71740,"url":"https:\/\/noticiasribeiraopreto.com.br\/index.php\/2025\/06\/09\/este-ano-ribeirao-ja-registrou-22-denuncias-de-trabalho-infantil\/","url_meta":{"origin":70601,"position":2},"title":"Este ano, Ribeir\u00e3o j\u00e1 registrou 22 den\u00fancias de Trabalho Infantil","author":"noticiasribeiraopreto.com.br","date":"9 de June de 2025","format":false,"excerpt":"9 de junho de 2025 18:234 Compartilhar0 Dados do Minist\u00e9rio P\u00fablico do Trabalho (MPT) na 15\u00aa Regi\u00e3o, divulgados nesta segunda-feira, 9 de junho, revelam que Ribeir\u00e3o Preto j\u00e1 registrou, este ano \u2013 janeiro a maio \u2013 22 den\u00fancias de trabalho infantil. As den\u00fancias, tamb\u00e9m conhecidas como \u201cnot\u00edcias de fato\u201d (NF),\u2026","rel":"","context":"In &quot;Not\u00edcias de Ribeir\u00e3o Preto-SP e Regi\u00e3o&quot;","block_context":{"text":"Not\u00edcias de Ribeir\u00e3o Preto-SP e Regi\u00e3o","link":"https:\/\/noticiasribeiraopreto.com.br\/index.php\/category\/noticias-de-ribeirao-preto-sp-e-regiao-ismael-colosi\/"},"img":{"alt_text":"","src":"https:\/\/i0.wp.com\/noticiasribeiraopreto.com.br\/wp-content\/uploads\/2025\/06\/trabalho-escravo-arquivo-scaled-1-scaled.jpg?fit=750%2C500&ssl=1&resize=350%2C200","width":350,"height":200,"srcset":"https:\/\/i0.wp.com\/noticiasribeiraopreto.com.br\/wp-content\/uploads\/2025\/06\/trabalho-escravo-arquivo-scaled-1-scaled.jpg?fit=750%2C500&ssl=1&resize=350%2C200 1x, https:\/\/i0.wp.com\/noticiasribeiraopreto.com.br\/wp-content\/uploads\/2025\/06\/trabalho-escravo-arquivo-scaled-1-scaled.jpg?fit=750%2C500&ssl=1&resize=525%2C300 1.5x, https:\/\/i0.wp.com\/noticiasribeiraopreto.com.br\/wp-content\/uploads\/2025\/06\/trabalho-escravo-arquivo-scaled-1-scaled.jpg?fit=750%2C500&ssl=1&resize=700%2C400 2x"},"classes":[]},{"id":69980,"url":"https:\/\/noticiasribeiraopreto.com.br\/index.php\/2025\/05\/21\/marcha-da-maconha-provoca-polemica-e-acirra-animos-em-rp\/","url_meta":{"origin":70601,"position":3},"title":"\u201cMarcha\u201d da maconha provoca pol\u00eamica e acirra \u00e2nimos em RP","author":"noticiasribeiraopreto.com.br","date":"21 de May de 2025","format":false,"excerpt":"21 de maio de 2025 16:0921 de maio de 2025 16:2013 Compartilhar0 O presidente da C\u00e2mara Municipal de Ribeir\u00e3o Preto, Isaac Antunes (PL), publicou em suas redes sociais v\u00eddeos contra a Marcha da Maconha que ser\u00e1 realizada em Ribeir\u00e3o Preto no dia 24 de maio, com in\u00edcio \u00e0s 14:20 horas\u2026","rel":"","context":"In &quot;Not\u00edcias de Ribeir\u00e3o Preto-SP e Regi\u00e3o&quot;","block_context":{"text":"Not\u00edcias de Ribeir\u00e3o Preto-SP e Regi\u00e3o","link":"https:\/\/noticiasribeiraopreto.com.br\/index.php\/category\/noticias-de-ribeirao-preto-sp-e-regiao-ismael-colosi\/"},"img":{"alt_text":"","src":"https:\/\/i0.wp.com\/noticiasribeiraopreto.com.br\/wp-content\/uploads\/2025\/05\/Maconha-Pixabay-scaled.jpg?fit=750%2C500&ssl=1&resize=350%2C200","width":350,"height":200,"srcset":"https:\/\/i0.wp.com\/noticiasribeiraopreto.com.br\/wp-content\/uploads\/2025\/05\/Maconha-Pixabay-scaled.jpg?fit=750%2C500&ssl=1&resize=350%2C200 1x, https:\/\/i0.wp.com\/noticiasribeiraopreto.com.br\/wp-content\/uploads\/2025\/05\/Maconha-Pixabay-scaled.jpg?fit=750%2C500&ssl=1&resize=525%2C300 1.5x, https:\/\/i0.wp.com\/noticiasribeiraopreto.com.br\/wp-content\/uploads\/2025\/05\/Maconha-Pixabay-scaled.jpg?fit=750%2C500&ssl=1&resize=700%2C400 2x"},"classes":[]},{"id":69004,"url":"https:\/\/noticiasribeiraopreto.com.br\/index.php\/2025\/05\/01\/saiba-como-fica-o-tempo-em-ribeirao-preto-neste-feriado-de-1o-de-maio\/","url_meta":{"origin":70601,"position":4},"title":"Saiba como fica o tempo em Ribeir\u00e3o Preto neste feriado de 1\u00ba de maio","author":"noticiasribeiraopreto.com.br","date":"1 de May de 2025","format":false,"excerpt":"O feriado de 1\u00ba de maio, comemorado nesta quinta-feira, come\u00e7ou gelado e com Sol em Ribeir\u00e3o Preto. De acordo com a Climatempo, a temperatura m\u00ednima registrada foi de 16\u00b0C. Os meteorologistas informam que a temperatura m\u00e1xima deve chegar aos 28\u00b0C. A previs\u00e3o do tempo aponta para dia de Sol, com\u2026","rel":"","context":"In &quot;Not\u00edcias de Ribeir\u00e3o Preto-SP e Regi\u00e3o&quot;","block_context":{"text":"Not\u00edcias de Ribeir\u00e3o Preto-SP e Regi\u00e3o","link":"https:\/\/noticiasribeiraopreto.com.br\/index.php\/category\/noticias-de-ribeirao-preto-sp-e-regiao-ismael-colosi\/"},"img":{"alt_text":"","src":"https:\/\/i0.wp.com\/noticiasribeiraopreto.com.br\/wp-content\/uploads\/2025\/05\/ceu-sol-ribeirao-preto_2025-05-01_10-48-25.webp.webp?fit=1200%2C900&ssl=1&resize=350%2C200","width":350,"height":200,"srcset":"https:\/\/i0.wp.com\/noticiasribeiraopreto.com.br\/wp-content\/uploads\/2025\/05\/ceu-sol-ribeirao-preto_2025-05-01_10-48-25.webp.webp?fit=1200%2C900&ssl=1&resize=350%2C200 1x, https:\/\/i0.wp.com\/noticiasribeiraopreto.com.br\/wp-content\/uploads\/2025\/05\/ceu-sol-ribeirao-preto_2025-05-01_10-48-25.webp.webp?fit=1200%2C900&ssl=1&resize=525%2C300 1.5x, https:\/\/i0.wp.com\/noticiasribeiraopreto.com.br\/wp-content\/uploads\/2025\/05\/ceu-sol-ribeirao-preto_2025-05-01_10-48-25.webp.webp?fit=1200%2C900&ssl=1&resize=700%2C400 2x, https:\/\/i0.wp.com\/noticiasribeiraopreto.com.br\/wp-content\/uploads\/2025\/05\/ceu-sol-ribeirao-preto_2025-05-01_10-48-25.webp.webp?fit=1200%2C900&ssl=1&resize=1050%2C600 3x"},"classes":[]},{"id":36389,"url":"https:\/\/noticiasribeiraopreto.com.br\/index.php\/2024\/02\/09\/empresa-aerea-amplia-voos-para-ribeirao-preto-na-agrishow\/","url_meta":{"origin":70601,"position":5},"title":"Empresa a\u00e9rea amplia voos para Ribeir\u00e3o Preto na Agrishow","author":"noticiasribeiraopreto.com.br","date":"9 de February de 2024","format":false,"excerpt":"A Azul informou que vai ampliar o n\u00famero de voos extras para Ribeir\u00e3o Preto durante a Agrishow, que acontece entre os dias 29 de abril e 3 de maio. S\u00e3o 66 voos extras para rotas partindo de Bras\u00edlia, Cuiab\u00e1, Campo Grande, Goi\u00e2nia e Porto Alegre. Al\u00e9m disso, ser\u00e1 ampliada a\u2026","rel":"","context":"In &quot;Not\u00edcias de Ribeir\u00e3o Preto-SP e Regi\u00e3o&quot;","block_context":{"text":"Not\u00edcias de Ribeir\u00e3o Preto-SP e Regi\u00e3o","link":"https:\/\/noticiasribeiraopreto.com.br\/index.php\/category\/noticias-de-ribeirao-preto-sp-e-regiao-ismael-colosi\/"},"img":{"alt_text":"","src":"https:\/\/i0.wp.com\/noticiasribeiraopreto.com.br\/wp-content\/uploads\/2024\/02\/WhatsApp-Image-2023-12-19-at-08.41.32.jpeg?fit=1200%2C675&ssl=1&resize=350%2C200","width":350,"height":200,"srcset":"https:\/\/i0.wp.com\/noticiasribeiraopreto.com.br\/wp-content\/uploads\/2024\/02\/WhatsApp-Image-2023-12-19-at-08.41.32.jpeg?fit=1200%2C675&ssl=1&resize=350%2C200 1x, https:\/\/i0.wp.com\/noticiasribeiraopreto.com.br\/wp-content\/uploads\/2024\/02\/WhatsApp-Image-2023-12-19-at-08.41.32.jpeg?fit=1200%2C675&ssl=1&resize=525%2C300 1.5x, https:\/\/i0.wp.com\/noticiasribeiraopreto.com.br\/wp-content\/uploads\/2024\/02\/WhatsApp-Image-2023-12-19-at-08.41.32.jpeg?fit=1200%2C675&ssl=1&resize=700%2C400 2x, https:\/\/i0.wp.com\/noticiasribeiraopreto.com.br\/wp-content\/uploads\/2024\/02\/WhatsApp-Image-2023-12-19-at-08.41.32.jpeg?fit=1200%2C675&ssl=1&resize=1050%2C600 3x"},"classes":[]}],"jetpack_sharing_enabled":true,"jetpack_shortlink":"https:\/\/wp.me\/peQAOb-imJ","_links":{"self":[{"href":"https:\/\/noticiasribeiraopreto.com.br\/index.php\/wp-json\/wp\/v2\/posts\/70601","targetHints":{"allow":["GET"]}}],"collection":[{"href":"https:\/\/noticiasribeiraopreto.com.br\/index.php\/wp-json\/wp\/v2\/posts"}],"about":[{"href":"https:\/\/noticiasribeiraopreto.com.br\/index.php\/wp-json\/wp\/v2\/types\/post"}],"author":[{"embeddable":true,"href":"https:\/\/noticiasribeiraopreto.com.br\/index.php\/wp-json\/wp\/v2\/users\/1"}],"replies":[{"embeddable":true,"href":"https:\/\/noticiasribeiraopreto.com.br\/index.php\/wp-json\/wp\/v2\/comments?post=70601"}],"version-history":[{"count":0,"href":"https:\/\/noticiasribeiraopreto.com.br\/index.php\/wp-json\/wp\/v2\/posts\/70601\/revisions"}],"wp:featuredmedia":[{"embeddable":true,"href":"https:\/\/noticiasribeiraopreto.com.br\/index.php\/wp-json\/wp\/v2\/media\/70602"}],"wp:attachment":[{"href":"https:\/\/noticiasribeiraopreto.com.br\/index.php\/wp-json\/wp\/v2\/media?parent=70601"}],"wp:term":[{"taxonomy":"category","embeddable":true,"href":"https:\/\/noticiasribeiraopreto.com.br\/index.php\/wp-json\/wp\/v2\/categories?post=70601"},{"taxonomy":"post_tag","embeddable":true,"href":"https:\/\/noticiasribeiraopreto.com.br\/index.php\/wp-json\/wp\/v2\/tags?post=70601"}],"curies":[{"name":"wp","href":"https:\/\/api.w.org\/{rel}","templated":true}]}}