{"id":70603,"date":"2025-05-28T10:21:20","date_gmt":"2025-05-28T13:21:20","guid":{"rendered":"https:\/\/noticiasribeiraopreto.com.br\/index.php\/2025\/05\/28\/caso-larissa-justica-quer-ouvir-diretor-da-cadeia-onde-esta-elizabete\/"},"modified":"2025-05-28T10:21:20","modified_gmt":"2025-05-28T13:21:20","slug":"caso-larissa-justica-quer-ouvir-diretor-da-cadeia-onde-esta-elizabete","status":"publish","type":"post","link":"https:\/\/noticiasribeiraopreto.com.br\/index.php\/2025\/05\/28\/caso-larissa-justica-quer-ouvir-diretor-da-cadeia-onde-esta-elizabete\/","title":{"rendered":"Caso Larissa: Justi\u00e7a quer ouvir diretor da cadeia onde est\u00e1 Elizabete"},"content":{"rendered":"<div class='code-block code-block-1' style='margin: 8px 0 8px auto; text-align: right; display: block; clear: both;'>\n<p><a href=\"https:\/\/wa.link\/vpicfd\"><img data-recalc-dims=\"1\" class=\"wp-image-4922\" style=\"aspect-ratio: 2.0253164556962027; width: 561px; height: auto;\" src=\"https:\/\/i0.wp.com\/ismaelcolosi.com.br\/wp-content\/uploads\/2023\/11\/grupo-de-empregos-whatsapp-e-facebook-ismael-colosi-vagas.jpg?ssl=1\" alt=\"\" \/><\/a><\/p>\n<!-- \/wp:image -->\n<\/div>\n<p> <br \/>\n<\/p>\n<div id=\"\">\n<h2 class=\"penci-post-subtitle\">Medida \u00e9 para avaliar pedido da defesa para mudar de pris\u00e3o preventiva para pris\u00e3o domiciliar por conta da sa\u00fade da sogra da v\u00edtima<\/h2>\n<p>\n\t\t\t\t\t\t\t\t\t<span class=\"entry-meta-item penci-posted-on\"><i class=\"fa fa-clock-o\"\/><time class=\"entry-date published\" datetime=\"2025-05-28T10:15:30-03:00\">28 de maio de 2025 10:15<\/time><time class=\"updated\" datetime=\"2025-05-28T10:18:51-03:00\">28 de maio de 2025 10:18<\/time><\/span><span class=\"entry-meta-item penci-post-countview\"><span class=\"entry-meta-item penci-post-countview penci_post-meta_item\"><i class=\"fa fa-eye\"\/><span class=\"penci-post-countview-number penci-post-countview-p427085\">7<\/span><\/span><\/span>\t\t\t\t\t\t\t\t<\/p>\n<p><!-- .entry-meta --><br \/>\n\t\t\t\t\t\t\t\t<span class=\"penci-social-buttons penci-social-share-footer\"><span class=\"penci-social-share-text\">Compartilhar<\/span><a href=\"#\" class=\"penci-post-like penci_post-meta_item  single-like-button penci-social-item like\" data-post_id=\"427085\" title=\"Like\" data-like=\"Like\" data-unlike=\"Unlike\"><i class=\"fa fa-thumbs-o-up\"\/><span class=\"penci-share-number\">2<\/span><\/a><i class=\"fa fa-facebook\"\/><a class=\"penci-social-item twitter\" target=\"_blank\" rel=\"noopener\" title=\"\" href=\"https:\/\/twitter.com\/intent\/tweet?text=Caso%20Larissa:%20Justi\u00e7a%20quer%20ouvir%20diretor%20da%20cadeia%20onde%20est\u00e1%20Elizabete%20-%20https:\/\/www.tribunaribeirao.com.br\/caso-larissa-justica-quer-ouvir-diretor-da-cadeia-onde-esta-elizabete\/\"><i class=\"fa fa-twitter\"\/><\/a><i class=\"fa fa-linkedin\"\/><i class=\"fa fa-whatsapp\"\/><i class=\"fa fa-telegram\"\/><i class=\"fa fa-envelope\"\/><\/span>\t\t\t\t\t\t\t<\/div>\n<div>\n<p>Por: Adalberto Luque<\/p>\n<p>A Justi\u00e7a deu prazo de 24 horas para que o diretor da Cadeia P\u00fablica de S\u00e3o Joaquim da Barra explique qual o real estado de sa\u00fade de Elizabete Eug\u00eanio Arraba\u00e7a Garnica, de 67 anos, sogra de Larissa Talle Le\u00f4ncio Rodrigues, morta por envenenamento em 22 de mar\u00e7o.<\/p>\n<p>Elizabete est\u00e1 presa desde 6 de maio. Ela e o filho s\u00e3o os principais suspeitos da morte da professora de pilates. Ela j\u00e1 teria passado por interna\u00e7\u00e3o duas vezes, uma no dia da pris\u00e3o e outra na \u00faltima semana. Ela sofre de hipertens\u00e3o.<\/p>\n<figure id=\"attachment_424695\" aria-describedby=\"caption-attachment-424695\" style=\"width: 720px\" class=\"wp-caption alignnone\"><img data-recalc-dims=\"1\" loading=\"lazy\" decoding=\"async\" class=\"size-full wp-image-424695\" src=\"https:\/\/i0.wp.com\/www.tribunaribeirao.com.br\/wp-content\/uploads\/2025\/05\/larissa_rodrigues.jpeg?resize=720%2C720&#038;ssl=1\" alt=\"\" width=\"720\" height=\"720\" srcset=\"https:\/\/www.tribunaribeirao.com.br\/wp-content\/uploads\/2025\/05\/larissa_rodrigues.jpeg 720w, https:\/\/www.tribunaribeirao.com.br\/wp-content\/uploads\/2025\/05\/larissa_rodrigues-300x300.jpeg 300w, https:\/\/www.tribunaribeirao.com.br\/wp-content\/uploads\/2025\/05\/larissa_rodrigues-150x150.jpeg 150w, https:\/\/www.tribunaribeirao.com.br\/wp-content\/uploads\/2025\/05\/larissa_rodrigues-480x480.jpeg 480w, https:\/\/www.tribunaribeirao.com.br\/wp-content\/uploads\/2025\/05\/larissa_rodrigues-280x280.jpeg 280w, https:\/\/www.tribunaribeirao.com.br\/wp-content\/uploads\/2025\/05\/larissa_rodrigues-400x400.jpeg 400w, https:\/\/www.tribunaribeirao.com.br\/wp-content\/uploads\/2025\/05\/larissa_rodrigues-585x585.jpeg 585w\" sizes=\"auto, (max-width: 720px) 100vw, 720px\"\/><figcaption id=\"caption-attachment-424695\" class=\"wp-caption-text\">M\u00e3e e filho s\u00e3o investigados pela morte de Larissa e Pol\u00edcia suspeita que div\u00f3rcio e partilha possam ter motivado o envenenamento (Foto: Redes Sociais)<\/figcaption><\/figure>\n<p>A defesa de Elizabete pediu \u00e0 Justi\u00e7a de Ribeir\u00e3o Preto a mudan\u00e7a de pris\u00e3o tempor\u00e1ria para pris\u00e3o domiciliar. A alega\u00e7\u00e3o \u00e9 que a idosa sofre com problemas cr\u00f4nicos de sa\u00fade.<\/p>\n<p><strong>Entenda o caso<\/strong><\/p>\n<p>Larissa foi encontrada morta em seu apartamento, no Jardim Bot\u00e2nico, zona Sul de Ribeir\u00e3o Preto, na manh\u00e3 de 22 de mar\u00e7o. Seu marido, o m\u00e9dico ortopedista Luiz Garnica, foi quem encontrou o corpo ca\u00eddo no banheiro.<\/p>\n<figure id=\"attachment_425969\" aria-describedby=\"caption-attachment-425969\" style=\"width: 406px\" class=\"wp-caption alignleft\"><img data-recalc-dims=\"1\" loading=\"lazy\" decoding=\"async\" class=\"size-full wp-image-425969\" src=\"https:\/\/i0.wp.com\/www.tribunaribeirao.com.br\/wp-content\/uploads\/2025\/05\/Luiz-Prisao-5.jpg?resize=406%2C430&#038;ssl=1\" alt=\"\" width=\"406\" height=\"430\" srcset=\"https:\/\/www.tribunaribeirao.com.br\/wp-content\/uploads\/2025\/05\/Luiz-Prisao-5.jpg 406w, https:\/\/www.tribunaribeirao.com.br\/wp-content\/uploads\/2025\/05\/Luiz-Prisao-5-283x300.jpg 283w, https:\/\/www.tribunaribeirao.com.br\/wp-content\/uploads\/2025\/05\/Luiz-Prisao-5-378x400.jpg 378w\" sizes=\"auto, (max-width: 406px) 100vw, 406px\"\/><figcaption id=\"caption-attachment-425969\" class=\"wp-caption-text\">Ortopedista segue preso temporariamente, enquanto investiga\u00e7\u00f5es prosseguem (Foto: Divulga\u00e7\u00e3o)<\/figcaption><\/figure>\n<p>No primeiro boletim de ocorr\u00eancia do caso, ele disse ter chegado e encontrado a mulher desfalecida. Depois colocou-a na cama, acionou a Guarda Civil Metropolitana (GCM) e Servi\u00e7o de Atendimento M\u00f3vel de Urg\u00eancia (SAMU), mas ela j\u00e1 estava morta e n\u00e3o reagiu aos est\u00edmulos.<\/p>\n<p>O exame necrosc\u00f3pico foi inconclusivo em rela\u00e7\u00e3o \u00e0 causa da morte, mas exame toxicol\u00f3gico apontou que a professora foi envenenada por \u201cchumbinho\u201d. Depois de ouvir v\u00e1rias testemunhas, o delegado do caso, Fernando Bravo, pediu a pris\u00e3o preventiva do m\u00e9dico e de sua m\u00e3e, Elizabete Eug\u00eanio Arraba\u00e7a Garnica, de 67 anos, por considerar ambos suspeitos de envenenar Larissa.<\/p>\n<p>Bravo tamb\u00e9m pediu a exuma\u00e7\u00e3o do corpo de Nathalia Garnica, irm\u00e3 e filha dos suspeitos presos, por desconfiar que ela possa ter morrido envenenada, pois teve enfarte e tinha, a exemplo da cunhada Larissa, boa sa\u00fade. Ambas est\u00e3o na mesma sepultura. A exuma\u00e7\u00e3o foi feita no Cemit\u00e9rio de Pontal em 23 de maio. A conclus\u00e3o dos exames pode levar at\u00e9 60 dias.<\/p>\n<p>Os advogados de defesa negam a culpa de seus clientes e ambos teriam ingressado com pedidos de habeas corpus, que foram negados. Uma das hip\u00f3teses investigadas pela Pol\u00edcia Civil \u00e9 que o crime possa ter ocorrido por conta de uma eventual partilha de bens em caso de div\u00f3rcio da v\u00edtima.<\/p>\n<p>\u00a0<\/p>\n<p>_____<\/p>\n<p>\u00a0<\/p>\n<p>Jornal Tribuna Ribeir\u00e3o<br \/>Um Jornal com a cara de Ribeir\u00e3o!<\/p>\n<p>Impresso | WEB | Redes sociais<br \/>Tribuna Ribeir\u00e3o \u2013 Fone: (16) 3632-2200 \u2013 Whatsapp: (16) 98161-8743<br \/>Av. Bar\u00e3o do Bananal, 880 \u2013 Jardim Anhanguera, Ribeir\u00e3o Preto<\/p>\n<p>@tribunaribeirao<br \/>@meiaderibeirao<br \/>@dinoderibeirao<br \/>#TribunaRibeir\u00e3o<br \/>#News<br \/>#Not\u00edcia<br \/>#Ribeir\u00e3oPreto #Not\u00edciasDeRibeir\u00e3oPreto<br \/>#ClassificadosTribunaRibeir\u00e3o<br \/>#Jornalismo<br \/>#ClassificadosRibeir\u00e3o<\/p>\n<\/div>\n<p><script async src=\"\/\/platform.twitter.com\/widgets.js\" charset=\"utf-8\"><\/script><br \/>\n<br \/><br \/>\n<br \/><a href=\"https:\/\/www.tribunaribeirao.com.br\/caso-larissa-justica-quer-ouvir-diretor-da-cadeia-onde-esta-elizabete\/\">Source link <\/a><\/p>\n<!-- CONTENT END 1 -->\n","protected":false},"excerpt":{"rendered":"<p>Medida \u00e9 para avaliar pedido da defesa para mudar de pris\u00e3o preventiva para pris\u00e3o domiciliar por conta da sa\u00fade da sogra da v\u00edtima 28 de&#8230;<\/p>\n","protected":false},"author":1,"featured_media":70604,"comment_status":"open","ping_status":"open","sticky":false,"template":"","format":"standard","meta":{"advanced_seo_description":"","jetpack_seo_html_title":"","jetpack_seo_noindex":false,"jetpack_post_was_ever_published":false,"_jetpack_newsletter_access":"","_jetpack_dont_email_post_to_subs":false,"_jetpack_newsletter_tier_id":0,"_jetpack_memberships_contains_paywalled_content":false,"_jetpack_memberships_contains_paid_content":false,"footnotes":"","jetpack_publicize_message":"","jetpack_publicize_feature_enabled":true,"jetpack_social_post_already_shared":true,"jetpack_social_options":{"image_generator_settings":{"template":"highway","default_image_id":0,"font":"","enabled":false},"version":2}},"categories":[11],"tags":[],"class_list":["post-70603","post","type-post","status-publish","format-standard","has-post-thumbnail","hentry","category-noticias-de-ribeirao-preto-sp-e-regiao-ismael-colosi"],"jetpack_publicize_connections":[],"jetpack_featured_media_url":"https:\/\/i0.wp.com\/noticiasribeiraopreto.com.br\/wp-content\/uploads\/2025\/05\/06-mai-2025-envenenamentoprofessora5.jpg?fit=1599%2C1066&ssl=1","jetpack-related-posts":[{"id":74822,"url":"https:\/\/noticiasribeiraopreto.com.br\/index.php\/2025\/07\/29\/carla-zambelli-e-presa-na-italia\/","url_meta":{"origin":70603,"position":0},"title":"Carla Zambelli \u00e9 presa na It\u00e1lia","author":"noticiasribeiraopreto.com.br","date":"29 de July de 2025","format":false,"excerpt":"29 de julho de 2025 17:482 Compartilhar0 A deputada federal Carla Zambelli (PL-SP) foi presa nesta ter\u00e7a-feira, 29, na It\u00e1lia. A informa\u00e7\u00e3o foi confirmada pela Pol\u00edcia Federal e pelo Minist\u00e9rio da Justi\u00e7a. Zambelli foi condenada pelo Supremo Tribunal Federal (STF) a dez anos de pris\u00e3o por ter pedido a um\u2026","rel":"","context":"In &quot;Not\u00edcias de Ribeir\u00e3o Preto-SP e Regi\u00e3o&quot;","block_context":{"text":"Not\u00edcias de Ribeir\u00e3o Preto-SP e Regi\u00e3o","link":"https:\/\/noticiasribeiraopreto.com.br\/index.php\/category\/noticias-de-ribeirao-preto-sp-e-regiao-ismael-colosi\/"},"img":{"alt_text":"","src":"https:\/\/i0.wp.com\/noticiasribeiraopreto.com.br\/wp-content\/uploads\/2025\/07\/zambelli-lulamarques.jpg?fit=667%2C500&ssl=1&resize=350%2C200","width":350,"height":200,"srcset":"https:\/\/i0.wp.com\/noticiasribeiraopreto.com.br\/wp-content\/uploads\/2025\/07\/zambelli-lulamarques.jpg?fit=667%2C500&ssl=1&resize=350%2C200 1x, https:\/\/i0.wp.com\/noticiasribeiraopreto.com.br\/wp-content\/uploads\/2025\/07\/zambelli-lulamarques.jpg?fit=667%2C500&ssl=1&resize=525%2C300 1.5x"},"classes":[]},{"id":71175,"url":"https:\/\/noticiasribeiraopreto.com.br\/index.php\/2025\/06\/03\/caso-larissa-elizabete-muda-de-cadeia\/","url_meta":{"origin":70603,"position":1},"title":"Caso Larissa: Elizabete muda de cadeia","author":"noticiasribeiraopreto.com.br","date":"3 de June de 2025","format":false,"excerpt":"Idosa n\u00e3o obteve autoriza\u00e7\u00e3o para pris\u00e3o domiciliar, mas seguiu para outra unidade prisional que tem acompanhamento mais efetivo da sa\u00fade das detentas 3 de junho de 2025 12:382 Compartilhar0 Por: Adalberto Luque Elizabete Eug\u00eanio Arraba\u00e7a Garnica, de 67 anos, suspeita de ter matado a professora de pilates Larissa Talle Le\u00f4ncio\u2026","rel":"","context":"In &quot;Not\u00edcias de Ribeir\u00e3o Preto-SP e Regi\u00e3o&quot;","block_context":{"text":"Not\u00edcias de Ribeir\u00e3o Preto-SP e Regi\u00e3o","link":"https:\/\/noticiasribeiraopreto.com.br\/index.php\/category\/noticias-de-ribeirao-preto-sp-e-regiao-ismael-colosi\/"},"img":{"alt_text":"","src":"https:\/\/i0.wp.com\/noticiasribeiraopreto.com.br\/wp-content\/uploads\/2025\/06\/06-mai-2025-envenenamentoprofessora5.jpg?fit=1200%2C800&ssl=1&resize=350%2C200","width":350,"height":200,"srcset":"https:\/\/i0.wp.com\/noticiasribeiraopreto.com.br\/wp-content\/uploads\/2025\/06\/06-mai-2025-envenenamentoprofessora5.jpg?fit=1200%2C800&ssl=1&resize=350%2C200 1x, https:\/\/i0.wp.com\/noticiasribeiraopreto.com.br\/wp-content\/uploads\/2025\/06\/06-mai-2025-envenenamentoprofessora5.jpg?fit=1200%2C800&ssl=1&resize=525%2C300 1.5x, https:\/\/i0.wp.com\/noticiasribeiraopreto.com.br\/wp-content\/uploads\/2025\/06\/06-mai-2025-envenenamentoprofessora5.jpg?fit=1200%2C800&ssl=1&resize=700%2C400 2x, https:\/\/i0.wp.com\/noticiasribeiraopreto.com.br\/wp-content\/uploads\/2025\/06\/06-mai-2025-envenenamentoprofessora5.jpg?fit=1200%2C800&ssl=1&resize=1050%2C600 3x"},"classes":[]},{"id":70893,"url":"https:\/\/noticiasribeiraopreto.com.br\/index.php\/2025\/05\/30\/caso-larissa-justica-nega-prisao-domiciliar-a-sogra-suspeita-de-matar-professora\/","url_meta":{"origin":70603,"position":2},"title":"Caso Larissa: Justi\u00e7a nega pris\u00e3o domiciliar \u00e0 sogra suspeita de matar professora","author":"noticiasribeiraopreto.com.br","date":"30 de May de 2025","format":false,"excerpt":"A Justi\u00e7a negou, no final da tarde desta sexta-feira (30), o pedido de pris\u00e3o domiciliar feito pela defesa de Elizabete Arraba\u00e7a, sogra de Larissa Rodrigues, professora de pilates morta por envenenamento. O juiz da 2\u00aa Vara do Tribunal do J\u00fari negou o pedido ao considerar que a requerente n\u00e3o preenche\u2026","rel":"","context":"In &quot;Not\u00edcias de Ribeir\u00e3o Preto-SP e Regi\u00e3o&quot;","block_context":{"text":"Not\u00edcias de Ribeir\u00e3o Preto-SP e Regi\u00e3o","link":"https:\/\/noticiasribeiraopreto.com.br\/index.php\/category\/noticias-de-ribeirao-preto-sp-e-regiao-ismael-colosi\/"},"img":{"alt_text":"","src":"https:\/\/i0.wp.com\/noticiasribeiraopreto.com.br\/wp-content\/uploads\/2025\/05\/WhatsApp-Image-2025-05-07-at-08.08.58_2025-05-07_11-09-16.webp.webp?fit=1200%2C675&ssl=1&resize=350%2C200","width":350,"height":200,"srcset":"https:\/\/i0.wp.com\/noticiasribeiraopreto.com.br\/wp-content\/uploads\/2025\/05\/WhatsApp-Image-2025-05-07-at-08.08.58_2025-05-07_11-09-16.webp.webp?fit=1200%2C675&ssl=1&resize=350%2C200 1x, https:\/\/i0.wp.com\/noticiasribeiraopreto.com.br\/wp-content\/uploads\/2025\/05\/WhatsApp-Image-2025-05-07-at-08.08.58_2025-05-07_11-09-16.webp.webp?fit=1200%2C675&ssl=1&resize=525%2C300 1.5x, https:\/\/i0.wp.com\/noticiasribeiraopreto.com.br\/wp-content\/uploads\/2025\/05\/WhatsApp-Image-2025-05-07-at-08.08.58_2025-05-07_11-09-16.webp.webp?fit=1200%2C675&ssl=1&resize=700%2C400 2x, https:\/\/i0.wp.com\/noticiasribeiraopreto.com.br\/wp-content\/uploads\/2025\/05\/WhatsApp-Image-2025-05-07-at-08.08.58_2025-05-07_11-09-16.webp.webp?fit=1200%2C675&ssl=1&resize=1050%2C600 3x"},"classes":[]},{"id":70585,"url":"https:\/\/noticiasribeiraopreto.com.br\/index.php\/2025\/05\/28\/prisao-temporaria-para-tres-investigados-no-sumico-do-empresario\/","url_meta":{"origin":70603,"position":3},"title":"Pris\u00e3o tempor\u00e1ria para tr\u00eas investigados no sumi\u00e7o do empres\u00e1rio","author":"noticiasribeiraopreto.com.br","date":"28 de May de 2025","format":false,"excerpt":"28 de maio de 2025 05:131 Compartilhar0 A\u00a0 Pol\u00edcia Civil pediu, tamb\u00e9m, a pris\u00e3o tempor\u00e1ria da esposa do empres\u00e1rio Marlon Couto, Tatiane Moraes, e de um terceiro suspeito, identificado apenas como Tadeu. A Justi\u00e7a aceitou os pedidos, e os tr\u00eas s\u00e3o considerados foragidos. A Pol\u00edcia Civil confirmou, nesta ter\u00e7a-feira (27),\u2026","rel":"","context":"In &quot;Not\u00edcias de Ribeir\u00e3o Preto-SP e Regi\u00e3o&quot;","block_context":{"text":"Not\u00edcias de Ribeir\u00e3o Preto-SP e Regi\u00e3o","link":"https:\/\/noticiasribeiraopreto.com.br\/index.php\/category\/noticias-de-ribeirao-preto-sp-e-regiao-ismael-colosi\/"},"img":{"alt_text":"","src":"https:\/\/i0.wp.com\/noticiasribeiraopreto.com.br\/wp-content\/uploads\/2025\/05\/nelson_marlon_tadeu-e1748419874671.jpeg?fit=800%2C450&ssl=1&resize=350%2C200","width":350,"height":200,"srcset":"https:\/\/i0.wp.com\/noticiasribeiraopreto.com.br\/wp-content\/uploads\/2025\/05\/nelson_marlon_tadeu-e1748419874671.jpeg?fit=800%2C450&ssl=1&resize=350%2C200 1x, https:\/\/i0.wp.com\/noticiasribeiraopreto.com.br\/wp-content\/uploads\/2025\/05\/nelson_marlon_tadeu-e1748419874671.jpeg?fit=800%2C450&ssl=1&resize=525%2C300 1.5x, https:\/\/i0.wp.com\/noticiasribeiraopreto.com.br\/wp-content\/uploads\/2025\/05\/nelson_marlon_tadeu-e1748419874671.jpeg?fit=800%2C450&ssl=1&resize=700%2C400 2x"},"classes":[]},{"id":71071,"url":"https:\/\/noticiasribeiraopreto.com.br\/index.php\/2025\/06\/02\/caso-larissa-delegado-pede-prorrogacao-de-prisao-temporaria\/","url_meta":{"origin":70603,"position":4},"title":"Caso Larissa: Delegado pede prorroga\u00e7\u00e3o de pris\u00e3o tempor\u00e1ria","author":"noticiasribeiraopreto.com.br","date":"2 de June de 2025","format":false,"excerpt":"Minist\u00e9rio P\u00fablico j\u00e1 deu aval \u00e0 amplia\u00e7\u00e3o do prazo de deten\u00e7\u00e3o de marido e sogra da v\u00edtima e Justi\u00e7a deve definir se acata ou n\u00e3o 2 de junho de 2025 13:064 Compartilhar0 Por: Adalberto Luque A Pol\u00edcia Civil requisitou mais 30 dias de prazo da pris\u00e3o tempor\u00e1ria do m\u00e9dico Luiz\u2026","rel":"","context":"In &quot;Not\u00edcias de Ribeir\u00e3o Preto-SP e Regi\u00e3o&quot;","block_context":{"text":"Not\u00edcias de Ribeir\u00e3o Preto-SP e Regi\u00e3o","link":"https:\/\/noticiasribeiraopreto.com.br\/index.php\/category\/noticias-de-ribeirao-preto-sp-e-regiao-ismael-colosi\/"},"img":{"alt_text":"","src":"https:\/\/i0.wp.com\/noticiasribeiraopreto.com.br\/wp-content\/uploads\/2025\/06\/garnica_elisabete.jpg?fit=720%2C656&ssl=1&resize=350%2C200","width":350,"height":200,"srcset":"https:\/\/i0.wp.com\/noticiasribeiraopreto.com.br\/wp-content\/uploads\/2025\/06\/garnica_elisabete.jpg?fit=720%2C656&ssl=1&resize=350%2C200 1x, https:\/\/i0.wp.com\/noticiasribeiraopreto.com.br\/wp-content\/uploads\/2025\/06\/garnica_elisabete.jpg?fit=720%2C656&ssl=1&resize=525%2C300 1.5x, https:\/\/i0.wp.com\/noticiasribeiraopreto.com.br\/wp-content\/uploads\/2025\/06\/garnica_elisabete.jpg?fit=720%2C656&ssl=1&resize=700%2C400 2x"},"classes":[]},{"id":71219,"url":"https:\/\/noticiasribeiraopreto.com.br\/index.php\/2025\/06\/03\/procuradoria-pede-prisao-preventiva-e-inclusao-de-deputada-de-ribeirao-na-lista-da-interpol\/","url_meta":{"origin":70603,"position":5},"title":"Procuradoria pede pris\u00e3o preventiva e inclus\u00e3o de deputada de Ribeir\u00e3o na lista da Interpol","author":"noticiasribeiraopreto.com.br","date":"3 de June de 2025","format":false,"excerpt":"A PGR (Procuradoria-Geral da Rep\u00fablica) pediu ao STF (Supremo Tribunal Federal), nesta ter\u00e7a-feira (3), a pris\u00e3o preventiva da deputada federal Carla Zambelli (PL), natural de Ribeir\u00e3o Preto. Al\u00e9m disso, a Procuradoria tamb\u00e9m solicitou a inclus\u00e3o do nome da parlamentar na lista da Interpol. A solicita\u00e7\u00e3o foi enviada ao ministro Alexandre\u2026","rel":"","context":"In &quot;Not\u00edcias de Ribeir\u00e3o Preto-SP e Regi\u00e3o&quot;","block_context":{"text":"Not\u00edcias de Ribeir\u00e3o Preto-SP e Regi\u00e3o","link":"https:\/\/noticiasribeiraopreto.com.br\/index.php\/category\/noticias-de-ribeirao-preto-sp-e-regiao-ismael-colosi\/"},"img":{"alt_text":"","src":"https:\/\/i0.wp.com\/noticiasribeiraopreto.com.br\/wp-content\/uploads\/2025\/06\/lula1011-5.webp.webp?fit=1170%2C700&ssl=1&resize=350%2C200","width":350,"height":200,"srcset":"https:\/\/i0.wp.com\/noticiasribeiraopreto.com.br\/wp-content\/uploads\/2025\/06\/lula1011-5.webp.webp?fit=1170%2C700&ssl=1&resize=350%2C200 1x, https:\/\/i0.wp.com\/noticiasribeiraopreto.com.br\/wp-content\/uploads\/2025\/06\/lula1011-5.webp.webp?fit=1170%2C700&ssl=1&resize=525%2C300 1.5x, https:\/\/i0.wp.com\/noticiasribeiraopreto.com.br\/wp-content\/uploads\/2025\/06\/lula1011-5.webp.webp?fit=1170%2C700&ssl=1&resize=700%2C400 2x, https:\/\/i0.wp.com\/noticiasribeiraopreto.com.br\/wp-content\/uploads\/2025\/06\/lula1011-5.webp.webp?fit=1170%2C700&ssl=1&resize=1050%2C600 3x"},"classes":[]}],"jetpack_sharing_enabled":true,"jetpack_shortlink":"https:\/\/wp.me\/peQAOb-imL","_links":{"self":[{"href":"https:\/\/noticiasribeiraopreto.com.br\/index.php\/wp-json\/wp\/v2\/posts\/70603","targetHints":{"allow":["GET"]}}],"collection":[{"href":"https:\/\/noticiasribeiraopreto.com.br\/index.php\/wp-json\/wp\/v2\/posts"}],"about":[{"href":"https:\/\/noticiasribeiraopreto.com.br\/index.php\/wp-json\/wp\/v2\/types\/post"}],"author":[{"embeddable":true,"href":"https:\/\/noticiasribeiraopreto.com.br\/index.php\/wp-json\/wp\/v2\/users\/1"}],"replies":[{"embeddable":true,"href":"https:\/\/noticiasribeiraopreto.com.br\/index.php\/wp-json\/wp\/v2\/comments?post=70603"}],"version-history":[{"count":0,"href":"https:\/\/noticiasribeiraopreto.com.br\/index.php\/wp-json\/wp\/v2\/posts\/70603\/revisions"}],"wp:featuredmedia":[{"embeddable":true,"href":"https:\/\/noticiasribeiraopreto.com.br\/index.php\/wp-json\/wp\/v2\/media\/70604"}],"wp:attachment":[{"href":"https:\/\/noticiasribeiraopreto.com.br\/index.php\/wp-json\/wp\/v2\/media?parent=70603"}],"wp:term":[{"taxonomy":"category","embeddable":true,"href":"https:\/\/noticiasribeiraopreto.com.br\/index.php\/wp-json\/wp\/v2\/categories?post=70603"},{"taxonomy":"post_tag","embeddable":true,"href":"https:\/\/noticiasribeiraopreto.com.br\/index.php\/wp-json\/wp\/v2\/tags?post=70603"}],"curies":[{"name":"wp","href":"https:\/\/api.w.org\/{rel}","templated":true}]}}