{"id":70607,"date":"2025-05-28T11:16:02","date_gmt":"2025-05-28T14:16:02","guid":{"rendered":"https:\/\/noticiasribeiraopreto.com.br\/index.php\/2025\/05\/28\/caso-nelson-pericia-encontra-sangue-na-empresa-em-cravinhos\/"},"modified":"2025-05-28T11:16:02","modified_gmt":"2025-05-28T14:16:02","slug":"caso-nelson-pericia-encontra-sangue-na-empresa-em-cravinhos","status":"publish","type":"post","link":"https:\/\/noticiasribeiraopreto.com.br\/index.php\/2025\/05\/28\/caso-nelson-pericia-encontra-sangue-na-empresa-em-cravinhos\/","title":{"rendered":"Caso Nelson: per\u00edcia encontra sangue na empresa em Cravinhos"},"content":{"rendered":"<div class='code-block code-block-1' style='margin: 8px 0 8px auto; text-align: right; display: block; clear: both;'>\n<p><a href=\"https:\/\/wa.link\/vpicfd\"><img data-recalc-dims=\"1\" class=\"wp-image-4922\" style=\"aspect-ratio: 2.0253164556962027; width: 561px; height: auto;\" src=\"https:\/\/i0.wp.com\/ismaelcolosi.com.br\/wp-content\/uploads\/2023\/11\/grupo-de-empregos-whatsapp-e-facebook-ismael-colosi-vagas.jpg?ssl=1\" alt=\"\" \/><\/a><\/p>\n<!-- \/wp:image -->\n<\/div>\n<p> <br \/>\n<\/p>\n<div>\n<p>Por: Adalberto Luque<\/p>\n<p>O delegado Seccional de Ribeir\u00e3o Preto, Sebasti\u00e3o Vicente Picinato, disse n\u00e3o ter d\u00favidas de que o empres\u00e1rio Nelson Francisco Carreira Filho, de 44 anos, foi morto na empresa onde ele costumava participar de reuni\u00f5es de neg\u00f3cios semanais.<\/p>\n<p>A pedido da Pol\u00edcia Civil, o Instituto de Criminal\u00edstica esteve no local, na esquina das ruas Manoel Gomes dos Santos e Alfeu Gasparini, em Cravinhos, para realizar per\u00edcia, na noite desta ter\u00e7a-feira (27). Os peritos usaram luminol, um reagente qu\u00edmico que pode indicar presen\u00e7a de sangue humano.<\/p>\n<p>Segundo Picinato, foi confirmada a presen\u00e7a de sangue humano num ralo, numa mangueira e num rodo. Tamb\u00e9m foi notado que o local havia sido lavado e o ch\u00e3o foi pintado com tinta ep\u00f3xi, mas ainda assim, os peritos localizaram ind\u00edcios de sangue.<\/p>\n<figure id=\"attachment_427103\" aria-describedby=\"caption-attachment-427103\" style=\"width: 983px\" class=\"wp-caption alignnone\"><img data-recalc-dims=\"1\" loading=\"lazy\" decoding=\"async\" class=\"size-full wp-image-427103\" src=\"https:\/\/i0.wp.com\/www.tribunaribeirao.com.br\/wp-content\/uploads\/2025\/05\/28-mai-2025-crimecravinhosindustria.jpg?resize=983%2C647&#038;ssl=1\" alt=\"\" width=\"983\" height=\"647\" srcset=\"https:\/\/www.tribunaribeirao.com.br\/wp-content\/uploads\/2025\/05\/28-mai-2025-crimecravinhosindustria.jpg 983w, https:\/\/www.tribunaribeirao.com.br\/wp-content\/uploads\/2025\/05\/28-mai-2025-crimecravinhosindustria-300x197.jpg 300w, https:\/\/www.tribunaribeirao.com.br\/wp-content\/uploads\/2025\/05\/28-mai-2025-crimecravinhosindustria-768x505.jpg 768w, https:\/\/www.tribunaribeirao.com.br\/wp-content\/uploads\/2025\/05\/28-mai-2025-crimecravinhosindustria-960x632.jpg 960w, https:\/\/www.tribunaribeirao.com.br\/wp-content\/uploads\/2025\/05\/28-mai-2025-crimecravinhosindustria-608x400.jpg 608w, https:\/\/www.tribunaribeirao.com.br\/wp-content\/uploads\/2025\/05\/28-mai-2025-crimecravinhosindustria-585x385.jpg 585w\" sizes=\"auto, (max-width: 983px) 100vw, 983px\"\/><figcaption id=\"caption-attachment-427103\" class=\"wp-caption-text\">Apesar de empresa ter sido limpa, com ch\u00e3o pintado, peritos usaram luminol e encontraram sangue humano no ralo, rodo e mangueira (Foto: Google Street View\/Reprodu\u00e7\u00e3o)<\/figcaption><\/figure>\n<p>Picinato disse n\u00e3o ter d\u00favidas de que Nelson foi assassinado naquele local. A Pol\u00edcia Civil acredita que seu corpo tenha sido jogado no Rio Grande, pr\u00f3ximo a Miguel\u00f3polis.<\/p>\n<p><strong>Pris\u00e3o tempor\u00e1ria<\/strong><\/p>\n<p>A Justi\u00e7a de Cravinhos determinou, nesta ter\u00e7a-feira (27) a pris\u00e3o preventiva do empres\u00e1rio Marlon Couto Paula J\u00fanior, de Tadeu Almeida Silva e da esposa deste \u00faltimo, Marcela Silva de Almeida. At\u00e9 a publica\u00e7\u00e3o desta reportagem eles n\u00e3o foram localizados e s\u00e3o considerados foragidos.<\/p>\n<p>Em seu despacho, o juiz Rodrigo Brand\u00e3o S\u00e9 justificou que Marlon Couto teria agido de forma fria e o relato de Tadeu Silva foi preciso em rela\u00e7\u00e3o \u00e0 forma como a v\u00edtima foi abordada e os meios empregados na consuma\u00e7\u00e3o do delito, entre outros t\u00f3picos.<\/p>\n<p>O advogado de Tadeu, Renato Sav\u00e9rio, disse que seu cliente foi ouvido pela pol\u00edcia e admitiu ter escutado o tiro, visto o corpo de Nelson e recebido uma ordem de Marlon para embalar o corpo e levar o carro do homem para S\u00e3o Paulo, onde morava.<\/p>\n<figure id=\"attachment_427024\" aria-describedby=\"caption-attachment-427024\" style=\"width: 954px\" class=\"wp-caption alignnone\"><img data-recalc-dims=\"1\" loading=\"lazy\" decoding=\"async\" class=\"size-full wp-image-427024\" src=\"https:\/\/i0.wp.com\/www.tribunaribeirao.com.br\/wp-content\/uploads\/2025\/05\/27-mai-2025-crimecravinhos02.jpg?resize=954%2C551&#038;ssl=1\" alt=\"\" width=\"954\" height=\"551\" srcset=\"https:\/\/www.tribunaribeirao.com.br\/wp-content\/uploads\/2025\/05\/27-mai-2025-crimecravinhos02.jpg 954w, https:\/\/www.tribunaribeirao.com.br\/wp-content\/uploads\/2025\/05\/27-mai-2025-crimecravinhos02-300x173.jpg 300w, https:\/\/www.tribunaribeirao.com.br\/wp-content\/uploads\/2025\/05\/27-mai-2025-crimecravinhos02-768x444.jpg 768w, https:\/\/www.tribunaribeirao.com.br\/wp-content\/uploads\/2025\/05\/27-mai-2025-crimecravinhos02-693x400.jpg 693w, https:\/\/www.tribunaribeirao.com.br\/wp-content\/uploads\/2025\/05\/27-mai-2025-crimecravinhos02-585x338.jpg 585w\" sizes=\"auto, (max-width: 954px) 100vw, 954px\"\/><figcaption id=\"caption-attachment-427024\" class=\"wp-caption-text\">Carro de Nelson teria sido levado para a Capital por um dos suspeitos, que o abandonou pr\u00f3ximo da casa da v\u00edtima (Foto: Divulga\u00e7\u00e3o)<\/figcaption><\/figure>\n<p>Segundo Sav\u00e9rio, ele ajudou na oculta\u00e7\u00e3o do cad\u00e1ver e a levar o carro para a Capital por se sentir amea\u00e7ado e teme por ele e sua fam\u00edlia. Tadeu conduziu o ve\u00edculo e o deixou na rua Clara de Oliveira, bairro do Chora Menino, zona Norte da Capital.<\/p>\n<p>O advogado de Marlon Couto, Nathan Castelo Branco, disse ontem que seu cliente negou participa\u00e7\u00e3o, que estaria assustado com o envolvimento de seu nome e que estaria viajando. Castelo Branco tamb\u00e9m acrescentou que ele vai se apresentar e esclarecer tudo.<\/p>\n<p>A reportagem n\u00e3o conseguiu confirmar o advogado de Marcela, esposa de Tadeu. Ela teria ido a S\u00e3o Paulo no dia da morte de Nelson, acompanhando Marlon para, supostamente, prestar solidariedade \u00e0 fam\u00edlia do desaparecido.<\/p>\n<p>Sobre o fato dos tr\u00eas serem considerados foragidos, a reportagem entrou em contato com os advogados de defesa. At\u00e9 a publica\u00e7\u00e3o da mat\u00e9ria, n\u00e3o recebeu retorno.<\/p>\n<p><strong>Entenda o caso<\/strong><\/p>\n<p>Nelson Francisco Carreira Filho, de 44 anos, atua na venda online de suplementos alimentares. Segundo sua fam\u00edlia, ele vinha semanalmente a Cravinhos para reuni\u00f5es de neg\u00f3cios com Marlon Couto.<\/p>\n<p>Em 16 de maio, o empres\u00e1rio paulistano foi a Cravinhos para nova reuni\u00e3o. Desde ent\u00e3o n\u00e3o foi mais visto. Ele costumava almo\u00e7ar com Couto ap\u00f3s as reuni\u00f5es, mas o empres\u00e1rio de Cravinhos disse que Nelson recebeu uma liga\u00e7\u00e3o da esposa lembrando sobre um compromisso logo mais \u00e0 noite e o homem saiu apressado.<\/p>\n<figure id=\"attachment_427023\" aria-describedby=\"caption-attachment-427023\" style=\"width: 844px\" class=\"wp-caption alignnone\"><img data-recalc-dims=\"1\" loading=\"lazy\" decoding=\"async\" class=\"size-full wp-image-427023\" src=\"https:\/\/i0.wp.com\/www.tribunaribeirao.com.br\/wp-content\/uploads\/2025\/05\/27-mai-2025-crimecravinhos01.jpg?resize=844%2C541&#038;ssl=1\" alt=\"\" width=\"844\" height=\"541\" srcset=\"https:\/\/www.tribunaribeirao.com.br\/wp-content\/uploads\/2025\/05\/27-mai-2025-crimecravinhos01.jpg 844w, https:\/\/www.tribunaribeirao.com.br\/wp-content\/uploads\/2025\/05\/27-mai-2025-crimecravinhos01-300x192.jpg 300w, https:\/\/www.tribunaribeirao.com.br\/wp-content\/uploads\/2025\/05\/27-mai-2025-crimecravinhos01-768x492.jpg 768w, https:\/\/www.tribunaribeirao.com.br\/wp-content\/uploads\/2025\/05\/27-mai-2025-crimecravinhos01-624x400.jpg 624w, https:\/\/www.tribunaribeirao.com.br\/wp-content\/uploads\/2025\/05\/27-mai-2025-crimecravinhos01-585x375.jpg 585w\" sizes=\"auto, (max-width: 844px) 100vw, 844px\"\/><figcaption id=\"caption-attachment-427023\" class=\"wp-caption-text\">Nelson est\u00e1 desaparecido desde 16 de maio e seu carro foi fotografado em pra\u00e7a de ped\u00e1gio na regi\u00e3o (Foto: Redes Solciais\/Divulga\u00e7\u00e3o)<\/figcaption><\/figure>\n<p>Seu carro foi visto em duas pra\u00e7as de ped\u00e1gio da regi\u00e3o, em S\u00e3o Sim\u00e3o e Santa Rita do Passa Quatro, respectivamente \u00e0s 15h14 e 15h28. Depois c\u00e2meras de seguran\u00e7a na avenida Engenheiro Caetano \u00c1lvares, no bairro do Lim\u00e3o, tamb\u00e9m registraram sua passagem por volta das 19h00, quando o condutor teria cometido uma infra\u00e7\u00e3o de tr\u00e2nsito.<\/p>\n<p>O carro do empres\u00e1rio paulistano foi abandonado em uma rua na zona Norte, pr\u00f3ximo de onde ele morava. Estava com os vidros traseiros abertos, sem sinal de arrombamento ou viol\u00eancia.<\/p>\n<p>C\u00e2meras de seguran\u00e7a tamb\u00e9m registraram um homem magro, com roupas pretas, usando um bon\u00e9, que foi reconhecido pela fam\u00edlia de Nelson. Seria de um clube de motociclistas que o empres\u00e1rio participava.<\/p>\n<p>O advogado de Tadeu Silva disse que seu cliente confirmou ter sido ele quem levou o carro da v\u00edtima para a Capital e que usava o bon\u00e9 de Nelson.<\/p>\n<p>A pol\u00edcia acredita que Marlon tenha, por algum motivo a ser esclarecido, atirado em Nelson na sede da empresa, em Cravinhos. Tadeu ouviu o disparo e viu o corpo ca\u00eddo.<\/p>\n<p>Marlon teria ordenado que ele embalasse o corpo, que foi jogado no Rio Grande, pr\u00f3ximo a Miguel\u00f3polis. O corpo foi, na opini\u00e3o da pol\u00edcia, jogado no Rio Grande, mas ainda n\u00e3o foi encontrado. As investiga\u00e7\u00f5es prosseguem.<\/p>\n<\/div>\n<p><br \/>\n<br \/><a href=\"https:\/\/www.tribunaribeirao.com.br\/caso-nelson-pericia-encontra-sangue-na-empresa-em-cravinhos\/\">Source link <\/a><\/p>\n<!-- CONTENT END 1 -->\n","protected":false},"excerpt":{"rendered":"<p>Por: Adalberto Luque O delegado Seccional de Ribeir\u00e3o Preto, Sebasti\u00e3o Vicente Picinato, disse n\u00e3o ter d\u00favidas de que o empres\u00e1rio Nelson Francisco Carreira Filho, de&#8230;<\/p>\n","protected":false},"author":1,"featured_media":70608,"comment_status":"open","ping_status":"open","sticky":false,"template":"","format":"standard","meta":{"advanced_seo_description":"","jetpack_seo_html_title":"","jetpack_seo_noindex":false,"jetpack_post_was_ever_published":false,"_jetpack_newsletter_access":"","_jetpack_dont_email_post_to_subs":false,"_jetpack_newsletter_tier_id":0,"_jetpack_memberships_contains_paywalled_content":false,"_jetpack_memberships_contains_paid_content":false,"footnotes":"","jetpack_publicize_message":"","jetpack_publicize_feature_enabled":true,"jetpack_social_post_already_shared":true,"jetpack_social_options":{"image_generator_settings":{"template":"highway","default_image_id":0,"font":"","enabled":false},"version":2}},"categories":[11],"tags":[],"class_list":["post-70607","post","type-post","status-publish","format-standard","has-post-thumbnail","hentry","category-noticias-de-ribeirao-preto-sp-e-regiao-ismael-colosi"],"jetpack_publicize_connections":[],"jetpack_featured_media_url":"https:\/\/i0.wp.com\/noticiasribeiraopreto.com.br\/wp-content\/uploads\/2025\/05\/1748441763_nelson_marlon_tadeu-e1748419874671.jpeg?fit=800%2C450&ssl=1","jetpack-related-posts":[{"id":70595,"url":"https:\/\/noticiasribeiraopreto.com.br\/index.php\/2025\/05\/28\/pericia-encontra-vestigios-de-sangue-em-empresa-de-cravinhos-onde-empresario-foi-visto-pela-ultima-vez\/","url_meta":{"origin":70607,"position":0},"title":"Per\u00edcia encontra vest\u00edgios de sangue em empresa de Cravinhos onde empres\u00e1rio foi visto pela \u00faltima vez","author":"noticiasribeiraopreto.com.br","date":"28 de May de 2025","format":false,"excerpt":"A per\u00edcia da Pol\u00edcia Civil encontrou vest\u00edgios de sangue humano na empresa onde o empres\u00e1rio Nelson Francisco Carreira Filho, de 44 anos, foi visto pela \u00faltima vez no dia 16 de maio, ap\u00f3s uma reuni\u00e3o de neg\u00f3cios em Cravinhos,\u00a0na regi\u00e3o de Ribeir\u00e3o Preto. A informa\u00e7\u00e3o foi confirmada nesta ter\u00e7a-feira (27)\u2026","rel":"","context":"In &quot;Not\u00edcias de Ribeir\u00e3o Preto-SP e Regi\u00e3o&quot;","block_context":{"text":"Not\u00edcias de Ribeir\u00e3o Preto-SP e Regi\u00e3o","link":"https:\/\/noticiasribeiraopreto.com.br\/index.php\/category\/noticias-de-ribeirao-preto-sp-e-regiao-ismael-colosi\/"},"img":{"alt_text":"","src":"https:\/\/i0.wp.com\/noticiasribeiraopreto.com.br\/wp-content\/uploads\/2025\/05\/NELSON_2025-05-28_10-07-47.webp.webp?fit=1200%2C808&ssl=1&resize=350%2C200","width":350,"height":200,"srcset":"https:\/\/i0.wp.com\/noticiasribeiraopreto.com.br\/wp-content\/uploads\/2025\/05\/NELSON_2025-05-28_10-07-47.webp.webp?fit=1200%2C808&ssl=1&resize=350%2C200 1x, https:\/\/i0.wp.com\/noticiasribeiraopreto.com.br\/wp-content\/uploads\/2025\/05\/NELSON_2025-05-28_10-07-47.webp.webp?fit=1200%2C808&ssl=1&resize=525%2C300 1.5x, https:\/\/i0.wp.com\/noticiasribeiraopreto.com.br\/wp-content\/uploads\/2025\/05\/NELSON_2025-05-28_10-07-47.webp.webp?fit=1200%2C808&ssl=1&resize=700%2C400 2x, https:\/\/i0.wp.com\/noticiasribeiraopreto.com.br\/wp-content\/uploads\/2025\/05\/NELSON_2025-05-28_10-07-47.webp.webp?fit=1200%2C808&ssl=1&resize=1050%2C600 3x"},"classes":[]},{"id":70636,"url":"https:\/\/noticiasribeiraopreto.com.br\/index.php\/2025\/05\/28\/veja-quem-e-quem-no-caso-da-morte-de-empresario-em-cravinhos\/","url_meta":{"origin":70607,"position":1},"title":"Veja quem \u00e9 quem no caso da morte de empres\u00e1rio em Cravinhos","author":"noticiasribeiraopreto.com.br","date":"28 de May de 2025","format":false,"excerpt":"A pol\u00edcia procura por tr\u00eas pessoas suspeitas de envolvimento na morte do empres\u00e1rio Nelson Francisco Carreira Filho, que desapareceu no dia 16 de maio ap\u00f3s reuni\u00e3o em Cravinhos. O delegado Sebasti\u00e3o Picinato acredita que Nelson foi morto dentro da f\u00e1brica de Marlon Couto Paula J\u00fanior. Na noite de ter\u00e7a-feira (27),\u2026","rel":"","context":"In &quot;Not\u00edcias de Ribeir\u00e3o Preto-SP e Regi\u00e3o&quot;","block_context":{"text":"Not\u00edcias de Ribeir\u00e3o Preto-SP e Regi\u00e3o","link":"https:\/\/noticiasribeiraopreto.com.br\/index.php\/category\/noticias-de-ribeirao-preto-sp-e-regiao-ismael-colosi\/"},"img":{"alt_text":"","src":"https:\/\/i0.wp.com\/noticiasribeiraopreto.com.br\/wp-content\/uploads\/2025\/05\/MARLON-COUTO_2025-05-28_16-15-29.webp.webp?fit=1143%2C824&ssl=1&resize=350%2C200","width":350,"height":200,"srcset":"https:\/\/i0.wp.com\/noticiasribeiraopreto.com.br\/wp-content\/uploads\/2025\/05\/MARLON-COUTO_2025-05-28_16-15-29.webp.webp?fit=1143%2C824&ssl=1&resize=350%2C200 1x, https:\/\/i0.wp.com\/noticiasribeiraopreto.com.br\/wp-content\/uploads\/2025\/05\/MARLON-COUTO_2025-05-28_16-15-29.webp.webp?fit=1143%2C824&ssl=1&resize=525%2C300 1.5x, https:\/\/i0.wp.com\/noticiasribeiraopreto.com.br\/wp-content\/uploads\/2025\/05\/MARLON-COUTO_2025-05-28_16-15-29.webp.webp?fit=1143%2C824&ssl=1&resize=700%2C400 2x, https:\/\/i0.wp.com\/noticiasribeiraopreto.com.br\/wp-content\/uploads\/2025\/05\/MARLON-COUTO_2025-05-28_16-15-29.webp.webp?fit=1143%2C824&ssl=1&resize=1050%2C600 3x"},"classes":[]},{"id":73128,"url":"https:\/\/noticiasribeiraopreto.com.br\/index.php\/2025\/06\/25\/caso-nelson-policia-volta-a-usar-luminol-na-investigacao-e-encontra-sangue-em-carro\/","url_meta":{"origin":70607,"position":2},"title":"Caso Nelson: Pol\u00edcia volta a usar luminol na investiga\u00e7\u00e3o e encontra sangue em carro","author":"noticiasribeiraopreto.com.br","date":"25 de June de 2025","format":false,"excerpt":"A Pol\u00edcia Cient\u00edfica periciou uma caminhonete e apontou sangue no ve\u00edculo que teria sido utilizado para transportar o corpo do empres\u00e1rio Nelson Carreira Filho, de 44 anos. Ele foi morto depois de participar de uma reuni\u00e3o de neg\u00f3cios, em Cravinhos, na regi\u00e3o de Ribeir\u00e3o Preto. Tr\u00eas pessoas j\u00e1 foram presas\u2026","rel":"","context":"In &quot;Not\u00edcias de Ribeir\u00e3o Preto-SP e Regi\u00e3o&quot;","block_context":{"text":"Not\u00edcias de Ribeir\u00e3o Preto-SP e Regi\u00e3o","link":"https:\/\/noticiasribeiraopreto.com.br\/index.php\/category\/noticias-de-ribeirao-preto-sp-e-regiao-ismael-colosi\/"},"img":{"alt_text":"","src":"https:\/\/i0.wp.com\/noticiasribeiraopreto.com.br\/wp-content\/uploads\/2025\/06\/nelson-francisco-carreira-filho_2025-05-19_15-09-58.webp.webp?fit=1200%2C674&ssl=1&resize=350%2C200","width":350,"height":200,"srcset":"https:\/\/i0.wp.com\/noticiasribeiraopreto.com.br\/wp-content\/uploads\/2025\/06\/nelson-francisco-carreira-filho_2025-05-19_15-09-58.webp.webp?fit=1200%2C674&ssl=1&resize=350%2C200 1x, https:\/\/i0.wp.com\/noticiasribeiraopreto.com.br\/wp-content\/uploads\/2025\/06\/nelson-francisco-carreira-filho_2025-05-19_15-09-58.webp.webp?fit=1200%2C674&ssl=1&resize=525%2C300 1.5x, https:\/\/i0.wp.com\/noticiasribeiraopreto.com.br\/wp-content\/uploads\/2025\/06\/nelson-francisco-carreira-filho_2025-05-19_15-09-58.webp.webp?fit=1200%2C674&ssl=1&resize=700%2C400 2x, https:\/\/i0.wp.com\/noticiasribeiraopreto.com.br\/wp-content\/uploads\/2025\/06\/nelson-francisco-carreira-filho_2025-05-19_15-09-58.webp.webp?fit=1200%2C674&ssl=1&resize=1050%2C600 3x"},"classes":[]},{"id":70731,"url":"https:\/\/noticiasribeiraopreto.com.br\/index.php\/2025\/05\/29\/advogado-deixa-defesa-de-suspeito-no-caso-da-morte-de-empresario-em-cravinhos\/","url_meta":{"origin":70607,"position":3},"title":"Advogado deixa defesa de suspeito no caso da morte de empres\u00e1rio em Cravinhos","author":"noticiasribeiraopreto.com.br","date":"29 de May de 2025","format":false,"excerpt":"O advogado Renato Sav\u00e9rio deixou nesta quinta-feira (29) a defesa de um dos suspeitos de envolvimento na morte do empres\u00e1rio Nelson Francisco Carreira Filho, que desapareceu no dia 16 de maio ap\u00f3s uma reuni\u00e3o em Cravinhos. Sav\u00e9rio vinha atuando como advogado de Tadeu Almeida Silva, que est\u00e1 com pris\u00e3o tempor\u00e1ria\u2026","rel":"","context":"In &quot;Not\u00edcias de Ribeir\u00e3o Preto-SP e Regi\u00e3o&quot;","block_context":{"text":"Not\u00edcias de Ribeir\u00e3o Preto-SP e Regi\u00e3o","link":"https:\/\/noticiasribeiraopreto.com.br\/index.php\/category\/noticias-de-ribeirao-preto-sp-e-regiao-ismael-colosi\/"},"img":{"alt_text":"","src":"https:\/\/i0.wp.com\/noticiasribeiraopreto.com.br\/wp-content\/uploads\/2025\/05\/RENATO_2025-05-29_14-40-52.webp.webp?fit=1200%2C654&ssl=1&resize=350%2C200","width":350,"height":200,"srcset":"https:\/\/i0.wp.com\/noticiasribeiraopreto.com.br\/wp-content\/uploads\/2025\/05\/RENATO_2025-05-29_14-40-52.webp.webp?fit=1200%2C654&ssl=1&resize=350%2C200 1x, https:\/\/i0.wp.com\/noticiasribeiraopreto.com.br\/wp-content\/uploads\/2025\/05\/RENATO_2025-05-29_14-40-52.webp.webp?fit=1200%2C654&ssl=1&resize=525%2C300 1.5x, https:\/\/i0.wp.com\/noticiasribeiraopreto.com.br\/wp-content\/uploads\/2025\/05\/RENATO_2025-05-29_14-40-52.webp.webp?fit=1200%2C654&ssl=1&resize=700%2C400 2x, https:\/\/i0.wp.com\/noticiasribeiraopreto.com.br\/wp-content\/uploads\/2025\/05\/RENATO_2025-05-29_14-40-52.webp.webp?fit=1200%2C654&ssl=1&resize=1050%2C600 3x"},"classes":[]},{"id":70585,"url":"https:\/\/noticiasribeiraopreto.com.br\/index.php\/2025\/05\/28\/prisao-temporaria-para-tres-investigados-no-sumico-do-empresario\/","url_meta":{"origin":70607,"position":4},"title":"Pris\u00e3o tempor\u00e1ria para tr\u00eas investigados no sumi\u00e7o do empres\u00e1rio","author":"noticiasribeiraopreto.com.br","date":"28 de May de 2025","format":false,"excerpt":"28 de maio de 2025 05:131 Compartilhar0 A\u00a0 Pol\u00edcia Civil pediu, tamb\u00e9m, a pris\u00e3o tempor\u00e1ria da esposa do empres\u00e1rio Marlon Couto, Tatiane Moraes, e de um terceiro suspeito, identificado apenas como Tadeu. A Justi\u00e7a aceitou os pedidos, e os tr\u00eas s\u00e3o considerados foragidos. A Pol\u00edcia Civil confirmou, nesta ter\u00e7a-feira (27),\u2026","rel":"","context":"In &quot;Not\u00edcias de Ribeir\u00e3o Preto-SP e Regi\u00e3o&quot;","block_context":{"text":"Not\u00edcias de Ribeir\u00e3o Preto-SP e Regi\u00e3o","link":"https:\/\/noticiasribeiraopreto.com.br\/index.php\/category\/noticias-de-ribeirao-preto-sp-e-regiao-ismael-colosi\/"},"img":{"alt_text":"","src":"https:\/\/i0.wp.com\/noticiasribeiraopreto.com.br\/wp-content\/uploads\/2025\/05\/nelson_marlon_tadeu-e1748419874671.jpeg?fit=800%2C450&ssl=1&resize=350%2C200","width":350,"height":200,"srcset":"https:\/\/i0.wp.com\/noticiasribeiraopreto.com.br\/wp-content\/uploads\/2025\/05\/nelson_marlon_tadeu-e1748419874671.jpeg?fit=800%2C450&ssl=1&resize=350%2C200 1x, https:\/\/i0.wp.com\/noticiasribeiraopreto.com.br\/wp-content\/uploads\/2025\/05\/nelson_marlon_tadeu-e1748419874671.jpeg?fit=800%2C450&ssl=1&resize=525%2C300 1.5x, https:\/\/i0.wp.com\/noticiasribeiraopreto.com.br\/wp-content\/uploads\/2025\/05\/nelson_marlon_tadeu-e1748419874671.jpeg?fit=800%2C450&ssl=1&resize=700%2C400 2x"},"classes":[]},{"id":70669,"url":"https:\/\/noticiasribeiraopreto.com.br\/index.php\/2025\/05\/28\/uso-indevido-de-marca-como-suspeita-do-crime\/","url_meta":{"origin":70607,"position":5},"title":"Uso indevido de marca como suspeita do crime","author":"noticiasribeiraopreto.com.br","date":"28 de May de 2025","format":false,"excerpt":"O desaparecimento do empres\u00e1rio Nelson Francisco Carreira Filho, de 58 anos, est\u00e1 ligado a uma disputa comercial envolvendo uso indevido de marca. \u00c9 o que revela o depoimento de um dos suspeitos, Tadeu Almeida Silva, \u00e0 Pol\u00edcia Civil. Segundo ele, Nelson foi assassinado por Marlon Couto, seu parceiro de neg\u00f3cios,\u2026","rel":"","context":"In &quot;Not\u00edcias de Ribeir\u00e3o Preto-SP e Regi\u00e3o&quot;","block_context":{"text":"Not\u00edcias de Ribeir\u00e3o Preto-SP e Regi\u00e3o","link":"https:\/\/noticiasribeiraopreto.com.br\/index.php\/category\/noticias-de-ribeirao-preto-sp-e-regiao-ismael-colosi\/"},"img":{"alt_text":"","src":"https:\/\/i0.wp.com\/noticiasribeiraopreto.com.br\/wp-content\/uploads\/2025\/05\/nelson_filho-e1748468944547.jpeg?fit=800%2C604&ssl=1&resize=350%2C200","width":350,"height":200,"srcset":"https:\/\/i0.wp.com\/noticiasribeiraopreto.com.br\/wp-content\/uploads\/2025\/05\/nelson_filho-e1748468944547.jpeg?fit=800%2C604&ssl=1&resize=350%2C200 1x, https:\/\/i0.wp.com\/noticiasribeiraopreto.com.br\/wp-content\/uploads\/2025\/05\/nelson_filho-e1748468944547.jpeg?fit=800%2C604&ssl=1&resize=525%2C300 1.5x, https:\/\/i0.wp.com\/noticiasribeiraopreto.com.br\/wp-content\/uploads\/2025\/05\/nelson_filho-e1748468944547.jpeg?fit=800%2C604&ssl=1&resize=700%2C400 2x"},"classes":[]}],"jetpack_sharing_enabled":true,"jetpack_shortlink":"https:\/\/wp.me\/peQAOb-imP","_links":{"self":[{"href":"https:\/\/noticiasribeiraopreto.com.br\/index.php\/wp-json\/wp\/v2\/posts\/70607","targetHints":{"allow":["GET"]}}],"collection":[{"href":"https:\/\/noticiasribeiraopreto.com.br\/index.php\/wp-json\/wp\/v2\/posts"}],"about":[{"href":"https:\/\/noticiasribeiraopreto.com.br\/index.php\/wp-json\/wp\/v2\/types\/post"}],"author":[{"embeddable":true,"href":"https:\/\/noticiasribeiraopreto.com.br\/index.php\/wp-json\/wp\/v2\/users\/1"}],"replies":[{"embeddable":true,"href":"https:\/\/noticiasribeiraopreto.com.br\/index.php\/wp-json\/wp\/v2\/comments?post=70607"}],"version-history":[{"count":0,"href":"https:\/\/noticiasribeiraopreto.com.br\/index.php\/wp-json\/wp\/v2\/posts\/70607\/revisions"}],"wp:featuredmedia":[{"embeddable":true,"href":"https:\/\/noticiasribeiraopreto.com.br\/index.php\/wp-json\/wp\/v2\/media\/70608"}],"wp:attachment":[{"href":"https:\/\/noticiasribeiraopreto.com.br\/index.php\/wp-json\/wp\/v2\/media?parent=70607"}],"wp:term":[{"taxonomy":"category","embeddable":true,"href":"https:\/\/noticiasribeiraopreto.com.br\/index.php\/wp-json\/wp\/v2\/categories?post=70607"},{"taxonomy":"post_tag","embeddable":true,"href":"https:\/\/noticiasribeiraopreto.com.br\/index.php\/wp-json\/wp\/v2\/tags?post=70607"}],"curies":[{"name":"wp","href":"https:\/\/api.w.org\/{rel}","templated":true}]}}