{"id":70609,"date":"2025-05-28T11:26:26","date_gmt":"2025-05-28T14:26:26","guid":{"rendered":"https:\/\/noticiasribeiraopreto.com.br\/index.php\/2025\/05\/28\/marcelo-serrado-e-heloisa-perisse-apresentam-avesso-do-avesso-no-theatro-pedro-ii\/"},"modified":"2025-05-28T11:26:26","modified_gmt":"2025-05-28T14:26:26","slug":"marcelo-serrado-e-heloisa-perisse-apresentam-avesso-do-avesso-no-theatro-pedro-ii","status":"publish","type":"post","link":"https:\/\/noticiasribeiraopreto.com.br\/index.php\/2025\/05\/28\/marcelo-serrado-e-heloisa-perisse-apresentam-avesso-do-avesso-no-theatro-pedro-ii\/","title":{"rendered":"Marcelo Serrado e Helo\u00edsa P\u00e9riss\u00e9 apresentam \u2018Avesso do Avesso\u2019 no Theatro Pedro II"},"content":{"rendered":"<p> <br \/>\n<\/p>\n<div data-td-block-uid=\"tdi_95\">\n<div class=\"tdb-block-inner td-fix-index\">\n<p><strong>Marcelo Serrado <\/strong>e <strong>Helo\u00edsa P\u00e9risse<\/strong> apresentam no <strong>Theatro Pedro II<\/strong>, em <strong>Ribeir\u00e3o Preto<\/strong>, a com\u00e9dia \u201c<strong>Avesso do Avesso<\/strong>\u201d, no dia <strong>1\u00ba de junho<\/strong>, a partir das <strong>15h30<\/strong>. A montagem tem dire\u00e7\u00e3o assinada por <strong>Marcelo Saback<\/strong>.<\/p>\n<p>Na pe\u00e7a, a dupla de atores interpretam <strong>seis casais<\/strong> \u201c<strong>em crise<\/strong>\u201d, que v\u00e3o desde: um casal para l\u00e1 de esquecido, namorados em que o homem precisa se reinventar para ficar com ela, uma mulher submissa, mas nem tanto, separa\u00e7\u00e3o com disputa de guarda de filhos, cachorro e amigos e muito mais.<\/p>\n<p>Entre os temas abordados est\u00e3o machismo versus feminismo, v\u00edcio em celular e internet, materialismo versus esoterismo e at\u00e9 transplante de \u00f3rg\u00e3os. Tudo com um toque de sarcasmo e paix\u00e3o.<\/p>\n<h2 class=\"wp-block-heading\"><strong>Ingressos<\/strong><\/h2>\n<p>Os ingressos podem ser adquiridos <strong>on-line <a href=\"https:\/\/megabilheteria.com\/evento?id=20250425160432\">(clique aqui)<\/a><\/strong> ou ent\u00e3o, presencialmente na bilheteria do <strong>Theatro Pedro II<\/strong> \u2013 <a href=\"https:\/\/www.theatropedro2.com.br\/comprar-ingresso.php\">confira o hor\u00e1rio de funcionamento aqui<\/a>. Os pre\u00e7os variam entre <strong>R$ 40 <\/strong>(popular) a <strong>R$ 250<\/strong>.<\/p>\n<h2 class=\"wp-block-heading\"><strong>Servi\u00e7o<\/strong><\/h2>\n<p><strong>Avesso do Avesso<\/strong><\/p>\n<p><strong>Quando: <\/strong>1\u00ba de junho, domingo <strong><br \/>Hor\u00e1rio:<\/strong> 15h30<strong><br \/>Local: <\/strong>Theatro Pedro II | rua \u00c1lvares Cabral, 370 \u2013 Centro <strong><br \/>Ingressos: <\/strong>A partir de R$ 40<\/p>\n<p>SAIBA MAIS<br \/>\u2018C\u00ea T\u00e1 Doido Festival\u2019 acontece neste final de semana em Ribeir\u00e3o; ainda h\u00e1 ingressos<\/p>\n<h4 class=\"wp-block-heading\"><strong>FIQUE ON<\/strong><\/h4>\n<p>Fique ligado em tudo que acontece em Ribeir\u00e3o Preto e regi\u00e3o. Siga os perfis do <strong>acidade on <\/strong>no <a href=\"https:\/\/www.instagram.com\/acidadeonribeirao\" target=\"_blank\" rel=\"noreferrer noopener\">Instagram<\/a> e no <a href=\"https:\/\/www.facebook.com\/acidadeonribeirao\" target=\"_blank\" rel=\"noreferrer noopener\">Facebook<\/a>.<\/p>\n<p>Receba not\u00edcias do <strong>acidade on<\/strong> no WhatsApp. Para entrar no grupo, basta <a href=\"https:\/\/chat.whatsapp.com\/BjKQZ9oJwlz8VVT50NuePq\" target=\"_blank\" rel=\"noreferrer noopener\">clicar aqui<\/a>.<\/p>\n<p>Fa\u00e7a uma den\u00fancia ou sugira uma reportagem sobre Ribeir\u00e3o Preto e regi\u00e3o pelo WhatsApp: 16 99117 7802.<\/p>\n<p>VEJA TAMB\u00c9M<br \/>O que sindicato disse sobre o padre F\u00e1bio de Melo?<\/p>\n<p><!-- CONTENT END 1 -->\n<\/div>\n<\/div>\n<p><script async src=\"\/\/www.instagram.com\/embed.js\"><\/script><br \/>\n<br \/><br \/>\n<br \/><a href=\"https:\/\/www.acidadeon.com\/ribeiraopreto\/lazer-e-cultura\/marcelo-serrado-e-heloisa-perisse-apresentam-avesso-do-avesso-no-theatro-pedro-ii\/\">Source link <\/a><\/p>\n","protected":false},"excerpt":{"rendered":"<p>Marcelo Serrado e Helo\u00edsa P\u00e9risse apresentam no Theatro Pedro II, em Ribeir\u00e3o Preto, a com\u00e9dia \u201cAvesso do Avesso\u201d, no dia 1\u00ba de junho, a partir&#8230;<\/p>\n","protected":false},"author":1,"featured_media":70610,"comment_status":"open","ping_status":"open","sticky":false,"template":"","format":"standard","meta":{"advanced_seo_description":"","jetpack_seo_html_title":"","jetpack_seo_noindex":false,"jetpack_post_was_ever_published":false,"_jetpack_newsletter_access":"","_jetpack_dont_email_post_to_subs":false,"_jetpack_newsletter_tier_id":0,"_jetpack_memberships_contains_paywalled_content":false,"_jetpack_memberships_contains_paid_content":false,"footnotes":"","jetpack_publicize_message":"","jetpack_publicize_feature_enabled":true,"jetpack_social_post_already_shared":true,"jetpack_social_options":{"image_generator_settings":{"template":"highway","default_image_id":0,"font":"","enabled":false},"version":2}},"categories":[11],"tags":[],"class_list":["post-70609","post","type-post","status-publish","format-standard","has-post-thumbnail","hentry","category-noticias-de-ribeirao-preto-sp-e-regiao-ismael-colosi"],"jetpack_publicize_connections":[],"jetpack_featured_media_url":"https:\/\/i0.wp.com\/noticiasribeiraopreto.com.br\/wp-content\/uploads\/2025\/05\/unnamed-3-1-3.webp.webp?fit=1600%2C1066&ssl=1","jetpack-related-posts":[{"id":70932,"url":"https:\/\/noticiasribeiraopreto.com.br\/index.php\/2025\/05\/31\/apresentacao-de-marcelo-serrado-e-heloisa-perisse-em-ribeirao-preto-e-cancelada\/","url_meta":{"origin":70609,"position":0},"title":"Apresenta\u00e7\u00e3o de Marcelo Serrado e Helo\u00edsa P\u00e9riss\u00e9 em Ribeir\u00e3o Preto \u00e9 cancelada","author":"noticiasribeiraopreto.com.br","date":"31 de May de 2025","format":false,"excerpt":"Est\u00e1 cancelada a apresenta\u00e7\u00e3o da pe\u00e7a \u201cAvesso do Avesso\u201d, que seria encenada no Theatro Pedro II, em Ribeir\u00e3o Preto, neste domingo (1\u00ba). A informa\u00e7\u00e3o foi confirmada por meio de um comunicado oficial divulgado nesta sexta-feira (30) \u2013 veja abaixo. De acordo com o comunicado, o cancelamento aconteceu por solicita\u00e7\u00e3o dos\u2026","rel":"","context":"In &quot;Not\u00edcias de Ribeir\u00e3o Preto-SP e Regi\u00e3o&quot;","block_context":{"text":"Not\u00edcias de Ribeir\u00e3o Preto-SP e Regi\u00e3o","link":"https:\/\/noticiasribeiraopreto.com.br\/index.php\/category\/noticias-de-ribeirao-preto-sp-e-regiao-ismael-colosi\/"},"img":{"alt_text":"","src":"https:\/\/i0.wp.com\/noticiasribeiraopreto.com.br\/wp-content\/uploads\/2025\/05\/unnamed-3-1-3.webp.webp?fit=1200%2C800&ssl=1&resize=350%2C200","width":350,"height":200,"srcset":"https:\/\/i0.wp.com\/noticiasribeiraopreto.com.br\/wp-content\/uploads\/2025\/05\/unnamed-3-1-3.webp.webp?fit=1200%2C800&ssl=1&resize=350%2C200 1x, https:\/\/i0.wp.com\/noticiasribeiraopreto.com.br\/wp-content\/uploads\/2025\/05\/unnamed-3-1-3.webp.webp?fit=1200%2C800&ssl=1&resize=525%2C300 1.5x, https:\/\/i0.wp.com\/noticiasribeiraopreto.com.br\/wp-content\/uploads\/2025\/05\/unnamed-3-1-3.webp.webp?fit=1200%2C800&ssl=1&resize=700%2C400 2x, https:\/\/i0.wp.com\/noticiasribeiraopreto.com.br\/wp-content\/uploads\/2025\/05\/unnamed-3-1-3.webp.webp?fit=1200%2C800&ssl=1&resize=1050%2C600 3x"},"classes":[]},{"id":70632,"url":"https:\/\/noticiasribeiraopreto.com.br\/index.php\/2025\/05\/28\/projeto-apresenta-concerto-alma-francesa-em-ribeirao-preto-entrada-e-gratuita\/","url_meta":{"origin":70609,"position":1},"title":"Projeto apresenta concerto \u2018Alma Francesa\u2019 em Ribeir\u00e3o Preto; entrada \u00e9 gratuita","author":"noticiasribeiraopreto.com.br","date":"28 de May de 2025","format":false,"excerpt":"A Alma (Academia Livre de M\u00fasica e Artes de Ribeir\u00e3o Preto), em parceria com o Minist\u00e9rio da Cultura e a Funda\u00e7\u00e3o Dom Pedro II, realizam no dia 4 de junho, \u00e0s 20h, o concerto \u201cAlma Francesa\u201d, no Theatro Pedro II, em Ribeir\u00e3o Preto. A entrada \u00e9 gratuita, mediante a retirada\u2026","rel":"","context":"In &quot;Not\u00edcias de Ribeir\u00e3o Preto-SP e Regi\u00e3o&quot;","block_context":{"text":"Not\u00edcias de Ribeir\u00e3o Preto-SP e Regi\u00e3o","link":"https:\/\/noticiasribeiraopreto.com.br\/index.php\/category\/noticias-de-ribeirao-preto-sp-e-regiao-ismael-colosi\/"},"img":{"alt_text":"","src":"https:\/\/i0.wp.com\/noticiasribeiraopreto.com.br\/wp-content\/uploads\/2025\/05\/d712e656-dca2-41e8-80ea-c20f2faf7214_2025-05-28_16-24-54.webp.webp?fit=1200%2C800&ssl=1&resize=350%2C200","width":350,"height":200,"srcset":"https:\/\/i0.wp.com\/noticiasribeiraopreto.com.br\/wp-content\/uploads\/2025\/05\/d712e656-dca2-41e8-80ea-c20f2faf7214_2025-05-28_16-24-54.webp.webp?fit=1200%2C800&ssl=1&resize=350%2C200 1x, https:\/\/i0.wp.com\/noticiasribeiraopreto.com.br\/wp-content\/uploads\/2025\/05\/d712e656-dca2-41e8-80ea-c20f2faf7214_2025-05-28_16-24-54.webp.webp?fit=1200%2C800&ssl=1&resize=525%2C300 1.5x, https:\/\/i0.wp.com\/noticiasribeiraopreto.com.br\/wp-content\/uploads\/2025\/05\/d712e656-dca2-41e8-80ea-c20f2faf7214_2025-05-28_16-24-54.webp.webp?fit=1200%2C800&ssl=1&resize=700%2C400 2x, https:\/\/i0.wp.com\/noticiasribeiraopreto.com.br\/wp-content\/uploads\/2025\/05\/d712e656-dca2-41e8-80ea-c20f2faf7214_2025-05-28_16-24-54.webp.webp?fit=1200%2C800&ssl=1&resize=1050%2C600 3x"},"classes":[]},{"id":70544,"url":"https:\/\/noticiasribeiraopreto.com.br\/index.php\/2025\/05\/27\/theatro-pedro-ii-saiba-como-garantir-entrada-gratuita-com-o-projeto-ingresso-social\/","url_meta":{"origin":70609,"position":2},"title":"Theatro Pedro II: saiba como garantir entrada gratuita com o projeto &#8216;Ingresso Social&#8217;","author":"noticiasribeiraopreto.com.br","date":"27 de May de 2025","format":false,"excerpt":"A Funda\u00e7\u00e3o Dom Pedro II, em parceria com a prefeitura, lan\u00e7ou nesta ter\u00e7a-feira (27) o projeto \u201cIngresso Social\u201d para que pessoas de baixa renda recebam ingressos gratuitos para espet\u00e1culos no Theatro Pedro II, em Ribeir\u00e3o Preto. Os ingressos s\u00e3o destinados aos inscritos no Cad\u00danico (Cadastro \u00danico para Programas Sociais) do\u2026","rel":"","context":"In &quot;Not\u00edcias de Ribeir\u00e3o Preto-SP e Regi\u00e3o&quot;","block_context":{"text":"Not\u00edcias de Ribeir\u00e3o Preto-SP e Regi\u00e3o","link":"https:\/\/noticiasribeiraopreto.com.br\/index.php\/category\/noticias-de-ribeirao-preto-sp-e-regiao-ismael-colosi\/"},"img":{"alt_text":"","src":"https:\/\/i0.wp.com\/noticiasribeiraopreto.com.br\/wp-content\/uploads\/2025\/02\/limpeza_lustre_theatro_-_foto_fernando_gonzaga12_2025-02-24_20-18-04_jpg_2025-02-24_20-18-04.webp.webp?fit=1200%2C800&ssl=1&resize=350%2C200","width":350,"height":200,"srcset":"https:\/\/i0.wp.com\/noticiasribeiraopreto.com.br\/wp-content\/uploads\/2025\/02\/limpeza_lustre_theatro_-_foto_fernando_gonzaga12_2025-02-24_20-18-04_jpg_2025-02-24_20-18-04.webp.webp?fit=1200%2C800&ssl=1&resize=350%2C200 1x, https:\/\/i0.wp.com\/noticiasribeiraopreto.com.br\/wp-content\/uploads\/2025\/02\/limpeza_lustre_theatro_-_foto_fernando_gonzaga12_2025-02-24_20-18-04_jpg_2025-02-24_20-18-04.webp.webp?fit=1200%2C800&ssl=1&resize=525%2C300 1.5x, https:\/\/i0.wp.com\/noticiasribeiraopreto.com.br\/wp-content\/uploads\/2025\/02\/limpeza_lustre_theatro_-_foto_fernando_gonzaga12_2025-02-24_20-18-04_jpg_2025-02-24_20-18-04.webp.webp?fit=1200%2C800&ssl=1&resize=700%2C400 2x, https:\/\/i0.wp.com\/noticiasribeiraopreto.com.br\/wp-content\/uploads\/2025\/02\/limpeza_lustre_theatro_-_foto_fernando_gonzaga12_2025-02-24_20-18-04_jpg_2025-02-24_20-18-04.webp.webp?fit=1200%2C800&ssl=1&resize=1050%2C600 3x"},"classes":[]},{"id":70835,"url":"https:\/\/noticiasribeiraopreto.com.br\/index.php\/2025\/05\/30\/ludmilla-planeta-urbano-e-muita-musica-veja-onde-aproveitar-o-fim-de-semana-em-ribeirao-preto\/","url_meta":{"origin":70609,"position":3},"title":"Ludmilla, Planeta Urbano e muita m\u00fasica: veja onde aproveitar o fim de semana em Ribeir\u00e3o Preto","author":"noticiasribeiraopreto.com.br","date":"30 de May de 2025","format":false,"excerpt":"O fim de semana em Ribeir\u00e3o Preto est\u00e1 com diversas atra\u00e7\u00f5es para quem quer curtir o frio longe das cobertas. Os destaques ficam por conta do show de Ludmilla, com a turn\u00ea Numanice, o Festival Planeta Urbano, e o Ce T\u00e1 Doido Festival, que re\u00fane nomes do sertanejo como \u00cdcaro\u2026","rel":"","context":"In &quot;Not\u00edcias de Ribeir\u00e3o Preto-SP e Regi\u00e3o&quot;","block_context":{"text":"Not\u00edcias de Ribeir\u00e3o Preto-SP e Regi\u00e3o","link":"https:\/\/noticiasribeiraopreto.com.br\/index.php\/category\/noticias-de-ribeirao-preto-sp-e-regiao-ismael-colosi\/"},"img":{"alt_text":"","src":"https:\/\/i0.wp.com\/noticiasribeiraopreto.com.br\/wp-content\/uploads\/2025\/05\/ludmilla_2025-05-30_14-37-36.webp.webp?fit=980%2C615&ssl=1&resize=350%2C200","width":350,"height":200,"srcset":"https:\/\/i0.wp.com\/noticiasribeiraopreto.com.br\/wp-content\/uploads\/2025\/05\/ludmilla_2025-05-30_14-37-36.webp.webp?fit=980%2C615&ssl=1&resize=350%2C200 1x, https:\/\/i0.wp.com\/noticiasribeiraopreto.com.br\/wp-content\/uploads\/2025\/05\/ludmilla_2025-05-30_14-37-36.webp.webp?fit=980%2C615&ssl=1&resize=525%2C300 1.5x, https:\/\/i0.wp.com\/noticiasribeiraopreto.com.br\/wp-content\/uploads\/2025\/05\/ludmilla_2025-05-30_14-37-36.webp.webp?fit=980%2C615&ssl=1&resize=700%2C400 2x"},"classes":[]},{"id":56256,"url":"https:\/\/noticiasribeiraopreto.com.br\/index.php\/2024\/08\/12\/theatro-pedro-ii-em-ribeirao-preto-recebe-show-de-comedia-embrulha-pra-viagem\/","url_meta":{"origin":70609,"position":4},"title":"Theatro Pedro II em Ribeir\u00e3o Preto recebe show de com\u00e9dia \u2018Embrulha Pra Viagem\u2019","author":"noticiasribeiraopreto.com.br","date":"12 de August de 2024","format":false,"excerpt":"Os atores Marcelo Laham, Maur\u00edcio de Barros e Willian Mezzacapa, apresentam o show de com\u00e9dia \u201cEmbrulha Pra Viagem \u2013 Ao Vivo\u201d, no Theatro Pedro II, em Ribeir\u00e3o Preto, no dia 6 de setembro, \u00e0s 20h. No espet\u00e1culo se apresentam mais de 20 personagens do grupo, que se revezam em um\u2026","rel":"","context":"In &quot;Not\u00edcias de Ribeir\u00e3o Preto-SP e Regi\u00e3o&quot;","block_context":{"text":"Not\u00edcias de Ribeir\u00e3o Preto-SP e Regi\u00e3o","link":"https:\/\/noticiasribeiraopreto.com.br\/index.php\/category\/noticias-de-ribeirao-preto-sp-e-regiao-ismael-colosi\/"},"img":{"alt_text":"","src":"https:\/\/i0.wp.com\/noticiasribeiraopreto.com.br\/wp-content\/uploads\/2024\/08\/Copia-de-Copia-de-TAMANHO-EXATO-PARA-FOTOS-NO-SISTEMA-NOVO-43_2024-08-12_13-27-40_jpg_2024-08-12_13-27-40.webp.webp?fit=1200%2C675&ssl=1&resize=350%2C200","width":350,"height":200,"srcset":"https:\/\/i0.wp.com\/noticiasribeiraopreto.com.br\/wp-content\/uploads\/2024\/08\/Copia-de-Copia-de-TAMANHO-EXATO-PARA-FOTOS-NO-SISTEMA-NOVO-43_2024-08-12_13-27-40_jpg_2024-08-12_13-27-40.webp.webp?fit=1200%2C675&ssl=1&resize=350%2C200 1x, https:\/\/i0.wp.com\/noticiasribeiraopreto.com.br\/wp-content\/uploads\/2024\/08\/Copia-de-Copia-de-TAMANHO-EXATO-PARA-FOTOS-NO-SISTEMA-NOVO-43_2024-08-12_13-27-40_jpg_2024-08-12_13-27-40.webp.webp?fit=1200%2C675&ssl=1&resize=525%2C300 1.5x, https:\/\/i0.wp.com\/noticiasribeiraopreto.com.br\/wp-content\/uploads\/2024\/08\/Copia-de-Copia-de-TAMANHO-EXATO-PARA-FOTOS-NO-SISTEMA-NOVO-43_2024-08-12_13-27-40_jpg_2024-08-12_13-27-40.webp.webp?fit=1200%2C675&ssl=1&resize=700%2C400 2x, https:\/\/i0.wp.com\/noticiasribeiraopreto.com.br\/wp-content\/uploads\/2024\/08\/Copia-de-Copia-de-TAMANHO-EXATO-PARA-FOTOS-NO-SISTEMA-NOVO-43_2024-08-12_13-27-40_jpg_2024-08-12_13-27-40.webp.webp?fit=1200%2C675&ssl=1&resize=1050%2C600 3x"},"classes":[]},{"id":79502,"url":"https:\/\/noticiasribeiraopreto.com.br\/index.php\/2025\/11\/03\/cristina-mode-e-gustavo-molinari-se-apresentam-no-theatro-pedro-ii-veja-quando\/","url_meta":{"origin":70609,"position":5},"title":"Cristina Mod\u00e9 e Gustavo Molinari se apresentam no Theatro Pedro II; veja quando","author":"noticiasribeiraopreto.com.br","date":"3 de November de 2025","format":false,"excerpt":"A mezzo-soprano Cristina Mod\u00e9 e o pianista Gustavo Molinari se apresentam no Theatro Pedro II, em Ribeir\u00e3o Preto, na ter\u00e7a-feira (11), \u00e0s 20h, em um concerto que celebra a expressividade e a delicadeza da m\u00fasica de c\u00e2mara. O recital traz um repert\u00f3rio cuidadosamente selecionado, com obras que percorrem o lirismo\u2026","rel":"","context":"In &quot;Not\u00edcias de Ribeir\u00e3o Preto-SP e Regi\u00e3o&quot;","block_context":{"text":"Not\u00edcias de Ribeir\u00e3o Preto-SP e Regi\u00e3o","link":"https:\/\/noticiasribeiraopreto.com.br\/index.php\/category\/noticias-de-ribeirao-preto-sp-e-regiao-ismael-colosi\/"},"img":{"alt_text":"","src":"https:\/\/i0.wp.com\/noticiasribeiraopreto.com.br\/wp-content\/uploads\/2025\/11\/palace_2025-11-03_12-04-58.webp.webp?fit=1200%2C675&ssl=1&resize=350%2C200","width":350,"height":200,"srcset":"https:\/\/i0.wp.com\/noticiasribeiraopreto.com.br\/wp-content\/uploads\/2025\/11\/palace_2025-11-03_12-04-58.webp.webp?fit=1200%2C675&ssl=1&resize=350%2C200 1x, https:\/\/i0.wp.com\/noticiasribeiraopreto.com.br\/wp-content\/uploads\/2025\/11\/palace_2025-11-03_12-04-58.webp.webp?fit=1200%2C675&ssl=1&resize=525%2C300 1.5x, https:\/\/i0.wp.com\/noticiasribeiraopreto.com.br\/wp-content\/uploads\/2025\/11\/palace_2025-11-03_12-04-58.webp.webp?fit=1200%2C675&ssl=1&resize=700%2C400 2x, https:\/\/i0.wp.com\/noticiasribeiraopreto.com.br\/wp-content\/uploads\/2025\/11\/palace_2025-11-03_12-04-58.webp.webp?fit=1200%2C675&ssl=1&resize=1050%2C600 3x"},"classes":[]}],"jetpack_sharing_enabled":true,"jetpack_shortlink":"https:\/\/wp.me\/peQAOb-imR","_links":{"self":[{"href":"https:\/\/noticiasribeiraopreto.com.br\/index.php\/wp-json\/wp\/v2\/posts\/70609","targetHints":{"allow":["GET"]}}],"collection":[{"href":"https:\/\/noticiasribeiraopreto.com.br\/index.php\/wp-json\/wp\/v2\/posts"}],"about":[{"href":"https:\/\/noticiasribeiraopreto.com.br\/index.php\/wp-json\/wp\/v2\/types\/post"}],"author":[{"embeddable":true,"href":"https:\/\/noticiasribeiraopreto.com.br\/index.php\/wp-json\/wp\/v2\/users\/1"}],"replies":[{"embeddable":true,"href":"https:\/\/noticiasribeiraopreto.com.br\/index.php\/wp-json\/wp\/v2\/comments?post=70609"}],"version-history":[{"count":0,"href":"https:\/\/noticiasribeiraopreto.com.br\/index.php\/wp-json\/wp\/v2\/posts\/70609\/revisions"}],"wp:featuredmedia":[{"embeddable":true,"href":"https:\/\/noticiasribeiraopreto.com.br\/index.php\/wp-json\/wp\/v2\/media\/70610"}],"wp:attachment":[{"href":"https:\/\/noticiasribeiraopreto.com.br\/index.php\/wp-json\/wp\/v2\/media?parent=70609"}],"wp:term":[{"taxonomy":"category","embeddable":true,"href":"https:\/\/noticiasribeiraopreto.com.br\/index.php\/wp-json\/wp\/v2\/categories?post=70609"},{"taxonomy":"post_tag","embeddable":true,"href":"https:\/\/noticiasribeiraopreto.com.br\/index.php\/wp-json\/wp\/v2\/tags?post=70609"}],"curies":[{"name":"wp","href":"https:\/\/api.w.org\/{rel}","templated":true}]}}