{"id":70611,"date":"2025-05-28T11:28:33","date_gmt":"2025-05-28T14:28:33","guid":{"rendered":"https:\/\/noticiasribeiraopreto.com.br\/index.php\/2025\/05\/28\/jornal-da-franca-veja-o-que-o-sesc-franca-programou-para-terminar-maio-e-comecar-o-mes-de-junho\/"},"modified":"2025-05-28T11:28:33","modified_gmt":"2025-05-28T14:28:33","slug":"jornal-da-franca-veja-o-que-o-sesc-franca-programou-para-terminar-maio-e-comecar-o-mes-de-junho","status":"publish","type":"post","link":"https:\/\/noticiasribeiraopreto.com.br\/index.php\/2025\/05\/28\/jornal-da-franca-veja-o-que-o-sesc-franca-programou-para-terminar-maio-e-comecar-o-mes-de-junho\/","title":{"rendered":"Jornal da Franca &#8211; Veja o que o Sesc Franca programou para terminar maio e come\u00e7ar o m\u00eas de junho"},"content":{"rendered":"<p> <br \/>\n<\/p>\n<div>\n\t                            <a class=\"mb-1\" href=\"https:\/\/api.whatsapp.com\/send?text=Olha essa Not\u00edcia no Jornal da Franca.%0D%0D*Veja o que o Sesc Franca programou para terminar maio e come\u00e7ar o m\u00eas de junho*%0D%0Dclique na url abaixo%0Dhttps:\/\/www.jornaldafranca.com.br\/veja-o-que-o-sesc-franca-programou-para-terminar-maio-e-comecar-o-mes-de-junho\/\" target=\"_blank\"><span class=\"text-12 badge badge-pill badge-success\"><i class=\"fa fa-whatsapp\"\/> compartilhar no whatsapp<\/span><\/a><\/p>\n<p>\t                            <a class=\"mb-1\" href=\"https:\/\/telegram.me\/share\/url?url=https:\/\/www.jornaldafranca.com.br\/veja-o-que-o-sesc-franca-programou-para-terminar-maio-e-comecar-o-mes-de-junho\/&amp;text=Olha essa Not\u00edcia no Jornal da Franca.\" target=\"_blank\"><span class=\"text-12 badge badge-pill badge-info\"><i class=\"fa fa-telegram\"\/> compartilhar no telegram<\/span><\/a><\/p>\n<p>\t                            <a class=\"mb-1\" href=\"https:\/\/www.facebook.com\/sharer\/sharer.php?u=https:\/\/www.jornaldafranca.com.br\/veja-o-que-o-sesc-franca-programou-para-terminar-maio-e-comecar-o-mes-de-junho\/\" target=\"_blank\"><span class=\"text-12 badge badge-pill badge-primary\"><i class=\"fa fa-facebook\"\/> compartilhar no facebook<\/span><\/a><\/p>\n<p>\t                            <a class=\"mb-1\" href=\"https:\/\/www.linkedin.com\/shareArticle?mini=true&amp;url=https:\/\/www.jornaldafranca.com.br\/veja-o-que-o-sesc-franca-programou-para-terminar-maio-e-comecar-o-mes-de-junho\/&amp;title=Veja o que o Sesc Franca programou para terminar maio e come\u00e7ar o m\u00eas de junho&amp;source=JORNAL DA FRANCA\" target=\"_blank\"><span class=\"text-12 badge badge-pill badge-secondary\"><i class=\"fa fa-linkedin\"\/> compartilhar no linkedin<\/span><\/a><\/p>\n<div class=\"lead text-20\">\n<p>Fechando maio e abrindo junho, o Sesc Franca tem atividades para todos os p\u00fablicos e idades, com Literatura, M\u00fasica, Teatro e Feira Socioambiental<\/p>\n<\/p><\/div>\n<p><img data-recalc-dims=\"1\" decoding=\"async\" src=\"https:\/\/i0.wp.com\/www.jornaldafranca.com.br\/wp-content\/uploads\/2025\/05\/Sem-titulo-4.jpg?ssl=1\" alt=\"\"\/><\/p>\n<h6>E\u2019Kaab\u00f3 se apresenta no Sesc Franca na \u00faltima quinta-feira de maio (Foto: Camila Tom\u00e9)<\/h6>\n<p><strong>LITERATURA| MARINA ESTEVES l\u00ea bell hooks \u2013 tudo sobre o amor: novas perspectivas<\/strong><\/p>\n<p>Com Marina Esteves<\/p>\n<p>A atriz, diretora e bailarina Marina Esteves prop\u00f5e a leitura de trechos do livro da autora bell hooks a partir de sua pesquisa art\u00edstica e de debates contempor\u00e2neos. \u201cTudo sobre o amor: novas perspectivas\u201d da escritora bell hooks \u00e9 um livro que agu\u00e7a os olhares para as rela\u00e7\u00f5es contempor\u00e2neas e traz reflex\u00f5es sobre o amor, como a\u00e7\u00e3o pol\u00edtica de<br \/>transforma\u00e7\u00e3o social.<\/p>\n<p>Nesta media\u00e7\u00e3o de leitura, que acontece na Sala 2 do Sesc Franca, gratuitamente, no dia 28 de maio, a artista convida os participantes ao contato com passagens dessa obra sobre amor \u2014 tema preterido socialmente para a comunidade negra, sobretudo, dentro de um recorte de g\u00eanero \u2014 por meio da audi\u00e7\u00e3o e interpreta\u00e7\u00e3o ao vivo.<\/p>\n<p>Evocando sua est\u00e9tica de pesquisa com a palavra na cena, a proposta de leitura mant\u00e9m resson\u00e2ncia com o teatro \u00e9pico (forma teatral que se distingue por criar uma dist\u00e2ncia entre o p\u00fablico e a narrativa, incentivando a reflex\u00e3o e a cr\u00edtica social) e com o spoken word (palavra falada, em portugu\u00eas \u2014 \u00e9 uma forma de arte verbal onde poemas, contos,<br \/>m\u00fasicas ou letras s\u00e3o falados ao inv\u00e9s de cantados, enfatizando a oralidade e a performance).<\/p>\n<p><strong>Servi\u00e7o<\/strong><\/p>\n<p>Data: 28 de maio. Quarta, 19h30<br \/>Classifica\u00e7\u00e3o indicativa: 14 anos<br \/>Local: Sala 2 do Sesc Franca<br \/>Gr\u00e1tis | Retirada de senhas 30 min. antes<\/p>\n<p><strong>PESSOAS IDOSAS | BANDA BUENA SALSA<\/strong><\/p>\n<p>Baile Latino<\/p>\n<p>Embalada por ritmos que convidam o p\u00fablico a dan\u00e7ar, a banda, formada por m\u00fasicos experientes que vieram das cidades de S\u00e3o Carlos, Araraquara e Barra Bonita, ocupa a Conviv\u00eancia do Sesc Franca na tarde do dia 29 de maio, promovendo um verdadeiro baile latino com um repert\u00f3rio que contempla sons tradicionais e de raiz das ilhas e pa\u00edses da Am\u00e9rica Central e as mais modernas interpreta\u00e7\u00f5es da salsa. Um show envolvente, com entrada livre e para pessoas de todas as idades.<\/p>\n<p><strong>Ficha T\u00e9cnica:<\/strong><\/p>\n<p>Piano e Dire\u00e7\u00e3o Musical: Murilo Barbosa<br \/>Voz: Adriana Gennari<br \/>Baixo: Fabiano Nunes<br \/>Bateria: Bruno Bernini<br \/>Percuss\u00e3o: Vlad Percussa<br \/>Sax e Flauta: Everton Pera<br \/>Trompete: Jos\u00e9 Manga<\/p>\n<p><strong>Servi\u00e7o<\/strong><\/p>\n<p>Data: 29 de maio. Quinta, 15h<br \/>Classifica\u00e7\u00e3o indicativa: 60 anos<br \/>Local: Conviv\u00eancia do Sesc Franca<br \/>Gr\u00e1tis<\/p>\n<p><strong>TEATRO \u2013 ESTREIA | E K\u00e1\u00e0bo \u2013 Travessia de N\u00f3s<\/strong><\/p>\n<p>Com Grupo Corpo Negro<\/p>\n<p>A noite da \u00faltima quinta-feira do m\u00eas traz ao palco do Teatro do Sesc Franca a nova pe\u00e7a teatral do Grupo Corpo Negro, que parte de refer\u00eancias do teatro negro, teatro Hip Hop, Spoken Word e do Movimento Afrofuturista.<\/p>\n<p>O espet\u00e1culo, que homenageia a cultura afro-brasileira \u2014 com foco em pr\u00e1ticas, tradi\u00e7\u00f5es e conhecimentos das religi\u00f5es de matriz africana \u2014 mergulha profundamente na ancestralidade, trazendo reflex\u00f5es acerca das quest\u00f5es contempor\u00e2neas relacionadas \u00e0 especula\u00e7\u00e3o imobili\u00e1ria, ao racismo religioso e \u00e0 busca por identidade em um mundo em transforma\u00e7\u00e3o.<\/p>\n<p>\u201cEste projeto \u00e9 sobre afeto e futuro, sobre realidade e fic\u00e7\u00e3o, rompendo com o estere\u00f3tipo das pessoas negras que existem \u00fanica e exclusivamente para combater o racismo, mas que tamb\u00e9m tem demandas sobre amor, tecnologias, coletividade, informa\u00e7\u00e3o, futuro e identidade.\u201d, disse Rodrigo Raphael, ator\/fundador do grupo.<\/p>\n<p><strong>Ficha T\u00e9cnica:<\/strong><\/p>\n<p>Idealiza\u00e7\u00e3o e Concep\u00e7\u00e3o do Projeto: Grupo Corpo Negro<br \/>Dire\u00e7\u00e3o Geral: Dani Nega e \u00cdcaro Rodrigues<br \/>Dire\u00e7\u00e3o Musical: Dani Nega<br \/>Assistente de Dire\u00e7\u00e3o: Rog\u00e9rio Miranda<br \/>Dramaturgia: Lucas Moura<br \/>Figurino: Claudia Schapira<br \/>Composi\u00e7\u00f5es Autorais: Dani Nega, Icaro Rodrigues e Rog\u00e9rio Miranda<br \/>Ilumina\u00e7\u00e3o: Matheus Brant<br \/>T\u00e9cnico de Som: Daniel Rached<br \/>Cenot\u00e9cnico: Daniel Rached<br \/>Elenco: Nathalia Fernandes, Gabriela Sampaio, Xakaw Silva, Rodrigo Raphael e Rog\u00e9rio Miranda<br \/>Participa\u00e7\u00e3o Especial (voz em off): Dorvalina da Silva e Iya Neide Ribeiro<br \/>Produ\u00e7\u00e3o Executiva: Daniel Rached e Gabriela Antonieti<br \/>Produ\u00e7\u00e3o de Vendas: Rodrigo Raphael<br \/>Coordena\u00e7\u00e3o de Produ\u00e7\u00e3o: Oriri Ag\u00eancia Cultural<br \/>Pesquisa e Orienta\u00e7\u00e3o de Matriz Africana: Centro Cultural Or\u00f9nmil\u00e1<br \/>Consultoria e Media\u00e7\u00e3o de Pesquisa: Danielle Osuniwe<br \/>Realiza\u00e7\u00e3o: Grupo Corpo Negro<\/p>\n<p><strong>Servi\u00e7o<\/strong><\/p>\n<p>Data: 29 de maio. Quinta, 19h30<\/p>\n<p>Classifica\u00e7\u00e3o indicativa: 14 anos<\/p>\n<p>Local: Teatro do Sesc Franca<\/p>\n<p>Ingressos: R$15 (credencial plena), R$25 (meia), R$50 (inteira)<br \/>Abertura das vendas: 20 de maio, 17h (on-line) e 21 de maio, 17h (presencial)<br \/>Tradu\u00e7\u00e3o em Libras<\/p>\n<p><strong>MEIO AMBIENTE | FEIRA SOCIOAMBIENTAL<\/strong><\/p>\n<p>Com S\u00edtio Santa Terra, Composta e Planta, Juventude pelo Clima \u2013 Franca, Instituto<br \/>M\u00e3es que Florescem, Coorg\u00e2nica e Partilha de Alimentos<\/p>\n<p>Combinando a\u00e7\u00f5es que promovem a preserva\u00e7\u00e3o do planeta e o desenvolvimento social, na sexta-feira, 30 de maio, a Conviv\u00eancia do Sesc Franca se transforma em um espa\u00e7o de troca de conhecimento e experi\u00eancias, buscando inspirar e engajar a comunidade em prol da sustentabilidade.<\/p>\n<p>Com essa atividade, o Sesc Franca busca apoiar a produ\u00e7\u00e3o socioambientalmente respons\u00e1vel, apresentando iniciativas, cooperativas, redes de produtoras e produtores e empreendimentos comunit\u00e1rios no territ\u00f3rio \u2014 que al\u00e9m de compartilhar pr\u00e1ticas e saberes voltadas ao cuidado com o ambiente e com as pessoas, transformam a realidade.<\/p>\n<p>Iniciativas e coletivos estar\u00e3o com produtos, ideias e saberes voltados ao cuidado com o ambiente e com as pessoas, ampliando conhecimento e incentivando a ado\u00e7\u00e3o de pr\u00e1ticas de vida mais sustent\u00e1veis.<\/p>\n<p><strong>Servi\u00e7o<\/strong><\/p>\n<p>Data: 30 de maio. Sexta, 18h \u00e0s 21h<br \/>Classifica\u00e7\u00e3o indicativa: Livre<br \/>Local: Conviv\u00eancia do Sesc Franca<br \/>Gr\u00e1tis<\/p>\n<p><strong>CRIAN\u00c7AS | UM DIA, UM RIO<\/strong><\/p>\n<p>Com Grupo 59 de Teatro<\/p>\n<p>Abrindo a programa\u00e7\u00e3o teatral de junho, o espet\u00e1culo c\u00eanico musical que narra a vida de um rio, desde o seu nascimento como um riacho \u00e0 exuber\u00e2ncia de suas \u00e1guas que desenham lindas paisagens, poder\u00e1 ser visto no Teatro do Sesc Franca, no dia 01 de junho, com entrada gratuita para crian\u00e7as at\u00e9 12 anos.<\/p>\n<p>A pe\u00e7a infantojuvenil \u00e9 inspirada no livro de mesmo nome, com autoria de Leo Cunha e ilustra\u00e7\u00f5es de Andr\u00e9 Neves, e apresenta um lamento, um grito de socorro tardio de um rio indefeso que n\u00e3o tem como reagir ao ser invadido pela lama da minera\u00e7\u00e3o que destr\u00f3i suas \u00e1guas.<\/p>\n<p>Com lirismo e contund\u00eancia, pe\u00e7a e livro abordam o desastre ambiental que destruiu a Bacia do Rio Doce, em 2015.<\/p>\n<p>O Grupo 59 de Teatro \u00e9 o encontro de 12 atrizes e atores formados pela Escola de Arte Dram\u00e1tica (EAD\/ECA\/USP). Desde sua funda\u00e7\u00e3o, em mar\u00e7o de 2011, realizou mais de 400 apresenta\u00e7\u00f5es, com um p\u00fablico estimado em mais de 70 mil espectadores. Recebeu os pr\u00eamios APCA, Pr\u00eamio S\u00e3o Paulo de Teatro para Inf\u00e2ncia e Juventude e Pr\u00eamio Cooperativa Paulista de Teatro.<\/p>\n<p><strong>Ficha T\u00e9cnica:<\/strong><\/p>\n<p>Uma cria\u00e7\u00e3o do Grupo 59 de Teatro inspirada na obra de Leo Cunha e Andr\u00e9 Neves<br \/>Dire\u00e7\u00e3o: Fabiano Lodi<br \/>Dramaturgia: Bruno Gavranic e Grupo 59 de Teatro<br \/>Elenco: Carol Faria, Fernando Vicente, Gabriel Bodstein, Nath\u00e1lia Ernesto e Jane Fernandes<br \/>Dire\u00e7\u00e3o Musical: Felipe Gomes Moreira e Thomas Huszar<br \/>Cen\u00e1rio e Figurinos: Kleber Montanheiro<br \/>Assist\u00eancia em Cen\u00e1rio e Figurinos: Marcos Valad\u00e3o<br \/>Desenho de Luz: Gabriele Souza<br \/>Opera\u00e7\u00e3o de Luz: Sylvie Laila<br \/>T\u00e9cnico de Som: Nicholas Rabinovitch<br \/>Pensamento Corporal: Fernando Vicente<br \/>Ilustra\u00e7\u00f5es: Andr\u00e9 Neves<br \/>Fotos: Pri Fiotti<br \/>Produ\u00e7\u00e3o Executiva: Gabriela Cerqueira<br \/>Idealiza\u00e7\u00e3o de Projeto: Carol Faria e Fabiano Lodi<br \/>Produtora Associada: Leneus Produtora de Arte<br \/>Realiza\u00e7\u00e3o: 59 Produ\u00e7\u00f5es Art\u00edsticas e Culturais<\/p>\n<p><strong>Servi\u00e7o<\/strong><\/p>\n<p>Data: 01 de junho. Domingo, 16h<br \/>Classifica\u00e7\u00e3o indicativa: 4 anos<br \/>Local: Teatro do Sesc Franca<br \/>Ingressos: R$12 (credencial plena), R$20 (meia), R$40 (inteira)<br \/>Abertura das vendas: 20 de maio, 17h (on-line) e 21 de maio, 17h (presencial)<br \/>Gr\u00e1tis para crian\u00e7as at\u00e9 12 anos<\/p>\n<p>Ingressos podem ser adquiridos via aplicativo Credencial Sesc SP, Central de<br \/>Relacionamento Digital (desktop) ou presencialmente nas unidades do Sesc.<\/p>\n<p>Endere\u00e7o: Av. Dr. Ismael Alonso Y Alonso, 3071<br \/>Site: sescsp.org.br\/franca<br \/>Instagram: @sescfranca<\/p>\n<p><!-- CONTENT END 1 --><\/p>\n<hr\/><\/div>\n<p><br \/>\n<br \/><a href=\"https:\/\/www.jornaldafranca.com.br\/veja-o-que-o-sesc-franca-programou-para-terminar-maio-e-comecar-o-mes-de-junho\/\">Source link <\/a><\/p>\n","protected":false},"excerpt":{"rendered":"<p>compartilhar no whatsapp compartilhar no telegram compartilhar no facebook compartilhar no linkedin Fechando maio e abrindo junho, o Sesc Franca tem atividades para todos os&#8230;<\/p>\n","protected":false},"author":1,"featured_media":70612,"comment_status":"open","ping_status":"open","sticky":false,"template":"","format":"standard","meta":{"advanced_seo_description":"","jetpack_seo_html_title":"","jetpack_seo_noindex":false,"jetpack_post_was_ever_published":false,"_jetpack_newsletter_access":"","_jetpack_dont_email_post_to_subs":false,"_jetpack_newsletter_tier_id":0,"_jetpack_memberships_contains_paywalled_content":false,"_jetpack_memberships_contains_paid_content":false,"footnotes":"","jetpack_publicize_message":"","jetpack_publicize_feature_enabled":true,"jetpack_social_post_already_shared":true,"jetpack_social_options":{"image_generator_settings":{"template":"highway","default_image_id":0,"font":"","enabled":false},"version":2}},"categories":[3597],"tags":[],"class_list":["post-70611","post","type-post","status-publish","format-standard","has-post-thumbnail","hentry","category-noticias-franca-sp"],"jetpack_publicize_connections":[],"jetpack_featured_media_url":"https:\/\/i0.wp.com\/noticiasribeiraopreto.com.br\/wp-content\/uploads\/2025\/05\/Sem-titulo-4.jpg?fit=567%2C340&ssl=1","jetpack-related-posts":[{"id":67863,"url":"https:\/\/noticiasribeiraopreto.com.br\/index.php\/2025\/04\/19\/jornal-da-franca-sesi-franca-quer-vencer-o-cordoba-e-deixar-a-champions-league-de-cabeca-erguida\/","url_meta":{"origin":70611,"position":0},"title":"Jornal da Franca &#8211; Sesi Franca quer vencer o C\u00f3rdoba e deixar a Champions League de cabe\u00e7a erguida","author":"noticiasribeiraopreto.com.br","date":"19 de April de 2025","format":false,"excerpt":"compartilhar no whatsapp compartilhar no telegram compartilhar no facebook compartilhar no linkedin Jogo de hoje servir\u00e1 para a equipe se reencontrar e encerrar campeonato honrosamente O Sesi Franca ainda procura se reencontrar ap\u00f3s a elimina\u00e7\u00e3o contra o Flamengo pelas semifinais da Champions League, por 91 a 65, na noite desta\u2026","rel":"","context":"In &quot;Not\u00edcias de Franca-SP&quot;","block_context":{"text":"Not\u00edcias de Franca-SP","link":"https:\/\/noticiasribeiraopreto.com.br\/index.php\/category\/noticias-de-ribeirao-preto-sp-e-regiao-ismael-colosi\/noticias-franca-sp\/"},"img":{"alt_text":"","src":"https:\/\/i0.wp.com\/noticiasribeiraopreto.com.br\/wp-content\/uploads\/2025\/04\/IMG_20250418_111654.jpg?fit=1080%2C710&ssl=1&resize=350%2C200","width":350,"height":200,"srcset":"https:\/\/i0.wp.com\/noticiasribeiraopreto.com.br\/wp-content\/uploads\/2025\/04\/IMG_20250418_111654.jpg?fit=1080%2C710&ssl=1&resize=350%2C200 1x, https:\/\/i0.wp.com\/noticiasribeiraopreto.com.br\/wp-content\/uploads\/2025\/04\/IMG_20250418_111654.jpg?fit=1080%2C710&ssl=1&resize=525%2C300 1.5x, https:\/\/i0.wp.com\/noticiasribeiraopreto.com.br\/wp-content\/uploads\/2025\/04\/IMG_20250418_111654.jpg?fit=1080%2C710&ssl=1&resize=700%2C400 2x, https:\/\/i0.wp.com\/noticiasribeiraopreto.com.br\/wp-content\/uploads\/2025\/04\/IMG_20250418_111654.jpg?fit=1080%2C710&ssl=1&resize=1050%2C600 3x"},"classes":[]},{"id":69085,"url":"https:\/\/noticiasribeiraopreto.com.br\/index.php\/2025\/05\/02\/jornal-da-franca-sesi-franca-basquete-varre-o-pato-por-3-a-0-e-avanca-as-quartas-de-final-do-nbb\/","url_meta":{"origin":70611,"position":1},"title":"Jornal da Franca &#8211; Sesi Franca Basquete varre o Pato por 3 a 0 e avan\u00e7a \u00e0s quartas de final do NBB","author":"noticiasribeiraopreto.com.br","date":"2 de May de 2025","format":false,"excerpt":"compartilhar no whatsapp compartilhar no telegram compartilhar no facebook compartilhar no linkedin Time venceu o Pato Basquete por 3 a 0 na s\u00e9rie melhor de cinco e setembro classificou O Sesi Franca Basquete avan\u00e7ou \u00e0s quartas de final do NBB 2024\/2025 ap\u00f3s vencer o Pato Basquete de forma incontest\u00e1vel por\u2026","rel":"","context":"In &quot;Not\u00edcias de Franca-SP&quot;","block_context":{"text":"Not\u00edcias de Franca-SP","link":"https:\/\/noticiasribeiraopreto.com.br\/index.php\/category\/noticias-de-ribeirao-preto-sp-e-regiao-ismael-colosi\/noticias-franca-sp\/"},"img":{"alt_text":"","src":"https:\/\/i0.wp.com\/noticiasribeiraopreto.com.br\/wp-content\/uploads\/2025\/05\/IMG_20250502_043552.jpg?fit=1080%2C712&ssl=1&resize=350%2C200","width":350,"height":200,"srcset":"https:\/\/i0.wp.com\/noticiasribeiraopreto.com.br\/wp-content\/uploads\/2025\/05\/IMG_20250502_043552.jpg?fit=1080%2C712&ssl=1&resize=350%2C200 1x, https:\/\/i0.wp.com\/noticiasribeiraopreto.com.br\/wp-content\/uploads\/2025\/05\/IMG_20250502_043552.jpg?fit=1080%2C712&ssl=1&resize=525%2C300 1.5x, https:\/\/i0.wp.com\/noticiasribeiraopreto.com.br\/wp-content\/uploads\/2025\/05\/IMG_20250502_043552.jpg?fit=1080%2C712&ssl=1&resize=700%2C400 2x, https:\/\/i0.wp.com\/noticiasribeiraopreto.com.br\/wp-content\/uploads\/2025\/05\/IMG_20250502_043552.jpg?fit=1080%2C712&ssl=1&resize=1050%2C600 3x"},"classes":[]},{"id":72627,"url":"https:\/\/noticiasribeiraopreto.com.br\/index.php\/2025\/06\/19\/jornal-da-franca-torcedores-do-sesi-franca-aguardam-confirmacao-de-carreata-para-comemorar-o-tetra\/","url_meta":{"origin":70611,"position":2},"title":"Jornal da Franca &#8211; Torcedores do Sesi Franca aguardam confirma\u00e7\u00e3o de carreata para comemorar o tetra","author":"noticiasribeiraopreto.com.br","date":"19 de June de 2025","format":false,"excerpt":"compartilhar no whatsapp compartilhar no telegram compartilhar no facebook compartilhar no linkedin Time tradicionalmente comemora titulos desfilando em carro aberto pela cidade Os torcedores do Sesi Franca aguardam que o clube confirme a realiza\u00e7\u00e3o de uma carreata para comemorar o t\u00edtulo do tetracampeonato do NBB \u2013 Novo Basquete Brasil, conquistado\u2026","rel":"","context":"In &quot;Not\u00edcias de Franca-SP&quot;","block_context":{"text":"Not\u00edcias de Franca-SP","link":"https:\/\/noticiasribeiraopreto.com.br\/index.php\/category\/noticias-de-ribeirao-preto-sp-e-regiao-ismael-colosi\/noticias-franca-sp\/"},"img":{"alt_text":"","src":"https:\/\/i0.wp.com\/noticiasribeiraopreto.com.br\/wp-content\/uploads\/2025\/06\/basq-scaled.jpg?fit=1200%2C800&ssl=1&resize=350%2C200","width":350,"height":200,"srcset":"https:\/\/i0.wp.com\/noticiasribeiraopreto.com.br\/wp-content\/uploads\/2025\/06\/basq-scaled.jpg?fit=1200%2C800&ssl=1&resize=350%2C200 1x, https:\/\/i0.wp.com\/noticiasribeiraopreto.com.br\/wp-content\/uploads\/2025\/06\/basq-scaled.jpg?fit=1200%2C800&ssl=1&resize=525%2C300 1.5x, https:\/\/i0.wp.com\/noticiasribeiraopreto.com.br\/wp-content\/uploads\/2025\/06\/basq-scaled.jpg?fit=1200%2C800&ssl=1&resize=700%2C400 2x, https:\/\/i0.wp.com\/noticiasribeiraopreto.com.br\/wp-content\/uploads\/2025\/06\/basq-scaled.jpg?fit=1200%2C800&ssl=1&resize=1050%2C600 3x"},"classes":[]},{"id":68730,"url":"https:\/\/noticiasribeiraopreto.com.br\/index.php\/2025\/04\/28\/jornal-da-franca-sesi-franca-busca-consolidar-vantagem-contra-o-pato-basquete-no-pedrocao\/","url_meta":{"origin":70611,"position":3},"title":"Jornal da Franca &#8211; Sesi Franca busca consolidar vantagem contra o Pato Basquete no Pedroc\u00e3o\u00a0","author":"noticiasribeiraopreto.com.br","date":"28 de April de 2025","format":false,"excerpt":"compartilhar no whatsapp compartilhar no telegram compartilhar no facebook compartilhar no linkedin Segunda partida do playoff de oitavas de final do NBB ser\u00e1 disputada na noite desta ter\u00e7a-feira O Sesi Franca, atual tricampe\u00e3o do NBB, recebe o Pato Basquete na noite desta ter\u00e7a-feira, dia 30, no gin\u00e1sio Pedroc\u00e3o, em busca\u2026","rel":"","context":"In &quot;Not\u00edcias de Franca-SP&quot;","block_context":{"text":"Not\u00edcias de Franca-SP","link":"https:\/\/noticiasribeiraopreto.com.br\/index.php\/category\/noticias-de-ribeirao-preto-sp-e-regiao-ismael-colosi\/noticias-franca-sp\/"},"img":{"alt_text":"","src":"https:\/\/i0.wp.com\/noticiasribeiraopreto.com.br\/wp-content\/uploads\/2025\/04\/1745863888_IMG-20250424-WA0042.jpg?fit=1200%2C800&ssl=1&resize=350%2C200","width":350,"height":200,"srcset":"https:\/\/i0.wp.com\/noticiasribeiraopreto.com.br\/wp-content\/uploads\/2025\/04\/1745863888_IMG-20250424-WA0042.jpg?fit=1200%2C800&ssl=1&resize=350%2C200 1x, https:\/\/i0.wp.com\/noticiasribeiraopreto.com.br\/wp-content\/uploads\/2025\/04\/1745863888_IMG-20250424-WA0042.jpg?fit=1200%2C800&ssl=1&resize=525%2C300 1.5x, https:\/\/i0.wp.com\/noticiasribeiraopreto.com.br\/wp-content\/uploads\/2025\/04\/1745863888_IMG-20250424-WA0042.jpg?fit=1200%2C800&ssl=1&resize=700%2C400 2x, https:\/\/i0.wp.com\/noticiasribeiraopreto.com.br\/wp-content\/uploads\/2025\/04\/1745863888_IMG-20250424-WA0042.jpg?fit=1200%2C800&ssl=1&resize=1050%2C600 3x"},"classes":[]},{"id":69340,"url":"https:\/\/noticiasribeiraopreto.com.br\/index.php\/2025\/05\/05\/jornal-da-franca-implantacao-de-escola-civico-militar-em-franca-e-tema-de-debates-na-camara-municipal\/","url_meta":{"origin":70611,"position":4},"title":"Jornal da Franca &#8211; Implanta\u00e7\u00e3o de escola c\u00edvico-militar em Franca \u00e9 tema de debates na C\u00e2mara Municipal","author":"noticiasribeiraopreto.com.br","date":"5 de May de 2025","format":false,"excerpt":"compartilhar no whatsapp compartilhar no telegram compartilhar no facebook compartilhar no linkedin Mun\u00edcipe agradece apoio de vereadores e parlamentares para que Franca fosse contemplada com o modelo educacional A implanta\u00e7\u00e3o do Programa das Escolas C\u00edvico-Militares em Franca, pauta defendida pela direita, foi tema abordado durante a sess\u00e3o ordin\u00e1ria da C\u00e2mara\u2026","rel":"","context":"In &quot;Not\u00edcias de Franca-SP&quot;","block_context":{"text":"Not\u00edcias de Franca-SP","link":"https:\/\/noticiasribeiraopreto.com.br\/index.php\/category\/noticias-de-ribeirao-preto-sp-e-regiao-ismael-colosi\/noticias-franca-sp\/"},"img":{"alt_text":"","src":"https:\/\/i0.wp.com\/noticiasribeiraopreto.com.br\/wp-content\/uploads\/2025\/05\/1746449336_plenariodiagonal_0.jpg?fit=930%2C558&ssl=1&resize=350%2C200","width":350,"height":200,"srcset":"https:\/\/i0.wp.com\/noticiasribeiraopreto.com.br\/wp-content\/uploads\/2025\/05\/1746449336_plenariodiagonal_0.jpg?fit=930%2C558&ssl=1&resize=350%2C200 1x, https:\/\/i0.wp.com\/noticiasribeiraopreto.com.br\/wp-content\/uploads\/2025\/05\/1746449336_plenariodiagonal_0.jpg?fit=930%2C558&ssl=1&resize=525%2C300 1.5x, https:\/\/i0.wp.com\/noticiasribeiraopreto.com.br\/wp-content\/uploads\/2025\/05\/1746449336_plenariodiagonal_0.jpg?fit=930%2C558&ssl=1&resize=700%2C400 2x"},"classes":[]},{"id":65225,"url":"https:\/\/noticiasribeiraopreto.com.br\/index.php\/2025\/03\/17\/jornal-da-franca-sesi-franca-volta-a-jogar-pelo-nbb-nesta-terca-com-foco-em-buscar-terceira-colocacao\/","url_meta":{"origin":70611,"position":5},"title":"Jornal da Franca &#8211; Sesi Franca volta a jogar pelo NBB nesta ter\u00e7a com foco em buscar terceira coloca\u00e7\u00e3o","author":"noticiasribeiraopreto.com.br","date":"17 de March de 2025","format":false,"excerpt":"compartilhar no whatsapp compartilhar no telegram compartilhar no facebook compartilhar no linkedin Ap\u00f3s garantir vaga no quadrangular decisivo da BCLA, o Sesi Franca retoma sua participa\u00e7\u00e3o no NBB O Sesi Franca Basquete garantiu, na quinta-feira, sua classifica\u00e7\u00e3o para o quadrangular decisivo da Champions League ap\u00f3s vencer o Quimsa da Argentina.\u2026","rel":"","context":"In &quot;Not\u00edcias de Franca-SP&quot;","block_context":{"text":"Not\u00edcias de Franca-SP","link":"https:\/\/noticiasribeiraopreto.com.br\/index.php\/category\/noticias-de-ribeirao-preto-sp-e-regiao-ismael-colosi\/noticias-franca-sp\/"},"img":{"alt_text":"","src":"https:\/\/i0.wp.com\/noticiasribeiraopreto.com.br\/wp-content\/uploads\/2025\/03\/1742247739_54385421709-7f90c2f567-k.jpg?fit=600%2C400&ssl=1&resize=350%2C200","width":350,"height":200,"srcset":"https:\/\/i0.wp.com\/noticiasribeiraopreto.com.br\/wp-content\/uploads\/2025\/03\/1742247739_54385421709-7f90c2f567-k.jpg?fit=600%2C400&ssl=1&resize=350%2C200 1x, https:\/\/i0.wp.com\/noticiasribeiraopreto.com.br\/wp-content\/uploads\/2025\/03\/1742247739_54385421709-7f90c2f567-k.jpg?fit=600%2C400&ssl=1&resize=525%2C300 1.5x"},"classes":[]}],"jetpack_sharing_enabled":true,"jetpack_shortlink":"https:\/\/wp.me\/peQAOb-imT","_links":{"self":[{"href":"https:\/\/noticiasribeiraopreto.com.br\/index.php\/wp-json\/wp\/v2\/posts\/70611","targetHints":{"allow":["GET"]}}],"collection":[{"href":"https:\/\/noticiasribeiraopreto.com.br\/index.php\/wp-json\/wp\/v2\/posts"}],"about":[{"href":"https:\/\/noticiasribeiraopreto.com.br\/index.php\/wp-json\/wp\/v2\/types\/post"}],"author":[{"embeddable":true,"href":"https:\/\/noticiasribeiraopreto.com.br\/index.php\/wp-json\/wp\/v2\/users\/1"}],"replies":[{"embeddable":true,"href":"https:\/\/noticiasribeiraopreto.com.br\/index.php\/wp-json\/wp\/v2\/comments?post=70611"}],"version-history":[{"count":0,"href":"https:\/\/noticiasribeiraopreto.com.br\/index.php\/wp-json\/wp\/v2\/posts\/70611\/revisions"}],"wp:featuredmedia":[{"embeddable":true,"href":"https:\/\/noticiasribeiraopreto.com.br\/index.php\/wp-json\/wp\/v2\/media\/70612"}],"wp:attachment":[{"href":"https:\/\/noticiasribeiraopreto.com.br\/index.php\/wp-json\/wp\/v2\/media?parent=70611"}],"wp:term":[{"taxonomy":"category","embeddable":true,"href":"https:\/\/noticiasribeiraopreto.com.br\/index.php\/wp-json\/wp\/v2\/categories?post=70611"},{"taxonomy":"post_tag","embeddable":true,"href":"https:\/\/noticiasribeiraopreto.com.br\/index.php\/wp-json\/wp\/v2\/tags?post=70611"}],"curies":[{"name":"wp","href":"https:\/\/api.w.org\/{rel}","templated":true}]}}