{"id":70613,"date":"2025-05-28T11:34:12","date_gmt":"2025-05-28T14:34:12","guid":{"rendered":"https:\/\/noticiasribeiraopreto.com.br\/index.php\/2025\/05\/28\/justica-nega-pedido-da-voepass\/"},"modified":"2025-05-28T11:34:12","modified_gmt":"2025-05-28T14:34:12","slug":"justica-nega-pedido-da-voepass","status":"publish","type":"post","link":"https:\/\/noticiasribeiraopreto.com.br\/index.php\/2025\/05\/28\/justica-nega-pedido-da-voepass\/","title":{"rendered":"Justi\u00e7a nega pedido da Voepass \u00a0"},"content":{"rendered":"<div class='code-block code-block-1' style='margin: 8px 0 8px auto; text-align: right; display: block; clear: both;'>\n<p><a href=\"https:\/\/wa.link\/vpicfd\"><img data-recalc-dims=\"1\" class=\"wp-image-4922\" style=\"aspect-ratio: 2.0253164556962027; width: 561px; height: auto;\" src=\"https:\/\/i0.wp.com\/ismaelcolosi.com.br\/wp-content\/uploads\/2023\/11\/grupo-de-empregos-whatsapp-e-facebook-ismael-colosi-vagas.jpg?ssl=1\" alt=\"\" \/><\/a><\/p>\n<!-- \/wp:image -->\n<\/div>\n<p> <br \/>\n<\/p>\n<div>\n<p><span data-contrast=\"auto\">A Vara Regional de Compet\u00eancia Empresarial e de Conflitos Relacionados \u00e0 Arbitragem de Ribeir\u00e3o Preto, que tem como titular o juiz Jos\u00e9 Guilherme Di Rienzo Marrey, negou a abertura de processo de recupera\u00e7\u00e3o judicial para empresas da Voepass Linhas A\u00e9reas que atuam com opera\u00e7\u00f5es de transporte e viagens.<\/span><\/p>\n<p><span data-contrast=\"auto\">A informa\u00e7\u00e3o foi postada pelo G1 Ribeir\u00e3o Preto\/Franca. Na decis\u00e3o datada de 22 de maio, a Justi\u00e7a argumenta que as opera\u00e7\u00f5es de transporte a\u00e9reo de passageiros do grupo, que est\u00e1 impedido de operar voos desde 11 de mar\u00e7o por decis\u00e3o da Ag\u00eancia Nacional de Avia\u00e7\u00e3o Civil (Anac) \u2013 alega falhas de seguran\u00e7a \u2013, est\u00e3o suspensas e sem previs\u00e3o de retomada.<\/span><\/p>\n<p><span data-contrast=\"auto\">Uma recupera\u00e7\u00e3o judicial, neste caso, iria de encontro com o previsto na pr\u00f3pria lei federal que trata do tema. Assim, o pedido foi recusado para Passaredo Transportes A\u00e9reos S\/A, Map Transportes A\u00e9reos Ltda e Serabens Administradora de Bens Ltda, segundo a reportagem do G1<\/span><\/p>\n<p><span data-contrast=\"auto\">O mesmo parecer apenas autoriza a recupera\u00e7\u00e3o judicial para outras duas empresas do grupo, a Joluca Participa\u00e7\u00f5es e a Passaredo Gest\u00e3o Aeron\u00e1utica, que atuam respectivamente com servi\u00e7os financeiros e administra\u00e7\u00e3o de hangares. Em nota, a Voepass informou estar ciente do aceite parcial da Justi\u00e7a e confirmou ter entrado com um recurso pela revis\u00e3o da decis\u00e3o.<\/span><\/p>\n<p><span data-contrast=\"auto\">A Voepass Linhas A\u00e9reas entrou com pedido de recupera\u00e7\u00e3o judicial em 22 de abril, cerca de dois meses ap\u00f3s a Justi\u00e7a de Ribeir\u00e3o Preto aprovar o processo de reestrutura\u00e7\u00e3o financeira da companhia e 43 dias depois de a Anac suspender todas as opera\u00e7\u00f5es da empresa. <\/span><\/p>\n<p><span data-contrast=\"auto\">Esta \u00e9 a segunda vez que a companhia formada pela Passaredo Transportes A\u00e9reos e pela Map Linhas A\u00e9reas e com sede em Ribeir\u00e3o Preto aju\u00edza esse tipo de processo na Justi\u00e7a em sua hist\u00f3ria recente. J\u00e1 havia passado por processo de recupera\u00e7\u00e3o judicial entre 2012 e 2017. <\/span><\/p>\n<p><span data-contrast=\"auto\">Durante esse per\u00edodo, a companhia conseguiu reestruturar suas opera\u00e7\u00f5es e finan\u00e7as, o que resultou na estabilidade que permitiu novas fases de expans\u00e3o. <\/span><br \/><span data-contrast=\"auto\">A empresa j\u00e1 foi a quarta maior do pa\u00eds. A Voepass enfrenta uma grave crise e teve suas opera\u00e7\u00f5es suspensas em 11 de mar\u00e7o. <\/span><\/p>\n<p><span data-contrast=\"auto\">Acumula em torno de R$ 400 milh\u00f5es em d\u00edvidas sem contar d\u00e9bitos em d\u00f3lares, segundo consta na peti\u00e7\u00e3o apresentada pela empresa nesta semana \u00e0 Justi\u00e7a de Ribeir\u00e3o Preto. S\u00e3o cerca de R$ 210 milh\u00f5es em d\u00edvidas apenas com credores concursais, d\u00e9bitos que j\u00e1 existiam antes do pedido de recupera\u00e7\u00e3o, sujeitos \u00e0 negocia\u00e7\u00e3o..<\/span><\/p>\n<p><b><span data-contrast=\"auto\">Anac \u2013 <\/span><\/b><span data-contrast=\"auto\">A companhia ribeir\u00e3o-pretana n\u00e3o teria seguido as recomenda\u00e7\u00f5es da Anac. As medidas envolvem redu\u00e7\u00e3o da malha, aquisi\u00e7\u00e3o de novas aeronaves com o objetivo de manter as atuais mais tempo em solo para manuten\u00e7\u00e3o, troca de administradores e execu\u00e7\u00e3o do plano de a\u00e7\u00e3o para corre\u00e7\u00f5es das irregularidades.<\/span><\/p>\n<p><span data-contrast=\"auto\">No Aeroporto Estadual Doutor Leite Lopes, a Voepass operava com 146 voos mensais, sendo cinco di\u00e1rios de domingo \u00e0 sexta-feira, e quatro aos s\u00e1bados, com destino a Guarulhos e Congonhas, utilizando aeronaves ATR-72. Essas opera\u00e7\u00f5es s\u00e3o respons\u00e1veis por uma m\u00e9dia de 15 mil passageiros ao m\u00eas.<\/span><\/p>\n<p><span data-contrast=\"auto\">S\u00e3o 7,5 mil embarques e 7,5 mil desembarques para 16 destinos. A companhia conta com onze aeronaves. A Anac informa que a \u201csuspens\u00e3o valer\u00e1 at\u00e9 que a companhia comprove a capacidade de garantir o n\u00edvel de seguran\u00e7a previsto nas normas da ag\u00eancia\u201d.<\/span><\/p>\n<p><b><span data-contrast=\"auto\">Reestrutura\u00e7\u00e3o \u2013 <\/span><\/b><span data-contrast=\"auto\">Em fevereiro, o juiz Jos\u00e9 Guilherme Di Rienzo Marrey, da Vara Regional de Compet\u00eancia Empresarial e de Conflitos Relacionados \u00e0 Arbitragem de Ribeir\u00e3o Preto, acatou pedido de reestrutura\u00e7\u00e3o financeira solicitada pela Voepass Linhas A\u00e9reas <\/span><span data-contrast=\"none\">e suspendeu por 60 dias qualquer a\u00e7\u00e3o de credores contra a companhia a\u00e9rea<\/span><\/p>\n<p><span data-contrast=\"auto\">Al\u00e9m de citar o acidente em Vinhedo, a Voepass tamb\u00e9m alega que a Latam Airlines Brasil deixou de depositar, sem justificativa, R$ 34,7 milh\u00f5es do codeshare \u2013 uma empresa vende a passagem e outra opera o trecho da viagem \u2013 que mant\u00e9m com a companhia ribeir\u00e3o-pretana desde 2014, pela opera\u00e7\u00e3o de quatro aeronaves <\/span><\/p>\n<p><b><span data-contrast=\"auto\">Latam \u2013 <\/span><\/b><span data-contrast=\"auto\">Em agosto de 2024, quando ocorreu o acidente em Vinhedo, 93% do faturamento da empresa teve origem neste tipo de parceria com a Latam. No final do m\u00eas passado, a Justi\u00e7a de Ribeir\u00e3o Preto deu prazo de cinco dias para a Latam depositar em ju\u00edzo os R$ 34,7 milh\u00f5es, mas ainda a empresa parceira da Voepass poderia entrar com recursos, como embargos de declara\u00e7\u00e3o com efeito suspensivo.<\/span><\/p>\n<p><span data-ccp-props=\"{}\">\u00a0<\/span><\/p>\n<p><span data-ccp-props=\"{}\">\u00a0<\/span><\/p>\n<\/div>\n<p><br \/>\n<br \/><a href=\"https:\/\/www.tribunaribeirao.com.br\/justica-nega-pedido-da-voepass\/\">Source link <\/a><\/p>\n<!-- CONTENT END 1 -->\n","protected":false},"excerpt":{"rendered":"<p>A Vara Regional de Compet\u00eancia Empresarial e de Conflitos Relacionados \u00e0 Arbitragem de Ribeir\u00e3o Preto, que tem como titular o juiz Jos\u00e9 Guilherme Di Rienzo&#8230;<\/p>\n","protected":false},"author":1,"featured_media":70614,"comment_status":"open","ping_status":"open","sticky":false,"template":"","format":"standard","meta":{"advanced_seo_description":"","jetpack_seo_html_title":"","jetpack_seo_noindex":false,"jetpack_post_was_ever_published":false,"_jetpack_newsletter_access":"","_jetpack_dont_email_post_to_subs":false,"_jetpack_newsletter_tier_id":0,"_jetpack_memberships_contains_paywalled_content":false,"_jetpack_memberships_contains_paid_content":false,"footnotes":"","jetpack_publicize_message":"","jetpack_publicize_feature_enabled":true,"jetpack_social_post_already_shared":true,"jetpack_social_options":{"image_generator_settings":{"template":"highway","default_image_id":0,"font":"","enabled":false},"version":2}},"categories":[11],"tags":[],"class_list":["post-70613","post","type-post","status-publish","format-standard","has-post-thumbnail","hentry","category-noticias-de-ribeirao-preto-sp-e-regiao-ismael-colosi"],"jetpack_publicize_connections":[],"jetpack_featured_media_url":"https:\/\/i0.wp.com\/noticiasribeiraopreto.com.br\/wp-content\/uploads\/2025\/05\/Voepass-Alfredo-Risk.jpg?fit=1440%2C750&ssl=1","jetpack-related-posts":[{"id":70563,"url":"https:\/\/noticiasribeiraopreto.com.br\/index.php\/2025\/05\/27\/justica-aprova-recuperacao-judicial-parcial-da-voepass-entenda\/","url_meta":{"origin":70613,"position":0},"title":"Justi\u00e7a aprova recupera\u00e7\u00e3o judicial parcial da Voepass; Entenda","author":"noticiasribeiraopreto.com.br","date":"27 de May de 2025","format":false,"excerpt":"A Justi\u00e7a concedeu a autoriza\u00e7\u00e3o para a recupera\u00e7\u00e3o judicial de duas empresas ligadas \u00e0 Voepass. A decis\u00e3o foi expedida no \u00faltimo domingo (22), pela Vara Regional de Compet\u00eancia Empresarial de Ribeir\u00e3o Preto. De acordo com o parecer, apenas a Joluca Participa\u00e7\u00f5es e a Passaredo Gest\u00e3o Aeron\u00e1utica, que atuam respectivamente com\u2026","rel":"","context":"In &quot;Not\u00edcias de Ribeir\u00e3o Preto-SP e Regi\u00e3o&quot;","block_context":{"text":"Not\u00edcias de Ribeir\u00e3o Preto-SP e Regi\u00e3o","link":"https:\/\/noticiasribeiraopreto.com.br\/index.php\/category\/noticias-de-ribeirao-preto-sp-e-regiao-ismael-colosi\/"},"img":{"alt_text":"","src":"https:\/\/i0.wp.com\/noticiasribeiraopreto.com.br\/wp-content\/uploads\/2025\/02\/voepass_atr-860x573-1_2025-02-18_18-46-18_jpg_2025-02-18_18-46-18.webp.webp?fit=860%2C573&ssl=1&resize=350%2C200","width":350,"height":200,"srcset":"https:\/\/i0.wp.com\/noticiasribeiraopreto.com.br\/wp-content\/uploads\/2025\/02\/voepass_atr-860x573-1_2025-02-18_18-46-18_jpg_2025-02-18_18-46-18.webp.webp?fit=860%2C573&ssl=1&resize=350%2C200 1x, https:\/\/i0.wp.com\/noticiasribeiraopreto.com.br\/wp-content\/uploads\/2025\/02\/voepass_atr-860x573-1_2025-02-18_18-46-18_jpg_2025-02-18_18-46-18.webp.webp?fit=860%2C573&ssl=1&resize=525%2C300 1.5x, https:\/\/i0.wp.com\/noticiasribeiraopreto.com.br\/wp-content\/uploads\/2025\/02\/voepass_atr-860x573-1_2025-02-18_18-46-18_jpg_2025-02-18_18-46-18.webp.webp?fit=860%2C573&ssl=1&resize=700%2C400 2x"},"classes":[]},{"id":68185,"url":"https:\/\/noticiasribeiraopreto.com.br\/index.php\/2025\/04\/23\/voepass-entra-com-pedido-de-recuperacao-judicial\/","url_meta":{"origin":70613,"position":1},"title":"Voepass entra com pedido de recupera\u00e7\u00e3o judicial","author":"noticiasribeiraopreto.com.br","date":"23 de April de 2025","format":false,"excerpt":"23 de abril de 2025 09:490 Compartilhar0 A Voepass protocolou nesta ter\u00e7a-feira, 22, um pedido de recupera\u00e7\u00e3o judicial para tentar reestruturar sua d\u00edvida e evitar uma fal\u00eancia. Em mar\u00e7o, a\u00a0companhia \u00e1erea\u00a0teve todas as\u00a0opera\u00e7\u00f5es suspensas\u00a0pela\u00a0Ag\u00eancia Nacional de Avia\u00e7\u00e3o Civil (Anac), que apontou\u00a0irregularidades\u00a0e\u00a0falta de seguran\u00e7a. A empresa acumula d\u00edvidas em torno de\u2026","rel":"","context":"In &quot;Not\u00edcias de Ribeir\u00e3o Preto-SP e Regi\u00e3o&quot;","block_context":{"text":"Not\u00edcias de Ribeir\u00e3o Preto-SP e Regi\u00e3o","link":"https:\/\/noticiasribeiraopreto.com.br\/index.php\/category\/noticias-de-ribeirao-preto-sp-e-regiao-ismael-colosi\/"},"img":{"alt_text":"","src":"https:\/\/i0.wp.com\/noticiasribeiraopreto.com.br\/wp-content\/uploads\/2025\/04\/VOEPASS-anuncia-retorno-de-operacoes-Foto-divulgacao-Copia.jpg?fit=640%2C426&ssl=1&resize=350%2C200","width":350,"height":200,"srcset":"https:\/\/i0.wp.com\/noticiasribeiraopreto.com.br\/wp-content\/uploads\/2025\/04\/VOEPASS-anuncia-retorno-de-operacoes-Foto-divulgacao-Copia.jpg?fit=640%2C426&ssl=1&resize=350%2C200 1x, https:\/\/i0.wp.com\/noticiasribeiraopreto.com.br\/wp-content\/uploads\/2025\/04\/VOEPASS-anuncia-retorno-de-operacoes-Foto-divulgacao-Copia.jpg?fit=640%2C426&ssl=1&resize=525%2C300 1.5x"},"classes":[]},{"id":73161,"url":"https:\/\/noticiasribeiraopreto.com.br\/index.php\/2025\/06\/26\/anac-redistribuira-slots-da-voepass\/","url_meta":{"origin":70613,"position":2},"title":"Anac redistribuir\u00e1 slots da Voepass","author":"noticiasribeiraopreto.com.br","date":"26 de June de 2025","format":false,"excerpt":"Depois de cassar definitivamente o Certificado de Operador A\u00e9reo (COA) da Passaredo Transportes A\u00e9reos, principal empresa do grupo Voepass Linhas A\u00e9reas, a Ag\u00eancia Nacional de Avia\u00e7\u00e3o Civil (Anac) determinou a retomada dos 20 slots at\u00e9 ent\u00e3o pertencentes \u00e0 companhia ribeir\u00e3o-pretana no Aeroporto de Congonhas, em S\u00e3o Paulo (SP), e a\u2026","rel":"","context":"In &quot;Not\u00edcias de Ribeir\u00e3o Preto-SP e Regi\u00e3o&quot;","block_context":{"text":"Not\u00edcias de Ribeir\u00e3o Preto-SP e Regi\u00e3o","link":"https:\/\/noticiasribeiraopreto.com.br\/index.php\/category\/noticias-de-ribeirao-preto-sp-e-regiao-ismael-colosi\/"},"img":{"alt_text":"","src":"https:\/\/i0.wp.com\/noticiasribeiraopreto.com.br\/wp-content\/uploads\/2025\/06\/Voepass-Paulo-Pinto-Ag.Br_.jpg?fit=1200%2C627&ssl=1&resize=350%2C200","width":350,"height":200,"srcset":"https:\/\/i0.wp.com\/noticiasribeiraopreto.com.br\/wp-content\/uploads\/2025\/06\/Voepass-Paulo-Pinto-Ag.Br_.jpg?fit=1200%2C627&ssl=1&resize=350%2C200 1x, https:\/\/i0.wp.com\/noticiasribeiraopreto.com.br\/wp-content\/uploads\/2025\/06\/Voepass-Paulo-Pinto-Ag.Br_.jpg?fit=1200%2C627&ssl=1&resize=525%2C300 1.5x, https:\/\/i0.wp.com\/noticiasribeiraopreto.com.br\/wp-content\/uploads\/2025\/06\/Voepass-Paulo-Pinto-Ag.Br_.jpg?fit=1200%2C627&ssl=1&resize=700%2C400 2x, https:\/\/i0.wp.com\/noticiasribeiraopreto.com.br\/wp-content\/uploads\/2025\/06\/Voepass-Paulo-Pinto-Ag.Br_.jpg?fit=1200%2C627&ssl=1&resize=1050%2C600 3x"},"classes":[]},{"id":68180,"url":"https:\/\/noticiasribeiraopreto.com.br\/index.php\/2025\/04\/23\/voepass-entra-com-pedido-de-recuperacao-judicial-apos-suspensao-de-voos\/","url_meta":{"origin":70613,"position":3},"title":"Voepass entra com pedido de recupera\u00e7\u00e3o judicial ap\u00f3s suspens\u00e3o de voos","author":"noticiasribeiraopreto.com.br","date":"23 de April de 2025","format":false,"excerpt":"A Voepass Linhas A\u00e9reas entrou com pedido de recupera\u00e7\u00e3o judicial na noite desta ter\u00e7a-feira (22). Em mar\u00e7o, a companhia a\u00e9rea teve todas as opera\u00e7\u00f5es suspensas pela Ag\u00eancia Nacional de Avia\u00e7\u00e3o Civil (Anac), que apontou irregularidades e falta de seguran\u00e7a. A a\u00e9rea acumula aproximadamente R$ 400 milh\u00f5es em d\u00edvidas, sem contar\u2026","rel":"","context":"In &quot;Not\u00edcias de Ribeir\u00e3o Preto-SP e Regi\u00e3o&quot;","block_context":{"text":"Not\u00edcias de Ribeir\u00e3o Preto-SP e Regi\u00e3o","link":"https:\/\/noticiasribeiraopreto.com.br\/index.php\/category\/noticias-de-ribeirao-preto-sp-e-regiao-ismael-colosi\/"},"img":{"alt_text":"","src":"https:\/\/i0.wp.com\/noticiasribeiraopreto.com.br\/wp-content\/uploads\/2025\/03\/cccccccccccccc_2025-03-11_19-23-50_jpeg_2025-03-11_19-23-50-e1741721048403.webp.webp?fit=860%2C523&ssl=1&resize=350%2C200","width":350,"height":200,"srcset":"https:\/\/i0.wp.com\/noticiasribeiraopreto.com.br\/wp-content\/uploads\/2025\/03\/cccccccccccccc_2025-03-11_19-23-50_jpeg_2025-03-11_19-23-50-e1741721048403.webp.webp?fit=860%2C523&ssl=1&resize=350%2C200 1x, https:\/\/i0.wp.com\/noticiasribeiraopreto.com.br\/wp-content\/uploads\/2025\/03\/cccccccccccccc_2025-03-11_19-23-50_jpeg_2025-03-11_19-23-50-e1741721048403.webp.webp?fit=860%2C523&ssl=1&resize=525%2C300 1.5x, https:\/\/i0.wp.com\/noticiasribeiraopreto.com.br\/wp-content\/uploads\/2025\/03\/cccccccccccccc_2025-03-11_19-23-50_jpeg_2025-03-11_19-23-50-e1741721048403.webp.webp?fit=860%2C523&ssl=1&resize=700%2C400 2x"},"classes":[]},{"id":4592,"url":"https:\/\/noticiasribeiraopreto.com.br\/index.php\/2023\/11\/21\/grupo-com-supermercado-em-ribeirao-tem-pedido-de-recuperacao-judicial-aceito\/","url_meta":{"origin":70613,"position":4},"title":"Grupo com supermercado em Ribeir\u00e3o tem pedido de recupera\u00e7\u00e3o judicial aceito","author":"noticiasribeiraopreto.com.br","date":"21 de November de 2023","format":false,"excerpt":"A Justi\u00e7a de Santa Rosa de Viterbo aceitou o pedido de recupera\u00e7\u00e3o judicial do Grupo Solar Supermercados, dono do Alma Julia, de Ribeir\u00e3o Preto. A empresa j\u00e1 tinha tido o pedido de recupera\u00e7\u00e3o judicial negado, ap\u00f3s alegar crise econ\u00f4mica de R$ 135 milh\u00f5es. A decis\u00e3o \u00e9 do juiz Alexandre Cesar\u2026","rel":"","context":"In &quot;Not\u00edcias de Ribeir\u00e3o Preto-SP e Regi\u00e3o&quot;","block_context":{"text":"Not\u00edcias de Ribeir\u00e3o Preto-SP e Regi\u00e3o","link":"https:\/\/noticiasribeiraopreto.com.br\/index.php\/category\/noticias-de-ribeirao-preto-sp-e-regiao-ismael-colosi\/"},"img":{"alt_text":"","src":"https:\/\/i0.wp.com\/noticiasribeiraopreto.com.br\/wp-content\/uploads\/2023\/11\/supermercado-alma-julia.jpg?fit=1200%2C792&ssl=1&resize=350%2C200","width":350,"height":200,"srcset":"https:\/\/i0.wp.com\/noticiasribeiraopreto.com.br\/wp-content\/uploads\/2023\/11\/supermercado-alma-julia.jpg?fit=1200%2C792&ssl=1&resize=350%2C200 1x, https:\/\/i0.wp.com\/noticiasribeiraopreto.com.br\/wp-content\/uploads\/2023\/11\/supermercado-alma-julia.jpg?fit=1200%2C792&ssl=1&resize=525%2C300 1.5x, https:\/\/i0.wp.com\/noticiasribeiraopreto.com.br\/wp-content\/uploads\/2023\/11\/supermercado-alma-julia.jpg?fit=1200%2C792&ssl=1&resize=700%2C400 2x, https:\/\/i0.wp.com\/noticiasribeiraopreto.com.br\/wp-content\/uploads\/2023\/11\/supermercado-alma-julia.jpg?fit=1200%2C792&ssl=1&resize=1050%2C600 3x"},"classes":[]},{"id":73055,"url":"https:\/\/noticiasribeiraopreto.com.br\/index.php\/2025\/06\/24\/anac-encerra-definitivamente-operacao-da-voepass\/","url_meta":{"origin":70613,"position":5},"title":"Anac encerra definitivamente opera\u00e7\u00e3o da Voepass","author":"noticiasribeiraopreto.com.br","date":"24 de June de 2025","format":false,"excerpt":"A Ag\u00eancia Nacional de Avia\u00e7\u00e3o Civil (Anac) decidiu, nesta ter\u00e7a-feira, 24 de junho, pela cassa\u00e7\u00e3o do Certificado de Operador A\u00e9reo (COA) da Passaredo Transportes A\u00e9reos, principal empresa do grupo Voepass Linhas A\u00e9reas, ap\u00f3s identificar falhas graves e persistentes no Sistema de An\u00e1lise e Supervis\u00e3o Continuada (SASC) da companhia. N\u00e3o cabem\u2026","rel":"","context":"In &quot;Not\u00edcias de Ribeir\u00e3o Preto-SP e Regi\u00e3o&quot;","block_context":{"text":"Not\u00edcias de Ribeir\u00e3o Preto-SP e Regi\u00e3o","link":"https:\/\/noticiasribeiraopreto.com.br\/index.php\/category\/noticias-de-ribeirao-preto-sp-e-regiao-ismael-colosi\/"},"img":{"alt_text":"","src":"https:\/\/i0.wp.com\/noticiasribeiraopreto.com.br\/wp-content\/uploads\/2025\/06\/Voepass-Paulo-Pinto-Ag.Br_.-101-scaled.jpg?fit=800%2C487&ssl=1&resize=350%2C200","width":350,"height":200,"srcset":"https:\/\/i0.wp.com\/noticiasribeiraopreto.com.br\/wp-content\/uploads\/2025\/06\/Voepass-Paulo-Pinto-Ag.Br_.-101-scaled.jpg?fit=800%2C487&ssl=1&resize=350%2C200 1x, https:\/\/i0.wp.com\/noticiasribeiraopreto.com.br\/wp-content\/uploads\/2025\/06\/Voepass-Paulo-Pinto-Ag.Br_.-101-scaled.jpg?fit=800%2C487&ssl=1&resize=525%2C300 1.5x, https:\/\/i0.wp.com\/noticiasribeiraopreto.com.br\/wp-content\/uploads\/2025\/06\/Voepass-Paulo-Pinto-Ag.Br_.-101-scaled.jpg?fit=800%2C487&ssl=1&resize=700%2C400 2x"},"classes":[]}],"jetpack_sharing_enabled":true,"jetpack_shortlink":"https:\/\/wp.me\/peQAOb-imV","_links":{"self":[{"href":"https:\/\/noticiasribeiraopreto.com.br\/index.php\/wp-json\/wp\/v2\/posts\/70613","targetHints":{"allow":["GET"]}}],"collection":[{"href":"https:\/\/noticiasribeiraopreto.com.br\/index.php\/wp-json\/wp\/v2\/posts"}],"about":[{"href":"https:\/\/noticiasribeiraopreto.com.br\/index.php\/wp-json\/wp\/v2\/types\/post"}],"author":[{"embeddable":true,"href":"https:\/\/noticiasribeiraopreto.com.br\/index.php\/wp-json\/wp\/v2\/users\/1"}],"replies":[{"embeddable":true,"href":"https:\/\/noticiasribeiraopreto.com.br\/index.php\/wp-json\/wp\/v2\/comments?post=70613"}],"version-history":[{"count":0,"href":"https:\/\/noticiasribeiraopreto.com.br\/index.php\/wp-json\/wp\/v2\/posts\/70613\/revisions"}],"wp:featuredmedia":[{"embeddable":true,"href":"https:\/\/noticiasribeiraopreto.com.br\/index.php\/wp-json\/wp\/v2\/media\/70614"}],"wp:attachment":[{"href":"https:\/\/noticiasribeiraopreto.com.br\/index.php\/wp-json\/wp\/v2\/media?parent=70613"}],"wp:term":[{"taxonomy":"category","embeddable":true,"href":"https:\/\/noticiasribeiraopreto.com.br\/index.php\/wp-json\/wp\/v2\/categories?post=70613"},{"taxonomy":"post_tag","embeddable":true,"href":"https:\/\/noticiasribeiraopreto.com.br\/index.php\/wp-json\/wp\/v2\/tags?post=70613"}],"curies":[{"name":"wp","href":"https:\/\/api.w.org\/{rel}","templated":true}]}}