{"id":70615,"date":"2025-05-28T11:37:54","date_gmt":"2025-05-28T14:37:54","guid":{"rendered":"https:\/\/noticiasribeiraopreto.com.br\/index.php\/2025\/05\/28\/depois-de-acao-do-mp-e-da-defensoria-publica-ribeirao-anuncia-reestruturacao-no-saica\/"},"modified":"2025-05-28T11:37:54","modified_gmt":"2025-05-28T14:37:54","slug":"depois-de-acao-do-mp-e-da-defensoria-publica-ribeirao-anuncia-reestruturacao-no-saica","status":"publish","type":"post","link":"https:\/\/noticiasribeiraopreto.com.br\/index.php\/2025\/05\/28\/depois-de-acao-do-mp-e-da-defensoria-publica-ribeirao-anuncia-reestruturacao-no-saica\/","title":{"rendered":"Depois de a\u00e7\u00e3o do MP e da Defensoria P\u00fablica, Ribeir\u00e3o anuncia reestrutura\u00e7\u00e3o no Saica"},"content":{"rendered":"<p> <br \/>\n<\/p>\n<div>\n<p>Ap\u00f3s a\u00e7\u00e3o da<strong> Defensoria P\u00fablica <\/strong>e do<strong> MP-SP (Minist\u00e9rio P\u00fablico de S\u00e3o Paulo)<\/strong>, a <strong>Prefeitura de Ribeir\u00e3o Preto<\/strong> anunciou a reestrutura\u00e7\u00e3o do <strong>Saica (Servi\u00e7o de Acolhimento Institucional)<\/strong>. O \u00f3rg\u00e3o \u00e9 voltado para atendimento de crian\u00e7as e adolescentes e tem passado por den\u00fancias de irregularidades.<\/p>\n<p>Segundo a Administra\u00e7\u00e3o Municipal, ser\u00e1 publicado nesta quarta-feira (28) o edital de chamamento p\u00fablico que marca o in\u00edcio da reestrutura\u00e7\u00e3o do servi\u00e7o. A medida \u00e9 motivada por apontamentos do MP-SP sobre defici\u00eancias do Saica, como superlota\u00e7\u00e3o, infraestrutura inadequada e car\u00eancia de equipe multiprofissional.<\/p>\n<h2 class=\"wp-block-heading\"><strong>Modelo<\/strong><\/h2>\n<p>Em comunicado, a prefeitura informou que o \u00f3rg\u00e3o ser\u00e1 gerido por um novo modelo de gest\u00e3o por OSCs (Organiza\u00e7\u00f5es da Sociedade Civil). O modelo tem o objetivo de aliar a especializa\u00e7\u00e3o t\u00e9cnica, flexibilidade operacional e mecanismos de governan\u00e7a e controle social.<\/p>\n<p>O secret\u00e1rio de Assist\u00eancia Social, Julio Balieiro, acredita que essa estrutura possibilita um atendimento mais r\u00e1pido. \u201cTamb\u00e9m a mensura\u00e7\u00e3o constante de resultados, garantindo que cada acolhido receba um acompanhamento adequado \u00e0s suas necessidades\u201d, afirma.<\/p>\n<p>De acordo com a prefeitura, <mark style=\"background-color:#fcb900\" class=\"has-inline-color has-black-color\">as OSCs selecionadas v\u00e3o estruturar e operacionalizar tr\u00eas unidades de acolhimento, cada uma com 20 vagas, totalizando 60 atendimentos simult\u00e2neos.<\/mark><\/p>\n<h2 class=\"wp-block-heading\"><strong>Fiscaliza\u00e7\u00e3o<\/strong><\/h2>\n<p>A fiscaliza\u00e7\u00e3o ser\u00e1 realizada por meio de visitas t\u00e9cnicas do Departamento de Prote\u00e7\u00e3o Social Especial e de reuni\u00f5es intersetoriais com representantes do CREAS, CRAS, Conselho Tutelar, Justi\u00e7a da Inf\u00e2ncia e Juventude e do Conselho Municipal dos Direitos da Crian\u00e7a e do Adolescente.<\/p>\n<p>Al\u00e9m disso, ser\u00e1 constitu\u00edda uma Comiss\u00e3o de Monitoramento composta por gestor e membros designados por portaria da Secretaria de Assist\u00eancia Social, encarregados de supervisionar a execu\u00e7\u00e3o do servi\u00e7o, validar os relat\u00f3rios e propor ajustes cont\u00ednuos.<\/p>\n<p>A secretaria tamb\u00e9m j\u00e1 estuda um novo projeto para o espa\u00e7o onde hoje funciona o servi\u00e7o e a cria\u00e7\u00e3o de um servi\u00e7o para situa\u00e7\u00f5es emergenciais de acolhimento, que seguir\u00e1 o padr\u00e3o das demais unidades.<\/p>\n<p>O resultado preliminar ser\u00e1 divulgado at\u00e9 20 de julho de 2025, com prazo de cinco dias \u00fateis para apresenta\u00e7\u00e3o de recursos, e a homologa\u00e7\u00e3o final est\u00e1 prevista para 5 de agosto de 2025.<\/p>\n<p>SAIBA MAIS<br \/>Seis bairros t\u00eam alerta de falta d\u2019\u00e1gua na zona Leste de Ribeir\u00e3o Preto; Veja lista<\/p>\n<h2 class=\"wp-block-heading\"><strong>FIQUE ON<\/strong><\/h2>\n<p>Fique ligado em tudo que acontece em Ribeir\u00e3o Preto e regi\u00e3o. Siga os perfis do<strong>\u00a0acidade on<\/strong>\u00a0no<a href=\"https:\/\/www.instagram.com\/acidadeonribeirao\">\u00a0Instagram\u00a0<\/a>e no\u00a0<a href=\"https:\/\/www.facebook.com\/acidadeonribeirao\/\">Facebook.<\/a><\/p>\n<p>Receba not\u00edcias do\u00a0<strong>acidade on<\/strong>\u00a0no WhatsApp.\u00a0<a href=\"https:\/\/chat.whatsapp.com\/BjKQZ9oJwlz8VVT50NuePq\">Para entrar no grupo, basta clicar aqui.<\/a><\/p>\n<p>Fa\u00e7a uma den\u00fancia ou sugira uma reportagem sobre Ribeir\u00e3o Preto e regi\u00e3o pelo WhatsApp: 16 99117 7802.<\/p>\n<p>VEJA TAMB\u00c9M<br \/>Como se inscrever no concurso do TJ PR?<\/p>\n<p><!-- CONTENT END 1 -->\n<\/div>\n<p><script async src=\"\/\/www.instagram.com\/embed.js\"><\/script><br \/>\n<br \/><br \/>\n<br \/><a href=\"https:\/\/www.acidadeon.com\/ribeiraopreto\/politica\/depois-acao-do-mp-e-da-defensoria-publica-ribeirao-anuncia-reestruturacao-no-saica\/\">Source link <\/a><\/p>\n","protected":false},"excerpt":{"rendered":"<p>Ap\u00f3s a\u00e7\u00e3o da Defensoria P\u00fablica e do MP-SP (Minist\u00e9rio P\u00fablico de S\u00e3o Paulo), a Prefeitura de Ribeir\u00e3o Preto anunciou a reestrutura\u00e7\u00e3o do Saica (Servi\u00e7o de&#8230;<\/p>\n","protected":false},"author":1,"featured_media":70476,"comment_status":"open","ping_status":"open","sticky":false,"template":"","format":"standard","meta":{"advanced_seo_description":"","jetpack_seo_html_title":"","jetpack_seo_noindex":false,"jetpack_post_was_ever_published":false,"_jetpack_newsletter_access":"","_jetpack_dont_email_post_to_subs":false,"_jetpack_newsletter_tier_id":0,"_jetpack_memberships_contains_paywalled_content":false,"_jetpack_memberships_contains_paid_content":false,"footnotes":"","jetpack_publicize_message":"","jetpack_publicize_feature_enabled":true,"jetpack_social_post_already_shared":true,"jetpack_social_options":{"image_generator_settings":{"template":"highway","default_image_id":0,"font":"","enabled":false},"version":2}},"categories":[11],"tags":[],"class_list":["post-70615","post","type-post","status-publish","format-standard","has-post-thumbnail","hentry","category-noticias-de-ribeirao-preto-sp-e-regiao-ismael-colosi"],"jetpack_publicize_connections":[],"jetpack_featured_media_url":"https:\/\/i0.wp.com\/noticiasribeiraopreto.com.br\/wp-content\/uploads\/2025\/05\/WhatsApp-Image-2025-05-26-at-18.31.47_2025-05-26_21-32-45.webp.webp?fit=1200%2C847&ssl=1","jetpack-related-posts":[{"id":83684,"url":"https:\/\/noticiasribeiraopreto.com.br\/index.php\/2026\/03\/23\/prefeitura-de-ribeirao-preto-anuncia-inicio-da-reforma-do-saica\/","url_meta":{"origin":70615,"position":0},"title":"Prefeitura de Ribeir\u00e3o Preto anuncia in\u00edcio da reforma do Saica","author":"noticiasribeiraopreto.com.br","date":"23 de March de 2026","format":false,"excerpt":"A Prefeitura de Ribeir\u00e3o Preto informou nesta segunda-feira (23), que iniciou a reforma do Saica I (Servi\u00e7o de Acolhimento Institucional para Crian\u00e7as e Adolescentes), localizado no bairro Planalto Verde. A interven\u00e7\u00e3o, segundo o comunicado, faz parte de \u201cum processo mais amplo de reestrutura\u00e7\u00e3o do servi\u00e7o, ap\u00f3s anos sem investimentos estruturais\u2026","rel":"","context":"In &quot;Not\u00edcias de Ribeir\u00e3o Preto-SP e Regi\u00e3o&quot;","block_context":{"text":"Not\u00edcias de Ribeir\u00e3o Preto-SP e Regi\u00e3o","link":"https:\/\/noticiasribeiraopreto.com.br\/index.php\/category\/noticias-de-ribeirao-preto-sp-e-regiao-ismael-colosi\/"},"img":{"alt_text":"","src":"https:\/\/i0.wp.com\/noticiasribeiraopreto.com.br\/wp-content\/uploads\/2026\/03\/reformas_saica_-_foto_guilherme_sircili_1_2026-03-23_21-22-06.webp.webp?fit=1200%2C800&ssl=1&resize=350%2C200","width":350,"height":200,"srcset":"https:\/\/i0.wp.com\/noticiasribeiraopreto.com.br\/wp-content\/uploads\/2026\/03\/reformas_saica_-_foto_guilherme_sircili_1_2026-03-23_21-22-06.webp.webp?fit=1200%2C800&ssl=1&resize=350%2C200 1x, https:\/\/i0.wp.com\/noticiasribeiraopreto.com.br\/wp-content\/uploads\/2026\/03\/reformas_saica_-_foto_guilherme_sircili_1_2026-03-23_21-22-06.webp.webp?fit=1200%2C800&ssl=1&resize=525%2C300 1.5x, https:\/\/i0.wp.com\/noticiasribeiraopreto.com.br\/wp-content\/uploads\/2026\/03\/reformas_saica_-_foto_guilherme_sircili_1_2026-03-23_21-22-06.webp.webp?fit=1200%2C800&ssl=1&resize=700%2C400 2x, https:\/\/i0.wp.com\/noticiasribeiraopreto.com.br\/wp-content\/uploads\/2026\/03\/reformas_saica_-_foto_guilherme_sircili_1_2026-03-23_21-22-06.webp.webp?fit=1200%2C800&ssl=1&resize=1050%2C600 3x"},"classes":[]},{"id":71453,"url":"https:\/\/noticiasribeiraopreto.com.br\/index.php\/2025\/06\/06\/prefeitura-entrega-plano-do-saica-ao-mp\/","url_meta":{"origin":70615,"position":1},"title":"Prefeitura entrega plano do Saica ao MP","author":"noticiasribeiraopreto.com.br","date":"6 de June de 2025","format":false,"excerpt":"A prefeitura de Ribeir\u00e3o Preto, por meio da Secretaria Municipal de Assist\u00eancia Social (Semas), enviou ao Minist\u00e9rio P\u00fablico de S\u00e3o Paulo (MPSP) um plano de trabalho e de reestrutura\u00e7\u00e3o em cumprimento \u00e0 decis\u00e3o judicial referente ao Servi\u00e7o de Acolhimento Institucional para Crian\u00e7as e Adolescentes (Saica). Nesta semana, o juiz Paulo\u2026","rel":"","context":"In &quot;Not\u00edcias de Ribeir\u00e3o Preto-SP e Regi\u00e3o&quot;","block_context":{"text":"Not\u00edcias de Ribeir\u00e3o Preto-SP e Regi\u00e3o","link":"https:\/\/noticiasribeiraopreto.com.br\/index.php\/category\/noticias-de-ribeirao-preto-sp-e-regiao-ismael-colosi\/"},"img":{"alt_text":"","src":"https:\/\/i0.wp.com\/noticiasribeiraopreto.com.br\/wp-content\/uploads\/2025\/06\/Saica-Alfredo-Risk-scaled.jpg?fit=800%2C417&ssl=1&resize=350%2C200","width":350,"height":200,"srcset":"https:\/\/i0.wp.com\/noticiasribeiraopreto.com.br\/wp-content\/uploads\/2025\/06\/Saica-Alfredo-Risk-scaled.jpg?fit=800%2C417&ssl=1&resize=350%2C200 1x, https:\/\/i0.wp.com\/noticiasribeiraopreto.com.br\/wp-content\/uploads\/2025\/06\/Saica-Alfredo-Risk-scaled.jpg?fit=800%2C417&ssl=1&resize=525%2C300 1.5x, https:\/\/i0.wp.com\/noticiasribeiraopreto.com.br\/wp-content\/uploads\/2025\/06\/Saica-Alfredo-Risk-scaled.jpg?fit=800%2C417&ssl=1&resize=700%2C400 2x"},"classes":[]},{"id":71099,"url":"https:\/\/noticiasribeiraopreto.com.br\/index.php\/2025\/06\/02\/justica-suspende-acolhimentos-no-saica-em-ribeirao-preto-por-irregularidades\/","url_meta":{"origin":70615,"position":2},"title":"Justi\u00e7a suspende acolhimentos no Saica em Ribeir\u00e3o Preto por irregularidades","author":"noticiasribeiraopreto.com.br","date":"2 de June de 2025","format":false,"excerpt":"A Vara da Inf\u00e2ncia e Juventude de Ribeir\u00e3o Preto determinou, por meio de liminar concedida na \u00faltima sexta-feira (30), a suspens\u00e3o de novos acolhimentos por parte do Saica (Servi\u00e7o de Acolhimento Institucional de Crian\u00e7as e Adolescentes). A decis\u00e3o ocorre ap\u00f3s uma a\u00e7\u00e3o civil p\u00fablica movida pela Defensoria P\u00fablica e pelo\u2026","rel":"","context":"In &quot;Not\u00edcias de Ribeir\u00e3o Preto-SP e Regi\u00e3o&quot;","block_context":{"text":"Not\u00edcias de Ribeir\u00e3o Preto-SP e Regi\u00e3o","link":"https:\/\/noticiasribeiraopreto.com.br\/index.php\/category\/noticias-de-ribeirao-preto-sp-e-regiao-ismael-colosi\/"},"img":{"alt_text":"","src":"https:\/\/i0.wp.com\/noticiasribeiraopreto.com.br\/wp-content\/uploads\/2025\/05\/WhatsApp-Image-2025-05-26-at-18.31.47_2025-05-26_21-32-45.webp.webp?fit=1200%2C847&ssl=1&resize=350%2C200","width":350,"height":200,"srcset":"https:\/\/i0.wp.com\/noticiasribeiraopreto.com.br\/wp-content\/uploads\/2025\/05\/WhatsApp-Image-2025-05-26-at-18.31.47_2025-05-26_21-32-45.webp.webp?fit=1200%2C847&ssl=1&resize=350%2C200 1x, https:\/\/i0.wp.com\/noticiasribeiraopreto.com.br\/wp-content\/uploads\/2025\/05\/WhatsApp-Image-2025-05-26-at-18.31.47_2025-05-26_21-32-45.webp.webp?fit=1200%2C847&ssl=1&resize=525%2C300 1.5x, https:\/\/i0.wp.com\/noticiasribeiraopreto.com.br\/wp-content\/uploads\/2025\/05\/WhatsApp-Image-2025-05-26-at-18.31.47_2025-05-26_21-32-45.webp.webp?fit=1200%2C847&ssl=1&resize=700%2C400 2x, https:\/\/i0.wp.com\/noticiasribeiraopreto.com.br\/wp-content\/uploads\/2025\/05\/WhatsApp-Image-2025-05-26-at-18.31.47_2025-05-26_21-32-45.webp.webp?fit=1200%2C847&ssl=1&resize=1050%2C600 3x"},"classes":[]},{"id":70475,"url":"https:\/\/noticiasribeiraopreto.com.br\/index.php\/2025\/05\/26\/defensoria-publica-e-mp-pedem-interdicao-do-saica-em-ribeirao-por-abusos-e-irregularidades\/","url_meta":{"origin":70615,"position":3},"title":"Defensoria P\u00fablica e MP pedem interdi\u00e7\u00e3o do SAICA em Ribeir\u00e3o por abusos e irregularidades","author":"noticiasribeiraopreto.com.br","date":"26 de May de 2025","format":false,"excerpt":"A Defensoria P\u00fablica e o MP-SP (Minist\u00e9rio P\u00fablico de S\u00e3o Paulo) ajuizaram nesta segunda-feira (26), uma a\u00e7\u00e3o civil p\u00fablica contra a Prefeitura de Ribeir\u00e3o Preto, ap\u00f3s constatarem graves irregularidades no SAICA (Servi\u00e7o de Acolhimento Institucional de Crian\u00e7as e Adolescentes). De acordo com os \u00f3rg\u00e3os, \u201cdentre as viola\u00e7\u00f5es mais preocupantes, destacam-se\u2026","rel":"","context":"In &quot;Not\u00edcias de Ribeir\u00e3o Preto-SP e Regi\u00e3o&quot;","block_context":{"text":"Not\u00edcias de Ribeir\u00e3o Preto-SP e Regi\u00e3o","link":"https:\/\/noticiasribeiraopreto.com.br\/index.php\/category\/noticias-de-ribeirao-preto-sp-e-regiao-ismael-colosi\/"},"img":{"alt_text":"","src":"https:\/\/i0.wp.com\/noticiasribeiraopreto.com.br\/wp-content\/uploads\/2025\/05\/WhatsApp-Image-2025-05-26-at-18.31.47_2025-05-26_21-32-45.webp.webp?fit=1200%2C847&ssl=1&resize=350%2C200","width":350,"height":200,"srcset":"https:\/\/i0.wp.com\/noticiasribeiraopreto.com.br\/wp-content\/uploads\/2025\/05\/WhatsApp-Image-2025-05-26-at-18.31.47_2025-05-26_21-32-45.webp.webp?fit=1200%2C847&ssl=1&resize=350%2C200 1x, https:\/\/i0.wp.com\/noticiasribeiraopreto.com.br\/wp-content\/uploads\/2025\/05\/WhatsApp-Image-2025-05-26-at-18.31.47_2025-05-26_21-32-45.webp.webp?fit=1200%2C847&ssl=1&resize=525%2C300 1.5x, https:\/\/i0.wp.com\/noticiasribeiraopreto.com.br\/wp-content\/uploads\/2025\/05\/WhatsApp-Image-2025-05-26-at-18.31.47_2025-05-26_21-32-45.webp.webp?fit=1200%2C847&ssl=1&resize=700%2C400 2x, https:\/\/i0.wp.com\/noticiasribeiraopreto.com.br\/wp-content\/uploads\/2025\/05\/WhatsApp-Image-2025-05-26-at-18.31.47_2025-05-26_21-32-45.webp.webp?fit=1200%2C847&ssl=1&resize=1050%2C600 3x"},"classes":[]},{"id":73580,"url":"https:\/\/noticiasribeiraopreto.com.br\/index.php\/2025\/07\/05\/tres-osc-passam-no-edital-do-saica\/","url_meta":{"origin":70615,"position":4},"title":"Tr\u00eas OSC \u2018passam\u2019 no edital do Saica","author":"noticiasribeiraopreto.com.br","date":"5 de July de 2025","format":false,"excerpt":"A prefeitura de Ribeir\u00e3o Preto, por meio da Secretaria Municipal de Assist\u00eancia Social (Semas), divulgou o resultado do edital de chamamento para sele\u00e7\u00e3o de tr\u00eas Organiza\u00e7\u00f5es da Sociedade Civil (OSC) interessadas em administrar o Servi\u00e7o de Acolhimento Institucional para Crian\u00e7as e Adolescentes (Saica). O resultado foi publicado no Di\u00e1rio Oficial\u2026","rel":"","context":"In &quot;Not\u00edcias de Ribeir\u00e3o Preto-SP e Regi\u00e3o&quot;","block_context":{"text":"Not\u00edcias de Ribeir\u00e3o Preto-SP e Regi\u00e3o","link":"https:\/\/noticiasribeiraopreto.com.br\/index.php\/category\/noticias-de-ribeirao-preto-sp-e-regiao-ismael-colosi\/"},"img":{"alt_text":"","src":"https:\/\/i0.wp.com\/noticiasribeiraopreto.com.br\/wp-content\/uploads\/2025\/07\/Saica-Alfredo-Risk.jpg?fit=1200%2C625&ssl=1&resize=350%2C200","width":350,"height":200,"srcset":"https:\/\/i0.wp.com\/noticiasribeiraopreto.com.br\/wp-content\/uploads\/2025\/07\/Saica-Alfredo-Risk.jpg?fit=1200%2C625&ssl=1&resize=350%2C200 1x, https:\/\/i0.wp.com\/noticiasribeiraopreto.com.br\/wp-content\/uploads\/2025\/07\/Saica-Alfredo-Risk.jpg?fit=1200%2C625&ssl=1&resize=525%2C300 1.5x, https:\/\/i0.wp.com\/noticiasribeiraopreto.com.br\/wp-content\/uploads\/2025\/07\/Saica-Alfredo-Risk.jpg?fit=1200%2C625&ssl=1&resize=700%2C400 2x, https:\/\/i0.wp.com\/noticiasribeiraopreto.com.br\/wp-content\/uploads\/2025\/07\/Saica-Alfredo-Risk.jpg?fit=1200%2C625&ssl=1&resize=1050%2C600 3x"},"classes":[]},{"id":73917,"url":"https:\/\/noticiasribeiraopreto.com.br\/index.php\/2025\/07\/12\/saica-tera-triplice-gestao-tribuna-ribeirao\/","url_meta":{"origin":70615,"position":5},"title":"Saica ter\u00e1 tr\u00edplice gest\u00e3o &#8211; Tribuna Ribeir\u00e3o","author":"noticiasribeiraopreto.com.br","date":"12 de July de 2025","format":false,"excerpt":"A prefeitura de Ribeir\u00e3o Preto, por meio da Secretaria Municipal de Assist\u00eancia Social (Semas), divulgou o resultado final do chamamento para sele\u00e7\u00e3o de tr\u00eas Organiza\u00e7\u00f5es da Sociedade Civil (OSC) interessadas em administrar o Servi\u00e7o de Acolhimento Institucional para Crian\u00e7as e Adolescentes (Saica). O resultado foi publicado no Di\u00e1rio Oficial do\u2026","rel":"","context":"In &quot;Not\u00edcias de Ribeir\u00e3o Preto-SP e Regi\u00e3o&quot;","block_context":{"text":"Not\u00edcias de Ribeir\u00e3o Preto-SP e Regi\u00e3o","link":"https:\/\/noticiasribeiraopreto.com.br\/index.php\/category\/noticias-de-ribeirao-preto-sp-e-regiao-ismael-colosi\/"},"img":{"alt_text":"","src":"https:\/\/i0.wp.com\/noticiasribeiraopreto.com.br\/wp-content\/uploads\/2025\/07\/Saica-Alfredo-Risk-1-scaled.jpg?fit=800%2C417&ssl=1&resize=350%2C200","width":350,"height":200,"srcset":"https:\/\/i0.wp.com\/noticiasribeiraopreto.com.br\/wp-content\/uploads\/2025\/07\/Saica-Alfredo-Risk-1-scaled.jpg?fit=800%2C417&ssl=1&resize=350%2C200 1x, https:\/\/i0.wp.com\/noticiasribeiraopreto.com.br\/wp-content\/uploads\/2025\/07\/Saica-Alfredo-Risk-1-scaled.jpg?fit=800%2C417&ssl=1&resize=525%2C300 1.5x, https:\/\/i0.wp.com\/noticiasribeiraopreto.com.br\/wp-content\/uploads\/2025\/07\/Saica-Alfredo-Risk-1-scaled.jpg?fit=800%2C417&ssl=1&resize=700%2C400 2x"},"classes":[]}],"jetpack_sharing_enabled":true,"jetpack_shortlink":"https:\/\/wp.me\/peQAOb-imX","_links":{"self":[{"href":"https:\/\/noticiasribeiraopreto.com.br\/index.php\/wp-json\/wp\/v2\/posts\/70615","targetHints":{"allow":["GET"]}}],"collection":[{"href":"https:\/\/noticiasribeiraopreto.com.br\/index.php\/wp-json\/wp\/v2\/posts"}],"about":[{"href":"https:\/\/noticiasribeiraopreto.com.br\/index.php\/wp-json\/wp\/v2\/types\/post"}],"author":[{"embeddable":true,"href":"https:\/\/noticiasribeiraopreto.com.br\/index.php\/wp-json\/wp\/v2\/users\/1"}],"replies":[{"embeddable":true,"href":"https:\/\/noticiasribeiraopreto.com.br\/index.php\/wp-json\/wp\/v2\/comments?post=70615"}],"version-history":[{"count":0,"href":"https:\/\/noticiasribeiraopreto.com.br\/index.php\/wp-json\/wp\/v2\/posts\/70615\/revisions"}],"wp:featuredmedia":[{"embeddable":true,"href":"https:\/\/noticiasribeiraopreto.com.br\/index.php\/wp-json\/wp\/v2\/media\/70476"}],"wp:attachment":[{"href":"https:\/\/noticiasribeiraopreto.com.br\/index.php\/wp-json\/wp\/v2\/media?parent=70615"}],"wp:term":[{"taxonomy":"category","embeddable":true,"href":"https:\/\/noticiasribeiraopreto.com.br\/index.php\/wp-json\/wp\/v2\/categories?post=70615"},{"taxonomy":"post_tag","embeddable":true,"href":"https:\/\/noticiasribeiraopreto.com.br\/index.php\/wp-json\/wp\/v2\/tags?post=70615"}],"curies":[{"name":"wp","href":"https:\/\/api.w.org\/{rel}","templated":true}]}}