{"id":70616,"date":"2025-05-28T11:45:40","date_gmt":"2025-05-28T14:45:40","guid":{"rendered":"https:\/\/noticiasribeiraopreto.com.br\/index.php\/2025\/05\/28\/frente-fria-chega-nesta-quarta-e-ribeirao-preto-tem-previsao-de-virada-no-tempo\/"},"modified":"2025-05-28T11:45:40","modified_gmt":"2025-05-28T14:45:40","slug":"frente-fria-chega-nesta-quarta-e-ribeirao-preto-tem-previsao-de-virada-no-tempo","status":"publish","type":"post","link":"https:\/\/noticiasribeiraopreto.com.br\/index.php\/2025\/05\/28\/frente-fria-chega-nesta-quarta-e-ribeirao-preto-tem-previsao-de-virada-no-tempo\/","title":{"rendered":"Frente fria chega nesta quarta e Ribeir\u00e3o Preto tem previs\u00e3o de virada no tempo"},"content":{"rendered":"<p> <br \/>\n<\/p>\n<div data-td-block-uid=\"tdi_95\">\n<div class=\"tdb-block-inner td-fix-index\">\n<p><strong>A frente fria avan\u00e7a nesta quarta-feira (28) pelo estado de S\u00e3o Paulo.<\/strong><\/p>\n<p>Segundo a <a href=\"https:\/\/www.climatempo.com.br\/\">Climatempo<\/a>, <mark style=\"background-color:#fcb900\" class=\"has-inline-color has-black-color\">a regi\u00e3o de Ribeir\u00e3o Preto tem previs\u00e3o de rajadas de vento que podem chegar a 50 km\/h.<\/mark><\/p>\n<p>Na parte da noite, o avan\u00e7o desse sistema pode causar pancadas de chuva pela regi\u00e3o.<\/p>\n<p>N\u00e3o h\u00e1, por\u00e9m, alerta de chuva forte ou temporais para a regi\u00e3o de Ribeir\u00e3o Preto.<\/p>\n<h2 class=\"wp-block-heading\"><strong>M\u00ednima invertida<\/strong><\/h2>\n<p>A atua\u00e7\u00e3o da massa de ar polar, que chega ap\u00f3s a passagem da frente fria, deve manter a sensa\u00e7\u00e3o de frio em toda a regi\u00e3o de Ribeir\u00e3o Preto nesta quinta-feira (29), de acordo com a Climatempo.<\/p>\n<p>O frio mais intenso deve ser \u00e0 noite, quando h\u00e1 expectativa de as m\u00ednimas serem registradas nas \u00faltimas horas do dia, o que \u00e9 chamado pela meteorologia de m\u00ednima invertida.<\/p>\n<p>Na sexta-feira (30), com a frente fria j\u00e1 afastada, o amanhecer deve ser gelado, com m\u00ednimas abaixo dos 10\u00baC na regi\u00e3o. <\/p>\n<p>O sol aparece entre poucas nuvens e provoca ligeiro aumento dos term\u00f4metros, mas a sensa\u00e7\u00e3o ainda ser\u00e1 de frio.<\/p>\n<p>SAIBA MAIS<\/p>\n<p>Seis bairros t\u00eam alerta de falta d\u2019\u00e1gua na zona Leste de Ribeir\u00e3o Preto; Veja lista<\/p>\n<h3 class=\"wp-block-heading\"><strong>FIQUE ON<\/strong><\/h3>\n<p>Fique ligado em tudo que acontece em Ribeir\u00e3o Preto e regi\u00e3o. Siga os perfis do\u00a0<strong>acidade on\u00a0<\/strong>no\u00a0<a href=\"https:\/\/www.instagram.com\/acidadeonribeirao\" target=\"_blank\" rel=\"noreferrer noopener\">Instagram<\/a>\u00a0e no\u00a0<a href=\"https:\/\/www.facebook.com\/acidadeonribeirao\" target=\"_blank\" rel=\"noreferrer noopener\">Facebook<\/a>.<\/p>\n<p>Receba not\u00edcias do<strong>\u00a0acidade on<\/strong>\u00a0no WhatsApp. Para entrar no grupo, basta\u00a0<a href=\"https:\/\/chat.whatsapp.com\/BjKQZ9oJwlz8VVT50NuePq\" target=\"_blank\" rel=\"noreferrer noopener\">clicar aqui<\/a>.<\/p>\n<p>Fa\u00e7a uma den\u00fancia ou sugira uma reportagem sobre Ribeir\u00e3o Preto e regi\u00e3o pelo WhatsApp: 16 99117 7802.<\/p>\n<p>VEJA TAMB\u00c9M<\/p>\n<p>Como se inscrever no concurso do TJ PR?<\/p>\n<p><!-- CONTENT END 1 -->\n<\/div>\n<\/div>\n<p><script async src=\"\/\/www.instagram.com\/embed.js\"><\/script><br \/>\n<br \/><br \/>\n<br \/><a href=\"https:\/\/www.acidadeon.com\/ribeiraopreto\/cotidiano\/frente-fria-chega-nesta-quarta-e-ribeirao-preto-tem-previsao-de-virada-no-tempo\/\">Source link <\/a><\/p>\n","protected":false},"excerpt":{"rendered":"<p>A frente fria avan\u00e7a nesta quarta-feira (28) pelo estado de S\u00e3o Paulo. Segundo a Climatempo, a regi\u00e3o de Ribeir\u00e3o Preto tem previs\u00e3o de rajadas de&#8230;<\/p>\n","protected":false},"author":1,"featured_media":70617,"comment_status":"open","ping_status":"open","sticky":false,"template":"","format":"standard","meta":{"advanced_seo_description":"","jetpack_seo_html_title":"","jetpack_seo_noindex":false,"jetpack_post_was_ever_published":false,"_jetpack_newsletter_access":"","_jetpack_dont_email_post_to_subs":false,"_jetpack_newsletter_tier_id":0,"_jetpack_memberships_contains_paywalled_content":false,"_jetpack_memberships_contains_paid_content":false,"footnotes":"","jetpack_publicize_message":"","jetpack_publicize_feature_enabled":true,"jetpack_social_post_already_shared":true,"jetpack_social_options":{"image_generator_settings":{"template":"highway","default_image_id":0,"font":"","enabled":false},"version":2}},"categories":[11],"tags":[],"class_list":["post-70616","post","type-post","status-publish","format-standard","has-post-thumbnail","hentry","category-noticias-de-ribeirao-preto-sp-e-regiao-ismael-colosi"],"jetpack_publicize_connections":[],"jetpack_featured_media_url":"https:\/\/i0.wp.com\/noticiasribeiraopreto.com.br\/wp-content\/uploads\/2025\/05\/WhatsApp-Image-2025-05-28-at-09.27.27_2025-05-28_13-10-24.webp.webp?fit=1200%2C900&ssl=1","jetpack-related-posts":[{"id":73027,"url":"https:\/\/noticiasribeiraopreto.com.br\/index.php\/2025\/06\/24\/minima-invertida-em-ribeirao-preto-entenda-o-fenomeno-e-veja-as-temperaturas\/","url_meta":{"origin":70616,"position":0},"title":"M\u00ednima invertida em Ribeir\u00e3o Preto? Entenda o fen\u00f4meno e veja as temperaturas","author":"noticiasribeiraopreto.com.br","date":"24 de June de 2025","format":false,"excerpt":"A frente fria que chegou nesta segunda-feira (23) mudou o tempo em Ribeir\u00e3o Preto e ainda deixa a cidade sob alerta para mais chuva, que pode ser forte, na manh\u00e3 desta ter\u00e7a-feira (24). Est\u00e3o previstas rajadas de vento entre 40 km\/h e 50 km\/h. Segundo a Climatempo, ao longo do\u2026","rel":"","context":"In &quot;Not\u00edcias de Ribeir\u00e3o Preto-SP e Regi\u00e3o&quot;","block_context":{"text":"Not\u00edcias de Ribeir\u00e3o Preto-SP e Regi\u00e3o","link":"https:\/\/noticiasribeiraopreto.com.br\/index.php\/category\/noticias-de-ribeirao-preto-sp-e-regiao-ismael-colosi\/"},"img":{"alt_text":"","src":"https:\/\/i0.wp.com\/noticiasribeiraopreto.com.br\/wp-content\/uploads\/2025\/06\/frio_mcamgo_abr_180520221818-3_2025-04-15_20-46-56_jpg_2025-04-15_20-46-58-scaled.webp.webp?fit=1200%2C800&ssl=1&resize=350%2C200","width":350,"height":200,"srcset":"https:\/\/i0.wp.com\/noticiasribeiraopreto.com.br\/wp-content\/uploads\/2025\/06\/frio_mcamgo_abr_180520221818-3_2025-04-15_20-46-56_jpg_2025-04-15_20-46-58-scaled.webp.webp?fit=1200%2C800&ssl=1&resize=350%2C200 1x, https:\/\/i0.wp.com\/noticiasribeiraopreto.com.br\/wp-content\/uploads\/2025\/06\/frio_mcamgo_abr_180520221818-3_2025-04-15_20-46-56_jpg_2025-04-15_20-46-58-scaled.webp.webp?fit=1200%2C800&ssl=1&resize=525%2C300 1.5x, https:\/\/i0.wp.com\/noticiasribeiraopreto.com.br\/wp-content\/uploads\/2025\/06\/frio_mcamgo_abr_180520221818-3_2025-04-15_20-46-56_jpg_2025-04-15_20-46-58-scaled.webp.webp?fit=1200%2C800&ssl=1&resize=700%2C400 2x, https:\/\/i0.wp.com\/noticiasribeiraopreto.com.br\/wp-content\/uploads\/2025\/06\/frio_mcamgo_abr_180520221818-3_2025-04-15_20-46-56_jpg_2025-04-15_20-46-58-scaled.webp.webp?fit=1200%2C800&ssl=1&resize=1050%2C600 3x"},"classes":[]},{"id":78726,"url":"https:\/\/noticiasribeiraopreto.com.br\/index.php\/2025\/10\/17\/frente-fria-traz-chuva-e-queda-na-temperatura-veja-previsao-no-interior-de-sp\/","url_meta":{"origin":70616,"position":1},"title":"Frente fria traz chuva e queda na temperatura; Veja previs\u00e3o no interior de SP","author":"noticiasribeiraopreto.com.br","date":"17 de October de 2025","format":false,"excerpt":"O interior de S\u00e3o Paulo tem previs\u00e3o de chuva com a chegada de uma frente fria ao Sudeste neste fim de semana. Segundo a Climatempo, nesta sexta-feira (17) o predom\u00ednio ainda deve ser de sol com possibilidade de pancadas isoladas de chuva sobre a regi\u00e3o de Ribeir\u00e3o Preto devido ao\u2026","rel":"","context":"In &quot;Not\u00edcias de Ribeir\u00e3o Preto-SP e Regi\u00e3o&quot;","block_context":{"text":"Not\u00edcias de Ribeir\u00e3o Preto-SP e Regi\u00e3o","link":"https:\/\/noticiasribeiraopreto.com.br\/index.php\/category\/noticias-de-ribeirao-preto-sp-e-regiao-ismael-colosi\/"},"img":{"alt_text":"","src":"https:\/\/i0.wp.com\/noticiasribeiraopreto.com.br\/wp-content\/uploads\/2025\/07\/WhatsApp-Image-2025-04-14-at-16.00.00_2025-04-14_19-33-51_jpeg_2025-04-14_19-33-51.webp.webp?fit=1200%2C553&ssl=1&resize=350%2C200","width":350,"height":200,"srcset":"https:\/\/i0.wp.com\/noticiasribeiraopreto.com.br\/wp-content\/uploads\/2025\/07\/WhatsApp-Image-2025-04-14-at-16.00.00_2025-04-14_19-33-51_jpeg_2025-04-14_19-33-51.webp.webp?fit=1200%2C553&ssl=1&resize=350%2C200 1x, https:\/\/i0.wp.com\/noticiasribeiraopreto.com.br\/wp-content\/uploads\/2025\/07\/WhatsApp-Image-2025-04-14-at-16.00.00_2025-04-14_19-33-51_jpeg_2025-04-14_19-33-51.webp.webp?fit=1200%2C553&ssl=1&resize=525%2C300 1.5x, https:\/\/i0.wp.com\/noticiasribeiraopreto.com.br\/wp-content\/uploads\/2025\/07\/WhatsApp-Image-2025-04-14-at-16.00.00_2025-04-14_19-33-51_jpeg_2025-04-14_19-33-51.webp.webp?fit=1200%2C553&ssl=1&resize=700%2C400 2x, https:\/\/i0.wp.com\/noticiasribeiraopreto.com.br\/wp-content\/uploads\/2025\/07\/WhatsApp-Image-2025-04-14-at-16.00.00_2025-04-14_19-33-51_jpeg_2025-04-14_19-33-51.webp.webp?fit=1200%2C553&ssl=1&resize=1050%2C600 3x"},"classes":[]},{"id":46284,"url":"https:\/\/noticiasribeiraopreto.com.br\/index.php\/2024\/04\/10\/frente-fria-chega-ao-interior-de-sp-nesta-quinta-feira-veja-a-previsao\/","url_meta":{"origin":70616,"position":2},"title":"Frente fria chega ao interior de SP nesta quinta-feira; Veja a previs\u00e3o","author":"noticiasribeiraopreto.com.br","date":"10 de April de 2024","format":false,"excerpt":"Uma frente fria formada na Argentina deve causar chuva e temperaturas mais amenas no Sul, antes de chegar ao Sudeste do pa\u00eds, incluindo o estado de S\u00e3o Paulo e o litoral paulista, nesta semana. A alta press\u00e3o que vem na retaguarda desse sistema deve trazer um pouco de ar frio,\u2026","rel":"","context":"In &quot;Not\u00edcias de Ribeir\u00e3o Preto-SP e Regi\u00e3o&quot;","block_context":{"text":"Not\u00edcias de Ribeir\u00e3o Preto-SP e Regi\u00e3o","link":"https:\/\/noticiasribeiraopreto.com.br\/index.php\/category\/noticias-de-ribeirao-preto-sp-e-regiao-ismael-colosi\/"},"img":{"alt_text":"","src":"https:\/\/noticiasribeiraopreto.com.br\/wp-content\/uploads\/2024\/04\/whatsapp_image_2022-08-08_at_07_42_08.jpe","width":350,"height":200,"srcset":"https:\/\/noticiasribeiraopreto.com.br\/wp-content\/uploads\/2024\/04\/whatsapp_image_2022-08-08_at_07_42_08.jpe 1x, https:\/\/noticiasribeiraopreto.com.br\/wp-content\/uploads\/2024\/04\/whatsapp_image_2022-08-08_at_07_42_08.jpe 1.5x, https:\/\/noticiasribeiraopreto.com.br\/wp-content\/uploads\/2024\/04\/whatsapp_image_2022-08-08_at_07_42_08.jpe 2x, https:\/\/noticiasribeiraopreto.com.br\/wp-content\/uploads\/2024\/04\/whatsapp_image_2022-08-08_at_07_42_08.jpe 3x"},"classes":[]},{"id":64522,"url":"https:\/\/noticiasribeiraopreto.com.br\/index.php\/2025\/03\/09\/frente-fria-chega-a-sp-nesta-semana-veja-previsao-para-ribeirao\/","url_meta":{"origin":70616,"position":3},"title":"Frente fria chega a SP nesta semana; Veja previs\u00e3o para Ribeir\u00e3o","author":"noticiasribeiraopreto.com.br","date":"9 de March de 2025","format":false,"excerpt":"Uma nova frente fria deve se formar nesta semana e provocar \u00e1reas de instabilidades no estado de S\u00e3o Paulo. O domingo (9), no entanto, continua sem chuva e com altas temperaturas. Em Ribeir\u00e3o Preto, a previs\u00e3o \u00e9 de sol com aumento de nuvens durante o per\u00edodo da tarde. Os term\u00f4metros\u2026","rel":"","context":"In &quot;Not\u00edcias de Ribeir\u00e3o Preto-SP e Regi\u00e3o&quot;","block_context":{"text":"Not\u00edcias de Ribeir\u00e3o Preto-SP e Regi\u00e3o","link":"https:\/\/noticiasribeiraopreto.com.br\/index.php\/category\/noticias-de-ribeirao-preto-sp-e-regiao-ismael-colosi\/"},"img":{"alt_text":"","src":"https:\/\/i0.wp.com\/noticiasribeiraopreto.com.br\/wp-content\/uploads\/2025\/03\/WhatsApp-Image-2025-03-09-at-09.46.21_2025-03-09_12-46-30_jpeg_2025-03-09_12-46-30.webp.webp?fit=1200%2C738&ssl=1&resize=350%2C200","width":350,"height":200,"srcset":"https:\/\/i0.wp.com\/noticiasribeiraopreto.com.br\/wp-content\/uploads\/2025\/03\/WhatsApp-Image-2025-03-09-at-09.46.21_2025-03-09_12-46-30_jpeg_2025-03-09_12-46-30.webp.webp?fit=1200%2C738&ssl=1&resize=350%2C200 1x, https:\/\/i0.wp.com\/noticiasribeiraopreto.com.br\/wp-content\/uploads\/2025\/03\/WhatsApp-Image-2025-03-09-at-09.46.21_2025-03-09_12-46-30_jpeg_2025-03-09_12-46-30.webp.webp?fit=1200%2C738&ssl=1&resize=525%2C300 1.5x, https:\/\/i0.wp.com\/noticiasribeiraopreto.com.br\/wp-content\/uploads\/2025\/03\/WhatsApp-Image-2025-03-09-at-09.46.21_2025-03-09_12-46-30_jpeg_2025-03-09_12-46-30.webp.webp?fit=1200%2C738&ssl=1&resize=700%2C400 2x, https:\/\/i0.wp.com\/noticiasribeiraopreto.com.br\/wp-content\/uploads\/2025\/03\/WhatsApp-Image-2025-03-09-at-09.46.21_2025-03-09_12-46-30_jpeg_2025-03-09_12-46-30.webp.webp?fit=1200%2C738&ssl=1&resize=1050%2C600 3x"},"classes":[]},{"id":68790,"url":"https:\/\/noticiasribeiraopreto.com.br\/index.php\/2025\/04\/29\/vai-esfriar-ar-frio-chega-ao-interior-de-sao-paulo-nesta-semana-veja-previsao\/","url_meta":{"origin":70616,"position":4},"title":"Vai esfriar? Ar frio chega ao interior de S\u00e3o Paulo nesta semana; Veja previs\u00e3o","author":"noticiasribeiraopreto.com.br","date":"29 de April de 2025","format":false,"excerpt":"A frente fria se afasta do estado de S\u00e3o Paulo a partir de ter\u00e7a-feira (29) e a previs\u00e3o \u00e9 da chegada do ar frio de origem polar. Segundo a Climatempo, nesta ter\u00e7a a umidade persiste e favorece chuviscos ou garoa pela manh\u00e3 em Ribeir\u00e3o Preto. No decorrer do dia, o\u2026","rel":"","context":"In &quot;Not\u00edcias de Ribeir\u00e3o Preto-SP e Regi\u00e3o&quot;","block_context":{"text":"Not\u00edcias de Ribeir\u00e3o Preto-SP e Regi\u00e3o","link":"https:\/\/noticiasribeiraopreto.com.br\/index.php\/category\/noticias-de-ribeirao-preto-sp-e-regiao-ismael-colosi\/"},"img":{"alt_text":"","src":"https:\/\/i0.wp.com\/noticiasribeiraopreto.com.br\/wp-content\/uploads\/2024\/10\/WhatsApp-Image-2024-10-15-at-08.25.28_2024-10-15_11-26-55_jpeg_2024-10-15_11-26-55.webp.webp?fit=1200%2C540&ssl=1&resize=350%2C200","width":350,"height":200,"srcset":"https:\/\/i0.wp.com\/noticiasribeiraopreto.com.br\/wp-content\/uploads\/2024\/10\/WhatsApp-Image-2024-10-15-at-08.25.28_2024-10-15_11-26-55_jpeg_2024-10-15_11-26-55.webp.webp?fit=1200%2C540&ssl=1&resize=350%2C200 1x, https:\/\/i0.wp.com\/noticiasribeiraopreto.com.br\/wp-content\/uploads\/2024\/10\/WhatsApp-Image-2024-10-15-at-08.25.28_2024-10-15_11-26-55_jpeg_2024-10-15_11-26-55.webp.webp?fit=1200%2C540&ssl=1&resize=525%2C300 1.5x, https:\/\/i0.wp.com\/noticiasribeiraopreto.com.br\/wp-content\/uploads\/2024\/10\/WhatsApp-Image-2024-10-15-at-08.25.28_2024-10-15_11-26-55_jpeg_2024-10-15_11-26-55.webp.webp?fit=1200%2C540&ssl=1&resize=700%2C400 2x, https:\/\/i0.wp.com\/noticiasribeiraopreto.com.br\/wp-content\/uploads\/2024\/10\/WhatsApp-Image-2024-10-15-at-08.25.28_2024-10-15_11-26-55_jpeg_2024-10-15_11-26-55.webp.webp?fit=1200%2C540&ssl=1&resize=1050%2C600 3x"},"classes":[]},{"id":55709,"url":"https:\/\/noticiasribeiraopreto.com.br\/index.php\/2024\/08\/05\/frente-fria-no-interior-de-sp-confira-quando-deve-chover-em-ribeirao-preto\/","url_meta":{"origin":70616,"position":5},"title":"Frente fria no interior de SP: Confira quando deve chover em Ribeir\u00e3o Preto","author":"noticiasribeiraopreto.com.br","date":"5 de August de 2024","format":false,"excerpt":"Uma nova frente fria deve chegar ao Brasil nesta quarta-feira (7) e provocar uma virada no tempo em muitos estados do Centro-Sul do pa\u00eds, de acordo com a Climatempo. Esse ar frio come\u00e7a a entrar no pa\u00eds pela regi\u00e3o Sul e deve avan\u00e7ar ao longo da sexta-feira (09) sobre o\u2026","rel":"","context":"In &quot;Not\u00edcias de Ribeir\u00e3o Preto-SP e Regi\u00e3o&quot;","block_context":{"text":"Not\u00edcias de Ribeir\u00e3o Preto-SP e Regi\u00e3o","link":"https:\/\/noticiasribeiraopreto.com.br\/index.php\/category\/noticias-de-ribeirao-preto-sp-e-regiao-ismael-colosi\/"},"img":{"alt_text":"","src":"https:\/\/i0.wp.com\/noticiasribeiraopreto.com.br\/wp-content\/uploads\/2024\/08\/chuva_forte_1024x576_06122019161537.jpg?fit=1024%2C575&ssl=1&resize=350%2C200","width":350,"height":200,"srcset":"https:\/\/i0.wp.com\/noticiasribeiraopreto.com.br\/wp-content\/uploads\/2024\/08\/chuva_forte_1024x576_06122019161537.jpg?fit=1024%2C575&ssl=1&resize=350%2C200 1x, https:\/\/i0.wp.com\/noticiasribeiraopreto.com.br\/wp-content\/uploads\/2024\/08\/chuva_forte_1024x576_06122019161537.jpg?fit=1024%2C575&ssl=1&resize=525%2C300 1.5x, https:\/\/i0.wp.com\/noticiasribeiraopreto.com.br\/wp-content\/uploads\/2024\/08\/chuva_forte_1024x576_06122019161537.jpg?fit=1024%2C575&ssl=1&resize=700%2C400 2x"},"classes":[]}],"jetpack_sharing_enabled":true,"jetpack_shortlink":"https:\/\/wp.me\/peQAOb-imY","_links":{"self":[{"href":"https:\/\/noticiasribeiraopreto.com.br\/index.php\/wp-json\/wp\/v2\/posts\/70616","targetHints":{"allow":["GET"]}}],"collection":[{"href":"https:\/\/noticiasribeiraopreto.com.br\/index.php\/wp-json\/wp\/v2\/posts"}],"about":[{"href":"https:\/\/noticiasribeiraopreto.com.br\/index.php\/wp-json\/wp\/v2\/types\/post"}],"author":[{"embeddable":true,"href":"https:\/\/noticiasribeiraopreto.com.br\/index.php\/wp-json\/wp\/v2\/users\/1"}],"replies":[{"embeddable":true,"href":"https:\/\/noticiasribeiraopreto.com.br\/index.php\/wp-json\/wp\/v2\/comments?post=70616"}],"version-history":[{"count":0,"href":"https:\/\/noticiasribeiraopreto.com.br\/index.php\/wp-json\/wp\/v2\/posts\/70616\/revisions"}],"wp:featuredmedia":[{"embeddable":true,"href":"https:\/\/noticiasribeiraopreto.com.br\/index.php\/wp-json\/wp\/v2\/media\/70617"}],"wp:attachment":[{"href":"https:\/\/noticiasribeiraopreto.com.br\/index.php\/wp-json\/wp\/v2\/media?parent=70616"}],"wp:term":[{"taxonomy":"category","embeddable":true,"href":"https:\/\/noticiasribeiraopreto.com.br\/index.php\/wp-json\/wp\/v2\/categories?post=70616"},{"taxonomy":"post_tag","embeddable":true,"href":"https:\/\/noticiasribeiraopreto.com.br\/index.php\/wp-json\/wp\/v2\/tags?post=70616"}],"curies":[{"name":"wp","href":"https:\/\/api.w.org\/{rel}","templated":true}]}}