{"id":70618,"date":"2025-05-28T11:53:22","date_gmt":"2025-05-28T14:53:22","guid":{"rendered":"https:\/\/noticiasribeiraopreto.com.br\/index.php\/2025\/05\/28\/acusados-de-matar-engenheiro-em-ribeirao-preto-vao-a-juri-popular-nesta-quarta\/"},"modified":"2025-05-28T11:53:22","modified_gmt":"2025-05-28T14:53:22","slug":"acusados-de-matar-engenheiro-em-ribeirao-preto-vao-a-juri-popular-nesta-quarta","status":"publish","type":"post","link":"https:\/\/noticiasribeiraopreto.com.br\/index.php\/2025\/05\/28\/acusados-de-matar-engenheiro-em-ribeirao-preto-vao-a-juri-popular-nesta-quarta\/","title":{"rendered":"Acusados de matar engenheiro em Ribeir\u00e3o Preto v\u00e3o a J\u00fari Popular nesta quarta"},"content":{"rendered":"<p> <br \/>\n<\/p>\n<div>\n<p>Acontece nesta quarta-feira (28) o J\u00fari Popular dos acusados de terem matado o engenheiro <strong>C\u00e9sar Henrique Rinhel<\/strong>, em Ribeir\u00e3o Preto. O crime, que aconteceu em dezembro de 2023, teria sido motivado por causa de uma briga na compra de uma caminhonete, que havia sido furtada.<\/p>\n<p>Segundo a investiga\u00e7\u00e3o, o engenheiro desconhecia a origem do ve\u00edculo. Quando ele foi morto, ele teria ido at\u00e9 uma oficina mec\u00e2nica em Ribeir\u00e3o Preto para tirar satisfa\u00e7\u00e3o com o homem que vendeu o carro.<\/p>\n<h2 class=\"wp-block-heading\"><strong>Caminhonete furtada<\/strong><\/h2>\n<p>A v\u00edtima foi presa em 2023 ap\u00f3s ser abordado pela pol\u00edcia, que constatou que ele dirigia uma caminhonete produto de furto e que estava com as caracter\u00edsticas adulteradas. C\u00e9sar Henrique alegou que desconhecia o crime. Ap\u00f3s audi\u00eancia de cust\u00f3dia, ele pagou fian\u00e7a e foi liberado.<\/p>\n<p>Em 14 de dezembro, o engenheiro acompanhava um amigo em tratamento m\u00e9dico em um hospital de Ribeir\u00e3o Preto. Ap\u00f3s deix\u00e1-lo na Santa Casa, a v\u00edtima foi at\u00e9 uma oficina nos Campos El\u00edseos, onde comprou a caminhonete.<\/p>\n<p>No local, <mark style=\"background-color:#fcb900\" class=\"has-inline-color has-black-color\">a v\u00edtima teria confrontado o vendedor da caminhonete e acabou sendo baleado duas vezes<\/mark>. \u00a0Em seguida, o corpo do engenheiro foi colocado no porta-malas de um carro e levado at\u00e9 o canavial em Serrana, onde foi enterrado.<\/p>\n<p>No momento em que o corpo era enterrado, funcion\u00e1rios de uma usina notaram a movimenta\u00e7\u00e3o e acionaram os seguran\u00e7as. Na chegada dos seguran\u00e7as, os suspeitos j\u00e1 tinham deixado o local no carro. A pol\u00edcia foi chamada e encontrou o corpo do engenheiro.<\/p>\n<h2 class=\"wp-block-heading\"><strong>Outro lado<\/strong><\/h2>\n<p>Na ocasi\u00e3o, foram presos Sullyvan Mike Tavares de Sousa e Hugo C\u00e9sar Silva Dias, acusados de envolvimento no crime. De acordo com o advogado Cassiano Figueiredo, Hugo teria agido em leg\u00edtima defesa, com temor de repres\u00e1lias pelo ocorrido.<\/p>\n<p>\u00a0\u201cEntendemos que Hugo C\u00e9sar, em rela\u00e7\u00e3o ao crime de homic\u00eddio, agiu amparado pela leg\u00edtima defesa, o que se confirma com todas as provas que foram produzidas e as contradi\u00e7\u00f5es e omiss\u00f5es da acusa\u00e7\u00e3o, somada \u00e0 colabora\u00e7\u00e3o espont\u00e2nea dele com a investiga\u00e7\u00e3o, tendo participado at\u00e9 mesmo de reconstitui\u00e7\u00e3o, o que ser\u00e1 comprovado em plen\u00e1rio\u201d, afirma o advogado.<\/p>\n<p>A defesa de Sullyvan n\u00e3o foi encontrada para comentar o caso.<\/p>\n<p>SAIBA MAIS<br \/>Seis bairros t\u00eam alerta de falta d\u2019\u00e1gua na zona Leste de Ribeir\u00e3o Preto; Veja lista<\/p>\n<h2 class=\"wp-block-heading\"><strong>FIQUE ON<\/strong><\/h2>\n<p>Fique ligado em tudo que acontece em Ribeir\u00e3o Preto e regi\u00e3o. Siga os perfis do<strong> acidade on<\/strong> no<a href=\"https:\/\/www.instagram.com\/acidadeonribeirao\"> Instagram <\/a>e no <a href=\"https:\/\/www.facebook.com\/acidadeonribeirao\/\">Facebook.<\/a><\/p>\n<p>Receba not\u00edcias do <strong>acidade on<\/strong> no WhatsApp. <a href=\"https:\/\/chat.whatsapp.com\/BjKQZ9oJwlz8VVT50NuePq\">Para entrar no grupo, basta clicar aqui.<\/a><\/p>\n<p>Fa\u00e7a uma den\u00fancia ou sugira uma reportagem sobre Ribeir\u00e3o Preto e regi\u00e3o pelo WhatsApp: 16 99117 7802.<\/p>\n<p>VEJA TAMB\u00c9M<br \/>Como se inscrever no concurso do TJ PR?<\/p>\n<p><!-- CONTENT END 1 -->\n<\/div>\n<p><script async src=\"\/\/www.instagram.com\/embed.js\"><\/script><br \/>\n<br \/><br \/>\n<br \/><a href=\"https:\/\/www.acidadeon.com\/ribeiraopreto\/cotidiano\/acusados-de-matar-engenheiro-em-ribeirao-preto-vao-a-juri-popular-nesta-quarta\/\">Source link <\/a><\/p>\n","protected":false},"excerpt":{"rendered":"<p>Acontece nesta quarta-feira (28) o J\u00fari Popular dos acusados de terem matado o engenheiro C\u00e9sar Henrique Rinhel, em Ribeir\u00e3o Preto. O crime, que aconteceu em&#8230;<\/p>\n","protected":false},"author":1,"featured_media":70619,"comment_status":"open","ping_status":"open","sticky":false,"template":"","format":"standard","meta":{"advanced_seo_description":"","jetpack_seo_html_title":"","jetpack_seo_noindex":false,"jetpack_post_was_ever_published":false,"_jetpack_newsletter_access":"","_jetpack_dont_email_post_to_subs":false,"_jetpack_newsletter_tier_id":0,"_jetpack_memberships_contains_paywalled_content":false,"_jetpack_memberships_contains_paid_content":false,"footnotes":"","jetpack_publicize_message":"","jetpack_publicize_feature_enabled":true,"jetpack_social_post_already_shared":true,"jetpack_social_options":{"image_generator_settings":{"template":"highway","default_image_id":0,"font":"","enabled":false},"version":2}},"categories":[11],"tags":[],"class_list":["post-70618","post","type-post","status-publish","format-standard","has-post-thumbnail","hentry","category-noticias-de-ribeirao-preto-sp-e-regiao-ismael-colosi"],"jetpack_publicize_connections":[],"jetpack_featured_media_url":"https:\/\/i0.wp.com\/noticiasribeiraopreto.com.br\/wp-content\/uploads\/2025\/05\/engenheiro_2025-05-28_13-09-29.webp.webp?fit=982%2C612&ssl=1","jetpack-related-posts":[{"id":70738,"url":"https:\/\/noticiasribeiraopreto.com.br\/index.php\/2025\/05\/29\/morte-de-engenheiro-em-ribeirao-juri-popular-condena-dois-envolvidos-no-crime\/","url_meta":{"origin":70618,"position":0},"title":"Morte de engenheiro em Ribeir\u00e3o: J\u00fari Popular condena dois envolvidos no crime","author":"noticiasribeiraopreto.com.br","date":"29 de May de 2025","format":false,"excerpt":"Os dois acusados pelo envolvimento na morte do engenheiro C\u00e9sar Henrique Rinhel, em Ribeir\u00e3o Preto, foram condenados pelo J\u00fari Popular nesta quarta-feira (28). O crime, que aconteceu em dezembro de 2023, teria sido motivado por causa de uma briga na compra de uma caminhonete, que havia sido furtada. Hugo C\u00e9sar\u2026","rel":"","context":"In &quot;Not\u00edcias de Ribeir\u00e3o Preto-SP e Regi\u00e3o&quot;","block_context":{"text":"Not\u00edcias de Ribeir\u00e3o Preto-SP e Regi\u00e3o","link":"https:\/\/noticiasribeiraopreto.com.br\/index.php\/category\/noticias-de-ribeirao-preto-sp-e-regiao-ismael-colosi\/"},"img":{"alt_text":"","src":"https:\/\/i0.wp.com\/noticiasribeiraopreto.com.br\/wp-content\/uploads\/2025\/05\/engenheiro_2025-05-28_13-09-29.webp.webp?fit=982%2C612&ssl=1&resize=350%2C200","width":350,"height":200,"srcset":"https:\/\/i0.wp.com\/noticiasribeiraopreto.com.br\/wp-content\/uploads\/2025\/05\/engenheiro_2025-05-28_13-09-29.webp.webp?fit=982%2C612&ssl=1&resize=350%2C200 1x, https:\/\/i0.wp.com\/noticiasribeiraopreto.com.br\/wp-content\/uploads\/2025\/05\/engenheiro_2025-05-28_13-09-29.webp.webp?fit=982%2C612&ssl=1&resize=525%2C300 1.5x, https:\/\/i0.wp.com\/noticiasribeiraopreto.com.br\/wp-content\/uploads\/2025\/05\/engenheiro_2025-05-28_13-09-29.webp.webp?fit=982%2C612&ssl=1&resize=700%2C400 2x"},"classes":[]},{"id":32922,"url":"https:\/\/noticiasribeiraopreto.com.br\/index.php\/2024\/01\/26\/policia-reconstitui-homicidio-de-engenheiro-de-batatais\/","url_meta":{"origin":70618,"position":1},"title":"Pol\u00edcia reconstitui homic\u00eddio de engenheiro de Batatais","author":"noticiasribeiraopreto.com.br","date":"26 de January de 2024","format":false,"excerpt":"V\u00edtima teria sido morta ao tirar satisfa\u00e7\u00e3o com homem que teria vendido caminhonete furtada, resultando na pris\u00e3o do engenheiro por recepta\u00e7\u00e3o 26 de janeiro de 2024 | 16:08 3Por: Adalberto LuqueA Pol\u00edcia Civil realizou, nesta sexta-feira (26), a reconstitui\u00e7\u00e3o da morte do engenheiro C\u00e9sar Henrique Rinhel, de 50 anos. A\u2026","rel":"","context":"In &quot;Not\u00edcias de Ribeir\u00e3o Preto-SP e Regi\u00e3o&quot;","block_context":{"text":"Not\u00edcias de Ribeir\u00e3o Preto-SP e Regi\u00e3o","link":"https:\/\/noticiasribeiraopreto.com.br\/index.php\/category\/noticias-de-ribeirao-preto-sp-e-regiao-ismael-colosi\/"},"img":{"alt_text":"","src":"https:\/\/i0.wp.com\/noticiasribeiraopreto.com.br\/wp-content\/uploads\/2024\/01\/00-26-jan-2024-reconstituicao-engenheiro-00-foto-alfredo-risk-scaled.jpg?fit=967%2C645&ssl=1&resize=350%2C200","width":350,"height":200,"srcset":"https:\/\/i0.wp.com\/noticiasribeiraopreto.com.br\/wp-content\/uploads\/2024\/01\/00-26-jan-2024-reconstituicao-engenheiro-00-foto-alfredo-risk-scaled.jpg?fit=967%2C645&ssl=1&resize=350%2C200 1x, https:\/\/i0.wp.com\/noticiasribeiraopreto.com.br\/wp-content\/uploads\/2024\/01\/00-26-jan-2024-reconstituicao-engenheiro-00-foto-alfredo-risk-scaled.jpg?fit=967%2C645&ssl=1&resize=525%2C300 1.5x, https:\/\/i0.wp.com\/noticiasribeiraopreto.com.br\/wp-content\/uploads\/2024\/01\/00-26-jan-2024-reconstituicao-engenheiro-00-foto-alfredo-risk-scaled.jpg?fit=967%2C645&ssl=1&resize=700%2C400 2x"},"classes":[]},{"id":33089,"url":"https:\/\/noticiasribeiraopreto.com.br\/index.php\/2024\/01\/27\/o-que-se-sabe-sobre-engenheiro-morto-e-enterrado-na-zona-rural-de-cidade-na-regiao-de-ribeirao\/","url_meta":{"origin":70618,"position":2},"title":"O que se sabe sobre engenheiro morto e enterrado na zona rural de cidade na regi\u00e3o de Ribeir\u00e3o","author":"noticiasribeiraopreto.com.br","date":"27 de January de 2024","format":false,"excerpt":"A Pol\u00edcia Civil investiga a morte do engenheiro C\u00e9sar Henrique Rinhel, de 50 anos, assassinado em dezembro de 2023, em uma oficina da zona Norte de Ribeir\u00e3o Preto. O corpo da v\u00edtima foi localizado em uma fazenda na zona rural de Serrana, ap\u00f3s trabalhadores de uma usina terem avistado um\u2026","rel":"","context":"In &quot;Not\u00edcias de Ribeir\u00e3o Preto-SP e Regi\u00e3o&quot;","block_context":{"text":"Not\u00edcias de Ribeir\u00e3o Preto-SP e Regi\u00e3o","link":"https:\/\/noticiasribeiraopreto.com.br\/index.php\/category\/noticias-de-ribeirao-preto-sp-e-regiao-ismael-colosi\/"},"img":{"alt_text":"","src":"https:\/\/i0.wp.com\/noticiasribeiraopreto.com.br\/wp-content\/uploads\/2024\/01\/Copia-de-Copia-de-TAMANHO-EXATO-PARA-FOTOS-NO-SISTEMA-NOVO-4-1.jpg?fit=1200%2C675&ssl=1&resize=350%2C200","width":350,"height":200,"srcset":"https:\/\/i0.wp.com\/noticiasribeiraopreto.com.br\/wp-content\/uploads\/2024\/01\/Copia-de-Copia-de-TAMANHO-EXATO-PARA-FOTOS-NO-SISTEMA-NOVO-4-1.jpg?fit=1200%2C675&ssl=1&resize=350%2C200 1x, https:\/\/i0.wp.com\/noticiasribeiraopreto.com.br\/wp-content\/uploads\/2024\/01\/Copia-de-Copia-de-TAMANHO-EXATO-PARA-FOTOS-NO-SISTEMA-NOVO-4-1.jpg?fit=1200%2C675&ssl=1&resize=525%2C300 1.5x, https:\/\/i0.wp.com\/noticiasribeiraopreto.com.br\/wp-content\/uploads\/2024\/01\/Copia-de-Copia-de-TAMANHO-EXATO-PARA-FOTOS-NO-SISTEMA-NOVO-4-1.jpg?fit=1200%2C675&ssl=1&resize=700%2C400 2x, https:\/\/i0.wp.com\/noticiasribeiraopreto.com.br\/wp-content\/uploads\/2024\/01\/Copia-de-Copia-de-TAMANHO-EXATO-PARA-FOTOS-NO-SISTEMA-NOVO-4-1.jpg?fit=1200%2C675&ssl=1&resize=1050%2C600 3x"},"classes":[]},{"id":33002,"url":"https:\/\/noticiasribeiraopreto.com.br\/index.php\/2024\/01\/27\/policia-reconstitui-morte-de-engenheiro-da-regiao-de-ribeirao-que-comprou-carro-furtado-sem-saber\/","url_meta":{"origin":70618,"position":3},"title":"Pol\u00edcia reconstitui morte de engenheiro da regi\u00e3o de Ribeir\u00e3o que comprou carro furtado sem saber","author":"noticiasribeiraopreto.com.br","date":"27 de January de 2024","format":false,"excerpt":"A Pol\u00edcia Civil realizou nesta sexta-feira (26), a reconstitui\u00e7\u00e3o da morte do engenheiro C\u00e9sar Henrique Rinhel, de 50 anos, assassinado em dezembro de 2023, em uma oficina da zona Norte de Ribeir\u00e3o Preto. A v\u00edtima, que morava em Batatais, morreu ap\u00f3s ser baleada e foi enterrada em um canavial na\u2026","rel":"","context":"In &quot;Not\u00edcias de Ribeir\u00e3o Preto-SP e Regi\u00e3o&quot;","block_context":{"text":"Not\u00edcias de Ribeir\u00e3o Preto-SP e Regi\u00e3o","link":"https:\/\/noticiasribeiraopreto.com.br\/index.php\/category\/noticias-de-ribeirao-preto-sp-e-regiao-ismael-colosi\/"},"img":{"alt_text":"","src":"https:\/\/i0.wp.com\/noticiasribeiraopreto.com.br\/wp-content\/uploads\/2024\/01\/rECONSTITUICAO.png?fit=1117%2C603&ssl=1&resize=350%2C200","width":350,"height":200,"srcset":"https:\/\/i0.wp.com\/noticiasribeiraopreto.com.br\/wp-content\/uploads\/2024\/01\/rECONSTITUICAO.png?fit=1117%2C603&ssl=1&resize=350%2C200 1x, https:\/\/i0.wp.com\/noticiasribeiraopreto.com.br\/wp-content\/uploads\/2024\/01\/rECONSTITUICAO.png?fit=1117%2C603&ssl=1&resize=525%2C300 1.5x, https:\/\/i0.wp.com\/noticiasribeiraopreto.com.br\/wp-content\/uploads\/2024\/01\/rECONSTITUICAO.png?fit=1117%2C603&ssl=1&resize=700%2C400 2x, https:\/\/i0.wp.com\/noticiasribeiraopreto.com.br\/wp-content\/uploads\/2024\/01\/rECONSTITUICAO.png?fit=1117%2C603&ssl=1&resize=1050%2C600 3x"},"classes":[]},{"id":73076,"url":"https:\/\/noticiasribeiraopreto.com.br\/index.php\/2025\/06\/25\/homem-e-detido-apos-perseguicao-a-caminhonete-de-luxo-furtada\/","url_meta":{"origin":70618,"position":4},"title":"Homem \u00e9 detido ap\u00f3s persegui\u00e7\u00e3o a caminhonete de luxo furtada","author":"noticiasribeiraopreto.com.br","date":"25 de June de 2025","format":false,"excerpt":"A PM (Pol\u00edcia Militar) deteve um homem nesta quarta-feira (25), em S\u00e3o Sim\u00e3o, a 50 quil\u00f4metros de Ribeir\u00e3o Preto, com uma caminhonete furtada. Segundo a pol\u00edcia, o ve\u00edculo Toyota Hilux estava pela rodovia Conde Francisco Matarazzo (SP-253), quando o condutor entrou pelo munic\u00edpio de S\u00e3o Sim\u00e3o e houve uma persegui\u00e7\u00e3o\u2026","rel":"","context":"In &quot;Not\u00edcias de Ribeir\u00e3o Preto-SP e Regi\u00e3o&quot;","block_context":{"text":"Not\u00edcias de Ribeir\u00e3o Preto-SP e Regi\u00e3o","link":"https:\/\/noticiasribeiraopreto.com.br\/index.php\/category\/noticias-de-ribeirao-preto-sp-e-regiao-ismael-colosi\/"},"img":{"alt_text":"","src":"https:\/\/i0.wp.com\/noticiasribeiraopreto.com.br\/wp-content\/uploads\/2025\/06\/WhatsApp-Image-2025-06-25-at-09.11.22_2025-06-25_12-12-09.webp.webp?fit=1200%2C675&ssl=1&resize=350%2C200","width":350,"height":200,"srcset":"https:\/\/i0.wp.com\/noticiasribeiraopreto.com.br\/wp-content\/uploads\/2025\/06\/WhatsApp-Image-2025-06-25-at-09.11.22_2025-06-25_12-12-09.webp.webp?fit=1200%2C675&ssl=1&resize=350%2C200 1x, https:\/\/i0.wp.com\/noticiasribeiraopreto.com.br\/wp-content\/uploads\/2025\/06\/WhatsApp-Image-2025-06-25-at-09.11.22_2025-06-25_12-12-09.webp.webp?fit=1200%2C675&ssl=1&resize=525%2C300 1.5x, https:\/\/i0.wp.com\/noticiasribeiraopreto.com.br\/wp-content\/uploads\/2025\/06\/WhatsApp-Image-2025-06-25-at-09.11.22_2025-06-25_12-12-09.webp.webp?fit=1200%2C675&ssl=1&resize=700%2C400 2x, https:\/\/i0.wp.com\/noticiasribeiraopreto.com.br\/wp-content\/uploads\/2025\/06\/WhatsApp-Image-2025-06-25-at-09.11.22_2025-06-25_12-12-09.webp.webp?fit=1200%2C675&ssl=1&resize=1050%2C600 3x"},"classes":[]},{"id":64666,"url":"https:\/\/noticiasribeiraopreto.com.br\/index.php\/2025\/03\/11\/apos-perseguicao-homem-e-preso-com-caminhonete-de-luxo-furtada-na-zona-sul-de-ribeirao-preto\/","url_meta":{"origin":70618,"position":5},"title":"Ap\u00f3s persegui\u00e7\u00e3o, homem \u00e9 preso com caminhonete de luxo furtada na zona Sul de Ribeir\u00e3o Preto","author":"noticiasribeiraopreto.com.br","date":"11 de March de 2025","format":false,"excerpt":"Um homem foi preso nesta ter\u00e7a-feira (11) com uma caminhonete que havia sido furtada no \u00faltimo s\u00e1bado (8), no Jardim Bot\u00e2nico, zona Sul de Ribeir\u00e3o Preto. Segundo o boletim de ocorr\u00eancia (BO), houve persegui\u00e7\u00e3o ao ve\u00edculo Toyota\u00a0Hilux branco pelas rodovias Anhanguera (SP-330) e Ant\u00f4nio Machado Sant\u2019Anna. Durante a a\u00e7\u00e3o, a\u2026","rel":"","context":"In &quot;Not\u00edcias de Ribeir\u00e3o Preto-SP e Regi\u00e3o&quot;","block_context":{"text":"Not\u00edcias de Ribeir\u00e3o Preto-SP e Regi\u00e3o","link":"https:\/\/noticiasribeiraopreto.com.br\/index.php\/category\/noticias-de-ribeirao-preto-sp-e-regiao-ismael-colosi\/"},"img":{"alt_text":"","src":"https:\/\/i0.wp.com\/noticiasribeiraopreto.com.br\/wp-content\/uploads\/2025\/03\/CAMINHONETE_2025-03-11_12-07-21_jpg_2025-03-11_12-07-23-scaled.webp.webp?fit=1200%2C761&ssl=1&resize=350%2C200","width":350,"height":200,"srcset":"https:\/\/i0.wp.com\/noticiasribeiraopreto.com.br\/wp-content\/uploads\/2025\/03\/CAMINHONETE_2025-03-11_12-07-21_jpg_2025-03-11_12-07-23-scaled.webp.webp?fit=1200%2C761&ssl=1&resize=350%2C200 1x, https:\/\/i0.wp.com\/noticiasribeiraopreto.com.br\/wp-content\/uploads\/2025\/03\/CAMINHONETE_2025-03-11_12-07-21_jpg_2025-03-11_12-07-23-scaled.webp.webp?fit=1200%2C761&ssl=1&resize=525%2C300 1.5x, https:\/\/i0.wp.com\/noticiasribeiraopreto.com.br\/wp-content\/uploads\/2025\/03\/CAMINHONETE_2025-03-11_12-07-21_jpg_2025-03-11_12-07-23-scaled.webp.webp?fit=1200%2C761&ssl=1&resize=700%2C400 2x, https:\/\/i0.wp.com\/noticiasribeiraopreto.com.br\/wp-content\/uploads\/2025\/03\/CAMINHONETE_2025-03-11_12-07-21_jpg_2025-03-11_12-07-23-scaled.webp.webp?fit=1200%2C761&ssl=1&resize=1050%2C600 3x"},"classes":[]}],"jetpack_sharing_enabled":true,"jetpack_shortlink":"https:\/\/wp.me\/peQAOb-in0","_links":{"self":[{"href":"https:\/\/noticiasribeiraopreto.com.br\/index.php\/wp-json\/wp\/v2\/posts\/70618","targetHints":{"allow":["GET"]}}],"collection":[{"href":"https:\/\/noticiasribeiraopreto.com.br\/index.php\/wp-json\/wp\/v2\/posts"}],"about":[{"href":"https:\/\/noticiasribeiraopreto.com.br\/index.php\/wp-json\/wp\/v2\/types\/post"}],"author":[{"embeddable":true,"href":"https:\/\/noticiasribeiraopreto.com.br\/index.php\/wp-json\/wp\/v2\/users\/1"}],"replies":[{"embeddable":true,"href":"https:\/\/noticiasribeiraopreto.com.br\/index.php\/wp-json\/wp\/v2\/comments?post=70618"}],"version-history":[{"count":0,"href":"https:\/\/noticiasribeiraopreto.com.br\/index.php\/wp-json\/wp\/v2\/posts\/70618\/revisions"}],"wp:featuredmedia":[{"embeddable":true,"href":"https:\/\/noticiasribeiraopreto.com.br\/index.php\/wp-json\/wp\/v2\/media\/70619"}],"wp:attachment":[{"href":"https:\/\/noticiasribeiraopreto.com.br\/index.php\/wp-json\/wp\/v2\/media?parent=70618"}],"wp:term":[{"taxonomy":"category","embeddable":true,"href":"https:\/\/noticiasribeiraopreto.com.br\/index.php\/wp-json\/wp\/v2\/categories?post=70618"},{"taxonomy":"post_tag","embeddable":true,"href":"https:\/\/noticiasribeiraopreto.com.br\/index.php\/wp-json\/wp\/v2\/tags?post=70618"}],"curies":[{"name":"wp","href":"https:\/\/api.w.org\/{rel}","templated":true}]}}