{"id":70620,"date":"2025-05-28T12:01:14","date_gmt":"2025-05-28T15:01:14","guid":{"rendered":"https:\/\/noticiasribeiraopreto.com.br\/index.php\/2025\/05\/28\/jovem-morre-em-acidente-entre-caminhao-e-moto-em-ribeirao-preto\/"},"modified":"2025-05-28T12:01:14","modified_gmt":"2025-05-28T15:01:14","slug":"jovem-morre-em-acidente-entre-caminhao-e-moto-em-ribeirao-preto","status":"publish","type":"post","link":"https:\/\/noticiasribeiraopreto.com.br\/index.php\/2025\/05\/28\/jovem-morre-em-acidente-entre-caminhao-e-moto-em-ribeirao-preto\/","title":{"rendered":"Jovem morre em acidente entre caminh\u00e3o e moto em Ribeir\u00e3o Preto"},"content":{"rendered":"<p> <br \/>\n<\/p>\n<div data-td-block-uid=\"tdi_95\">\n<div class=\"tdb-block-inner td-fix-index\">\n<p>Um jovem de <strong>20 anos<\/strong> morreu na noite desta <strong>segunda-feira (27)<\/strong> ap\u00f3s colidir com um caminh\u00e3o na <strong>avenida Thomaz Alberto Whately<\/strong>, na <strong>zona<\/strong> <strong>Norte <\/strong>de <strong>Ribeir\u00e3o Preto<\/strong>.<\/p>\n<p>A v\u00edtima foi identificada como <strong>Allan Cesar Camargos<\/strong> e pilotava uma <strong>Honda CG 125<\/strong> no momento do acidente.<\/p>\n<p>De acordo com o <strong>BO (boletim de ocorr\u00eancia)<\/strong>, o condutor do caminh\u00e3o prestou socorro e n\u00e3o sofreu ferimentos. As causas do acidente s\u00e3o investigadas.<\/p>\n<p>O caso foi registrado na <strong>CPJ (Central de Pol\u00edcia Judici\u00e1ria) de Ribeir\u00e3o Preto<\/strong> como homic\u00eddio culposo (quando n\u00e3o h\u00e1 inten\u00e7\u00e3o) na dire\u00e7\u00e3o do ve\u00edculo automotor.<\/p>\n<p>SAIBA MAIS<br \/>Seis bairros t\u00eam alerta de falta d\u2019\u00e1gua na zona Leste de Ribeir\u00e3o Preto; Veja lista<\/p>\n<h4 class=\"wp-block-heading\"><strong>FIQUE ON<\/strong><\/h4>\n<p>Fique ligado em tudo que acontece em Ribeir\u00e3o Preto e regi\u00e3o. Siga os perfis do <strong>acidade on <\/strong>no <a href=\"https:\/\/www.instagram.com\/acidadeonribeirao\" target=\"_blank\" rel=\"noreferrer noopener\">Instagram<\/a> e no <a href=\"https:\/\/www.facebook.com\/acidadeonribeirao\" target=\"_blank\" rel=\"noreferrer noopener\">Facebook<\/a>.<\/p>\n<p>Receba not\u00edcias do<strong> acidade on<\/strong> no WhatsApp. Para entrar no grupo, basta <a href=\"https:\/\/chat.whatsapp.com\/BjKQZ9oJwlz8VVT50NuePq\" target=\"_blank\" rel=\"noreferrer noopener\">clicar aqui<\/a>.<\/p>\n<p>Fa\u00e7a uma den\u00fancia ou sugira uma reportagem sobre Ribeir\u00e3o Preto e regi\u00e3o pelo WhatsApp: 16 99117 7802.<\/p>\n<p>VEJA TAMB\u00c9M<br \/>O que aconteceu entre Virginia e Z\u00e9 Felipe? Casal anuncia t\u00e9rmino<\/p>\n<p><!-- CONTENT END 1 -->\n<\/div>\n<\/div>\n<p><script async src=\"\/\/www.instagram.com\/embed.js\"><\/script><br \/>\n<br \/><br \/>\n<br \/><a href=\"https:\/\/www.acidadeon.com\/ribeiraopreto\/cotidiano\/jovem-morre-em-acidente-entre-caminhao-e-moto-em-ribeirao-preto\/\">Source link <\/a><\/p>\n","protected":false},"excerpt":{"rendered":"<p>Um jovem de 20 anos morreu na noite desta segunda-feira (27) ap\u00f3s colidir com um caminh\u00e3o na avenida Thomaz Alberto Whately, na zona Norte de&#8230;<\/p>\n","protected":false},"author":1,"featured_media":70621,"comment_status":"open","ping_status":"open","sticky":false,"template":"","format":"standard","meta":{"advanced_seo_description":"","jetpack_seo_html_title":"","jetpack_seo_noindex":false,"jetpack_post_was_ever_published":false,"_jetpack_newsletter_access":"","_jetpack_dont_email_post_to_subs":false,"_jetpack_newsletter_tier_id":0,"_jetpack_memberships_contains_paywalled_content":false,"_jetpack_memberships_contains_paid_content":false,"footnotes":"","jetpack_publicize_message":"","jetpack_publicize_feature_enabled":true,"jetpack_social_post_already_shared":true,"jetpack_social_options":{"image_generator_settings":{"template":"highway","default_image_id":0,"font":"","enabled":false},"version":2}},"categories":[11],"tags":[],"class_list":["post-70620","post","type-post","status-publish","format-standard","has-post-thumbnail","hentry","category-noticias-de-ribeirao-preto-sp-e-regiao-ismael-colosi"],"jetpack_publicize_connections":[],"jetpack_featured_media_url":"https:\/\/i0.wp.com\/noticiasribeiraopreto.com.br\/wp-content\/uploads\/2025\/05\/avenida_thomaz_1200x675_18052022152421.jpg?fit=1200%2C675&ssl=1","jetpack-related-posts":[{"id":58293,"url":"https:\/\/noticiasribeiraopreto.com.br\/index.php\/2024\/09\/24\/jovem-morre-em-acidente-de-moto-na-regiao-de-ribeirao-preto\/","url_meta":{"origin":70620,"position":0},"title":"Jovem morre em acidente de moto na regi\u00e3o de Ribeir\u00e3o Preto","author":"noticiasribeiraopreto.com.br","date":"24 de September de 2024","format":false,"excerpt":"Um motociclista de 22 anos morreu na noite desta segunda-feira (23), ap\u00f3s se envolver em um acidente na rodovia C\u00e2ndido Portinari (SP-334), em Franca. Segundo informa\u00e7\u00f5es, Paulo Henrique de Souza Santos bateu na traseira de um caminh\u00e3o e caiu na pista. Em seguida, um carro que vinha atr\u00e1s o atropelou.\u2026","rel":"","context":"In &quot;Not\u00edcias de Ribeir\u00e3o Preto-SP e Regi\u00e3o&quot;","block_context":{"text":"Not\u00edcias de Ribeir\u00e3o Preto-SP e Regi\u00e3o","link":"https:\/\/noticiasribeiraopreto.com.br\/index.php\/category\/noticias-de-ribeirao-preto-sp-e-regiao-ismael-colosi\/"},"img":{"alt_text":"","src":"https:\/\/i0.wp.com\/noticiasribeiraopreto.com.br\/wp-content\/uploads\/2024\/09\/vitima_2024-09-24_10-54-04_jpg_2024-09-24_10-54-05.webp.webp?fit=1200%2C874&ssl=1&resize=350%2C200","width":350,"height":200,"srcset":"https:\/\/i0.wp.com\/noticiasribeiraopreto.com.br\/wp-content\/uploads\/2024\/09\/vitima_2024-09-24_10-54-04_jpg_2024-09-24_10-54-05.webp.webp?fit=1200%2C874&ssl=1&resize=350%2C200 1x, https:\/\/i0.wp.com\/noticiasribeiraopreto.com.br\/wp-content\/uploads\/2024\/09\/vitima_2024-09-24_10-54-04_jpg_2024-09-24_10-54-05.webp.webp?fit=1200%2C874&ssl=1&resize=525%2C300 1.5x, https:\/\/i0.wp.com\/noticiasribeiraopreto.com.br\/wp-content\/uploads\/2024\/09\/vitima_2024-09-24_10-54-04_jpg_2024-09-24_10-54-05.webp.webp?fit=1200%2C874&ssl=1&resize=700%2C400 2x, https:\/\/i0.wp.com\/noticiasribeiraopreto.com.br\/wp-content\/uploads\/2024\/09\/vitima_2024-09-24_10-54-04_jpg_2024-09-24_10-54-05.webp.webp?fit=1200%2C874&ssl=1&resize=1050%2C600 3x"},"classes":[]},{"id":61329,"url":"https:\/\/noticiasribeiraopreto.com.br\/index.php\/2024\/12\/09\/acidente-entre-carro-e-caminhao-deixa-um-morto-em-rodovia-na-regiao-de-ribeirao\/","url_meta":{"origin":70620,"position":1},"title":"Acidente entre carro e caminh\u00e3o deixa um morto em rodovia na regi\u00e3o de Ribeir\u00e3o","author":"noticiasribeiraopreto.com.br","date":"9 de December de 2024","format":false,"excerpt":"Um acidente, na tarde desta segunda-feira (9), envolvendo um carro e um caminh\u00e3o, deixou uma pessoa morta na rodovia Abr\u00e3o Assed, em Cajuru, na regi\u00e3o de Ribeir\u00e3o Preto. Segundo testemunhas, o motorista do utilit\u00e1rio n\u00e3o resistiu e morreu no local. N\u00e3o foi divulgada a identidade da v\u00edtima. Em nota, o\u2026","rel":"","context":"In &quot;Not\u00edcias de Ribeir\u00e3o Preto-SP e Regi\u00e3o&quot;","block_context":{"text":"Not\u00edcias de Ribeir\u00e3o Preto-SP e Regi\u00e3o","link":"https:\/\/noticiasribeiraopreto.com.br\/index.php\/category\/noticias-de-ribeirao-preto-sp-e-regiao-ismael-colosi\/"},"img":{"alt_text":"","src":"https:\/\/i0.wp.com\/noticiasribeiraopreto.com.br\/wp-content\/uploads\/2024\/12\/Copia-de-Copia-de-Copia-de-TAMANHO-EXATO-PARA-FOTOS-NO-SISTEMA-NOVO-2024-12-09T190604.578_2024-12-09_22-13-11_png_2024-12-09_22-13-12.webp.webp?fit=1200%2C675&ssl=1&resize=350%2C200","width":350,"height":200,"srcset":"https:\/\/i0.wp.com\/noticiasribeiraopreto.com.br\/wp-content\/uploads\/2024\/12\/Copia-de-Copia-de-Copia-de-TAMANHO-EXATO-PARA-FOTOS-NO-SISTEMA-NOVO-2024-12-09T190604.578_2024-12-09_22-13-11_png_2024-12-09_22-13-12.webp.webp?fit=1200%2C675&ssl=1&resize=350%2C200 1x, https:\/\/i0.wp.com\/noticiasribeiraopreto.com.br\/wp-content\/uploads\/2024\/12\/Copia-de-Copia-de-Copia-de-TAMANHO-EXATO-PARA-FOTOS-NO-SISTEMA-NOVO-2024-12-09T190604.578_2024-12-09_22-13-11_png_2024-12-09_22-13-12.webp.webp?fit=1200%2C675&ssl=1&resize=525%2C300 1.5x, https:\/\/i0.wp.com\/noticiasribeiraopreto.com.br\/wp-content\/uploads\/2024\/12\/Copia-de-Copia-de-Copia-de-TAMANHO-EXATO-PARA-FOTOS-NO-SISTEMA-NOVO-2024-12-09T190604.578_2024-12-09_22-13-11_png_2024-12-09_22-13-12.webp.webp?fit=1200%2C675&ssl=1&resize=700%2C400 2x, https:\/\/i0.wp.com\/noticiasribeiraopreto.com.br\/wp-content\/uploads\/2024\/12\/Copia-de-Copia-de-Copia-de-TAMANHO-EXATO-PARA-FOTOS-NO-SISTEMA-NOVO-2024-12-09T190604.578_2024-12-09_22-13-11_png_2024-12-09_22-13-12.webp.webp?fit=1200%2C675&ssl=1&resize=1050%2C600 3x"},"classes":[]},{"id":76609,"url":"https:\/\/noticiasribeiraopreto.com.br\/index.php\/2025\/09\/02\/acidente-entre-onibus-e-caminhao-deixa-um-morto-e-11-feridos-na-regiao-de-ribeirao\/","url_meta":{"origin":70620,"position":2},"title":"Acidente entre \u00f4nibus e caminh\u00e3o deixa um morto e 11 feridos na regi\u00e3o de Ribeir\u00e3o","author":"noticiasribeiraopreto.com.br","date":"2 de September de 2025","format":false,"excerpt":"Uma pessoa morreu e outras 11 foram socorridas ap\u00f3s um acidente envolvendo um \u00f4nibus e um caminh\u00e3o de cana na madrugada desta ter\u00e7a-feira (2), em um acesso \u00e0\u00a0rodovia C\u00e2ndido Portinari (SP-334), em Batatais, cidade na regi\u00e3o de Ribeir\u00e3o Preto. De acordo com as informa\u00e7\u00f5es, o acidente aconteceu pr\u00f3ximo \u00e0 rodovia\u2026","rel":"","context":"In &quot;Not\u00edcias de Ribeir\u00e3o Preto-SP e Regi\u00e3o&quot;","block_context":{"text":"Not\u00edcias de Ribeir\u00e3o Preto-SP e Regi\u00e3o","link":"https:\/\/noticiasribeiraopreto.com.br\/index.php\/category\/noticias-de-ribeirao-preto-sp-e-regiao-ismael-colosi\/"},"img":{"alt_text":"","src":"https:\/\/i0.wp.com\/noticiasribeiraopreto.com.br\/wp-content\/uploads\/2025\/09\/Copia-de-Copia-de-Copia-de-TAMANHO-EXATO-PARA-FOTOS-NO-SISTEMA-NOVO.zip-1_2025-09-02_09-34-03.webp.webp?fit=1200%2C675&ssl=1&resize=350%2C200","width":350,"height":200,"srcset":"https:\/\/i0.wp.com\/noticiasribeiraopreto.com.br\/wp-content\/uploads\/2025\/09\/Copia-de-Copia-de-Copia-de-TAMANHO-EXATO-PARA-FOTOS-NO-SISTEMA-NOVO.zip-1_2025-09-02_09-34-03.webp.webp?fit=1200%2C675&ssl=1&resize=350%2C200 1x, https:\/\/i0.wp.com\/noticiasribeiraopreto.com.br\/wp-content\/uploads\/2025\/09\/Copia-de-Copia-de-Copia-de-TAMANHO-EXATO-PARA-FOTOS-NO-SISTEMA-NOVO.zip-1_2025-09-02_09-34-03.webp.webp?fit=1200%2C675&ssl=1&resize=525%2C300 1.5x, https:\/\/i0.wp.com\/noticiasribeiraopreto.com.br\/wp-content\/uploads\/2025\/09\/Copia-de-Copia-de-Copia-de-TAMANHO-EXATO-PARA-FOTOS-NO-SISTEMA-NOVO.zip-1_2025-09-02_09-34-03.webp.webp?fit=1200%2C675&ssl=1&resize=700%2C400 2x, https:\/\/i0.wp.com\/noticiasribeiraopreto.com.br\/wp-content\/uploads\/2025\/09\/Copia-de-Copia-de-Copia-de-TAMANHO-EXATO-PARA-FOTOS-NO-SISTEMA-NOVO.zip-1_2025-09-02_09-34-03.webp.webp?fit=1200%2C675&ssl=1&resize=1050%2C600 3x"},"classes":[]},{"id":1158,"url":"https:\/\/noticiasribeiraopreto.com.br\/index.php\/2023\/11\/10\/acidente-com-caminhao-e-moto-deixa-vitima-grave-na-rodovia-anhanguera-em-ribeirao-preto\/","url_meta":{"origin":70620,"position":3},"title":"Acidente com caminh\u00e3o e moto deixa v\u00edtima grave na rodovia Anhanguera em Ribeir\u00e3o Preto","author":"noticiasribeiraopreto.com.br","date":"10 de November de 2023","format":false,"excerpt":"Um homem ficou em estado grave na tarde desta sexta-feira (10), ap\u00f3s um acidente na rodovia Anhanguera (SP-330), pr\u00f3ximo ao km 317, em Ribeir\u00e3o Preto. De acordo com as primeiras informa\u00e7\u00f5es do Corpo de Bombeiros, trata-se de um acidente envolvendo um caminh\u00e3o e uma moto. Uma viatura dos Bombeiros foi\u2026","rel":"","context":"In &quot;Not\u00edcias de Ribeir\u00e3o Preto-SP e Regi\u00e3o&quot;","block_context":{"text":"Not\u00edcias de Ribeir\u00e3o Preto-SP e Regi\u00e3o","link":"https:\/\/noticiasribeiraopreto.com.br\/index.php\/category\/noticias-de-ribeirao-preto-sp-e-regiao-ismael-colosi\/"},"img":{"alt_text":"","src":"https:\/\/i0.wp.com\/noticiasribeiraopreto.com.br\/wp-content\/uploads\/2023\/11\/HomemsocorridoapscairdetelhadoderesidnciaemRibeiroPreto_Tamanho_2_image.jpg?fit=1200%2C900&ssl=1&resize=350%2C200","width":350,"height":200,"srcset":"https:\/\/i0.wp.com\/noticiasribeiraopreto.com.br\/wp-content\/uploads\/2023\/11\/HomemsocorridoapscairdetelhadoderesidnciaemRibeiroPreto_Tamanho_2_image.jpg?fit=1200%2C900&ssl=1&resize=350%2C200 1x, https:\/\/i0.wp.com\/noticiasribeiraopreto.com.br\/wp-content\/uploads\/2023\/11\/HomemsocorridoapscairdetelhadoderesidnciaemRibeiroPreto_Tamanho_2_image.jpg?fit=1200%2C900&ssl=1&resize=525%2C300 1.5x, https:\/\/i0.wp.com\/noticiasribeiraopreto.com.br\/wp-content\/uploads\/2023\/11\/HomemsocorridoapscairdetelhadoderesidnciaemRibeiroPreto_Tamanho_2_image.jpg?fit=1200%2C900&ssl=1&resize=700%2C400 2x, https:\/\/i0.wp.com\/noticiasribeiraopreto.com.br\/wp-content\/uploads\/2023\/11\/HomemsocorridoapscairdetelhadoderesidnciaemRibeiroPreto_Tamanho_2_image.jpg?fit=1200%2C900&ssl=1&resize=1050%2C600 3x"},"classes":[]},{"id":57547,"url":"https:\/\/noticiasribeiraopreto.com.br\/index.php\/2024\/09\/03\/onibus-caminhao-e-motocicleta-se-envolvem-em-acidente-na-regiao-de-ribeirao\/","url_meta":{"origin":70620,"position":4},"title":"\u00d4nibus, caminh\u00e3o e motocicleta se envolvem em acidente na regi\u00e3o de Ribeir\u00e3o","author":"noticiasribeiraopreto.com.br","date":"3 de September de 2024","format":false,"excerpt":"Um acidente envolvendo um \u00f4nibus, um caminh\u00e3o e uma motocicleta foi registrado no final da tarde desta ter\u00e7a-feira (3), rodovia Abr\u00e3o Assed (SP-333), em Serrana, cidade na regi\u00e3o de Ribeir\u00e3o Preto. Conforme apura\u00e7\u00e3o da EPTV, o motociclista foi socorrido em estado grave para UPA de Serrana, por\u00e9m, est\u00e1 sendo transferido\u2026","rel":"","context":"In &quot;Not\u00edcias de Ribeir\u00e3o Preto-SP e Regi\u00e3o&quot;","block_context":{"text":"Not\u00edcias de Ribeir\u00e3o Preto-SP e Regi\u00e3o","link":"https:\/\/noticiasribeiraopreto.com.br\/index.php\/category\/noticias-de-ribeirao-preto-sp-e-regiao-ismael-colosi\/"},"img":{"alt_text":"","src":"https:\/\/i0.wp.com\/noticiasribeiraopreto.com.br\/wp-content\/uploads\/2024\/09\/Copia-de-Copia-de-Copia-de-TAMANHO-EXATO-PARA-FOTOS-NO-SISTEMA-NOVO-28_2024-09-03_23-06-02_png_2024-09-03_23-06-02.webp.webp?fit=1200%2C675&ssl=1&resize=350%2C200","width":350,"height":200,"srcset":"https:\/\/i0.wp.com\/noticiasribeiraopreto.com.br\/wp-content\/uploads\/2024\/09\/Copia-de-Copia-de-Copia-de-TAMANHO-EXATO-PARA-FOTOS-NO-SISTEMA-NOVO-28_2024-09-03_23-06-02_png_2024-09-03_23-06-02.webp.webp?fit=1200%2C675&ssl=1&resize=350%2C200 1x, https:\/\/i0.wp.com\/noticiasribeiraopreto.com.br\/wp-content\/uploads\/2024\/09\/Copia-de-Copia-de-Copia-de-TAMANHO-EXATO-PARA-FOTOS-NO-SISTEMA-NOVO-28_2024-09-03_23-06-02_png_2024-09-03_23-06-02.webp.webp?fit=1200%2C675&ssl=1&resize=525%2C300 1.5x, https:\/\/i0.wp.com\/noticiasribeiraopreto.com.br\/wp-content\/uploads\/2024\/09\/Copia-de-Copia-de-Copia-de-TAMANHO-EXATO-PARA-FOTOS-NO-SISTEMA-NOVO-28_2024-09-03_23-06-02_png_2024-09-03_23-06-02.webp.webp?fit=1200%2C675&ssl=1&resize=700%2C400 2x, https:\/\/i0.wp.com\/noticiasribeiraopreto.com.br\/wp-content\/uploads\/2024\/09\/Copia-de-Copia-de-Copia-de-TAMANHO-EXATO-PARA-FOTOS-NO-SISTEMA-NOVO-28_2024-09-03_23-06-02_png_2024-09-03_23-06-02.webp.webp?fit=1200%2C675&ssl=1&resize=1050%2C600 3x"},"classes":[]},{"id":63639,"url":"https:\/\/noticiasribeiraopreto.com.br\/index.php\/2025\/02\/18\/motociclista-morre-apos-se-envolver-em-acidente-com-caminhao-na-anhanguera\/","url_meta":{"origin":70620,"position":5},"title":"Motociclista morre ap\u00f3s se envolver em acidente com caminh\u00e3o na Anhanguera","author":"noticiasribeiraopreto.com.br","date":"18 de February de 2025","format":false,"excerpt":"Um motociclista de 39 anos morreu ap\u00f3s se envolver em um acidente com um caminh\u00e3o na rodovia Anhanguera, na altura do Jardim S\u00e3o Jos\u00e9, em Ribeir\u00e3o Preto. O acidente aconteceu por volta de 0h desta ter\u00e7a-feira (18). O acidente aconteceu no quil\u00f4metro 302, sentido norte (S\u00e3o Paulo-Ribeir\u00e3o Preto). O motorista\u2026","rel":"","context":"In &quot;Not\u00edcias de Ribeir\u00e3o Preto-SP e Regi\u00e3o&quot;","block_context":{"text":"Not\u00edcias de Ribeir\u00e3o Preto-SP e Regi\u00e3o","link":"https:\/\/noticiasribeiraopreto.com.br\/index.php\/category\/noticias-de-ribeirao-preto-sp-e-regiao-ismael-colosi\/"},"img":{"alt_text":"","src":"https:\/\/i0.wp.com\/noticiasribeiraopreto.com.br\/wp-content\/uploads\/2025\/02\/policia_militar_1024x576_17072021134619.jpg?fit=1024%2C576&ssl=1&resize=350%2C200","width":350,"height":200,"srcset":"https:\/\/i0.wp.com\/noticiasribeiraopreto.com.br\/wp-content\/uploads\/2025\/02\/policia_militar_1024x576_17072021134619.jpg?fit=1024%2C576&ssl=1&resize=350%2C200 1x, https:\/\/i0.wp.com\/noticiasribeiraopreto.com.br\/wp-content\/uploads\/2025\/02\/policia_militar_1024x576_17072021134619.jpg?fit=1024%2C576&ssl=1&resize=525%2C300 1.5x, https:\/\/i0.wp.com\/noticiasribeiraopreto.com.br\/wp-content\/uploads\/2025\/02\/policia_militar_1024x576_17072021134619.jpg?fit=1024%2C576&ssl=1&resize=700%2C400 2x"},"classes":[]}],"jetpack_sharing_enabled":true,"jetpack_shortlink":"https:\/\/wp.me\/peQAOb-in2","_links":{"self":[{"href":"https:\/\/noticiasribeiraopreto.com.br\/index.php\/wp-json\/wp\/v2\/posts\/70620","targetHints":{"allow":["GET"]}}],"collection":[{"href":"https:\/\/noticiasribeiraopreto.com.br\/index.php\/wp-json\/wp\/v2\/posts"}],"about":[{"href":"https:\/\/noticiasribeiraopreto.com.br\/index.php\/wp-json\/wp\/v2\/types\/post"}],"author":[{"embeddable":true,"href":"https:\/\/noticiasribeiraopreto.com.br\/index.php\/wp-json\/wp\/v2\/users\/1"}],"replies":[{"embeddable":true,"href":"https:\/\/noticiasribeiraopreto.com.br\/index.php\/wp-json\/wp\/v2\/comments?post=70620"}],"version-history":[{"count":0,"href":"https:\/\/noticiasribeiraopreto.com.br\/index.php\/wp-json\/wp\/v2\/posts\/70620\/revisions"}],"wp:featuredmedia":[{"embeddable":true,"href":"https:\/\/noticiasribeiraopreto.com.br\/index.php\/wp-json\/wp\/v2\/media\/70621"}],"wp:attachment":[{"href":"https:\/\/noticiasribeiraopreto.com.br\/index.php\/wp-json\/wp\/v2\/media?parent=70620"}],"wp:term":[{"taxonomy":"category","embeddable":true,"href":"https:\/\/noticiasribeiraopreto.com.br\/index.php\/wp-json\/wp\/v2\/categories?post=70620"},{"taxonomy":"post_tag","embeddable":true,"href":"https:\/\/noticiasribeiraopreto.com.br\/index.php\/wp-json\/wp\/v2\/tags?post=70620"}],"curies":[{"name":"wp","href":"https:\/\/api.w.org\/{rel}","templated":true}]}}