{"id":70628,"date":"2025-05-28T13:34:26","date_gmt":"2025-05-28T16:34:26","guid":{"rendered":"https:\/\/noticiasribeiraopreto.com.br\/index.php\/2025\/05\/28\/jornal-da-franca-veja-quanto-a-apae-de-franca-arrecadou-no-13o-leilao-um-lance-de-amor\/"},"modified":"2025-05-28T13:34:26","modified_gmt":"2025-05-28T16:34:26","slug":"jornal-da-franca-veja-quanto-a-apae-de-franca-arrecadou-no-13o-leilao-um-lance-de-amor","status":"publish","type":"post","link":"https:\/\/noticiasribeiraopreto.com.br\/index.php\/2025\/05\/28\/jornal-da-franca-veja-quanto-a-apae-de-franca-arrecadou-no-13o-leilao-um-lance-de-amor\/","title":{"rendered":"Jornal da Franca &#8211; Veja quanto a APAE de Franca arrecadou no 13\u00ba Leil\u00e3o &#8220;Um Lance de Amor&#8221;"},"content":{"rendered":"<p> <br \/>\n<\/p>\n<div>\n\t                            <a class=\"mb-1\" href=\"https:\/\/api.whatsapp.com\/send?text=Olha essa Not\u00edcia no Jornal da Franca.%0D%0D*Veja quanto a APAE de Franca arrecadou no 13\u00ba Leil\u00e3o \u201cUm Lance de Amor\u201d*%0D%0Dclique na url abaixo%0Dhttps:\/\/www.jornaldafranca.com.br\/veja-quanto-a-apae-de-franca-arrecadou-no-13o-leilao-um-lance-de-amor\/\" target=\"_blank\"><span class=\"text-12 badge badge-pill badge-success\"><i class=\"fa fa-whatsapp\"\/> compartilhar no whatsapp<\/span><\/a><\/p>\n<p>\t                            <a class=\"mb-1\" href=\"https:\/\/telegram.me\/share\/url?url=https:\/\/www.jornaldafranca.com.br\/veja-quanto-a-apae-de-franca-arrecadou-no-13o-leilao-um-lance-de-amor\/&amp;text=Olha essa Not\u00edcia no Jornal da Franca.\" target=\"_blank\"><span class=\"text-12 badge badge-pill badge-info\"><i class=\"fa fa-telegram\"\/> compartilhar no telegram<\/span><\/a><\/p>\n<p>\t                            <a class=\"mb-1\" href=\"https:\/\/www.facebook.com\/sharer\/sharer.php?u=https:\/\/www.jornaldafranca.com.br\/veja-quanto-a-apae-de-franca-arrecadou-no-13o-leilao-um-lance-de-amor\/\" target=\"_blank\"><span class=\"text-12 badge badge-pill badge-primary\"><i class=\"fa fa-facebook\"\/> compartilhar no facebook<\/span><\/a><\/p>\n<p>\t                            <a class=\"mb-1\" href=\"https:\/\/www.linkedin.com\/shareArticle?mini=true&amp;url=https:\/\/www.jornaldafranca.com.br\/veja-quanto-a-apae-de-franca-arrecadou-no-13o-leilao-um-lance-de-amor\/&amp;title=Veja quanto a APAE de Franca arrecadou no 13\u00ba Leil\u00e3o \u201cUm Lance de Amor\u201d&amp;source=JORNAL DA FRANCA\" target=\"_blank\"><span class=\"text-12 badge badge-pill badge-secondary\"><i class=\"fa fa-linkedin\"\/> compartilhar no linkedin<\/span><\/a><\/p>\n<div class=\"lead text-20\">\n<p>Evento reuniu mais de 300 convidados e teve prendas inusitadas, como 2 Fuscas e itens autografados por personalidades do esporte e da m\u00fasica<\/p>\n<\/p><\/div>\n<p><img data-recalc-dims=\"1\" decoding=\"async\" src=\"https:\/\/i0.wp.com\/www.jornaldafranca.com.br\/wp-content\/uploads\/2025\/05\/d05f2d39-d6b7-4ff6-a0da-659ceba59871.jpg?ssl=1\" alt=\"\"\/><\/p>\n<p>A APAE (Associa\u00e7\u00e3o de Pais e Amigos dos Excepcionais) de Franca realizou no \u00faltimo s\u00e1bado, dia 24, a 13\u00aa edi\u00e7\u00e3o do Leil\u00e3o \u201cUm Lance de Amor\u201d, no Espa\u00e7o Cedro.<\/p>\n<p>O evento contou com a presen\u00e7a de mais de 300 convidados e arrecadou, segundo um balan\u00e7o preliminar, mais de R$ 1,1 milh\u00e3o. A venda dos lotes aconteceu de forma h\u00edbrida, com lances presenciais e online.<\/p>\n<p>Os recursos obtidos ser\u00e3o direcionados \u00e0 amplia\u00e7\u00e3o e reforma do N\u00facleo de Atendimento ao Transtorno do Espectro Autista (TEA) da institui\u00e7\u00e3o, que atualmente atende 86 pessoas e poder\u00e1 chegar a 172 com a obra.<\/p>\n<p>Antes do in\u00edcio dos lances, um v\u00eddeo foi exibido ao p\u00fablico apresentando o projeto da \u00e1rea a ser reformada e ampliada, or\u00e7ada em R$ 4 milh\u00f5es. Parte desse valor j\u00e1 foi conquistada por meio de emenda parlamentar da deputada estadual Delegada Graciela.<\/p>\n<p><strong>Homenagem p\u00f3stuma<\/strong><\/p>\n<p><img data-recalc-dims=\"1\" decoding=\"async\" src=\"https:\/\/i0.wp.com\/www.jornaldafranca.com.br\/wp-content\/uploads\/2025\/05\/f7342e9c-8e2f-41ba-abd5-cde1acbedf03.jpg?ssl=1\" alt=\"\"\/><\/p>\n<p>A recep\u00e7\u00e3o foi feita pela diretoria da APAE e contou com a apresenta\u00e7\u00e3o do Projeto Portal de M\u00fasica, formado por usu\u00e1rios da institui\u00e7\u00e3o, com repert\u00f3rio variado e acolhedor.<\/p>\n<p>\u201cAgrade\u00e7o a presen\u00e7a de todos, o envolvimento da equipe, dos embaixadores e da comunidade toda. Essa tarde \u00e9 de muita alegria para todos n\u00f3s\u201d, disse o presidente da institui\u00e7\u00e3o, Paulo Henrique Ferreira.<\/p>\n<p>Um dos momentos mais emocionantes da noite foi a homenagem p\u00f3stuma a Adir do Carmo Leonel, idealizador da Corrente Uni\u00e3o de For\u00e7as de Leil\u00f5es das Apaes e outras institui\u00e7\u00f5es da regi\u00e3o, falecido em outubro de 2024.<\/p>\n<p>Os diretores usaram camisetas com a imagem de Adir e um banner foi instalado com a frase: \u201cLeil\u00e3o Uni\u00e3o de For\u00e7as. Sem voc\u00ea nada teria acontecido\u201d. Sua filha, Vera Leonel, subiu ao palco para receber um trof\u00e9u e se emocionou com o v\u00eddeo em tributo ao pai.<\/p>\n<p><strong>Lances<\/strong><\/p>\n<p><img data-recalc-dims=\"1\" decoding=\"async\" src=\"https:\/\/i0.wp.com\/www.jornaldafranca.com.br\/wp-content\/uploads\/2025\/05\/fd9d8e1b-077b-41cf-9a61-d09e42e3a7fa.jpg?ssl=1\" alt=\"\"\/><\/p>\n<p>Tradicionalmente, o Leil\u00e3o Um Lance de Amor conta com prendas de alto valor simb\u00f3lico, e nesta edi\u00e7\u00e3o, a inova\u00e7\u00e3o ficou por conta da doa\u00e7\u00e3o e leil\u00e3o de dois Fuscas:<\/p>\n<p>Fusca Vermelho, 1975, doado pelas filhas do empres\u00e1rio Jo\u00e3o Batista, um dos idealizadores da Estrela Solid\u00e1ria e falecido em 2023 \u2013 arrematado por R$ 75 mil.<\/p>\n<p>Fusca Azul, motor 1300, Ano 1972, doado por Cl\u00e1udio Romualdo \u2013 fundador da Famef e mantenedor do Col\u00e9gio Cop\u00e9rnico \u2013 arrematado por R$ 75 mil.<\/p>\n<p>Comandado com maestria pelo leiloeiro Alexandre Barbosa, o evento ainda teve lances surpreendentes por itens ligados ao esporte e \u00e0 cultura:<\/p>\n<p>Camisa autografada por jogadores do Sesi Franca e pelo ex-t\u00e9cnico H\u00e9lio Rubens \u2013 R$ 13 mil<\/p>\n<p>Bola de basquete autografada pelos jogadores do Sesi Franca e por Chu\u00ed, ex-jogador profissional de basquete, recordista em n\u00famero de jogos e de pontos com o time de Franca \u2013 R$ 9 mil<\/p>\n<p>Camiseta oficial do Sporting de Portugal autografada por Cristiano Ronaldo \u2013 R$ 13.500<\/p>\n<p>Camiseta oficial da Sele\u00e7\u00e3o Brasileira, n\u00ba 10, autografada por Neymar \u2013 R$ 10.500<\/p>\n<p>Pe\u00e7a artesanal da Sagrada Fam\u00edlia e orat\u00f3rio de madeira \u2013 R$ 10 mil<\/p>\n<p>Galo cantor com gaiola \u2013 R$ 2.500.<\/p>\n<p>A solidariedade tamb\u00e9m se manifestou de forma tocante. O m\u00e9dico Carlos Eduardo Barcelos, um dos embaixadores do evento, doou um viol\u00e3o Giannini autografado por Rionegro e Solim\u00f5es, arrematou o pr\u00f3prio item por R$ 7 mil e doou para o Conjunto Portal da APAE.<\/p>\n<p><strong>Emo\u00e7\u00e3o e reconhecimento<\/strong><\/p>\n<p>Entre os embaixadores desta edi\u00e7\u00e3o, a administradora rural L\u00edgia Mendes compartilhou a emo\u00e7\u00e3o de participar do leil\u00e3o. \u201cFoi emocionante, um aprendizado enorme. Conheci pessoas incr\u00edveis, me reconheci em novas formas e vi o quanto esse movimento transforma vidas \u2013 n\u00e3o s\u00f3 das pessoas atendidas pela APAE, mas tamb\u00e9m a nossa.\u201d<\/p>\n<p>Visivelmente emocionada ao final do evento, L\u00edgia afirmou: \u201cSaio com o cora\u00e7\u00e3o radiante. Aqui, as pessoas d\u00e3o lances com o cora\u00e7\u00e3o, n\u00e3o com a l\u00f3gica. E enquanto a APAE me quiser aqui, eu fico. Esse \u00e9 um lugar de pertencimento.\u201d<\/p>\n<p>Al\u00e9m de L\u00edgia e Carlos Eduardo Barcelos, tamb\u00e9m foram embaixadores do 13\u00ba Leil\u00e3o \u201cUm Lance de Amor\u201d: J\u00falio Schreck (empres\u00e1rio do ramo de exporta\u00e7\u00e3o), Alan de Menezes Lima (empres\u00e1rio do agroneg\u00f3cio), Luci Mara Ferreira (empres\u00e1ria \u2013 Loja do Mec\u00e2nico) e Fl\u00e1via Jardim (dentista especialista em odontologia est\u00e9tica).<\/p>\n<p><!-- CONTENT END 1 --><\/p>\n<hr\/><\/div>\n<p><br \/>\n<br \/><a href=\"https:\/\/www.jornaldafranca.com.br\/veja-quanto-a-apae-de-franca-arrecadou-no-13o-leilao-um-lance-de-amor\/\">Source link <\/a><\/p>\n","protected":false},"excerpt":{"rendered":"<p>compartilhar no whatsapp compartilhar no telegram compartilhar no facebook compartilhar no linkedin Evento reuniu mais de 300 convidados e teve prendas inusitadas, como 2 Fuscas&#8230;<\/p>\n","protected":false},"author":1,"featured_media":70629,"comment_status":"open","ping_status":"open","sticky":false,"template":"","format":"standard","meta":{"advanced_seo_description":"","jetpack_seo_html_title":"","jetpack_seo_noindex":false,"jetpack_post_was_ever_published":false,"_jetpack_newsletter_access":"","_jetpack_dont_email_post_to_subs":false,"_jetpack_newsletter_tier_id":0,"_jetpack_memberships_contains_paywalled_content":false,"_jetpack_memberships_contains_paid_content":false,"footnotes":"","jetpack_publicize_message":"","jetpack_publicize_feature_enabled":true,"jetpack_social_post_already_shared":true,"jetpack_social_options":{"image_generator_settings":{"template":"highway","default_image_id":0,"font":"","enabled":false},"version":2}},"categories":[3597],"tags":[],"class_list":["post-70628","post","type-post","status-publish","format-standard","has-post-thumbnail","hentry","category-noticias-franca-sp"],"jetpack_publicize_connections":[],"jetpack_featured_media_url":"https:\/\/i0.wp.com\/noticiasribeiraopreto.com.br\/wp-content\/uploads\/2025\/05\/d05f2d39-d6b7-4ff6-a0da-659ceba59871.jpg?fit=1600%2C1200&ssl=1","jetpack-related-posts":[{"id":73017,"url":"https:\/\/noticiasribeiraopreto.com.br\/index.php\/2025\/06\/24\/jornal-da-franca-clima-sera-de-frio-porem-agradavel-e-fresco-em-franca-nesta-terca-deve-chover\/","url_meta":{"origin":70628,"position":0},"title":"Jornal da Franca &#8211; Clima ser\u00e1 de frio, por\u00e9m agrad\u00e1vel e fresco em Franca nesta ter\u00e7a: deve chover","author":"noticiasribeiraopreto.com.br","date":"24 de June de 2025","format":false,"excerpt":"compartilhar no whatsapp compartilhar no telegram compartilhar no facebook compartilhar no linkedin Cidade tem previs\u00e3o de chuva de at\u00e9 12 mil\u00edmetros A previs\u00e3o do tempo para Franca indica um dia agrad\u00e1vel, com temperatura m\u00ednima de 5\u00b0C e m\u00e1xima de 22\u00b0C. H\u00e1 grande possibilidade de chuva, com volume de at\u00e9 12\u2026","rel":"","context":"In &quot;Not\u00edcias de Franca-SP&quot;","block_context":{"text":"Not\u00edcias de Franca-SP","link":"https:\/\/noticiasribeiraopreto.com.br\/index.php\/category\/noticias-de-ribeirao-preto-sp-e-regiao-ismael-colosi\/noticias-franca-sp\/"},"img":{"alt_text":"","src":"https:\/\/i0.wp.com\/noticiasribeiraopreto.com.br\/wp-content\/uploads\/2025\/06\/1750758766_Franca.jpeg?fit=1200%2C806&ssl=1&resize=350%2C200","width":350,"height":200,"srcset":"https:\/\/i0.wp.com\/noticiasribeiraopreto.com.br\/wp-content\/uploads\/2025\/06\/1750758766_Franca.jpeg?fit=1200%2C806&ssl=1&resize=350%2C200 1x, https:\/\/i0.wp.com\/noticiasribeiraopreto.com.br\/wp-content\/uploads\/2025\/06\/1750758766_Franca.jpeg?fit=1200%2C806&ssl=1&resize=525%2C300 1.5x, https:\/\/i0.wp.com\/noticiasribeiraopreto.com.br\/wp-content\/uploads\/2025\/06\/1750758766_Franca.jpeg?fit=1200%2C806&ssl=1&resize=700%2C400 2x, https:\/\/i0.wp.com\/noticiasribeiraopreto.com.br\/wp-content\/uploads\/2025\/06\/1750758766_Franca.jpeg?fit=1200%2C806&ssl=1&resize=1050%2C600 3x"},"classes":[]},{"id":67756,"url":"https:\/\/noticiasribeiraopreto.com.br\/index.php\/2025\/04\/18\/jornal-da-franca-vereadores-aprovam-reconhecimento-a-profissionais-e-entidades-que-atuam-em-franca\/","url_meta":{"origin":70628,"position":1},"title":"Jornal da Franca &#8211; Vereadores aprovam reconhecimento a profissionais e entidades que atuam em Franca\u00a0","author":"noticiasribeiraopreto.com.br","date":"18 de April de 2025","format":false,"excerpt":"compartilhar no whatsapp compartilhar no telegram compartilhar no facebook compartilhar no linkedin Mo\u00e7\u00f5es de aplausos e congratula\u00e7\u00f5es s\u00e3o apresentadas em reconhecimento a servi\u00e7os prestados A C\u00e2mara Municipal de Franca aprovou na sess\u00e3o desta ter\u00e7a-feira mo\u00e7\u00f5es de aplausos e congratula\u00e7\u00f5es em reconhecimento a profissionais, entidades e sindicatos que se destacaram em\u2026","rel":"","context":"In &quot;Not\u00edcias de Franca-SP&quot;","block_context":{"text":"Not\u00edcias de Franca-SP","link":"https:\/\/noticiasribeiraopreto.com.br\/index.php\/category\/noticias-de-ribeirao-preto-sp-e-regiao-ismael-colosi\/noticias-franca-sp\/"},"img":{"alt_text":"","src":"https:\/\/i0.wp.com\/noticiasribeiraopreto.com.br\/wp-content\/uploads\/2025\/04\/reuniaodecomissoes-2.jpg?fit=930%2C558&ssl=1&resize=350%2C200","width":350,"height":200,"srcset":"https:\/\/i0.wp.com\/noticiasribeiraopreto.com.br\/wp-content\/uploads\/2025\/04\/reuniaodecomissoes-2.jpg?fit=930%2C558&ssl=1&resize=350%2C200 1x, https:\/\/i0.wp.com\/noticiasribeiraopreto.com.br\/wp-content\/uploads\/2025\/04\/reuniaodecomissoes-2.jpg?fit=930%2C558&ssl=1&resize=525%2C300 1.5x, https:\/\/i0.wp.com\/noticiasribeiraopreto.com.br\/wp-content\/uploads\/2025\/04\/reuniaodecomissoes-2.jpg?fit=930%2C558&ssl=1&resize=700%2C400 2x"},"classes":[]},{"id":69340,"url":"https:\/\/noticiasribeiraopreto.com.br\/index.php\/2025\/05\/05\/jornal-da-franca-implantacao-de-escola-civico-militar-em-franca-e-tema-de-debates-na-camara-municipal\/","url_meta":{"origin":70628,"position":2},"title":"Jornal da Franca &#8211; Implanta\u00e7\u00e3o de escola c\u00edvico-militar em Franca \u00e9 tema de debates na C\u00e2mara Municipal","author":"noticiasribeiraopreto.com.br","date":"5 de May de 2025","format":false,"excerpt":"compartilhar no whatsapp compartilhar no telegram compartilhar no facebook compartilhar no linkedin Mun\u00edcipe agradece apoio de vereadores e parlamentares para que Franca fosse contemplada com o modelo educacional A implanta\u00e7\u00e3o do Programa das Escolas C\u00edvico-Militares em Franca, pauta defendida pela direita, foi tema abordado durante a sess\u00e3o ordin\u00e1ria da C\u00e2mara\u2026","rel":"","context":"In &quot;Not\u00edcias de Franca-SP&quot;","block_context":{"text":"Not\u00edcias de Franca-SP","link":"https:\/\/noticiasribeiraopreto.com.br\/index.php\/category\/noticias-de-ribeirao-preto-sp-e-regiao-ismael-colosi\/noticias-franca-sp\/"},"img":{"alt_text":"","src":"https:\/\/i0.wp.com\/noticiasribeiraopreto.com.br\/wp-content\/uploads\/2025\/05\/1746449336_plenariodiagonal_0.jpg?fit=930%2C558&ssl=1&resize=350%2C200","width":350,"height":200,"srcset":"https:\/\/i0.wp.com\/noticiasribeiraopreto.com.br\/wp-content\/uploads\/2025\/05\/1746449336_plenariodiagonal_0.jpg?fit=930%2C558&ssl=1&resize=350%2C200 1x, https:\/\/i0.wp.com\/noticiasribeiraopreto.com.br\/wp-content\/uploads\/2025\/05\/1746449336_plenariodiagonal_0.jpg?fit=930%2C558&ssl=1&resize=525%2C300 1.5x, https:\/\/i0.wp.com\/noticiasribeiraopreto.com.br\/wp-content\/uploads\/2025\/05\/1746449336_plenariodiagonal_0.jpg?fit=930%2C558&ssl=1&resize=700%2C400 2x"},"classes":[]},{"id":64747,"url":"https:\/\/noticiasribeiraopreto.com.br\/index.php\/2025\/03\/12\/jornal-da-franca-autoridades-e-produtores-rurais-de-franca-fazem-abertura-da-16-edicao-do-simcafe\/","url_meta":{"origin":70628,"position":3},"title":"Jornal da Franca &#8211; Autoridades e produtores rurais de Franca fazem abertura da 16\u00b0 edi\u00e7\u00e3o do SimCaf\u00e9","author":"noticiasribeiraopreto.com.br","date":"12 de March de 2025","format":false,"excerpt":"compartilhar no whatsapp compartilhar no telegram compartilhar no facebook compartilhar no linkedin Evento re\u00fane cafeicultores e empresas do setor de agro de Franca e regi\u00e3o O Simcaf\u00e9 \u2013 Simp\u00f3sio do Agroneg\u00f3cio Caf\u00e9 da Alta Mogiana \u2013 teve sua 16\u00b0 edi\u00e7\u00e3o aberta nesta ter\u00e7a-feira com a presen\u00e7a de diversas autoridades pol\u00edticas.\u2026","rel":"","context":"In &quot;Not\u00edcias de Franca-SP&quot;","block_context":{"text":"Not\u00edcias de Franca-SP","link":"https:\/\/noticiasribeiraopreto.com.br\/index.php\/category\/noticias-de-ribeirao-preto-sp-e-regiao-ismael-colosi\/noticias-franca-sp\/"},"img":{"alt_text":"","src":"https:\/\/i0.wp.com\/noticiasribeiraopreto.com.br\/wp-content\/uploads\/2025\/03\/IMG_20250311_180004.jpg?fit=804%2C730&ssl=1&resize=350%2C200","width":350,"height":200,"srcset":"https:\/\/i0.wp.com\/noticiasribeiraopreto.com.br\/wp-content\/uploads\/2025\/03\/IMG_20250311_180004.jpg?fit=804%2C730&ssl=1&resize=350%2C200 1x, https:\/\/i0.wp.com\/noticiasribeiraopreto.com.br\/wp-content\/uploads\/2025\/03\/IMG_20250311_180004.jpg?fit=804%2C730&ssl=1&resize=525%2C300 1.5x, https:\/\/i0.wp.com\/noticiasribeiraopreto.com.br\/wp-content\/uploads\/2025\/03\/IMG_20250311_180004.jpg?fit=804%2C730&ssl=1&resize=700%2C400 2x"},"classes":[]},{"id":69220,"url":"https:\/\/noticiasribeiraopreto.com.br\/index.php\/2025\/05\/03\/jornal-da-franca-socorristas-que-salvaram-crianca-em-franca-recebem-mocao-de-aplausos-da-camara\/","url_meta":{"origin":70628,"position":4},"title":"Jornal da Franca &#8211; Socorristas que salvaram crian\u00e7a em Franca\u00a0recebem Mo\u00e7\u00e3o de Aplausos da C\u00e2mara","author":"noticiasribeiraopreto.com.br","date":"3 de May de 2025","format":false,"excerpt":"compartilhar no whatsapp compartilhar no telegram compartilhar no facebook compartilhar no linkedin Mo\u00e7\u00e3o reconhece trabalho de equipe de sa\u00fade que atuou no salvamento de beb\u00ea A C\u00e2mara aprovou a Mo\u00e7\u00e3o de Aplausos n\u00ba 41 de 2025, de autoria do vereador Walker Bombeiro da Libras, para a equipe de sa\u00fade da\u2026","rel":"","context":"In &quot;Not\u00edcias de Franca-SP&quot;","block_context":{"text":"Not\u00edcias de Franca-SP","link":"https:\/\/noticiasribeiraopreto.com.br\/index.php\/category\/noticias-de-ribeirao-preto-sp-e-regiao-ismael-colosi\/noticias-franca-sp\/"},"img":{"alt_text":"","src":"https:\/\/i0.wp.com\/noticiasribeiraopreto.com.br\/wp-content\/uploads\/2025\/05\/mocaoravi17sessao.jpg?fit=1000%2C562&ssl=1&resize=350%2C200","width":350,"height":200,"srcset":"https:\/\/i0.wp.com\/noticiasribeiraopreto.com.br\/wp-content\/uploads\/2025\/05\/mocaoravi17sessao.jpg?fit=1000%2C562&ssl=1&resize=350%2C200 1x, https:\/\/i0.wp.com\/noticiasribeiraopreto.com.br\/wp-content\/uploads\/2025\/05\/mocaoravi17sessao.jpg?fit=1000%2C562&ssl=1&resize=525%2C300 1.5x, https:\/\/i0.wp.com\/noticiasribeiraopreto.com.br\/wp-content\/uploads\/2025\/05\/mocaoravi17sessao.jpg?fit=1000%2C562&ssl=1&resize=700%2C400 2x"},"classes":[]},{"id":70587,"url":"https:\/\/noticiasribeiraopreto.com.br\/index.php\/2025\/05\/28\/jornal-da-franca-franca-tera-clima-ameno-e-possibilidade-de-pancadas-de-chuva-nesta-quarta-feira\/","url_meta":{"origin":70628,"position":5},"title":"Jornal da Franca &#8211; Franca ter\u00e1 clima ameno e possibilidade de pancadas de chuva nesta quarta-feira","author":"noticiasribeiraopreto.com.br","date":"28 de May de 2025","format":false,"excerpt":"compartilhar no whatsapp compartilhar no telegram compartilhar no facebook compartilhar no linkedin Confira as condi\u00e7\u00f5es clim\u00e1ticas para a cidade de Franca e regi\u00e3o segundo o Climatempo A previs\u00e3o do tempo para a cidade de Franca nesta quarta-feira, 28 de maio, indica um dia com c\u00e9u parcialmente nublado e temperaturas agrad\u00e1veis.\u2026","rel":"","context":"In &quot;Not\u00edcias de Franca-SP&quot;","block_context":{"text":"Not\u00edcias de Franca-SP","link":"https:\/\/noticiasribeiraopreto.com.br\/index.php\/category\/noticias-de-ribeirao-preto-sp-e-regiao-ismael-colosi\/noticias-franca-sp\/"},"img":{"alt_text":"","src":"https:\/\/i0.wp.com\/noticiasribeiraopreto.com.br\/wp-content\/uploads\/2025\/05\/ceu-claro.jpg?fit=960%2C629&ssl=1&resize=350%2C200","width":350,"height":200,"srcset":"https:\/\/i0.wp.com\/noticiasribeiraopreto.com.br\/wp-content\/uploads\/2025\/05\/ceu-claro.jpg?fit=960%2C629&ssl=1&resize=350%2C200 1x, https:\/\/i0.wp.com\/noticiasribeiraopreto.com.br\/wp-content\/uploads\/2025\/05\/ceu-claro.jpg?fit=960%2C629&ssl=1&resize=525%2C300 1.5x, https:\/\/i0.wp.com\/noticiasribeiraopreto.com.br\/wp-content\/uploads\/2025\/05\/ceu-claro.jpg?fit=960%2C629&ssl=1&resize=700%2C400 2x"},"classes":[]}],"jetpack_sharing_enabled":true,"jetpack_shortlink":"https:\/\/wp.me\/peQAOb-ina","_links":{"self":[{"href":"https:\/\/noticiasribeiraopreto.com.br\/index.php\/wp-json\/wp\/v2\/posts\/70628","targetHints":{"allow":["GET"]}}],"collection":[{"href":"https:\/\/noticiasribeiraopreto.com.br\/index.php\/wp-json\/wp\/v2\/posts"}],"about":[{"href":"https:\/\/noticiasribeiraopreto.com.br\/index.php\/wp-json\/wp\/v2\/types\/post"}],"author":[{"embeddable":true,"href":"https:\/\/noticiasribeiraopreto.com.br\/index.php\/wp-json\/wp\/v2\/users\/1"}],"replies":[{"embeddable":true,"href":"https:\/\/noticiasribeiraopreto.com.br\/index.php\/wp-json\/wp\/v2\/comments?post=70628"}],"version-history":[{"count":0,"href":"https:\/\/noticiasribeiraopreto.com.br\/index.php\/wp-json\/wp\/v2\/posts\/70628\/revisions"}],"wp:featuredmedia":[{"embeddable":true,"href":"https:\/\/noticiasribeiraopreto.com.br\/index.php\/wp-json\/wp\/v2\/media\/70629"}],"wp:attachment":[{"href":"https:\/\/noticiasribeiraopreto.com.br\/index.php\/wp-json\/wp\/v2\/media?parent=70628"}],"wp:term":[{"taxonomy":"category","embeddable":true,"href":"https:\/\/noticiasribeiraopreto.com.br\/index.php\/wp-json\/wp\/v2\/categories?post=70628"},{"taxonomy":"post_tag","embeddable":true,"href":"https:\/\/noticiasribeiraopreto.com.br\/index.php\/wp-json\/wp\/v2\/tags?post=70628"}],"curies":[{"name":"wp","href":"https:\/\/api.w.org\/{rel}","templated":true}]}}