{"id":70630,"date":"2025-05-28T14:27:38","date_gmt":"2025-05-28T17:27:38","guid":{"rendered":"https:\/\/noticiasribeiraopreto.com.br\/index.php\/2025\/05\/28\/carro-pega-fogo-e-mobiliza-corpo-de-bombeiros-em-rodovia\/"},"modified":"2025-05-28T14:27:38","modified_gmt":"2025-05-28T17:27:38","slug":"carro-pega-fogo-e-mobiliza-corpo-de-bombeiros-em-rodovia","status":"publish","type":"post","link":"https:\/\/noticiasribeiraopreto.com.br\/index.php\/2025\/05\/28\/carro-pega-fogo-e-mobiliza-corpo-de-bombeiros-em-rodovia\/","title":{"rendered":"Carro pega fogo e mobiliza Corpo de Bombeiros em rodovia"},"content":{"rendered":"<p> <br \/>\n<\/p>\n<div data-td-block-uid=\"tdi_95\">\n<div class=\"tdb-block-inner td-fix-index\">\n<p><strong>Um carro pegou fogo na manh\u00e3 desta quarta-feira (28), na rodovia Engenheiro Ronan Rocha (SP-345), em Franca.<\/strong><\/p>\n<p>Apesar do <strong>susto<\/strong>, n\u00e3o houve registro de <strong>feridos<\/strong>. <mark style=\"background-color:#fcb900\" class=\"has-inline-color has-black-color\">A suspeita \u00e9 que tenha ocorrido uma pane el\u00e9trica. <\/mark><\/p>\n<p>O motorista disse que havia abastecido o ve\u00edculo momentos antes do inc\u00eandio e conseguiu estacionar no acostamento, pr\u00f3ximo ao trevo da rodovia C\u00e2ndido Portinari (SP-334).<\/p>\n<p>O Corpo de Bombeiros foi chamado e combateu as chamas.<\/p>\n<p>As causas, contudo, ainda dever\u00e3o ser apuradas.<\/p>\n<p>O motorista tamb\u00e9m contou que pagou R$ 6 mil no carro e que o ve\u00edculo seria utilizado para o trabalho na \u00e1rea de constru\u00e7\u00e3o civil. (Com EPTV)<\/p>\n<p>SAIBA MAIS<\/p>\n<p>Cena de acidente chama aten\u00e7\u00e3o na avenida Jer\u00f4nimo Gon\u00e7alves em Ribeir\u00e3o Preto; Entenda<\/p>\n<h2 class=\"wp-block-heading\"><strong>FIQUE ON<\/strong><\/h2>\n<p>Fique ligado em tudo que acontece em Ribeir\u00e3o Preto e regi\u00e3o. Siga os perfis do\u00a0<strong>acidade on\u00a0<\/strong>no\u00a0<a href=\"https:\/\/www.instagram.com\/acidadeonribeirao\" target=\"_blank\" rel=\"noreferrer noopener\">Instagram<\/a>\u00a0e no\u00a0<a href=\"https:\/\/www.facebook.com\/acidadeonribeirao\" target=\"_blank\" rel=\"noreferrer noopener\">Facebook<\/a>.<\/p>\n<p>Receba not\u00edcias do<strong>\u00a0acidade on<\/strong>\u00a0no WhatsApp. Para entrar no grupo, basta\u00a0<a href=\"https:\/\/chat.whatsapp.com\/BjKQZ9oJwlz8VVT50NuePq\" target=\"_blank\" rel=\"noreferrer noopener\">clicar aqui<\/a>.<\/p>\n<p>Fa\u00e7a uma den\u00fancia ou sugira uma reportagem sobre Ribeir\u00e3o Preto e regi\u00e3o pelo WhatsApp: 16 99117 7802.<\/p>\n<p>VEJA TAMB\u00c9M<\/p>\n<p>Como se inscrever no concurso do TJ PR?<\/p>\n<p><!-- CONTENT END 1 -->\n<\/div>\n<\/div>\n<p><script async src=\"\/\/www.instagram.com\/embed.js\"><\/script><br \/>\n<br \/><br \/>\n<br \/><a href=\"https:\/\/www.acidadeon.com\/ribeiraopreto\/cotidiano\/carro-pega-fogo-e-mobiliza-corpo-de-bombeiros-em-rodovia\/\">Source link <\/a><\/p>\n","protected":false},"excerpt":{"rendered":"<p>Um carro pegou fogo na manh\u00e3 desta quarta-feira (28), na rodovia Engenheiro Ronan Rocha (SP-345), em Franca. Apesar do susto, n\u00e3o houve registro de feridos&#8230;.<\/p>\n","protected":false},"author":1,"featured_media":70631,"comment_status":"open","ping_status":"open","sticky":false,"template":"","format":"standard","meta":{"advanced_seo_description":"","jetpack_seo_html_title":"","jetpack_seo_noindex":false,"jetpack_post_was_ever_published":false,"_jetpack_newsletter_access":"","_jetpack_dont_email_post_to_subs":false,"_jetpack_newsletter_tier_id":0,"_jetpack_memberships_contains_paywalled_content":false,"_jetpack_memberships_contains_paid_content":false,"footnotes":"","jetpack_publicize_message":"","jetpack_publicize_feature_enabled":true,"jetpack_social_post_already_shared":true,"jetpack_social_options":{"image_generator_settings":{"template":"highway","default_image_id":0,"font":"","enabled":false},"version":2}},"categories":[11],"tags":[],"class_list":["post-70630","post","type-post","status-publish","format-standard","has-post-thumbnail","hentry","category-noticias-de-ribeirao-preto-sp-e-regiao-ismael-colosi"],"jetpack_publicize_connections":[],"jetpack_featured_media_url":"https:\/\/i0.wp.com\/noticiasribeiraopreto.com.br\/wp-content\/uploads\/2025\/05\/CARRO_2025-05-28_17-12-51.webp.webp?fit=1200%2C725&ssl=1","jetpack-related-posts":[{"id":80923,"url":"https:\/\/noticiasribeiraopreto.com.br\/index.php\/2025\/12\/18\/video-carro-pega-fogo-na-anhanguera\/","url_meta":{"origin":70630,"position":0},"title":"V\u00cdDEO &#8211; Carro pega fogo na Anhanguera","author":"noticiasribeiraopreto.com.br","date":"18 de December de 2025","format":false,"excerpt":"\r \r \r Ve\u00edculo estava na pista sentido a Minas Gerais quando fogo come\u00e7ou\r \r 18 de dezembro de 2025 10:45 \r Compartilhar2 \r Por: Adalberto Luque Um carro pegou fogo, na manh\u00e3 desta quinta-feira (18), quando trafegava pela Rodovia Anhanguera (SP-330). Na altura do km 315, as chamas come\u00e7aram.\u2026","rel":"","context":"In &quot;Not\u00edcias de Ribeir\u00e3o Preto-SP e Regi\u00e3o&quot;","block_context":{"text":"Not\u00edcias de Ribeir\u00e3o Preto-SP e Regi\u00e3o","link":"https:\/\/noticiasribeiraopreto.com.br\/index.php\/category\/noticias-de-ribeirao-preto-sp-e-regiao-ismael-colosi\/"},"img":{"alt_text":"","src":"https:\/\/i0.wp.com\/noticiasribeiraopreto.com.br\/wp-content\/uploads\/2025\/12\/18-dez-2025-fogonocarro1-scaled.jpg?fit=868%2C780&ssl=1&resize=350%2C200","width":350,"height":200,"srcset":"https:\/\/i0.wp.com\/noticiasribeiraopreto.com.br\/wp-content\/uploads\/2025\/12\/18-dez-2025-fogonocarro1-scaled.jpg?fit=868%2C780&ssl=1&resize=350%2C200 1x, https:\/\/i0.wp.com\/noticiasribeiraopreto.com.br\/wp-content\/uploads\/2025\/12\/18-dez-2025-fogonocarro1-scaled.jpg?fit=868%2C780&ssl=1&resize=525%2C300 1.5x, https:\/\/i0.wp.com\/noticiasribeiraopreto.com.br\/wp-content\/uploads\/2025\/12\/18-dez-2025-fogonocarro1-scaled.jpg?fit=868%2C780&ssl=1&resize=700%2C400 2x"},"classes":[]},{"id":70665,"url":"https:\/\/noticiasribeiraopreto.com.br\/index.php\/2025\/05\/28\/carro-pega-fogo-apos-o-novo-dono-acabar-de-comprar-o-veiculo\/","url_meta":{"origin":70630,"position":1},"title":"Carro pega fogo ap\u00f3s o novo dono acabar de comprar o ve\u00edculo","author":"noticiasribeiraopreto.com.br","date":"28 de May de 2025","format":false,"excerpt":"Um carro pegou fogo na manh\u00e3 desta quarta-feira (28), na rodovia Engenheiro Ronan Rocha (SP-345), em Franca. Apesar do susto, n\u00e3o houve registro de feridos. A suspeita \u00e9 que tenha ocorrido uma pane el\u00e9trica. O motorista contou que havia acabado de comprar o ve\u00edculo por R$ 6 mil e que\u2026","rel":"","context":"In &quot;Not\u00edcias de Ribeir\u00e3o Preto-SP e Regi\u00e3o&quot;","block_context":{"text":"Not\u00edcias de Ribeir\u00e3o Preto-SP e Regi\u00e3o","link":"https:\/\/noticiasribeiraopreto.com.br\/index.php\/category\/noticias-de-ribeirao-preto-sp-e-regiao-ismael-colosi\/"},"img":{"alt_text":"","src":"https:\/\/i0.wp.com\/noticiasribeiraopreto.com.br\/wp-content\/uploads\/2025\/05\/CARRO_2025-05-28_17-12-51.webp.webp?fit=1200%2C725&ssl=1&resize=350%2C200","width":350,"height":200,"srcset":"https:\/\/i0.wp.com\/noticiasribeiraopreto.com.br\/wp-content\/uploads\/2025\/05\/CARRO_2025-05-28_17-12-51.webp.webp?fit=1200%2C725&ssl=1&resize=350%2C200 1x, https:\/\/i0.wp.com\/noticiasribeiraopreto.com.br\/wp-content\/uploads\/2025\/05\/CARRO_2025-05-28_17-12-51.webp.webp?fit=1200%2C725&ssl=1&resize=525%2C300 1.5x, https:\/\/i0.wp.com\/noticiasribeiraopreto.com.br\/wp-content\/uploads\/2025\/05\/CARRO_2025-05-28_17-12-51.webp.webp?fit=1200%2C725&ssl=1&resize=700%2C400 2x, https:\/\/i0.wp.com\/noticiasribeiraopreto.com.br\/wp-content\/uploads\/2025\/05\/CARRO_2025-05-28_17-12-51.webp.webp?fit=1200%2C725&ssl=1&resize=1050%2C600 3x"},"classes":[]},{"id":12064,"url":"https:\/\/noticiasribeiraopreto.com.br\/index.php\/2023\/12\/07\/idoso-fica-ferido-apos-carro-capotar-e-pegar-fogo-em-rodovia-na-regiao-de-ribeirao\/","url_meta":{"origin":70630,"position":2},"title":"Idoso fica ferido ap\u00f3s carro capotar e pegar fogo em rodovia na regi\u00e3o de Ribeir\u00e3o","author":"noticiasribeiraopreto.com.br","date":"7 de December de 2023","format":false,"excerpt":"Um idoso de 62 anos ficou ferido ap\u00f3s um carro capotar e pegar fogo na rodovia Altino Arantes, na regi\u00e3o de Ribeir\u00e3o Preto, na manh\u00e3 desta quinta-feira (7). A v\u00edtima foi socorrida pelo Corpo de Bombeiros com ferimentos leves e o inc\u00eandio j\u00e1 foi controlado. O acidente aconteceu na altura\u2026","rel":"","context":"In &quot;Not\u00edcias de Ribeir\u00e3o Preto-SP e Regi\u00e3o&quot;","block_context":{"text":"Not\u00edcias de Ribeir\u00e3o Preto-SP e Regi\u00e3o","link":"https:\/\/noticiasribeiraopreto.com.br\/index.php\/category\/noticias-de-ribeirao-preto-sp-e-regiao-ismael-colosi\/"},"img":{"alt_text":"","src":"https:\/\/i0.wp.com\/noticiasribeiraopreto.com.br\/wp-content\/uploads\/2023\/12\/acidente-altino-arantes.jpeg?fit=1200%2C675&ssl=1&resize=350%2C200","width":350,"height":200,"srcset":"https:\/\/i0.wp.com\/noticiasribeiraopreto.com.br\/wp-content\/uploads\/2023\/12\/acidente-altino-arantes.jpeg?fit=1200%2C675&ssl=1&resize=350%2C200 1x, https:\/\/i0.wp.com\/noticiasribeiraopreto.com.br\/wp-content\/uploads\/2023\/12\/acidente-altino-arantes.jpeg?fit=1200%2C675&ssl=1&resize=525%2C300 1.5x, https:\/\/i0.wp.com\/noticiasribeiraopreto.com.br\/wp-content\/uploads\/2023\/12\/acidente-altino-arantes.jpeg?fit=1200%2C675&ssl=1&resize=700%2C400 2x, https:\/\/i0.wp.com\/noticiasribeiraopreto.com.br\/wp-content\/uploads\/2023\/12\/acidente-altino-arantes.jpeg?fit=1200%2C675&ssl=1&resize=1050%2C600 3x"},"classes":[]},{"id":16642,"url":"https:\/\/noticiasribeiraopreto.com.br\/index.php\/2023\/12\/16\/carro-pega-fogo-em-rotatoria-de-rp\/","url_meta":{"origin":70630,"position":3},"title":"Carro pega fogo em rotat\u00f3ria de RP","author":"noticiasribeiraopreto.com.br","date":"16 de December de 2023","format":false,"excerpt":"Ve\u00edculo pode ter sofrido pane el\u00e9trica e bombeiros interviram 15 de dezembro de 2023 | 15:52 2Por: Adalberto LuqueUm ve\u00edculo pegou fogo, no in\u00edcio da tarde desta sexta-feira (15), na Rotat\u00f3ria da conflu\u00eancia das avenidas Castelo Branco, 13 de Maio e Maria de Jesus Condeixa, no Castelo Branco, zona Leste\u2026","rel":"","context":"In &quot;Not\u00edcias de Ribeir\u00e3o Preto-SP e Regi\u00e3o&quot;","block_context":{"text":"Not\u00edcias de Ribeir\u00e3o Preto-SP e Regi\u00e3o","link":"https:\/\/noticiasribeiraopreto.com.br\/index.php\/category\/noticias-de-ribeirao-preto-sp-e-regiao-ismael-colosi\/"},"img":{"alt_text":"","src":"https:\/\/i0.wp.com\/noticiasribeiraopreto.com.br\/wp-content\/uploads\/2023\/12\/00-15-dez-2023-carro-incendiado-foto-max-gallao-mesquita-scaled.jpg?fit=1000%2C639&ssl=1&resize=350%2C200","width":350,"height":200,"srcset":"https:\/\/i0.wp.com\/noticiasribeiraopreto.com.br\/wp-content\/uploads\/2023\/12\/00-15-dez-2023-carro-incendiado-foto-max-gallao-mesquita-scaled.jpg?fit=1000%2C639&ssl=1&resize=350%2C200 1x, https:\/\/i0.wp.com\/noticiasribeiraopreto.com.br\/wp-content\/uploads\/2023\/12\/00-15-dez-2023-carro-incendiado-foto-max-gallao-mesquita-scaled.jpg?fit=1000%2C639&ssl=1&resize=525%2C300 1.5x, https:\/\/i0.wp.com\/noticiasribeiraopreto.com.br\/wp-content\/uploads\/2023\/12\/00-15-dez-2023-carro-incendiado-foto-max-gallao-mesquita-scaled.jpg?fit=1000%2C639&ssl=1&resize=700%2C400 2x"},"classes":[]},{"id":82798,"url":"https:\/\/noticiasribeiraopreto.com.br\/index.php\/2026\/02\/27\/carro-pega-fogo-apos-bater-em-carreta-e-interdita-a-rodovia-anhanguera\/","url_meta":{"origin":70630,"position":4},"title":"Carro pega fogo ap\u00f3s bater em carreta e interdita a rodovia Anhanguera","author":"noticiasribeiraopreto.com.br","date":"27 de February de 2026","format":false,"excerpt":"Um carro pegou fogo ap\u00f3s bater na traseira de uma carreta na rodovia Anhanguera, em Ribeir\u00e3o Preto, causando a interdi\u00e7\u00e3o do sentido Norte (interior) da via. De acordo com a concession\u00e1ria, o ve\u00edculo de passeio colidiu contra a carreta e, com o impacto, come\u00e7ou a pegar fogo. O Corpo de\u2026","rel":"","context":"In &quot;Not\u00edcias de Ribeir\u00e3o Preto-SP e Regi\u00e3o&quot;","block_context":{"text":"Not\u00edcias de Ribeir\u00e3o Preto-SP e Regi\u00e3o","link":"https:\/\/noticiasribeiraopreto.com.br\/index.php\/category\/noticias-de-ribeirao-preto-sp-e-regiao-ismael-colosi\/"},"img":{"alt_text":"","src":"https:\/\/i0.wp.com\/noticiasribeiraopreto.com.br\/wp-content\/uploads\/2026\/02\/palace-39_2026-02-27_00-09-51.webp.webp?fit=1200%2C675&ssl=1&resize=350%2C200","width":350,"height":200,"srcset":"https:\/\/i0.wp.com\/noticiasribeiraopreto.com.br\/wp-content\/uploads\/2026\/02\/palace-39_2026-02-27_00-09-51.webp.webp?fit=1200%2C675&ssl=1&resize=350%2C200 1x, https:\/\/i0.wp.com\/noticiasribeiraopreto.com.br\/wp-content\/uploads\/2026\/02\/palace-39_2026-02-27_00-09-51.webp.webp?fit=1200%2C675&ssl=1&resize=525%2C300 1.5x, https:\/\/i0.wp.com\/noticiasribeiraopreto.com.br\/wp-content\/uploads\/2026\/02\/palace-39_2026-02-27_00-09-51.webp.webp?fit=1200%2C675&ssl=1&resize=700%2C400 2x, https:\/\/i0.wp.com\/noticiasribeiraopreto.com.br\/wp-content\/uploads\/2026\/02\/palace-39_2026-02-27_00-09-51.webp.webp?fit=1200%2C675&ssl=1&resize=1050%2C600 3x"},"classes":[]},{"id":27703,"url":"https:\/\/noticiasribeiraopreto.com.br\/index.php\/2024\/01\/13\/video-fogo-em-veiculo-na-maurilio-biagi\/","url_meta":{"origin":70630,"position":5},"title":"V\u00cdDEO &#8211; Fogo em ve\u00edculo na Maur\u00edlio Biagi","author":"noticiasribeiraopreto.com.br","date":"13 de January de 2024","format":false,"excerpt":"N\u00e3o h\u00e1 registros de feridos, mas RP Mobi interditou pista para combate \u00e0s chamas 12 de janeiro de 2024 | 15:5312 de janeiro de 2024 | 15:56 2Por: Adalberto LuqueUm ve\u00edculo e um reboque atrelado foram completamente destru\u00eddos pelo fogo, no final da manh\u00e3 desta sexta-feira (12). O inc\u00eandio ocorreu\u2026","rel":"","context":"In &quot;Not\u00edcias de Ribeir\u00e3o Preto-SP e Regi\u00e3o&quot;","block_context":{"text":"Not\u00edcias de Ribeir\u00e3o Preto-SP e Regi\u00e3o","link":"https:\/\/noticiasribeiraopreto.com.br\/index.php\/category\/noticias-de-ribeirao-preto-sp-e-regiao-ismael-colosi\/"},"img":{"alt_text":"","src":"https:\/\/i0.wp.com\/noticiasribeiraopreto.com.br\/wp-content\/uploads\/2024\/01\/00-12-jan-2024-veiculo-incendiado-b-foto-rp-mobi.jpg?fit=812%2C645&ssl=1&resize=350%2C200","width":350,"height":200,"srcset":"https:\/\/i0.wp.com\/noticiasribeiraopreto.com.br\/wp-content\/uploads\/2024\/01\/00-12-jan-2024-veiculo-incendiado-b-foto-rp-mobi.jpg?fit=812%2C645&ssl=1&resize=350%2C200 1x, https:\/\/i0.wp.com\/noticiasribeiraopreto.com.br\/wp-content\/uploads\/2024\/01\/00-12-jan-2024-veiculo-incendiado-b-foto-rp-mobi.jpg?fit=812%2C645&ssl=1&resize=525%2C300 1.5x, https:\/\/i0.wp.com\/noticiasribeiraopreto.com.br\/wp-content\/uploads\/2024\/01\/00-12-jan-2024-veiculo-incendiado-b-foto-rp-mobi.jpg?fit=812%2C645&ssl=1&resize=700%2C400 2x"},"classes":[]}],"jetpack_sharing_enabled":true,"jetpack_shortlink":"https:\/\/wp.me\/peQAOb-inc","_links":{"self":[{"href":"https:\/\/noticiasribeiraopreto.com.br\/index.php\/wp-json\/wp\/v2\/posts\/70630","targetHints":{"allow":["GET"]}}],"collection":[{"href":"https:\/\/noticiasribeiraopreto.com.br\/index.php\/wp-json\/wp\/v2\/posts"}],"about":[{"href":"https:\/\/noticiasribeiraopreto.com.br\/index.php\/wp-json\/wp\/v2\/types\/post"}],"author":[{"embeddable":true,"href":"https:\/\/noticiasribeiraopreto.com.br\/index.php\/wp-json\/wp\/v2\/users\/1"}],"replies":[{"embeddable":true,"href":"https:\/\/noticiasribeiraopreto.com.br\/index.php\/wp-json\/wp\/v2\/comments?post=70630"}],"version-history":[{"count":0,"href":"https:\/\/noticiasribeiraopreto.com.br\/index.php\/wp-json\/wp\/v2\/posts\/70630\/revisions"}],"wp:featuredmedia":[{"embeddable":true,"href":"https:\/\/noticiasribeiraopreto.com.br\/index.php\/wp-json\/wp\/v2\/media\/70631"}],"wp:attachment":[{"href":"https:\/\/noticiasribeiraopreto.com.br\/index.php\/wp-json\/wp\/v2\/media?parent=70630"}],"wp:term":[{"taxonomy":"category","embeddable":true,"href":"https:\/\/noticiasribeiraopreto.com.br\/index.php\/wp-json\/wp\/v2\/categories?post=70630"},{"taxonomy":"post_tag","embeddable":true,"href":"https:\/\/noticiasribeiraopreto.com.br\/index.php\/wp-json\/wp\/v2\/tags?post=70630"}],"curies":[{"name":"wp","href":"https:\/\/api.w.org\/{rel}","templated":true}]}}