{"id":70632,"date":"2025-05-28T14:34:28","date_gmt":"2025-05-28T17:34:28","guid":{"rendered":"https:\/\/noticiasribeiraopreto.com.br\/index.php\/2025\/05\/28\/projeto-apresenta-concerto-alma-francesa-em-ribeirao-preto-entrada-e-gratuita\/"},"modified":"2025-05-28T14:34:28","modified_gmt":"2025-05-28T17:34:28","slug":"projeto-apresenta-concerto-alma-francesa-em-ribeirao-preto-entrada-e-gratuita","status":"publish","type":"post","link":"https:\/\/noticiasribeiraopreto.com.br\/index.php\/2025\/05\/28\/projeto-apresenta-concerto-alma-francesa-em-ribeirao-preto-entrada-e-gratuita\/","title":{"rendered":"Projeto apresenta concerto \u2018Alma Francesa\u2019 em Ribeir\u00e3o Preto; entrada \u00e9 gratuita"},"content":{"rendered":"<p> <br \/>\n<\/p>\n<div data-td-block-uid=\"tdi_95\">\n<div class=\"tdb-block-inner td-fix-index\">\n<p>A <strong>Alma (Academia Livre de M\u00fasica e Artes de Ribeir\u00e3o Preto)<\/strong>, em parceria com o Minist\u00e9rio da Cultura e a Funda\u00e7\u00e3o Dom Pedro II, realizam no dia <strong>4 de junho<\/strong>, \u00e0s <strong>20h<\/strong>, o concerto \u201c<strong>Alma Francesa<\/strong>\u201d, no <strong>Theatro Pedro II<\/strong>, em <strong>Ribeir\u00e3o Preto<\/strong>. A entrada \u00e9 <strong>gratuita<\/strong>, mediante a retirada de ingressos com anteced\u00eancia.<\/p>\n<p>O concerto re\u00fane um total de <strong>96 instrumentistas<\/strong>, cantores e professores da academia, al\u00e9m de m\u00fasicos convidados. O programa conta com <strong>sete pe\u00e7as eruditas francesas<\/strong> que figuram entre as principais obras da hist\u00f3ria de m\u00fasica de concerto mundial.<\/p>\n<p>A reg\u00eancia \u00e9 por conta do maestro e professor <strong>Lincoln Mendes<\/strong>. A apresenta\u00e7\u00e3o est\u00e1 estruturada em tr\u00eas partes, e inclui composi\u00e7\u00f5es como \u201cL\u2019 Arlesienne \u2013 Suite n\u00ba 2\u201d, \u201cPavane pour une infante d\u00e9funte\u201d e \u201cBol\u00e9ro\u201d.<\/p>\n<p>As entradas devem ser retiradas a partir das <strong>19h<\/strong>, na bilheteria do <strong>Theatro Pedro II<\/strong>. Os bilhetes ser\u00e3o distribu\u00eddos por ordem de chegada. Os port\u00f5es abrem \u00e0s <strong>19h30<\/strong>.<\/p>\n<h2 class=\"wp-block-heading\"><strong>Servi\u00e7o<\/strong><\/h2>\n<p><strong>Alma Francesa<\/strong><\/p>\n<p><strong>Quando:\u00a0<\/strong>4 de junho, quarta-feira<strong><br \/>Hor\u00e1rio:<\/strong>\u00a020h<strong><br \/>Local:\u00a0<\/strong>Theatro Pedro II | rua \u00c1lvares Cabral, 370 \u2013 Centro<strong><br \/>Entrada gratuita<\/strong><\/p>\n<p>SAIBA MAIS<br \/>Marcelo Serrado e Helo\u00edsa P\u00e9riss\u00e9 apresentam \u2018Avesso do Avesso\u2019 no Theatro Pedro II<\/p>\n<h4 class=\"wp-block-heading\"><strong>FIQUE ON<\/strong><\/h4>\n<p>Fique ligado em tudo que acontece em Ribeir\u00e3o Preto e regi\u00e3o. Siga os perfis do <strong>acidade on <\/strong>no <a href=\"https:\/\/www.instagram.com\/acidadeonribeirao\" target=\"_blank\" rel=\"noreferrer noopener\">Instagram<\/a> e no <a href=\"https:\/\/www.facebook.com\/acidadeonribeirao\" target=\"_blank\" rel=\"noreferrer noopener\">Facebook<\/a>.<\/p>\n<p>Receba not\u00edcias do <strong>acidade on<\/strong> no WhatsApp. Para entrar no grupo, basta <a href=\"https:\/\/chat.whatsapp.com\/BjKQZ9oJwlz8VVT50NuePq\" target=\"_blank\" rel=\"noreferrer noopener\">clicar aqui<\/a>.<\/p>\n<p>Fa\u00e7a uma den\u00fancia ou sugira uma reportagem sobre Ribeir\u00e3o Preto e regi\u00e3o pelo WhatsApp: 16 99117 7802.<\/p>\n<p>VEJA TAMB\u00c9M<br \/>\u201cMamma Mia 3\u201d: Sabrina Carpenter est\u00e1 sendo cotada para qual papel?<\/p>\n<p><!-- CONTENT END 1 -->\n<\/div>\n<\/div>\n<p><script async src=\"\/\/www.instagram.com\/embed.js\"><\/script><br \/>\n<br \/><br \/>\n<br \/><a href=\"https:\/\/www.acidadeon.com\/ribeiraopreto\/lazer-e-cultura\/projeto-apresenta-concerto-alma-francesa-em-ribeirao-preto-entrada-e-gratuita\/\">Source link <\/a><\/p>\n","protected":false},"excerpt":{"rendered":"<p>A Alma (Academia Livre de M\u00fasica e Artes de Ribeir\u00e3o Preto), em parceria com o Minist\u00e9rio da Cultura e a Funda\u00e7\u00e3o Dom Pedro II, realizam&#8230;<\/p>\n","protected":false},"author":1,"featured_media":70633,"comment_status":"open","ping_status":"open","sticky":false,"template":"","format":"standard","meta":{"advanced_seo_description":"","jetpack_seo_html_title":"","jetpack_seo_noindex":false,"jetpack_post_was_ever_published":false,"_jetpack_newsletter_access":"","_jetpack_dont_email_post_to_subs":false,"_jetpack_newsletter_tier_id":0,"_jetpack_memberships_contains_paywalled_content":false,"_jetpack_memberships_contains_paid_content":false,"footnotes":"","jetpack_publicize_message":"","jetpack_publicize_feature_enabled":true,"jetpack_social_post_already_shared":true,"jetpack_social_options":{"image_generator_settings":{"template":"highway","default_image_id":0,"font":"","enabled":false},"version":2}},"categories":[11],"tags":[],"class_list":["post-70632","post","type-post","status-publish","format-standard","has-post-thumbnail","hentry","category-noticias-de-ribeirao-preto-sp-e-regiao-ismael-colosi"],"jetpack_publicize_connections":[],"jetpack_featured_media_url":"https:\/\/i0.wp.com\/noticiasribeiraopreto.com.br\/wp-content\/uploads\/2025\/05\/d712e656-dca2-41e8-80ea-c20f2faf7214_2025-05-28_16-24-54.webp.webp?fit=1200%2C800&ssl=1","jetpack-related-posts":[{"id":70939,"url":"https:\/\/noticiasribeiraopreto.com.br\/index.php\/2025\/05\/31\/alma-francesa-sera-apresentado-no-theatro-pedro-ii\/","url_meta":{"origin":70632,"position":0},"title":"Alma Francesa\u00a0ser\u00e1 apresentado no Theatro Pedro II","author":"noticiasribeiraopreto.com.br","date":"31 de May de 2025","format":false,"excerpt":"O Minist\u00e9rio da Cultura, a Funda\u00e7\u00e3o Dom Pedro II e a Alma (Academia Livre de M\u00fasica e Artes de Ribeir\u00e3o Preto) realizam no dia 4 de junho, \u00e0s 20h, o concerto \u201cAlma Francesa\u201d, no Theatro Pedro II. Reunindo um total de 96 instrumentistas, cantores e professores da escola, al\u00e9m de\u2026","rel":"","context":"In &quot;Not\u00edcias de Ribeir\u00e3o Preto-SP e Regi\u00e3o&quot;","block_context":{"text":"Not\u00edcias de Ribeir\u00e3o Preto-SP e Regi\u00e3o","link":"https:\/\/noticiasribeiraopreto.com.br\/index.php\/category\/noticias-de-ribeirao-preto-sp-e-regiao-ismael-colosi\/"},"img":{"alt_text":"","src":"https:\/\/i0.wp.com\/noticiasribeiraopreto.com.br\/wp-content\/uploads\/2025\/05\/OrqueOSRP-Sin-Giovana-Scarparo-scaled.jpg?fit=750%2C500&ssl=1&resize=350%2C200","width":350,"height":200,"srcset":"https:\/\/i0.wp.com\/noticiasribeiraopreto.com.br\/wp-content\/uploads\/2025\/05\/OrqueOSRP-Sin-Giovana-Scarparo-scaled.jpg?fit=750%2C500&ssl=1&resize=350%2C200 1x, https:\/\/i0.wp.com\/noticiasribeiraopreto.com.br\/wp-content\/uploads\/2025\/05\/OrqueOSRP-Sin-Giovana-Scarparo-scaled.jpg?fit=750%2C500&ssl=1&resize=525%2C300 1.5x, https:\/\/i0.wp.com\/noticiasribeiraopreto.com.br\/wp-content\/uploads\/2025\/05\/OrqueOSRP-Sin-Giovana-Scarparo-scaled.jpg?fit=750%2C500&ssl=1&resize=700%2C400 2x"},"classes":[]},{"id":61017,"url":"https:\/\/noticiasribeiraopreto.com.br\/index.php\/2024\/12\/02\/theatro-pedro-ii-recebe-o-concerto-natalino-luzes-na-floresta\/","url_meta":{"origin":70632,"position":1},"title":"Theatro Pedro II recebe o concerto natalino \u2018Luzes na Floresta\u2019","author":"noticiasribeiraopreto.com.br","date":"2 de December de 2024","format":false,"excerpt":"A Alma (Academia Livre de M\u00fasica e Artes de Ribeir\u00e3o Preto) apresenta no Theatro Pedro II, em Ribeir\u00e3o Preto, o espet\u00e1culo \u201cLuzes na Floresta\u201d. O concerto acontece neste s\u00e1bado (7), \u00e0s 20h, e no domingo (8), \u00e0s 19h. A entrada \u00e9 gratuita. Sobem ao palco cerca de 120 artistas, entre\u2026","rel":"","context":"In &quot;Not\u00edcias de Ribeir\u00e3o Preto-SP e Regi\u00e3o&quot;","block_context":{"text":"Not\u00edcias de Ribeir\u00e3o Preto-SP e Regi\u00e3o","link":"https:\/\/noticiasribeiraopreto.com.br\/index.php\/category\/noticias-de-ribeirao-preto-sp-e-regiao-ismael-colosi\/"},"img":{"alt_text":"","src":"https:\/\/i0.wp.com\/noticiasribeiraopreto.com.br\/wp-content\/uploads\/2024\/12\/23-Concerto-de-Natal-RP-5_2024-12-02_12-22-45_jpg_2024-12-02_12-22-46.webp.webp?fit=1200%2C800&ssl=1&resize=350%2C200","width":350,"height":200,"srcset":"https:\/\/i0.wp.com\/noticiasribeiraopreto.com.br\/wp-content\/uploads\/2024\/12\/23-Concerto-de-Natal-RP-5_2024-12-02_12-22-45_jpg_2024-12-02_12-22-46.webp.webp?fit=1200%2C800&ssl=1&resize=350%2C200 1x, https:\/\/i0.wp.com\/noticiasribeiraopreto.com.br\/wp-content\/uploads\/2024\/12\/23-Concerto-de-Natal-RP-5_2024-12-02_12-22-45_jpg_2024-12-02_12-22-46.webp.webp?fit=1200%2C800&ssl=1&resize=525%2C300 1.5x, https:\/\/i0.wp.com\/noticiasribeiraopreto.com.br\/wp-content\/uploads\/2024\/12\/23-Concerto-de-Natal-RP-5_2024-12-02_12-22-45_jpg_2024-12-02_12-22-46.webp.webp?fit=1200%2C800&ssl=1&resize=700%2C400 2x, https:\/\/i0.wp.com\/noticiasribeiraopreto.com.br\/wp-content\/uploads\/2024\/12\/23-Concerto-de-Natal-RP-5_2024-12-02_12-22-45_jpg_2024-12-02_12-22-46.webp.webp?fit=1200%2C800&ssl=1&resize=1050%2C600 3x"},"classes":[]},{"id":10332,"url":"https:\/\/noticiasribeiraopreto.com.br\/index.php\/2023\/12\/04\/theatro-pedro-ii-tem-concerto-de-natal-com-entrada-gratuita-em-ribeirao\/","url_meta":{"origin":70632,"position":2},"title":"Theatro Pedro II tem concerto de Natal com entrada gratuita\u00a0em Ribeir\u00e3o","author":"noticiasribeiraopreto.com.br","date":"4 de December de 2023","format":false,"excerpt":"O Theatro Pedro II, localizado no Centro de Ribeir\u00e3o Preto, recebe, no dia 9 de dezembro, \u00e0s 20h, o concerto \u2018Natal Iluminado\u2019, realizado pela Academia Livre de M\u00fasica e Artes (Alma). \u00a0 A entrada \u00e9 gratuita e aberta ao p\u00fablico, mas \u00e9 necess\u00e1rio retirar os ingressos na bilheteria do Theatro\u2026","rel":"","context":"In &quot;Not\u00edcias de Ribeir\u00e3o Preto-SP e Regi\u00e3o&quot;","block_context":{"text":"Not\u00edcias de Ribeir\u00e3o Preto-SP e Regi\u00e3o","link":"https:\/\/noticiasribeiraopreto.com.br\/index.php\/category\/noticias-de-ribeirao-preto-sp-e-regiao-ismael-colosi\/"},"img":{"alt_text":"","src":"https:\/\/i0.wp.com\/noticiasribeiraopreto.com.br\/wp-content\/uploads\/2023\/12\/WhatsApp-Image-2023-12-04-at-10.04.25.jpeg?fit=1200%2C800&ssl=1&resize=350%2C200","width":350,"height":200,"srcset":"https:\/\/i0.wp.com\/noticiasribeiraopreto.com.br\/wp-content\/uploads\/2023\/12\/WhatsApp-Image-2023-12-04-at-10.04.25.jpeg?fit=1200%2C800&ssl=1&resize=350%2C200 1x, https:\/\/i0.wp.com\/noticiasribeiraopreto.com.br\/wp-content\/uploads\/2023\/12\/WhatsApp-Image-2023-12-04-at-10.04.25.jpeg?fit=1200%2C800&ssl=1&resize=525%2C300 1.5x, https:\/\/i0.wp.com\/noticiasribeiraopreto.com.br\/wp-content\/uploads\/2023\/12\/WhatsApp-Image-2023-12-04-at-10.04.25.jpeg?fit=1200%2C800&ssl=1&resize=700%2C400 2x, https:\/\/i0.wp.com\/noticiasribeiraopreto.com.br\/wp-content\/uploads\/2023\/12\/WhatsApp-Image-2023-12-04-at-10.04.25.jpeg?fit=1200%2C800&ssl=1&resize=1050%2C600 3x"},"classes":[]},{"id":67069,"url":"https:\/\/noticiasribeiraopreto.com.br\/index.php\/2025\/04\/09\/academia-livre-de-musica-e-artes-de-ribeirao-preto-abre-temporada-de-concertos-de-2025\/","url_meta":{"origin":70632,"position":3},"title":"Academia Livre de M\u00fasica e Artes de Ribeir\u00e3o Preto abre temporada de concertos de 2025","author":"noticiasribeiraopreto.com.br","date":"9 de April de 2025","format":false,"excerpt":"A Alma (Academia Livre de M\u00fasica e Artes de Ribeir\u00e3o Preto) realiza no dia 16 de abril, \u00e0s 19h30, o primeiro concerto da temporada de 2025, em parceria com a Orquestra de Cordas e a Banda Sinf\u00f4nica. O evento \u00e9 gratuito e acontece no Teatro do Campus da USP. O\u2026","rel":"","context":"In &quot;Not\u00edcias de Ribeir\u00e3o Preto-SP e Regi\u00e3o&quot;","block_context":{"text":"Not\u00edcias de Ribeir\u00e3o Preto-SP e Regi\u00e3o","link":"https:\/\/noticiasribeiraopreto.com.br\/index.php\/category\/noticias-de-ribeirao-preto-sp-e-regiao-ismael-colosi\/"},"img":{"alt_text":"","src":"https:\/\/i0.wp.com\/noticiasribeiraopreto.com.br\/wp-content\/uploads\/2025\/04\/12-2_2025-04-09_12-13-39_jpg_2025-04-09_12-13-42-scaled.webp.webp?fit=1200%2C800&ssl=1&resize=350%2C200","width":350,"height":200,"srcset":"https:\/\/i0.wp.com\/noticiasribeiraopreto.com.br\/wp-content\/uploads\/2025\/04\/12-2_2025-04-09_12-13-39_jpg_2025-04-09_12-13-42-scaled.webp.webp?fit=1200%2C800&ssl=1&resize=350%2C200 1x, https:\/\/i0.wp.com\/noticiasribeiraopreto.com.br\/wp-content\/uploads\/2025\/04\/12-2_2025-04-09_12-13-39_jpg_2025-04-09_12-13-42-scaled.webp.webp?fit=1200%2C800&ssl=1&resize=525%2C300 1.5x, https:\/\/i0.wp.com\/noticiasribeiraopreto.com.br\/wp-content\/uploads\/2025\/04\/12-2_2025-04-09_12-13-39_jpg_2025-04-09_12-13-42-scaled.webp.webp?fit=1200%2C800&ssl=1&resize=700%2C400 2x, https:\/\/i0.wp.com\/noticiasribeiraopreto.com.br\/wp-content\/uploads\/2025\/04\/12-2_2025-04-09_12-13-39_jpg_2025-04-09_12-13-42-scaled.webp.webp?fit=1200%2C800&ssl=1&resize=1050%2C600 3x"},"classes":[]},{"id":80548,"url":"https:\/\/noticiasribeiraopreto.com.br\/index.php\/2025\/12\/05\/guia-natalino-veja-o-que-fazer-em-ribeirao-preto-nos-proximos-dias\/","url_meta":{"origin":70632,"position":4},"title":"Guia natalino: Veja o que fazer em Ribeir\u00e3o Preto nos pr\u00f3ximos dias","author":"noticiasribeiraopreto.com.br","date":"5 de December de 2025","format":false,"excerpt":"Ribeir\u00e3o Preto j\u00e1 conta com uma programa\u00e7\u00e3o natalina para todos os gostos, com concertos, apresenta\u00e7\u00f5es culturais, oficina e visitas ao Papai Noel. As atra\u00e7\u00f5es acontecem em diferentes pontos da cidade. Confira abaixo o guia natalino: Coral da Unaerp na Catedral 7 de dezembro, domingo | \u00e0s 20h A Catedral recebe\u2026","rel":"","context":"In &quot;Not\u00edcias de Ribeir\u00e3o Preto-SP e Regi\u00e3o&quot;","block_context":{"text":"Not\u00edcias de Ribeir\u00e3o Preto-SP e Regi\u00e3o","link":"https:\/\/noticiasribeiraopreto.com.br\/index.php\/category\/noticias-de-ribeirao-preto-sp-e-regiao-ismael-colosi\/"},"img":{"alt_text":"","src":"https:\/\/i0.wp.com\/noticiasribeiraopreto.com.br\/wp-content\/uploads\/2025\/12\/1.png?fit=820%2C524&ssl=1&resize=350%2C200","width":350,"height":200,"srcset":"https:\/\/i0.wp.com\/noticiasribeiraopreto.com.br\/wp-content\/uploads\/2025\/12\/1.png?fit=820%2C524&ssl=1&resize=350%2C200 1x, https:\/\/i0.wp.com\/noticiasribeiraopreto.com.br\/wp-content\/uploads\/2025\/12\/1.png?fit=820%2C524&ssl=1&resize=525%2C300 1.5x, https:\/\/i0.wp.com\/noticiasribeiraopreto.com.br\/wp-content\/uploads\/2025\/12\/1.png?fit=820%2C524&ssl=1&resize=700%2C400 2x"},"classes":[]},{"id":77611,"url":"https:\/\/noticiasribeiraopreto.com.br\/index.php\/2025\/09\/22\/queen-metallica-e-led-zeppelin-ganham-versao-sinfonica-em-ribeirao-preto-veja-quando\/","url_meta":{"origin":70632,"position":5},"title":"Queen, Metallica e Led Zeppelin ganham vers\u00e3o sinf\u00f4nica em Ribeir\u00e3o Preto; Veja quando","author":"noticiasribeiraopreto.com.br","date":"22 de September de 2025","format":false,"excerpt":"Com repert\u00f3rio que inclui cl\u00e1ssicos do rock internacional, a Banda Sinf\u00f4nica da Alma (Academia Livre M\u00fasica e Artes) apresenta no palco do Theatro Pedro II, nesta quinta-feira (25), m\u00fasicas de Queen, Metallica, Nirvana, Iron Maiden e Led Zeppelin. A entrada \u00e9 gratuita e os ingressos podem ser retirados na bilheteria\u2026","rel":"","context":"In &quot;Not\u00edcias de Ribeir\u00e3o Preto-SP e Regi\u00e3o&quot;","block_context":{"text":"Not\u00edcias de Ribeir\u00e3o Preto-SP e Regi\u00e3o","link":"https:\/\/noticiasribeiraopreto.com.br\/index.php\/category\/noticias-de-ribeirao-preto-sp-e-regiao-ismael-colosi\/"},"img":{"alt_text":"","src":"https:\/\/i0.wp.com\/noticiasribeiraopreto.com.br\/wp-content\/uploads\/2025\/09\/not-20250908111802494069714-1247103867424392-5450721346511721545-n_2025-09-22_20-07-26.webp.webp?fit=600%2C399&ssl=1&resize=350%2C200","width":350,"height":200,"srcset":"https:\/\/i0.wp.com\/noticiasribeiraopreto.com.br\/wp-content\/uploads\/2025\/09\/not-20250908111802494069714-1247103867424392-5450721346511721545-n_2025-09-22_20-07-26.webp.webp?fit=600%2C399&ssl=1&resize=350%2C200 1x, https:\/\/i0.wp.com\/noticiasribeiraopreto.com.br\/wp-content\/uploads\/2025\/09\/not-20250908111802494069714-1247103867424392-5450721346511721545-n_2025-09-22_20-07-26.webp.webp?fit=600%2C399&ssl=1&resize=525%2C300 1.5x"},"classes":[]}],"jetpack_sharing_enabled":true,"jetpack_shortlink":"https:\/\/wp.me\/peQAOb-ine","_links":{"self":[{"href":"https:\/\/noticiasribeiraopreto.com.br\/index.php\/wp-json\/wp\/v2\/posts\/70632","targetHints":{"allow":["GET"]}}],"collection":[{"href":"https:\/\/noticiasribeiraopreto.com.br\/index.php\/wp-json\/wp\/v2\/posts"}],"about":[{"href":"https:\/\/noticiasribeiraopreto.com.br\/index.php\/wp-json\/wp\/v2\/types\/post"}],"author":[{"embeddable":true,"href":"https:\/\/noticiasribeiraopreto.com.br\/index.php\/wp-json\/wp\/v2\/users\/1"}],"replies":[{"embeddable":true,"href":"https:\/\/noticiasribeiraopreto.com.br\/index.php\/wp-json\/wp\/v2\/comments?post=70632"}],"version-history":[{"count":0,"href":"https:\/\/noticiasribeiraopreto.com.br\/index.php\/wp-json\/wp\/v2\/posts\/70632\/revisions"}],"wp:featuredmedia":[{"embeddable":true,"href":"https:\/\/noticiasribeiraopreto.com.br\/index.php\/wp-json\/wp\/v2\/media\/70633"}],"wp:attachment":[{"href":"https:\/\/noticiasribeiraopreto.com.br\/index.php\/wp-json\/wp\/v2\/media?parent=70632"}],"wp:term":[{"taxonomy":"category","embeddable":true,"href":"https:\/\/noticiasribeiraopreto.com.br\/index.php\/wp-json\/wp\/v2\/categories?post=70632"},{"taxonomy":"post_tag","embeddable":true,"href":"https:\/\/noticiasribeiraopreto.com.br\/index.php\/wp-json\/wp\/v2\/tags?post=70632"}],"curies":[{"name":"wp","href":"https:\/\/api.w.org\/{rel}","templated":true}]}}