{"id":70636,"date":"2025-05-28T14:43:08","date_gmt":"2025-05-28T17:43:08","guid":{"rendered":"https:\/\/noticiasribeiraopreto.com.br\/index.php\/2025\/05\/28\/veja-quem-e-quem-no-caso-da-morte-de-empresario-em-cravinhos\/"},"modified":"2025-05-28T14:43:08","modified_gmt":"2025-05-28T17:43:08","slug":"veja-quem-e-quem-no-caso-da-morte-de-empresario-em-cravinhos","status":"publish","type":"post","link":"https:\/\/noticiasribeiraopreto.com.br\/index.php\/2025\/05\/28\/veja-quem-e-quem-no-caso-da-morte-de-empresario-em-cravinhos\/","title":{"rendered":"Veja quem \u00e9 quem no caso da morte de empres\u00e1rio em Cravinhos"},"content":{"rendered":"<p> <br \/>\n<\/p>\n<div>\n<p>A pol\u00edcia procura por tr\u00eas pessoas suspeitas de envolvimento na morte do empres\u00e1rio <strong>Nelson Francisco Carreira Filho<\/strong>, que desapareceu no dia 16 de maio ap\u00f3s reuni\u00e3o em Cravinhos. O delegado <strong>Sebasti\u00e3o Picinat<\/strong>o acredita que Nelson foi morto dentro da f\u00e1brica de <strong>Marlon Couto Paula J\u00fanior<\/strong>.<\/p>\n<p>Na noite de ter\u00e7a-feira (27), a per\u00edcia da Pol\u00edcia Civil encontrou vest\u00edgios de sangue humano na empresa. Os investigadores usaram o luminol, um reagente qu\u00edmico empregado nas investiga\u00e7\u00f5es, que aponta a presen\u00e7a de sangue.<\/p>\n<p>Al\u00e9m de Marlon, a pol\u00edcia procura por <strong>Tadeu Almeida Silva<\/strong> e <strong>Marcela Silva de Almeida<\/strong>, esposa de Marlon e sobrinha de Tadeu.<\/p>\n<h2 class=\"wp-block-heading\"><strong>Quem \u00e9 quem<\/strong><\/h2>\n<p>Segundo a pol\u00edcia, <mark style=\"background-color:#fcb900\" class=\"has-inline-color has-black-color\">Marlon foi quem matou o empres\u00e1rio e jogou o corpo da v\u00edtima em um rio<\/mark>. A suspeita \u00e9 que o corpo de Nelson tenha sido jogado no rio Grande, em Miguel\u00f3polis, onde Marlon tem um rancho.<\/p>\n<p>J\u00e1 Tadeu teria presenciado o crime e ajudou na oculta\u00e7\u00e3o do cad\u00e1ver. Al\u00e9m disso, ele levou o carro de Nelson at\u00e9 S\u00e3o Paulo, onde o ve\u00edculo foi abandonado. Tadeu admitiu que o homem flagrado no carro da v\u00edtima \u00e9 ele.<\/p>\n<p>E, Marcela acompanhou Marlon em viagem para S\u00e3o Paulo buscar Tadeu ap\u00f3s o ve\u00edculo ter sido deixado. No dia seguinte ao desaparecimento de Nelson, Marlon e Tadeu foram vistos entrando no pr\u00e9dio em que Nelson morava. Eles teriam ido consolar a esposa da v\u00edtima.<\/p>\n<h2 class=\"wp-block-heading\"><strong>Onde eles est\u00e3o?<\/strong><\/h2>\n<p><mark style=\"background-color:#fcb900\" class=\"has-inline-color has-black-color\">Marlon n\u00e3o \u00e9 visto no condom\u00ednio em que mora, entre Ribeir\u00e3o Preto e Cravinhos, h\u00e1 quatro dias<\/mark>. Ap\u00f3s a expedi\u00e7\u00e3o do pedido de pris\u00e3o, a pol\u00edcia esteve no local e em outros quatro endere\u00e7os nas buscas pelos suspeitos. Contudo, ningu\u00e9m foi encontrado.<\/p>\n<h2 class=\"wp-block-heading\"><strong>O que os suspeitos dizem?<\/strong><\/h2>\n<p>O advogado Nathan Castelo Branco, que defende Marlon, disse que ele est\u00e1 viajando e deve ser apresentar \u00e0 pol\u00edcia. \u201c<mark style=\"background-color:#fcb900\" class=\"has-inline-color has-black-color\">Ele nega a participa\u00e7\u00e3o<\/mark>. N\u00e3o teve envolvimento com o caso. At\u00e9 por isso, ele estava um pouco assustado com o envolvimento do nome dele nas reportagens\u201d, disse.<\/p>\n<p><mark style=\"background-color:#fcb900\" class=\"has-inline-color has-black-color\">A defesa de Tadeu admitiu a participa\u00e7\u00e3o no crime.<\/mark> Inclusive, ele j\u00e1 prestou depoimento \u00e0 Pol\u00edcia Civil na \u00faltima segunda-feira (26), no entanto foi liberado. \u201cEle ouviu o disparo de arma de fogo e viu a v\u00edtima ca\u00edda no solo\u201d, disse o advogado Renato Sav\u00e9rio, que defende ele.<\/p>\n<p>Renato Sav\u00e9rio ainda declarou que Marlon ainda exigiu que Tadeu ajudasse a enrolar o corpo em um len\u00e7ol. J\u00e1 a defesa de Marcela n\u00e3o foi encontrada.<\/p>\n<p>SAIBA MAIS<br \/>Seis bairros t\u00eam alerta de falta d\u2019\u00e1gua na zona Leste de Ribeir\u00e3o Preto; Veja lista<\/p>\n<h2 class=\"wp-block-heading\"><strong>FIQUE ON<\/strong><\/h2>\n<p>Fique ligado em tudo que acontece em Ribeir\u00e3o Preto e regi\u00e3o. Siga os perfis do<strong>\u00a0acidade on<\/strong>\u00a0no<a href=\"https:\/\/www.instagram.com\/acidadeonribeirao\">\u00a0Instagram\u00a0<\/a>e no\u00a0<a href=\"https:\/\/www.facebook.com\/acidadeonribeirao\/\">Facebook.<\/a><\/p>\n<p>Receba not\u00edcias do\u00a0<strong>acidade on<\/strong>\u00a0no WhatsApp.\u00a0<a href=\"https:\/\/chat.whatsapp.com\/BjKQZ9oJwlz8VVT50NuePq\">Para entrar no grupo, basta clicar aqui.<\/a><\/p>\n<p>Fa\u00e7a uma den\u00fancia ou sugira uma reportagem sobre Ribeir\u00e3o Preto e regi\u00e3o pelo WhatsApp: 16 99117 7802.<\/p>\n<p>VEJA TAMB\u00c9M<br \/>Como se inscrever no concurso do TJ PR?<\/p>\n<p><!-- CONTENT END 1 -->\n<\/div>\n<p><script async src=\"\/\/www.instagram.com\/embed.js\"><\/script><br \/>\n<br \/><br \/>\n<br \/><a href=\"https:\/\/www.acidadeon.com\/ribeiraopreto\/cotidiano\/veja-quem-e-quem-no-caso-da-morte-de-empresario-em-cravinhos\/\">Source link <\/a><\/p>\n","protected":false},"excerpt":{"rendered":"<p>A pol\u00edcia procura por tr\u00eas pessoas suspeitas de envolvimento na morte do empres\u00e1rio Nelson Francisco Carreira Filho, que desapareceu no dia 16 de maio ap\u00f3s&#8230;<\/p>\n","protected":false},"author":1,"featured_media":70637,"comment_status":"open","ping_status":"open","sticky":false,"template":"","format":"standard","meta":{"advanced_seo_description":"","jetpack_seo_html_title":"","jetpack_seo_noindex":false,"jetpack_post_was_ever_published":false,"_jetpack_newsletter_access":"","_jetpack_dont_email_post_to_subs":false,"_jetpack_newsletter_tier_id":0,"_jetpack_memberships_contains_paywalled_content":false,"_jetpack_memberships_contains_paid_content":false,"footnotes":"","jetpack_publicize_message":"","jetpack_publicize_feature_enabled":true,"jetpack_social_post_already_shared":true,"jetpack_social_options":{"image_generator_settings":{"template":"highway","default_image_id":0,"font":"","enabled":false},"version":2}},"categories":[11],"tags":[],"class_list":["post-70636","post","type-post","status-publish","format-standard","has-post-thumbnail","hentry","category-noticias-de-ribeirao-preto-sp-e-regiao-ismael-colosi"],"jetpack_publicize_connections":[],"jetpack_featured_media_url":"https:\/\/i0.wp.com\/noticiasribeiraopreto.com.br\/wp-content\/uploads\/2025\/05\/MARLON-COUTO_2025-05-28_16-15-29.webp.webp?fit=1143%2C824&ssl=1","jetpack-related-posts":[{"id":70775,"url":"https:\/\/noticiasribeiraopreto.com.br\/index.php\/2025\/05\/29\/suspeito-de-envolvimento-na-morte-de-empresario-se-apresenta-a-policia-em-cravinhos\/","url_meta":{"origin":70636,"position":0},"title":"Suspeito de envolvimento na morte de empres\u00e1rio se apresenta \u00e0 pol\u00edcia em Cravinhos","author":"noticiasribeiraopreto.com.br","date":"29 de May de 2025","format":false,"excerpt":"Tadeu Almeida Silva, funcion\u00e1rio da empresa onde ocorreu o crime e apontado como suspeito de participa\u00e7\u00e3o na morte do empres\u00e1rio Nelson Francisco Carreira Filho, em 16 de maio, se apresentou \u00e0 Delegacia de Pol\u00edcia de Cravinhos, na regi\u00e3o de Ribeir\u00e3o Preto, nesta quinta-feira (29). Imagens de c\u00e2meras de seguran\u00e7a identificaram\u2026","rel":"","context":"In &quot;Not\u00edcias de Ribeir\u00e3o Preto-SP e Regi\u00e3o&quot;","block_context":{"text":"Not\u00edcias de Ribeir\u00e3o Preto-SP e Regi\u00e3o","link":"https:\/\/noticiasribeiraopreto.com.br\/index.php\/category\/noticias-de-ribeirao-preto-sp-e-regiao-ismael-colosi\/"},"img":{"alt_text":"","src":"https:\/\/i0.wp.com\/noticiasribeiraopreto.com.br\/wp-content\/uploads\/2025\/05\/Copia-de-Copia-de-Copia-de-TAMANHO-EXATO-PARA-FOTOS-NO-SISTEMA-NOVO-2025-05-29T163108.869_2025-05-29_19-31-37.webp.webp?fit=1200%2C675&ssl=1&resize=350%2C200","width":350,"height":200,"srcset":"https:\/\/i0.wp.com\/noticiasribeiraopreto.com.br\/wp-content\/uploads\/2025\/05\/Copia-de-Copia-de-Copia-de-TAMANHO-EXATO-PARA-FOTOS-NO-SISTEMA-NOVO-2025-05-29T163108.869_2025-05-29_19-31-37.webp.webp?fit=1200%2C675&ssl=1&resize=350%2C200 1x, https:\/\/i0.wp.com\/noticiasribeiraopreto.com.br\/wp-content\/uploads\/2025\/05\/Copia-de-Copia-de-Copia-de-TAMANHO-EXATO-PARA-FOTOS-NO-SISTEMA-NOVO-2025-05-29T163108.869_2025-05-29_19-31-37.webp.webp?fit=1200%2C675&ssl=1&resize=525%2C300 1.5x, https:\/\/i0.wp.com\/noticiasribeiraopreto.com.br\/wp-content\/uploads\/2025\/05\/Copia-de-Copia-de-Copia-de-TAMANHO-EXATO-PARA-FOTOS-NO-SISTEMA-NOVO-2025-05-29T163108.869_2025-05-29_19-31-37.webp.webp?fit=1200%2C675&ssl=1&resize=700%2C400 2x, https:\/\/i0.wp.com\/noticiasribeiraopreto.com.br\/wp-content\/uploads\/2025\/05\/Copia-de-Copia-de-Copia-de-TAMANHO-EXATO-PARA-FOTOS-NO-SISTEMA-NOVO-2025-05-29T163108.869_2025-05-29_19-31-37.webp.webp?fit=1200%2C675&ssl=1&resize=1050%2C600 3x"},"classes":[]},{"id":70653,"url":"https:\/\/noticiasribeiraopreto.com.br\/index.php\/2025\/05\/28\/suspeito-aponta-possivel-motivo-para-morte-de-empresario-em-cravinhos\/","url_meta":{"origin":70636,"position":1},"title":"Suspeito aponta poss\u00edvel motivo para morte de empres\u00e1rio em Cravinhos","author":"noticiasribeiraopreto.com.br","date":"28 de May de 2025","format":false,"excerpt":"Um dos suspeitos de envolvimento no desaparecimento e morte do empres\u00e1rio Nelson Francisco Carreira Filho disse para pol\u00edcia de Cravinhos o que poderia ter motivado a morte do empres\u00e1rio. Em depoimento na \u00faltima segunda-feira (26), Tadeu Almeida Silva afirmou que uma desaven\u00e7a por conta de uma marca de suplementos teria\u2026","rel":"","context":"In &quot;Not\u00edcias de Ribeir\u00e3o Preto-SP e Regi\u00e3o&quot;","block_context":{"text":"Not\u00edcias de Ribeir\u00e3o Preto-SP e Regi\u00e3o","link":"https:\/\/noticiasribeiraopreto.com.br\/index.php\/category\/noticias-de-ribeirao-preto-sp-e-regiao-ismael-colosi\/"},"img":{"alt_text":"","src":"https:\/\/i0.wp.com\/noticiasribeiraopreto.com.br\/wp-content\/uploads\/2025\/05\/TADEU-E-NELSON_2025-05-27_15-10-03.webp.webp?fit=1200%2C674&ssl=1&resize=350%2C200","width":350,"height":200,"srcset":"https:\/\/i0.wp.com\/noticiasribeiraopreto.com.br\/wp-content\/uploads\/2025\/05\/TADEU-E-NELSON_2025-05-27_15-10-03.webp.webp?fit=1200%2C674&ssl=1&resize=350%2C200 1x, https:\/\/i0.wp.com\/noticiasribeiraopreto.com.br\/wp-content\/uploads\/2025\/05\/TADEU-E-NELSON_2025-05-27_15-10-03.webp.webp?fit=1200%2C674&ssl=1&resize=525%2C300 1.5x, https:\/\/i0.wp.com\/noticiasribeiraopreto.com.br\/wp-content\/uploads\/2025\/05\/TADEU-E-NELSON_2025-05-27_15-10-03.webp.webp?fit=1200%2C674&ssl=1&resize=700%2C400 2x, https:\/\/i0.wp.com\/noticiasribeiraopreto.com.br\/wp-content\/uploads\/2025\/05\/TADEU-E-NELSON_2025-05-27_15-10-03.webp.webp?fit=1200%2C674&ssl=1&resize=1050%2C600 3x"},"classes":[]},{"id":73679,"url":"https:\/\/noticiasribeiraopreto.com.br\/index.php\/2025\/07\/07\/caso-nelson-policia-indicia-8-pessoas-em-inquerito-sobre-morte-de-empresario\/","url_meta":{"origin":70636,"position":2},"title":"Caso Nelson: Pol\u00edcia indicia 8 pessoas em inqu\u00e9rito sobre morte de empres\u00e1rio","author":"noticiasribeiraopreto.com.br","date":"7 de July de 2025","format":false,"excerpt":"A Pol\u00edcia Civil informou nesta segunda-feira (7) que dever\u00e1 indiciar oito pessoas no inqu\u00e9rito que apura o desaparecimento e morte do empres\u00e1rio Nelson Carreira Filho, de 44 anos, em Cravinhos, na regi\u00e3o de Ribeir\u00e3o Preto. Segundo do delegado Heitor Moreira, respons\u00e1vel pela investiga\u00e7\u00e3o, al\u00e9m de Marlon Couto e Tadeu Almeida,\u2026","rel":"","context":"In &quot;Not\u00edcias de Ribeir\u00e3o Preto-SP e Regi\u00e3o&quot;","block_context":{"text":"Not\u00edcias de Ribeir\u00e3o Preto-SP e Regi\u00e3o","link":"https:\/\/noticiasribeiraopreto.com.br\/index.php\/category\/noticias-de-ribeirao-preto-sp-e-regiao-ismael-colosi\/"},"img":{"alt_text":"","src":"https:\/\/i0.wp.com\/noticiasribeiraopreto.com.br\/wp-content\/uploads\/2025\/06\/nelson-francisco-carreira-filho_2025-05-19_15-09-58.webp.webp?fit=1200%2C674&ssl=1&resize=350%2C200","width":350,"height":200,"srcset":"https:\/\/i0.wp.com\/noticiasribeiraopreto.com.br\/wp-content\/uploads\/2025\/06\/nelson-francisco-carreira-filho_2025-05-19_15-09-58.webp.webp?fit=1200%2C674&ssl=1&resize=350%2C200 1x, https:\/\/i0.wp.com\/noticiasribeiraopreto.com.br\/wp-content\/uploads\/2025\/06\/nelson-francisco-carreira-filho_2025-05-19_15-09-58.webp.webp?fit=1200%2C674&ssl=1&resize=525%2C300 1.5x, https:\/\/i0.wp.com\/noticiasribeiraopreto.com.br\/wp-content\/uploads\/2025\/06\/nelson-francisco-carreira-filho_2025-05-19_15-09-58.webp.webp?fit=1200%2C674&ssl=1&resize=700%2C400 2x, https:\/\/i0.wp.com\/noticiasribeiraopreto.com.br\/wp-content\/uploads\/2025\/06\/nelson-francisco-carreira-filho_2025-05-19_15-09-58.webp.webp?fit=1200%2C674&ssl=1&resize=1050%2C600 3x"},"classes":[]},{"id":73344,"url":"https:\/\/noticiasribeiraopreto.com.br\/index.php\/2025\/06\/30\/caso-nelson-justica-libera-suspeita-de-participacao-no-sumico-de-empresario\/","url_meta":{"origin":70636,"position":3},"title":"Caso Nelson: Justi\u00e7a libera suspeita de participa\u00e7\u00e3o no sumi\u00e7o de empres\u00e1rio","author":"noticiasribeiraopreto.com.br","date":"30 de June de 2025","format":false,"excerpt":"A Justi\u00e7a concedeu liberdade a Marcela Silva de Almeida, suspeita de participa\u00e7\u00e3o no desaparecimento do empres\u00e1rio Nelson Carreira Filho, de 44 anos, ap\u00f3s uma reuni\u00e3o de neg\u00f3cios em Cravinhos, cidade na regi\u00e3o de Ribeir\u00e3o Preto, no dia 16 de maio. >>>FIQUE POR DENTRO: Clique aqui e confira a cobertura do\u2026","rel":"","context":"In &quot;Not\u00edcias de Ribeir\u00e3o Preto-SP e Regi\u00e3o&quot;","block_context":{"text":"Not\u00edcias de Ribeir\u00e3o Preto-SP e Regi\u00e3o","link":"https:\/\/noticiasribeiraopreto.com.br\/index.php\/category\/noticias-de-ribeirao-preto-sp-e-regiao-ismael-colosi\/"},"img":{"alt_text":"","src":"https:\/\/i0.wp.com\/noticiasribeiraopreto.com.br\/wp-content\/uploads\/2025\/06\/Copia-de-Copia-de-Copia-de-TAMANHO-EXATO-PARA-FOTOS-NO-SISTEMA-NOVO-2025-06-30T125240.746_2025-06-30_15-52-51.webp.webp?fit=1200%2C675&ssl=1&resize=350%2C200","width":350,"height":200,"srcset":"https:\/\/i0.wp.com\/noticiasribeiraopreto.com.br\/wp-content\/uploads\/2025\/06\/Copia-de-Copia-de-Copia-de-TAMANHO-EXATO-PARA-FOTOS-NO-SISTEMA-NOVO-2025-06-30T125240.746_2025-06-30_15-52-51.webp.webp?fit=1200%2C675&ssl=1&resize=350%2C200 1x, https:\/\/i0.wp.com\/noticiasribeiraopreto.com.br\/wp-content\/uploads\/2025\/06\/Copia-de-Copia-de-Copia-de-TAMANHO-EXATO-PARA-FOTOS-NO-SISTEMA-NOVO-2025-06-30T125240.746_2025-06-30_15-52-51.webp.webp?fit=1200%2C675&ssl=1&resize=525%2C300 1.5x, https:\/\/i0.wp.com\/noticiasribeiraopreto.com.br\/wp-content\/uploads\/2025\/06\/Copia-de-Copia-de-Copia-de-TAMANHO-EXATO-PARA-FOTOS-NO-SISTEMA-NOVO-2025-06-30T125240.746_2025-06-30_15-52-51.webp.webp?fit=1200%2C675&ssl=1&resize=700%2C400 2x, https:\/\/i0.wp.com\/noticiasribeiraopreto.com.br\/wp-content\/uploads\/2025\/06\/Copia-de-Copia-de-Copia-de-TAMANHO-EXATO-PARA-FOTOS-NO-SISTEMA-NOVO-2025-06-30T125240.746_2025-06-30_15-52-51.webp.webp?fit=1200%2C675&ssl=1&resize=1050%2C600 3x"},"classes":[]},{"id":70607,"url":"https:\/\/noticiasribeiraopreto.com.br\/index.php\/2025\/05\/28\/caso-nelson-pericia-encontra-sangue-na-empresa-em-cravinhos\/","url_meta":{"origin":70636,"position":4},"title":"Caso Nelson: per\u00edcia encontra sangue na empresa em Cravinhos","author":"noticiasribeiraopreto.com.br","date":"28 de May de 2025","format":false,"excerpt":"Por: Adalberto Luque O delegado Seccional de Ribeir\u00e3o Preto, Sebasti\u00e3o Vicente Picinato, disse n\u00e3o ter d\u00favidas de que o empres\u00e1rio Nelson Francisco Carreira Filho, de 44 anos, foi morto na empresa onde ele costumava participar de reuni\u00f5es de neg\u00f3cios semanais. A pedido da Pol\u00edcia Civil, o Instituto de Criminal\u00edstica esteve\u2026","rel":"","context":"In &quot;Not\u00edcias de Ribeir\u00e3o Preto-SP e Regi\u00e3o&quot;","block_context":{"text":"Not\u00edcias de Ribeir\u00e3o Preto-SP e Regi\u00e3o","link":"https:\/\/noticiasribeiraopreto.com.br\/index.php\/category\/noticias-de-ribeirao-preto-sp-e-regiao-ismael-colosi\/"},"img":{"alt_text":"","src":"https:\/\/i0.wp.com\/noticiasribeiraopreto.com.br\/wp-content\/uploads\/2025\/05\/1748441763_nelson_marlon_tadeu-e1748419874671.jpeg?fit=800%2C450&ssl=1&resize=350%2C200","width":350,"height":200,"srcset":"https:\/\/i0.wp.com\/noticiasribeiraopreto.com.br\/wp-content\/uploads\/2025\/05\/1748441763_nelson_marlon_tadeu-e1748419874671.jpeg?fit=800%2C450&ssl=1&resize=350%2C200 1x, https:\/\/i0.wp.com\/noticiasribeiraopreto.com.br\/wp-content\/uploads\/2025\/05\/1748441763_nelson_marlon_tadeu-e1748419874671.jpeg?fit=800%2C450&ssl=1&resize=525%2C300 1.5x, https:\/\/i0.wp.com\/noticiasribeiraopreto.com.br\/wp-content\/uploads\/2025\/05\/1748441763_nelson_marlon_tadeu-e1748419874671.jpeg?fit=800%2C450&ssl=1&resize=700%2C400 2x"},"classes":[]},{"id":70731,"url":"https:\/\/noticiasribeiraopreto.com.br\/index.php\/2025\/05\/29\/advogado-deixa-defesa-de-suspeito-no-caso-da-morte-de-empresario-em-cravinhos\/","url_meta":{"origin":70636,"position":5},"title":"Advogado deixa defesa de suspeito no caso da morte de empres\u00e1rio em Cravinhos","author":"noticiasribeiraopreto.com.br","date":"29 de May de 2025","format":false,"excerpt":"O advogado Renato Sav\u00e9rio deixou nesta quinta-feira (29) a defesa de um dos suspeitos de envolvimento na morte do empres\u00e1rio Nelson Francisco Carreira Filho, que desapareceu no dia 16 de maio ap\u00f3s uma reuni\u00e3o em Cravinhos. Sav\u00e9rio vinha atuando como advogado de Tadeu Almeida Silva, que est\u00e1 com pris\u00e3o tempor\u00e1ria\u2026","rel":"","context":"In &quot;Not\u00edcias de Ribeir\u00e3o Preto-SP e Regi\u00e3o&quot;","block_context":{"text":"Not\u00edcias de Ribeir\u00e3o Preto-SP e Regi\u00e3o","link":"https:\/\/noticiasribeiraopreto.com.br\/index.php\/category\/noticias-de-ribeirao-preto-sp-e-regiao-ismael-colosi\/"},"img":{"alt_text":"","src":"https:\/\/i0.wp.com\/noticiasribeiraopreto.com.br\/wp-content\/uploads\/2025\/05\/RENATO_2025-05-29_14-40-52.webp.webp?fit=1200%2C654&ssl=1&resize=350%2C200","width":350,"height":200,"srcset":"https:\/\/i0.wp.com\/noticiasribeiraopreto.com.br\/wp-content\/uploads\/2025\/05\/RENATO_2025-05-29_14-40-52.webp.webp?fit=1200%2C654&ssl=1&resize=350%2C200 1x, https:\/\/i0.wp.com\/noticiasribeiraopreto.com.br\/wp-content\/uploads\/2025\/05\/RENATO_2025-05-29_14-40-52.webp.webp?fit=1200%2C654&ssl=1&resize=525%2C300 1.5x, https:\/\/i0.wp.com\/noticiasribeiraopreto.com.br\/wp-content\/uploads\/2025\/05\/RENATO_2025-05-29_14-40-52.webp.webp?fit=1200%2C654&ssl=1&resize=700%2C400 2x, https:\/\/i0.wp.com\/noticiasribeiraopreto.com.br\/wp-content\/uploads\/2025\/05\/RENATO_2025-05-29_14-40-52.webp.webp?fit=1200%2C654&ssl=1&resize=1050%2C600 3x"},"classes":[]}],"jetpack_sharing_enabled":true,"jetpack_shortlink":"https:\/\/wp.me\/peQAOb-ini","_links":{"self":[{"href":"https:\/\/noticiasribeiraopreto.com.br\/index.php\/wp-json\/wp\/v2\/posts\/70636","targetHints":{"allow":["GET"]}}],"collection":[{"href":"https:\/\/noticiasribeiraopreto.com.br\/index.php\/wp-json\/wp\/v2\/posts"}],"about":[{"href":"https:\/\/noticiasribeiraopreto.com.br\/index.php\/wp-json\/wp\/v2\/types\/post"}],"author":[{"embeddable":true,"href":"https:\/\/noticiasribeiraopreto.com.br\/index.php\/wp-json\/wp\/v2\/users\/1"}],"replies":[{"embeddable":true,"href":"https:\/\/noticiasribeiraopreto.com.br\/index.php\/wp-json\/wp\/v2\/comments?post=70636"}],"version-history":[{"count":0,"href":"https:\/\/noticiasribeiraopreto.com.br\/index.php\/wp-json\/wp\/v2\/posts\/70636\/revisions"}],"wp:featuredmedia":[{"embeddable":true,"href":"https:\/\/noticiasribeiraopreto.com.br\/index.php\/wp-json\/wp\/v2\/media\/70637"}],"wp:attachment":[{"href":"https:\/\/noticiasribeiraopreto.com.br\/index.php\/wp-json\/wp\/v2\/media?parent=70636"}],"wp:term":[{"taxonomy":"category","embeddable":true,"href":"https:\/\/noticiasribeiraopreto.com.br\/index.php\/wp-json\/wp\/v2\/categories?post=70636"},{"taxonomy":"post_tag","embeddable":true,"href":"https:\/\/noticiasribeiraopreto.com.br\/index.php\/wp-json\/wp\/v2\/tags?post=70636"}],"curies":[{"name":"wp","href":"https:\/\/api.w.org\/{rel}","templated":true}]}}