{"id":70666,"date":"2025-05-28T18:15:41","date_gmt":"2025-05-28T21:15:41","guid":{"rendered":"https:\/\/noticiasribeiraopreto.com.br\/index.php\/2025\/05\/28\/cdhu-procura-empresas-para-construcao-de-200-moradias-em-ribeirao-preto-2\/"},"modified":"2025-05-28T18:15:41","modified_gmt":"2025-05-28T21:15:41","slug":"cdhu-procura-empresas-para-construcao-de-200-moradias-em-ribeirao-preto-2","status":"publish","type":"post","link":"https:\/\/noticiasribeiraopreto.com.br\/index.php\/2025\/05\/28\/cdhu-procura-empresas-para-construcao-de-200-moradias-em-ribeirao-preto-2\/","title":{"rendered":"CDHU procura empresas para constru\u00e7\u00e3o de 200 moradias em Ribeir\u00e3o Preto"},"content":{"rendered":"<p> <br \/>\n<\/p>\n<div data-td-block-uid=\"tdi_95\">\n<div class=\"tdb-block-inner td-fix-index\">\n<p>A<a href=\"https:\/\/www.cdhu.sp.gov.br\/\"> <strong>CDHU (Companhia de Desenvolvimento Habitacional e Urbano)<\/strong><\/a> publicou na ter\u00e7a-feira (27) um chamamento para contrata\u00e7\u00e3o de empresas para constru\u00e7\u00e3o de 200 moradias em<strong> Ribeir\u00e3o Preto<\/strong>. Al\u00e9m de <strong>Ribeir\u00e3o Preto<\/strong>, ser\u00e3o constru\u00eddas unidades habitacionais em <strong>Sert\u00e3ozinho<\/strong> (200),<strong> S\u00e3o Sim\u00e3o<\/strong> (100), <strong>Monte Alto<\/strong> (50), <strong>Franca<\/strong> (150) e<strong> Barretos<\/strong> (230).<\/p>\n<p>As propostas dever\u00e3o ser apresentadas pelos interessados no site da <strong>CDHU<\/strong> <a href=\"https:\/\/www.cdhu.sp.gov.br\/\">(clique aqui)<\/a> entre 28 de maio e 18 de junho de 2025.<\/p>\n<h2 class=\"wp-block-heading\"><strong>Carta de cr\u00e9dito<\/strong><\/h2>\n<p>A companhia informou que essas moradias ser\u00e3o comercializadas na modalidade de CCA (Carta de Cr\u00e9dito Associativo). O edital ter\u00e1 vig\u00eancia de cinco anos, contados a partir da publica\u00e7\u00e3o.<\/p>\n<p>Nesta modalidade, a CDHU concede financiamento a fam\u00edlias com renda de at\u00e9 cinco sal\u00e1rios m\u00ednimos. Al\u00e9m disso, h\u00e1 prefer\u00eancia para quem vive em \u00e1reas de risco, benefici\u00e1rias do aux\u00edlio moradia ou inscritas em editais p\u00fablicos da companhia.<\/p>\n<p>Os im\u00f3veis s\u00e3o financiados de acordo com os crit\u00e9rios da CDHU e das diretrizes da Pol\u00edtica Habitacional do Estado, com o pagamento das parcelas mensais do financiamento de at\u00e9 30 anos.<\/p>\n<p>As propostas dever\u00e3o considerar empreendimentos conclu\u00eddos, ou seja, com Habite-se ou Termo de Verifica\u00e7\u00e3o de Obras, em obras, ou ao menos com projetos aprovados, incluindo a expedi\u00e7\u00e3o de licen\u00e7as e alvar\u00e1s. As unidades habitacionais ter\u00e3o como valor m\u00e1ximo R$ 210 mil, enquanto o teto para lotes \u00e9 de R$ 60 mil.<\/p>\n<p>SAIBA MAIS<br \/>Seis bairros t\u00eam alerta de falta d\u2019\u00e1gua na zona Leste de Ribeir\u00e3o Preto; Veja lista<\/p>\n<h2 class=\"wp-block-heading\"><strong>FIQUE ON<\/strong><\/h2>\n<p>Fique ligado em tudo que acontece em Ribeir\u00e3o Preto e regi\u00e3o. Siga os perfis do<strong>\u00a0acidade on<\/strong>\u00a0no<a href=\"https:\/\/www.instagram.com\/acidadeonribeirao\">\u00a0Instagram\u00a0<\/a>e no\u00a0<a href=\"https:\/\/www.facebook.com\/acidadeonribeirao\/\">Facebook.<\/a><\/p>\n<p>Receba not\u00edcias do\u00a0<strong>acidade on<\/strong>\u00a0no WhatsApp.\u00a0<a href=\"https:\/\/chat.whatsapp.com\/BjKQZ9oJwlz8VVT50NuePq\">Para entrar no grupo, basta clicar aqui.<\/a><\/p>\n<p>Fa\u00e7a uma den\u00fancia ou sugira uma reportagem sobre Ribeir\u00e3o Preto e regi\u00e3o pelo WhatsApp: 16 99117 7802.<\/p>\n<p>VEJA TAMB\u00c9M<br \/>Como se inscrever no concurso do TJ PR?<\/p>\n<p><!-- CONTENT END 1 -->\n<\/div>\n<\/div>\n<p><script async src=\"\/\/www.instagram.com\/embed.js\"><\/script><br \/>\n<br \/><br \/>\n<br \/><a href=\"https:\/\/www.acidadeon.com\/ribeiraopreto\/economia\/cdhu-procura-empresas-para-construcao-de-200-moradias-em-ribeirao-preto\/\">Source link <\/a><\/p>\n","protected":false},"excerpt":{"rendered":"<p>A CDHU (Companhia de Desenvolvimento Habitacional e Urbano) publicou na ter\u00e7a-feira (27) um chamamento para contrata\u00e7\u00e3o de empresas para constru\u00e7\u00e3o de 200 moradias em Ribeir\u00e3o&#8230;<\/p>\n","protected":false},"author":1,"featured_media":60660,"comment_status":"open","ping_status":"open","sticky":false,"template":"","format":"standard","meta":{"advanced_seo_description":"","jetpack_seo_html_title":"","jetpack_seo_noindex":false,"jetpack_post_was_ever_published":false,"_jetpack_newsletter_access":"","_jetpack_dont_email_post_to_subs":false,"_jetpack_newsletter_tier_id":0,"_jetpack_memberships_contains_paywalled_content":false,"_jetpack_memberships_contains_paid_content":false,"footnotes":"","jetpack_publicize_message":"","jetpack_publicize_feature_enabled":true,"jetpack_social_post_already_shared":true,"jetpack_social_options":{"image_generator_settings":{"template":"highway","default_image_id":0,"font":"","enabled":false},"version":2}},"categories":[11],"tags":[],"class_list":["post-70666","post","type-post","status-publish","format-standard","has-post-thumbnail","hentry","category-noticias-de-ribeirao-preto-sp-e-regiao-ismael-colosi"],"jetpack_publicize_connections":[],"jetpack_featured_media_url":"https:\/\/i0.wp.com\/noticiasribeiraopreto.com.br\/wp-content\/uploads\/2024\/11\/casa-popular_2024-11-21_14-33-25_jpg_2024-11-21_14-33-25.webp.webp?fit=743%2C494&ssl=1","jetpack-related-posts":[{"id":70640,"url":"https:\/\/noticiasribeiraopreto.com.br\/index.php\/2025\/05\/28\/cdhu-procura-empresas-para-construcao-de-200-moradias-em-ribeirao-preto\/","url_meta":{"origin":70666,"position":0},"title":"CDHU procura empresas para constru\u00e7\u00e3o de 200 moradias em Ribeir\u00e3o Preto","author":"noticiasribeiraopreto.com.br","date":"28 de May de 2025","format":false,"excerpt":"A CDHU (Companhia de Desenvolvimento Habitacional e Urbano) publicou na ter\u00e7a-feira (27) um chamamento para contrata\u00e7\u00e3o de empresas para constru\u00e7\u00e3o de 200 moradias em Ribeir\u00e3o Preto. Al\u00e9m de Ribeir\u00e3o Preto, ser\u00e3o constru\u00eddas unidades habitacionais em Sert\u00e3ozinho (200), S\u00e3o Sim\u00e3o (100), Monte Alto (50), Franca (150) e Barretos (230). As propostas\u2026","rel":"","context":"In &quot;Not\u00edcias de Ribeir\u00e3o Preto-SP e Regi\u00e3o&quot;","block_context":{"text":"Not\u00edcias de Ribeir\u00e3o Preto-SP e Regi\u00e3o","link":"https:\/\/noticiasribeiraopreto.com.br\/index.php\/category\/noticias-de-ribeirao-preto-sp-e-regiao-ismael-colosi\/"},"img":{"alt_text":"","src":"https:\/\/i0.wp.com\/noticiasribeiraopreto.com.br\/wp-content\/uploads\/2024\/11\/casa-popular_2024-11-21_14-33-25_jpg_2024-11-21_14-33-25.webp.webp?fit=743%2C494&ssl=1&resize=350%2C200","width":350,"height":200,"srcset":"https:\/\/i0.wp.com\/noticiasribeiraopreto.com.br\/wp-content\/uploads\/2024\/11\/casa-popular_2024-11-21_14-33-25_jpg_2024-11-21_14-33-25.webp.webp?fit=743%2C494&ssl=1&resize=350%2C200 1x, https:\/\/i0.wp.com\/noticiasribeiraopreto.com.br\/wp-content\/uploads\/2024\/11\/casa-popular_2024-11-21_14-33-25_jpg_2024-11-21_14-33-25.webp.webp?fit=743%2C494&ssl=1&resize=525%2C300 1.5x, https:\/\/i0.wp.com\/noticiasribeiraopreto.com.br\/wp-content\/uploads\/2024\/11\/casa-popular_2024-11-21_14-33-25_jpg_2024-11-21_14-33-25.webp.webp?fit=743%2C494&ssl=1&resize=700%2C400 2x"},"classes":[]},{"id":67486,"url":"https:\/\/noticiasribeiraopreto.com.br\/index.php\/2025\/04\/14\/governo-de-sp-anuncia-835-novas-moradias-populares-em-ribeirao-preto\/","url_meta":{"origin":70666,"position":1},"title":"Governo de SP anuncia 835 novas moradias populares em Ribeir\u00e3o Preto","author":"noticiasribeiraopreto.com.br","date":"14 de April de 2025","format":false,"excerpt":"Ribeir\u00e3o Preto vai receber 835 novas moradias populares por meio do Programa Casa Paulista. O an\u00fancio aconteceu nesta segunda-feira (14), durante cerim\u00f4nia realizada no Pal\u00e1cio dos Bandeirantes, na capital paulista. De acordo com a Prefeitura de Ribeir\u00e3o, nove empreendimentos habitacionais foram aprovados, sendo 200 pela CCA (Carta de Cr\u00e9dito Associativa)\u2026","rel":"","context":"In &quot;Not\u00edcias de Ribeir\u00e3o Preto-SP e Regi\u00e3o&quot;","block_context":{"text":"Not\u00edcias de Ribeir\u00e3o Preto-SP e Regi\u00e3o","link":"https:\/\/noticiasribeiraopreto.com.br\/index.php\/category\/noticias-de-ribeirao-preto-sp-e-regiao-ismael-colosi\/"},"img":{"alt_text":"","src":"https:\/\/i0.wp.com\/noticiasribeiraopreto.com.br\/wp-content\/uploads\/2024\/02\/casa-popular.webp.webp?fit=1170%2C700&ssl=1&resize=350%2C200","width":350,"height":200,"srcset":"https:\/\/i0.wp.com\/noticiasribeiraopreto.com.br\/wp-content\/uploads\/2024\/02\/casa-popular.webp.webp?fit=1170%2C700&ssl=1&resize=350%2C200 1x, https:\/\/i0.wp.com\/noticiasribeiraopreto.com.br\/wp-content\/uploads\/2024\/02\/casa-popular.webp.webp?fit=1170%2C700&ssl=1&resize=525%2C300 1.5x, https:\/\/i0.wp.com\/noticiasribeiraopreto.com.br\/wp-content\/uploads\/2024\/02\/casa-popular.webp.webp?fit=1170%2C700&ssl=1&resize=700%2C400 2x, https:\/\/i0.wp.com\/noticiasribeiraopreto.com.br\/wp-content\/uploads\/2024\/02\/casa-popular.webp.webp?fit=1170%2C700&ssl=1&resize=1050%2C600 3x"},"classes":[]},{"id":60659,"url":"https:\/\/noticiasribeiraopreto.com.br\/index.php\/2024\/11\/21\/sp-autoriza-construcao-de-unidades-habitacionais-na-regiao-de-ribeirao-preto\/","url_meta":{"origin":70666,"position":2},"title":"SP autoriza constru\u00e7\u00e3o de unidades habitacionais na regi\u00e3o de Ribeir\u00e3o Preto","author":"noticiasribeiraopreto.com.br","date":"21 de November de 2024","format":false,"excerpt":"O Governo de S\u00e3o Paulo assinou na \u00faltima nesta ter\u00e7a-feira (19) a autoriza\u00e7\u00e3o para que a CDHU (Companhia de Desenvolvimento Habitacional e Urbano) e o Itesp (Funda\u00e7\u00e3o Instituto de Terras do Estado de S\u00e3o Paulo) firmem um conv\u00eanio para constru\u00e7\u00e3o de 49 unidades habitacionais na regi\u00e3o de Ribeir\u00e3o Preto para\u2026","rel":"","context":"In &quot;Not\u00edcias de Ribeir\u00e3o Preto-SP e Regi\u00e3o&quot;","block_context":{"text":"Not\u00edcias de Ribeir\u00e3o Preto-SP e Regi\u00e3o","link":"https:\/\/noticiasribeiraopreto.com.br\/index.php\/category\/noticias-de-ribeirao-preto-sp-e-regiao-ismael-colosi\/"},"img":{"alt_text":"","src":"https:\/\/i0.wp.com\/noticiasribeiraopreto.com.br\/wp-content\/uploads\/2024\/11\/casa-popular_2024-11-21_14-33-25_jpg_2024-11-21_14-33-25.webp.webp?fit=743%2C494&ssl=1&resize=350%2C200","width":350,"height":200,"srcset":"https:\/\/i0.wp.com\/noticiasribeiraopreto.com.br\/wp-content\/uploads\/2024\/11\/casa-popular_2024-11-21_14-33-25_jpg_2024-11-21_14-33-25.webp.webp?fit=743%2C494&ssl=1&resize=350%2C200 1x, https:\/\/i0.wp.com\/noticiasribeiraopreto.com.br\/wp-content\/uploads\/2024\/11\/casa-popular_2024-11-21_14-33-25_jpg_2024-11-21_14-33-25.webp.webp?fit=743%2C494&ssl=1&resize=525%2C300 1.5x, https:\/\/i0.wp.com\/noticiasribeiraopreto.com.br\/wp-content\/uploads\/2024\/11\/casa-popular_2024-11-21_14-33-25_jpg_2024-11-21_14-33-25.webp.webp?fit=743%2C494&ssl=1&resize=700%2C400 2x"},"classes":[]},{"id":64418,"url":"https:\/\/noticiasribeiraopreto.com.br\/index.php\/2025\/03\/07\/governo-de-sao-paulo-aprova-plano-de-cargos-e-preve-concurso-publico-para-a-cdhu\/","url_meta":{"origin":70666,"position":3},"title":"Governo de S\u00e3o Paulo aprova plano de cargos e prev\u00ea concurso p\u00fablico para a CDHU","author":"noticiasribeiraopreto.com.br","date":"7 de March de 2025","format":false,"excerpt":"O Governo de S\u00e3o Paulo aprovou o novo plano de cargos para a Companhia de Desenvolvimento Habitacional e Urbano (CDHU), que vai permitir a abertura de concurso p\u00fablico para 388 novos postos. A medida tem o objetivo de modernizar e dar mais efici\u00eancia ao quadro de funcion\u00e1rios da companhia habitacional\u2026","rel":"","context":"In &quot;Not\u00edcias de Franca-SP&quot;","block_context":{"text":"Not\u00edcias de Franca-SP","link":"https:\/\/noticiasribeiraopreto.com.br\/index.php\/category\/noticias-de-ribeirao-preto-sp-e-regiao-ismael-colosi\/noticias-franca-sp\/"},"img":{"alt_text":"","src":"https:\/\/i0.wp.com\/noticiasribeiraopreto.com.br\/wp-content\/uploads\/2025\/03\/7f71d02b-979a-4487-b567-c849eac7673a.jpeg?fit=1200%2C800&ssl=1&resize=350%2C200","width":350,"height":200,"srcset":"https:\/\/i0.wp.com\/noticiasribeiraopreto.com.br\/wp-content\/uploads\/2025\/03\/7f71d02b-979a-4487-b567-c849eac7673a.jpeg?fit=1200%2C800&ssl=1&resize=350%2C200 1x, https:\/\/i0.wp.com\/noticiasribeiraopreto.com.br\/wp-content\/uploads\/2025\/03\/7f71d02b-979a-4487-b567-c849eac7673a.jpeg?fit=1200%2C800&ssl=1&resize=525%2C300 1.5x, https:\/\/i0.wp.com\/noticiasribeiraopreto.com.br\/wp-content\/uploads\/2025\/03\/7f71d02b-979a-4487-b567-c849eac7673a.jpeg?fit=1200%2C800&ssl=1&resize=700%2C400 2x, https:\/\/i0.wp.com\/noticiasribeiraopreto.com.br\/wp-content\/uploads\/2025\/03\/7f71d02b-979a-4487-b567-c849eac7673a.jpeg?fit=1200%2C800&ssl=1&resize=1050%2C600 3x"},"classes":[]},{"id":77363,"url":"https:\/\/noticiasribeiraopreto.com.br\/index.php\/2025\/09\/16\/governo-de-sp-anuncia-investimento-de-r-45-milhoes-em-habitacao-na-regiao-de-ribeirao\/","url_meta":{"origin":70666,"position":4},"title":"Governo de SP anuncia investimento de R$ 45 milh\u00f5es em habita\u00e7\u00e3o na regi\u00e3o de Ribeir\u00e3o","author":"noticiasribeiraopreto.com.br","date":"16 de September de 2025","format":false,"excerpt":"O Governo do Estado de S\u00e3o Paulo autorizou, nesta ter\u00e7a-feira (16), o in\u00edcio das obras de 251 unidades habitacionais da CDHU e a libera\u00e7\u00e3o de 66 Cartas de Cr\u00e9dito Imobili\u00e1rio (CCI) para fam\u00edlias com renda de at\u00e9 tr\u00eas sal\u00e1rios m\u00ednimos na regi\u00e3o de Ribeir\u00e3o Preto. O investimento total \u00e9 de\u2026","rel":"","context":"In &quot;Not\u00edcias de Ribeir\u00e3o Preto-SP e Regi\u00e3o&quot;","block_context":{"text":"Not\u00edcias de Ribeir\u00e3o Preto-SP e Regi\u00e3o","link":"https:\/\/noticiasribeiraopreto.com.br\/index.php\/category\/noticias-de-ribeirao-preto-sp-e-regiao-ismael-colosi\/"},"img":{"alt_text":"","src":"https:\/\/i0.wp.com\/noticiasribeiraopreto.com.br\/wp-content\/uploads\/2025\/09\/WhatsApp-Image-2025-09-16-at-16.37.51-1024x683-1_2025-09-16_23-31-17.webp.webp?fit=1024%2C683&ssl=1&resize=350%2C200","width":350,"height":200,"srcset":"https:\/\/i0.wp.com\/noticiasribeiraopreto.com.br\/wp-content\/uploads\/2025\/09\/WhatsApp-Image-2025-09-16-at-16.37.51-1024x683-1_2025-09-16_23-31-17.webp.webp?fit=1024%2C683&ssl=1&resize=350%2C200 1x, https:\/\/i0.wp.com\/noticiasribeiraopreto.com.br\/wp-content\/uploads\/2025\/09\/WhatsApp-Image-2025-09-16-at-16.37.51-1024x683-1_2025-09-16_23-31-17.webp.webp?fit=1024%2C683&ssl=1&resize=525%2C300 1.5x, https:\/\/i0.wp.com\/noticiasribeiraopreto.com.br\/wp-content\/uploads\/2025\/09\/WhatsApp-Image-2025-09-16-at-16.37.51-1024x683-1_2025-09-16_23-31-17.webp.webp?fit=1024%2C683&ssl=1&resize=700%2C400 2x"},"classes":[]},{"id":66192,"url":"https:\/\/noticiasribeiraopreto.com.br\/index.php\/2025\/03\/28\/casas-construidas-por-impressoras-3d-sao-entregues-na-regiao-de-ribeirao-preto\/","url_meta":{"origin":70666,"position":5},"title":"Casas constru\u00eddas por impressoras 3D s\u00e3o entregues na regi\u00e3o de\u00a0Ribeir\u00e3o\u00a0Preto","author":"noticiasribeiraopreto.com.br","date":"28 de March de 2025","format":false,"excerpt":"Na quarta-feira (26), oito fam\u00edlias do assentamento M\u00e1rio Covas, em S\u00e3o Sim\u00e3o, na regi\u00e3o de Ribeir\u00e3o Preto, receberam as chaves de novas casas constru\u00eddas com a tecnologia de impress\u00e3o 3D. As novas casas utilizam tecnologias industriais modulares offsite, que t\u00eam como objetivo otimizar o tempo de constru\u00e7\u00e3o e reduzir custos.\u2026","rel":"","context":"In &quot;Not\u00edcias de Ribeir\u00e3o Preto-SP e Regi\u00e3o&quot;","block_context":{"text":"Not\u00edcias de Ribeir\u00e3o Preto-SP e Regi\u00e3o","link":"https:\/\/noticiasribeiraopreto.com.br\/index.php\/category\/noticias-de-ribeirao-preto-sp-e-regiao-ismael-colosi\/"},"img":{"alt_text":"","src":"https:\/\/i0.wp.com\/noticiasribeiraopreto.com.br\/wp-content\/uploads\/2025\/03\/54412168308_3843ebed6b_k-1024x683-1_2025-03-28_20-57-48_jpg_2025-03-28_20-57-48.webp.webp?fit=1024%2C683&ssl=1&resize=350%2C200","width":350,"height":200,"srcset":"https:\/\/i0.wp.com\/noticiasribeiraopreto.com.br\/wp-content\/uploads\/2025\/03\/54412168308_3843ebed6b_k-1024x683-1_2025-03-28_20-57-48_jpg_2025-03-28_20-57-48.webp.webp?fit=1024%2C683&ssl=1&resize=350%2C200 1x, https:\/\/i0.wp.com\/noticiasribeiraopreto.com.br\/wp-content\/uploads\/2025\/03\/54412168308_3843ebed6b_k-1024x683-1_2025-03-28_20-57-48_jpg_2025-03-28_20-57-48.webp.webp?fit=1024%2C683&ssl=1&resize=525%2C300 1.5x, https:\/\/i0.wp.com\/noticiasribeiraopreto.com.br\/wp-content\/uploads\/2025\/03\/54412168308_3843ebed6b_k-1024x683-1_2025-03-28_20-57-48_jpg_2025-03-28_20-57-48.webp.webp?fit=1024%2C683&ssl=1&resize=700%2C400 2x"},"classes":[]}],"jetpack_sharing_enabled":true,"jetpack_shortlink":"https:\/\/wp.me\/peQAOb-inM","_links":{"self":[{"href":"https:\/\/noticiasribeiraopreto.com.br\/index.php\/wp-json\/wp\/v2\/posts\/70666","targetHints":{"allow":["GET"]}}],"collection":[{"href":"https:\/\/noticiasribeiraopreto.com.br\/index.php\/wp-json\/wp\/v2\/posts"}],"about":[{"href":"https:\/\/noticiasribeiraopreto.com.br\/index.php\/wp-json\/wp\/v2\/types\/post"}],"author":[{"embeddable":true,"href":"https:\/\/noticiasribeiraopreto.com.br\/index.php\/wp-json\/wp\/v2\/users\/1"}],"replies":[{"embeddable":true,"href":"https:\/\/noticiasribeiraopreto.com.br\/index.php\/wp-json\/wp\/v2\/comments?post=70666"}],"version-history":[{"count":0,"href":"https:\/\/noticiasribeiraopreto.com.br\/index.php\/wp-json\/wp\/v2\/posts\/70666\/revisions"}],"wp:featuredmedia":[{"embeddable":true,"href":"https:\/\/noticiasribeiraopreto.com.br\/index.php\/wp-json\/wp\/v2\/media\/60660"}],"wp:attachment":[{"href":"https:\/\/noticiasribeiraopreto.com.br\/index.php\/wp-json\/wp\/v2\/media?parent=70666"}],"wp:term":[{"taxonomy":"category","embeddable":true,"href":"https:\/\/noticiasribeiraopreto.com.br\/index.php\/wp-json\/wp\/v2\/categories?post=70666"},{"taxonomy":"post_tag","embeddable":true,"href":"https:\/\/noticiasribeiraopreto.com.br\/index.php\/wp-json\/wp\/v2\/tags?post=70666"}],"curies":[{"name":"wp","href":"https:\/\/api.w.org\/{rel}","templated":true}]}}