{"id":70669,"date":"2025-05-28T18:56:32","date_gmt":"2025-05-28T21:56:32","guid":{"rendered":"https:\/\/noticiasribeiraopreto.com.br\/index.php\/2025\/05\/28\/uso-indevido-de-marca-como-suspeita-do-crime\/"},"modified":"2025-05-28T18:56:32","modified_gmt":"2025-05-28T21:56:32","slug":"uso-indevido-de-marca-como-suspeita-do-crime","status":"publish","type":"post","link":"https:\/\/noticiasribeiraopreto.com.br\/index.php\/2025\/05\/28\/uso-indevido-de-marca-como-suspeita-do-crime\/","title":{"rendered":"Uso indevido de marca como suspeita do crime"},"content":{"rendered":"<div class='code-block code-block-1' style='margin: 8px 0 8px auto; text-align: right; display: block; clear: both;'>\n<p><a href=\"https:\/\/wa.link\/vpicfd\"><img data-recalc-dims=\"1\" class=\"wp-image-4922\" style=\"aspect-ratio: 2.0253164556962027; width: 561px; height: auto;\" src=\"https:\/\/i0.wp.com\/ismaelcolosi.com.br\/wp-content\/uploads\/2023\/11\/grupo-de-empregos-whatsapp-e-facebook-ismael-colosi-vagas.jpg?ssl=1\" alt=\"\" \/><\/a><\/p>\n<!-- \/wp:image -->\n<\/div>\n<p> <br \/>\n<\/p>\n<div>\n<p>O desaparecimento do empres\u00e1rio Nelson Francisco Carreira Filho, de 58 anos, est\u00e1 ligado a uma disputa comercial envolvendo uso indevido de marca. \u00c9 o que revela o depoimento de um dos suspeitos, Tadeu Almeida Silva, \u00e0 Pol\u00edcia Civil. Segundo ele, Nelson foi assassinado por Marlon Couto, seu parceiro de neg\u00f3cios, ap\u00f3s exigir valores que chegariam a R$ 100 mil mensais para n\u00e3o derrubar um site que usava sua marca sem autoriza\u00e7\u00e3o.<\/p>\n<p>O crime teria ocorrido em Cravinhos (SP), no dia 16 de maio, durante uma reuni\u00e3o de neg\u00f3cios. O corpo de Nelson ainda n\u00e3o foi encontrado.<\/p>\n<p>De acordo com a investiga\u00e7\u00e3o, Marlon Couto administrava um site de vendas de suplementos que utilizava a marca \u201cBariatric Gold\u201d, registrada por Nelson. Pressionado pelo empres\u00e1rio, que exigia uma compensa\u00e7\u00e3o financeira, Marlon teria reagido de forma violenta.<\/p>\n<p>Tadeu afirmou \u00e0 pol\u00edcia que presenciou o homic\u00eddio e ajudou a ocultar o corpo. Ele tamb\u00e9m dirigiu o carro da v\u00edtima at\u00e9 S\u00e3o Paulo, onde o ve\u00edculo foi abandonado na zona norte da capital. Marcela Silva de Almeida, esposa de Marlon, tamb\u00e9m \u00e9 investigada. Segundo a pol\u00edcia, ela participou da log\u00edstica ap\u00f3s o crime, inclusive se encontrando com a esposa de Nelson sob o pretexto de oferecer apoio durante o desaparecimento.<\/p>\n<p>O trio est\u00e1 com pris\u00e3o tempor\u00e1ria decretada por 30 dias, mas at\u00e9 a \u00faltima atualiza\u00e7\u00e3o desta reportagem, seguem foragidos.<\/p>\n<p>Vest\u00edgios e per\u00edcia<\/p>\n<p>Peritos encontraram vest\u00edgios de sangue no im\u00f3vel onde a reuni\u00e3o aconteceu, o que refor\u00e7a a tese de que o empres\u00e1rio foi morto no local.<\/p>\n<p>Linha do tempo do desaparecimento<\/p>\n<p>Nelson saiu de S\u00e3o Paulo na manh\u00e3 de 16 de maio rumo a Cravinhos para uma reuni\u00e3o que se encerrou \u00e0s 14h20. Sua esposa relatou que o \u00faltimo contato com ele foi \u00e0s 12h57. A partir da\u00ed, ele n\u00e3o respondeu mais \u00e0s mensagens.<\/p>\n<p>O carro da v\u00edtima foi flagrado em ped\u00e1gios no interior e depois circulando pela avenida Engenheiro Caetano \u00c1lvares, na zona norte de S\u00e3o Paulo, na mesma noite. Imagens de c\u00e2meras de seguran\u00e7a mostram o ve\u00edculo, mas os vidros escuros impedem a identifica\u00e7\u00e3o do motorista.<\/p>\n<p>Na manh\u00e3 seguinte, o carro foi localizado abandonado na rua Clara de Oliveira, sem sinais de arrombamento ou furto.<\/p>\n<p>O que dizem as defesas<\/p>\n<p>O advogado de Tadeu, Rodrigo Sav\u00e9rio, confirmou que seu cliente presenciou o assassinato, ajudou na oculta\u00e7\u00e3o do corpo e abandonou o carro da v\u00edtima em S\u00e3o Paulo. Tadeu, segundo ele, \u00e9 quem aparece nas imagens de seguran\u00e7a usando um bon\u00e9 que pertencia a Nelson.<\/p>\n<p>O advogado de Marlon, Nathan Castelo Branco, afirma que seu cliente est\u00e1 viajando a trabalho, mas que pretende se apresentar \u00e0 pol\u00edcia para prestar esclarecimentos.<\/p>\n<p>A defesa de Marcela n\u00e3o foi localizada, caso isso aconte\u00e7a, o espa\u00e7o est\u00e1 reservado para tal manifesta\u00e7\u00e3o.<\/p>\n<p>A Pol\u00edcia Civil segue com as buscas para localizar os suspeitos e encontrar o corpo do empres\u00e1rio.<\/p>\n<p>\u2014<\/p>\n<p>Jornal Tribuna Ribeir\u00e3o<\/p>\n<p>Um Jornal com a cara de Ribeir\u00e3o!<\/p>\n<p>\u00a0<\/p>\n<p>Impresso | WEB | Redes sociais<\/p>\n<p>Tribuna Ribeir\u00e3o \u2013 Fone: (16) 3632-2200 \u2013 Whatsapp: (16) 98161-8743<\/p>\n<p>Av. Bar\u00e3o do Bananal, 880 \u2013 Jardim Anhanguera, Ribeir\u00e3o Preto<\/p>\n<p>\u00a0<\/p>\n<p>@tribunaribeirao @meiaderibeirao @dinoderibeirao<\/p>\n<p>\u00a0<\/p>\n<p>#TribunaRibeir\u00e3o #News #Not\u00edcia #Ribeir\u00e3oPreto #Not\u00edciasDeRibeir\u00e3oPreto<\/p>\n<p>#ClassificadosTribunaRibeir\u00e3o #Jornalismo #ClassificadosRibeir\u00e3o<\/p>\n<p>\u00a0<\/p>\n<\/div>\n<p><br \/>\n<br \/><a href=\"https:\/\/www.tribunaribeirao.com.br\/uso-indevido-de-marca-como-suspeita-do-crime\/\">Source link <\/a><\/p>\n<!-- CONTENT END 1 -->\n","protected":false},"excerpt":{"rendered":"<p>O desaparecimento do empres\u00e1rio Nelson Francisco Carreira Filho, de 58 anos, est\u00e1 ligado a uma disputa comercial envolvendo uso indevido de marca. \u00c9 o que&#8230;<\/p>\n","protected":false},"author":1,"featured_media":70670,"comment_status":"open","ping_status":"open","sticky":false,"template":"","format":"standard","meta":{"advanced_seo_description":"","jetpack_seo_html_title":"","jetpack_seo_noindex":false,"jetpack_post_was_ever_published":false,"_jetpack_newsletter_access":"","_jetpack_dont_email_post_to_subs":false,"_jetpack_newsletter_tier_id":0,"_jetpack_memberships_contains_paywalled_content":false,"_jetpack_memberships_contains_paid_content":false,"footnotes":"","jetpack_publicize_message":"","jetpack_publicize_feature_enabled":true,"jetpack_social_post_already_shared":true,"jetpack_social_options":{"image_generator_settings":{"template":"highway","default_image_id":0,"font":"","enabled":false},"version":2}},"categories":[11],"tags":[],"class_list":["post-70669","post","type-post","status-publish","format-standard","has-post-thumbnail","hentry","category-noticias-de-ribeirao-preto-sp-e-regiao-ismael-colosi"],"jetpack_publicize_connections":[],"jetpack_featured_media_url":"https:\/\/i0.wp.com\/noticiasribeiraopreto.com.br\/wp-content\/uploads\/2025\/05\/nelson_filho-e1748468944547.jpeg?fit=800%2C604&ssl=1","jetpack-related-posts":[{"id":71324,"url":"https:\/\/noticiasribeiraopreto.com.br\/index.php\/2025\/06\/04\/caso-nelson-suspeita-de-envolvimento-na-morte-do-empresario-se-entrega-a-policia\/","url_meta":{"origin":70669,"position":0},"title":"Caso Nelson: suspeita de envolvimento na morte do empres\u00e1rio se entrega \u00e0 pol\u00edcia","author":"noticiasribeiraopreto.com.br","date":"4 de June de 2025","format":false,"excerpt":"Marcela Silva de Almeida, uma das principais suspeitas de envolvimento no assassinato do empres\u00e1rio Nelson Francisco Carreira Filho, apresentou-se na Delegacia de Pol\u00edcia de Cravinhos, na regi\u00e3o de Ribeir\u00e3o Preto, na tarde desta quarta-feira (4). Ela \u00e9 esposa de Marlon Couto \u2014 suspeito confesso e ainda foragido. Segundo as investiga\u00e7\u00f5es\u2026","rel":"","context":"In &quot;Not\u00edcias de Ribeir\u00e3o Preto-SP e Regi\u00e3o&quot;","block_context":{"text":"Not\u00edcias de Ribeir\u00e3o Preto-SP e Regi\u00e3o","link":"https:\/\/noticiasribeiraopreto.com.br\/index.php\/category\/noticias-de-ribeirao-preto-sp-e-regiao-ismael-colosi\/"},"img":{"alt_text":"","src":"https:\/\/i0.wp.com\/noticiasribeiraopreto.com.br\/wp-content\/uploads\/2025\/05\/nelson-francisco-carreira-filho_2025-05-19_15-09-58.webp.webp?fit=1200%2C674&ssl=1&resize=350%2C200","width":350,"height":200,"srcset":"https:\/\/i0.wp.com\/noticiasribeiraopreto.com.br\/wp-content\/uploads\/2025\/05\/nelson-francisco-carreira-filho_2025-05-19_15-09-58.webp.webp?fit=1200%2C674&ssl=1&resize=350%2C200 1x, https:\/\/i0.wp.com\/noticiasribeiraopreto.com.br\/wp-content\/uploads\/2025\/05\/nelson-francisco-carreira-filho_2025-05-19_15-09-58.webp.webp?fit=1200%2C674&ssl=1&resize=525%2C300 1.5x, https:\/\/i0.wp.com\/noticiasribeiraopreto.com.br\/wp-content\/uploads\/2025\/05\/nelson-francisco-carreira-filho_2025-05-19_15-09-58.webp.webp?fit=1200%2C674&ssl=1&resize=700%2C400 2x, https:\/\/i0.wp.com\/noticiasribeiraopreto.com.br\/wp-content\/uploads\/2025\/05\/nelson-francisco-carreira-filho_2025-05-19_15-09-58.webp.webp?fit=1200%2C674&ssl=1&resize=1050%2C600 3x"},"classes":[]},{"id":73344,"url":"https:\/\/noticiasribeiraopreto.com.br\/index.php\/2025\/06\/30\/caso-nelson-justica-libera-suspeita-de-participacao-no-sumico-de-empresario\/","url_meta":{"origin":70669,"position":1},"title":"Caso Nelson: Justi\u00e7a libera suspeita de participa\u00e7\u00e3o no sumi\u00e7o de empres\u00e1rio","author":"noticiasribeiraopreto.com.br","date":"30 de June de 2025","format":false,"excerpt":"A Justi\u00e7a concedeu liberdade a Marcela Silva de Almeida, suspeita de participa\u00e7\u00e3o no desaparecimento do empres\u00e1rio Nelson Carreira Filho, de 44 anos, ap\u00f3s uma reuni\u00e3o de neg\u00f3cios em Cravinhos, cidade na regi\u00e3o de Ribeir\u00e3o Preto, no dia 16 de maio. >>>FIQUE POR DENTRO: Clique aqui e confira a cobertura do\u2026","rel":"","context":"In &quot;Not\u00edcias de Ribeir\u00e3o Preto-SP e Regi\u00e3o&quot;","block_context":{"text":"Not\u00edcias de Ribeir\u00e3o Preto-SP e Regi\u00e3o","link":"https:\/\/noticiasribeiraopreto.com.br\/index.php\/category\/noticias-de-ribeirao-preto-sp-e-regiao-ismael-colosi\/"},"img":{"alt_text":"","src":"https:\/\/i0.wp.com\/noticiasribeiraopreto.com.br\/wp-content\/uploads\/2025\/06\/Copia-de-Copia-de-Copia-de-TAMANHO-EXATO-PARA-FOTOS-NO-SISTEMA-NOVO-2025-06-30T125240.746_2025-06-30_15-52-51.webp.webp?fit=1200%2C675&ssl=1&resize=350%2C200","width":350,"height":200,"srcset":"https:\/\/i0.wp.com\/noticiasribeiraopreto.com.br\/wp-content\/uploads\/2025\/06\/Copia-de-Copia-de-Copia-de-TAMANHO-EXATO-PARA-FOTOS-NO-SISTEMA-NOVO-2025-06-30T125240.746_2025-06-30_15-52-51.webp.webp?fit=1200%2C675&ssl=1&resize=350%2C200 1x, https:\/\/i0.wp.com\/noticiasribeiraopreto.com.br\/wp-content\/uploads\/2025\/06\/Copia-de-Copia-de-Copia-de-TAMANHO-EXATO-PARA-FOTOS-NO-SISTEMA-NOVO-2025-06-30T125240.746_2025-06-30_15-52-51.webp.webp?fit=1200%2C675&ssl=1&resize=525%2C300 1.5x, https:\/\/i0.wp.com\/noticiasribeiraopreto.com.br\/wp-content\/uploads\/2025\/06\/Copia-de-Copia-de-Copia-de-TAMANHO-EXATO-PARA-FOTOS-NO-SISTEMA-NOVO-2025-06-30T125240.746_2025-06-30_15-52-51.webp.webp?fit=1200%2C675&ssl=1&resize=700%2C400 2x, https:\/\/i0.wp.com\/noticiasribeiraopreto.com.br\/wp-content\/uploads\/2025\/06\/Copia-de-Copia-de-Copia-de-TAMANHO-EXATO-PARA-FOTOS-NO-SISTEMA-NOVO-2025-06-30T125240.746_2025-06-30_15-52-51.webp.webp?fit=1200%2C675&ssl=1&resize=1050%2C600 3x"},"classes":[]},{"id":71203,"url":"https:\/\/noticiasribeiraopreto.com.br\/index.php\/2025\/06\/03\/familia-de-empresario-morto-em-cravinhos-revela-conflitos-antes-do-crime\/","url_meta":{"origin":70669,"position":2},"title":"Fam\u00edlia de empres\u00e1rio morto em Cravinhos revela conflitos antes do crime","author":"noticiasribeiraopreto.com.br","date":"3 de June de 2025","format":false,"excerpt":"O irm\u00e3o de Nelson Francisco Carreira Filho, morto no \u00faltimo dia 16 de maio, em uma f\u00e1brica de suplementos em Cravinhos, na regi\u00e3o de Ribeir\u00e3o Preto, disse que o empres\u00e1rio enfrentava problemas nos neg\u00f3cios com Marlon Couto Paula J\u00fanior, que confessou a autoria do crime. Em entrevista \u00e0 EPTV, o\u2026","rel":"","context":"In &quot;Not\u00edcias de Ribeir\u00e3o Preto-SP e Regi\u00e3o&quot;","block_context":{"text":"Not\u00edcias de Ribeir\u00e3o Preto-SP e Regi\u00e3o","link":"https:\/\/noticiasribeiraopreto.com.br\/index.php\/category\/noticias-de-ribeirao-preto-sp-e-regiao-ismael-colosi\/"},"img":{"alt_text":"","src":"https:\/\/i0.wp.com\/noticiasribeiraopreto.com.br\/wp-content\/uploads\/2025\/05\/NELSON_2025-05-28_10-07-47.webp.webp?fit=1200%2C808&ssl=1&resize=350%2C200","width":350,"height":200,"srcset":"https:\/\/i0.wp.com\/noticiasribeiraopreto.com.br\/wp-content\/uploads\/2025\/05\/NELSON_2025-05-28_10-07-47.webp.webp?fit=1200%2C808&ssl=1&resize=350%2C200 1x, https:\/\/i0.wp.com\/noticiasribeiraopreto.com.br\/wp-content\/uploads\/2025\/05\/NELSON_2025-05-28_10-07-47.webp.webp?fit=1200%2C808&ssl=1&resize=525%2C300 1.5x, https:\/\/i0.wp.com\/noticiasribeiraopreto.com.br\/wp-content\/uploads\/2025\/05\/NELSON_2025-05-28_10-07-47.webp.webp?fit=1200%2C808&ssl=1&resize=700%2C400 2x, https:\/\/i0.wp.com\/noticiasribeiraopreto.com.br\/wp-content\/uploads\/2025\/05\/NELSON_2025-05-28_10-07-47.webp.webp?fit=1200%2C808&ssl=1&resize=1050%2C600 3x"},"classes":[]},{"id":70653,"url":"https:\/\/noticiasribeiraopreto.com.br\/index.php\/2025\/05\/28\/suspeito-aponta-possivel-motivo-para-morte-de-empresario-em-cravinhos\/","url_meta":{"origin":70669,"position":3},"title":"Suspeito aponta poss\u00edvel motivo para morte de empres\u00e1rio em Cravinhos","author":"noticiasribeiraopreto.com.br","date":"28 de May de 2025","format":false,"excerpt":"Um dos suspeitos de envolvimento no desaparecimento e morte do empres\u00e1rio Nelson Francisco Carreira Filho disse para pol\u00edcia de Cravinhos o que poderia ter motivado a morte do empres\u00e1rio. Em depoimento na \u00faltima segunda-feira (26), Tadeu Almeida Silva afirmou que uma desaven\u00e7a por conta de uma marca de suplementos teria\u2026","rel":"","context":"In &quot;Not\u00edcias de Ribeir\u00e3o Preto-SP e Regi\u00e3o&quot;","block_context":{"text":"Not\u00edcias de Ribeir\u00e3o Preto-SP e Regi\u00e3o","link":"https:\/\/noticiasribeiraopreto.com.br\/index.php\/category\/noticias-de-ribeirao-preto-sp-e-regiao-ismael-colosi\/"},"img":{"alt_text":"","src":"https:\/\/i0.wp.com\/noticiasribeiraopreto.com.br\/wp-content\/uploads\/2025\/05\/TADEU-E-NELSON_2025-05-27_15-10-03.webp.webp?fit=1200%2C674&ssl=1&resize=350%2C200","width":350,"height":200,"srcset":"https:\/\/i0.wp.com\/noticiasribeiraopreto.com.br\/wp-content\/uploads\/2025\/05\/TADEU-E-NELSON_2025-05-27_15-10-03.webp.webp?fit=1200%2C674&ssl=1&resize=350%2C200 1x, https:\/\/i0.wp.com\/noticiasribeiraopreto.com.br\/wp-content\/uploads\/2025\/05\/TADEU-E-NELSON_2025-05-27_15-10-03.webp.webp?fit=1200%2C674&ssl=1&resize=525%2C300 1.5x, https:\/\/i0.wp.com\/noticiasribeiraopreto.com.br\/wp-content\/uploads\/2025\/05\/TADEU-E-NELSON_2025-05-27_15-10-03.webp.webp?fit=1200%2C674&ssl=1&resize=700%2C400 2x, https:\/\/i0.wp.com\/noticiasribeiraopreto.com.br\/wp-content\/uploads\/2025\/05\/TADEU-E-NELSON_2025-05-27_15-10-03.webp.webp?fit=1200%2C674&ssl=1&resize=1050%2C600 3x"},"classes":[]},{"id":70828,"url":"https:\/\/noticiasribeiraopreto.com.br\/index.php\/2025\/05\/30\/caso-daniel-marlon-e-tadeu-tinham-canal-de-empreendedorismo\/","url_meta":{"origin":70669,"position":4},"title":"Caso Daniel: Marlon e Tadeu tinham canal de empreendedorismo","author":"noticiasribeiraopreto.com.br","date":"30 de May de 2025","format":false,"excerpt":"Por: Adalberto Luque Dois dos investigados pela morte do empres\u00e1rio Nelson Francisco Carreira Filho, 44 anos, tiveram juntos um canal no YouTube dando dicas de empreendedorismo. Marlon Couto Paula J\u00fanior de 26 anos e Tadeu Almeida Silva de 42 anos, criaram o canal h\u00e1 quatro anos. No v\u00eddeo onde a\u2026","rel":"","context":"In &quot;Not\u00edcias de Ribeir\u00e3o Preto-SP e Regi\u00e3o&quot;","block_context":{"text":"Not\u00edcias de Ribeir\u00e3o Preto-SP e Regi\u00e3o","link":"https:\/\/noticiasribeiraopreto.com.br\/index.php\/category\/noticias-de-ribeirao-preto-sp-e-regiao-ismael-colosi\/"},"img":{"alt_text":"","src":"https:\/\/i0.wp.com\/noticiasribeiraopreto.com.br\/wp-content\/uploads\/2025\/05\/1748616814_maxresdefault.jpg?fit=1200%2C675&ssl=1&resize=350%2C200","width":350,"height":200,"srcset":"https:\/\/i0.wp.com\/noticiasribeiraopreto.com.br\/wp-content\/uploads\/2025\/05\/1748616814_maxresdefault.jpg?fit=1200%2C675&ssl=1&resize=350%2C200 1x, https:\/\/i0.wp.com\/noticiasribeiraopreto.com.br\/wp-content\/uploads\/2025\/05\/1748616814_maxresdefault.jpg?fit=1200%2C675&ssl=1&resize=525%2C300 1.5x, https:\/\/i0.wp.com\/noticiasribeiraopreto.com.br\/wp-content\/uploads\/2025\/05\/1748616814_maxresdefault.jpg?fit=1200%2C675&ssl=1&resize=700%2C400 2x, https:\/\/i0.wp.com\/noticiasribeiraopreto.com.br\/wp-content\/uploads\/2025\/05\/1748616814_maxresdefault.jpg?fit=1200%2C675&ssl=1&resize=1050%2C600 3x"},"classes":[]},{"id":70775,"url":"https:\/\/noticiasribeiraopreto.com.br\/index.php\/2025\/05\/29\/suspeito-de-envolvimento-na-morte-de-empresario-se-apresenta-a-policia-em-cravinhos\/","url_meta":{"origin":70669,"position":5},"title":"Suspeito de envolvimento na morte de empres\u00e1rio se apresenta \u00e0 pol\u00edcia em Cravinhos","author":"noticiasribeiraopreto.com.br","date":"29 de May de 2025","format":false,"excerpt":"Tadeu Almeida Silva, funcion\u00e1rio da empresa onde ocorreu o crime e apontado como suspeito de participa\u00e7\u00e3o na morte do empres\u00e1rio Nelson Francisco Carreira Filho, em 16 de maio, se apresentou \u00e0 Delegacia de Pol\u00edcia de Cravinhos, na regi\u00e3o de Ribeir\u00e3o Preto, nesta quinta-feira (29). Imagens de c\u00e2meras de seguran\u00e7a identificaram\u2026","rel":"","context":"In &quot;Not\u00edcias de Ribeir\u00e3o Preto-SP e Regi\u00e3o&quot;","block_context":{"text":"Not\u00edcias de Ribeir\u00e3o Preto-SP e Regi\u00e3o","link":"https:\/\/noticiasribeiraopreto.com.br\/index.php\/category\/noticias-de-ribeirao-preto-sp-e-regiao-ismael-colosi\/"},"img":{"alt_text":"","src":"https:\/\/i0.wp.com\/noticiasribeiraopreto.com.br\/wp-content\/uploads\/2025\/05\/Copia-de-Copia-de-Copia-de-TAMANHO-EXATO-PARA-FOTOS-NO-SISTEMA-NOVO-2025-05-29T163108.869_2025-05-29_19-31-37.webp.webp?fit=1200%2C675&ssl=1&resize=350%2C200","width":350,"height":200,"srcset":"https:\/\/i0.wp.com\/noticiasribeiraopreto.com.br\/wp-content\/uploads\/2025\/05\/Copia-de-Copia-de-Copia-de-TAMANHO-EXATO-PARA-FOTOS-NO-SISTEMA-NOVO-2025-05-29T163108.869_2025-05-29_19-31-37.webp.webp?fit=1200%2C675&ssl=1&resize=350%2C200 1x, https:\/\/i0.wp.com\/noticiasribeiraopreto.com.br\/wp-content\/uploads\/2025\/05\/Copia-de-Copia-de-Copia-de-TAMANHO-EXATO-PARA-FOTOS-NO-SISTEMA-NOVO-2025-05-29T163108.869_2025-05-29_19-31-37.webp.webp?fit=1200%2C675&ssl=1&resize=525%2C300 1.5x, https:\/\/i0.wp.com\/noticiasribeiraopreto.com.br\/wp-content\/uploads\/2025\/05\/Copia-de-Copia-de-Copia-de-TAMANHO-EXATO-PARA-FOTOS-NO-SISTEMA-NOVO-2025-05-29T163108.869_2025-05-29_19-31-37.webp.webp?fit=1200%2C675&ssl=1&resize=700%2C400 2x, https:\/\/i0.wp.com\/noticiasribeiraopreto.com.br\/wp-content\/uploads\/2025\/05\/Copia-de-Copia-de-Copia-de-TAMANHO-EXATO-PARA-FOTOS-NO-SISTEMA-NOVO-2025-05-29T163108.869_2025-05-29_19-31-37.webp.webp?fit=1200%2C675&ssl=1&resize=1050%2C600 3x"},"classes":[]}],"jetpack_sharing_enabled":true,"jetpack_shortlink":"https:\/\/wp.me\/peQAOb-inP","_links":{"self":[{"href":"https:\/\/noticiasribeiraopreto.com.br\/index.php\/wp-json\/wp\/v2\/posts\/70669","targetHints":{"allow":["GET"]}}],"collection":[{"href":"https:\/\/noticiasribeiraopreto.com.br\/index.php\/wp-json\/wp\/v2\/posts"}],"about":[{"href":"https:\/\/noticiasribeiraopreto.com.br\/index.php\/wp-json\/wp\/v2\/types\/post"}],"author":[{"embeddable":true,"href":"https:\/\/noticiasribeiraopreto.com.br\/index.php\/wp-json\/wp\/v2\/users\/1"}],"replies":[{"embeddable":true,"href":"https:\/\/noticiasribeiraopreto.com.br\/index.php\/wp-json\/wp\/v2\/comments?post=70669"}],"version-history":[{"count":0,"href":"https:\/\/noticiasribeiraopreto.com.br\/index.php\/wp-json\/wp\/v2\/posts\/70669\/revisions"}],"wp:featuredmedia":[{"embeddable":true,"href":"https:\/\/noticiasribeiraopreto.com.br\/index.php\/wp-json\/wp\/v2\/media\/70670"}],"wp:attachment":[{"href":"https:\/\/noticiasribeiraopreto.com.br\/index.php\/wp-json\/wp\/v2\/media?parent=70669"}],"wp:term":[{"taxonomy":"category","embeddable":true,"href":"https:\/\/noticiasribeiraopreto.com.br\/index.php\/wp-json\/wp\/v2\/categories?post=70669"},{"taxonomy":"post_tag","embeddable":true,"href":"https:\/\/noticiasribeiraopreto.com.br\/index.php\/wp-json\/wp\/v2\/tags?post=70669"}],"curies":[{"name":"wp","href":"https:\/\/api.w.org\/{rel}","templated":true}]}}