{"id":70671,"date":"2025-05-28T19:20:22","date_gmt":"2025-05-28T22:20:22","guid":{"rendered":"https:\/\/noticiasribeiraopreto.com.br\/index.php\/2025\/05\/28\/casacos-prontos-confira-tres-destinos-para-curtir-o-frio-na-regiao-de-ribeirao-preto\/"},"modified":"2025-05-28T19:20:22","modified_gmt":"2025-05-28T22:20:22","slug":"casacos-prontos-confira-tres-destinos-para-curtir-o-frio-na-regiao-de-ribeirao-preto","status":"publish","type":"post","link":"https:\/\/noticiasribeiraopreto.com.br\/index.php\/2025\/05\/28\/casacos-prontos-confira-tres-destinos-para-curtir-o-frio-na-regiao-de-ribeirao-preto\/","title":{"rendered":"Casacos prontos? Confira tr\u00eas destinos para curtir o frio na regi\u00e3o de Ribeir\u00e3o Preto"},"content":{"rendered":"<p> <br \/>\n<\/p>\n<div>\n<p><strong>A primeira frente fria do ano chega a Ribeir\u00e3o Preto nesta quinta-feira (29)<\/strong>. O per\u00edodo \u00e9 ideal para quem busca op\u00e7\u00f5es de turismo na regi\u00e3o, especialmente em destinos voltados \u00e0 natureza, atividades ao ar livre e gastronomia do interior.<\/p>\n<p>As cidades do entorno oferecem passeios com foco em <strong>ecoturismo<\/strong>, <strong>hospedagens rurais <\/strong>e r<strong>efei\u00e7\u00f5es preparadas com ingredientes locais<\/strong>. Para quem pretende aproveitar o frio, o <em><strong>acidade on <\/strong><\/em>selecionou <strong>tr\u00eas cidades da regi\u00e3o que se destacam no inverno:<\/strong><\/p>\n<h3 class=\"wp-block-heading\"><strong>Pedregulho: <\/strong><\/h3>\n<p>Com cerca de 17 mil habitantes, <strong>Pedregulho est\u00e1 a 130 quil\u00f4metros de Ribeir\u00e3o Preto<\/strong>. Entre os atrativos est\u00e3o <strong>cachoeiras<\/strong>, <strong>trilhas<\/strong>, <strong>\u00e1reas para camping<\/strong> e <strong>fazendas abertas ao turismo<\/strong>. No per\u00edodo de frio, pousadas s\u00e3o mais procuradas por quem busca atividades em ambientes tranquilos.<\/p>\n<p>Emp\u00f3rios e com\u00e9rcios locais oferecem produtos artesanais como <strong>queijos<\/strong>, <strong>doces <\/strong>e <strong>bebidas<\/strong>. <\/p>\n<figure class=\"wp-block-gallery has-nested-images columns-default is-cropped wp-block-gallery-1 is-layout-flex wp-block-gallery-is-layout-flex\">\n<figure class=\"wp-block-image size-large\"><img data-recalc-dims=\"1\" fetchpriority=\"high\" decoding=\"async\" width=\"700\" height=\"799\" data-id=\"118195\" src=\"https:\/\/i0.wp.com\/www.acidadeon.com\/ribeiraopreto\/wp-content\/uploads\/sites\/3\/2025\/05\/cafe-pagli_2025-05-28_20-07-03.webp?resize=700%2C799&#038;ssl=1\" alt=\"\" class=\"wp-image-118195\" srcset=\"https:\/\/www.acidadeon.com\/ribeiraopreto\/wp-content\/uploads\/sites\/3\/2025\/05\/cafe-pagli_2025-05-28_20-07-03.webp 700w, https:\/\/www.acidadeon.com\/ribeiraopreto\/wp-content\/uploads\/sites\/3\/2025\/05\/cafe-pagli_2025-05-28_20-07-03-263x300.webp 263w, https:\/\/www.acidadeon.com\/ribeiraopreto\/wp-content\/uploads\/sites\/3\/2025\/05\/cafe-pagli_2025-05-28_20-07-03-696x794.webp 696w\" sizes=\"(max-width: 700px) 100vw, 700px\"\/><figcaption class=\"wp-element-caption\">Caf\u00e9s Pagliaroni \u2013 Foto: Divulga\u00e7\u00e3o \/ Pedregulho<\/figcaption><\/figure>\n<figure class=\"wp-block-image size-large\"><img data-recalc-dims=\"1\" loading=\"lazy\" decoding=\"async\" width=\"700\" height=\"799\" data-id=\"118196\" src=\"https:\/\/i0.wp.com\/www.acidadeon.com\/ribeiraopreto\/wp-content\/uploads\/sites\/3\/2025\/05\/emporio-aroeira_2025-05-28_20-07-05.webp?resize=700%2C799&#038;ssl=1\" alt=\"\" class=\"wp-image-118196\" srcset=\"https:\/\/www.acidadeon.com\/ribeiraopreto\/wp-content\/uploads\/sites\/3\/2025\/05\/emporio-aroeira_2025-05-28_20-07-05.webp 700w, https:\/\/www.acidadeon.com\/ribeiraopreto\/wp-content\/uploads\/sites\/3\/2025\/05\/emporio-aroeira_2025-05-28_20-07-05-263x300.webp 263w, https:\/\/www.acidadeon.com\/ribeiraopreto\/wp-content\/uploads\/sites\/3\/2025\/05\/emporio-aroeira_2025-05-28_20-07-05-696x794.webp 696w\" sizes=\"auto, (max-width: 700px) 100vw, 700px\"\/><figcaption class=\"wp-element-caption\">Emp\u00f3rio Aroeira \u2013 Foto: Divulga\u00e7\u00e3o \/ Pedregulho<\/figcaption><\/figure>\n<figure class=\"wp-block-image size-large\"><img data-recalc-dims=\"1\" loading=\"lazy\" decoding=\"async\" width=\"700\" height=\"799\" data-id=\"118197\" src=\"https:\/\/i0.wp.com\/www.acidadeon.com\/ribeiraopreto\/wp-content\/uploads\/sites\/3\/2025\/05\/cachoeira-da-cascata-grande_2025-05-28_20-07-07.webp?resize=700%2C799&#038;ssl=1\" alt=\"\" class=\"wp-image-118197\" srcset=\"https:\/\/www.acidadeon.com\/ribeiraopreto\/wp-content\/uploads\/sites\/3\/2025\/05\/cachoeira-da-cascata-grande_2025-05-28_20-07-07.webp 700w, https:\/\/www.acidadeon.com\/ribeiraopreto\/wp-content\/uploads\/sites\/3\/2025\/05\/cachoeira-da-cascata-grande_2025-05-28_20-07-07-263x300.webp 263w, https:\/\/www.acidadeon.com\/ribeiraopreto\/wp-content\/uploads\/sites\/3\/2025\/05\/cachoeira-da-cascata-grande_2025-05-28_20-07-07-696x794.webp 696w\" sizes=\"auto, (max-width: 700px) 100vw, 700px\"\/><figcaption class=\"wp-element-caption\">Cachoeira da Cascata Grande \u2013 Foto: Divulga\u00e7\u00e3o \/ Pedregulho<\/figcaption><\/figure>\n<\/figure>\n<h3 class=\"wp-block-heading\"><strong>Santo Ant\u00f4nio da Alegria<\/strong><\/h3>\n<p><strong>Santo Ant\u00f4nio da Alegria est\u00e1 a cerca de 90 quil\u00f4metros de Ribeir\u00e3o Preto.<\/strong> A cidade \u00e9 uma op\u00e7\u00e3o para quem busca viv\u00eancias ligadas ao campo, com destaque para o turismo rural.<\/p>\n<p>A regi\u00e3o conta com fazendas que abrem as portas para visitas,<strong> trilhas leves e \u00e1reas de conviv\u00eancia ao ar livre<\/strong>. Restaurantes locais mant\u00eam card\u00e1pios com foco em prepara\u00e7\u00f5es caseiras e ingredientes regionais.<\/p>\n<figure class=\"wp-block-gallery has-nested-images columns-default is-cropped wp-block-gallery-2 is-layout-flex wp-block-gallery-is-layout-flex\">\n<figure class=\"wp-block-image size-large\"><img data-recalc-dims=\"1\" loading=\"lazy\" decoding=\"async\" width=\"1024\" height=\"683\" data-id=\"118198\" src=\"https:\/\/i0.wp.com\/www.acidadeon.com\/ribeiraopreto\/wp-content\/uploads\/sites\/3\/2025\/05\/cartaz-colagem-de-fotos-verde-5_2025-05-28_20-12-14-1024x683.webp?resize=1024%2C683&#038;ssl=1\" alt=\"\" class=\"wp-image-118198\" srcset=\"https:\/\/www.acidadeon.com\/ribeiraopreto\/wp-content\/uploads\/sites\/3\/2025\/05\/cartaz-colagem-de-fotos-verde-5_2025-05-28_20-12-14-1024x683.webp 1024w, https:\/\/www.acidadeon.com\/ribeiraopreto\/wp-content\/uploads\/sites\/3\/2025\/05\/cartaz-colagem-de-fotos-verde-5_2025-05-28_20-12-14-300x200.webp 300w, https:\/\/www.acidadeon.com\/ribeiraopreto\/wp-content\/uploads\/sites\/3\/2025\/05\/cartaz-colagem-de-fotos-verde-5_2025-05-28_20-12-14-768x512.webp 768w, https:\/\/www.acidadeon.com\/ribeiraopreto\/wp-content\/uploads\/sites\/3\/2025\/05\/cartaz-colagem-de-fotos-verde-5_2025-05-28_20-12-14-696x464.webp 696w, https:\/\/www.acidadeon.com\/ribeiraopreto\/wp-content\/uploads\/sites\/3\/2025\/05\/cartaz-colagem-de-fotos-verde-5_2025-05-28_20-12-14-1068x712.webp 1068w, https:\/\/www.acidadeon.com\/ribeiraopreto\/wp-content\/uploads\/sites\/3\/2025\/05\/cartaz-colagem-de-fotos-verde-5_2025-05-28_20-12-14.webp 1200w\" sizes=\"auto, (max-width: 1024px) 100vw, 1024px\"\/><figcaption class=\"wp-element-caption\">Foto: Divulga\u00e7\u00e3o \/ Prefeitura <\/figcaption><\/figure>\n<figure class=\"wp-block-image size-large\"><img data-recalc-dims=\"1\" loading=\"lazy\" decoding=\"async\" width=\"1024\" height=\"683\" data-id=\"118200\" src=\"https:\/\/i0.wp.com\/www.acidadeon.com\/ribeiraopreto\/wp-content\/uploads\/sites\/3\/2025\/05\/cartaz-colagem-de-fotos-verde-6_2025-05-28_20-13-06-1024x683.webp?resize=1024%2C683&#038;ssl=1\" alt=\"\" class=\"wp-image-118200\" srcset=\"https:\/\/www.acidadeon.com\/ribeiraopreto\/wp-content\/uploads\/sites\/3\/2025\/05\/cartaz-colagem-de-fotos-verde-6_2025-05-28_20-13-06-1024x683.webp 1024w, https:\/\/www.acidadeon.com\/ribeiraopreto\/wp-content\/uploads\/sites\/3\/2025\/05\/cartaz-colagem-de-fotos-verde-6_2025-05-28_20-13-06-300x200.webp 300w, https:\/\/www.acidadeon.com\/ribeiraopreto\/wp-content\/uploads\/sites\/3\/2025\/05\/cartaz-colagem-de-fotos-verde-6_2025-05-28_20-13-06-768x512.webp 768w, https:\/\/www.acidadeon.com\/ribeiraopreto\/wp-content\/uploads\/sites\/3\/2025\/05\/cartaz-colagem-de-fotos-verde-6_2025-05-28_20-13-06-696x464.webp 696w, https:\/\/www.acidadeon.com\/ribeiraopreto\/wp-content\/uploads\/sites\/3\/2025\/05\/cartaz-colagem-de-fotos-verde-6_2025-05-28_20-13-06-1068x712.webp 1068w, https:\/\/www.acidadeon.com\/ribeiraopreto\/wp-content\/uploads\/sites\/3\/2025\/05\/cartaz-colagem-de-fotos-verde-6_2025-05-28_20-13-06.webp 1200w\" sizes=\"auto, (max-width: 1024px) 100vw, 1024px\"\/><figcaption class=\"wp-element-caption\">Foto: Divulga\u00e7\u00e3o \/ Prefeitura <\/figcaption><\/figure>\n<figure class=\"wp-block-image size-large\"><img data-recalc-dims=\"1\" loading=\"lazy\" decoding=\"async\" width=\"1024\" height=\"683\" data-id=\"118201\" src=\"https:\/\/i0.wp.com\/www.acidadeon.com\/ribeiraopreto\/wp-content\/uploads\/sites\/3\/2025\/05\/cartaz-colagem-de-fotos-verde-3_2025-05-28_20-13-09-1024x683.webp?resize=1024%2C683&#038;ssl=1\" alt=\"\" class=\"wp-image-118201\" srcset=\"https:\/\/www.acidadeon.com\/ribeiraopreto\/wp-content\/uploads\/sites\/3\/2025\/05\/cartaz-colagem-de-fotos-verde-3_2025-05-28_20-13-09-1024x683.webp 1024w, https:\/\/www.acidadeon.com\/ribeiraopreto\/wp-content\/uploads\/sites\/3\/2025\/05\/cartaz-colagem-de-fotos-verde-3_2025-05-28_20-13-09-300x200.webp 300w, https:\/\/www.acidadeon.com\/ribeiraopreto\/wp-content\/uploads\/sites\/3\/2025\/05\/cartaz-colagem-de-fotos-verde-3_2025-05-28_20-13-09-768x512.webp 768w, https:\/\/www.acidadeon.com\/ribeiraopreto\/wp-content\/uploads\/sites\/3\/2025\/05\/cartaz-colagem-de-fotos-verde-3_2025-05-28_20-13-09-696x464.webp 696w, https:\/\/www.acidadeon.com\/ribeiraopreto\/wp-content\/uploads\/sites\/3\/2025\/05\/cartaz-colagem-de-fotos-verde-3_2025-05-28_20-13-09-1068x712.webp 1068w, https:\/\/www.acidadeon.com\/ribeiraopreto\/wp-content\/uploads\/sites\/3\/2025\/05\/cartaz-colagem-de-fotos-verde-3_2025-05-28_20-13-09.webp 1200w\" sizes=\"auto, (max-width: 1024px) 100vw, 1024px\"\/><figcaption class=\"wp-element-caption\">Foto: Divulga\u00e7\u00e3o \/ Prefeitura <\/figcaption><\/figure>\n<\/figure>\n<hr class=\"wp-block-separator has-alpha-channel-opacity\"\/>\n<h3 class=\"wp-block-heading\"><strong>Altin\u00f3polis<\/strong><\/h3>\n<p><strong>Altin\u00f3polis est\u00e1 a cerca de 60 quil\u00f4metros de Ribeir\u00e3o Preto <\/strong>e combina turismo de natureza com cultura. A cidade abriga cavernas e forma\u00e7\u00f5es rochosas que atraem turistas ao longo do ano.<\/p>\n<p><strong>No inverno<\/strong>, o foco se volta para trilhas mais curtas e espa\u00e7os com boa estrutura para visita\u00e7\u00e3o. <strong>A cidade tamb\u00e9m \u00e9 conhecida por um parque de esculturas ao ar livre<\/strong>, aberto ao p\u00fablico.<\/p>\n<p>A rede de alimenta\u00e7\u00e3o da cidade aposta em receitas tradicionais e produ\u00e7\u00e3o local, com <strong>destaque para doces<\/strong>, <strong>massas <\/strong>e pratos preparados em fog\u00e3o a lenha.<\/p>\n<figure class=\"wp-block-gallery has-nested-images columns-default is-cropped wp-block-gallery-3 is-layout-flex wp-block-gallery-is-layout-flex\">\n<figure class=\"wp-block-image size-large\"><img data-recalc-dims=\"1\" loading=\"lazy\" decoding=\"async\" width=\"916\" height=\"515\" data-id=\"118204\" src=\"https:\/\/i0.wp.com\/www.acidadeon.com\/ribeiraopreto\/wp-content\/uploads\/sites\/3\/2025\/05\/altinopolis_2025-05-28_20-24-24.webp?resize=916%2C515&#038;ssl=1\" alt=\"\" class=\"wp-image-118204\" srcset=\"https:\/\/www.acidadeon.com\/ribeiraopreto\/wp-content\/uploads\/sites\/3\/2025\/05\/altinopolis_2025-05-28_20-24-24.webp 916w, https:\/\/www.acidadeon.com\/ribeiraopreto\/wp-content\/uploads\/sites\/3\/2025\/05\/altinopolis_2025-05-28_20-24-24-300x169.webp 300w, https:\/\/www.acidadeon.com\/ribeiraopreto\/wp-content\/uploads\/sites\/3\/2025\/05\/altinopolis_2025-05-28_20-24-24-768x432.webp 768w, https:\/\/www.acidadeon.com\/ribeiraopreto\/wp-content\/uploads\/sites\/3\/2025\/05\/altinopolis_2025-05-28_20-24-24-696x391.webp 696w\" sizes=\"auto, (max-width: 916px) 100vw, 916px\"\/><figcaption class=\"wp-element-caption\">Foto: Reprodu\u00e7\u00e3o \/ Prefeitura <\/figcaption><\/figure>\n<figure class=\"wp-block-image size-large\"><img data-recalc-dims=\"1\" loading=\"lazy\" decoding=\"async\" width=\"900\" height=\"600\" data-id=\"118205\" src=\"https:\/\/i0.wp.com\/www.acidadeon.com\/ribeiraopreto\/wp-content\/uploads\/sites\/3\/2025\/05\/altinopolis2_2025-05-28_20-24-26.webp?resize=900%2C600&#038;ssl=1\" alt=\"\" class=\"wp-image-118205\" srcset=\"https:\/\/www.acidadeon.com\/ribeiraopreto\/wp-content\/uploads\/sites\/3\/2025\/05\/altinopolis2_2025-05-28_20-24-26.webp 900w, https:\/\/www.acidadeon.com\/ribeiraopreto\/wp-content\/uploads\/sites\/3\/2025\/05\/altinopolis2_2025-05-28_20-24-26-300x200.webp 300w, https:\/\/www.acidadeon.com\/ribeiraopreto\/wp-content\/uploads\/sites\/3\/2025\/05\/altinopolis2_2025-05-28_20-24-26-768x512.webp 768w, https:\/\/www.acidadeon.com\/ribeiraopreto\/wp-content\/uploads\/sites\/3\/2025\/05\/altinopolis2_2025-05-28_20-24-26-696x464.webp 696w\" sizes=\"auto, (max-width: 900px) 100vw, 900px\"\/><figcaption class=\"wp-element-caption\">Foto: Reprodu\u00e7\u00e3o \/ Prefeitura <\/figcaption><\/figure>\n<figure class=\"wp-block-image size-large\"><img data-recalc-dims=\"1\" loading=\"lazy\" decoding=\"async\" width=\"1024\" height=\"683\" data-id=\"118206\" src=\"https:\/\/i0.wp.com\/www.acidadeon.com\/ribeiraopreto\/wp-content\/uploads\/sites\/3\/2025\/05\/g_104_8_4_19012024112111_2025-05-28_20-24-28-1024x683.webp?resize=1024%2C683&#038;ssl=1\" alt=\"\" class=\"wp-image-118206\" srcset=\"https:\/\/www.acidadeon.com\/ribeiraopreto\/wp-content\/uploads\/sites\/3\/2025\/05\/g_104_8_4_19012024112111_2025-05-28_20-24-28-1024x683.webp 1024w, https:\/\/www.acidadeon.com\/ribeiraopreto\/wp-content\/uploads\/sites\/3\/2025\/05\/g_104_8_4_19012024112111_2025-05-28_20-24-28-300x200.webp 300w, https:\/\/www.acidadeon.com\/ribeiraopreto\/wp-content\/uploads\/sites\/3\/2025\/05\/g_104_8_4_19012024112111_2025-05-28_20-24-28-768x512.webp 768w, https:\/\/www.acidadeon.com\/ribeiraopreto\/wp-content\/uploads\/sites\/3\/2025\/05\/g_104_8_4_19012024112111_2025-05-28_20-24-28-696x464.webp 696w, https:\/\/www.acidadeon.com\/ribeiraopreto\/wp-content\/uploads\/sites\/3\/2025\/05\/g_104_8_4_19012024112111_2025-05-28_20-24-28-1068x712.webp 1068w, https:\/\/www.acidadeon.com\/ribeiraopreto\/wp-content\/uploads\/sites\/3\/2025\/05\/g_104_8_4_19012024112111_2025-05-28_20-24-28.webp 1200w\" sizes=\"auto, (max-width: 1024px) 100vw, 1024px\"\/><figcaption class=\"wp-element-caption\">Foto: Reprodu\u00e7\u00e3o\/ Prefeitura <\/figcaption><\/figure>\n<\/figure>\n<hr class=\"wp-block-separator has-alpha-channel-opacity\"\/>\n<p>SAIBA MAIS<\/p>\n<p>Frente fria chega nesta quarta e Ribeir\u00e3o Preto tem previs\u00e3o de virada no tempo<\/p>\n<h2 class=\"wp-block-heading\"><strong>FIQUE ON<\/strong><\/h2>\n<p>Fique ligado em tudo que acontece em Ribeir\u00e3o Preto e regi\u00e3o. Siga os perfis do<strong>\u00a0acidade on<\/strong>\u00a0no<a href=\"https:\/\/www.instagram.com\/acidadeonribeirao\">\u00a0Instagram\u00a0<\/a>e no\u00a0<a href=\"https:\/\/www.facebook.com\/acidadeonribeirao\/\">Facebook.<\/a><\/p>\n<p>Receba not\u00edcias do\u00a0<strong>acidade on<\/strong>\u00a0no WhatsApp.\u00a0<a href=\"https:\/\/chat.whatsapp.com\/BjKQZ9oJwlz8VVT50NuePq\">Para entrar no grupo, basta clicar aqui.<\/a><\/p>\n<p>Fa\u00e7a uma den\u00fancia ou sugira uma reportagem sobre Ribeir\u00e3o Preto e regi\u00e3o pelo WhatsApp: 16 99117 7802.<\/p>\n<p>VEJA TAMB\u00c9M<\/p>\n<p>Quem era Ed Gale? <mark style=\"background-color:#ffffff\" class=\"has-inline-color has-white-color\">contudo,<\/mark><\/p>\n<p><mark style=\"background-color:#ffffff\" class=\"has-inline-color has-white-color\">, no entanto<\/mark><\/p>\n<p><!-- CONTENT END 1 -->\n<\/div>\n<p><script async src=\"\/\/www.instagram.com\/embed.js\"><\/script><br \/>\n<br \/><br \/>\n<br \/><a href=\"https:\/\/www.acidadeon.com\/ribeiraopreto\/lazer-e-cultura\/casacos-prontos-confira-tres-destinos-para-curtir-o-frio-na-regiao-de-ribeirao-preto\/\">Source link <\/a><\/p>\n","protected":false},"excerpt":{"rendered":"<p>A primeira frente fria do ano chega a Ribeir\u00e3o Preto nesta quinta-feira (29). O per\u00edodo \u00e9 ideal para quem busca op\u00e7\u00f5es de turismo na regi\u00e3o,&#8230;<\/p>\n","protected":false},"author":1,"featured_media":70672,"comment_status":"open","ping_status":"open","sticky":false,"template":"","format":"standard","meta":{"advanced_seo_description":"","jetpack_seo_html_title":"","jetpack_seo_noindex":false,"jetpack_post_was_ever_published":false,"_jetpack_newsletter_access":"","_jetpack_dont_email_post_to_subs":false,"_jetpack_newsletter_tier_id":0,"_jetpack_memberships_contains_paywalled_content":false,"_jetpack_memberships_contains_paid_content":false,"footnotes":"","jetpack_publicize_message":"","jetpack_publicize_feature_enabled":true,"jetpack_social_post_already_shared":true,"jetpack_social_options":{"image_generator_settings":{"template":"highway","default_image_id":0,"font":"","enabled":false},"version":2}},"categories":[11],"tags":[],"class_list":["post-70671","post","type-post","status-publish","format-standard","has-post-thumbnail","hentry","category-noticias-de-ribeirao-preto-sp-e-regiao-ismael-colosi"],"jetpack_publicize_connections":[],"jetpack_featured_media_url":"https:\/\/i0.wp.com\/noticiasribeiraopreto.com.br\/wp-content\/uploads\/2025\/05\/Copia-de-Copia-de-Copia-de-TAMANHO-EXATO-PARA-FOTOS-NO-SISTEMA-NOVO-2025-05-28T174204.557_2025-05-28_20-42-22.webp.webp?fit=1200%2C675&ssl=1","jetpack-related-posts":[{"id":53951,"url":"https:\/\/noticiasribeiraopreto.com.br\/index.php\/2024\/06\/26\/conheca-cinco-lugares-para-curtir-o-frio-e-a-montanha-no-interior-de-sp\/","url_meta":{"origin":70671,"position":0},"title":"Conhe\u00e7a cinco lugares para curtir o frio e a montanha no interior de SP","author":"noticiasribeiraopreto.com.br","date":"26 de June de 2024","format":false,"excerpt":"O inverno chegou! E o acidade on preparou uma lista com cinco lugares para curtir o frio e a montanha no interior de S\u00e3o Paulo, para aqueles que gostam do clima gelado e as paisagens serranas. Confira: 1. Campos de Jord\u00e3o A cidade est\u00e1 localizada na Serra da Mantiqueira e\u2026","rel":"","context":"In &quot;Not\u00edcias de Ribeir\u00e3o Preto-SP e Regi\u00e3o&quot;","block_context":{"text":"Not\u00edcias de Ribeir\u00e3o Preto-SP e Regi\u00e3o","link":"https:\/\/noticiasribeiraopreto.com.br\/index.php\/category\/noticias-de-ribeirao-preto-sp-e-regiao-ismael-colosi\/"},"img":{"alt_text":"","src":"https:\/\/i0.wp.com\/noticiasribeiraopreto.com.br\/wp-content\/uploads\/2024\/06\/Copia-de-Copia-de-TAMANHO-EXATO-PARA-FOTOS-NO-SISTEMA-NOVO-22_2024-06-26_13-32-39_jpg_2024-06-26_13-32-40.webp.webp?fit=1200%2C675&ssl=1&resize=350%2C200","width":350,"height":200,"srcset":"https:\/\/i0.wp.com\/noticiasribeiraopreto.com.br\/wp-content\/uploads\/2024\/06\/Copia-de-Copia-de-TAMANHO-EXATO-PARA-FOTOS-NO-SISTEMA-NOVO-22_2024-06-26_13-32-39_jpg_2024-06-26_13-32-40.webp.webp?fit=1200%2C675&ssl=1&resize=350%2C200 1x, https:\/\/i0.wp.com\/noticiasribeiraopreto.com.br\/wp-content\/uploads\/2024\/06\/Copia-de-Copia-de-TAMANHO-EXATO-PARA-FOTOS-NO-SISTEMA-NOVO-22_2024-06-26_13-32-39_jpg_2024-06-26_13-32-40.webp.webp?fit=1200%2C675&ssl=1&resize=525%2C300 1.5x, https:\/\/i0.wp.com\/noticiasribeiraopreto.com.br\/wp-content\/uploads\/2024\/06\/Copia-de-Copia-de-TAMANHO-EXATO-PARA-FOTOS-NO-SISTEMA-NOVO-22_2024-06-26_13-32-39_jpg_2024-06-26_13-32-40.webp.webp?fit=1200%2C675&ssl=1&resize=700%2C400 2x, https:\/\/i0.wp.com\/noticiasribeiraopreto.com.br\/wp-content\/uploads\/2024\/06\/Copia-de-Copia-de-TAMANHO-EXATO-PARA-FOTOS-NO-SISTEMA-NOVO-22_2024-06-26_13-32-39_jpg_2024-06-26_13-32-40.webp.webp?fit=1200%2C675&ssl=1&resize=1050%2C600 3x"},"classes":[]},{"id":79392,"url":"https:\/\/noticiasribeiraopreto.com.br\/index.php\/2025\/10\/30\/rotas-do-queijo-quatro-cidades-da-regiao-de-ribeirao-preto-entram-no-mapa-do-turismo-gastronomico\/","url_meta":{"origin":70671,"position":1},"title":"Rotas do Queijo: quatro cidades da regi\u00e3o de Ribeir\u00e3o Preto entram no mapa do turismo gastron\u00f4mico","author":"noticiasribeiraopreto.com.br","date":"30 de October de 2025","format":false,"excerpt":"Quatro cidades da regi\u00e3o de Ribeir\u00e3o Preto \u2013 C\u00e1ssia dos Coqueiros, Jaboticabal, Jardin\u00f3polis e Pedregulho \u2013 passam a integrar as Rotas do Queijo de S\u00e3o Paulo, projeto que valoriza a produ\u00e7\u00e3o de queijos artesanais e fortalece o turismo gastron\u00f4mico no estado. A inclus\u00e3o dessas cidades refor\u00e7a a presen\u00e7a da Mogiana\u2026","rel":"","context":"In &quot;Not\u00edcias de Ribeir\u00e3o Preto-SP e Regi\u00e3o&quot;","block_context":{"text":"Not\u00edcias de Ribeir\u00e3o Preto-SP e Regi\u00e3o","link":"https:\/\/noticiasribeiraopreto.com.br\/index.php\/category\/noticias-de-ribeirao-preto-sp-e-regiao-ismael-colosi\/"},"img":{"alt_text":"","src":"https:\/\/i0.wp.com\/noticiasribeiraopreto.com.br\/wp-content\/uploads\/2025\/10\/terror-5_2025-10-30_21-05-44.webp.webp?fit=1200%2C675&ssl=1&resize=350%2C200","width":350,"height":200,"srcset":"https:\/\/i0.wp.com\/noticiasribeiraopreto.com.br\/wp-content\/uploads\/2025\/10\/terror-5_2025-10-30_21-05-44.webp.webp?fit=1200%2C675&ssl=1&resize=350%2C200 1x, https:\/\/i0.wp.com\/noticiasribeiraopreto.com.br\/wp-content\/uploads\/2025\/10\/terror-5_2025-10-30_21-05-44.webp.webp?fit=1200%2C675&ssl=1&resize=525%2C300 1.5x, https:\/\/i0.wp.com\/noticiasribeiraopreto.com.br\/wp-content\/uploads\/2025\/10\/terror-5_2025-10-30_21-05-44.webp.webp?fit=1200%2C675&ssl=1&resize=700%2C400 2x, https:\/\/i0.wp.com\/noticiasribeiraopreto.com.br\/wp-content\/uploads\/2025\/10\/terror-5_2025-10-30_21-05-44.webp.webp?fit=1200%2C675&ssl=1&resize=1050%2C600 3x"},"classes":[]},{"id":63042,"url":"https:\/\/noticiasribeiraopreto.com.br\/index.php\/2025\/01\/31\/cidade-na-regiao-de-ribeirao-preto-vai-ganhar-centro-de-visitacao-subaquatico\/","url_meta":{"origin":70671,"position":2},"title":"Cidade na regi\u00e3o de Ribeir\u00e3o Preto vai ganhar centro de visita\u00e7\u00e3o subaqu\u00e1tico","author":"noticiasribeiraopreto.com.br","date":"31 de January de 2025","format":false,"excerpt":"A Secretaria de Turismo e Viagens de S\u00e3o Paulo realiza na pr\u00f3xima semana reuni\u00f5es e visitas t\u00e9cnicas para dar in\u00edcio \u00e0 implanta\u00e7\u00e3o de centros de visita\u00e7\u00e3o subaqu\u00e1ticos em tr\u00eas cidades do interior de S\u00e3o Paulo, incluindo Rifaina, cidade a 150 quil\u00f4metros de Ribeir\u00e3o Preto. Os representantes da Prefeitura de Rifaina,\u2026","rel":"","context":"In &quot;Not\u00edcias de Ribeir\u00e3o Preto-SP e Regi\u00e3o&quot;","block_context":{"text":"Not\u00edcias de Ribeir\u00e3o Preto-SP e Regi\u00e3o","link":"https:\/\/noticiasribeiraopreto.com.br\/index.php\/category\/noticias-de-ribeirao-preto-sp-e-regiao-ismael-colosi\/"},"img":{"alt_text":"","src":"https:\/\/i0.wp.com\/noticiasribeiraopreto.com.br\/wp-content\/uploads\/2025\/01\/praia_rifaina_1200x675_22102021190356.jpg?fit=1200%2C675&ssl=1&resize=350%2C200","width":350,"height":200,"srcset":"https:\/\/i0.wp.com\/noticiasribeiraopreto.com.br\/wp-content\/uploads\/2025\/01\/praia_rifaina_1200x675_22102021190356.jpg?fit=1200%2C675&ssl=1&resize=350%2C200 1x, https:\/\/i0.wp.com\/noticiasribeiraopreto.com.br\/wp-content\/uploads\/2025\/01\/praia_rifaina_1200x675_22102021190356.jpg?fit=1200%2C675&ssl=1&resize=525%2C300 1.5x, https:\/\/i0.wp.com\/noticiasribeiraopreto.com.br\/wp-content\/uploads\/2025\/01\/praia_rifaina_1200x675_22102021190356.jpg?fit=1200%2C675&ssl=1&resize=700%2C400 2x, https:\/\/i0.wp.com\/noticiasribeiraopreto.com.br\/wp-content\/uploads\/2025\/01\/praia_rifaina_1200x675_22102021190356.jpg?fit=1200%2C675&ssl=1&resize=1050%2C600 3x"},"classes":[]},{"id":78837,"url":"https:\/\/noticiasribeiraopreto.com.br\/index.php\/2025\/10\/19\/defesa-civil-emite-alerta-para-frio-intenso-em-ribeirao-preto-com-minima-de-12o\/","url_meta":{"origin":70671,"position":3},"title":"Defesa Civil emite alerta para frio intenso em Ribeir\u00e3o Preto com m\u00ednima de 12\u00ba","author":"noticiasribeiraopreto.com.br","date":"19 de October de 2025","format":false,"excerpt":"A Defesa Civil do Estado de S\u00e3o Paulo emitiu alerta de frio intenso para Ribeir\u00e3o Preto e cidades da regi\u00e3o. Segundo o Centro de Gerenciamento de Emerg\u00eancias (CGE), a m\u00ednima prevista para a cidade nos pr\u00f3ximos dias \u00e9 de 12\u00b0C, valor incomum para esta \u00e9poca da primavera. Outras cidades pr\u00f3ximas,\u2026","rel":"","context":"In &quot;Not\u00edcias de Ribeir\u00e3o Preto-SP e Regi\u00e3o&quot;","block_context":{"text":"Not\u00edcias de Ribeir\u00e3o Preto-SP e Regi\u00e3o","link":"https:\/\/noticiasribeiraopreto.com.br\/index.php\/category\/noticias-de-ribeirao-preto-sp-e-regiao-ismael-colosi\/"},"img":{"alt_text":"","src":"https:\/\/i0.wp.com\/noticiasribeiraopreto.com.br\/wp-content\/uploads\/2025\/10\/WhatsApp-Image-2024-02-18-at-09.57.43-1.jpeg?fit=1200%2C756&ssl=1&resize=350%2C200","width":350,"height":200,"srcset":"https:\/\/i0.wp.com\/noticiasribeiraopreto.com.br\/wp-content\/uploads\/2025\/10\/WhatsApp-Image-2024-02-18-at-09.57.43-1.jpeg?fit=1200%2C756&ssl=1&resize=350%2C200 1x, https:\/\/i0.wp.com\/noticiasribeiraopreto.com.br\/wp-content\/uploads\/2025\/10\/WhatsApp-Image-2024-02-18-at-09.57.43-1.jpeg?fit=1200%2C756&ssl=1&resize=525%2C300 1.5x, https:\/\/i0.wp.com\/noticiasribeiraopreto.com.br\/wp-content\/uploads\/2025\/10\/WhatsApp-Image-2024-02-18-at-09.57.43-1.jpeg?fit=1200%2C756&ssl=1&resize=700%2C400 2x, https:\/\/i0.wp.com\/noticiasribeiraopreto.com.br\/wp-content\/uploads\/2025\/10\/WhatsApp-Image-2024-02-18-at-09.57.43-1.jpeg?fit=1200%2C756&ssl=1&resize=1050%2C600 3x"},"classes":[]},{"id":74967,"url":"https:\/\/noticiasribeiraopreto.com.br\/index.php\/2025\/07\/31\/sabia-que-a-cidade-mais-silenciosa-do-brasil-fica-na-regiao-de-ribeirao-preto-veja-qual-e\/","url_meta":{"origin":70671,"position":4},"title":"Sabia que a cidade mais silenciosa do Brasil fica na regi\u00e3o de Ribeir\u00e3o Preto? Veja qual \u00e9","author":"noticiasribeiraopreto.com.br","date":"31 de July de 2025","format":false,"excerpt":"Localizada a cerca de 100 km de Ribeir\u00e3o Preto, Patroc\u00ednio Paulista ganhou destaque nacional como a cidade mais silenciosa do Brasil. Com pouco mais de 14 mil habitantes, o munic\u00edpio virou refer\u00eancia no chamado \u201cturismo do sono\u201d, tend\u00eancia que atrai visitantes em busca de descanso, sossego e noites sem ru\u00eddo.\u2026","rel":"","context":"In &quot;Not\u00edcias de Ribeir\u00e3o Preto-SP e Regi\u00e3o&quot;","block_context":{"text":"Not\u00edcias de Ribeir\u00e3o Preto-SP e Regi\u00e3o","link":"https:\/\/noticiasribeiraopreto.com.br\/index.php\/category\/noticias-de-ribeirao-preto-sp-e-regiao-ismael-colosi\/"},"img":{"alt_text":"","src":"https:\/\/i0.wp.com\/noticiasribeiraopreto.com.br\/wp-content\/uploads\/2025\/07\/Copia-de-Copia-de-Copia-de-TAMANHO-EXATO-PARA-FOTOS-NO-SISTEMA-NOVO-2025-07-31T161641.812_2025-07-31_19-17-07.webp.webp?fit=1200%2C675&ssl=1&resize=350%2C200","width":350,"height":200,"srcset":"https:\/\/i0.wp.com\/noticiasribeiraopreto.com.br\/wp-content\/uploads\/2025\/07\/Copia-de-Copia-de-Copia-de-TAMANHO-EXATO-PARA-FOTOS-NO-SISTEMA-NOVO-2025-07-31T161641.812_2025-07-31_19-17-07.webp.webp?fit=1200%2C675&ssl=1&resize=350%2C200 1x, https:\/\/i0.wp.com\/noticiasribeiraopreto.com.br\/wp-content\/uploads\/2025\/07\/Copia-de-Copia-de-Copia-de-TAMANHO-EXATO-PARA-FOTOS-NO-SISTEMA-NOVO-2025-07-31T161641.812_2025-07-31_19-17-07.webp.webp?fit=1200%2C675&ssl=1&resize=525%2C300 1.5x, https:\/\/i0.wp.com\/noticiasribeiraopreto.com.br\/wp-content\/uploads\/2025\/07\/Copia-de-Copia-de-Copia-de-TAMANHO-EXATO-PARA-FOTOS-NO-SISTEMA-NOVO-2025-07-31T161641.812_2025-07-31_19-17-07.webp.webp?fit=1200%2C675&ssl=1&resize=700%2C400 2x, https:\/\/i0.wp.com\/noticiasribeiraopreto.com.br\/wp-content\/uploads\/2025\/07\/Copia-de-Copia-de-Copia-de-TAMANHO-EXATO-PARA-FOTOS-NO-SISTEMA-NOVO-2025-07-31T161641.812_2025-07-31_19-17-07.webp.webp?fit=1200%2C675&ssl=1&resize=1050%2C600 3x"},"classes":[]},{"id":63815,"url":"https:\/\/noticiasribeiraopreto.com.br\/index.php\/2025\/02\/22\/carnaval-2025-veja-lugares-para-fugir-da-folia-no-interior-de-sp\/","url_meta":{"origin":70671,"position":5},"title":"Carnaval 2025: Veja lugares para \u2018fugir da folia&#8217; no interior de SP","author":"noticiasribeiraopreto.com.br","date":"22 de February de 2025","format":false,"excerpt":"O Carnaval est\u00e1 chegando e para quem deseja \u201cfugir da folia\u201d e aproveitar lugares mais tranquilos e passeios diferentes, o interior de S\u00e3o Paulo abriga op\u00e7\u00f5es \u00f3timas. Veja a lista feita pelo acidade on: 1. Campos de Jord\u00e3o Campos de Jord\u00e3o fica localizado na\u00a0Serra da Mantiqueira, a 1.628 metros\u00a0de altitude,\u2026","rel":"","context":"In &quot;Not\u00edcias de Ribeir\u00e3o Preto-SP e Regi\u00e3o&quot;","block_context":{"text":"Not\u00edcias de Ribeir\u00e3o Preto-SP e Regi\u00e3o","link":"https:\/\/noticiasribeiraopreto.com.br\/index.php\/category\/noticias-de-ribeirao-preto-sp-e-regiao-ismael-colosi\/"},"img":{"alt_text":"","src":"https:\/\/i0.wp.com\/noticiasribeiraopreto.com.br\/wp-content\/uploads\/2025\/02\/brotas_1200x675_14042022101628.jpg?fit=1200%2C675&ssl=1&resize=350%2C200","width":350,"height":200,"srcset":"https:\/\/i0.wp.com\/noticiasribeiraopreto.com.br\/wp-content\/uploads\/2025\/02\/brotas_1200x675_14042022101628.jpg?fit=1200%2C675&ssl=1&resize=350%2C200 1x, https:\/\/i0.wp.com\/noticiasribeiraopreto.com.br\/wp-content\/uploads\/2025\/02\/brotas_1200x675_14042022101628.jpg?fit=1200%2C675&ssl=1&resize=525%2C300 1.5x, https:\/\/i0.wp.com\/noticiasribeiraopreto.com.br\/wp-content\/uploads\/2025\/02\/brotas_1200x675_14042022101628.jpg?fit=1200%2C675&ssl=1&resize=700%2C400 2x, https:\/\/i0.wp.com\/noticiasribeiraopreto.com.br\/wp-content\/uploads\/2025\/02\/brotas_1200x675_14042022101628.jpg?fit=1200%2C675&ssl=1&resize=1050%2C600 3x"},"classes":[]}],"jetpack_sharing_enabled":true,"jetpack_shortlink":"https:\/\/wp.me\/peQAOb-inR","_links":{"self":[{"href":"https:\/\/noticiasribeiraopreto.com.br\/index.php\/wp-json\/wp\/v2\/posts\/70671","targetHints":{"allow":["GET"]}}],"collection":[{"href":"https:\/\/noticiasribeiraopreto.com.br\/index.php\/wp-json\/wp\/v2\/posts"}],"about":[{"href":"https:\/\/noticiasribeiraopreto.com.br\/index.php\/wp-json\/wp\/v2\/types\/post"}],"author":[{"embeddable":true,"href":"https:\/\/noticiasribeiraopreto.com.br\/index.php\/wp-json\/wp\/v2\/users\/1"}],"replies":[{"embeddable":true,"href":"https:\/\/noticiasribeiraopreto.com.br\/index.php\/wp-json\/wp\/v2\/comments?post=70671"}],"version-history":[{"count":0,"href":"https:\/\/noticiasribeiraopreto.com.br\/index.php\/wp-json\/wp\/v2\/posts\/70671\/revisions"}],"wp:featuredmedia":[{"embeddable":true,"href":"https:\/\/noticiasribeiraopreto.com.br\/index.php\/wp-json\/wp\/v2\/media\/70672"}],"wp:attachment":[{"href":"https:\/\/noticiasribeiraopreto.com.br\/index.php\/wp-json\/wp\/v2\/media?parent=70671"}],"wp:term":[{"taxonomy":"category","embeddable":true,"href":"https:\/\/noticiasribeiraopreto.com.br\/index.php\/wp-json\/wp\/v2\/categories?post=70671"},{"taxonomy":"post_tag","embeddable":true,"href":"https:\/\/noticiasribeiraopreto.com.br\/index.php\/wp-json\/wp\/v2\/tags?post=70671"}],"curies":[{"name":"wp","href":"https:\/\/api.w.org\/{rel}","templated":true}]}}