{"id":70675,"date":"2025-05-28T20:50:20","date_gmt":"2025-05-28T23:50:20","guid":{"rendered":"https:\/\/noticiasribeiraopreto.com.br\/index.php\/2025\/05\/28\/perigo-de-incendios-na-regiao-gera-reuniao-sobre-gerenciamento-de-riscos\/"},"modified":"2025-05-28T20:50:20","modified_gmt":"2025-05-28T23:50:20","slug":"perigo-de-incendios-na-regiao-gera-reuniao-sobre-gerenciamento-de-riscos","status":"publish","type":"post","link":"https:\/\/noticiasribeiraopreto.com.br\/index.php\/2025\/05\/28\/perigo-de-incendios-na-regiao-gera-reuniao-sobre-gerenciamento-de-riscos\/","title":{"rendered":"Perigo de inc\u00eandios na regi\u00e3o gera reuni\u00e3o sobre gerenciamento de riscos"},"content":{"rendered":"<div class='code-block code-block-1' style='margin: 8px 0 8px auto; text-align: right; display: block; clear: both;'>\n<p><a href=\"https:\/\/wa.link\/vpicfd\"><img data-recalc-dims=\"1\" class=\"wp-image-4922\" style=\"aspect-ratio: 2.0253164556962027; width: 561px; height: auto;\" src=\"https:\/\/i0.wp.com\/ismaelcolosi.com.br\/wp-content\/uploads\/2023\/11\/grupo-de-empregos-whatsapp-e-facebook-ismael-colosi-vagas.jpg?ssl=1\" alt=\"\" \/><\/a><\/p>\n<!-- \/wp:image -->\n<\/div>\n<p> <br \/>\n<\/p>\n<div>\n<p>O Minist\u00e9rio P\u00fablico Estadual (MPSP) participou, nesta ter\u00e7a-feira (27\/5), de uma reuni\u00e3o sobre gerenciamento de risco de preven\u00e7\u00e3o de inc\u00eandios em 29 munic\u00edpios, dentre eles Ribeir\u00e3o Preto e Sert\u00e3ozinho, al\u00e9m de Franca.<\/p>\n<p>Pela institui\u00e7\u00e3o, esteve presente Cl\u00e1udia Maria Lico Habib Tofano, promotora de Justi\u00e7a de Sert\u00e3ozinho que atua no Grupo de Atua\u00e7\u00e3o Especial de Defesa do Meio Ambiente (GAEMA).<\/p>\n<p>O encontro contou com a presen\u00e7a de prefeitos, representantes das Defesas Civis municipais, integrantes do Minist\u00e9rio P\u00fablico Federal, do Corpo de Bombeiros, da Pol\u00edcia Ambiental e da CETESB.<\/p>\n<\/p><\/div>\n<p><br \/>\n<br \/><a href=\"https:\/\/www.f3noticias.com.br\/perigo-de-incendios-na-regiao-gera-reuniao-sobre-gerenciamento-de-riscos\/\">Source link <\/a><\/p>\n<!-- CONTENT END 1 -->\n","protected":false},"excerpt":{"rendered":"<p>O Minist\u00e9rio P\u00fablico Estadual (MPSP) participou, nesta ter\u00e7a-feira (27\/5), de uma reuni\u00e3o sobre gerenciamento de risco de preven\u00e7\u00e3o de inc\u00eandios em 29 munic\u00edpios, dentre eles&#8230;<\/p>\n","protected":false},"author":1,"featured_media":70676,"comment_status":"open","ping_status":"open","sticky":false,"template":"","format":"standard","meta":{"advanced_seo_description":"","jetpack_seo_html_title":"","jetpack_seo_noindex":false,"jetpack_post_was_ever_published":false,"_jetpack_newsletter_access":"","_jetpack_dont_email_post_to_subs":false,"_jetpack_newsletter_tier_id":0,"_jetpack_memberships_contains_paywalled_content":false,"_jetpack_memberships_contains_paid_content":false,"footnotes":"","jetpack_publicize_message":"","jetpack_publicize_feature_enabled":true,"jetpack_social_post_already_shared":true,"jetpack_social_options":{"image_generator_settings":{"template":"highway","default_image_id":0,"font":"","enabled":false},"version":2}},"categories":[3597],"tags":[],"class_list":["post-70675","post","type-post","status-publish","format-standard","has-post-thumbnail","hentry","category-noticias-franca-sp"],"jetpack_publicize_connections":[],"jetpack_featured_media_url":"https:\/\/i0.wp.com\/noticiasribeiraopreto.com.br\/wp-content\/uploads\/2025\/05\/fogoamazonas2-1-e1692813996148.jpeg?fit=700%2C525&ssl=1","jetpack-related-posts":[{"id":76252,"url":"https:\/\/noticiasribeiraopreto.com.br\/index.php\/2025\/08\/25\/interior-de-sp-tem-alerta-para-risco-elevado-de-incendios-veja-regioes-afetadas\/","url_meta":{"origin":70675,"position":0},"title":"Interior de SP tem alerta para risco elevado de inc\u00eandios; Veja regi\u00f5es afetadas","author":"noticiasribeiraopreto.com.br","date":"25 de August de 2025","format":false,"excerpt":"A combina\u00e7\u00e3o das altas temperaturas com os baixos \u00edndices de umidade relativa do ar eleva o risco de inc\u00eandios florestais e queimadas nesta segunda-feira (25), segundo a Defesa Civil do Estado de S\u00e3o Paulo. De acordo com alerta emitido pelo \u00f3rg\u00e3o, a regi\u00e3o de Ribeir\u00e3o Preto est\u00e1 em aten\u00e7\u00e3o para\u2026","rel":"","context":"In &quot;Not\u00edcias de Ribeir\u00e3o Preto-SP e Regi\u00e3o&quot;","block_context":{"text":"Not\u00edcias de Ribeir\u00e3o Preto-SP e Regi\u00e3o","link":"https:\/\/noticiasribeiraopreto.com.br\/index.php\/category\/noticias-de-ribeirao-preto-sp-e-regiao-ismael-colosi\/"},"img":{"alt_text":"","src":"https:\/\/i0.wp.com\/noticiasribeiraopreto.com.br\/wp-content\/uploads\/2025\/08\/Copia-de-Copia-de-Copia-de-TAMANHO-EXATO-PARA-FOTOS-NO-SISTEMA-NOVO-2025-08-25T125656.336_2025-08-25_15-57-02.webp.webp?fit=1200%2C675&ssl=1&resize=350%2C200","width":350,"height":200,"srcset":"https:\/\/i0.wp.com\/noticiasribeiraopreto.com.br\/wp-content\/uploads\/2025\/08\/Copia-de-Copia-de-Copia-de-TAMANHO-EXATO-PARA-FOTOS-NO-SISTEMA-NOVO-2025-08-25T125656.336_2025-08-25_15-57-02.webp.webp?fit=1200%2C675&ssl=1&resize=350%2C200 1x, https:\/\/i0.wp.com\/noticiasribeiraopreto.com.br\/wp-content\/uploads\/2025\/08\/Copia-de-Copia-de-Copia-de-TAMANHO-EXATO-PARA-FOTOS-NO-SISTEMA-NOVO-2025-08-25T125656.336_2025-08-25_15-57-02.webp.webp?fit=1200%2C675&ssl=1&resize=525%2C300 1.5x, https:\/\/i0.wp.com\/noticiasribeiraopreto.com.br\/wp-content\/uploads\/2025\/08\/Copia-de-Copia-de-Copia-de-TAMANHO-EXATO-PARA-FOTOS-NO-SISTEMA-NOVO-2025-08-25T125656.336_2025-08-25_15-57-02.webp.webp?fit=1200%2C675&ssl=1&resize=700%2C400 2x, https:\/\/i0.wp.com\/noticiasribeiraopreto.com.br\/wp-content\/uploads\/2025\/08\/Copia-de-Copia-de-Copia-de-TAMANHO-EXATO-PARA-FOTOS-NO-SISTEMA-NOVO-2025-08-25T125656.336_2025-08-25_15-57-02.webp.webp?fit=1200%2C675&ssl=1&resize=1050%2C600 3x"},"classes":[]},{"id":60033,"url":"https:\/\/noticiasribeiraopreto.com.br\/index.php\/2024\/11\/04\/cpi-das-queimadas-realiza-reuniao-para-discutir-medidas-de-prevencao-e-combate-ao-desmatamento-em-ribeirao-preto\/","url_meta":{"origin":70675,"position":1},"title":"CPI das Queimadas Realiza Reuni\u00e3o para Discutir Medidas de Preven\u00e7\u00e3o e Combate ao Desmatamento em Ribeir\u00e3o Preto","author":"noticiasribeiraopreto.com.br","date":"4 de November de 2024","format":false,"excerpt":"A Comiss\u00e3o Parlamentar de Inqu\u00e9rito (CPI) das Queimadas realizou uma reuni\u00e3o na C\u00e2mara Municipal de Ribeir\u00e3o Preto, na Sala de Comiss\u00f5es, para discutir as medidas necess\u00e1rias para combater o problema das queimadas na cidade e investigar as causas desse fen\u00f4meno que vem causando preju\u00edzos ambientais e \u00e0 sa\u00fade da popula\u00e7\u00e3o.\u2026","rel":"","context":"In &quot;Not\u00edcias de Ribeir\u00e3o Preto-SP e Regi\u00e3o&quot;","block_context":{"text":"Not\u00edcias de Ribeir\u00e3o Preto-SP e Regi\u00e3o","link":"https:\/\/noticiasribeiraopreto.com.br\/index.php\/category\/noticias-de-ribeirao-preto-sp-e-regiao-ismael-colosi\/"},"img":{"alt_text":"","src":"https:\/\/i0.wp.com\/noticiasribeiraopreto.com.br\/wp-content\/uploads\/2024\/11\/cpi-2-scaled.jpg?fit=1200%2C800&ssl=1&resize=350%2C200","width":350,"height":200,"srcset":"https:\/\/i0.wp.com\/noticiasribeiraopreto.com.br\/wp-content\/uploads\/2024\/11\/cpi-2-scaled.jpg?fit=1200%2C800&ssl=1&resize=350%2C200 1x, https:\/\/i0.wp.com\/noticiasribeiraopreto.com.br\/wp-content\/uploads\/2024\/11\/cpi-2-scaled.jpg?fit=1200%2C800&ssl=1&resize=525%2C300 1.5x, https:\/\/i0.wp.com\/noticiasribeiraopreto.com.br\/wp-content\/uploads\/2024\/11\/cpi-2-scaled.jpg?fit=1200%2C800&ssl=1&resize=700%2C400 2x, https:\/\/i0.wp.com\/noticiasribeiraopreto.com.br\/wp-content\/uploads\/2024\/11\/cpi-2-scaled.jpg?fit=1200%2C800&ssl=1&resize=1050%2C600 3x"},"classes":[]},{"id":69694,"url":"https:\/\/noticiasribeiraopreto.com.br\/index.php\/2025\/05\/08\/jornal-da-franca-franca-sedia-treinamento-da-defesa-civil-para-a-operacao-sao-paulo-sem-fogo-2025\/","url_meta":{"origin":70675,"position":2},"title":"Jornal da Franca &#8211; Franca sedia treinamento da Defesa Civil para a Opera\u00e7\u00e3o &#8220;S\u00e3o Paulo Sem Fogo 2025&#8221;","author":"noticiasribeiraopreto.com.br","date":"8 de May de 2025","format":false,"excerpt":"compartilhar no whatsapp compartilhar no telegram compartilhar no facebook compartilhar no linkedin A cidade sediar\u00e1 capacita\u00e7\u00e3o para agentes de Defesa Civil, com foco em preven\u00e7\u00e3o e combate a inc\u00eandios, entre palestras e treinamentos pr\u00e1ticos. Franca recebe treinamento para a Opera\u00e7\u00e3o \u2018S\u00e3o Paulo Sem Fogo 2025\u2019 da Defesa Civil na Uni-Facef\u2026","rel":"","context":"In &quot;Not\u00edcias de Franca-SP&quot;","block_context":{"text":"Not\u00edcias de Franca-SP","link":"https:\/\/noticiasribeiraopreto.com.br\/index.php\/category\/noticias-de-ribeirao-preto-sp-e-regiao-ismael-colosi\/noticias-franca-sp\/"},"img":{"alt_text":"","src":"https:\/\/i0.wp.com\/noticiasribeiraopreto.com.br\/wp-content\/uploads\/2025\/05\/uni-facef-jf-scaled.jpg?fit=1200%2C795&ssl=1&resize=350%2C200","width":350,"height":200,"srcset":"https:\/\/i0.wp.com\/noticiasribeiraopreto.com.br\/wp-content\/uploads\/2025\/05\/uni-facef-jf-scaled.jpg?fit=1200%2C795&ssl=1&resize=350%2C200 1x, https:\/\/i0.wp.com\/noticiasribeiraopreto.com.br\/wp-content\/uploads\/2025\/05\/uni-facef-jf-scaled.jpg?fit=1200%2C795&ssl=1&resize=525%2C300 1.5x, https:\/\/i0.wp.com\/noticiasribeiraopreto.com.br\/wp-content\/uploads\/2025\/05\/uni-facef-jf-scaled.jpg?fit=1200%2C795&ssl=1&resize=700%2C400 2x, https:\/\/i0.wp.com\/noticiasribeiraopreto.com.br\/wp-content\/uploads\/2025\/05\/uni-facef-jf-scaled.jpg?fit=1200%2C795&ssl=1&resize=1050%2C600 3x"},"classes":[]},{"id":75723,"url":"https:\/\/noticiasribeiraopreto.com.br\/index.php\/2025\/08\/14\/do-lixo-ao-fogo-por-que-o-descarte-incorreto-e-combustivel-para-queimadas\/","url_meta":{"origin":70675,"position":3},"title":"Do lixo ao fogo: por que o descarte incorreto \u00e9 combust\u00edvel para queimadas?","author":"noticiasribeiraopreto.com.br","date":"14 de August de 2025","format":false,"excerpt":"O per\u00edodo de estiagem no estado de S\u00e3o Paulo trouxe condi\u00e7\u00f5es clim\u00e1ticas cr\u00edticas, com baixa umidade do ar e alerta m\u00e1ximo de inc\u00eandios emitido pela Defesa Civil. Em Ribeir\u00e3o Preto, a prefeitura decretou estado de alerta para a estiagem, refor\u00e7ando o risco de queimadas e a import\u00e2ncia da preven\u00e7\u00e3o. Um\u2026","rel":"","context":"In &quot;Not\u00edcias de Ribeir\u00e3o Preto-SP e Regi\u00e3o&quot;","block_context":{"text":"Not\u00edcias de Ribeir\u00e3o Preto-SP e Regi\u00e3o","link":"https:\/\/noticiasribeiraopreto.com.br\/index.php\/category\/noticias-de-ribeirao-preto-sp-e-regiao-ismael-colosi\/"},"img":{"alt_text":"","src":"https:\/\/i0.wp.com\/noticiasribeiraopreto.com.br\/wp-content\/uploads\/2025\/08\/Copia-de-Copia-de-Copia-de-TAMANHO-EXATO-PARA-FOTOS-NO-SISTEMA-NOVO-2025-08-14T115526.593_2025-08-14_14-55-51.webp.webp?fit=1200%2C675&ssl=1&resize=350%2C200","width":350,"height":200,"srcset":"https:\/\/i0.wp.com\/noticiasribeiraopreto.com.br\/wp-content\/uploads\/2025\/08\/Copia-de-Copia-de-Copia-de-TAMANHO-EXATO-PARA-FOTOS-NO-SISTEMA-NOVO-2025-08-14T115526.593_2025-08-14_14-55-51.webp.webp?fit=1200%2C675&ssl=1&resize=350%2C200 1x, https:\/\/i0.wp.com\/noticiasribeiraopreto.com.br\/wp-content\/uploads\/2025\/08\/Copia-de-Copia-de-Copia-de-TAMANHO-EXATO-PARA-FOTOS-NO-SISTEMA-NOVO-2025-08-14T115526.593_2025-08-14_14-55-51.webp.webp?fit=1200%2C675&ssl=1&resize=525%2C300 1.5x, https:\/\/i0.wp.com\/noticiasribeiraopreto.com.br\/wp-content\/uploads\/2025\/08\/Copia-de-Copia-de-Copia-de-TAMANHO-EXATO-PARA-FOTOS-NO-SISTEMA-NOVO-2025-08-14T115526.593_2025-08-14_14-55-51.webp.webp?fit=1200%2C675&ssl=1&resize=700%2C400 2x, https:\/\/i0.wp.com\/noticiasribeiraopreto.com.br\/wp-content\/uploads\/2025\/08\/Copia-de-Copia-de-Copia-de-TAMANHO-EXATO-PARA-FOTOS-NO-SISTEMA-NOVO-2025-08-14T115526.593_2025-08-14_14-55-51.webp.webp?fit=1200%2C675&ssl=1&resize=1050%2C600 3x"},"classes":[]},{"id":77971,"url":"https:\/\/noticiasribeiraopreto.com.br\/index.php\/2025\/09\/29\/defesa-civil-emite-alerta-para-incendios-veja-regioes-com-maior-risco\/","url_meta":{"origin":70675,"position":4},"title":"Defesa Civil emite alerta para inc\u00eandios; Veja regi\u00f5es com maior risco","author":"noticiasribeiraopreto.com.br","date":"29 de September de 2025","format":false,"excerpt":"O interior de S\u00e3o Paulo est\u00e1 em alerta para risco elevado de inc\u00eandios florestais nos pr\u00f3ximos dias. O comunicado da Defesa Civil, emitido nesta segunda-feira (29), \u00e9 v\u00e1lido at\u00e9 sexta-feira (3 de outubro). De acordo com o \u00f3rg\u00e3o, o calor intenso e a baixa umidade nos pr\u00f3ximos dias aumentam o\u2026","rel":"","context":"In &quot;Not\u00edcias de Ribeir\u00e3o Preto-SP e Regi\u00e3o&quot;","block_context":{"text":"Not\u00edcias de Ribeir\u00e3o Preto-SP e Regi\u00e3o","link":"https:\/\/noticiasribeiraopreto.com.br\/index.php\/category\/noticias-de-ribeirao-preto-sp-e-regiao-ismael-colosi\/"},"img":{"alt_text":"","src":"https:\/\/i0.wp.com\/noticiasribeiraopreto.com.br\/wp-content\/uploads\/2025\/09\/Copia-de-Copia-de-Copia-de-TAMANHO-EXATO-PARA-FOTOS-NO-SISTEMA-NOVO-2025-09-29T201602.448_2025-09-29_23-17-54.webp.webp?fit=1200%2C675&ssl=1&resize=350%2C200","width":350,"height":200,"srcset":"https:\/\/i0.wp.com\/noticiasribeiraopreto.com.br\/wp-content\/uploads\/2025\/09\/Copia-de-Copia-de-Copia-de-TAMANHO-EXATO-PARA-FOTOS-NO-SISTEMA-NOVO-2025-09-29T201602.448_2025-09-29_23-17-54.webp.webp?fit=1200%2C675&ssl=1&resize=350%2C200 1x, https:\/\/i0.wp.com\/noticiasribeiraopreto.com.br\/wp-content\/uploads\/2025\/09\/Copia-de-Copia-de-Copia-de-TAMANHO-EXATO-PARA-FOTOS-NO-SISTEMA-NOVO-2025-09-29T201602.448_2025-09-29_23-17-54.webp.webp?fit=1200%2C675&ssl=1&resize=525%2C300 1.5x, https:\/\/i0.wp.com\/noticiasribeiraopreto.com.br\/wp-content\/uploads\/2025\/09\/Copia-de-Copia-de-Copia-de-TAMANHO-EXATO-PARA-FOTOS-NO-SISTEMA-NOVO-2025-09-29T201602.448_2025-09-29_23-17-54.webp.webp?fit=1200%2C675&ssl=1&resize=700%2C400 2x, https:\/\/i0.wp.com\/noticiasribeiraopreto.com.br\/wp-content\/uploads\/2025\/09\/Copia-de-Copia-de-Copia-de-TAMANHO-EXATO-PARA-FOTOS-NO-SISTEMA-NOVO-2025-09-29T201602.448_2025-09-29_23-17-54.webp.webp?fit=1200%2C675&ssl=1&resize=1050%2C600 3x"},"classes":[]},{"id":57434,"url":"https:\/\/noticiasribeiraopreto.com.br\/index.php\/2024\/08\/31\/regiao-de-ribeirao-preto-esta-com-novos-focos-ativos-de-incendio\/","url_meta":{"origin":70675,"position":5},"title":"Regi\u00e3o de Ribeir\u00e3o Preto est\u00e1 com novos focos ativos de inc\u00eandio","author":"noticiasribeiraopreto.com.br","date":"31 de August de 2024","format":false,"excerpt":"A Defesa Civil do Estado de S\u00e3o Paulo informou que sete munic\u00edpios do interior paulista est\u00e3o com focos de inc\u00eandio ativos neste s\u00e1bado (31). Conforme o \u00f3rg\u00e3o, a maior parte dos focos est\u00e1 na regi\u00e3o de Ribeir\u00e3o Preto e Franca. Al\u00e9m disso, tamb\u00e9m h\u00e1 registros de inc\u00eandio na \u00e1rea de\u2026","rel":"","context":"In &quot;Not\u00edcias de Ribeir\u00e3o Preto-SP e Regi\u00e3o&quot;","block_context":{"text":"Not\u00edcias de Ribeir\u00e3o Preto-SP e Regi\u00e3o","link":"https:\/\/noticiasribeiraopreto.com.br\/index.php\/category\/noticias-de-ribeirao-preto-sp-e-regiao-ismael-colosi\/"},"img":{"alt_text":"","src":"https:\/\/i0.wp.com\/noticiasribeiraopreto.com.br\/wp-content\/uploads\/2024\/08\/Copia-de-Copia-de-Copia-de-TAMANHO-EXATO-PARA-FOTOS-NO-SISTEMA-NOVO-23_2024-08-31_21-14-53_png_2024-08-31_21-14-54.webp.webp?fit=1200%2C675&ssl=1&resize=350%2C200","width":350,"height":200,"srcset":"https:\/\/i0.wp.com\/noticiasribeiraopreto.com.br\/wp-content\/uploads\/2024\/08\/Copia-de-Copia-de-Copia-de-TAMANHO-EXATO-PARA-FOTOS-NO-SISTEMA-NOVO-23_2024-08-31_21-14-53_png_2024-08-31_21-14-54.webp.webp?fit=1200%2C675&ssl=1&resize=350%2C200 1x, https:\/\/i0.wp.com\/noticiasribeiraopreto.com.br\/wp-content\/uploads\/2024\/08\/Copia-de-Copia-de-Copia-de-TAMANHO-EXATO-PARA-FOTOS-NO-SISTEMA-NOVO-23_2024-08-31_21-14-53_png_2024-08-31_21-14-54.webp.webp?fit=1200%2C675&ssl=1&resize=525%2C300 1.5x, https:\/\/i0.wp.com\/noticiasribeiraopreto.com.br\/wp-content\/uploads\/2024\/08\/Copia-de-Copia-de-Copia-de-TAMANHO-EXATO-PARA-FOTOS-NO-SISTEMA-NOVO-23_2024-08-31_21-14-53_png_2024-08-31_21-14-54.webp.webp?fit=1200%2C675&ssl=1&resize=700%2C400 2x, https:\/\/i0.wp.com\/noticiasribeiraopreto.com.br\/wp-content\/uploads\/2024\/08\/Copia-de-Copia-de-Copia-de-TAMANHO-EXATO-PARA-FOTOS-NO-SISTEMA-NOVO-23_2024-08-31_21-14-53_png_2024-08-31_21-14-54.webp.webp?fit=1200%2C675&ssl=1&resize=1050%2C600 3x"},"classes":[]}],"jetpack_sharing_enabled":true,"jetpack_shortlink":"https:\/\/wp.me\/peQAOb-inV","_links":{"self":[{"href":"https:\/\/noticiasribeiraopreto.com.br\/index.php\/wp-json\/wp\/v2\/posts\/70675","targetHints":{"allow":["GET"]}}],"collection":[{"href":"https:\/\/noticiasribeiraopreto.com.br\/index.php\/wp-json\/wp\/v2\/posts"}],"about":[{"href":"https:\/\/noticiasribeiraopreto.com.br\/index.php\/wp-json\/wp\/v2\/types\/post"}],"author":[{"embeddable":true,"href":"https:\/\/noticiasribeiraopreto.com.br\/index.php\/wp-json\/wp\/v2\/users\/1"}],"replies":[{"embeddable":true,"href":"https:\/\/noticiasribeiraopreto.com.br\/index.php\/wp-json\/wp\/v2\/comments?post=70675"}],"version-history":[{"count":0,"href":"https:\/\/noticiasribeiraopreto.com.br\/index.php\/wp-json\/wp\/v2\/posts\/70675\/revisions"}],"wp:featuredmedia":[{"embeddable":true,"href":"https:\/\/noticiasribeiraopreto.com.br\/index.php\/wp-json\/wp\/v2\/media\/70676"}],"wp:attachment":[{"href":"https:\/\/noticiasribeiraopreto.com.br\/index.php\/wp-json\/wp\/v2\/media?parent=70675"}],"wp:term":[{"taxonomy":"category","embeddable":true,"href":"https:\/\/noticiasribeiraopreto.com.br\/index.php\/wp-json\/wp\/v2\/categories?post=70675"},{"taxonomy":"post_tag","embeddable":true,"href":"https:\/\/noticiasribeiraopreto.com.br\/index.php\/wp-json\/wp\/v2\/tags?post=70675"}],"curies":[{"name":"wp","href":"https:\/\/api.w.org\/{rel}","templated":true}]}}