{"id":70677,"date":"2025-05-28T20:55:50","date_gmt":"2025-05-28T23:55:50","guid":{"rendered":"https:\/\/noticiasribeiraopreto.com.br\/index.php\/2025\/05\/28\/conheca-o-bar-campeao-do-comida-di-buteco-2025-em-ribeirao-preto\/"},"modified":"2025-05-28T20:55:50","modified_gmt":"2025-05-28T23:55:50","slug":"conheca-o-bar-campeao-do-comida-di-buteco-2025-em-ribeirao-preto","status":"publish","type":"post","link":"https:\/\/noticiasribeiraopreto.com.br\/index.php\/2025\/05\/28\/conheca-o-bar-campeao-do-comida-di-buteco-2025-em-ribeirao-preto\/","title":{"rendered":"Conhe\u00e7a o bar campe\u00e3o do Comida di Buteco 2025 em Ribeir\u00e3o Preto"},"content":{"rendered":"<p> <br \/>\n<\/p>\n<div>\n<p>O <strong>Emp\u00f3rio Paulistano venceu o Comida di Buteco 2025<\/strong> em Ribeir\u00e3o Preto. O resultado foi divulgado na noite desta quarta-feira (28). O petisco apresentado pelo vencedor foi um <strong>bolinho de carne su\u00edna recheado com bacon<\/strong>, acompanhado de <strong>molho de geleia de pimenta<\/strong>. <\/p>\n<p>O bar fica localizado na rua Ces\u00e1rio Motta, 1469, no Jardim Paulistano. Com a vit\u00f3ria na etapa local, o estabelecimento avan\u00e7a para a fase nacional do concurso, que define o<strong> Melhor Buteco do Brasil.<\/strong><\/p>\n<p>O <strong>segundo lugar<\/strong> ficou com o <strong>Bar do Jefferson<\/strong>, com o petisco \u201cA vaca foi pro brejo\u201d, um bolinho de vaca atolada recheado com queijo e acompanhado de molho.<\/p>\n<div class=\"wp-block-image\">\n<figure class=\"aligncenter size-large\"><img data-recalc-dims=\"1\" fetchpriority=\"high\" decoding=\"async\" width=\"1024\" height=\"683\" src=\"https:\/\/i0.wp.com\/www.acidadeon.com\/ribeiraopreto\/wp-content\/uploads\/sites\/3\/2025\/05\/bar-dojefferson-2048x1365-1_2025-05-28_22-57-37-1024x683.webp?resize=1024%2C683&#038;ssl=1\" alt=\"\" class=\"wp-image-118221\" srcset=\"https:\/\/www.acidadeon.com\/ribeiraopreto\/wp-content\/uploads\/sites\/3\/2025\/05\/bar-dojefferson-2048x1365-1_2025-05-28_22-57-37-1024x683.webp 1024w, https:\/\/www.acidadeon.com\/ribeiraopreto\/wp-content\/uploads\/sites\/3\/2025\/05\/bar-dojefferson-2048x1365-1_2025-05-28_22-57-37-300x200.webp 300w, https:\/\/www.acidadeon.com\/ribeiraopreto\/wp-content\/uploads\/sites\/3\/2025\/05\/bar-dojefferson-2048x1365-1_2025-05-28_22-57-37-768x512.webp 768w, https:\/\/www.acidadeon.com\/ribeiraopreto\/wp-content\/uploads\/sites\/3\/2025\/05\/bar-dojefferson-2048x1365-1_2025-05-28_22-57-37-696x464.webp 696w, https:\/\/www.acidadeon.com\/ribeiraopreto\/wp-content\/uploads\/sites\/3\/2025\/05\/bar-dojefferson-2048x1365-1_2025-05-28_22-57-37-1068x712.webp 1068w, https:\/\/www.acidadeon.com\/ribeiraopreto\/wp-content\/uploads\/sites\/3\/2025\/05\/bar-dojefferson-2048x1365-1_2025-05-28_22-57-37.webp 1200w\" sizes=\"(max-width: 1024px) 100vw, 1024px\"\/><figcaption class=\"wp-element-caption\">Petisco Bar do Jefferson \u2013 Foto: Divulga\u00e7\u00e3o<\/figcaption><\/figure>\n<\/div>\n<p> O <strong>terceiro colocado foi o Bar da Patroa,<\/strong> com o petisco \u201cBolinho do Porto\u201d, feito de bacalhau do Porto com massa de caboti\u00e1 recheada com queijo mussarela e servido com molho de alho, vinagrete com pimenta e molho t\u00e1rtaro. <\/p>\n<div class=\"wp-block-image\">\n<figure class=\"aligncenter size-large\"><img data-recalc-dims=\"1\" loading=\"lazy\" decoding=\"async\" width=\"1024\" height=\"683\" src=\"https:\/\/i0.wp.com\/www.acidadeon.com\/ribeiraopreto\/wp-content\/uploads\/sites\/3\/2025\/05\/bar-da-patroa-2048x1365-1_2025-05-28_22-58-15-1024x683.webp?resize=1024%2C683&#038;ssl=1\" alt=\"\" class=\"wp-image-118222\" srcset=\"https:\/\/www.acidadeon.com\/ribeiraopreto\/wp-content\/uploads\/sites\/3\/2025\/05\/bar-da-patroa-2048x1365-1_2025-05-28_22-58-15-1024x683.webp 1024w, https:\/\/www.acidadeon.com\/ribeiraopreto\/wp-content\/uploads\/sites\/3\/2025\/05\/bar-da-patroa-2048x1365-1_2025-05-28_22-58-15-300x200.webp 300w, https:\/\/www.acidadeon.com\/ribeiraopreto\/wp-content\/uploads\/sites\/3\/2025\/05\/bar-da-patroa-2048x1365-1_2025-05-28_22-58-15-768x512.webp 768w, https:\/\/www.acidadeon.com\/ribeiraopreto\/wp-content\/uploads\/sites\/3\/2025\/05\/bar-da-patroa-2048x1365-1_2025-05-28_22-58-15-696x464.webp 696w, https:\/\/www.acidadeon.com\/ribeiraopreto\/wp-content\/uploads\/sites\/3\/2025\/05\/bar-da-patroa-2048x1365-1_2025-05-28_22-58-15-1068x712.webp 1068w, https:\/\/www.acidadeon.com\/ribeiraopreto\/wp-content\/uploads\/sites\/3\/2025\/05\/bar-da-patroa-2048x1365-1_2025-05-28_22-58-15.webp 1200w\" sizes=\"auto, (max-width: 1024px) 100vw, 1024px\"\/><figcaption class=\"wp-element-caption\">Petisco Bar da Patroa \u2013 Foto: Divulga\u00e7\u00e3o<\/figcaption><\/figure>\n<\/div>\n<p><strong>Veja v\u00eddeo:<\/strong><\/p>\n<blockquote class=\"instagram-media\" data-instgrm-permalink=\"https:\/\/www.instagram.com\/reel\/DKNvYRfv9vr\/?utm_source=ig_embed&amp;utm_campaign=loading\" data-instgrm-version=\"14\" style=\"background:#FFF;border:0;border-radius:3px;margin: 1px;max-width:540px;min-width:326px;padding:0;width:99.375%;width:-webkit-calc(100% - 2px);width:calc(100% - 2px)\"\/>\n<h3 class=\"wp-block-heading\"><strong>Como funciona a vota\u00e7\u00e3o do Comida di Buteco?<\/strong><\/h3>\n<p><strong>O p\u00fablico e um corpo de jurados especializados votam no concurso<\/strong>, avaliando quatro crit\u00e9rios: <strong>petisco<\/strong>, <strong>temperatura da bebida<\/strong>, <strong>atendimento <\/strong>e<strong> higiene do bar.<\/strong><\/p>\n<p>O petisco tem peso de 70% da nota final. As demais categorias representam 10% cada uma. O voto do p\u00fablico equivale a 50% do total e os outros 50% s\u00e3o definidos pelos jurados.<\/p>\n<p>Os frequentadores dos bares participantes avaliaram os estabelecimentos por meio de c\u00e9dulas ap\u00f3s consumirem o petisco inscrito no concurso. Em paralelo, jurados fizeram as mesmas avalia\u00e7\u00f5es com base nos mesmos crit\u00e9rios.<\/p>\n<hr class=\"wp-block-separator has-alpha-channel-opacity\"\/>\n<p>SAIBA MAIS<\/p>\n<p>Casacos prontos? Confira tr\u00eas destinos para curtir o frio na regi\u00e3o de Ribeir\u00e3o Preto<\/p>\n<h2 class=\"wp-block-heading\"><strong>FIQUE ON<\/strong><\/h2>\n<p>Fique ligado em tudo que acontece em Ribeir\u00e3o Preto e regi\u00e3o. Siga os perfis do<strong>\u00a0acidade on<\/strong>\u00a0no<a href=\"https:\/\/www.instagram.com\/acidadeonribeirao\">\u00a0Instagram\u00a0<\/a>e no\u00a0<a href=\"https:\/\/www.facebook.com\/acidadeonribeirao\/\">Facebook.<\/a><\/p>\n<p>Receba not\u00edcias do\u00a0<strong>acidade on<\/strong>\u00a0no WhatsApp.\u00a0<a href=\"https:\/\/chat.whatsapp.com\/BjKQZ9oJwlz8VVT50NuePq\">Para entrar no grupo, basta clicar aqui.<\/a><\/p>\n<p>Fa\u00e7a uma den\u00fancia ou sugira uma reportagem sobre Ribeir\u00e3o Preto e regi\u00e3o pelo WhatsApp: 16 99117 7802.<\/p>\n<p>VEJA TAMB\u00c9M<\/p>\n<p>O que acontece no final de Big Mouth?<\/p>\n<p><!-- CONTENT END 1 -->\n<\/div>\n<p><script async src=\"\/\/www.instagram.com\/embed.js\"><\/script><br \/>\n<br \/><br \/>\n<br \/><a href=\"https:\/\/www.acidadeon.com\/ribeiraopreto\/lazer-e-cultura\/conheca-o-bar-campeao-do-comida-di-buteco-2025-em-ribeirao-preto\/\">Source link <\/a><\/p>\n","protected":false},"excerpt":{"rendered":"<p>O Emp\u00f3rio Paulistano venceu o Comida di Buteco 2025 em Ribeir\u00e3o Preto. O resultado foi divulgado na noite desta quarta-feira (28). O petisco apresentado pelo&#8230;<\/p>\n","protected":false},"author":1,"featured_media":70678,"comment_status":"open","ping_status":"open","sticky":false,"template":"","format":"standard","meta":{"advanced_seo_description":"","jetpack_seo_html_title":"","jetpack_seo_noindex":false,"jetpack_post_was_ever_published":false,"_jetpack_newsletter_access":"","_jetpack_dont_email_post_to_subs":false,"_jetpack_newsletter_tier_id":0,"_jetpack_memberships_contains_paywalled_content":false,"_jetpack_memberships_contains_paid_content":false,"footnotes":"","jetpack_publicize_message":"","jetpack_publicize_feature_enabled":true,"jetpack_social_post_already_shared":true,"jetpack_social_options":{"image_generator_settings":{"template":"highway","default_image_id":0,"font":"","enabled":false},"version":2}},"categories":[11],"tags":[],"class_list":["post-70677","post","type-post","status-publish","format-standard","has-post-thumbnail","hentry","category-noticias-de-ribeirao-preto-sp-e-regiao-ismael-colosi"],"jetpack_publicize_connections":[],"jetpack_featured_media_url":"https:\/\/i0.wp.com\/noticiasribeiraopreto.com.br\/wp-content\/uploads\/2025\/05\/Copia-de-Copia-de-Copia-de-TAMANHO-EXATO-PARA-FOTOS-NO-SISTEMA-NOVO-2025-05-28T200108.821_2025-05-28_23-01-25.webp.webp?fit=1200%2C675&ssl=1","jetpack-related-posts":[{"id":66807,"url":"https:\/\/noticiasribeiraopreto.com.br\/index.php\/2025\/04\/05\/comida-di-buteco-confira-os-pratos-dos-bares-participantes-em-ribeirao\/","url_meta":{"origin":70677,"position":0},"title":"Comida di Buteco: Confira os pratos dos bares participantes em Ribeir\u00e3o","author":"noticiasribeiraopreto.com.br","date":"5 de April de 2025","format":false,"excerpt":"Come\u00e7a na sexta-feira (11), a edi\u00e7\u00e3o de 2025 do concurso gastron\u00f4mico \u201cComida Di Buteco\u201d. Em Ribeir\u00e3o Preto, 27 bares participam da competi\u00e7\u00e3o em busca do t\u00edtulo de \u201cMelhor Buteco da Cidade\u201d. O concurso \u00e9 divido em duas etapas: ap\u00f3s a elei\u00e7\u00e3o dos vencedores de cada circuito, um novo j\u00fari visita\u2026","rel":"","context":"In &quot;Not\u00edcias de Ribeir\u00e3o Preto-SP e Regi\u00e3o&quot;","block_context":{"text":"Not\u00edcias de Ribeir\u00e3o Preto-SP e Regi\u00e3o","link":"https:\/\/noticiasribeiraopreto.com.br\/index.php\/category\/noticias-de-ribeirao-preto-sp-e-regiao-ismael-colosi\/"},"img":{"alt_text":"","src":"https:\/\/i0.wp.com\/noticiasribeiraopreto.com.br\/wp-content\/uploads\/2025\/04\/Design-sem-nome-2-1_2025-04-05_20-36-05_jpg_2025-04-05_20-36-05.webp.webp?fit=1200%2C675&ssl=1&resize=350%2C200","width":350,"height":200,"srcset":"https:\/\/i0.wp.com\/noticiasribeiraopreto.com.br\/wp-content\/uploads\/2025\/04\/Design-sem-nome-2-1_2025-04-05_20-36-05_jpg_2025-04-05_20-36-05.webp.webp?fit=1200%2C675&ssl=1&resize=350%2C200 1x, https:\/\/i0.wp.com\/noticiasribeiraopreto.com.br\/wp-content\/uploads\/2025\/04\/Design-sem-nome-2-1_2025-04-05_20-36-05_jpg_2025-04-05_20-36-05.webp.webp?fit=1200%2C675&ssl=1&resize=525%2C300 1.5x, https:\/\/i0.wp.com\/noticiasribeiraopreto.com.br\/wp-content\/uploads\/2025\/04\/Design-sem-nome-2-1_2025-04-05_20-36-05_jpg_2025-04-05_20-36-05.webp.webp?fit=1200%2C675&ssl=1&resize=700%2C400 2x, https:\/\/i0.wp.com\/noticiasribeiraopreto.com.br\/wp-content\/uploads\/2025\/04\/Design-sem-nome-2-1_2025-04-05_20-36-05_jpg_2025-04-05_20-36-05.webp.webp?fit=1200%2C675&ssl=1&resize=1050%2C600 3x"},"classes":[]},{"id":51758,"url":"https:\/\/noticiasribeiraopreto.com.br\/index.php\/2024\/05\/29\/confira-qual-e-o-bar-campeao-do-comida-di-buteco-em-ribeirao-preto\/","url_meta":{"origin":70677,"position":1},"title":"Confira qual \u00e9 o bar campe\u00e3o do Comida di Buteco em Ribeir\u00e3o Preto","author":"noticiasribeiraopreto.com.br","date":"29 de May de 2024","format":false,"excerpt":"O Federal Bar \u00e9 o grande vencedor do Comida di Buteco 2024 em Ribeir\u00e3o Preto. O resultado do concurso foi anunciado na noite desta quarta-feira (29). Essa \u00e9 a segunda vez que o bar participa da competi\u00e7\u00e3o. Localizada na rua Daniel Kujawski, 930, no Jardim Jardim Macedo, o prato do\u2026","rel":"","context":"In &quot;Not\u00edcias de Ribeir\u00e3o Preto-SP e Regi\u00e3o&quot;","block_context":{"text":"Not\u00edcias de Ribeir\u00e3o Preto-SP e Regi\u00e3o","link":"https:\/\/noticiasribeiraopreto.com.br\/index.php\/category\/noticias-de-ribeirao-preto-sp-e-regiao-ismael-colosi\/"},"img":{"alt_text":"","src":"https:\/\/i0.wp.com\/noticiasribeiraopreto.com.br\/wp-content\/uploads\/2024\/05\/WhatsApp-Image-2024-05-29-at-21.27.47_2024-05-30_00-29-17_jpeg_2024-05-30_00-29-18-scaled.webp.webp?fit=1200%2C763&ssl=1&resize=350%2C200","width":350,"height":200,"srcset":"https:\/\/i0.wp.com\/noticiasribeiraopreto.com.br\/wp-content\/uploads\/2024\/05\/WhatsApp-Image-2024-05-29-at-21.27.47_2024-05-30_00-29-17_jpeg_2024-05-30_00-29-18-scaled.webp.webp?fit=1200%2C763&ssl=1&resize=350%2C200 1x, https:\/\/i0.wp.com\/noticiasribeiraopreto.com.br\/wp-content\/uploads\/2024\/05\/WhatsApp-Image-2024-05-29-at-21.27.47_2024-05-30_00-29-17_jpeg_2024-05-30_00-29-18-scaled.webp.webp?fit=1200%2C763&ssl=1&resize=525%2C300 1.5x, https:\/\/i0.wp.com\/noticiasribeiraopreto.com.br\/wp-content\/uploads\/2024\/05\/WhatsApp-Image-2024-05-29-at-21.27.47_2024-05-30_00-29-17_jpeg_2024-05-30_00-29-18-scaled.webp.webp?fit=1200%2C763&ssl=1&resize=700%2C400 2x, https:\/\/i0.wp.com\/noticiasribeiraopreto.com.br\/wp-content\/uploads\/2024\/05\/WhatsApp-Image-2024-05-29-at-21.27.47_2024-05-30_00-29-17_jpeg_2024-05-30_00-29-18-scaled.webp.webp?fit=1200%2C763&ssl=1&resize=1050%2C600 3x"},"classes":[]},{"id":67239,"url":"https:\/\/noticiasribeiraopreto.com.br\/index.php\/2025\/04\/11\/conheca-os-bares-do-comida-di-buteco-2025-em-ribeirao-preto\/","url_meta":{"origin":70677,"position":2},"title":"Conhe\u00e7a os bares do Comida di Buteco 2025 em Ribeir\u00e3o Preto","author":"noticiasribeiraopreto.com.br","date":"11 de April de 2025","format":false,"excerpt":"De 11 de abril a 4 de maio, Ribeir\u00e3o Preto (SP) sediar\u00e1 o concurso gastron\u00f4mico Comida di Buteco, com participa\u00e7\u00e3o de 27 bares espalhados pela cidade. A competi\u00e7\u00e3o acontece em duas etapas: ap\u00f3s a elei\u00e7\u00e3o dos vencedores de cada circuito, um novo j\u00fari visita e avalia os campe\u00f5es, escolhendo o\u2026","rel":"","context":"In &quot;Not\u00edcias de Ribeir\u00e3o Preto-SP e Regi\u00e3o&quot;","block_context":{"text":"Not\u00edcias de Ribeir\u00e3o Preto-SP e Regi\u00e3o","link":"https:\/\/noticiasribeiraopreto.com.br\/index.php\/category\/noticias-de-ribeirao-preto-sp-e-regiao-ismael-colosi\/"},"img":{"alt_text":"","src":"https:\/\/i0.wp.com\/noticiasribeiraopreto.com.br\/wp-content\/uploads\/2025\/04\/1-2025-04-10T173118.651_2025-04-10_20-35-09_png_2025-04-10_20-35-09.webp.webp?fit=1200%2C800&ssl=1&resize=350%2C200","width":350,"height":200,"srcset":"https:\/\/i0.wp.com\/noticiasribeiraopreto.com.br\/wp-content\/uploads\/2025\/04\/1-2025-04-10T173118.651_2025-04-10_20-35-09_png_2025-04-10_20-35-09.webp.webp?fit=1200%2C800&ssl=1&resize=350%2C200 1x, https:\/\/i0.wp.com\/noticiasribeiraopreto.com.br\/wp-content\/uploads\/2025\/04\/1-2025-04-10T173118.651_2025-04-10_20-35-09_png_2025-04-10_20-35-09.webp.webp?fit=1200%2C800&ssl=1&resize=525%2C300 1.5x, https:\/\/i0.wp.com\/noticiasribeiraopreto.com.br\/wp-content\/uploads\/2025\/04\/1-2025-04-10T173118.651_2025-04-10_20-35-09_png_2025-04-10_20-35-09.webp.webp?fit=1200%2C800&ssl=1&resize=700%2C400 2x, https:\/\/i0.wp.com\/noticiasribeiraopreto.com.br\/wp-content\/uploads\/2025\/04\/1-2025-04-10T173118.651_2025-04-10_20-35-09_png_2025-04-10_20-35-09.webp.webp?fit=1200%2C800&ssl=1&resize=1050%2C600 3x"},"classes":[]},{"id":66377,"url":"https:\/\/noticiasribeiraopreto.com.br\/index.php\/2025\/03\/31\/veja-os-27-bares-de-ribeirao-preto-participantes-do-comida-di-buteco-2025\/","url_meta":{"origin":70677,"position":3},"title":"Veja os 27 bares de Ribeir\u00e3o Preto participantes do Comida Di Buteco 2025","author":"noticiasribeiraopreto.com.br","date":"31 de March de 2025","format":false,"excerpt":"A edi\u00e7\u00e3o de 2025 do concurso gastron\u00f4mico \u201cComida Di Buteco\u201d come\u00e7a no pr\u00f3ximo dia 11 de abril e segue at\u00e9 4 de maio e conta com a participa\u00e7\u00e3o de 27 bares de Ribeir\u00e3o Preto. Veja quais abaixo. A competi\u00e7\u00e3o \u00e9 divida em duas etapas: ap\u00f3s a elei\u00e7\u00e3o dos vencedores de\u2026","rel":"","context":"In &quot;Not\u00edcias de Ribeir\u00e3o Preto-SP e Regi\u00e3o&quot;","block_context":{"text":"Not\u00edcias de Ribeir\u00e3o Preto-SP e Regi\u00e3o","link":"https:\/\/noticiasribeiraopreto.com.br\/index.php\/category\/noticias-de-ribeirao-preto-sp-e-regiao-ismael-colosi\/"},"img":{"alt_text":"","src":"https:\/\/i0.wp.com\/noticiasribeiraopreto.com.br\/wp-content\/uploads\/2025\/03\/Copia-de-Copia-de-Copia-de-TAMANHO-EXATO-PARA-FOTOS-NO-SISTEMA-NOVO-38_2025-03-31_14-51-05_jpg_2025-03-31_14-51-05.webp.webp?fit=1200%2C675&ssl=1&resize=350%2C200","width":350,"height":200,"srcset":"https:\/\/i0.wp.com\/noticiasribeiraopreto.com.br\/wp-content\/uploads\/2025\/03\/Copia-de-Copia-de-Copia-de-TAMANHO-EXATO-PARA-FOTOS-NO-SISTEMA-NOVO-38_2025-03-31_14-51-05_jpg_2025-03-31_14-51-05.webp.webp?fit=1200%2C675&ssl=1&resize=350%2C200 1x, https:\/\/i0.wp.com\/noticiasribeiraopreto.com.br\/wp-content\/uploads\/2025\/03\/Copia-de-Copia-de-Copia-de-TAMANHO-EXATO-PARA-FOTOS-NO-SISTEMA-NOVO-38_2025-03-31_14-51-05_jpg_2025-03-31_14-51-05.webp.webp?fit=1200%2C675&ssl=1&resize=525%2C300 1.5x, https:\/\/i0.wp.com\/noticiasribeiraopreto.com.br\/wp-content\/uploads\/2025\/03\/Copia-de-Copia-de-Copia-de-TAMANHO-EXATO-PARA-FOTOS-NO-SISTEMA-NOVO-38_2025-03-31_14-51-05_jpg_2025-03-31_14-51-05.webp.webp?fit=1200%2C675&ssl=1&resize=700%2C400 2x, https:\/\/i0.wp.com\/noticiasribeiraopreto.com.br\/wp-content\/uploads\/2025\/03\/Copia-de-Copia-de-Copia-de-TAMANHO-EXATO-PARA-FOTOS-NO-SISTEMA-NOVO-38_2025-03-31_14-51-05_jpg_2025-03-31_14-51-05.webp.webp?fit=1200%2C675&ssl=1&resize=1050%2C600 3x"},"classes":[]},{"id":44549,"url":"https:\/\/noticiasribeiraopreto.com.br\/index.php\/2024\/03\/28\/conheca-os-bares-e-petiscos-do-comida-di-buteco-2024-em-rp\/","url_meta":{"origin":70677,"position":4},"title":"Conhe\u00e7a os bares e petiscos do Comida di Buteco 2024 em RP","author":"noticiasribeiraopreto.com.br","date":"28 de March de 2024","format":false,"excerpt":"Ribeir\u00e3o Preto recebe, entre os dias 5 e 28 de abril, a 24\u00aa edi\u00e7\u00e3o do Comida di Buteco. Com o lema \u201cSomos Todos Buteco\u201d, o concurso quer trazer o buteco como protagonista da sociedade brasileira, valorizando a \u201ccultura botequeira\u201d, segundo os organizadores. O objetivo do concurso, que est\u00e1 em sua\u2026","rel":"","context":"In &quot;Not\u00edcias de Ribeir\u00e3o Preto-SP e Regi\u00e3o&quot;","block_context":{"text":"Not\u00edcias de Ribeir\u00e3o Preto-SP e Regi\u00e3o","link":"https:\/\/noticiasribeiraopreto.com.br\/index.php\/category\/noticias-de-ribeirao-preto-sp-e-regiao-ismael-colosi\/"},"img":{"alt_text":"","src":"https:\/\/i0.wp.com\/noticiasribeiraopreto.com.br\/wp-content\/uploads\/2024\/03\/Mares-Peixe-Bar_Costelinha-de-Tambaqui-do-Mares_-Ribeirao-Preto2022_Renata-Prado-2-e1679400948605-q73n19ake66czvz8azp6l4txxwtwpkk294dyf55fu8.jpg?fit=750%2C500&ssl=1&resize=350%2C200","width":350,"height":200,"srcset":"https:\/\/i0.wp.com\/noticiasribeiraopreto.com.br\/wp-content\/uploads\/2024\/03\/Mares-Peixe-Bar_Costelinha-de-Tambaqui-do-Mares_-Ribeirao-Preto2022_Renata-Prado-2-e1679400948605-q73n19ake66czvz8azp6l4txxwtwpkk294dyf55fu8.jpg?fit=750%2C500&ssl=1&resize=350%2C200 1x, https:\/\/i0.wp.com\/noticiasribeiraopreto.com.br\/wp-content\/uploads\/2024\/03\/Mares-Peixe-Bar_Costelinha-de-Tambaqui-do-Mares_-Ribeirao-Preto2022_Renata-Prado-2-e1679400948605-q73n19ake66czvz8azp6l4txxwtwpkk294dyf55fu8.jpg?fit=750%2C500&ssl=1&resize=525%2C300 1.5x, https:\/\/i0.wp.com\/noticiasribeiraopreto.com.br\/wp-content\/uploads\/2024\/03\/Mares-Peixe-Bar_Costelinha-de-Tambaqui-do-Mares_-Ribeirao-Preto2022_Renata-Prado-2-e1679400948605-q73n19ake66czvz8azp6l4txxwtwpkk294dyf55fu8.jpg?fit=750%2C500&ssl=1&resize=700%2C400 2x"},"classes":[]},{"id":69119,"url":"https:\/\/noticiasribeiraopreto.com.br\/index.php\/2025\/05\/02\/ultimo-fim-de-semana-do-comida-di-buteco-em-ribeirao-confira-os-petiscos-participantes\/","url_meta":{"origin":70677,"position":5},"title":"\u00daltimo fim de semana do Comida di Buteco em Ribeir\u00e3o: confira os petiscos participantes","author":"noticiasribeiraopreto.com.br","date":"2 de May de 2025","format":false,"excerpt":"O concurso gastron\u00f4mico Comida di Buteco acontece at\u00e9 o pr\u00f3ximo domingo (4) em Ribeir\u00e3o Preto. Nesta edi\u00e7\u00e3o, s\u00e3o 27 bares participantes espalhados pela cidade \u2013 confira abaixo. A avalia\u00e7\u00e3o segue sendo dividida em quatro crit\u00e9rios: atendimento, temperatura da bebida, higiene e petisco. A porcentagem dos votos conta com 50% p\u00fablico\u2026","rel":"","context":"In &quot;Not\u00edcias de Ribeir\u00e3o Preto-SP e Regi\u00e3o&quot;","block_context":{"text":"Not\u00edcias de Ribeir\u00e3o Preto-SP e Regi\u00e3o","link":"https:\/\/noticiasribeiraopreto.com.br\/index.php\/category\/noticias-de-ribeirao-preto-sp-e-regiao-ismael-colosi\/"},"img":{"alt_text":"","src":"https:\/\/i0.wp.com\/noticiasribeiraopreto.com.br\/wp-content\/uploads\/2025\/03\/Copia-de-Copia-de-Copia-de-TAMANHO-EXATO-PARA-FOTOS-NO-SISTEMA-NOVO-38_2025-03-31_14-51-05_jpg_2025-03-31_14-51-05.webp.webp?fit=1200%2C675&ssl=1&resize=350%2C200","width":350,"height":200,"srcset":"https:\/\/i0.wp.com\/noticiasribeiraopreto.com.br\/wp-content\/uploads\/2025\/03\/Copia-de-Copia-de-Copia-de-TAMANHO-EXATO-PARA-FOTOS-NO-SISTEMA-NOVO-38_2025-03-31_14-51-05_jpg_2025-03-31_14-51-05.webp.webp?fit=1200%2C675&ssl=1&resize=350%2C200 1x, https:\/\/i0.wp.com\/noticiasribeiraopreto.com.br\/wp-content\/uploads\/2025\/03\/Copia-de-Copia-de-Copia-de-TAMANHO-EXATO-PARA-FOTOS-NO-SISTEMA-NOVO-38_2025-03-31_14-51-05_jpg_2025-03-31_14-51-05.webp.webp?fit=1200%2C675&ssl=1&resize=525%2C300 1.5x, https:\/\/i0.wp.com\/noticiasribeiraopreto.com.br\/wp-content\/uploads\/2025\/03\/Copia-de-Copia-de-Copia-de-TAMANHO-EXATO-PARA-FOTOS-NO-SISTEMA-NOVO-38_2025-03-31_14-51-05_jpg_2025-03-31_14-51-05.webp.webp?fit=1200%2C675&ssl=1&resize=700%2C400 2x, https:\/\/i0.wp.com\/noticiasribeiraopreto.com.br\/wp-content\/uploads\/2025\/03\/Copia-de-Copia-de-Copia-de-TAMANHO-EXATO-PARA-FOTOS-NO-SISTEMA-NOVO-38_2025-03-31_14-51-05_jpg_2025-03-31_14-51-05.webp.webp?fit=1200%2C675&ssl=1&resize=1050%2C600 3x"},"classes":[]}],"jetpack_sharing_enabled":true,"jetpack_shortlink":"https:\/\/wp.me\/peQAOb-inX","_links":{"self":[{"href":"https:\/\/noticiasribeiraopreto.com.br\/index.php\/wp-json\/wp\/v2\/posts\/70677","targetHints":{"allow":["GET"]}}],"collection":[{"href":"https:\/\/noticiasribeiraopreto.com.br\/index.php\/wp-json\/wp\/v2\/posts"}],"about":[{"href":"https:\/\/noticiasribeiraopreto.com.br\/index.php\/wp-json\/wp\/v2\/types\/post"}],"author":[{"embeddable":true,"href":"https:\/\/noticiasribeiraopreto.com.br\/index.php\/wp-json\/wp\/v2\/users\/1"}],"replies":[{"embeddable":true,"href":"https:\/\/noticiasribeiraopreto.com.br\/index.php\/wp-json\/wp\/v2\/comments?post=70677"}],"version-history":[{"count":0,"href":"https:\/\/noticiasribeiraopreto.com.br\/index.php\/wp-json\/wp\/v2\/posts\/70677\/revisions"}],"wp:featuredmedia":[{"embeddable":true,"href":"https:\/\/noticiasribeiraopreto.com.br\/index.php\/wp-json\/wp\/v2\/media\/70678"}],"wp:attachment":[{"href":"https:\/\/noticiasribeiraopreto.com.br\/index.php\/wp-json\/wp\/v2\/media?parent=70677"}],"wp:term":[{"taxonomy":"category","embeddable":true,"href":"https:\/\/noticiasribeiraopreto.com.br\/index.php\/wp-json\/wp\/v2\/categories?post=70677"},{"taxonomy":"post_tag","embeddable":true,"href":"https:\/\/noticiasribeiraopreto.com.br\/index.php\/wp-json\/wp\/v2\/tags?post=70677"}],"curies":[{"name":"wp","href":"https:\/\/api.w.org\/{rel}","templated":true}]}}