{"id":70679,"date":"2025-05-28T21:02:36","date_gmt":"2025-05-29T00:02:36","guid":{"rendered":"https:\/\/noticiasribeiraopreto.com.br\/index.php\/2025\/05\/28\/concerto-gratuito-na-catedral-de-ribeirao-preto-leva-obras-sacras-ao-publico-veja-quando\/"},"modified":"2025-05-28T21:02:36","modified_gmt":"2025-05-29T00:02:36","slug":"concerto-gratuito-na-catedral-de-ribeirao-preto-leva-obras-sacras-ao-publico-veja-quando","status":"publish","type":"post","link":"https:\/\/noticiasribeiraopreto.com.br\/index.php\/2025\/05\/28\/concerto-gratuito-na-catedral-de-ribeirao-preto-leva-obras-sacras-ao-publico-veja-quando\/","title":{"rendered":"Concerto gratuito na Catedral de Ribeir\u00e3o Preto leva obras sacras ao p\u00fablico; Veja quando"},"content":{"rendered":"<p> <br \/>\n<\/p>\n<div>\n<p>A <strong>Catedral Metropolitana de Ribeir\u00e3o Preto<\/strong>, no Centro do munic\u00edpio, recebe neste <strong>domingo (1\u00ba)<\/strong>, \u00e0s 20h, mais uma edi\u00e7\u00e3o do <strong>Concerto USP na Catedral<\/strong>, programa\u00e7\u00e3o cultural que integra a campanha \u201c<strong>Salve a Catedral<\/strong>\u201d. <mark style=\"background-color:#fcb900\" class=\"has-inline-color\">A entrada \u00e9 gratuita e aberta \u00e0 popula\u00e7\u00e3o.<\/mark><\/p>\n<p>Com o programa \u201c<strong>Exsultate Deo: A M\u00fasica e o Sagrado<\/strong>\u201d, o espet\u00e1culo convida o p\u00fablico a mergulhar na tradi\u00e7\u00e3o da m\u00fasica sacra, por meio de obras de grandes compositores como <strong>Handel<\/strong>, <strong>Vivaldi<\/strong>, <strong>Gounod<\/strong>, <strong>Vavilov<\/strong>, <strong>Francesco Durante <\/strong>e mais.<\/p>\n<p>Para o <strong>padre Francisco Jaber Zanardo Moussa<\/strong>, os concertos refor\u00e7am o papel da Catedral como lugar n\u00e3o apenas de religiosidade, mas tamb\u00e9m de cultura e preserva\u00e7\u00e3o.<\/p>\n<figure class=\"wp-block-pullquote\">\n<blockquote>\n<p>A iniciativa Salve a Catedral busca unir a comunidade em torno da valoriza\u00e7\u00e3o do nosso patrim\u00f4nio hist\u00f3rico. Cada apresenta\u00e7\u00e3o \u00e9 um convite \u00e0 contempla\u00e7\u00e3o e ao cuidado com esse s\u00edmbolo t\u00e3o importante para Ribeir\u00e3o Preto<\/p>\n<\/blockquote>\n<\/figure>\n<h2 class=\"wp-block-heading\"><strong>Repert\u00f3rio<\/strong><\/h2>\n<p>O repert\u00f3rio inclui <strong>\u00e1rias<\/strong> e <strong>motetos <\/strong>como <strong>Ave Maria<\/strong>, <strong>Laudamus Te<\/strong>, <strong>Domine Deus<\/strong>, entre outras pe\u00e7as que exaltam o sagrado por meio da arte musical.<\/p>\n<p>A apresenta\u00e7\u00e3o contar\u00e1 com <strong>cantoras e cantores solistas<\/strong>: Padre Christian Ferreira, Gabrielly Pinheiro, Lu\u00edsa Brito, Runimatsuri e Yuka de Almeida Prado, al\u00e9m da <strong>forma\u00e7\u00e3o do madrigal<\/strong> com Bianca Antonelli, Lucas Souza, Nathan Granero e Geovany Faria, entre outros integrantes.<\/p>\n<p>Como <strong>instrumentistas<\/strong>, Christian Yokosawa assume o piano e o \u00f3rg\u00e3o, os violinos ser\u00e3o executados por Geovany Faria, Sara Cesca e Miguel Marra; e o violoncelo, por Bianca Antonelli.<\/p>\n<p>A <strong>dire\u00e7\u00e3o art\u00edstica<\/strong> \u00e9 assinada pela <strong>professora Yuka de Almeida Prado<\/strong> e pelo <strong>professor Lucas Eduardo da Silva Galon<\/strong>, que tamb\u00e9m assina a reg\u00eancia do concerto.<\/p>\n<div class=\"wp-block-image\">\n<figure class=\"aligncenter size-large is-resized\"><img data-recalc-dims=\"1\" fetchpriority=\"high\" decoding=\"async\" width=\"1024\" height=\"970\" src=\"https:\/\/i0.wp.com\/www.acidadeon.com\/ribeiraopreto\/wp-content\/uploads\/sites\/3\/2025\/05\/WhatsApp-Image-2025-05-28-at-13.38.54_2025-05-28_21-48-58-1024x970.webp?resize=1024%2C970&#038;ssl=1\" alt=\"Concerto USP na Catedral leva obras sacras ao p\u00fablico em apresenta\u00e7\u00e3o gratuita - Foto: divulga\u00e7\u00e3o.\" class=\"wp-image-118214\" style=\"width:572px;height:auto\" srcset=\"https:\/\/www.acidadeon.com\/ribeiraopreto\/wp-content\/uploads\/sites\/3\/2025\/05\/WhatsApp-Image-2025-05-28-at-13.38.54_2025-05-28_21-48-58-1024x970.webp 1024w, https:\/\/www.acidadeon.com\/ribeiraopreto\/wp-content\/uploads\/sites\/3\/2025\/05\/WhatsApp-Image-2025-05-28-at-13.38.54_2025-05-28_21-48-58-300x284.webp 300w, https:\/\/www.acidadeon.com\/ribeiraopreto\/wp-content\/uploads\/sites\/3\/2025\/05\/WhatsApp-Image-2025-05-28-at-13.38.54_2025-05-28_21-48-58-768x728.webp 768w, https:\/\/www.acidadeon.com\/ribeiraopreto\/wp-content\/uploads\/sites\/3\/2025\/05\/WhatsApp-Image-2025-05-28-at-13.38.54_2025-05-28_21-48-58-696x659.webp 696w, https:\/\/www.acidadeon.com\/ribeiraopreto\/wp-content\/uploads\/sites\/3\/2025\/05\/WhatsApp-Image-2025-05-28-at-13.38.54_2025-05-28_21-48-58-1068x1012.webp 1068w, https:\/\/www.acidadeon.com\/ribeiraopreto\/wp-content\/uploads\/sites\/3\/2025\/05\/WhatsApp-Image-2025-05-28-at-13.38.54_2025-05-28_21-48-58.webp 1200w\" sizes=\"(max-width: 1024px) 100vw, 1024px\"\/><figcaption class=\"wp-element-caption\">Concerto USP na Catedral leva obras sacras ao p\u00fablico em apresenta\u00e7\u00e3o gratuita \u2013 Foto: divulga\u00e7\u00e3o.<\/figcaption><\/figure>\n<\/div>\n<h3 class=\"wp-block-heading\"><strong>Confira os destaques da programa\u00e7\u00e3o<\/strong><\/h3>\n<ul class=\"wp-block-list\">\n<li>Vladimir Vavilov (1925\u20131973) \u2013 Ave Maria<\/li>\n<li>Francesco Durante (1684\u20131755) \u2013 Vergin tutto amor<\/li>\n<li>Fructuoso Vianna (1896\u20131976) \u2013 Ave Maria<\/li>\n<li>Georg Friedrich Handel (1685\u20131759) \u2013 Pure del ciel<\/li>\n<li>Manuel Dias de Oliveira (Vila de S\u00e3o Jos\u00e9, 1734\/5\u20131813) \u2013 Bajulans<\/li>\n<li>Antonio Vivaldi (1678\u20131741) \u2013 Laudamus Te, do \u201cGloria\u201d \/ Domine Deus, do \u201cGloria\u201d<\/li>\n<li>Charles Gounod (1818\u20131893) \u2013 Ave Maria \/ Repentir<\/li>\n<\/ul>\n<h4 class=\"wp-block-heading\"><strong>Servi\u00e7o<\/strong><\/h4>\n<p><em>Concerto USP na Catedral \u2013 \u201cExsultate Deo: A M\u00fasica e o Sagrado\u201d<\/em><\/p>\n<p>Quando: 1\u00ba de junho de 2025 (domingo)<\/p>\n<p>Hor\u00e1rio: 20h<\/p>\n<p>Local: Catedral Metropolitana de Ribeir\u00e3o Preto \u2013 rua Flor\u00eancio de Abreu, s\/n, Centro<\/p>\n<p>Entrada: Gratuita e aberta ao p\u00fablico<\/p>\n<hr class=\"wp-block-separator has-alpha-channel-opacity\"\/>\n<p>SAIBA MAIS<\/p>\n<p>Casacos prontos? Confira tr\u00eas destinos para curtir o frio na regi\u00e3o de Ribeir\u00e3o Preto<\/p>\n<h2 class=\"wp-block-heading\"><strong>FIQUE ON<\/strong><\/h2>\n<p>Fique ligado em tudo que acontece em Ribeir\u00e3o Preto e regi\u00e3o. Siga os perfis do<strong>\u00a0acidade on<\/strong>\u00a0no<a href=\"https:\/\/www.instagram.com\/acidadeonribeirao\">\u00a0Instagram\u00a0<\/a>e no\u00a0<a href=\"https:\/\/www.facebook.com\/acidadeonribeirao\/\">Facebook.<\/a><\/p>\n<p>Receba not\u00edcias do\u00a0<strong>acidade on<\/strong>\u00a0no WhatsApp.\u00a0<a href=\"https:\/\/chat.whatsapp.com\/BjKQZ9oJwlz8VVT50NuePq\">Para entrar no grupo, basta clicar aqui.<\/a><\/p>\n<p>Fa\u00e7a uma den\u00fancia ou sugira uma reportagem sobre Ribeir\u00e3o Preto e regi\u00e3o pelo WhatsApp: 16 99117 7802.<\/p>\n<p>VEJA TAMB\u00c9M<\/p>\n<p>O que acontece no final de Big Mouth?<\/p>\n<p><!-- CONTENT END 1 -->\n<\/div>\n<p><script async src=\"\/\/www.instagram.com\/embed.js\"><\/script><br \/>\n<br \/><br \/>\n<br \/><a href=\"https:\/\/www.acidadeon.com\/ribeiraopreto\/lazer-e-cultura\/concerto-gratuito-na-catedral-de-ribeirao-preto-leva-obras-sacras-ao-publico-veja-quando\/\">Source link <\/a><\/p>\n","protected":false},"excerpt":{"rendered":"<p>A Catedral Metropolitana de Ribeir\u00e3o Preto, no Centro do munic\u00edpio, recebe neste domingo (1\u00ba), \u00e0s 20h, mais uma edi\u00e7\u00e3o do Concerto USP na Catedral, programa\u00e7\u00e3o&#8230;<\/p>\n","protected":false},"author":1,"featured_media":70680,"comment_status":"open","ping_status":"open","sticky":false,"template":"","format":"standard","meta":{"advanced_seo_description":"","jetpack_seo_html_title":"","jetpack_seo_noindex":false,"jetpack_post_was_ever_published":false,"_jetpack_newsletter_access":"","_jetpack_dont_email_post_to_subs":false,"_jetpack_newsletter_tier_id":0,"_jetpack_memberships_contains_paywalled_content":false,"_jetpack_memberships_contains_paid_content":false,"footnotes":"","jetpack_publicize_message":"","jetpack_publicize_feature_enabled":true,"jetpack_social_post_already_shared":true,"jetpack_social_options":{"image_generator_settings":{"template":"highway","default_image_id":0,"font":"","enabled":false},"version":2}},"categories":[11],"tags":[],"class_list":["post-70679","post","type-post","status-publish","format-standard","has-post-thumbnail","hentry","category-noticias-de-ribeirao-preto-sp-e-regiao-ismael-colosi"],"jetpack_publicize_connections":[],"jetpack_featured_media_url":"https:\/\/i0.wp.com\/noticiasribeiraopreto.com.br\/wp-content\/uploads\/2025\/05\/20220618_024226476_catedral_sao_1200x675_17062022004910-1.jpg?fit=1200%2C675&ssl=1","jetpack-related-posts":[{"id":82869,"url":"https:\/\/noticiasribeiraopreto.com.br\/index.php\/2026\/03\/01\/serie-concertos-usp-na-catedral-abre-temporada-2026\/","url_meta":{"origin":70679,"position":0},"title":"S\u00e9rie Concertos USP na Catedral abre temporada 2026","author":"noticiasribeiraopreto.com.br","date":"1 de March de 2026","format":false,"excerpt":"A S\u00e9rie Concertos USP na Catedral inicia sua temporada de 2026 neste domingo, 1\u00ba de mar\u00e7o, na Catedral Metropolitana de Ribeir\u00e3o Preto, \u00e0s 20h. A apresenta\u00e7\u00e3o re\u00fane canto e piano em programa dedicado a obras do s\u00e9culo XX, reafirmando a parceria entre o Departamento de M\u00fasica da Faculdade de Filosofia,\u2026","rel":"","context":"In &quot;Not\u00edcias de Ribeir\u00e3o Preto-SP e Regi\u00e3o&quot;","block_context":{"text":"Not\u00edcias de Ribeir\u00e3o Preto-SP e Regi\u00e3o","link":"https:\/\/noticiasribeiraopreto.com.br\/index.php\/category\/noticias-de-ribeirao-preto-sp-e-regiao-ismael-colosi\/"},"img":{"alt_text":"","src":"https:\/\/i0.wp.com\/noticiasribeiraopreto.com.br\/wp-content\/uploads\/2026\/03\/concerto-usp.jpg?fit=780%2C780&ssl=1&resize=350%2C200","width":350,"height":200,"srcset":"https:\/\/i0.wp.com\/noticiasribeiraopreto.com.br\/wp-content\/uploads\/2026\/03\/concerto-usp.jpg?fit=780%2C780&ssl=1&resize=350%2C200 1x, https:\/\/i0.wp.com\/noticiasribeiraopreto.com.br\/wp-content\/uploads\/2026\/03\/concerto-usp.jpg?fit=780%2C780&ssl=1&resize=525%2C300 1.5x, https:\/\/i0.wp.com\/noticiasribeiraopreto.com.br\/wp-content\/uploads\/2026\/03\/concerto-usp.jpg?fit=780%2C780&ssl=1&resize=700%2C400 2x"},"classes":[]},{"id":74963,"url":"https:\/\/noticiasribeiraopreto.com.br\/index.php\/2025\/07\/31\/catedral-de-ribeirao-preto-recebe-concerto-da-usp-entrada-e-gratuita\/","url_meta":{"origin":70679,"position":1},"title":"Catedral de Ribeir\u00e3o Preto recebe Concerto da USP; entrada \u00e9 gratuita","author":"noticiasribeiraopreto.com.br","date":"31 de July de 2025","format":false,"excerpt":"No pr\u00f3ximo domingo (3), \u00e0s 20h, a Catedral Metropolitana de Ribeir\u00e3o Preto ser\u00e1 palco de mais uma edi\u00e7\u00e3o do Concerto USP na Catedral. O evento que integra a campanha solid\u00e1ria \u201cSalve a Catedral\u201d, voltada \u00e0 valoriza\u00e7\u00e3o e preserva\u00e7\u00e3o do patrim\u00f4nio hist\u00f3rico e arquitet\u00f4nico de Ribeir\u00e3o Preto. A apresenta\u00e7\u00e3o aberta ter\u00e1\u2026","rel":"","context":"In &quot;Not\u00edcias de Ribeir\u00e3o Preto-SP e Regi\u00e3o&quot;","block_context":{"text":"Not\u00edcias de Ribeir\u00e3o Preto-SP e Regi\u00e3o","link":"https:\/\/noticiasribeiraopreto.com.br\/index.php\/category\/noticias-de-ribeirao-preto-sp-e-regiao-ismael-colosi\/"},"img":{"alt_text":"","src":"https:\/\/i0.wp.com\/noticiasribeiraopreto.com.br\/wp-content\/uploads\/2025\/07\/concerto-usp-2_2025-07-31_20-04-54.webp.webp?fit=900%2C643&ssl=1&resize=350%2C200","width":350,"height":200,"srcset":"https:\/\/i0.wp.com\/noticiasribeiraopreto.com.br\/wp-content\/uploads\/2025\/07\/concerto-usp-2_2025-07-31_20-04-54.webp.webp?fit=900%2C643&ssl=1&resize=350%2C200 1x, https:\/\/i0.wp.com\/noticiasribeiraopreto.com.br\/wp-content\/uploads\/2025\/07\/concerto-usp-2_2025-07-31_20-04-54.webp.webp?fit=900%2C643&ssl=1&resize=525%2C300 1.5x, https:\/\/i0.wp.com\/noticiasribeiraopreto.com.br\/wp-content\/uploads\/2025\/07\/concerto-usp-2_2025-07-31_20-04-54.webp.webp?fit=900%2C643&ssl=1&resize=700%2C400 2x"},"classes":[]},{"id":80400,"url":"https:\/\/noticiasribeiraopreto.com.br\/index.php\/2025\/12\/03\/catedral-de-ribeirao-preto-recebe-concerto-especial-de-natal-no-final-de-semana\/","url_meta":{"origin":70679,"position":2},"title":"Catedral de Ribeir\u00e3o Preto recebe concerto especial de Natal no final de semana","author":"noticiasribeiraopreto.com.br","date":"3 de December de 2025","format":false,"excerpt":"A Catedral Metropolitana de Ribeir\u00e3o Preto recebe no domingo (7), uma apresenta\u00e7\u00e3o especial do Coral da Unaerp (Universidade de Ribeir\u00e3o Preto), \u00e0s 20h. O concerto \u00e9 gratuito e aberto ao p\u00fablico. A apresenta\u00e7\u00e3o faz parte da programa\u00e7\u00e3o natalina organizada pela Comiss\u00e3o de Preserva\u00e7\u00e3o e Restaura\u00e7\u00e3o da Catedral em prol da\u2026","rel":"","context":"In &quot;Not\u00edcias de Ribeir\u00e3o Preto-SP e Regi\u00e3o&quot;","block_context":{"text":"Not\u00edcias de Ribeir\u00e3o Preto-SP e Regi\u00e3o","link":"https:\/\/noticiasribeiraopreto.com.br\/index.php\/category\/noticias-de-ribeirao-preto-sp-e-regiao-ismael-colosi\/"},"img":{"alt_text":"","src":"https:\/\/i0.wp.com\/noticiasribeiraopreto.com.br\/wp-content\/uploads\/2025\/12\/Tratadas_Solenidade-100-Anos-Unaerp-50_2025-12-02_23-26-19.webp.webp?fit=1200%2C800&ssl=1&resize=350%2C200","width":350,"height":200,"srcset":"https:\/\/i0.wp.com\/noticiasribeiraopreto.com.br\/wp-content\/uploads\/2025\/12\/Tratadas_Solenidade-100-Anos-Unaerp-50_2025-12-02_23-26-19.webp.webp?fit=1200%2C800&ssl=1&resize=350%2C200 1x, https:\/\/i0.wp.com\/noticiasribeiraopreto.com.br\/wp-content\/uploads\/2025\/12\/Tratadas_Solenidade-100-Anos-Unaerp-50_2025-12-02_23-26-19.webp.webp?fit=1200%2C800&ssl=1&resize=525%2C300 1.5x, https:\/\/i0.wp.com\/noticiasribeiraopreto.com.br\/wp-content\/uploads\/2025\/12\/Tratadas_Solenidade-100-Anos-Unaerp-50_2025-12-02_23-26-19.webp.webp?fit=1200%2C800&ssl=1&resize=700%2C400 2x, https:\/\/i0.wp.com\/noticiasribeiraopreto.com.br\/wp-content\/uploads\/2025\/12\/Tratadas_Solenidade-100-Anos-Unaerp-50_2025-12-02_23-26-19.webp.webp?fit=1200%2C800&ssl=1&resize=1050%2C600 3x"},"classes":[]},{"id":67272,"url":"https:\/\/noticiasribeiraopreto.com.br\/index.php\/2025\/04\/11\/orquestra-sinfonica-realiza-concerto-em-prol-da-catedral-de-ribeirao-preto\/","url_meta":{"origin":70679,"position":3},"title":"Orquestra Sinf\u00f4nica realiza concerto em prol da Catedral de Ribeir\u00e3o Preto","author":"noticiasribeiraopreto.com.br","date":"11 de April de 2025","format":false,"excerpt":"A Orquestra Sinf\u00f4nica de Ribeir\u00e3o Preto apresenta neste domingo (13) a obra de Mozart em concerto em prol da Catedral de Ribeir\u00e3o Preto. A a\u00e7\u00e3o solid\u00e1ria da campanha \u201cSalve a Catedral\u201d visa arrecadar recursos para as obras de restaura\u00e7\u00e3o do edif\u00edcio hist\u00f3rico. A Orquestra Sinf\u00f4nica da cidade executar\u00e1 o c\u00e9lebre\u2026","rel":"","context":"In &quot;Not\u00edcias de Ribeir\u00e3o Preto-SP e Regi\u00e3o&quot;","block_context":{"text":"Not\u00edcias de Ribeir\u00e3o Preto-SP e Regi\u00e3o","link":"https:\/\/noticiasribeiraopreto.com.br\/index.php\/category\/noticias-de-ribeirao-preto-sp-e-regiao-ismael-colosi\/"},"img":{"alt_text":"","src":"https:\/\/i0.wp.com\/noticiasribeiraopreto.com.br\/wp-content\/uploads\/2025\/04\/20240413_286_2025-04-11_17-08-15_jpg_2025-04-11_17-08-17-scaled.webp.webp?fit=1200%2C630&ssl=1&resize=350%2C200","width":350,"height":200,"srcset":"https:\/\/i0.wp.com\/noticiasribeiraopreto.com.br\/wp-content\/uploads\/2025\/04\/20240413_286_2025-04-11_17-08-15_jpg_2025-04-11_17-08-17-scaled.webp.webp?fit=1200%2C630&ssl=1&resize=350%2C200 1x, https:\/\/i0.wp.com\/noticiasribeiraopreto.com.br\/wp-content\/uploads\/2025\/04\/20240413_286_2025-04-11_17-08-15_jpg_2025-04-11_17-08-17-scaled.webp.webp?fit=1200%2C630&ssl=1&resize=525%2C300 1.5x, https:\/\/i0.wp.com\/noticiasribeiraopreto.com.br\/wp-content\/uploads\/2025\/04\/20240413_286_2025-04-11_17-08-15_jpg_2025-04-11_17-08-17-scaled.webp.webp?fit=1200%2C630&ssl=1&resize=700%2C400 2x, https:\/\/i0.wp.com\/noticiasribeiraopreto.com.br\/wp-content\/uploads\/2025\/04\/20240413_286_2025-04-11_17-08-15_jpg_2025-04-11_17-08-17-scaled.webp.webp?fit=1200%2C630&ssl=1&resize=1050%2C600 3x"},"classes":[]},{"id":76757,"url":"https:\/\/noticiasribeiraopreto.com.br\/index.php\/2025\/09\/04\/catedral-de-ribeirao-preto-recebe-concerto-gratuito-veja-quando\/","url_meta":{"origin":70679,"position":4},"title":"Catedral de Ribeir\u00e3o Preto recebe concerto gratuito; veja quando","author":"noticiasribeiraopreto.com.br","date":"4 de September de 2025","format":false,"excerpt":"A Catedral Metropolitana de Ribeir\u00e3o Preto recebe neste domingo (7), \u00e0s 20h, mais uma edi\u00e7\u00e3o da s\u00e9rie Concertos USP na Catedral. A apresenta\u00e7\u00e3o tem entrada gratuita e re\u00fane jovens m\u00fasicos do Departamento de M\u00fasica da USP. O programa conta com a participa\u00e7\u00e3o de: Jo\u00e3o Henrique Moreira Duarte (viol\u00e3o) Lucas Menezes\u2026","rel":"","context":"In &quot;Not\u00edcias de Ribeir\u00e3o Preto-SP e Regi\u00e3o&quot;","block_context":{"text":"Not\u00edcias de Ribeir\u00e3o Preto-SP e Regi\u00e3o","link":"https:\/\/noticiasribeiraopreto.com.br\/index.php\/category\/noticias-de-ribeirao-preto-sp-e-regiao-ismael-colosi\/"},"img":{"alt_text":"","src":"https:\/\/i0.wp.com\/noticiasribeiraopreto.com.br\/wp-content\/uploads\/2025\/09\/catedral-ribeirao-preto_2025-05-24_16-57-04.webp.webp?fit=1200%2C800&ssl=1&resize=350%2C200","width":350,"height":200,"srcset":"https:\/\/i0.wp.com\/noticiasribeiraopreto.com.br\/wp-content\/uploads\/2025\/09\/catedral-ribeirao-preto_2025-05-24_16-57-04.webp.webp?fit=1200%2C800&ssl=1&resize=350%2C200 1x, https:\/\/i0.wp.com\/noticiasribeiraopreto.com.br\/wp-content\/uploads\/2025\/09\/catedral-ribeirao-preto_2025-05-24_16-57-04.webp.webp?fit=1200%2C800&ssl=1&resize=525%2C300 1.5x, https:\/\/i0.wp.com\/noticiasribeiraopreto.com.br\/wp-content\/uploads\/2025\/09\/catedral-ribeirao-preto_2025-05-24_16-57-04.webp.webp?fit=1200%2C800&ssl=1&resize=700%2C400 2x, https:\/\/i0.wp.com\/noticiasribeiraopreto.com.br\/wp-content\/uploads\/2025\/09\/catedral-ribeirao-preto_2025-05-24_16-57-04.webp.webp?fit=1200%2C800&ssl=1&resize=1050%2C600 3x"},"classes":[]},{"id":68955,"url":"https:\/\/noticiasribeiraopreto.com.br\/index.php\/2025\/04\/30\/catedral-metropolitana-apresenta-concerto-da-usp\/","url_meta":{"origin":70679,"position":5},"title":"Catedral Metropolitana apresenta Concerto da USP","author":"noticiasribeiraopreto.com.br","date":"30 de April de 2025","format":false,"excerpt":"Neste domingo (4\/5) acontece o Concerto USP na Catedral, \u00e0s 20h, com apresenta\u00e7\u00e3o do Trio Brasileiro de Cordas. Totalmente gratuita e aberta \u00e0 popula\u00e7\u00e3o, a programa\u00e7\u00e3o faz parte do circuito de atividades da campanha \u201cSalve a Catedral\u201d. Formado pelos renomados m\u00fasicos Andr\u00e9 Micheletti (Cello), Gustavo Costa (Viol\u00e3o) e Marcos Santos\u2026","rel":"","context":"In &quot;Not\u00edcias de Ribeir\u00e3o Preto-SP e Regi\u00e3o&quot;","block_context":{"text":"Not\u00edcias de Ribeir\u00e3o Preto-SP e Regi\u00e3o","link":"https:\/\/noticiasribeiraopreto.com.br\/index.php\/category\/noticias-de-ribeirao-preto-sp-e-regiao-ismael-colosi\/"},"img":{"alt_text":"","src":"https:\/\/i0.wp.com\/noticiasribeiraopreto.com.br\/wp-content\/uploads\/2025\/04\/trio-scaled.jpg?fit=333%2C500&ssl=1&resize=350%2C200","width":350,"height":200},"classes":[]}],"jetpack_sharing_enabled":true,"jetpack_shortlink":"https:\/\/wp.me\/peQAOb-inZ","_links":{"self":[{"href":"https:\/\/noticiasribeiraopreto.com.br\/index.php\/wp-json\/wp\/v2\/posts\/70679","targetHints":{"allow":["GET"]}}],"collection":[{"href":"https:\/\/noticiasribeiraopreto.com.br\/index.php\/wp-json\/wp\/v2\/posts"}],"about":[{"href":"https:\/\/noticiasribeiraopreto.com.br\/index.php\/wp-json\/wp\/v2\/types\/post"}],"author":[{"embeddable":true,"href":"https:\/\/noticiasribeiraopreto.com.br\/index.php\/wp-json\/wp\/v2\/users\/1"}],"replies":[{"embeddable":true,"href":"https:\/\/noticiasribeiraopreto.com.br\/index.php\/wp-json\/wp\/v2\/comments?post=70679"}],"version-history":[{"count":0,"href":"https:\/\/noticiasribeiraopreto.com.br\/index.php\/wp-json\/wp\/v2\/posts\/70679\/revisions"}],"wp:featuredmedia":[{"embeddable":true,"href":"https:\/\/noticiasribeiraopreto.com.br\/index.php\/wp-json\/wp\/v2\/media\/70680"}],"wp:attachment":[{"href":"https:\/\/noticiasribeiraopreto.com.br\/index.php\/wp-json\/wp\/v2\/media?parent=70679"}],"wp:term":[{"taxonomy":"category","embeddable":true,"href":"https:\/\/noticiasribeiraopreto.com.br\/index.php\/wp-json\/wp\/v2\/categories?post=70679"},{"taxonomy":"post_tag","embeddable":true,"href":"https:\/\/noticiasribeiraopreto.com.br\/index.php\/wp-json\/wp\/v2\/tags?post=70679"}],"curies":[{"name":"wp","href":"https:\/\/api.w.org\/{rel}","templated":true}]}}