{"id":70681,"date":"2025-05-28T21:09:58","date_gmt":"2025-05-29T00:09:58","guid":{"rendered":"https:\/\/noticiasribeiraopreto.com.br\/index.php\/2025\/05\/28\/saiba-quando-estreia-a-serie-da-netflix-com-cenas-gravadas-em-ribeirao-preto\/"},"modified":"2025-05-28T21:09:58","modified_gmt":"2025-05-29T00:09:58","slug":"saiba-quando-estreia-a-serie-da-netflix-com-cenas-gravadas-em-ribeirao-preto","status":"publish","type":"post","link":"https:\/\/noticiasribeiraopreto.com.br\/index.php\/2025\/05\/28\/saiba-quando-estreia-a-serie-da-netflix-com-cenas-gravadas-em-ribeirao-preto\/","title":{"rendered":"Saiba quando estreia a s\u00e9rie da Netflix com cenas gravadas em Ribeir\u00e3o Preto"},"content":{"rendered":"<p> <br \/>\n<\/p>\n<div data-td-block-uid=\"tdi_95\">\n<div class=\"tdb-block-inner td-fix-index\">\n<p><strong>Gravada parcialmente em Ribeir\u00e3o Preto em julho de 2024<\/strong>, a segunda temporada da s\u00e9rie <em>DNA do Crime<\/em>, produ\u00e7\u00e3o original da Netflix,<strong> chega ao cat\u00e1logo da plataforma no dia 4 de junho.<\/strong> <\/p>\n<p>A s\u00e9rie conta a hist\u00f3ria de opera\u00e7\u00f5es policiais reais na fronteira entre<strong> Brasil e Paraguai<\/strong>. A trama mostra investiga\u00e7\u00f5es de crimes de grande porte conduzidas por for\u00e7as de seguran\u00e7a dos dois pa\u00edses.<\/p>\n<p>Durante as filmagens, <strong>a produ\u00e7\u00e3o interditou temporariamente trechos importantes de Ribeir\u00e3o Preto,<\/strong> como a <strong>avenida Maur\u00edlio Biagi<\/strong>, <strong>avenida Jer\u00f4nimo Gon\u00e7alves<\/strong> e a <strong>marginal da avenida Bandeirantes<\/strong>, para gravar as cenas.<\/p>\n<h2 class=\"wp-block-heading\"><strong>Relembre<\/strong>:<\/h2>\n<blockquote class=\"instagram-media\" data-instgrm-permalink=\"https:\/\/www.instagram.com\/reel\/C9h3TnBuMxn\/?utm_source=ig_embed&amp;utm_campaign=loading\" data-instgrm-version=\"14\" style=\"background:#FFF;border:0;border-radius:3px;margin: 1px;max-width:540px;min-width:326px;padding:0;width:99.375%;width:-webkit-calc(100% - 2px);width:calc(100% - 2px)\"\/>\n<p><strong><em>DNA do Crime<\/em> <\/strong>estreou em 2023 e alcan\u00e7ou altos \u00edndices de audi\u00eancia, figurando entre os conte\u00fados mais assistidos da Netflix no Brasil. <\/p>\n<hr class=\"wp-block-separator has-alpha-channel-opacity\"\/>\n<p>SAIBA MAIS<\/p>\n<p>Projeto de lei que pro\u00edbe acorrentar c\u00e3es e gatos em SP \u00e9 aprovado; Entenda<\/p>\n<h2 class=\"wp-block-heading\"><strong>FIQUE ON<\/strong><\/h2>\n<p>Fique ligado em tudo que acontece em Ribeir\u00e3o Preto e regi\u00e3o. Siga os perfis do<strong>\u00a0acidade on<\/strong>\u00a0no<a href=\"https:\/\/www.instagram.com\/acidadeonribeirao\">\u00a0Instagram\u00a0<\/a>e no\u00a0<a href=\"https:\/\/www.facebook.com\/acidadeonribeirao\/\">Facebook.<\/a><\/p>\n<p>Receba not\u00edcias do\u00a0<strong>acidade on<\/strong>\u00a0no WhatsApp.\u00a0<a href=\"https:\/\/chat.whatsapp.com\/BjKQZ9oJwlz8VVT50NuePq\">Para entrar no grupo, basta clicar aqui.<\/a><\/p>\n<p>Fa\u00e7a uma den\u00fancia ou sugira uma reportagem sobre Ribeir\u00e3o Preto e regi\u00e3o pelo WhatsApp: 16 99117 7802.<\/p>\n<p>VEJA TAMB\u00c9M<\/p>\n<p>Quando Alessia Cara vem para o Brasil?<\/p>\n<p><!-- CONTENT END 1 -->\n<\/div>\n<\/div>\n<p><script async src=\"\/\/www.instagram.com\/embed.js\"><\/script><br \/>\n<br \/><br \/>\n<br \/><a href=\"https:\/\/www.acidadeon.com\/ribeiraopreto\/cotidiano\/saiba-quando-estreiaa-serie-da-netflix-com-cenas-gravadas-em-ribeirao-preto\/\">Source link <\/a><\/p>\n","protected":false},"excerpt":{"rendered":"<p>Gravada parcialmente em Ribeir\u00e3o Preto em julho de 2024, a segunda temporada da s\u00e9rie DNA do Crime, produ\u00e7\u00e3o original da Netflix, chega ao cat\u00e1logo da&#8230;<\/p>\n","protected":false},"author":1,"featured_media":70682,"comment_status":"open","ping_status":"open","sticky":false,"template":"","format":"standard","meta":{"advanced_seo_description":"","jetpack_seo_html_title":"","jetpack_seo_noindex":false,"jetpack_post_was_ever_published":false,"_jetpack_newsletter_access":"","_jetpack_dont_email_post_to_subs":false,"_jetpack_newsletter_tier_id":0,"_jetpack_memberships_contains_paywalled_content":false,"_jetpack_memberships_contains_paid_content":false,"footnotes":"","jetpack_publicize_message":"","jetpack_publicize_feature_enabled":true,"jetpack_social_post_already_shared":true,"jetpack_social_options":{"image_generator_settings":{"template":"highway","default_image_id":0,"font":"","enabled":false},"version":2}},"categories":[11],"tags":[],"class_list":["post-70681","post","type-post","status-publish","format-standard","has-post-thumbnail","hentry","category-noticias-de-ribeirao-preto-sp-e-regiao-ismael-colosi"],"jetpack_publicize_connections":[],"jetpack_featured_media_url":"https:\/\/i0.wp.com\/noticiasribeiraopreto.com.br\/wp-content\/uploads\/2025\/05\/Copia-de-Copia-de-Copia-de-TAMANHO-EXATO-PARA-FOTOS-NO-SISTEMA-NOVO-2025-05-28T184549.680_2025-05-28_21-51-44.webp.webp?fit=1200%2C675&ssl=1","jetpack-related-posts":[{"id":60943,"url":"https:\/\/noticiasribeiraopreto.com.br\/index.php\/2024\/11\/29\/conheca-o-ator-de-ribeirao-preto-que-participa-da-serie-senna-da-netflix\/","url_meta":{"origin":70681,"position":0},"title":"Conhe\u00e7a o ator de Ribeir\u00e3o Preto que participa da s\u00e9rie &#8216;Senna&#8217;, da Netflix","author":"noticiasribeiraopreto.com.br","date":"29 de November de 2024","format":false,"excerpt":"A s\u00e9rie \u201cSenna\u201d, lan\u00e7ada nesta sexta-feira (29), conta a hist\u00f3ria de Ayrton Senna, um dos maiores pilotos de F\u00f3rmula 1 de todos os tempos. A s\u00e9rie est\u00e1 dispon\u00edvel na plataforma de streaming Netflix e conta com o ator Felipe Prioli, de Ribeir\u00e3o Preto. Ele interpretou o ex-piloto italiano Riccardo Patrese.\u2026","rel":"","context":"In &quot;Not\u00edcias de Ribeir\u00e3o Preto-SP e Regi\u00e3o&quot;","block_context":{"text":"Not\u00edcias de Ribeir\u00e3o Preto-SP e Regi\u00e3o","link":"https:\/\/noticiasribeiraopreto.com.br\/index.php\/category\/noticias-de-ribeirao-preto-sp-e-regiao-ismael-colosi\/"},"img":{"alt_text":"","src":"https:\/\/i0.wp.com\/noticiasribeiraopreto.com.br\/wp-content\/uploads\/2024\/11\/IMG_5947_2024-11-29_16-26-53_jpg_2024-11-29_16-26-53.webp.webp?fit=1200%2C800&ssl=1&resize=350%2C200","width":350,"height":200,"srcset":"https:\/\/i0.wp.com\/noticiasribeiraopreto.com.br\/wp-content\/uploads\/2024\/11\/IMG_5947_2024-11-29_16-26-53_jpg_2024-11-29_16-26-53.webp.webp?fit=1200%2C800&ssl=1&resize=350%2C200 1x, https:\/\/i0.wp.com\/noticiasribeiraopreto.com.br\/wp-content\/uploads\/2024\/11\/IMG_5947_2024-11-29_16-26-53_jpg_2024-11-29_16-26-53.webp.webp?fit=1200%2C800&ssl=1&resize=525%2C300 1.5x, https:\/\/i0.wp.com\/noticiasribeiraopreto.com.br\/wp-content\/uploads\/2024\/11\/IMG_5947_2024-11-29_16-26-53_jpg_2024-11-29_16-26-53.webp.webp?fit=1200%2C800&ssl=1&resize=700%2C400 2x, https:\/\/i0.wp.com\/noticiasribeiraopreto.com.br\/wp-content\/uploads\/2024\/11\/IMG_5947_2024-11-29_16-26-53_jpg_2024-11-29_16-26-53.webp.webp?fit=1200%2C800&ssl=1&resize=1050%2C600 3x"},"classes":[]},{"id":70643,"url":"https:\/\/noticiasribeiraopreto.com.br\/index.php\/2025\/05\/28\/cena-de-acidente-chama-atencao-na-avenida-jeronimo-goncalves-em-ribeirao-preto-entenda\/","url_meta":{"origin":70681,"position":1},"title":"Cena de acidente chama aten\u00e7\u00e3o na avenida Jer\u00f4nimo Gon\u00e7alves em Ribeir\u00e3o Preto; Entenda","author":"noticiasribeiraopreto.com.br","date":"28 de May de 2025","format":false,"excerpt":"Uma nova simula\u00e7\u00e3o de acidente de tr\u00e2nsito chama a aten\u00e7\u00e3o na manh\u00e3 desta quarta-feira (28), desta vez na avenida Jer\u00f4nimo Gon\u00e7alves, em Ribeir\u00e3o Preto. A a\u00e7\u00e3o do Educa Mobi, programa educativo da RP Mobi, quer alertar sobre os perigos da pr\u00e1tica da rabeira, especialmente nos \u00f4nibus do transporte p\u00fablico. Parte\u2026","rel":"","context":"In &quot;Not\u00edcias de Ribeir\u00e3o Preto-SP e Regi\u00e3o&quot;","block_context":{"text":"Not\u00edcias de Ribeir\u00e3o Preto-SP e Regi\u00e3o","link":"https:\/\/noticiasribeiraopreto.com.br\/index.php\/category\/noticias-de-ribeirao-preto-sp-e-regiao-ismael-colosi\/"},"img":{"alt_text":"","src":"https:\/\/i0.wp.com\/noticiasribeiraopreto.com.br\/wp-content\/uploads\/2025\/05\/WhatsApp-Image-2025-05-28-at-10.01.10_2025-05-28_14-26-53.webp.webp?fit=1200%2C900&ssl=1&resize=350%2C200","width":350,"height":200,"srcset":"https:\/\/i0.wp.com\/noticiasribeiraopreto.com.br\/wp-content\/uploads\/2025\/05\/WhatsApp-Image-2025-05-28-at-10.01.10_2025-05-28_14-26-53.webp.webp?fit=1200%2C900&ssl=1&resize=350%2C200 1x, https:\/\/i0.wp.com\/noticiasribeiraopreto.com.br\/wp-content\/uploads\/2025\/05\/WhatsApp-Image-2025-05-28-at-10.01.10_2025-05-28_14-26-53.webp.webp?fit=1200%2C900&ssl=1&resize=525%2C300 1.5x, https:\/\/i0.wp.com\/noticiasribeiraopreto.com.br\/wp-content\/uploads\/2025\/05\/WhatsApp-Image-2025-05-28-at-10.01.10_2025-05-28_14-26-53.webp.webp?fit=1200%2C900&ssl=1&resize=700%2C400 2x, https:\/\/i0.wp.com\/noticiasribeiraopreto.com.br\/wp-content\/uploads\/2025\/05\/WhatsApp-Image-2025-05-28-at-10.01.10_2025-05-28_14-26-53.webp.webp?fit=1200%2C900&ssl=1&resize=1050%2C600 3x"},"classes":[]},{"id":70713,"url":"https:\/\/noticiasribeiraopreto.com.br\/index.php\/2025\/05\/29\/o-frio-chegou-entenda-o-que-e-a-minima-invertida-fenomeno-que-pode-atingir-ribeirao-preto\/","url_meta":{"origin":70681,"position":2},"title":"O frio chegou: Entenda o que \u00e9 a m\u00ednima invertida, fen\u00f4meno que pode atingir Ribeir\u00e3o Preto","author":"noticiasribeiraopreto.com.br","date":"29 de May de 2025","format":false,"excerpt":"Com a passagem da frente fria que causou uma virada no tempo, a temperatura come\u00e7ou a cair em Ribeir\u00e3o Preto. E pode cair ainda mais ao longo do dia. Segundo a Climatempo, nesta quinta-feira (29), com o afastamento desse sistema, o ar polar avan\u00e7a com for\u00e7a e derruba as temperaturas.\u2026","rel":"","context":"In &quot;Not\u00edcias de Ribeir\u00e3o Preto-SP e Regi\u00e3o&quot;","block_context":{"text":"Not\u00edcias de Ribeir\u00e3o Preto-SP e Regi\u00e3o","link":"https:\/\/noticiasribeiraopreto.com.br\/index.php\/category\/noticias-de-ribeirao-preto-sp-e-regiao-ismael-colosi\/"},"img":{"alt_text":"","src":"https:\/\/i0.wp.com\/noticiasribeiraopreto.com.br\/wp-content\/uploads\/2025\/05\/clima_tempo_1024x576_30072021190747.jpg?fit=1024%2C576&ssl=1&resize=350%2C200","width":350,"height":200,"srcset":"https:\/\/i0.wp.com\/noticiasribeiraopreto.com.br\/wp-content\/uploads\/2025\/05\/clima_tempo_1024x576_30072021190747.jpg?fit=1024%2C576&ssl=1&resize=350%2C200 1x, https:\/\/i0.wp.com\/noticiasribeiraopreto.com.br\/wp-content\/uploads\/2025\/05\/clima_tempo_1024x576_30072021190747.jpg?fit=1024%2C576&ssl=1&resize=525%2C300 1.5x, https:\/\/i0.wp.com\/noticiasribeiraopreto.com.br\/wp-content\/uploads\/2025\/05\/clima_tempo_1024x576_30072021190747.jpg?fit=1024%2C576&ssl=1&resize=700%2C400 2x"},"classes":[]},{"id":75145,"url":"https:\/\/noticiasribeiraopreto.com.br\/index.php\/2025\/08\/04\/do-campo-ao-streaming-ex-jogador-do-botafogo-de-ribeirao-atuara-em-serie-da-netflix\/","url_meta":{"origin":70681,"position":3},"title":"Do campo ao streaming: ex-jogador do Botafogo de Ribeir\u00e3o atuar\u00e1 em s\u00e9rie da Netflix","author":"noticiasribeiraopreto.com.br","date":"4 de August de 2025","format":false,"excerpt":"A Netflix iniciou a produ\u00e7\u00e3o da s\u00e9rie \u201cBrasil 70, A Saga do Tri\u201d, que retrata os bastidores da conquista do tricampeonato mundial da Sele\u00e7\u00e3o Brasileira. O elenco conta com atores que interpretar\u00e3o nomes hist\u00f3ricos do futebol, como Pel\u00e9, Tost\u00e3o, Jairzinho, Rivellino, Carlos Alberto, entre outros. O ex-volante Fillipe Soutto, que\u2026","rel":"","context":"In &quot;Not\u00edcias de Ribeir\u00e3o Preto-SP e Regi\u00e3o&quot;","block_context":{"text":"Not\u00edcias de Ribeir\u00e3o Preto-SP e Regi\u00e3o","link":"https:\/\/noticiasribeiraopreto.com.br\/index.php\/category\/noticias-de-ribeirao-preto-sp-e-regiao-ismael-colosi\/"},"img":{"alt_text":"","src":"https:\/\/i0.wp.com\/noticiasribeiraopreto.com.br\/wp-content\/uploads\/2025\/08\/Copia-de-Copia-de-Copia-de-TAMANHO-EXATO-PARA-FOTOS-NO-SISTEMA-NOVO-2025-08-04T150550.019_2025-08-04_18-06-21.webp.webp?fit=1200%2C675&ssl=1&resize=350%2C200","width":350,"height":200,"srcset":"https:\/\/i0.wp.com\/noticiasribeiraopreto.com.br\/wp-content\/uploads\/2025\/08\/Copia-de-Copia-de-Copia-de-TAMANHO-EXATO-PARA-FOTOS-NO-SISTEMA-NOVO-2025-08-04T150550.019_2025-08-04_18-06-21.webp.webp?fit=1200%2C675&ssl=1&resize=350%2C200 1x, https:\/\/i0.wp.com\/noticiasribeiraopreto.com.br\/wp-content\/uploads\/2025\/08\/Copia-de-Copia-de-Copia-de-TAMANHO-EXATO-PARA-FOTOS-NO-SISTEMA-NOVO-2025-08-04T150550.019_2025-08-04_18-06-21.webp.webp?fit=1200%2C675&ssl=1&resize=525%2C300 1.5x, https:\/\/i0.wp.com\/noticiasribeiraopreto.com.br\/wp-content\/uploads\/2025\/08\/Copia-de-Copia-de-Copia-de-TAMANHO-EXATO-PARA-FOTOS-NO-SISTEMA-NOVO-2025-08-04T150550.019_2025-08-04_18-06-21.webp.webp?fit=1200%2C675&ssl=1&resize=700%2C400 2x, https:\/\/i0.wp.com\/noticiasribeiraopreto.com.br\/wp-content\/uploads\/2025\/08\/Copia-de-Copia-de-Copia-de-TAMANHO-EXATO-PARA-FOTOS-NO-SISTEMA-NOVO-2025-08-04T150550.019_2025-08-04_18-06-21.webp.webp?fit=1200%2C675&ssl=1&resize=1050%2C600 3x"},"classes":[]},{"id":70444,"url":"https:\/\/noticiasribeiraopreto.com.br\/index.php\/2025\/05\/26\/entenda-cena-de-acidente-que-causou-interdicao-na-avenida-dom-pedro-i-em-ribeirao-preto\/","url_meta":{"origin":70681,"position":4},"title":"Entenda cena de acidente que causou interdi\u00e7\u00e3o na avenida Dom Pedro I em Ribeir\u00e3o Preto","author":"noticiasribeiraopreto.com.br","date":"26 de May de 2025","format":false,"excerpt":"A simula\u00e7\u00e3o de um grave acidente de tr\u00e2nsito chamou a aten\u00e7\u00e3o na manh\u00e3 desta segunda-feira (26), na avenida Dom Pedro I, zona Norte de Ribeir\u00e3o Preto. Assista ao v\u00eddeo abaixo. O que aconteceu? A RP Mobi, empresa respons\u00e1vel por gerenciar o tr\u00e2nsito na cidade, informou que realizou o simulado de\u2026","rel":"","context":"In &quot;Not\u00edcias de Ribeir\u00e3o Preto-SP e Regi\u00e3o&quot;","block_context":{"text":"Not\u00edcias de Ribeir\u00e3o Preto-SP e Regi\u00e3o","link":"https:\/\/noticiasribeiraopreto.com.br\/index.php\/category\/noticias-de-ribeirao-preto-sp-e-regiao-ismael-colosi\/"},"img":{"alt_text":"","src":"https:\/\/i0.wp.com\/noticiasribeiraopreto.com.br\/wp-content\/uploads\/2025\/05\/WhatsApp-Image-2025-05-26-at-12.05.19_2025-05-26_15-19-05.webp.webp?fit=1200%2C554&ssl=1&resize=350%2C200","width":350,"height":200,"srcset":"https:\/\/i0.wp.com\/noticiasribeiraopreto.com.br\/wp-content\/uploads\/2025\/05\/WhatsApp-Image-2025-05-26-at-12.05.19_2025-05-26_15-19-05.webp.webp?fit=1200%2C554&ssl=1&resize=350%2C200 1x, https:\/\/i0.wp.com\/noticiasribeiraopreto.com.br\/wp-content\/uploads\/2025\/05\/WhatsApp-Image-2025-05-26-at-12.05.19_2025-05-26_15-19-05.webp.webp?fit=1200%2C554&ssl=1&resize=525%2C300 1.5x, https:\/\/i0.wp.com\/noticiasribeiraopreto.com.br\/wp-content\/uploads\/2025\/05\/WhatsApp-Image-2025-05-26-at-12.05.19_2025-05-26_15-19-05.webp.webp?fit=1200%2C554&ssl=1&resize=700%2C400 2x, https:\/\/i0.wp.com\/noticiasribeiraopreto.com.br\/wp-content\/uploads\/2025\/05\/WhatsApp-Image-2025-05-26-at-12.05.19_2025-05-26_15-19-05.webp.webp?fit=1200%2C554&ssl=1&resize=1050%2C600 3x"},"classes":[]},{"id":79074,"url":"https:\/\/noticiasribeiraopreto.com.br\/index.php\/2025\/10\/23\/ator-de-serie-da-netflix-e-o-novo-gerente-de-futebol-do-botafogo-entenda\/","url_meta":{"origin":70681,"position":5},"title":"\u2018Ator\u2019 de s\u00e9rie da Netflix \u00e9 o novo gerente de futebol do Botafogo; Entenda","author":"noticiasribeiraopreto.com.br","date":"23 de October de 2025","format":false,"excerpt":"O Botafogo anunciou nesta quinta-feira (23) o ex-jogador Fillipe Soutto como gerente de futebol. Fora dos gramados, Fillipe Soutto tamb\u00e9m interpretou o papel de Gerson em s\u00e9rie da Netflix sobre o tricampeonato mundial da sele\u00e7\u00e3o brasileira. Al\u00e9m do novo gerente de futebol, o Botafogo oficializou Andr\u00e9 Leite como diretor de\u2026","rel":"","context":"In &quot;Not\u00edcias de Ribeir\u00e3o Preto-SP e Regi\u00e3o&quot;","block_context":{"text":"Not\u00edcias de Ribeir\u00e3o Preto-SP e Regi\u00e3o","link":"https:\/\/noticiasribeiraopreto.com.br\/index.php\/category\/noticias-de-ribeirao-preto-sp-e-regiao-ismael-colosi\/"},"img":{"alt_text":"","src":"https:\/\/i0.wp.com\/noticiasribeiraopreto.com.br\/wp-content\/uploads\/2025\/10\/fillipe-soutto-e-bruno-mazzeo_2025-10-23_16-11-53.webp.webp?fit=1078%2C824&ssl=1&resize=350%2C200","width":350,"height":200,"srcset":"https:\/\/i0.wp.com\/noticiasribeiraopreto.com.br\/wp-content\/uploads\/2025\/10\/fillipe-soutto-e-bruno-mazzeo_2025-10-23_16-11-53.webp.webp?fit=1078%2C824&ssl=1&resize=350%2C200 1x, https:\/\/i0.wp.com\/noticiasribeiraopreto.com.br\/wp-content\/uploads\/2025\/10\/fillipe-soutto-e-bruno-mazzeo_2025-10-23_16-11-53.webp.webp?fit=1078%2C824&ssl=1&resize=525%2C300 1.5x, https:\/\/i0.wp.com\/noticiasribeiraopreto.com.br\/wp-content\/uploads\/2025\/10\/fillipe-soutto-e-bruno-mazzeo_2025-10-23_16-11-53.webp.webp?fit=1078%2C824&ssl=1&resize=700%2C400 2x, https:\/\/i0.wp.com\/noticiasribeiraopreto.com.br\/wp-content\/uploads\/2025\/10\/fillipe-soutto-e-bruno-mazzeo_2025-10-23_16-11-53.webp.webp?fit=1078%2C824&ssl=1&resize=1050%2C600 3x"},"classes":[]}],"jetpack_sharing_enabled":true,"jetpack_shortlink":"https:\/\/wp.me\/peQAOb-io1","_links":{"self":[{"href":"https:\/\/noticiasribeiraopreto.com.br\/index.php\/wp-json\/wp\/v2\/posts\/70681","targetHints":{"allow":["GET"]}}],"collection":[{"href":"https:\/\/noticiasribeiraopreto.com.br\/index.php\/wp-json\/wp\/v2\/posts"}],"about":[{"href":"https:\/\/noticiasribeiraopreto.com.br\/index.php\/wp-json\/wp\/v2\/types\/post"}],"author":[{"embeddable":true,"href":"https:\/\/noticiasribeiraopreto.com.br\/index.php\/wp-json\/wp\/v2\/users\/1"}],"replies":[{"embeddable":true,"href":"https:\/\/noticiasribeiraopreto.com.br\/index.php\/wp-json\/wp\/v2\/comments?post=70681"}],"version-history":[{"count":0,"href":"https:\/\/noticiasribeiraopreto.com.br\/index.php\/wp-json\/wp\/v2\/posts\/70681\/revisions"}],"wp:featuredmedia":[{"embeddable":true,"href":"https:\/\/noticiasribeiraopreto.com.br\/index.php\/wp-json\/wp\/v2\/media\/70682"}],"wp:attachment":[{"href":"https:\/\/noticiasribeiraopreto.com.br\/index.php\/wp-json\/wp\/v2\/media?parent=70681"}],"wp:term":[{"taxonomy":"category","embeddable":true,"href":"https:\/\/noticiasribeiraopreto.com.br\/index.php\/wp-json\/wp\/v2\/categories?post=70681"},{"taxonomy":"post_tag","embeddable":true,"href":"https:\/\/noticiasribeiraopreto.com.br\/index.php\/wp-json\/wp\/v2\/tags?post=70681"}],"curies":[{"name":"wp","href":"https:\/\/api.w.org\/{rel}","templated":true}]}}