{"id":70683,"date":"2025-05-28T21:16:16","date_gmt":"2025-05-29T00:16:16","guid":{"rendered":"https:\/\/noticiasribeiraopreto.com.br\/index.php\/2025\/05\/28\/prefeitura-de-ribeirao-rescinde-contrato-de-obra-do-novo-centro-administrativo\/"},"modified":"2025-05-28T21:16:16","modified_gmt":"2025-05-29T00:16:16","slug":"prefeitura-de-ribeirao-rescinde-contrato-de-obra-do-novo-centro-administrativo","status":"publish","type":"post","link":"https:\/\/noticiasribeiraopreto.com.br\/index.php\/2025\/05\/28\/prefeitura-de-ribeirao-rescinde-contrato-de-obra-do-novo-centro-administrativo\/","title":{"rendered":"Prefeitura de Ribeir\u00e3o rescinde contrato de obra do novo Centro Administrativo"},"content":{"rendered":"<p> <br \/>\n<\/p>\n<div data-td-block-uid=\"tdi_95\">\n<div class=\"tdb-block-inner td-fix-index\">\n<p>A <strong>Prefeitura de Ribeir\u00e3o Preto<\/strong> publicou no <strong>Di\u00e1rio Oficial<\/strong> desta quarta-feira (28), a <strong>rescis\u00e3o unilateral do contrato com a empresa H2Obras Constru\u00e7\u00f5es<\/strong>, respons\u00e1vel pela obra do novo <strong>Centro Administrativo<\/strong>.<\/p>\n<p>Conforme publica\u00e7\u00e3o, a decis\u00e3o de encerrar o<strong> contrato de presta\u00e7\u00e3o de servi\u00e7os n\u00ba 239\/2024<\/strong> est\u00e1 amparada nos incisos I do artigo 79 e XII do artigo 78 da Lei Federal n\u00ba 8.666\/93.<\/p>\n<p>Em nota, a <strong>Administra\u00e7\u00e3o <\/strong>informou que \u201ca medida refor\u00e7a o compromisso da administra\u00e7\u00e3o com a legalidade, a transpar\u00eancia e a correta aplica\u00e7\u00e3o dos recursos p\u00fablicos\u201d. <mark style=\"background-color:#fcb900\" class=\"has-inline-color\">O valor da rescis\u00e3o n\u00e3o foi informado<\/mark>.<\/p>\n<h2 class=\"wp-block-heading\"><strong>O que acontece agora?<\/strong><\/h2>\n<p>A partir da agora, os recursos inicialmente previstos para a obra do Centro Administrativo \u2013 cerca de <strong>R$ 173 milh\u00f5es<\/strong> -, ser\u00e3o aplicados na <strong>execu\u00e7\u00e3o de servi\u00e7os <\/strong>e <strong>projetos estruturantes<\/strong>.<\/p>\n<p>De acordo com a <strong>Prefeitura<\/strong>, entre os projetos que devem receber os investimentos est\u00e3o:<\/p>\n<ul class=\"wp-block-list\">\n<li>A Casa do Autista \u2013 Complexo Neurossensorial de Ribeir\u00e3o Preto;<\/li>\n<li>UPA Central e Centro de Refer\u00eancia da Mulher;<\/li>\n<li>Maior Complexo de Sa\u00fade da Am\u00e9rica Latina;<\/li>\n<li>Investimentos em abastecimento de \u00e1gua;<\/li>\n<li>Avan\u00e7os em habita\u00e7\u00e3o e regulariza\u00e7\u00e3o fundi\u00e1ria;<\/li>\n<li>Obras de mobilidade urbana: projetos como a Via Leste (Av.Tanquinho), prolongamento da Via Oeste (Av. Rio Pardo);<\/li>\n<li>O Parque Rubem Cione, onde as obras j\u00e1 come\u00e7aram.<\/li>\n<\/ul>\n<h3 class=\"wp-block-heading\"><strong>Empresa contestou o cancelamento<\/strong><\/h3>\n<p>Na semana passada, a <strong>H2Obras<\/strong> informou \u00e0 <strong>Justi\u00e7a <\/strong>que a <strong>Prefeitura <\/strong>n\u00e3o a intimou sobre o <strong>cancelamento da obra <\/strong><strong>do novo Centro Administrativo<\/strong>. O prefeito <strong>Ricardo Silva (PSD)<\/strong> havia anunciado o rompimento em abril, durante o balan\u00e7o dos 100 dias de governo.<\/p>\n<p>Em documento anexado em processo na no dia 19 de mar\u00e7o, os advogados da empresa afirmam que a prefeitura estaria divulgando um suposto \u201cencerramento\u201d ou \u201ccancelamento\u201d do contrato, e que na \u00e9poca, n\u00e3o havia acontecido o an\u00fancio.<\/p>\n<hr class=\"wp-block-separator has-alpha-channel-opacity\"\/>\n<p>SAIBA MAIS<\/p>\n<p>Projeto de lei que pro\u00edbe acorrentar c\u00e3es e gatos em SP \u00e9 aprovado; Entenda<\/p>\n<h2 class=\"wp-block-heading\"><strong>FIQUE ON<\/strong><\/h2>\n<p>Fique ligado em tudo que acontece em Ribeir\u00e3o Preto e regi\u00e3o. Siga os perfis do<strong>\u00a0acidade on<\/strong>\u00a0no<a href=\"https:\/\/www.instagram.com\/acidadeonribeirao\">\u00a0Instagram\u00a0<\/a>e no\u00a0<a href=\"https:\/\/www.facebook.com\/acidadeonribeirao\/\">Facebook.<\/a><\/p>\n<p>Receba not\u00edcias do\u00a0<strong>acidade on<\/strong>\u00a0no WhatsApp.\u00a0<a href=\"https:\/\/chat.whatsapp.com\/BjKQZ9oJwlz8VVT50NuePq\">Para entrar no grupo, basta clicar aqui.<\/a><\/p>\n<p>Fa\u00e7a uma den\u00fancia ou sugira uma reportagem sobre Ribeir\u00e3o Preto e regi\u00e3o pelo WhatsApp: 16 99117 7802.<\/p>\n<p>VEJA TAMB\u00c9M<\/p>\n<p>Quando Alessia Cara vem para o Brasil?<\/p>\n<p><!-- CONTENT END 1 -->\n<\/div>\n<\/div>\n<p><script async src=\"\/\/www.instagram.com\/embed.js\"><\/script><br \/>\n<br \/><br \/>\n<br \/><a href=\"https:\/\/www.acidadeon.com\/ribeiraopreto\/politica\/prefeitura-de-ribeirao-rescinde-contrato-de-obra-do-novo-centro-administrativo\/\">Source link <\/a><\/p>\n","protected":false},"excerpt":{"rendered":"<p>A Prefeitura de Ribeir\u00e3o Preto publicou no Di\u00e1rio Oficial desta quarta-feira (28), a rescis\u00e3o unilateral do contrato com a empresa H2Obras Constru\u00e7\u00f5es, respons\u00e1vel pela obra&#8230;<\/p>\n","protected":false},"author":1,"featured_media":70684,"comment_status":"open","ping_status":"open","sticky":false,"template":"","format":"standard","meta":{"advanced_seo_description":"","jetpack_seo_html_title":"","jetpack_seo_noindex":false,"jetpack_post_was_ever_published":false,"_jetpack_newsletter_access":"","_jetpack_dont_email_post_to_subs":false,"_jetpack_newsletter_tier_id":0,"_jetpack_memberships_contains_paywalled_content":false,"_jetpack_memberships_contains_paid_content":false,"footnotes":"","jetpack_publicize_message":"","jetpack_publicize_feature_enabled":true,"jetpack_social_post_already_shared":true,"jetpack_social_options":{"image_generator_settings":{"template":"highway","default_image_id":0,"font":"","enabled":false},"version":2}},"categories":[11],"tags":[],"class_list":["post-70683","post","type-post","status-publish","format-standard","has-post-thumbnail","hentry","category-noticias-de-ribeirao-preto-sp-e-regiao-ismael-colosi"],"jetpack_publicize_connections":[],"jetpack_featured_media_url":"https:\/\/i0.wp.com\/noticiasribeiraopreto.com.br\/wp-content\/uploads\/2025\/05\/centro_administrativo_500x320_19022019180823.jpg?fit=500%2C322&ssl=1","jetpack-related-posts":[{"id":70703,"url":"https:\/\/noticiasribeiraopreto.com.br\/index.php\/2025\/05\/29\/prefeitura-oficializa-rescisao-de-contrato-do-centro-administrativo\/","url_meta":{"origin":70683,"position":0},"title":"Prefeitura oficializa\u00a0rescis\u00e3o de contrato do Centro administrativo\u00a0","author":"noticiasribeiraopreto.com.br","date":"29 de May de 2025","format":false,"excerpt":"29 de maio de 2025 08:3028 de maio de 2025 20:0612 Compartilhar0 A prefeitura de Ribeir\u00e3o Preto publicou, no Di\u00e1rio Oficial do Munic\u00edpio (DOM) desta quarta-feira, 28 de maio, a rescis\u00e3o unilateral do contrato de presta\u00e7\u00e3o de servi\u00e7os n\u00ba 239\/2024, assinado com a empresa H2Obras Constru\u00e7\u00f5es Ltda., de S\u00e3o Paulo\u2026","rel":"","context":"In &quot;Not\u00edcias de Ribeir\u00e3o Preto-SP e Regi\u00e3o&quot;","block_context":{"text":"Not\u00edcias de Ribeir\u00e3o Preto-SP e Regi\u00e3o","link":"https:\/\/noticiasribeiraopreto.com.br\/index.php\/category\/noticias-de-ribeirao-preto-sp-e-regiao-ismael-colosi\/"},"img":{"alt_text":"","src":"https:\/\/i0.wp.com\/noticiasribeiraopreto.com.br\/wp-content\/uploads\/2025\/05\/CentroRP-Alfredo-Risk-2.jpg?fit=1200%2C665&ssl=1&resize=350%2C200","width":350,"height":200,"srcset":"https:\/\/i0.wp.com\/noticiasribeiraopreto.com.br\/wp-content\/uploads\/2025\/05\/CentroRP-Alfredo-Risk-2.jpg?fit=1200%2C665&ssl=1&resize=350%2C200 1x, https:\/\/i0.wp.com\/noticiasribeiraopreto.com.br\/wp-content\/uploads\/2025\/05\/CentroRP-Alfredo-Risk-2.jpg?fit=1200%2C665&ssl=1&resize=525%2C300 1.5x, https:\/\/i0.wp.com\/noticiasribeiraopreto.com.br\/wp-content\/uploads\/2025\/05\/CentroRP-Alfredo-Risk-2.jpg?fit=1200%2C665&ssl=1&resize=700%2C400 2x, https:\/\/i0.wp.com\/noticiasribeiraopreto.com.br\/wp-content\/uploads\/2025\/05\/CentroRP-Alfredo-Risk-2.jpg?fit=1200%2C665&ssl=1&resize=1050%2C600 3x"},"classes":[]},{"id":60661,"url":"https:\/\/noticiasribeiraopreto.com.br\/index.php\/2024\/11\/21\/tj-sp-derruba-suspensao-do-contrato-para-obra-do-centro-administrativo-de-ribeirao-preto\/","url_meta":{"origin":70683,"position":1},"title":"TJ-SP derruba suspens\u00e3o do contrato para obra do Centro Administrativo de Ribeir\u00e3o Preto","author":"noticiasribeiraopreto.com.br","date":"21 de November de 2024","format":false,"excerpt":"O TJ-SP (Tribunal de Justi\u00e7a de S\u00e3o Paulo) acatou, na \u00faltima segunda-feira (18), um recurso da Prefeitura de Ribeir\u00e3o Preto contra a decis\u00e3o que suspendeu o contrato para constru\u00e7\u00e3o do novo Centro Administrativo. De acordo com a decis\u00e3o do desembargador Rubens Rihl, os documentos apresentados pela prefeitura comprovam a exist\u00eancia\u2026","rel":"","context":"In &quot;Not\u00edcias de Ribeir\u00e3o Preto-SP e Regi\u00e3o&quot;","block_context":{"text":"Not\u00edcias de Ribeir\u00e3o Preto-SP e Regi\u00e3o","link":"https:\/\/noticiasribeiraopreto.com.br\/index.php\/category\/noticias-de-ribeirao-preto-sp-e-regiao-ismael-colosi\/"},"img":{"alt_text":"","src":"https:\/\/i0.wp.com\/noticiasribeiraopreto.com.br\/wp-content\/uploads\/2024\/06\/AnyConv.com__centro-administrativo-projeto_2024-06-26_13-44-03.webp.webp?fit=753%2C378&ssl=1&resize=350%2C200","width":350,"height":200,"srcset":"https:\/\/i0.wp.com\/noticiasribeiraopreto.com.br\/wp-content\/uploads\/2024\/06\/AnyConv.com__centro-administrativo-projeto_2024-06-26_13-44-03.webp.webp?fit=753%2C378&ssl=1&resize=350%2C200 1x, https:\/\/i0.wp.com\/noticiasribeiraopreto.com.br\/wp-content\/uploads\/2024\/06\/AnyConv.com__centro-administrativo-projeto_2024-06-26_13-44-03.webp.webp?fit=753%2C378&ssl=1&resize=525%2C300 1.5x, https:\/\/i0.wp.com\/noticiasribeiraopreto.com.br\/wp-content\/uploads\/2024\/06\/AnyConv.com__centro-administrativo-projeto_2024-06-26_13-44-03.webp.webp?fit=753%2C378&ssl=1&resize=700%2C400 2x"},"classes":[]},{"id":71056,"url":"https:\/\/noticiasribeiraopreto.com.br\/index.php\/2025\/06\/02\/terreno-do-centro-administrativo-podera-ser-devolvido\/","url_meta":{"origin":70683,"position":2},"title":"Terreno do Centro Administrativo poder\u00e1 ser devolvido","author":"noticiasribeiraopreto.com.br","date":"2 de June de 2025","format":false,"excerpt":"2 de junho de 2025 11:054 Compartilhar0 O Tribuna Ribeir\u00e3o apurou que a Funda\u00e7\u00e3o Educand\u00e1rio Coronel Quito Junqueira solicitou a prefeitura a devolu\u00e7\u00e3o da \u00e1rea doada para a prefeitura construir o Centro Administrativo municipal. A \u00e1rea com 105.982,53 m2 fica localizada na Avenida Paschoal Innechy, no Jardim Independ\u00eancia, zona Norte\u2026","rel":"","context":"In &quot;Not\u00edcias de Ribeir\u00e3o Preto-SP e Regi\u00e3o&quot;","block_context":{"text":"Not\u00edcias de Ribeir\u00e3o Preto-SP e Regi\u00e3o","link":"https:\/\/noticiasribeiraopreto.com.br\/index.php\/category\/noticias-de-ribeirao-preto-sp-e-regiao-ismael-colosi\/"},"img":{"alt_text":"","src":"https:\/\/i0.wp.com\/noticiasribeiraopreto.com.br\/wp-content\/uploads\/2025\/06\/CentroRP-Detalhe-Google-Maps-02-scaled.jpg?fit=800%2C450&ssl=1&resize=350%2C200","width":350,"height":200,"srcset":"https:\/\/i0.wp.com\/noticiasribeiraopreto.com.br\/wp-content\/uploads\/2025\/06\/CentroRP-Detalhe-Google-Maps-02-scaled.jpg?fit=800%2C450&ssl=1&resize=350%2C200 1x, https:\/\/i0.wp.com\/noticiasribeiraopreto.com.br\/wp-content\/uploads\/2025\/06\/CentroRP-Detalhe-Google-Maps-02-scaled.jpg?fit=800%2C450&ssl=1&resize=525%2C300 1.5x, https:\/\/i0.wp.com\/noticiasribeiraopreto.com.br\/wp-content\/uploads\/2025\/06\/CentroRP-Detalhe-Google-Maps-02-scaled.jpg?fit=800%2C450&ssl=1&resize=700%2C400 2x"},"classes":[]},{"id":60877,"url":"https:\/\/noticiasribeiraopreto.com.br\/index.php\/2024\/11\/27\/multa-por-rescisao-do-contrato-da-obra-da-nove-de-julho-e-anulada-entenda\/","url_meta":{"origin":70683,"position":3},"title":"Multa por rescis\u00e3o do contrato da obra da Nove de Julho \u00e9 anulada; Entenda","author":"noticiasribeiraopreto.com.br","date":"27 de November de 2024","format":false,"excerpt":"O juiz Gustavo M\u00fcller Lorenzato, da 1\u00aa Vara da Fazenda P\u00fablica de Ribeir\u00e3o Preto, anulou o processo administrativo da Prefeitura de Ribeir\u00e3o Preto contra a Construtora Metropolitana, que rescindiu unilateralmente o contrato das obras para o restauro da avenida Nove de Julho. Atualmente, a obra \u00e9 tocada pela Era-T\u00e9cnica Engenharia\u2026","rel":"","context":"In &quot;Not\u00edcias de Ribeir\u00e3o Preto-SP e Regi\u00e3o&quot;","block_context":{"text":"Not\u00edcias de Ribeir\u00e3o Preto-SP e Regi\u00e3o","link":"https:\/\/noticiasribeiraopreto.com.br\/index.php\/category\/noticias-de-ribeirao-preto-sp-e-regiao-ismael-colosi\/"},"img":{"alt_text":"","src":"https:\/\/i0.wp.com\/noticiasribeiraopreto.com.br\/wp-content\/uploads\/2024\/11\/avenida-nove-de-julho_2024-11-27_21-14-21_jpeg_2024-11-27_21-14-21.webp.webp?fit=1200%2C900&ssl=1&resize=350%2C200","width":350,"height":200,"srcset":"https:\/\/i0.wp.com\/noticiasribeiraopreto.com.br\/wp-content\/uploads\/2024\/11\/avenida-nove-de-julho_2024-11-27_21-14-21_jpeg_2024-11-27_21-14-21.webp.webp?fit=1200%2C900&ssl=1&resize=350%2C200 1x, https:\/\/i0.wp.com\/noticiasribeiraopreto.com.br\/wp-content\/uploads\/2024\/11\/avenida-nove-de-julho_2024-11-27_21-14-21_jpeg_2024-11-27_21-14-21.webp.webp?fit=1200%2C900&ssl=1&resize=525%2C300 1.5x, https:\/\/i0.wp.com\/noticiasribeiraopreto.com.br\/wp-content\/uploads\/2024\/11\/avenida-nove-de-julho_2024-11-27_21-14-21_jpeg_2024-11-27_21-14-21.webp.webp?fit=1200%2C900&ssl=1&resize=700%2C400 2x, https:\/\/i0.wp.com\/noticiasribeiraopreto.com.br\/wp-content\/uploads\/2024\/11\/avenida-nove-de-julho_2024-11-27_21-14-21_jpeg_2024-11-27_21-14-21.webp.webp?fit=1200%2C900&ssl=1&resize=1050%2C600 3x"},"classes":[]},{"id":70099,"url":"https:\/\/noticiasribeiraopreto.com.br\/index.php\/2025\/05\/22\/h2obras-contesta-cancelamento-da-obra-do-centro-administrativo-de-ribeirao-entenda\/","url_meta":{"origin":70683,"position":4},"title":"H2Obras contesta cancelamento da obra do Centro Administrativo de Ribeir\u00e3o; entenda","author":"noticiasribeiraopreto.com.br","date":"22 de May de 2025","format":false,"excerpt":"A H2Obras, empresa que venceu a licita\u00e7\u00e3o para constru\u00e7\u00e3o do novo Centro Administrativo de Ribeir\u00e3o Preto, informou \u00e0 Justi\u00e7a que n\u00e3o foi intimada sobre o cancelamento da obra. O prefeito Ricardo Silva (PSD) anunciou o cancelamento da obra em abril, no balan\u00e7o de 100 dias de governo. Em documento anexado\u2026","rel":"","context":"In &quot;Not\u00edcias de Ribeir\u00e3o Preto-SP e Regi\u00e3o&quot;","block_context":{"text":"Not\u00edcias de Ribeir\u00e3o Preto-SP e Regi\u00e3o","link":"https:\/\/noticiasribeiraopreto.com.br\/index.php\/category\/noticias-de-ribeirao-preto-sp-e-regiao-ismael-colosi\/"},"img":{"alt_text":"","src":"https:\/\/i0.wp.com\/noticiasribeiraopreto.com.br\/wp-content\/uploads\/2025\/05\/centro_administrativo_1024x576_20112019183024.jpg?fit=1024%2C575&ssl=1&resize=350%2C200","width":350,"height":200,"srcset":"https:\/\/i0.wp.com\/noticiasribeiraopreto.com.br\/wp-content\/uploads\/2025\/05\/centro_administrativo_1024x576_20112019183024.jpg?fit=1024%2C575&ssl=1&resize=350%2C200 1x, https:\/\/i0.wp.com\/noticiasribeiraopreto.com.br\/wp-content\/uploads\/2025\/05\/centro_administrativo_1024x576_20112019183024.jpg?fit=1024%2C575&ssl=1&resize=525%2C300 1.5x, https:\/\/i0.wp.com\/noticiasribeiraopreto.com.br\/wp-content\/uploads\/2025\/05\/centro_administrativo_1024x576_20112019183024.jpg?fit=1024%2C575&ssl=1&resize=700%2C400 2x"},"classes":[]},{"id":61715,"url":"https:\/\/noticiasribeiraopreto.com.br\/index.php\/2024\/12\/19\/prefeitura-de-ribeirao-reverte-liminar-e-reinicia-obras-do-centro-administrativo\/","url_meta":{"origin":70683,"position":5},"title":"Prefeitura de Ribeir\u00e3o reverte liminar e reinicia obras do Centro Administrativo","author":"noticiasribeiraopreto.com.br","date":"19 de December de 2024","format":false,"excerpt":"A Prefeitura de Ribeir\u00e3o Preto conseguiu derrubar a liminar que suspendia a execu\u00e7\u00e3o das obras do Centro Administrativo, projeto licitado por meio da Concorr\u00eancia P\u00fablica n\u00ba 12\/2023. A decis\u00e3o foi tomada nesta quinta-feira (19), pelo desembargador Lu\u00eds Francisco Aguilar Cortez, da 1\u00aa C\u00e2mara de Direito P\u00fablico do Tribunal de Justi\u00e7a\u2026","rel":"","context":"In &quot;Not\u00edcias de Ribeir\u00e3o Preto-SP e Regi\u00e3o&quot;","block_context":{"text":"Not\u00edcias de Ribeir\u00e3o Preto-SP e Regi\u00e3o","link":"https:\/\/noticiasribeiraopreto.com.br\/index.php\/category\/noticias-de-ribeirao-preto-sp-e-regiao-ismael-colosi\/"},"img":{"alt_text":"","src":"https:\/\/i0.wp.com\/noticiasribeiraopreto.com.br\/wp-content\/uploads\/2024\/06\/AnyConv.com__centro-administrativo-projeto_2024-06-26_13-44-03.webp.webp?fit=753%2C378&ssl=1&resize=350%2C200","width":350,"height":200,"srcset":"https:\/\/i0.wp.com\/noticiasribeiraopreto.com.br\/wp-content\/uploads\/2024\/06\/AnyConv.com__centro-administrativo-projeto_2024-06-26_13-44-03.webp.webp?fit=753%2C378&ssl=1&resize=350%2C200 1x, https:\/\/i0.wp.com\/noticiasribeiraopreto.com.br\/wp-content\/uploads\/2024\/06\/AnyConv.com__centro-administrativo-projeto_2024-06-26_13-44-03.webp.webp?fit=753%2C378&ssl=1&resize=525%2C300 1.5x, https:\/\/i0.wp.com\/noticiasribeiraopreto.com.br\/wp-content\/uploads\/2024\/06\/AnyConv.com__centro-administrativo-projeto_2024-06-26_13-44-03.webp.webp?fit=753%2C378&ssl=1&resize=700%2C400 2x"},"classes":[]}],"jetpack_sharing_enabled":true,"jetpack_shortlink":"https:\/\/wp.me\/peQAOb-io3","_links":{"self":[{"href":"https:\/\/noticiasribeiraopreto.com.br\/index.php\/wp-json\/wp\/v2\/posts\/70683","targetHints":{"allow":["GET"]}}],"collection":[{"href":"https:\/\/noticiasribeiraopreto.com.br\/index.php\/wp-json\/wp\/v2\/posts"}],"about":[{"href":"https:\/\/noticiasribeiraopreto.com.br\/index.php\/wp-json\/wp\/v2\/types\/post"}],"author":[{"embeddable":true,"href":"https:\/\/noticiasribeiraopreto.com.br\/index.php\/wp-json\/wp\/v2\/users\/1"}],"replies":[{"embeddable":true,"href":"https:\/\/noticiasribeiraopreto.com.br\/index.php\/wp-json\/wp\/v2\/comments?post=70683"}],"version-history":[{"count":0,"href":"https:\/\/noticiasribeiraopreto.com.br\/index.php\/wp-json\/wp\/v2\/posts\/70683\/revisions"}],"wp:featuredmedia":[{"embeddable":true,"href":"https:\/\/noticiasribeiraopreto.com.br\/index.php\/wp-json\/wp\/v2\/media\/70684"}],"wp:attachment":[{"href":"https:\/\/noticiasribeiraopreto.com.br\/index.php\/wp-json\/wp\/v2\/media?parent=70683"}],"wp:term":[{"taxonomy":"category","embeddable":true,"href":"https:\/\/noticiasribeiraopreto.com.br\/index.php\/wp-json\/wp\/v2\/categories?post=70683"},{"taxonomy":"post_tag","embeddable":true,"href":"https:\/\/noticiasribeiraopreto.com.br\/index.php\/wp-json\/wp\/v2\/tags?post=70683"}],"curies":[{"name":"wp","href":"https:\/\/api.w.org\/{rel}","templated":true}]}}