{"id":70685,"date":"2025-05-28T21:52:35","date_gmt":"2025-05-29T00:52:35","guid":{"rendered":"https:\/\/noticiasribeiraopreto.com.br\/index.php\/2025\/05\/28\/jornal-da-franca-outback-investe-r-5-milhoes-e-inaugura-restaurante-em-franca-na-proxima-semana\/"},"modified":"2025-05-28T21:52:35","modified_gmt":"2025-05-29T00:52:35","slug":"jornal-da-franca-outback-investe-r-5-milhoes-e-inaugura-restaurante-em-franca-na-proxima-semana","status":"publish","type":"post","link":"https:\/\/noticiasribeiraopreto.com.br\/index.php\/2025\/05\/28\/jornal-da-franca-outback-investe-r-5-milhoes-e-inaugura-restaurante-em-franca-na-proxima-semana\/","title":{"rendered":"Jornal da Franca &#8211; Outback investe R$ 5 milh\u00f5es e inaugura restaurante em Franca na pr\u00f3xima semana"},"content":{"rendered":"<p> <br \/>\n<\/p>\n<div>\n\t                            <a class=\"mb-1\" href=\"https:\/\/api.whatsapp.com\/send?text=Olha essa Not\u00edcia no Jornal da Franca.%0D%0D*Outback investe R$ 5 milh\u00f5es e inaugura restaurante em Franca na pr\u00f3xima semana*%0D%0Dclique na url abaixo%0Dhttps:\/\/www.jornaldafranca.com.br\/outback-investe-r-5-milhoes-e-inaugura-restaurante-em-franca-na-proxima-semana\/\" target=\"_blank\"><span class=\"text-12 badge badge-pill badge-success\"><i class=\"fa fa-whatsapp\"\/> compartilhar no whatsapp<\/span><\/a><\/p>\n<p>\t                            <a class=\"mb-1\" href=\"https:\/\/telegram.me\/share\/url?url=https:\/\/www.jornaldafranca.com.br\/outback-investe-r-5-milhoes-e-inaugura-restaurante-em-franca-na-proxima-semana\/&amp;text=Olha essa Not\u00edcia no Jornal da Franca.\" target=\"_blank\"><span class=\"text-12 badge badge-pill badge-info\"><i class=\"fa fa-telegram\"\/> compartilhar no telegram<\/span><\/a><\/p>\n<p>\t                            <a class=\"mb-1\" href=\"https:\/\/www.facebook.com\/sharer\/sharer.php?u=https:\/\/www.jornaldafranca.com.br\/outback-investe-r-5-milhoes-e-inaugura-restaurante-em-franca-na-proxima-semana\/\" target=\"_blank\"><span class=\"text-12 badge badge-pill badge-primary\"><i class=\"fa fa-facebook\"\/> compartilhar no facebook<\/span><\/a><\/p>\n<p>\t                            <a class=\"mb-1\" href=\"https:\/\/www.linkedin.com\/shareArticle?mini=true&amp;url=https:\/\/www.jornaldafranca.com.br\/outback-investe-r-5-milhoes-e-inaugura-restaurante-em-franca-na-proxima-semana\/&amp;title=Outback investe R$ 5 milh\u00f5es e inaugura restaurante em Franca na pr\u00f3xima semana&amp;source=JORNAL DA FRANCA\" target=\"_blank\"><span class=\"text-12 badge badge-pill badge-secondary\"><i class=\"fa fa-linkedin\"\/> compartilhar no linkedin<\/span><\/a><\/p>\n<div class=\"lead text-20\">\n<p> Rede chega ao Franca Shopping no dia 2 de junho com novo conceito de design mais moderno e intimista<\/p>\n<\/p><\/div>\n<p><img data-recalc-dims=\"1\" decoding=\"async\" src=\"https:\/\/i0.wp.com\/www.jornaldafranca.com.br\/wp-content\/uploads\/2025\/05\/cebola-outback-ivulgacao.jpg?ssl=1\" alt=\"\"\/><\/p>\n<h6>A famosa cebola gigante e dourada com o aut\u00eantico sabor do Outback. Acompanha o maravilhoso molho Bloom (Foto:\u00a0Divulga\u00e7\u00e3o)<\/h6>\n<p>\u00a0<\/p>\n<p>Franca recebe a mais nova unidade do Outback Steakhouse, o restaurante de tem\u00e1tica australiana conhecido por pratos ic\u00f4nicos como a Bloomin\u2019 Onion \u2014 a cebola gigante dourada em formato de flor \u2014 e a Ribs on The Barbie \u2014 a costela com molho barbecue.<\/p>\n<p>Com investimento de R$ 5 milh\u00f5es, o restaurante ser\u00e1 inaugurado no Franca Shopping e promete ser um novo ponto de encontro para os Outback Lovers, como s\u00e3o chamados os f\u00e3s da marca.<\/p>\n<p>Esta \u00e9 a primeira unidade em Franca e a 184\u00aa unidade do Outback no Brasil, que segue em movimento de expans\u00e3o com a previs\u00e3o de abrir mais cinco novas unidades at\u00e9 o fim de 2025, totalizando 15 inaugura\u00e7\u00f5es no ano.<\/p>\n<p>A marca aposta na cidade como parte estrat\u00e9gica da sua presen\u00e7a no interior de S\u00e3o Paulo, reconhecendo o potencial da regi\u00e3o e o p\u00fablico consumidor em busca de experi\u00eancias gastron\u00f4micas diferenciadas.<\/p>\n<p>Thayse Carvalho, s\u00f3cia regional do Outback, destaca a escolha pela cidade. \u201cFranca \u00e9 uma cidade em crescimento, com consumidores que valorizam qualidade, hospitalidade e boa gastronomia\u201d.<\/p>\n<p>\u201cAcreditamos no potencial local e estamos entusiasmados em trazer uma experi\u00eancia completa do Outback para essa regi\u00e3o t\u00e3o importante do interior paulista\u201d, ressalta.<\/p>\n<p>A nova unidade chega com o mais recente conceito arquitet\u00f4nico da marca, o \u201cOutback do futuro\u201d, que oferece uma ambienta\u00e7\u00e3o moderna e descontra\u00edda, pensada para proporcionar ainda mais conforto e imers\u00e3o na tem\u00e1tica australiana.<\/p>\n<p>O novo conceito teve sua estreia na reinaugura\u00e7\u00e3o do Outback Casinha, flagship da marca no Rio de Janeiro e primeira unidade no Brasil.<\/p>\n<p>O novo design do restaurante simboliza uma nova fase da marca, com um ambiente mais leve, iluminado e convidativo.<\/p>\n<p>Refletindo o esp\u00edrito aventureiro e moderno do australiano, o ambiente agora conta com cores vibrantes e elementos que remetem \u00e0 fauna e \u00e0 flora do pa\u00eds dos cangurus.<\/p>\n<p>J\u00e1 o tradicional bar, posicionado no cora\u00e7\u00e3o do restaurante, remete a um jipe estacionado no deserto australiano, com uma placa que exibe o n\u00famero da unidade, al\u00e9m de far\u00f3is que se acendem ao entardecer.<\/p>\n<p>A chegada do Outback em Franca j\u00e1 era muito esperada pela cidade, inclusive pelo Franca Shopping. \u201cEstamos muito felizes com a chegada do Outback ao Franca Shopping\u201d.<\/p>\n<p>\u201cO restaurante vem para oferecer a experi\u00eancia de um ambiente acolhedor, atendimento e gastronomia de qualidade para a cidade e regi\u00e3o\u201d, ressalta Angelique Canabrava, gerente de marketing do Franca Shopping.<\/p>\n<p><strong>A consolida\u00e7\u00e3o do Outback no Brasil<\/strong><\/p>\n<p>O Outback nasceu em 1988 em Tampa, na Fl\u00f3rida, idealizado por quatro amigos inspirados pelo universo australiano retratado no filme Crocodilo Dundee.<\/p>\n<p>A marca chegou ao Brasil h\u00e1 28 anos, com sua primeira unidade localizada na Barra da Tijuca, no Rio de Janeiro, conhecida como Outback Casinha. Desde ent\u00e3o, conquistou o p\u00fablico brasileiro com sua proposta \u00fanica de ambiente tem\u00e1tico e experi\u00eancia acolhedora.<\/p>\n<p>L\u00edder no segmento de casual dining, o Outback oferece um ambiente descontra\u00eddo e atendimento diferenciado.<\/p>\n<p>Esta combina\u00e7\u00e3o faz da ida ao restaurante uma experi\u00eancia memor\u00e1vel, reconhecida por milh\u00f5es de clientes ao redor do pa\u00eds.<\/p>\n<p>J\u00e1 os pratos, preparados diariamente em cada unidade, contam com um mix exclusivo de 17 temperos secretos, garantindo sabor e frescor.<\/p>\n<p>Entre os itens mais ic\u00f4nicos est\u00e3o a Ribs on the Barbie, famosa costelinha su\u00edna ao molho barbecue da casa, a Bloomin\u2019 Onion, tradicional cebola empanada, e o p\u00e3o australiano servido como boas-vindas.<\/p>\n<p>As celebra\u00e7\u00f5es tamb\u00e9m s\u00e3o marca registrada do restaurante e fazem parte da experi\u00eancia: apenas em 2024, cerca de 910 mil aniversariantes foram homenageados com o tradicional \u201cparab\u00e9ns do Outback\u201d nos restaurantes brasileiros.<\/p>\n<p><strong>Servi\u00e7o<\/strong><\/p>\n<p><strong>Outback Franca Shopping<\/strong><\/p>\n<p><strong>Endere\u00e7o:<\/strong> Av. Rio Negro, 1100 \u2013 Jardim Rosel\u00e2ndia<br \/><strong>Hor\u00e1rio de Funcionamento:<\/strong> Segunda a s\u00e1bado das 11h30 \u00e0s 23h, domingos e feriados das 11h30 \u00e0s 22h.<\/p>\n<p><strong>Sobre o Outback<\/strong><\/p>\n<p>O Outback Steakhouse possui 184 restaurantes no Brasil e est\u00e1 presente em 78 cidades, 22 estados brasileiros e no Distrito Federal. No mundo, a marca est\u00e1 em 23 pa\u00edses nas Am\u00e9ricas, \u00c1sia e Oceania.<\/p>\n<p>O primeiro restaurante no Pa\u00eds foi inaugurado na Barra da Tijuca, no Rio de Janeiro, em 1997.<\/p>\n<p>Com seus cortes de carne especiais e aperitivos ic\u00f4nicos como a Bloomin\u2019 Onion, o Outback caiu no gosto do brasileiro pela qualidade e sabor marcante da sua culin\u00e1ria, somados \u00e0 descontra\u00e7\u00e3o no atendimento e \u00e0s instala\u00e7\u00f5es aconchegantes.<\/p>\n<p>Inspirado na Austr\u00e1lia, o restaurante enfatiza v\u00e1rios aspectos da cultura australiana, como esporte, pontos tur\u00edsticos, paisagens ic\u00f4nicas, tradi\u00e7\u00f5es e lazer.<\/p>\n<p>Al\u00e9m disso, a marca oferece uma experi\u00eancia \u00fanica, divertida e de alt\u00edssimo padr\u00e3o que, no Brasil, ficou conhecida como #MomentoOutback.<\/p>\n<p><!-- CONTENT END 1 --><\/p>\n<hr\/><\/div>\n<p><br \/>\n<br \/><a href=\"https:\/\/www.jornaldafranca.com.br\/outback-investe-r-5-milhoes-e-inaugura-restaurante-em-franca-na-proxima-semana\/\">Source link <\/a><\/p>\n","protected":false},"excerpt":{"rendered":"<p>compartilhar no whatsapp compartilhar no telegram compartilhar no facebook compartilhar no linkedin Rede chega ao Franca Shopping no dia 2 de junho com novo conceito&#8230;<\/p>\n","protected":false},"author":1,"featured_media":70686,"comment_status":"open","ping_status":"open","sticky":false,"template":"","format":"standard","meta":{"advanced_seo_description":"","jetpack_seo_html_title":"","jetpack_seo_noindex":false,"jetpack_post_was_ever_published":false,"_jetpack_newsletter_access":"","_jetpack_dont_email_post_to_subs":false,"_jetpack_newsletter_tier_id":0,"_jetpack_memberships_contains_paywalled_content":false,"_jetpack_memberships_contains_paid_content":false,"footnotes":"","jetpack_publicize_message":"","jetpack_publicize_feature_enabled":true,"jetpack_social_post_already_shared":true,"jetpack_social_options":{"image_generator_settings":{"template":"highway","default_image_id":0,"font":"","enabled":false},"version":2}},"categories":[3597],"tags":[],"class_list":["post-70685","post","type-post","status-publish","format-standard","has-post-thumbnail","hentry","category-noticias-franca-sp"],"jetpack_publicize_connections":[],"jetpack_featured_media_url":"https:\/\/i0.wp.com\/noticiasribeiraopreto.com.br\/wp-content\/uploads\/2025\/05\/cebola-outback-ivulgacao.jpg?fit=800%2C601&ssl=1","jetpack-related-posts":[{"id":73017,"url":"https:\/\/noticiasribeiraopreto.com.br\/index.php\/2025\/06\/24\/jornal-da-franca-clima-sera-de-frio-porem-agradavel-e-fresco-em-franca-nesta-terca-deve-chover\/","url_meta":{"origin":70685,"position":0},"title":"Jornal da Franca &#8211; Clima ser\u00e1 de frio, por\u00e9m agrad\u00e1vel e fresco em Franca nesta ter\u00e7a: deve chover","author":"noticiasribeiraopreto.com.br","date":"24 de June de 2025","format":false,"excerpt":"compartilhar no whatsapp compartilhar no telegram compartilhar no facebook compartilhar no linkedin Cidade tem previs\u00e3o de chuva de at\u00e9 12 mil\u00edmetros A previs\u00e3o do tempo para Franca indica um dia agrad\u00e1vel, com temperatura m\u00ednima de 5\u00b0C e m\u00e1xima de 22\u00b0C. H\u00e1 grande possibilidade de chuva, com volume de at\u00e9 12\u2026","rel":"","context":"In &quot;Not\u00edcias de Franca-SP&quot;","block_context":{"text":"Not\u00edcias de Franca-SP","link":"https:\/\/noticiasribeiraopreto.com.br\/index.php\/category\/noticias-de-ribeirao-preto-sp-e-regiao-ismael-colosi\/noticias-franca-sp\/"},"img":{"alt_text":"","src":"https:\/\/i0.wp.com\/noticiasribeiraopreto.com.br\/wp-content\/uploads\/2025\/06\/1750758766_Franca.jpeg?fit=1200%2C806&ssl=1&resize=350%2C200","width":350,"height":200,"srcset":"https:\/\/i0.wp.com\/noticiasribeiraopreto.com.br\/wp-content\/uploads\/2025\/06\/1750758766_Franca.jpeg?fit=1200%2C806&ssl=1&resize=350%2C200 1x, https:\/\/i0.wp.com\/noticiasribeiraopreto.com.br\/wp-content\/uploads\/2025\/06\/1750758766_Franca.jpeg?fit=1200%2C806&ssl=1&resize=525%2C300 1.5x, https:\/\/i0.wp.com\/noticiasribeiraopreto.com.br\/wp-content\/uploads\/2025\/06\/1750758766_Franca.jpeg?fit=1200%2C806&ssl=1&resize=700%2C400 2x, https:\/\/i0.wp.com\/noticiasribeiraopreto.com.br\/wp-content\/uploads\/2025\/06\/1750758766_Franca.jpeg?fit=1200%2C806&ssl=1&resize=1050%2C600 3x"},"classes":[]},{"id":69340,"url":"https:\/\/noticiasribeiraopreto.com.br\/index.php\/2025\/05\/05\/jornal-da-franca-implantacao-de-escola-civico-militar-em-franca-e-tema-de-debates-na-camara-municipal\/","url_meta":{"origin":70685,"position":1},"title":"Jornal da Franca &#8211; Implanta\u00e7\u00e3o de escola c\u00edvico-militar em Franca \u00e9 tema de debates na C\u00e2mara Municipal","author":"noticiasribeiraopreto.com.br","date":"5 de May de 2025","format":false,"excerpt":"compartilhar no whatsapp compartilhar no telegram compartilhar no facebook compartilhar no linkedin Mun\u00edcipe agradece apoio de vereadores e parlamentares para que Franca fosse contemplada com o modelo educacional A implanta\u00e7\u00e3o do Programa das Escolas C\u00edvico-Militares em Franca, pauta defendida pela direita, foi tema abordado durante a sess\u00e3o ordin\u00e1ria da C\u00e2mara\u2026","rel":"","context":"In &quot;Not\u00edcias de Franca-SP&quot;","block_context":{"text":"Not\u00edcias de Franca-SP","link":"https:\/\/noticiasribeiraopreto.com.br\/index.php\/category\/noticias-de-ribeirao-preto-sp-e-regiao-ismael-colosi\/noticias-franca-sp\/"},"img":{"alt_text":"","src":"https:\/\/i0.wp.com\/noticiasribeiraopreto.com.br\/wp-content\/uploads\/2025\/05\/1746449336_plenariodiagonal_0.jpg?fit=930%2C558&ssl=1&resize=350%2C200","width":350,"height":200,"srcset":"https:\/\/i0.wp.com\/noticiasribeiraopreto.com.br\/wp-content\/uploads\/2025\/05\/1746449336_plenariodiagonal_0.jpg?fit=930%2C558&ssl=1&resize=350%2C200 1x, https:\/\/i0.wp.com\/noticiasribeiraopreto.com.br\/wp-content\/uploads\/2025\/05\/1746449336_plenariodiagonal_0.jpg?fit=930%2C558&ssl=1&resize=525%2C300 1.5x, https:\/\/i0.wp.com\/noticiasribeiraopreto.com.br\/wp-content\/uploads\/2025\/05\/1746449336_plenariodiagonal_0.jpg?fit=930%2C558&ssl=1&resize=700%2C400 2x"},"classes":[]},{"id":70143,"url":"https:\/\/noticiasribeiraopreto.com.br\/index.php\/2025\/05\/23\/jornal-da-franca-chegou-a-sexta-feira-dia-sera-seco-mas-sem-muito-frio-em-franca-e-regiao\/","url_meta":{"origin":70685,"position":2},"title":"Jornal da Franca &#8211; Chegou a sexta-feira! Dia ser\u00e1 seco, mas sem muito frio em Franca e regi\u00e3o","author":"noticiasribeiraopreto.com.br","date":"23 de May de 2025","format":false,"excerpt":"compartilhar no whatsapp compartilhar no telegram compartilhar no facebook compartilhar no linkedin Previs\u00e3o do tempo para Franca nesta sexta-feira indica temperaturas amenas e c\u00e9u parcialmente nublado A sexta-feira chegou e a previs\u00e3o do tempo para Franca \u00e9 de um dia agrad\u00e1vel, com temperaturas amenas e c\u00e9u parcialmente nublado. De acordo\u2026","rel":"","context":"In &quot;Not\u00edcias de Franca-SP&quot;","block_context":{"text":"Not\u00edcias de Franca-SP","link":"https:\/\/noticiasribeiraopreto.com.br\/index.php\/category\/noticias-de-ribeirao-preto-sp-e-regiao-ismael-colosi\/noticias-franca-sp\/"},"img":{"alt_text":"","src":"https:\/\/i0.wp.com\/noticiasribeiraopreto.com.br\/wp-content\/uploads\/2025\/05\/campanha-do-agasalho.jpg?fit=1086%2C652&ssl=1&resize=350%2C200","width":350,"height":200,"srcset":"https:\/\/i0.wp.com\/noticiasribeiraopreto.com.br\/wp-content\/uploads\/2025\/05\/campanha-do-agasalho.jpg?fit=1086%2C652&ssl=1&resize=350%2C200 1x, https:\/\/i0.wp.com\/noticiasribeiraopreto.com.br\/wp-content\/uploads\/2025\/05\/campanha-do-agasalho.jpg?fit=1086%2C652&ssl=1&resize=525%2C300 1.5x, https:\/\/i0.wp.com\/noticiasribeiraopreto.com.br\/wp-content\/uploads\/2025\/05\/campanha-do-agasalho.jpg?fit=1086%2C652&ssl=1&resize=700%2C400 2x, https:\/\/i0.wp.com\/noticiasribeiraopreto.com.br\/wp-content\/uploads\/2025\/05\/campanha-do-agasalho.jpg?fit=1086%2C652&ssl=1&resize=1050%2C600 3x"},"classes":[]},{"id":66789,"url":"https:\/\/noticiasribeiraopreto.com.br\/index.php\/2025\/04\/05\/jornal-da-franca-nbb-tv-cultura-transmite-partida-entre-pato-basquete-e-sesi-franca-neste-sabado\/","url_meta":{"origin":70685,"position":3},"title":"Jornal da Franca &#8211; NBB: TV Cultura transmite partida entre Pato Basquete e Sesi Franca neste s\u00e1bado","author":"noticiasribeiraopreto.com.br","date":"5 de April de 2025","format":false,"excerpt":"compartilhar no whatsapp compartilhar no telegram compartilhar no facebook compartilhar no linkedin Jogo v\u00e1lido pelo NBB come\u00e7a \u00e0s 17h10; Sesi Franca est\u00e1 na terceira coloca\u00e7\u00e3o do campeonato A TV Cultura transmitir\u00e1 neste s\u00e1bado (5) a partida entre Pato Basquete e Sesi Franca pelo Novo Basquete Brasil (NBB). O jogo, v\u00e1lido\u2026","rel":"","context":"In &quot;Not\u00edcias de Franca-SP&quot;","block_context":{"text":"Not\u00edcias de Franca-SP","link":"https:\/\/noticiasribeiraopreto.com.br\/index.php\/category\/noticias-de-ribeirao-preto-sp-e-regiao-ismael-colosi\/noticias-franca-sp\/"},"img":{"alt_text":"","src":"https:\/\/i0.wp.com\/noticiasribeiraopreto.com.br\/wp-content\/uploads\/2025\/04\/IMG-20250329-WA0001.jpg?fit=1040%2C694&ssl=1&resize=350%2C200","width":350,"height":200,"srcset":"https:\/\/i0.wp.com\/noticiasribeiraopreto.com.br\/wp-content\/uploads\/2025\/04\/IMG-20250329-WA0001.jpg?fit=1040%2C694&ssl=1&resize=350%2C200 1x, https:\/\/i0.wp.com\/noticiasribeiraopreto.com.br\/wp-content\/uploads\/2025\/04\/IMG-20250329-WA0001.jpg?fit=1040%2C694&ssl=1&resize=525%2C300 1.5x, https:\/\/i0.wp.com\/noticiasribeiraopreto.com.br\/wp-content\/uploads\/2025\/04\/IMG-20250329-WA0001.jpg?fit=1040%2C694&ssl=1&resize=700%2C400 2x"},"classes":[]},{"id":67756,"url":"https:\/\/noticiasribeiraopreto.com.br\/index.php\/2025\/04\/18\/jornal-da-franca-vereadores-aprovam-reconhecimento-a-profissionais-e-entidades-que-atuam-em-franca\/","url_meta":{"origin":70685,"position":4},"title":"Jornal da Franca &#8211; Vereadores aprovam reconhecimento a profissionais e entidades que atuam em Franca\u00a0","author":"noticiasribeiraopreto.com.br","date":"18 de April de 2025","format":false,"excerpt":"compartilhar no whatsapp compartilhar no telegram compartilhar no facebook compartilhar no linkedin Mo\u00e7\u00f5es de aplausos e congratula\u00e7\u00f5es s\u00e3o apresentadas em reconhecimento a servi\u00e7os prestados A C\u00e2mara Municipal de Franca aprovou na sess\u00e3o desta ter\u00e7a-feira mo\u00e7\u00f5es de aplausos e congratula\u00e7\u00f5es em reconhecimento a profissionais, entidades e sindicatos que se destacaram em\u2026","rel":"","context":"In &quot;Not\u00edcias de Franca-SP&quot;","block_context":{"text":"Not\u00edcias de Franca-SP","link":"https:\/\/noticiasribeiraopreto.com.br\/index.php\/category\/noticias-de-ribeirao-preto-sp-e-regiao-ismael-colosi\/noticias-franca-sp\/"},"img":{"alt_text":"","src":"https:\/\/i0.wp.com\/noticiasribeiraopreto.com.br\/wp-content\/uploads\/2025\/04\/reuniaodecomissoes-2.jpg?fit=930%2C558&ssl=1&resize=350%2C200","width":350,"height":200,"srcset":"https:\/\/i0.wp.com\/noticiasribeiraopreto.com.br\/wp-content\/uploads\/2025\/04\/reuniaodecomissoes-2.jpg?fit=930%2C558&ssl=1&resize=350%2C200 1x, https:\/\/i0.wp.com\/noticiasribeiraopreto.com.br\/wp-content\/uploads\/2025\/04\/reuniaodecomissoes-2.jpg?fit=930%2C558&ssl=1&resize=525%2C300 1.5x, https:\/\/i0.wp.com\/noticiasribeiraopreto.com.br\/wp-content\/uploads\/2025\/04\/reuniaodecomissoes-2.jpg?fit=930%2C558&ssl=1&resize=700%2C400 2x"},"classes":[]},{"id":72627,"url":"https:\/\/noticiasribeiraopreto.com.br\/index.php\/2025\/06\/19\/jornal-da-franca-torcedores-do-sesi-franca-aguardam-confirmacao-de-carreata-para-comemorar-o-tetra\/","url_meta":{"origin":70685,"position":5},"title":"Jornal da Franca &#8211; Torcedores do Sesi Franca aguardam confirma\u00e7\u00e3o de carreata para comemorar o tetra","author":"noticiasribeiraopreto.com.br","date":"19 de June de 2025","format":false,"excerpt":"compartilhar no whatsapp compartilhar no telegram compartilhar no facebook compartilhar no linkedin Time tradicionalmente comemora titulos desfilando em carro aberto pela cidade Os torcedores do Sesi Franca aguardam que o clube confirme a realiza\u00e7\u00e3o de uma carreata para comemorar o t\u00edtulo do tetracampeonato do NBB \u2013 Novo Basquete Brasil, conquistado\u2026","rel":"","context":"In &quot;Not\u00edcias de Franca-SP&quot;","block_context":{"text":"Not\u00edcias de Franca-SP","link":"https:\/\/noticiasribeiraopreto.com.br\/index.php\/category\/noticias-de-ribeirao-preto-sp-e-regiao-ismael-colosi\/noticias-franca-sp\/"},"img":{"alt_text":"","src":"https:\/\/i0.wp.com\/noticiasribeiraopreto.com.br\/wp-content\/uploads\/2025\/06\/basq-scaled.jpg?fit=1200%2C800&ssl=1&resize=350%2C200","width":350,"height":200,"srcset":"https:\/\/i0.wp.com\/noticiasribeiraopreto.com.br\/wp-content\/uploads\/2025\/06\/basq-scaled.jpg?fit=1200%2C800&ssl=1&resize=350%2C200 1x, https:\/\/i0.wp.com\/noticiasribeiraopreto.com.br\/wp-content\/uploads\/2025\/06\/basq-scaled.jpg?fit=1200%2C800&ssl=1&resize=525%2C300 1.5x, https:\/\/i0.wp.com\/noticiasribeiraopreto.com.br\/wp-content\/uploads\/2025\/06\/basq-scaled.jpg?fit=1200%2C800&ssl=1&resize=700%2C400 2x, https:\/\/i0.wp.com\/noticiasribeiraopreto.com.br\/wp-content\/uploads\/2025\/06\/basq-scaled.jpg?fit=1200%2C800&ssl=1&resize=1050%2C600 3x"},"classes":[]}],"jetpack_sharing_enabled":true,"jetpack_shortlink":"https:\/\/wp.me\/peQAOb-io5","_links":{"self":[{"href":"https:\/\/noticiasribeiraopreto.com.br\/index.php\/wp-json\/wp\/v2\/posts\/70685","targetHints":{"allow":["GET"]}}],"collection":[{"href":"https:\/\/noticiasribeiraopreto.com.br\/index.php\/wp-json\/wp\/v2\/posts"}],"about":[{"href":"https:\/\/noticiasribeiraopreto.com.br\/index.php\/wp-json\/wp\/v2\/types\/post"}],"author":[{"embeddable":true,"href":"https:\/\/noticiasribeiraopreto.com.br\/index.php\/wp-json\/wp\/v2\/users\/1"}],"replies":[{"embeddable":true,"href":"https:\/\/noticiasribeiraopreto.com.br\/index.php\/wp-json\/wp\/v2\/comments?post=70685"}],"version-history":[{"count":0,"href":"https:\/\/noticiasribeiraopreto.com.br\/index.php\/wp-json\/wp\/v2\/posts\/70685\/revisions"}],"wp:featuredmedia":[{"embeddable":true,"href":"https:\/\/noticiasribeiraopreto.com.br\/index.php\/wp-json\/wp\/v2\/media\/70686"}],"wp:attachment":[{"href":"https:\/\/noticiasribeiraopreto.com.br\/index.php\/wp-json\/wp\/v2\/media?parent=70685"}],"wp:term":[{"taxonomy":"category","embeddable":true,"href":"https:\/\/noticiasribeiraopreto.com.br\/index.php\/wp-json\/wp\/v2\/categories?post=70685"},{"taxonomy":"post_tag","embeddable":true,"href":"https:\/\/noticiasribeiraopreto.com.br\/index.php\/wp-json\/wp\/v2\/tags?post=70685"}],"curies":[{"name":"wp","href":"https:\/\/api.w.org\/{rel}","templated":true}]}}