{"id":70687,"date":"2025-05-28T22:54:51","date_gmt":"2025-05-29T01:54:51","guid":{"rendered":"https:\/\/noticiasribeiraopreto.com.br\/index.php\/2025\/05\/28\/com-denuncia-anonima-e-drone-policia-militar-encontra-carros-furtados-escondido-no-jardim-aeroporto\/"},"modified":"2025-05-28T22:54:51","modified_gmt":"2025-05-29T01:54:51","slug":"com-denuncia-anonima-e-drone-policia-militar-encontra-carros-furtados-escondido-no-jardim-aeroporto","status":"publish","type":"post","link":"https:\/\/noticiasribeiraopreto.com.br\/index.php\/2025\/05\/28\/com-denuncia-anonima-e-drone-policia-militar-encontra-carros-furtados-escondido-no-jardim-aeroporto\/","title":{"rendered":"Com den\u00fancia an\u00f4nima e drone, Pol\u00edcia Militar encontra carros furtados escondido no Jardim Aeroporto"},"content":{"rendered":"<div class='code-block code-block-1' style='margin: 8px 0 8px auto; text-align: right; display: block; clear: both;'>\n<p><a href=\"https:\/\/wa.link\/vpicfd\"><img data-recalc-dims=\"1\" class=\"wp-image-4922\" style=\"aspect-ratio: 2.0253164556962027; width: 561px; height: auto;\" src=\"https:\/\/i0.wp.com\/ismaelcolosi.com.br\/wp-content\/uploads\/2023\/11\/grupo-de-empregos-whatsapp-e-facebook-ismael-colosi-vagas.jpg?ssl=1\" alt=\"\" \/><\/a><\/p>\n<!-- \/wp:image -->\n<\/div>\n<p> <br \/>\n<\/p>\n<div>\n<p>Ap\u00f3s den\u00fancia an\u00f4nima sobre a presen\u00e7a de ve\u00edculos suspeitos em uma resid\u00eancia no bairro Jardim Aeroporto, em Franca, policiais militares desencadearam uma opera\u00e7\u00e3o para averigua\u00e7\u00e3o dos fatos e conseguiram recuperar produto de furto. Para conseguir ampliar a fiscaliza\u00e7\u00e3o, a Pol\u00edcia Militar usou drone.<\/p>\n<p>A partir do uso de imagens a\u00e9reas, os policiais militares conseguiram visualizar dois ve\u00edculos na garagem do im\u00f3vel.<\/p>\n<p>Com a averigua\u00e7\u00e3o inicial, foi poss\u00edvel encontrar identifica\u00e7\u00e3o dos carros para realizar an\u00e1lise e tamb\u00e9m fazer apura\u00e7\u00e3o no pr\u00f3prio im\u00f3vel. Durante a verifica\u00e7\u00e3o, foi constatada adultera\u00e7\u00e3o no chassi de uma Fiat Strada. Com o uso de equipamento eletr\u00f4nico, foi poss\u00edvel identificar a numera\u00e7\u00e3o real do ve\u00edculo, confirmando que se tratava de um autom\u00f3vel roubado em novembro de 2024. J\u00e1 o segundo ve\u00edculo, uma Fiat Fiorino, constava como furtada em abril de 2025.<\/p>\n<p><img data-recalc-dims=\"1\" loading=\"lazy\" decoding=\"async\" class=\"alignnone size-full wp-image-37550\" src=\"https:\/\/i0.wp.com\/www.f3noticias.com.br\/wp-content\/uploads\/2025\/05\/veiculos-furtados-pm.png?resize=700%2C338&#038;ssl=1\" alt=\"\" width=\"700\" height=\"338\" srcset=\"https:\/\/www.f3noticias.com.br\/wp-content\/uploads\/2025\/05\/veiculos-furtados-pm.png 700w, https:\/\/www.f3noticias.com.br\/wp-content\/uploads\/2025\/05\/veiculos-furtados-pm-300x145.png 300w\" sizes=\"auto, (max-width: 700px) 100vw, 700px\"\/><\/p>\n<p>Por conta do flagrante ligado \u00e0 recepta\u00e7\u00e3o, um homem que estava no local foi preso tanto por recepta\u00e7\u00e3o e adultera\u00e7\u00e3o de sinal identificador de ve\u00edculo. Os carros foram apreendidos e encaminhados para a Pol\u00edcia Civil, bem como o suspeito.<\/p>\n<p>A Pol\u00edcia Civil, agora, vai identificar os propriet\u00e1rios para devolver os carros. Al\u00e9m disso, inqu\u00e9rito policial vai ser instaurado para tentar localizar quem praticou os furtos e se o local encontrado no Jardim Aeroporto servia para uso de outros crimes.<\/p>\n<\/p><\/div>\n<p><br \/>\n<br \/><a href=\"https:\/\/www.f3noticias.com.br\/com-denuncia-anonima-e-drone-policia-militar-encontra-carros-furtados-escondido-no-jardim-aeroporto\/\">Source link <\/a><\/p>\n<!-- CONTENT END 1 -->\n","protected":false},"excerpt":{"rendered":"<p>Ap\u00f3s den\u00fancia an\u00f4nima sobre a presen\u00e7a de ve\u00edculos suspeitos em uma resid\u00eancia no bairro Jardim Aeroporto, em Franca, policiais militares desencadearam uma opera\u00e7\u00e3o para averigua\u00e7\u00e3o&#8230;<\/p>\n","protected":false},"author":1,"featured_media":70688,"comment_status":"open","ping_status":"open","sticky":false,"template":"","format":"standard","meta":{"advanced_seo_description":"","jetpack_seo_html_title":"","jetpack_seo_noindex":false,"jetpack_post_was_ever_published":false,"_jetpack_newsletter_access":"","_jetpack_dont_email_post_to_subs":false,"_jetpack_newsletter_tier_id":0,"_jetpack_memberships_contains_paywalled_content":false,"_jetpack_memberships_contains_paid_content":false,"footnotes":"","jetpack_publicize_message":"","jetpack_publicize_feature_enabled":true,"jetpack_social_post_already_shared":true,"jetpack_social_options":{"image_generator_settings":{"template":"highway","default_image_id":0,"font":"","enabled":false},"version":2}},"categories":[3597],"tags":[],"class_list":["post-70687","post","type-post","status-publish","format-standard","has-post-thumbnail","hentry","category-noticias-franca-sp"],"jetpack_publicize_connections":[],"jetpack_featured_media_url":"https:\/\/i0.wp.com\/noticiasribeiraopreto.com.br\/wp-content\/uploads\/2025\/05\/fiscalizacao-pm.png?fit=700%2C346&ssl=1","jetpack-related-posts":[{"id":68403,"url":"https:\/\/noticiasribeiraopreto.com.br\/index.php\/2025\/04\/25\/denuncia-anonima-leva-policia-militar-a-ponto-de-venda-de-crack-no-jardim-bethania\/","url_meta":{"origin":70687,"position":0},"title":"Den\u00fancia an\u00f4nima leva Pol\u00edcia Militar \u00e0 ponto de venda de crack no Jardim Bethania","author":"noticiasribeiraopreto.com.br","date":"25 de April de 2025","format":false,"excerpt":"A Pol\u00edcia Militar prendeu um homem de 21 anos, em flagrante, no Jardim Bethania, na noite deste dia 24\/4. Ele estava vendendo drogas em um \u00e1rea humilde da regi\u00e3o. Os policiais militares receberam den\u00fancia an\u00f4nima e foram averiguar o caso. O local denunciado tem algumas pequenas casas e o homem\u2026","rel":"","context":"In &quot;Not\u00edcias de Franca-SP&quot;","block_context":{"text":"Not\u00edcias de Franca-SP","link":"https:\/\/noticiasribeiraopreto.com.br\/index.php\/category\/noticias-de-ribeirao-preto-sp-e-regiao-ismael-colosi\/noticias-franca-sp\/"},"img":{"alt_text":"","src":"https:\/\/i0.wp.com\/noticiasribeiraopreto.com.br\/wp-content\/uploads\/2025\/04\/policia-militar-carro-2-e1738679633439.jpeg?fit=1010%2C669&ssl=1&resize=350%2C200","width":350,"height":200,"srcset":"https:\/\/i0.wp.com\/noticiasribeiraopreto.com.br\/wp-content\/uploads\/2025\/04\/policia-militar-carro-2-e1738679633439.jpeg?fit=1010%2C669&ssl=1&resize=350%2C200 1x, https:\/\/i0.wp.com\/noticiasribeiraopreto.com.br\/wp-content\/uploads\/2025\/04\/policia-militar-carro-2-e1738679633439.jpeg?fit=1010%2C669&ssl=1&resize=525%2C300 1.5x, https:\/\/i0.wp.com\/noticiasribeiraopreto.com.br\/wp-content\/uploads\/2025\/04\/policia-militar-carro-2-e1738679633439.jpeg?fit=1010%2C669&ssl=1&resize=700%2C400 2x"},"classes":[]},{"id":71840,"url":"https:\/\/noticiasribeiraopreto.com.br\/index.php\/2025\/06\/10\/videos-dupla-suspeita-de-integrar-faccao-e-presa-apos-fuga-pela-anhanguera\/","url_meta":{"origin":70687,"position":1},"title":"V\u00cdDEOS &#8211; Dupla suspeita de integrar fac\u00e7\u00e3o \u00e9 presa ap\u00f3s fuga pela Anhanguera","author":"noticiasribeiraopreto.com.br","date":"10 de June de 2025","format":false,"excerpt":"Por: Adalberto Luque Uma persegui\u00e7\u00e3o registrada na noite desta segunda-feira (9) s\u00f3 terminou ap\u00f3s um acidente de tr\u00e2nsito na cidade de Cravinhos. Um carro n\u00e3o obedeceu \u00e0 ordem de parada da Pol\u00edcia Militar Rodovi\u00e1ria (PMRv) quando passava pela pra\u00e7a de ped\u00e1gio da Rodovia Anhanguera (SP-330), em S\u00e3o Sim\u00e3o, iniciando uma\u2026","rel":"","context":"In &quot;Not\u00edcias de Ribeir\u00e3o Preto-SP e Regi\u00e3o&quot;","block_context":{"text":"Not\u00edcias de Ribeir\u00e3o Preto-SP e Regi\u00e3o","link":"https:\/\/noticiasribeiraopreto.com.br\/index.php\/category\/noticias-de-ribeirao-preto-sp-e-regiao-ismael-colosi\/"},"img":{"alt_text":"","src":"https:\/\/i0.wp.com\/noticiasribeiraopreto.com.br\/wp-content\/uploads\/2025\/06\/1749584740_10-jun-2025-fugapedagio5-scaled.jpg?fit=800%2C450&ssl=1&resize=350%2C200","width":350,"height":200,"srcset":"https:\/\/i0.wp.com\/noticiasribeiraopreto.com.br\/wp-content\/uploads\/2025\/06\/1749584740_10-jun-2025-fugapedagio5-scaled.jpg?fit=800%2C450&ssl=1&resize=350%2C200 1x, https:\/\/i0.wp.com\/noticiasribeiraopreto.com.br\/wp-content\/uploads\/2025\/06\/1749584740_10-jun-2025-fugapedagio5-scaled.jpg?fit=800%2C450&ssl=1&resize=525%2C300 1.5x, https:\/\/i0.wp.com\/noticiasribeiraopreto.com.br\/wp-content\/uploads\/2025\/06\/1749584740_10-jun-2025-fugapedagio5-scaled.jpg?fit=800%2C450&ssl=1&resize=700%2C400 2x"},"classes":[]},{"id":64968,"url":"https:\/\/noticiasribeiraopreto.com.br\/index.php\/2025\/03\/14\/adolescentes-de-17-anos-usam-arma-de-brinquedo-para-cometer-furtos-no-jardim-luiza\/","url_meta":{"origin":70687,"position":2},"title":"Adolescentes de 17 anos usam arma de brinquedo para cometer furtos no Jardim Luiza","author":"noticiasribeiraopreto.com.br","date":"14 de March de 2025","format":false,"excerpt":"A Pol\u00edcia Militar apreendeu dois adolescentes, de 17 anos, com diversas por\u00e7\u00f5es de maconha, balan\u00e7a de precis\u00e3o e tamb\u00e9m uma arma de brinquedo. Eles foram localizados no Jardim Luiza, durante ronda feita pela PM na noite de quarta-feira (12). Os policiais militares j\u00e1 haviam recebido den\u00fancia que havia duas pessoas\u2026","rel":"","context":"In &quot;Not\u00edcias de Franca-SP&quot;","block_context":{"text":"Not\u00edcias de Franca-SP","link":"https:\/\/noticiasribeiraopreto.com.br\/index.php\/category\/noticias-de-ribeirao-preto-sp-e-regiao-ismael-colosi\/noticias-franca-sp\/"},"img":{"alt_text":"","src":"https:\/\/i0.wp.com\/noticiasribeiraopreto.com.br\/wp-content\/uploads\/2025\/03\/15bpm_batalhao.jpg?fit=700%2C470&ssl=1&resize=350%2C200","width":350,"height":200,"srcset":"https:\/\/i0.wp.com\/noticiasribeiraopreto.com.br\/wp-content\/uploads\/2025\/03\/15bpm_batalhao.jpg?fit=700%2C470&ssl=1&resize=350%2C200 1x, https:\/\/i0.wp.com\/noticiasribeiraopreto.com.br\/wp-content\/uploads\/2025\/03\/15bpm_batalhao.jpg?fit=700%2C470&ssl=1&resize=525%2C300 1.5x, https:\/\/i0.wp.com\/noticiasribeiraopreto.com.br\/wp-content\/uploads\/2025\/03\/15bpm_batalhao.jpg?fit=700%2C470&ssl=1&resize=700%2C400 2x"},"classes":[]},{"id":74525,"url":"https:\/\/noticiasribeiraopreto.com.br\/index.php\/2025\/07\/24\/dupla-e-presa-apos-fuga-alucinada-pela-anhanguera\/","url_meta":{"origin":70687,"position":3},"title":"Dupla \u00e9 presa ap\u00f3s fuga alucinada pela Anhanguera","author":"noticiasribeiraopreto.com.br","date":"24 de July de 2025","format":false,"excerpt":"Durante persegui\u00e7\u00e3o, um dos suspeitos chegou a pular do carro em movimento, mas os dois acabaram presos pela Pol\u00edcia Militar 24 de julho de 2025 11:321 Compartilhar1 Por: Adalberto Luque Dois homens foram presos, nesta quarta-feira (23), ap\u00f3s uma persegui\u00e7\u00e3o que mobilizou viaturas do Batalh\u00e3o de Opera\u00e7\u00f5es Especiais de Pol\u00edcia\u2026","rel":"","context":"In &quot;Not\u00edcias de Ribeir\u00e3o Preto-SP e Regi\u00e3o&quot;","block_context":{"text":"Not\u00edcias de Ribeir\u00e3o Preto-SP e Regi\u00e3o","link":"https:\/\/noticiasribeiraopreto.com.br\/index.php\/category\/noticias-de-ribeirao-preto-sp-e-regiao-ismael-colosi\/"},"img":{"alt_text":"","src":"https:\/\/i0.wp.com\/noticiasribeiraopreto.com.br\/wp-content\/uploads\/2025\/07\/24-jul-2025-fugaanhanguera1.jpg?fit=822%2C793&ssl=1&resize=350%2C200","width":350,"height":200,"srcset":"https:\/\/i0.wp.com\/noticiasribeiraopreto.com.br\/wp-content\/uploads\/2025\/07\/24-jul-2025-fugaanhanguera1.jpg?fit=822%2C793&ssl=1&resize=350%2C200 1x, https:\/\/i0.wp.com\/noticiasribeiraopreto.com.br\/wp-content\/uploads\/2025\/07\/24-jul-2025-fugaanhanguera1.jpg?fit=822%2C793&ssl=1&resize=525%2C300 1.5x, https:\/\/i0.wp.com\/noticiasribeiraopreto.com.br\/wp-content\/uploads\/2025\/07\/24-jul-2025-fugaanhanguera1.jpg?fit=822%2C793&ssl=1&resize=700%2C400 2x"},"classes":[]},{"id":83542,"url":"https:\/\/noticiasribeiraopreto.com.br\/index.php\/2026\/03\/20\/homem-tenta-furtar-carro-entra-em-luta-com-policiais-e-acaba-preso-em-ribeirao-video\/","url_meta":{"origin":70687,"position":4},"title":"Homem tenta furtar carro, entra em luta com policiais e acaba preso em Ribeir\u00e3o; V\u00eddeo","author":"noticiasribeiraopreto.com.br","date":"20 de March de 2026","format":false,"excerpt":"Um homem foi preso na manh\u00e3 desta sexta-feira (20) ap\u00f3s tentar furtar um carro na avenida Cost\u00e1bile Romano, zona Leste de Ribeir\u00e3o Preto. Segundo informa\u00e7\u00f5es, o suspeito estava em um ve\u00edculo com outros dois indiv\u00edduos, que j\u00e1 era considerado suspeito pela Pol\u00edcia Militar. Ao descer do carro, ele tentou furtar\u2026","rel":"","context":"In &quot;Not\u00edcias de Ribeir\u00e3o Preto-SP e Regi\u00e3o&quot;","block_context":{"text":"Not\u00edcias de Ribeir\u00e3o Preto-SP e Regi\u00e3o","link":"https:\/\/noticiasribeiraopreto.com.br\/index.php\/category\/noticias-de-ribeirao-preto-sp-e-regiao-ismael-colosi\/"},"img":{"alt_text":"","src":"https:\/\/i0.wp.com\/noticiasribeiraopreto.com.br\/wp-content\/uploads\/2026\/03\/palace-1_2026-03-20_15-42-04.webp.webp?fit=1200%2C675&ssl=1&resize=350%2C200","width":350,"height":200,"srcset":"https:\/\/i0.wp.com\/noticiasribeiraopreto.com.br\/wp-content\/uploads\/2026\/03\/palace-1_2026-03-20_15-42-04.webp.webp?fit=1200%2C675&ssl=1&resize=350%2C200 1x, https:\/\/i0.wp.com\/noticiasribeiraopreto.com.br\/wp-content\/uploads\/2026\/03\/palace-1_2026-03-20_15-42-04.webp.webp?fit=1200%2C675&ssl=1&resize=525%2C300 1.5x, https:\/\/i0.wp.com\/noticiasribeiraopreto.com.br\/wp-content\/uploads\/2026\/03\/palace-1_2026-03-20_15-42-04.webp.webp?fit=1200%2C675&ssl=1&resize=700%2C400 2x, https:\/\/i0.wp.com\/noticiasribeiraopreto.com.br\/wp-content\/uploads\/2026\/03\/palace-1_2026-03-20_15-42-04.webp.webp?fit=1200%2C675&ssl=1&resize=1050%2C600 3x"},"classes":[]},{"id":72844,"url":"https:\/\/noticiasribeiraopreto.com.br\/index.php\/2025\/06\/21\/policia-militar-localiza-desmanche-de-veiculos-no-jardim-palocci\/","url_meta":{"origin":70687,"position":5},"title":"Pol\u00edcia Militar localiza desmanche de ve\u00edculos no Jardim Palocci","author":"noticiasribeiraopreto.com.br","date":"21 de June de 2025","format":false,"excerpt":"21 de junho de 2025 22:211 Compartilhar0 Na manh\u00e3 deste s\u00e1bado (21), a Pol\u00edcia Militar realizou uma opera\u00e7\u00e3o na Rua Alcides Ara\u00fajo, no bairro Jardim Palocci, zona Norte de Ribeir\u00e3o Preto. Durante a a\u00e7\u00e3o, os policiais localizaram dois ve\u00edculos com queixa de furto no interior de uma resid\u00eancia. No im\u00f3vel,\u2026","rel":"","context":"In &quot;Not\u00edcias de Ribeir\u00e3o Preto-SP e Regi\u00e3o&quot;","block_context":{"text":"Not\u00edcias de Ribeir\u00e3o Preto-SP e Regi\u00e3o","link":"https:\/\/noticiasribeiraopreto.com.br\/index.php\/category\/noticias-de-ribeirao-preto-sp-e-regiao-ismael-colosi\/"},"img":{"alt_text":"","src":"https:\/\/i0.wp.com\/noticiasribeiraopreto.com.br\/wp-content\/uploads\/2025\/06\/desmanche_palocci-scaled.jpeg?fit=699%2C500&ssl=1&resize=350%2C200","width":350,"height":200,"srcset":"https:\/\/i0.wp.com\/noticiasribeiraopreto.com.br\/wp-content\/uploads\/2025\/06\/desmanche_palocci-scaled.jpeg?fit=699%2C500&ssl=1&resize=350%2C200 1x, https:\/\/i0.wp.com\/noticiasribeiraopreto.com.br\/wp-content\/uploads\/2025\/06\/desmanche_palocci-scaled.jpeg?fit=699%2C500&ssl=1&resize=525%2C300 1.5x"},"classes":[]}],"jetpack_sharing_enabled":true,"jetpack_shortlink":"https:\/\/wp.me\/peQAOb-io7","_links":{"self":[{"href":"https:\/\/noticiasribeiraopreto.com.br\/index.php\/wp-json\/wp\/v2\/posts\/70687","targetHints":{"allow":["GET"]}}],"collection":[{"href":"https:\/\/noticiasribeiraopreto.com.br\/index.php\/wp-json\/wp\/v2\/posts"}],"about":[{"href":"https:\/\/noticiasribeiraopreto.com.br\/index.php\/wp-json\/wp\/v2\/types\/post"}],"author":[{"embeddable":true,"href":"https:\/\/noticiasribeiraopreto.com.br\/index.php\/wp-json\/wp\/v2\/users\/1"}],"replies":[{"embeddable":true,"href":"https:\/\/noticiasribeiraopreto.com.br\/index.php\/wp-json\/wp\/v2\/comments?post=70687"}],"version-history":[{"count":0,"href":"https:\/\/noticiasribeiraopreto.com.br\/index.php\/wp-json\/wp\/v2\/posts\/70687\/revisions"}],"wp:featuredmedia":[{"embeddable":true,"href":"https:\/\/noticiasribeiraopreto.com.br\/index.php\/wp-json\/wp\/v2\/media\/70688"}],"wp:attachment":[{"href":"https:\/\/noticiasribeiraopreto.com.br\/index.php\/wp-json\/wp\/v2\/media?parent=70687"}],"wp:term":[{"taxonomy":"category","embeddable":true,"href":"https:\/\/noticiasribeiraopreto.com.br\/index.php\/wp-json\/wp\/v2\/categories?post=70687"},{"taxonomy":"post_tag","embeddable":true,"href":"https:\/\/noticiasribeiraopreto.com.br\/index.php\/wp-json\/wp\/v2\/tags?post=70687"}],"curies":[{"name":"wp","href":"https:\/\/api.w.org\/{rel}","templated":true}]}}