{"id":70691,"date":"2025-05-29T01:00:48","date_gmt":"2025-05-29T04:00:48","guid":{"rendered":"https:\/\/noticiasribeiraopreto.com.br\/index.php\/2025\/05\/29\/projeto-aprovado-na-alesp-preve-mais-acessibilidade-a-estudantes-autismo-e-tdha\/"},"modified":"2025-05-29T01:00:48","modified_gmt":"2025-05-29T04:00:48","slug":"projeto-aprovado-na-alesp-preve-mais-acessibilidade-a-estudantes-autismo-e-tdha","status":"publish","type":"post","link":"https:\/\/noticiasribeiraopreto.com.br\/index.php\/2025\/05\/29\/projeto-aprovado-na-alesp-preve-mais-acessibilidade-a-estudantes-autismo-e-tdha\/","title":{"rendered":"Projeto aprovado na Alesp prev\u00ea mais acessibilidade a estudantes autismo e TDHA"},"content":{"rendered":"<div class='code-block code-block-1' style='margin: 8px 0 8px auto; text-align: right; display: block; clear: both;'>\n<p><a href=\"https:\/\/wa.link\/vpicfd\"><img data-recalc-dims=\"1\" class=\"wp-image-4922\" style=\"aspect-ratio: 2.0253164556962027; width: 561px; height: auto;\" src=\"https:\/\/i0.wp.com\/ismaelcolosi.com.br\/wp-content\/uploads\/2023\/11\/grupo-de-empregos-whatsapp-e-facebook-ismael-colosi-vagas.jpg?ssl=1\" alt=\"\" \/><\/a><\/p>\n<!-- \/wp:image -->\n<\/div>\n<p> <br \/>\n<\/p>\n<div>\n<p>Foi aprovado, na Assembleia Legislativa de S\u00e3o Paulo, o Projeto de Lei 1000\/2023, de coautoria do deputado estadual por Franca, Guilherme Cortez (PSOL), que estabelece novas medidas de acessibilidade para estudantes com defici\u00eancia e transtornos do neurodesenvolvimento nas escolas da rede p\u00fablica estadual. A aprova\u00e7\u00e3o aconteceu em sess\u00e3o deste dia 27\/5.<\/p>\n<p>O projeto garante o direito de alunos com alergias, restri\u00e7\u00e3o ou seletividade alimentar levarem alimentos que atendam suas necessidades, permite que estudantes com sensibilidade fiquem sem sapatos no ambiente escolar, determina a substitui\u00e7\u00e3o de sinais sonoros ruidosos em respeito a alunos com sensibilidade auditiva e prev\u00ea a possibilidade de hor\u00e1rios adaptados para a realiza\u00e7\u00e3o de tratamentos multidisciplinares, com abono de faltas.<\/p>\n<p>A proposta contempla estudantes com defici\u00eancia, autismo, TDAH, dislexia, dispraxia e outros transtornos do neurodesenvolvimento. O objetivo \u00e9 assegurar um ambiente escolar mais inclusivo, respeitoso e adequado \u00e0s necessidades desses alunos.<\/p>\n<p>Agora, o texto segue para san\u00e7\u00e3o do governador Tarc\u00edsio de Freitas (Republicanos) e n\u00e3o tem data definida para ser avaliado.<\/p>\n<\/p><\/div>\n<p><br \/>\n<br \/><a href=\"https:\/\/www.f3noticias.com.br\/projeto-aprovado-na-alesp-preve-mais-acessibilidade-a-estudantes-autismo-e-tdha\/\">Source link <\/a><\/p>\n<!-- CONTENT END 1 -->\n","protected":false},"excerpt":{"rendered":"<p>Foi aprovado, na Assembleia Legislativa de S\u00e3o Paulo, o Projeto de Lei 1000\/2023, de coautoria do deputado estadual por Franca, Guilherme Cortez (PSOL), que estabelece&#8230;<\/p>\n","protected":false},"author":1,"featured_media":70692,"comment_status":"open","ping_status":"open","sticky":false,"template":"","format":"standard","meta":{"advanced_seo_description":"","jetpack_seo_html_title":"","jetpack_seo_noindex":false,"jetpack_post_was_ever_published":false,"_jetpack_newsletter_access":"","_jetpack_dont_email_post_to_subs":false,"_jetpack_newsletter_tier_id":0,"_jetpack_memberships_contains_paywalled_content":false,"_jetpack_memberships_contains_paid_content":false,"footnotes":"","jetpack_publicize_message":"","jetpack_publicize_feature_enabled":true,"jetpack_social_post_already_shared":true,"jetpack_social_options":{"image_generator_settings":{"template":"highway","default_image_id":0,"font":"","enabled":false},"version":2}},"categories":[3597],"tags":[],"class_list":["post-70691","post","type-post","status-publish","format-standard","has-post-thumbnail","hentry","category-noticias-franca-sp"],"jetpack_publicize_connections":[],"jetpack_featured_media_url":"https:\/\/i0.wp.com\/noticiasribeiraopreto.com.br\/wp-content\/uploads\/2025\/05\/autismo_tj.jpg?fit=562%2C375&ssl=1","jetpack-related-posts":[{"id":70695,"url":"https:\/\/noticiasribeiraopreto.com.br\/index.php\/2025\/05\/29\/jornal-da-franca-projeto-de-cortez-que-garante-mais-acessibilidade-a-alunos-pcds-e-aprovado-na-alesp\/","url_meta":{"origin":70691,"position":0},"title":"Jornal da Franca &#8211; Projeto de Cortez que garante mais acessibilidade a alunos PCDs \u00e9 aprovado na Alesp","author":"noticiasribeiraopreto.com.br","date":"29 de May de 2025","format":false,"excerpt":"compartilhar no whatsapp compartilhar no telegram compartilhar no facebook compartilhar no linkedin Agora a expectativa dos autores \u00e9 para que o projeto aprovado vire lei e comece a mudar a realidade dos estudantes O deputado francano, Guilherme Cortez, e a deputada Andr\u00e9a Werner, autores do projeto de lei Foi aprovado\u2026","rel":"","context":"In &quot;Not\u00edcias de Franca-SP&quot;","block_context":{"text":"Not\u00edcias de Franca-SP","link":"https:\/\/noticiasribeiraopreto.com.br\/index.php\/category\/noticias-de-ribeirao-preto-sp-e-regiao-ismael-colosi\/noticias-franca-sp\/"},"img":{"alt_text":"","src":"https:\/\/i0.wp.com\/noticiasribeiraopreto.com.br\/wp-content\/uploads\/2025\/05\/essa-34.jpg?fit=1170%2C717&ssl=1&resize=350%2C200","width":350,"height":200,"srcset":"https:\/\/i0.wp.com\/noticiasribeiraopreto.com.br\/wp-content\/uploads\/2025\/05\/essa-34.jpg?fit=1170%2C717&ssl=1&resize=350%2C200 1x, https:\/\/i0.wp.com\/noticiasribeiraopreto.com.br\/wp-content\/uploads\/2025\/05\/essa-34.jpg?fit=1170%2C717&ssl=1&resize=525%2C300 1.5x, https:\/\/i0.wp.com\/noticiasribeiraopreto.com.br\/wp-content\/uploads\/2025\/05\/essa-34.jpg?fit=1170%2C717&ssl=1&resize=700%2C400 2x, https:\/\/i0.wp.com\/noticiasribeiraopreto.com.br\/wp-content\/uploads\/2025\/05\/essa-34.jpg?fit=1170%2C717&ssl=1&resize=1050%2C600 3x"},"classes":[]},{"id":68220,"url":"https:\/\/noticiasribeiraopreto.com.br\/index.php\/2025\/04\/23\/jornal-da-franca-41-aprovados-no-provao-paulista-em-franca-devem-fazer-matriculas-nesta-quarta-23\/","url_meta":{"origin":70691,"position":1},"title":"Jornal da Franca &#8211; 41 aprovados no Prov\u00e3o Paulista em Franca devem fazer matr\u00edculas nesta quarta (23)","author":"noticiasribeiraopreto.com.br","date":"23 de April de 2025","format":false,"excerpt":"compartilhar no whatsapp compartilhar no telegram compartilhar no facebook compartilhar no linkedin A primeira chamada para as turmas do segundo semestre nas Fatecs e Univesp foi divulgada no fim da \u00faltima semana Os 41 estudantes da regi\u00e3o de Franca aprovados na primeira chamada do Prov\u00e3o Paulista Seriado para o segundo\u2026","rel":"","context":"In &quot;Not\u00edcias de Franca-SP&quot;","block_context":{"text":"Not\u00edcias de Franca-SP","link":"https:\/\/noticiasribeiraopreto.com.br\/index.php\/category\/noticias-de-ribeirao-preto-sp-e-regiao-ismael-colosi\/noticias-franca-sp\/"},"img":{"alt_text":"","src":"https:\/\/i0.wp.com\/noticiasribeiraopreto.com.br\/wp-content\/uploads\/2025\/04\/Matricula.jpg?fit=1170%2C775&ssl=1&resize=350%2C200","width":350,"height":200,"srcset":"https:\/\/i0.wp.com\/noticiasribeiraopreto.com.br\/wp-content\/uploads\/2025\/04\/Matricula.jpg?fit=1170%2C775&ssl=1&resize=350%2C200 1x, https:\/\/i0.wp.com\/noticiasribeiraopreto.com.br\/wp-content\/uploads\/2025\/04\/Matricula.jpg?fit=1170%2C775&ssl=1&resize=525%2C300 1.5x, https:\/\/i0.wp.com\/noticiasribeiraopreto.com.br\/wp-content\/uploads\/2025\/04\/Matricula.jpg?fit=1170%2C775&ssl=1&resize=700%2C400 2x, https:\/\/i0.wp.com\/noticiasribeiraopreto.com.br\/wp-content\/uploads\/2025\/04\/Matricula.jpg?fit=1170%2C775&ssl=1&resize=1050%2C600 3x"},"classes":[]},{"id":16101,"url":"https:\/\/noticiasribeiraopreto.com.br\/index.php\/2023\/12\/14\/bolsa-auxilio-para-alunos-continuarem-estudando-foi-aprovada\/","url_meta":{"origin":70691,"position":2},"title":"Bolsa Aux\u00edlio para alunos continuarem estudando foi APROVADA!","author":"noticiasribeiraopreto.com.br","date":"14 de December de 2023","format":false,"excerpt":"A educa\u00e7\u00e3o \u00e9 um dos pilares fundamentais para o desenvolvimento de um pa\u00eds. Infelizmente, muitos estudantes brasileiros enfrentam dificuldades financeiras que os impedem de continuar seus estudos. Para combater esse problema, a C\u00e2mara dos Deputados aprovou um projeto de lei que cria um incentivo financeiro para alunos de baixa renda\u2026","rel":"","context":"In &quot;Vagas de Emprego em Ribeir\u00e3o Preto-SP&quot;","block_context":{"text":"Vagas de Emprego em Ribeir\u00e3o Preto-SP","link":"https:\/\/noticiasribeiraopreto.com.br\/index.php\/category\/empregos-classificados-vagas-trabalho\/vagas-de-empregos-em-ribeirao-preto-regiao-brasil\/"},"img":{"alt_text":"","src":"","width":0,"height":0},"classes":[]},{"id":66695,"url":"https:\/\/noticiasribeiraopreto.com.br\/index.php\/2025\/04\/04\/jornal-da-franca-deputado-de-franca-apresenta-projetos-para-ampliar-beneficios-no-transporte-publico\/","url_meta":{"origin":70691,"position":3},"title":"Jornal da Franca &#8211; Deputado de Franca apresenta projetos para ampliar benef\u00edcios no transporte p\u00fablico","author":"noticiasribeiraopreto.com.br","date":"4 de April de 2025","format":false,"excerpt":"compartilhar no whatsapp compartilhar no telegram compartilhar no facebook compartilhar no linkedin Segundo Cortez, \u201cimpedir o uso combinado desses benef\u00edcios \u00e9 incompat\u00edvel com a finalidade da pol\u00edtica p\u00fablica de acesso \u00e0 educa\u00e7\u00e3o\u201d Nessa semana, o deputado estadual Guilherme Cortez (PSOL), de Franca, protocolou dois projetos de lei na Assembleia Legislativa\u2026","rel":"","context":"In &quot;Not\u00edcias de Franca-SP&quot;","block_context":{"text":"Not\u00edcias de Franca-SP","link":"https:\/\/noticiasribeiraopreto.com.br\/index.php\/category\/noticias-de-ribeirao-preto-sp-e-regiao-ismael-colosi\/noticias-franca-sp\/"},"img":{"alt_text":"","src":"https:\/\/i0.wp.com\/noticiasribeiraopreto.com.br\/wp-content\/uploads\/2025\/04\/3e63fcdb-fa43-4f6b-917b-2cc2791c6575.jpg?fit=1200%2C800&ssl=1&resize=350%2C200","width":350,"height":200,"srcset":"https:\/\/i0.wp.com\/noticiasribeiraopreto.com.br\/wp-content\/uploads\/2025\/04\/3e63fcdb-fa43-4f6b-917b-2cc2791c6575.jpg?fit=1200%2C800&ssl=1&resize=350%2C200 1x, https:\/\/i0.wp.com\/noticiasribeiraopreto.com.br\/wp-content\/uploads\/2025\/04\/3e63fcdb-fa43-4f6b-917b-2cc2791c6575.jpg?fit=1200%2C800&ssl=1&resize=525%2C300 1.5x, https:\/\/i0.wp.com\/noticiasribeiraopreto.com.br\/wp-content\/uploads\/2025\/04\/3e63fcdb-fa43-4f6b-917b-2cc2791c6575.jpg?fit=1200%2C800&ssl=1&resize=700%2C400 2x, https:\/\/i0.wp.com\/noticiasribeiraopreto.com.br\/wp-content\/uploads\/2025\/04\/3e63fcdb-fa43-4f6b-917b-2cc2791c6575.jpg?fit=1200%2C800&ssl=1&resize=1050%2C600 3x"},"classes":[]},{"id":64755,"url":"https:\/\/noticiasribeiraopreto.com.br\/index.php\/2025\/03\/12\/jornal-da-franca-conscientizacao-alunos-de-franca-se-tornam-fiscais-ambientais-mirins\/","url_meta":{"origin":70691,"position":4},"title":"Jornal da Franca &#8211; Conscientiza\u00e7\u00e3o: Alunos de Franca se tornam Fiscais Ambientais Mirins","author":"noticiasribeiraopreto.com.br","date":"12 de March de 2025","format":false,"excerpt":"compartilhar no whatsapp compartilhar no telegram compartilhar no facebook compartilhar no linkedin A iniciativa busca conscientizar os estudantes sobre a import\u00e2ncia do descarte correto de res\u00edduos e da preserva\u00e7\u00e3o ambiental A\u00e7\u00f5es do projeto Fiscais Ambientais Mirins come\u00e7am nesta sexta-feira, 14 \u00a0 As a\u00e7\u00f5es do projeto \u201cFiscais Ambientais Mirins\u201d come\u00e7am nesta\u2026","rel":"","context":"In &quot;Not\u00edcias de Franca-SP&quot;","block_context":{"text":"Not\u00edcias de Franca-SP","link":"https:\/\/noticiasribeiraopreto.com.br\/index.php\/category\/noticias-de-ribeirao-preto-sp-e-regiao-ismael-colosi\/noticias-franca-sp\/"},"img":{"alt_text":"","src":"https:\/\/i0.wp.com\/noticiasribeiraopreto.com.br\/wp-content\/uploads\/2025\/03\/Projeto-Educacao-Ambiental.jpeg?fit=1200%2C794&ssl=1&resize=350%2C200","width":350,"height":200,"srcset":"https:\/\/i0.wp.com\/noticiasribeiraopreto.com.br\/wp-content\/uploads\/2025\/03\/Projeto-Educacao-Ambiental.jpeg?fit=1200%2C794&ssl=1&resize=350%2C200 1x, https:\/\/i0.wp.com\/noticiasribeiraopreto.com.br\/wp-content\/uploads\/2025\/03\/Projeto-Educacao-Ambiental.jpeg?fit=1200%2C794&ssl=1&resize=525%2C300 1.5x, https:\/\/i0.wp.com\/noticiasribeiraopreto.com.br\/wp-content\/uploads\/2025\/03\/Projeto-Educacao-Ambiental.jpeg?fit=1200%2C794&ssl=1&resize=700%2C400 2x, https:\/\/i0.wp.com\/noticiasribeiraopreto.com.br\/wp-content\/uploads\/2025\/03\/Projeto-Educacao-Ambiental.jpeg?fit=1200%2C794&ssl=1&resize=1050%2C600 3x"},"classes":[]},{"id":68261,"url":"https:\/\/noticiasribeiraopreto.com.br\/index.php\/2025\/04\/23\/matriculas-para-aprovados-no-provao-paulista-devem-ser-feitas-ate-este-dia-23-4\/","url_meta":{"origin":70691,"position":5},"title":"Matr\u00edculas para aprovados no Prov\u00e3o Paulista devem ser feitas at\u00e9 este dia 23\/4","author":"noticiasribeiraopreto.com.br","date":"23 de April de 2025","format":false,"excerpt":"Os 41 estudantes da regi\u00e3o de Franca aprovados na primeira chamada do Prov\u00e3o Paulista Seriado para o segundo semestre devem efetuar a matr\u00edcula para os cursos superiores gratuitos oferecidos pelas Faculdades de Tecnologia do Estado (Fatecs) e pela Universidade Virtual do Estado de S\u00e3o Paulo (Univesp) at\u00e9 esta quarta-feira (23).\u2026","rel":"","context":"In &quot;Not\u00edcias de Franca-SP&quot;","block_context":{"text":"Not\u00edcias de Franca-SP","link":"https:\/\/noticiasribeiraopreto.com.br\/index.php\/category\/noticias-de-ribeirao-preto-sp-e-regiao-ismael-colosi\/noticias-franca-sp\/"},"img":{"alt_text":"","src":"https:\/\/i0.wp.com\/noticiasribeiraopreto.com.br\/wp-content\/uploads\/2025\/04\/fatec.jpeg?fit=1200%2C800&ssl=1&resize=350%2C200","width":350,"height":200,"srcset":"https:\/\/i0.wp.com\/noticiasribeiraopreto.com.br\/wp-content\/uploads\/2025\/04\/fatec.jpeg?fit=1200%2C800&ssl=1&resize=350%2C200 1x, https:\/\/i0.wp.com\/noticiasribeiraopreto.com.br\/wp-content\/uploads\/2025\/04\/fatec.jpeg?fit=1200%2C800&ssl=1&resize=525%2C300 1.5x, https:\/\/i0.wp.com\/noticiasribeiraopreto.com.br\/wp-content\/uploads\/2025\/04\/fatec.jpeg?fit=1200%2C800&ssl=1&resize=700%2C400 2x, https:\/\/i0.wp.com\/noticiasribeiraopreto.com.br\/wp-content\/uploads\/2025\/04\/fatec.jpeg?fit=1200%2C800&ssl=1&resize=1050%2C600 3x"},"classes":[]}],"jetpack_sharing_enabled":true,"jetpack_shortlink":"https:\/\/wp.me\/peQAOb-iob","_links":{"self":[{"href":"https:\/\/noticiasribeiraopreto.com.br\/index.php\/wp-json\/wp\/v2\/posts\/70691","targetHints":{"allow":["GET"]}}],"collection":[{"href":"https:\/\/noticiasribeiraopreto.com.br\/index.php\/wp-json\/wp\/v2\/posts"}],"about":[{"href":"https:\/\/noticiasribeiraopreto.com.br\/index.php\/wp-json\/wp\/v2\/types\/post"}],"author":[{"embeddable":true,"href":"https:\/\/noticiasribeiraopreto.com.br\/index.php\/wp-json\/wp\/v2\/users\/1"}],"replies":[{"embeddable":true,"href":"https:\/\/noticiasribeiraopreto.com.br\/index.php\/wp-json\/wp\/v2\/comments?post=70691"}],"version-history":[{"count":0,"href":"https:\/\/noticiasribeiraopreto.com.br\/index.php\/wp-json\/wp\/v2\/posts\/70691\/revisions"}],"wp:featuredmedia":[{"embeddable":true,"href":"https:\/\/noticiasribeiraopreto.com.br\/index.php\/wp-json\/wp\/v2\/media\/70692"}],"wp:attachment":[{"href":"https:\/\/noticiasribeiraopreto.com.br\/index.php\/wp-json\/wp\/v2\/media?parent=70691"}],"wp:term":[{"taxonomy":"category","embeddable":true,"href":"https:\/\/noticiasribeiraopreto.com.br\/index.php\/wp-json\/wp\/v2\/categories?post=70691"},{"taxonomy":"post_tag","embeddable":true,"href":"https:\/\/noticiasribeiraopreto.com.br\/index.php\/wp-json\/wp\/v2\/tags?post=70691"}],"curies":[{"name":"wp","href":"https:\/\/api.w.org\/{rel}","templated":true}]}}