{"id":70699,"date":"2025-05-29T07:16:50","date_gmt":"2025-05-29T10:16:50","guid":{"rendered":"https:\/\/noticiasribeiraopreto.com.br\/index.php\/2025\/05\/29\/jornal-da-franca-oficinas-gratuitas-ensinam-delicias-para-o-dia-dos-namorados-e-festas-juninas\/"},"modified":"2025-05-29T07:16:50","modified_gmt":"2025-05-29T10:16:50","slug":"jornal-da-franca-oficinas-gratuitas-ensinam-delicias-para-o-dia-dos-namorados-e-festas-juninas","status":"publish","type":"post","link":"https:\/\/noticiasribeiraopreto.com.br\/index.php\/2025\/05\/29\/jornal-da-franca-oficinas-gratuitas-ensinam-delicias-para-o-dia-dos-namorados-e-festas-juninas\/","title":{"rendered":"Jornal da Franca &#8211; Oficinas gratuitas ensinam del\u00edcias para o Dia dos Namorados e Festas Juninas"},"content":{"rendered":"<p> <br \/>\n<\/p>\n<div>\n\t                            <a class=\"mb-1\" href=\"https:\/\/api.whatsapp.com\/send?text=Olha essa Not\u00edcia no Jornal da Franca.%0D%0D*Oficinas gratuitas ensinam del\u00edcias para o Dia dos Namorados e Festas Juninas*%0D%0Dclique na url abaixo%0Dhttps:\/\/www.jornaldafranca.com.br\/oficinas-gratuitas-ensinam-delicias-para-o-dia-dos-namorados-e-festas-juninas\/\" target=\"_blank\"><span class=\"text-12 badge badge-pill badge-success\"><i class=\"fa fa-whatsapp\"\/> compartilhar no whatsapp<\/span><\/a><\/p>\n<p>\t                            <a class=\"mb-1\" href=\"https:\/\/telegram.me\/share\/url?url=https:\/\/www.jornaldafranca.com.br\/oficinas-gratuitas-ensinam-delicias-para-o-dia-dos-namorados-e-festas-juninas\/&amp;text=Olha essa Not\u00edcia no Jornal da Franca.\" target=\"_blank\"><span class=\"text-12 badge badge-pill badge-info\"><i class=\"fa fa-telegram\"\/> compartilhar no telegram<\/span><\/a><\/p>\n<p>\t                            <a class=\"mb-1\" href=\"https:\/\/www.facebook.com\/sharer\/sharer.php?u=https:\/\/www.jornaldafranca.com.br\/oficinas-gratuitas-ensinam-delicias-para-o-dia-dos-namorados-e-festas-juninas\/\" target=\"_blank\"><span class=\"text-12 badge badge-pill badge-primary\"><i class=\"fa fa-facebook\"\/> compartilhar no facebook<\/span><\/a><\/p>\n<p>\t                            <a class=\"mb-1\" href=\"https:\/\/www.linkedin.com\/shareArticle?mini=true&amp;url=https:\/\/www.jornaldafranca.com.br\/oficinas-gratuitas-ensinam-delicias-para-o-dia-dos-namorados-e-festas-juninas\/&amp;title=Oficinas gratuitas ensinam del\u00edcias para o Dia dos Namorados e Festas Juninas&amp;source=JORNAL DA FRANCA\" target=\"_blank\"><span class=\"text-12 badge badge-pill badge-secondary\"><i class=\"fa fa-linkedin\"\/> compartilhar no linkedin<\/span><\/a><\/p>\n<div class=\"lead text-20\">\n<p>Cursos gratuitos de chocolate e quitutes juninos est\u00e3o com mais de 200 vagas abertas<\/p>\n<\/p><\/div>\n<p><img data-recalc-dims=\"1\" decoding=\"async\" src=\"https:\/\/i0.wp.com\/www.jornaldafranca.com.br\/wp-content\/uploads\/2025\/05\/oficinas-chocolate.jpeg?ssl=1\" alt=\"\"\/><\/p>\n<h6>Aulas ensinam t\u00e9cnicas de produ\u00e7\u00e3o, decora\u00e7\u00e3o e embalagem para vendas e festas<\/h6>\n<p>\u00a0<\/p>\n<p>O Fundo Social de Solidariedade de Franca (FUSSOL), em parceria com a Escola Municipal Profissionalizante, est\u00e1 com inscri\u00e7\u00f5es abertas para oficinas gratuitas voltadas \u00e0 produ\u00e7\u00e3o de chocolates e comidas t\u00edpicas juninas.<\/p>\n<p>A iniciativa busca fomentar o empreendedorismo e oferecer oportunidades de gera\u00e7\u00e3o de renda durante o m\u00eas de junho.<\/p>\n<p>Ainda est\u00e3o dispon\u00edveis 50 vagas para a oficina \u201cDel\u00edcias de Chocolate \u2013 Dia dos Namorados\u201d, divididas em tr\u00eas turmas. J\u00e1 para as nove oficinas tem\u00e1ticas de Festa Junina, h\u00e1 176 vagas restantes.<\/p>\n<p>Os cursos s\u00e3o voltados a pessoas com 16 anos ou mais e as inscri\u00e7\u00f5es devem ser feitas pelo site da Prefeitura de Franca, na aba Escola Profissionalizante, ou diretamente pelo link:<br \/><a href=\"http:\/\/www.franca.sp.gov.br\/caminho-emprego-portal\/cursos.xhtml\">www.franca.sp.gov.br\/caminho-emprego-portal\/cursos.xhtml<\/a>.<\/p>\n<p><strong>Aprenda e lucre com del\u00edcias t\u00edpicas<\/strong><\/p>\n<p>Durante as oficinas, os participantes aprender\u00e3o desde a fabrica\u00e7\u00e3o artesanal de chocolates e quitutes t\u00edpicos at\u00e9 t\u00e9cnicas de decora\u00e7\u00e3o e embalagem profissional, com orienta\u00e7\u00e3o de monitores experientes.<\/p>\n<p>O objetivo \u00e9 capacitar os alunos tanto para uso dom\u00e9stico quanto para comercializa\u00e7\u00e3o de produtos, aproveitando datas como o Dia dos Namorados e as festas juninas.<\/p>\n<p>Os interessados tamb\u00e9m podem tirar d\u00favidas e obter informa\u00e7\u00f5es pelos telefones:<br \/>(16) 3711-9311 \u2014 FUSSOL<br \/>(16) 3724-7417 \u2014 WhatsApp da Escola Profissionalizante<\/p>\n<p>As oficinas integram as a\u00e7\u00f5es do munic\u00edpio para inclus\u00e3o produtiva e valoriza\u00e7\u00e3o da cultura local, incentivando a economia criativa e o empreendedorismo popular.<\/p>\n<p>Confira abaixo a rela\u00e7\u00e3o de datas, hor\u00e1rios e locais das oficinas \u2018Del\u00edcias de Chocolate\u2019.<\/p>\n<p><strong>\u2018Del\u00edcias de Chocolate \u2013 Dia dos Namorados\u2019: 50 vagas<\/strong><\/p>\n<p><strong>4 de junho<\/strong> \u2013 Quarta-feira (18 vagas)<br \/>19 \u00e0s 22 horas<br \/>Centro Comunit\u00e1rio do Jardim Palma \u2013 Rua Ant\u00f4nio Marcos, 3131 \u2013 Jardim Palma<\/p>\n<p><strong>5 de junho<\/strong> \u2013 Quinta-feira (21 vagas)<br \/>19 \u00e0s 22 horas<br \/>Pastoral do Menor \u2013 Avenida Eliza Verzola Gosuen, 2724 \u2013 Vila Santa Cruz<\/p>\n<p><strong>10 de junho<\/strong> \u2013 Ter\u00e7a-feira (11 vagas)<br \/>14 \u00e0s 17 horas<br \/>Escola Profissionalizante \u2013 Rua Dr. J\u00falio Cardoso, 1948 \u2013 Centro<\/p>\n<p><strong>\u2018Del\u00edcias de Chocolate \u2013 Festa Junina\u2019: 162 vagas<\/strong><\/p>\n<p><strong>29 de maio<\/strong> \u2013 Quinta-feira (14 vagas)<br \/>14 \u00e0s 17 horas<br \/>CCI Fonte de Paz \u2013 Rua Eunice Carmen Rodrigues, 2625 \u2013 Jardim Palestina<\/p>\n<p><strong>11 de junho<\/strong> \u2013 Quarta-feira (17 vagas)<br \/>14 \u00e0s 17 horas<br \/>Ber\u00e7\u00e1rio Dona Nina \u2013 Rua Deoclides Barbosa Leme, 411 \u2013 Vila Santa Helena<\/p>\n<p><strong>12 de junho<\/strong> \u2013 Quinta-feira (24 vagas)<br \/>14 \u00e0s 17 horas<br \/>Casa de Miseric\u00f3rdia \u2013 Rua General Os\u00f3rio, 2294 \u2013 Centro<\/p>\n<p><strong>17 de junho<\/strong> \u2013 Ter\u00e7a-feira (19 vagas)<br \/>19 \u00e0s 22 horas<br \/>Pastoral do Menor \u2013 Avenida Eliza Verzola Gosuen, 2724 \u2013 Vila Santa Cruz<\/p>\n<p><strong>18 de junho<\/strong> \u2013 Quarta-feira (21 vagas)<br \/>14 \u00e0s 17 horas<br \/>Capela Nossa Senhora do Ros\u00e1rio \u2013 Rua Jos\u00e9 Josu\u00e9 da Silva, 1199 \u2013 Jardim Vera Cruz<\/p>\n<p><strong>24 de junho<\/strong> \u2013 Ter\u00e7a-feira (21 vagas)<br \/>14 \u00e0s 17 horas<br \/>Loja Chokdoce Cidade Nova \u2013 Rua Domingas Scarabuci Teixeira, 1484 \u2013 Vila Santo Ant\u00f4nio<\/p>\n<p><strong>25 de junho<\/strong> \u2013 Quarta-feira (25 vagas)<br \/>14 \u00e0s 17 horas<br \/>Casa Mateus \u2013 Rua Castro Alves, 606 \u2013 Bairro Miramontes<\/p>\n<p><strong>26 de junho<\/strong> \u2013 Quinta-feira (15 vagas)<br \/>19 \u00e0s 22 horas<br \/>Grupo Esp\u00edrita MeiMei \u2013 Rua Augustinho Coelho Paris, 1166 \u2013 Vila S\u00e3o Sebasti\u00e3o<\/p>\n<p><strong>27 de junho<\/strong> \u2013 Sexta-feira (20 vagas)<br \/>14 \u00e0s 17 horas<br \/>Escola Profissionalizante \u2013 Rua Dr. J\u00falio Cardoso, 1948 \u2013 Centro.<\/p>\n<p><!-- CONTENT END 1 --><\/p>\n<hr\/><\/div>\n<p><br \/>\n<br \/><a href=\"https:\/\/www.jornaldafranca.com.br\/oficinas-gratuitas-ensinam-delicias-para-o-dia-dos-namorados-e-festas-juninas\/\">Source link <\/a><\/p>\n","protected":false},"excerpt":{"rendered":"<p>compartilhar no whatsapp compartilhar no telegram compartilhar no facebook compartilhar no linkedin Cursos gratuitos de chocolate e quitutes juninos est\u00e3o com mais de 200 vagas&#8230;<\/p>\n","protected":false},"author":1,"featured_media":70700,"comment_status":"open","ping_status":"open","sticky":false,"template":"","format":"standard","meta":{"advanced_seo_description":"","jetpack_seo_html_title":"","jetpack_seo_noindex":false,"jetpack_post_was_ever_published":false,"_jetpack_newsletter_access":"","_jetpack_dont_email_post_to_subs":false,"_jetpack_newsletter_tier_id":0,"_jetpack_memberships_contains_paywalled_content":false,"_jetpack_memberships_contains_paid_content":false,"footnotes":"","jetpack_publicize_message":"","jetpack_publicize_feature_enabled":true,"jetpack_social_post_already_shared":true,"jetpack_social_options":{"image_generator_settings":{"template":"highway","default_image_id":0,"font":"","enabled":false},"version":2}},"categories":[3597],"tags":[],"class_list":["post-70699","post","type-post","status-publish","format-standard","has-post-thumbnail","hentry","category-noticias-franca-sp"],"jetpack_publicize_connections":[],"jetpack_featured_media_url":"https:\/\/i0.wp.com\/noticiasribeiraopreto.com.br\/wp-content\/uploads\/2025\/05\/oficinas-chocolate.jpeg?fit=1600%2C1059&ssl=1","jetpack-related-posts":[{"id":73017,"url":"https:\/\/noticiasribeiraopreto.com.br\/index.php\/2025\/06\/24\/jornal-da-franca-clima-sera-de-frio-porem-agradavel-e-fresco-em-franca-nesta-terca-deve-chover\/","url_meta":{"origin":70699,"position":0},"title":"Jornal da Franca &#8211; Clima ser\u00e1 de frio, por\u00e9m agrad\u00e1vel e fresco em Franca nesta ter\u00e7a: deve chover","author":"noticiasribeiraopreto.com.br","date":"24 de June de 2025","format":false,"excerpt":"compartilhar no whatsapp compartilhar no telegram compartilhar no facebook compartilhar no linkedin Cidade tem previs\u00e3o de chuva de at\u00e9 12 mil\u00edmetros A previs\u00e3o do tempo para Franca indica um dia agrad\u00e1vel, com temperatura m\u00ednima de 5\u00b0C e m\u00e1xima de 22\u00b0C. H\u00e1 grande possibilidade de chuva, com volume de at\u00e9 12\u2026","rel":"","context":"In &quot;Not\u00edcias de Franca-SP&quot;","block_context":{"text":"Not\u00edcias de Franca-SP","link":"https:\/\/noticiasribeiraopreto.com.br\/index.php\/category\/noticias-de-ribeirao-preto-sp-e-regiao-ismael-colosi\/noticias-franca-sp\/"},"img":{"alt_text":"","src":"https:\/\/i0.wp.com\/noticiasribeiraopreto.com.br\/wp-content\/uploads\/2025\/06\/1750758766_Franca.jpeg?fit=1200%2C806&ssl=1&resize=350%2C200","width":350,"height":200,"srcset":"https:\/\/i0.wp.com\/noticiasribeiraopreto.com.br\/wp-content\/uploads\/2025\/06\/1750758766_Franca.jpeg?fit=1200%2C806&ssl=1&resize=350%2C200 1x, https:\/\/i0.wp.com\/noticiasribeiraopreto.com.br\/wp-content\/uploads\/2025\/06\/1750758766_Franca.jpeg?fit=1200%2C806&ssl=1&resize=525%2C300 1.5x, https:\/\/i0.wp.com\/noticiasribeiraopreto.com.br\/wp-content\/uploads\/2025\/06\/1750758766_Franca.jpeg?fit=1200%2C806&ssl=1&resize=700%2C400 2x, https:\/\/i0.wp.com\/noticiasribeiraopreto.com.br\/wp-content\/uploads\/2025\/06\/1750758766_Franca.jpeg?fit=1200%2C806&ssl=1&resize=1050%2C600 3x"},"classes":[]},{"id":69340,"url":"https:\/\/noticiasribeiraopreto.com.br\/index.php\/2025\/05\/05\/jornal-da-franca-implantacao-de-escola-civico-militar-em-franca-e-tema-de-debates-na-camara-municipal\/","url_meta":{"origin":70699,"position":1},"title":"Jornal da Franca &#8211; Implanta\u00e7\u00e3o de escola c\u00edvico-militar em Franca \u00e9 tema de debates na C\u00e2mara Municipal","author":"noticiasribeiraopreto.com.br","date":"5 de May de 2025","format":false,"excerpt":"compartilhar no whatsapp compartilhar no telegram compartilhar no facebook compartilhar no linkedin Mun\u00edcipe agradece apoio de vereadores e parlamentares para que Franca fosse contemplada com o modelo educacional A implanta\u00e7\u00e3o do Programa das Escolas C\u00edvico-Militares em Franca, pauta defendida pela direita, foi tema abordado durante a sess\u00e3o ordin\u00e1ria da C\u00e2mara\u2026","rel":"","context":"In &quot;Not\u00edcias de Franca-SP&quot;","block_context":{"text":"Not\u00edcias de Franca-SP","link":"https:\/\/noticiasribeiraopreto.com.br\/index.php\/category\/noticias-de-ribeirao-preto-sp-e-regiao-ismael-colosi\/noticias-franca-sp\/"},"img":{"alt_text":"","src":"https:\/\/i0.wp.com\/noticiasribeiraopreto.com.br\/wp-content\/uploads\/2025\/05\/1746449336_plenariodiagonal_0.jpg?fit=930%2C558&ssl=1&resize=350%2C200","width":350,"height":200,"srcset":"https:\/\/i0.wp.com\/noticiasribeiraopreto.com.br\/wp-content\/uploads\/2025\/05\/1746449336_plenariodiagonal_0.jpg?fit=930%2C558&ssl=1&resize=350%2C200 1x, https:\/\/i0.wp.com\/noticiasribeiraopreto.com.br\/wp-content\/uploads\/2025\/05\/1746449336_plenariodiagonal_0.jpg?fit=930%2C558&ssl=1&resize=525%2C300 1.5x, https:\/\/i0.wp.com\/noticiasribeiraopreto.com.br\/wp-content\/uploads\/2025\/05\/1746449336_plenariodiagonal_0.jpg?fit=930%2C558&ssl=1&resize=700%2C400 2x"},"classes":[]},{"id":70143,"url":"https:\/\/noticiasribeiraopreto.com.br\/index.php\/2025\/05\/23\/jornal-da-franca-chegou-a-sexta-feira-dia-sera-seco-mas-sem-muito-frio-em-franca-e-regiao\/","url_meta":{"origin":70699,"position":2},"title":"Jornal da Franca &#8211; Chegou a sexta-feira! Dia ser\u00e1 seco, mas sem muito frio em Franca e regi\u00e3o","author":"noticiasribeiraopreto.com.br","date":"23 de May de 2025","format":false,"excerpt":"compartilhar no whatsapp compartilhar no telegram compartilhar no facebook compartilhar no linkedin Previs\u00e3o do tempo para Franca nesta sexta-feira indica temperaturas amenas e c\u00e9u parcialmente nublado A sexta-feira chegou e a previs\u00e3o do tempo para Franca \u00e9 de um dia agrad\u00e1vel, com temperaturas amenas e c\u00e9u parcialmente nublado. De acordo\u2026","rel":"","context":"In &quot;Not\u00edcias de Franca-SP&quot;","block_context":{"text":"Not\u00edcias de Franca-SP","link":"https:\/\/noticiasribeiraopreto.com.br\/index.php\/category\/noticias-de-ribeirao-preto-sp-e-regiao-ismael-colosi\/noticias-franca-sp\/"},"img":{"alt_text":"","src":"https:\/\/i0.wp.com\/noticiasribeiraopreto.com.br\/wp-content\/uploads\/2025\/05\/campanha-do-agasalho.jpg?fit=1086%2C652&ssl=1&resize=350%2C200","width":350,"height":200,"srcset":"https:\/\/i0.wp.com\/noticiasribeiraopreto.com.br\/wp-content\/uploads\/2025\/05\/campanha-do-agasalho.jpg?fit=1086%2C652&ssl=1&resize=350%2C200 1x, https:\/\/i0.wp.com\/noticiasribeiraopreto.com.br\/wp-content\/uploads\/2025\/05\/campanha-do-agasalho.jpg?fit=1086%2C652&ssl=1&resize=525%2C300 1.5x, https:\/\/i0.wp.com\/noticiasribeiraopreto.com.br\/wp-content\/uploads\/2025\/05\/campanha-do-agasalho.jpg?fit=1086%2C652&ssl=1&resize=700%2C400 2x, https:\/\/i0.wp.com\/noticiasribeiraopreto.com.br\/wp-content\/uploads\/2025\/05\/campanha-do-agasalho.jpg?fit=1086%2C652&ssl=1&resize=1050%2C600 3x"},"classes":[]},{"id":69220,"url":"https:\/\/noticiasribeiraopreto.com.br\/index.php\/2025\/05\/03\/jornal-da-franca-socorristas-que-salvaram-crianca-em-franca-recebem-mocao-de-aplausos-da-camara\/","url_meta":{"origin":70699,"position":3},"title":"Jornal da Franca &#8211; Socorristas que salvaram crian\u00e7a em Franca\u00a0recebem Mo\u00e7\u00e3o de Aplausos da C\u00e2mara","author":"noticiasribeiraopreto.com.br","date":"3 de May de 2025","format":false,"excerpt":"compartilhar no whatsapp compartilhar no telegram compartilhar no facebook compartilhar no linkedin Mo\u00e7\u00e3o reconhece trabalho de equipe de sa\u00fade que atuou no salvamento de beb\u00ea A C\u00e2mara aprovou a Mo\u00e7\u00e3o de Aplausos n\u00ba 41 de 2025, de autoria do vereador Walker Bombeiro da Libras, para a equipe de sa\u00fade da\u2026","rel":"","context":"In &quot;Not\u00edcias de Franca-SP&quot;","block_context":{"text":"Not\u00edcias de Franca-SP","link":"https:\/\/noticiasribeiraopreto.com.br\/index.php\/category\/noticias-de-ribeirao-preto-sp-e-regiao-ismael-colosi\/noticias-franca-sp\/"},"img":{"alt_text":"","src":"https:\/\/i0.wp.com\/noticiasribeiraopreto.com.br\/wp-content\/uploads\/2025\/05\/mocaoravi17sessao.jpg?fit=1000%2C562&ssl=1&resize=350%2C200","width":350,"height":200,"srcset":"https:\/\/i0.wp.com\/noticiasribeiraopreto.com.br\/wp-content\/uploads\/2025\/05\/mocaoravi17sessao.jpg?fit=1000%2C562&ssl=1&resize=350%2C200 1x, https:\/\/i0.wp.com\/noticiasribeiraopreto.com.br\/wp-content\/uploads\/2025\/05\/mocaoravi17sessao.jpg?fit=1000%2C562&ssl=1&resize=525%2C300 1.5x, https:\/\/i0.wp.com\/noticiasribeiraopreto.com.br\/wp-content\/uploads\/2025\/05\/mocaoravi17sessao.jpg?fit=1000%2C562&ssl=1&resize=700%2C400 2x"},"classes":[]},{"id":67863,"url":"https:\/\/noticiasribeiraopreto.com.br\/index.php\/2025\/04\/19\/jornal-da-franca-sesi-franca-quer-vencer-o-cordoba-e-deixar-a-champions-league-de-cabeca-erguida\/","url_meta":{"origin":70699,"position":4},"title":"Jornal da Franca &#8211; Sesi Franca quer vencer o C\u00f3rdoba e deixar a Champions League de cabe\u00e7a erguida","author":"noticiasribeiraopreto.com.br","date":"19 de April de 2025","format":false,"excerpt":"compartilhar no whatsapp compartilhar no telegram compartilhar no facebook compartilhar no linkedin Jogo de hoje servir\u00e1 para a equipe se reencontrar e encerrar campeonato honrosamente O Sesi Franca ainda procura se reencontrar ap\u00f3s a elimina\u00e7\u00e3o contra o Flamengo pelas semifinais da Champions League, por 91 a 65, na noite desta\u2026","rel":"","context":"In &quot;Not\u00edcias de Franca-SP&quot;","block_context":{"text":"Not\u00edcias de Franca-SP","link":"https:\/\/noticiasribeiraopreto.com.br\/index.php\/category\/noticias-de-ribeirao-preto-sp-e-regiao-ismael-colosi\/noticias-franca-sp\/"},"img":{"alt_text":"","src":"https:\/\/i0.wp.com\/noticiasribeiraopreto.com.br\/wp-content\/uploads\/2025\/04\/IMG_20250418_111654.jpg?fit=1080%2C710&ssl=1&resize=350%2C200","width":350,"height":200,"srcset":"https:\/\/i0.wp.com\/noticiasribeiraopreto.com.br\/wp-content\/uploads\/2025\/04\/IMG_20250418_111654.jpg?fit=1080%2C710&ssl=1&resize=350%2C200 1x, https:\/\/i0.wp.com\/noticiasribeiraopreto.com.br\/wp-content\/uploads\/2025\/04\/IMG_20250418_111654.jpg?fit=1080%2C710&ssl=1&resize=525%2C300 1.5x, https:\/\/i0.wp.com\/noticiasribeiraopreto.com.br\/wp-content\/uploads\/2025\/04\/IMG_20250418_111654.jpg?fit=1080%2C710&ssl=1&resize=700%2C400 2x, https:\/\/i0.wp.com\/noticiasribeiraopreto.com.br\/wp-content\/uploads\/2025\/04\/IMG_20250418_111654.jpg?fit=1080%2C710&ssl=1&resize=1050%2C600 3x"},"classes":[]},{"id":72002,"url":"https:\/\/noticiasribeiraopreto.com.br\/index.php\/2025\/06\/12\/jornal-da-franca-cinco-partidas-movimentam-a-rodada-da-copa-franca-de-basquete-neste-domingo-15\/","url_meta":{"origin":70699,"position":5},"title":"Jornal da Franca &#8211; Cinco partidas movimentam a rodada da Copa Franca de Basquete neste domingo, 15","author":"noticiasribeiraopreto.com.br","date":"12 de June de 2025","format":false,"excerpt":"compartilhar no whatsapp compartilhar no telegram compartilhar no facebook compartilhar no linkedin Secretaria de Esporte e Cultura de Franca promove competi\u00e7\u00e3o com 28 equipes participantes Jogos acontecem no Gin\u00e1sio Pedroc\u00e3o a partir das 8h30, reunindo equipes da regi\u00e3o \u00a0 A tradicional Copa Franca de Basquete ter\u00e1 mais uma rodada neste\u2026","rel":"","context":"In &quot;Not\u00edcias de Franca-SP&quot;","block_context":{"text":"Not\u00edcias de Franca-SP","link":"https:\/\/noticiasribeiraopreto.com.br\/index.php\/category\/noticias-de-ribeirao-preto-sp-e-regiao-ismael-colosi\/noticias-franca-sp\/"},"img":{"alt_text":"","src":"https:\/\/i0.wp.com\/noticiasribeiraopreto.com.br\/wp-content\/uploads\/2025\/06\/Copa-Basquete.jpeg?fit=1200%2C802&ssl=1&resize=350%2C200","width":350,"height":200,"srcset":"https:\/\/i0.wp.com\/noticiasribeiraopreto.com.br\/wp-content\/uploads\/2025\/06\/Copa-Basquete.jpeg?fit=1200%2C802&ssl=1&resize=350%2C200 1x, https:\/\/i0.wp.com\/noticiasribeiraopreto.com.br\/wp-content\/uploads\/2025\/06\/Copa-Basquete.jpeg?fit=1200%2C802&ssl=1&resize=525%2C300 1.5x, https:\/\/i0.wp.com\/noticiasribeiraopreto.com.br\/wp-content\/uploads\/2025\/06\/Copa-Basquete.jpeg?fit=1200%2C802&ssl=1&resize=700%2C400 2x, https:\/\/i0.wp.com\/noticiasribeiraopreto.com.br\/wp-content\/uploads\/2025\/06\/Copa-Basquete.jpeg?fit=1200%2C802&ssl=1&resize=1050%2C600 3x"},"classes":[]}],"jetpack_sharing_enabled":true,"jetpack_shortlink":"https:\/\/wp.me\/peQAOb-ioj","_links":{"self":[{"href":"https:\/\/noticiasribeiraopreto.com.br\/index.php\/wp-json\/wp\/v2\/posts\/70699","targetHints":{"allow":["GET"]}}],"collection":[{"href":"https:\/\/noticiasribeiraopreto.com.br\/index.php\/wp-json\/wp\/v2\/posts"}],"about":[{"href":"https:\/\/noticiasribeiraopreto.com.br\/index.php\/wp-json\/wp\/v2\/types\/post"}],"author":[{"embeddable":true,"href":"https:\/\/noticiasribeiraopreto.com.br\/index.php\/wp-json\/wp\/v2\/users\/1"}],"replies":[{"embeddable":true,"href":"https:\/\/noticiasribeiraopreto.com.br\/index.php\/wp-json\/wp\/v2\/comments?post=70699"}],"version-history":[{"count":0,"href":"https:\/\/noticiasribeiraopreto.com.br\/index.php\/wp-json\/wp\/v2\/posts\/70699\/revisions"}],"wp:featuredmedia":[{"embeddable":true,"href":"https:\/\/noticiasribeiraopreto.com.br\/index.php\/wp-json\/wp\/v2\/media\/70700"}],"wp:attachment":[{"href":"https:\/\/noticiasribeiraopreto.com.br\/index.php\/wp-json\/wp\/v2\/media?parent=70699"}],"wp:term":[{"taxonomy":"category","embeddable":true,"href":"https:\/\/noticiasribeiraopreto.com.br\/index.php\/wp-json\/wp\/v2\/categories?post=70699"},{"taxonomy":"post_tag","embeddable":true,"href":"https:\/\/noticiasribeiraopreto.com.br\/index.php\/wp-json\/wp\/v2\/tags?post=70699"}],"curies":[{"name":"wp","href":"https:\/\/api.w.org\/{rel}","templated":true}]}}