{"id":70701,"date":"2025-05-29T08:17:24","date_gmt":"2025-05-29T11:17:24","guid":{"rendered":"https:\/\/noticiasribeiraopreto.com.br\/index.php\/2025\/05\/29\/jornal-da-franca-unimed-franca-marca-data-para-inaugurar-seu-novo-espaco-no-franca-shopping-veja\/"},"modified":"2025-05-29T08:17:24","modified_gmt":"2025-05-29T11:17:24","slug":"jornal-da-franca-unimed-franca-marca-data-para-inaugurar-seu-novo-espaco-no-franca-shopping-veja","status":"publish","type":"post","link":"https:\/\/noticiasribeiraopreto.com.br\/index.php\/2025\/05\/29\/jornal-da-franca-unimed-franca-marca-data-para-inaugurar-seu-novo-espaco-no-franca-shopping-veja\/","title":{"rendered":"Jornal da Franca &#8211; Unimed Franca marca data para inaugurar seu novo espa\u00e7o no Franca Shopping. Veja"},"content":{"rendered":"<div class='code-block code-block-1' style='margin: 8px 0 8px auto; text-align: right; display: block; clear: both;'>\n<p><a href=\"https:\/\/wa.link\/vpicfd\"><img data-recalc-dims=\"1\" class=\"wp-image-4922\" style=\"aspect-ratio: 2.0253164556962027; width: 561px; height: auto;\" src=\"https:\/\/i0.wp.com\/ismaelcolosi.com.br\/wp-content\/uploads\/2023\/11\/grupo-de-empregos-whatsapp-e-facebook-ismael-colosi-vagas.jpg?ssl=1\" alt=\"\" \/><\/a><\/p>\n<!-- \/wp:image -->\n<\/div>\n<p> <br \/>\n<\/p>\n<div>\n<p>Nova unidade da Unimed Franca contar\u00e1 com posto de coleta laboratorial, atendimento ao cliente e vendas de planos de sa\u00fade<\/p>\n<\/p><\/div>\n<div>\n<p><img data-recalc-dims=\"1\" decoding=\"async\" src=\"https:\/\/i0.wp.com\/www.jornaldafranca.com.br\/wp-content\/uploads\/2025\/05\/essa-00-3.jpg?ssl=1\" alt=\"\"\/><\/p>\n<p>A\u00a0Unimed Franca inaugura, no dia 2 de junho um novo espa\u00e7o de atendimento no Franca Shopping.<\/p>\n<p>A unidade contar\u00e1 com um posto de coleta de exames laboratoriais, que ser\u00e1 transferido do atual endere\u00e7o no S\u00e3o Joaquim Hospital e Maternidade, al\u00e9m de um posto de atendimento ao cliente para autoriza\u00e7\u00f5es e um ponto de vendas de planos de sa\u00fade.<\/p>\n<p>Com essa mudan\u00e7a, o atendimento laboratorial deixa de ser realizado no S\u00e3o Joaquim Hospital e Maternidade e passa a ser oferecido com exclusividade no novo espa\u00e7o e no Centro M\u00e9dico Unimed (CMU). A escolha pelo shopping visa oferecer mais conforto, seguran\u00e7a e comodidade aos clientes, aproveitando a infraestrutura do local.<\/p>\n<p>Segundo o\u00a0Diretor Presidente da Unimed Franca, Dr. Marco Antonio Benedetti, a nova unidade representa um avan\u00e7o no relacionamento com o p\u00fablico.<\/p>\n<p><strong>F\u00e1cil acesso<\/strong><\/p>\n<p>\u201cA proposta \u00e9 oferecer um novo ambiente de atendimento ao cliente em que possa usufruir de um centro comercial, como Franca Shopping e pr\u00f3ximo do S\u00e3o Joaquim Hospital e Maternidade. A Unimed Franca refor\u00e7a o compromisso com a seguran\u00e7a e experi\u00eancia dos nossos clientes\u201d, afirma.<\/p>\n<p>O presidente refor\u00e7a que a altera\u00e7\u00e3o visa proporcionar um ambiente mais moderno e de f\u00e1cil acesso para todos os servi\u00e7os disponibilizados.<\/p>\n<p>A nova unidade foi planejada para centralizar os servi\u00e7os mais utilizados pelos clientes, permitindo que eles realizem exames laboratoriais, autorizem procedimentos e conhe\u00e7am os planos de sa\u00fade da cooperativa em um mesmo local.<\/p>\n<p>Essa integra\u00e7\u00e3o tem como objetivo proporcionar uma experi\u00eancia mais eficiente, reduzindo deslocamentos e otimizando o tempo dos usu\u00e1rios, refor\u00e7ando o compromisso\u00a0da\u00a0Unimed Franca\u00a0com a melhoria dos seus servi\u00e7os.<\/p>\n<p><strong>At\u00e9 as 9h30 o estacionamento \u00e9 gratuito<\/strong><\/p>\n<p>Os clientes que utilizarem o novo espa\u00e7o poder\u00e3o usufruir do estacionamento do Franca Shopping, que segue os valores estabelecidos pela administra\u00e7\u00e3o do centro comercial\u00a0nos hor\u00e1rios em que o shopping estiver aberto. Entre \u00e0s 6h e \u00e0s 09h30, de segunda a s\u00e1bado, o estacionamento ser\u00e1 gratuito.<\/p>\n<p>A\u00a0Unimed Franca\u00a0refor\u00e7a seu compromisso com a qualidade e o bem-estar dos seus clientes, investindo em estruturas modernas e acess\u00edveis para melhor atender \u00e0 comunidade de Franca e regi\u00e3o.<\/p>\n<\/div>\n<p><br \/>\n<br \/><a href=\"https:\/\/www.jornaldafranca.com.br\/unimed-franca-marca-data-para-inaugurar-seu-novo-espaco-no-franca-shopping-veja\/\">Source link <\/a><\/p>\n<!-- CONTENT END 1 -->\n","protected":false},"excerpt":{"rendered":"<p>Nova unidade da Unimed Franca contar\u00e1 com posto de coleta laboratorial, atendimento ao cliente e vendas de planos de sa\u00fade A\u00a0Unimed Franca inaugura, no dia&#8230;<\/p>\n","protected":false},"author":1,"featured_media":70702,"comment_status":"open","ping_status":"open","sticky":false,"template":"","format":"standard","meta":{"advanced_seo_description":"","jetpack_seo_html_title":"","jetpack_seo_noindex":false,"jetpack_post_was_ever_published":false,"_jetpack_newsletter_access":"","_jetpack_dont_email_post_to_subs":false,"_jetpack_newsletter_tier_id":0,"_jetpack_memberships_contains_paywalled_content":false,"_jetpack_memberships_contains_paid_content":false,"footnotes":"","jetpack_publicize_message":"","jetpack_publicize_feature_enabled":true,"jetpack_social_post_already_shared":true,"jetpack_social_options":{"image_generator_settings":{"template":"highway","default_image_id":0,"font":"","enabled":false},"version":2}},"categories":[3597],"tags":[],"class_list":["post-70701","post","type-post","status-publish","format-standard","has-post-thumbnail","hentry","category-noticias-franca-sp"],"jetpack_publicize_connections":[],"jetpack_featured_media_url":"https:\/\/i0.wp.com\/noticiasribeiraopreto.com.br\/wp-content\/uploads\/2025\/05\/essa-00-3.jpg?fit=1170%2C728&ssl=1","jetpack-related-posts":[{"id":71865,"url":"https:\/\/noticiasribeiraopreto.com.br\/index.php\/2025\/06\/10\/jornal-da-franca-franca-shopping-vive-nova-fase-e-amplia-mix-com-novas-lojas-restaurante-e-servicos\/","url_meta":{"origin":70701,"position":0},"title":"Jornal da Franca &#8211; Franca Shopping vive nova fase e amplia mix com novas lojas, restaurante e servi\u00e7os","author":"noticiasribeiraopreto.com.br","date":"10 de June de 2025","format":false,"excerpt":"compartilhar no whatsapp compartilhar no telegram compartilhar no facebook compartilhar no linkedin Outback, Unimed Laborat\u00f3rio, Crocs, YouCom e Krepon integram as novidades Inaugurado em outubro de 1993, o Franca Shopping \u00e9 um centro de compras e entretenimento \u2013 foto Divulga\u00e7\u00e3o \u00a0 O Franca Shopping d\u00e1 mais um passo em sua\u2026","rel":"","context":"In &quot;Not\u00edcias de Franca-SP&quot;","block_context":{"text":"Not\u00edcias de Franca-SP","link":"https:\/\/noticiasribeiraopreto.com.br\/index.php\/category\/noticias-de-ribeirao-preto-sp-e-regiao-ismael-colosi\/noticias-franca-sp\/"},"img":{"alt_text":"","src":"https:\/\/i0.wp.com\/noticiasribeiraopreto.com.br\/wp-content\/uploads\/2025\/06\/franca-shopping.jpg?fit=1200%2C801&ssl=1&resize=350%2C200","width":350,"height":200,"srcset":"https:\/\/i0.wp.com\/noticiasribeiraopreto.com.br\/wp-content\/uploads\/2025\/06\/franca-shopping.jpg?fit=1200%2C801&ssl=1&resize=350%2C200 1x, https:\/\/i0.wp.com\/noticiasribeiraopreto.com.br\/wp-content\/uploads\/2025\/06\/franca-shopping.jpg?fit=1200%2C801&ssl=1&resize=525%2C300 1.5x, https:\/\/i0.wp.com\/noticiasribeiraopreto.com.br\/wp-content\/uploads\/2025\/06\/franca-shopping.jpg?fit=1200%2C801&ssl=1&resize=700%2C400 2x, https:\/\/i0.wp.com\/noticiasribeiraopreto.com.br\/wp-content\/uploads\/2025\/06\/franca-shopping.jpg?fit=1200%2C801&ssl=1&resize=1050%2C600 3x"},"classes":[]},{"id":65625,"url":"https:\/\/noticiasribeiraopreto.com.br\/index.php\/2025\/03\/22\/jornal-da-franca-unimed-franca-tem-prevencao-do-cancer-de-intestino-aos-clientes-com-mais-de-45-anos\/","url_meta":{"origin":70701,"position":1},"title":"Jornal da Franca &#8211; Unimed Franca tem preven\u00e7\u00e3o do c\u00e2ncer de intestino aos clientes com mais de 45 anos","author":"noticiasribeiraopreto.com.br","date":"22 de March de 2025","format":false,"excerpt":"Campanha realizada pela Unimed Franca em mar\u00e7o est\u00e1 oferecendo exames gratuitos para ampliar o diagn\u00f3stico precoce A Unimed Franca e o S\u00e3o Joaquim Hospital e Maternidade promovem, ao longo de mar\u00e7o, uma s\u00e9rie de a\u00e7\u00f5es para refor\u00e7ar a conscientiza\u00e7\u00e3o e ampliar o acesso a exames de preven\u00e7\u00e3o ao c\u00e2ncer de\u2026","rel":"","context":"In &quot;Not\u00edcias de Franca-SP&quot;","block_context":{"text":"Not\u00edcias de Franca-SP","link":"https:\/\/noticiasribeiraopreto.com.br\/index.php\/category\/noticias-de-ribeirao-preto-sp-e-regiao-ismael-colosi\/noticias-franca-sp\/"},"img":{"alt_text":"","src":"https:\/\/i0.wp.com\/noticiasribeiraopreto.com.br\/wp-content\/uploads\/2025\/03\/sao-joaquim.jpg?fit=984%2C546&ssl=1&resize=350%2C200","width":350,"height":200,"srcset":"https:\/\/i0.wp.com\/noticiasribeiraopreto.com.br\/wp-content\/uploads\/2025\/03\/sao-joaquim.jpg?fit=984%2C546&ssl=1&resize=350%2C200 1x, https:\/\/i0.wp.com\/noticiasribeiraopreto.com.br\/wp-content\/uploads\/2025\/03\/sao-joaquim.jpg?fit=984%2C546&ssl=1&resize=525%2C300 1.5x, https:\/\/i0.wp.com\/noticiasribeiraopreto.com.br\/wp-content\/uploads\/2025\/03\/sao-joaquim.jpg?fit=984%2C546&ssl=1&resize=700%2C400 2x"},"classes":[]},{"id":67439,"url":"https:\/\/noticiasribeiraopreto.com.br\/index.php\/2025\/04\/14\/jornal-da-franca-novo-nga-avanca-no-jardim-botanico-e-vai-ampliar-atendimentos-de-saude-em-franca\/","url_meta":{"origin":70701,"position":2},"title":"Jornal da Franca &#8211; Novo NGA avan\u00e7a no Jardim Bot\u00e2nico e vai ampliar atendimentos de sa\u00fade em Franca","author":"noticiasribeiraopreto.com.br","date":"14 de April de 2025","format":false,"excerpt":"compartilhar no whatsapp compartilhar no telegram compartilhar no facebook compartilhar no linkedin Obras do novo NGA entram em nova fase e prometem ampliar servi\u00e7os de sa\u00fade na cidade Unidade ter\u00e1 48 salas, 35 consult\u00f3rios e mais especialidades para atender a popula\u00e7\u00e3o \u00a0 As obras do novo NGA (N\u00facleo de Gest\u00e3o\u2026","rel":"","context":"In &quot;Not\u00edcias de Franca-SP&quot;","block_context":{"text":"Not\u00edcias de Franca-SP","link":"https:\/\/noticiasribeiraopreto.com.br\/index.php\/category\/noticias-de-ribeirao-preto-sp-e-regiao-ismael-colosi\/noticias-franca-sp\/"},"img":{"alt_text":"","src":"https:\/\/i0.wp.com\/noticiasribeiraopreto.com.br\/wp-content\/uploads\/2025\/04\/NGA.jpeg?fit=1200%2C794&ssl=1&resize=350%2C200","width":350,"height":200,"srcset":"https:\/\/i0.wp.com\/noticiasribeiraopreto.com.br\/wp-content\/uploads\/2025\/04\/NGA.jpeg?fit=1200%2C794&ssl=1&resize=350%2C200 1x, https:\/\/i0.wp.com\/noticiasribeiraopreto.com.br\/wp-content\/uploads\/2025\/04\/NGA.jpeg?fit=1200%2C794&ssl=1&resize=525%2C300 1.5x, https:\/\/i0.wp.com\/noticiasribeiraopreto.com.br\/wp-content\/uploads\/2025\/04\/NGA.jpeg?fit=1200%2C794&ssl=1&resize=700%2C400 2x, https:\/\/i0.wp.com\/noticiasribeiraopreto.com.br\/wp-content\/uploads\/2025\/04\/NGA.jpeg?fit=1200%2C794&ssl=1&resize=1050%2C600 3x"},"classes":[]},{"id":69995,"url":"https:\/\/noticiasribeiraopreto.com.br\/index.php\/2025\/05\/21\/apos-crise-na-saude-com-falta-de-leitos-vacinacao-contra-gripe-e-liberada-em-franca\/","url_meta":{"origin":70701,"position":3},"title":"Ap\u00f3s crise na sa\u00fade com falta de leitos, vacina\u00e7\u00e3o contra gripe \u00e9 liberada em Franca","author":"noticiasribeiraopreto.com.br","date":"21 de May de 2025","format":false,"excerpt":"H\u00e1 quase um m\u00eas, a falta de leitos em Franca e regi\u00e3o voltou a se agravar, al\u00e9m da demora no atendimento em unidades de sa\u00fade do SUS. Depois de interven\u00e7\u00e3o do Minist\u00e9rio P\u00fablico Estadual e haver um aumento na demanda por atendimento, a Prefeitura de Franca divulgou que a vacina\u00e7\u00e3o\u2026","rel":"","context":"In &quot;Not\u00edcias de Franca-SP&quot;","block_context":{"text":"Not\u00edcias de Franca-SP","link":"https:\/\/noticiasribeiraopreto.com.br\/index.php\/category\/noticias-de-ribeirao-preto-sp-e-regiao-ismael-colosi\/noticias-franca-sp\/"},"img":{"alt_text":"","src":"https:\/\/i0.wp.com\/noticiasribeiraopreto.com.br\/wp-content\/uploads\/2025\/05\/vacina-e1716412248187.jpg?fit=700%2C467&ssl=1&resize=350%2C200","width":350,"height":200,"srcset":"https:\/\/i0.wp.com\/noticiasribeiraopreto.com.br\/wp-content\/uploads\/2025\/05\/vacina-e1716412248187.jpg?fit=700%2C467&ssl=1&resize=350%2C200 1x, https:\/\/i0.wp.com\/noticiasribeiraopreto.com.br\/wp-content\/uploads\/2025\/05\/vacina-e1716412248187.jpg?fit=700%2C467&ssl=1&resize=525%2C300 1.5x, https:\/\/i0.wp.com\/noticiasribeiraopreto.com.br\/wp-content\/uploads\/2025\/05\/vacina-e1716412248187.jpg?fit=700%2C467&ssl=1&resize=700%2C400 2x"},"classes":[]},{"id":60827,"url":"https:\/\/noticiasribeiraopreto.com.br\/index.php\/2024\/11\/26\/saiba-o-que-vai-ter-na-maior-unidade-do-sesc-do-interior-de-sp\/","url_meta":{"origin":70701,"position":4},"title":"Saiba o que vai ter na maior unidade do Sesc do interior de SP","author":"noticiasribeiraopreto.com.br","date":"26 de November de 2024","format":false,"excerpt":"A maior unidade do Sesc do interior de S\u00e3o Paulo ser\u00e1 inaugurada em Franca, nesta quinta-feira (28). Com uma \u00e1rea total de 35,5 mil metros quadrados, o novo espa\u00e7o contar\u00e1 com uma infraestrutura completa, incluindo piscinas, cafeterias, um teatro com capacidade para 370 pessoas, al\u00e9m de diversos ambientes dedicados \u00e0\u2026","rel":"","context":"In &quot;Not\u00edcias de Ribeir\u00e3o Preto-SP e Regi\u00e3o&quot;","block_context":{"text":"Not\u00edcias de Ribeir\u00e3o Preto-SP e Regi\u00e3o","link":"https:\/\/noticiasribeiraopreto.com.br\/index.php\/category\/noticias-de-ribeirao-preto-sp-e-regiao-ismael-colosi\/"},"img":{"alt_text":"","src":"https:\/\/i0.wp.com\/noticiasribeiraopreto.com.br\/wp-content\/uploads\/2024\/10\/Copia-de-Copia-de-Copia-de-TAMANHO-EXATO-PARA-FOTOS-NO-SISTEMA-NOVO-24_2024-10-18_18-16-43_png_2024-10-18_18-16-43.webp.webp?fit=1200%2C675&ssl=1&resize=350%2C200","width":350,"height":200,"srcset":"https:\/\/i0.wp.com\/noticiasribeiraopreto.com.br\/wp-content\/uploads\/2024\/10\/Copia-de-Copia-de-Copia-de-TAMANHO-EXATO-PARA-FOTOS-NO-SISTEMA-NOVO-24_2024-10-18_18-16-43_png_2024-10-18_18-16-43.webp.webp?fit=1200%2C675&ssl=1&resize=350%2C200 1x, https:\/\/i0.wp.com\/noticiasribeiraopreto.com.br\/wp-content\/uploads\/2024\/10\/Copia-de-Copia-de-Copia-de-TAMANHO-EXATO-PARA-FOTOS-NO-SISTEMA-NOVO-24_2024-10-18_18-16-43_png_2024-10-18_18-16-43.webp.webp?fit=1200%2C675&ssl=1&resize=525%2C300 1.5x, https:\/\/i0.wp.com\/noticiasribeiraopreto.com.br\/wp-content\/uploads\/2024\/10\/Copia-de-Copia-de-Copia-de-TAMANHO-EXATO-PARA-FOTOS-NO-SISTEMA-NOVO-24_2024-10-18_18-16-43_png_2024-10-18_18-16-43.webp.webp?fit=1200%2C675&ssl=1&resize=700%2C400 2x, https:\/\/i0.wp.com\/noticiasribeiraopreto.com.br\/wp-content\/uploads\/2024\/10\/Copia-de-Copia-de-Copia-de-TAMANHO-EXATO-PARA-FOTOS-NO-SISTEMA-NOVO-24_2024-10-18_18-16-43_png_2024-10-18_18-16-43.webp.webp?fit=1200%2C675&ssl=1&resize=1050%2C600 3x"},"classes":[]},{"id":70135,"url":"https:\/\/noticiasribeiraopreto.com.br\/index.php\/2025\/05\/23\/novos-leitos-de-uti-em-franca-vai-envolver-investimentos-de-r-25-milhoes\/","url_meta":{"origin":70701,"position":5},"title":"Novos leitos de UTI em Franca vai envolver investimentos de R$ 2,5 milh\u00f5es","author":"noticiasribeiraopreto.com.br","date":"23 de May de 2025","format":false,"excerpt":"Com um investimento de R$ 2,5 milh\u00f5es, o Grupo Santa Casa de Franca, na \u00faltima semana de maio de 2025, implanta mais 10 novos leitos de UTI, a\u00e7\u00e3o que vai ampliar o atendimento a pacientes do SUS em um momento de alta demanda e falta de leitos de UTI na\u2026","rel":"","context":"In &quot;Not\u00edcias de Franca-SP&quot;","block_context":{"text":"Not\u00edcias de Franca-SP","link":"https:\/\/noticiasribeiraopreto.com.br\/index.php\/category\/noticias-de-ribeirao-preto-sp-e-regiao-ismael-colosi\/noticias-franca-sp\/"},"img":{"alt_text":"","src":"https:\/\/i0.wp.com\/noticiasribeiraopreto.com.br\/wp-content\/uploads\/2025\/05\/leito-uti.png?fit=700%2C384&ssl=1&resize=350%2C200","width":350,"height":200,"srcset":"https:\/\/i0.wp.com\/noticiasribeiraopreto.com.br\/wp-content\/uploads\/2025\/05\/leito-uti.png?fit=700%2C384&ssl=1&resize=350%2C200 1x, https:\/\/i0.wp.com\/noticiasribeiraopreto.com.br\/wp-content\/uploads\/2025\/05\/leito-uti.png?fit=700%2C384&ssl=1&resize=525%2C300 1.5x, https:\/\/i0.wp.com\/noticiasribeiraopreto.com.br\/wp-content\/uploads\/2025\/05\/leito-uti.png?fit=700%2C384&ssl=1&resize=700%2C400 2x"},"classes":[]}],"jetpack_sharing_enabled":true,"jetpack_shortlink":"https:\/\/wp.me\/peQAOb-iol","_links":{"self":[{"href":"https:\/\/noticiasribeiraopreto.com.br\/index.php\/wp-json\/wp\/v2\/posts\/70701","targetHints":{"allow":["GET"]}}],"collection":[{"href":"https:\/\/noticiasribeiraopreto.com.br\/index.php\/wp-json\/wp\/v2\/posts"}],"about":[{"href":"https:\/\/noticiasribeiraopreto.com.br\/index.php\/wp-json\/wp\/v2\/types\/post"}],"author":[{"embeddable":true,"href":"https:\/\/noticiasribeiraopreto.com.br\/index.php\/wp-json\/wp\/v2\/users\/1"}],"replies":[{"embeddable":true,"href":"https:\/\/noticiasribeiraopreto.com.br\/index.php\/wp-json\/wp\/v2\/comments?post=70701"}],"version-history":[{"count":0,"href":"https:\/\/noticiasribeiraopreto.com.br\/index.php\/wp-json\/wp\/v2\/posts\/70701\/revisions"}],"wp:featuredmedia":[{"embeddable":true,"href":"https:\/\/noticiasribeiraopreto.com.br\/index.php\/wp-json\/wp\/v2\/media\/70702"}],"wp:attachment":[{"href":"https:\/\/noticiasribeiraopreto.com.br\/index.php\/wp-json\/wp\/v2\/media?parent=70701"}],"wp:term":[{"taxonomy":"category","embeddable":true,"href":"https:\/\/noticiasribeiraopreto.com.br\/index.php\/wp-json\/wp\/v2\/categories?post=70701"},{"taxonomy":"post_tag","embeddable":true,"href":"https:\/\/noticiasribeiraopreto.com.br\/index.php\/wp-json\/wp\/v2\/tags?post=70701"}],"curies":[{"name":"wp","href":"https:\/\/api.w.org\/{rel}","templated":true}]}}