{"id":70705,"date":"2025-05-29T09:04:46","date_gmt":"2025-05-29T12:04:46","guid":{"rendered":"https:\/\/noticiasribeiraopreto.com.br\/index.php\/2025\/05\/29\/ribeirao-preto-registra-a-manha-mais-fria-do-ano-nesta-quinta-feira\/"},"modified":"2025-05-29T09:04:46","modified_gmt":"2025-05-29T12:04:46","slug":"ribeirao-preto-registra-a-manha-mais-fria-do-ano-nesta-quinta-feira","status":"publish","type":"post","link":"https:\/\/noticiasribeiraopreto.com.br\/index.php\/2025\/05\/29\/ribeirao-preto-registra-a-manha-mais-fria-do-ano-nesta-quinta-feira\/","title":{"rendered":"Ribeir\u00e3o Preto registra a manh\u00e3 mais fria do ano nesta quinta-feira"},"content":{"rendered":"<p> <br \/>\n<\/p>\n<div data-td-block-uid=\"tdi_95\">\n<div class=\"tdb-block-inner td-fix-index\">\n<p><strong>Ribeir\u00e3o Preto registrou nesta quinta-feira (29) a manh\u00e3 mais fria de 2025.<\/strong><\/p>\n<p><mark style=\"background-color:#fcb900\" class=\"has-inline-color has-black-color\">A m\u00ednima foi de 12\u00b0C \u00e0s 7h e \u00e0s 8h, no aeroporto Leite Lopes, segundo dados da Redmet (Rede de Meteorologia do Comando da Aeron\u00e1utica).<\/mark><\/p>\n<p>Antes desse recorde, a m\u00ednima havia atingido 14\u00b0C no \u00faltimo dia 15 de maio.<\/p>\n<h2 class=\"wp-block-heading\"><strong>M\u00ednima invertida<\/strong><\/h2>\n<p>A Defesa Civil de S\u00e3o Paulo emitiu um alerta de queda na temperatura pelos pr\u00f3ximos dias devido a uma frente fria e a entrada de ar polar.<\/p>\n<p>O \u00f3rg\u00e3o diz que est\u00e1 previsto o fen\u00f4meno conhecido como m\u00ednima invertida nesta quinta, que ocorre quando as temperaturas m\u00ednimas n\u00e3o s\u00e3o registradas nas primeiras horas do dia e sim no per\u00edodo da tarde e noite.<\/p>\n<p>A sexta-feira (30) deve marcar novo recorde de frio no ano, segundo a Defesa Civil, com temperaturas podendo ficar abaixo dos 10\u202f\u00b0C em diversas regi\u00f5es da Grande S\u00e3o Paulo e no interior paulista.<\/p>\n<p>Em Ribeir\u00e3o Preto, a m\u00ednina pode atingir 7\u00b0C.<\/p>\n<p><!-- CONTENT END 2 -->\n<\/div>\n<\/div>\n<p><br \/>\n<br \/><a href=\"https:\/\/www.acidadeon.com\/ribeiraopreto\/cotidiano\/ribeirao-preto-registra-a-manha-mais-fria-do-ano-nesta-quinta-feira\/\">Source link <\/a><\/p>\n","protected":false},"excerpt":{"rendered":"<p>Ribeir\u00e3o Preto registrou nesta quinta-feira (29) a manh\u00e3 mais fria de 2025. A m\u00ednima foi de 12\u00b0C \u00e0s 7h e \u00e0s 8h, no aeroporto Leite&#8230;<\/p>\n","protected":false},"author":1,"featured_media":70706,"comment_status":"open","ping_status":"open","sticky":false,"template":"","format":"standard","meta":{"advanced_seo_description":"","jetpack_seo_html_title":"","jetpack_seo_noindex":false,"jetpack_post_was_ever_published":false,"_jetpack_newsletter_access":"","_jetpack_dont_email_post_to_subs":false,"_jetpack_newsletter_tier_id":0,"_jetpack_memberships_contains_paywalled_content":false,"_jetpack_memberships_contains_paid_content":false,"footnotes":"","jetpack_publicize_message":"","jetpack_publicize_feature_enabled":true,"jetpack_social_post_already_shared":true,"jetpack_social_options":{"image_generator_settings":{"template":"highway","default_image_id":0,"font":"","enabled":false},"version":2}},"categories":[11],"tags":[],"class_list":["post-70705","post","type-post","status-publish","format-standard","has-post-thumbnail","hentry","category-noticias-de-ribeirao-preto-sp-e-regiao-ismael-colosi"],"jetpack_publicize_connections":[],"jetpack_featured_media_url":"https:\/\/i0.wp.com\/noticiasribeiraopreto.com.br\/wp-content\/uploads\/2025\/05\/InmetemitealertadechuvasintensasparaolitoraleinteriordeSoPaulo_Tamanho_2_image.jpg?fit=1200%2C900&ssl=1","jetpack-related-posts":[{"id":70638,"url":"https:\/\/noticiasribeiraopreto.com.br\/index.php\/2025\/05\/28\/defesa-civil-de-sp-emite-alerta-para-onda-de-frio-e-indica-minima-invertida\/","url_meta":{"origin":70705,"position":0},"title":"Defesa Civil de SP emite alerta para onda de frio e indica &#8216;m\u00ednima invertida&#8217;","author":"noticiasribeiraopreto.com.br","date":"28 de May de 2025","format":false,"excerpt":"A primeira onda de frio intenso chega ao Estado de S\u00e3o Paulo nesta quinta-feira (29), e diversas regi\u00f5es enfrentar\u00e3o uma queda acentuada nas temperaturas. H\u00e1, inclusive, previs\u00e3o de \u201cm\u00ednima invertida\u201d \u2013 quando as temperaturas m\u00ednimas s\u00e3o registradas no per\u00edodo da tarde e noite, e n\u00e3o pela manh\u00e3. De acordo com\u2026","rel":"","context":"In &quot;Not\u00edcias de Ribeir\u00e3o Preto-SP e Regi\u00e3o&quot;","block_context":{"text":"Not\u00edcias de Ribeir\u00e3o Preto-SP e Regi\u00e3o","link":"https:\/\/noticiasribeiraopreto.com.br\/index.php\/category\/noticias-de-ribeirao-preto-sp-e-regiao-ismael-colosi\/"},"img":{"alt_text":"","src":"https:\/\/i0.wp.com\/noticiasribeiraopreto.com.br\/wp-content\/uploads\/2025\/05\/WhatsApp-Image-2025-05-28-at-12.43.35-1_2025-05-28_15-55-13.webp.webp?fit=1200%2C540&ssl=1&resize=350%2C200","width":350,"height":200,"srcset":"https:\/\/i0.wp.com\/noticiasribeiraopreto.com.br\/wp-content\/uploads\/2025\/05\/WhatsApp-Image-2025-05-28-at-12.43.35-1_2025-05-28_15-55-13.webp.webp?fit=1200%2C540&ssl=1&resize=350%2C200 1x, https:\/\/i0.wp.com\/noticiasribeiraopreto.com.br\/wp-content\/uploads\/2025\/05\/WhatsApp-Image-2025-05-28-at-12.43.35-1_2025-05-28_15-55-13.webp.webp?fit=1200%2C540&ssl=1&resize=525%2C300 1.5x, https:\/\/i0.wp.com\/noticiasribeiraopreto.com.br\/wp-content\/uploads\/2025\/05\/WhatsApp-Image-2025-05-28-at-12.43.35-1_2025-05-28_15-55-13.webp.webp?fit=1200%2C540&ssl=1&resize=700%2C400 2x, https:\/\/i0.wp.com\/noticiasribeiraopreto.com.br\/wp-content\/uploads\/2025\/05\/WhatsApp-Image-2025-05-28-at-12.43.35-1_2025-05-28_15-55-13.webp.webp?fit=1200%2C540&ssl=1&resize=1050%2C600 3x"},"classes":[]},{"id":70713,"url":"https:\/\/noticiasribeiraopreto.com.br\/index.php\/2025\/05\/29\/o-frio-chegou-entenda-o-que-e-a-minima-invertida-fenomeno-que-pode-atingir-ribeirao-preto\/","url_meta":{"origin":70705,"position":1},"title":"O frio chegou: Entenda o que \u00e9 a m\u00ednima invertida, fen\u00f4meno que pode atingir Ribeir\u00e3o Preto","author":"noticiasribeiraopreto.com.br","date":"29 de May de 2025","format":false,"excerpt":"Com a passagem da frente fria que causou uma virada no tempo, a temperatura come\u00e7ou a cair em Ribeir\u00e3o Preto. E pode cair ainda mais ao longo do dia. Segundo a Climatempo, nesta quinta-feira (29), com o afastamento desse sistema, o ar polar avan\u00e7a com for\u00e7a e derruba as temperaturas.\u2026","rel":"","context":"In &quot;Not\u00edcias de Ribeir\u00e3o Preto-SP e Regi\u00e3o&quot;","block_context":{"text":"Not\u00edcias de Ribeir\u00e3o Preto-SP e Regi\u00e3o","link":"https:\/\/noticiasribeiraopreto.com.br\/index.php\/category\/noticias-de-ribeirao-preto-sp-e-regiao-ismael-colosi\/"},"img":{"alt_text":"","src":"https:\/\/i0.wp.com\/noticiasribeiraopreto.com.br\/wp-content\/uploads\/2025\/05\/clima_tempo_1024x576_30072021190747.jpg?fit=1024%2C576&ssl=1&resize=350%2C200","width":350,"height":200,"srcset":"https:\/\/i0.wp.com\/noticiasribeiraopreto.com.br\/wp-content\/uploads\/2025\/05\/clima_tempo_1024x576_30072021190747.jpg?fit=1024%2C576&ssl=1&resize=350%2C200 1x, https:\/\/i0.wp.com\/noticiasribeiraopreto.com.br\/wp-content\/uploads\/2025\/05\/clima_tempo_1024x576_30072021190747.jpg?fit=1024%2C576&ssl=1&resize=525%2C300 1.5x, https:\/\/i0.wp.com\/noticiasribeiraopreto.com.br\/wp-content\/uploads\/2025\/05\/clima_tempo_1024x576_30072021190747.jpg?fit=1024%2C576&ssl=1&resize=700%2C400 2x"},"classes":[]},{"id":70768,"url":"https:\/\/noticiasribeiraopreto.com.br\/index.php\/2025\/05\/29\/veja-ate-quando-vai-a-onda-de-frio-que-atinge-sp\/","url_meta":{"origin":70705,"position":2},"title":"Veja at\u00e9 quando vai a onda de frio que atinge SP","author":"noticiasribeiraopreto.com.br","date":"29 de May de 2025","format":false,"excerpt":"Uma intensa onda de frio come\u00e7ou a atingir o estado de S\u00e3o Paulo nesta quinta-feira (29) e deve persistir durante todo o final de semana. Nesta sexta-feira (30), por exemplo, a expectativa \u00e9 de que a temperatura caia ainda mais. >>>LEIA TAMB\u00c9M: Defesa Civil de SP emite alerta para onda\u2026","rel":"","context":"In &quot;Not\u00edcias de Ribeir\u00e3o Preto-SP e Regi\u00e3o&quot;","block_context":{"text":"Not\u00edcias de Ribeir\u00e3o Preto-SP e Regi\u00e3o","link":"https:\/\/noticiasribeiraopreto.com.br\/index.php\/category\/noticias-de-ribeirao-preto-sp-e-regiao-ismael-colosi\/"},"img":{"alt_text":"","src":"https:\/\/i0.wp.com\/noticiasribeiraopreto.com.br\/wp-content\/uploads\/2025\/05\/frio_mcamgo_abr_180520221818-3_2025-04-15_20-46-56_jpg_2025-04-15_20-46-58-scaled.webp.webp?fit=1200%2C800&ssl=1&resize=350%2C200","width":350,"height":200,"srcset":"https:\/\/i0.wp.com\/noticiasribeiraopreto.com.br\/wp-content\/uploads\/2025\/05\/frio_mcamgo_abr_180520221818-3_2025-04-15_20-46-56_jpg_2025-04-15_20-46-58-scaled.webp.webp?fit=1200%2C800&ssl=1&resize=350%2C200 1x, https:\/\/i0.wp.com\/noticiasribeiraopreto.com.br\/wp-content\/uploads\/2025\/05\/frio_mcamgo_abr_180520221818-3_2025-04-15_20-46-56_jpg_2025-04-15_20-46-58-scaled.webp.webp?fit=1200%2C800&ssl=1&resize=525%2C300 1.5x, https:\/\/i0.wp.com\/noticiasribeiraopreto.com.br\/wp-content\/uploads\/2025\/05\/frio_mcamgo_abr_180520221818-3_2025-04-15_20-46-56_jpg_2025-04-15_20-46-58-scaled.webp.webp?fit=1200%2C800&ssl=1&resize=700%2C400 2x, https:\/\/i0.wp.com\/noticiasribeiraopreto.com.br\/wp-content\/uploads\/2025\/05\/frio_mcamgo_abr_180520221818-3_2025-04-15_20-46-56_jpg_2025-04-15_20-46-58-scaled.webp.webp?fit=1200%2C800&ssl=1&resize=1050%2C600 3x"},"classes":[]},{"id":73027,"url":"https:\/\/noticiasribeiraopreto.com.br\/index.php\/2025\/06\/24\/minima-invertida-em-ribeirao-preto-entenda-o-fenomeno-e-veja-as-temperaturas\/","url_meta":{"origin":70705,"position":3},"title":"M\u00ednima invertida em Ribeir\u00e3o Preto? Entenda o fen\u00f4meno e veja as temperaturas","author":"noticiasribeiraopreto.com.br","date":"24 de June de 2025","format":false,"excerpt":"A frente fria que chegou nesta segunda-feira (23) mudou o tempo em Ribeir\u00e3o Preto e ainda deixa a cidade sob alerta para mais chuva, que pode ser forte, na manh\u00e3 desta ter\u00e7a-feira (24). Est\u00e3o previstas rajadas de vento entre 40 km\/h e 50 km\/h. Segundo a Climatempo, ao longo do\u2026","rel":"","context":"In &quot;Not\u00edcias de Ribeir\u00e3o Preto-SP e Regi\u00e3o&quot;","block_context":{"text":"Not\u00edcias de Ribeir\u00e3o Preto-SP e Regi\u00e3o","link":"https:\/\/noticiasribeiraopreto.com.br\/index.php\/category\/noticias-de-ribeirao-preto-sp-e-regiao-ismael-colosi\/"},"img":{"alt_text":"","src":"https:\/\/i0.wp.com\/noticiasribeiraopreto.com.br\/wp-content\/uploads\/2025\/06\/frio_mcamgo_abr_180520221818-3_2025-04-15_20-46-56_jpg_2025-04-15_20-46-58-scaled.webp.webp?fit=1200%2C800&ssl=1&resize=350%2C200","width":350,"height":200,"srcset":"https:\/\/i0.wp.com\/noticiasribeiraopreto.com.br\/wp-content\/uploads\/2025\/06\/frio_mcamgo_abr_180520221818-3_2025-04-15_20-46-56_jpg_2025-04-15_20-46-58-scaled.webp.webp?fit=1200%2C800&ssl=1&resize=350%2C200 1x, https:\/\/i0.wp.com\/noticiasribeiraopreto.com.br\/wp-content\/uploads\/2025\/06\/frio_mcamgo_abr_180520221818-3_2025-04-15_20-46-56_jpg_2025-04-15_20-46-58-scaled.webp.webp?fit=1200%2C800&ssl=1&resize=525%2C300 1.5x, https:\/\/i0.wp.com\/noticiasribeiraopreto.com.br\/wp-content\/uploads\/2025\/06\/frio_mcamgo_abr_180520221818-3_2025-04-15_20-46-56_jpg_2025-04-15_20-46-58-scaled.webp.webp?fit=1200%2C800&ssl=1&resize=700%2C400 2x, https:\/\/i0.wp.com\/noticiasribeiraopreto.com.br\/wp-content\/uploads\/2025\/06\/frio_mcamgo_abr_180520221818-3_2025-04-15_20-46-56_jpg_2025-04-15_20-46-58-scaled.webp.webp?fit=1200%2C800&ssl=1&resize=1050%2C600 3x"},"classes":[]},{"id":70616,"url":"https:\/\/noticiasribeiraopreto.com.br\/index.php\/2025\/05\/28\/frente-fria-chega-nesta-quarta-e-ribeirao-preto-tem-previsao-de-virada-no-tempo\/","url_meta":{"origin":70705,"position":4},"title":"Frente fria chega nesta quarta e Ribeir\u00e3o Preto tem previs\u00e3o de virada no tempo","author":"noticiasribeiraopreto.com.br","date":"28 de May de 2025","format":false,"excerpt":"A frente fria avan\u00e7a nesta quarta-feira (28) pelo estado de S\u00e3o Paulo. Segundo a Climatempo, a regi\u00e3o de Ribeir\u00e3o Preto tem previs\u00e3o de rajadas de vento que podem chegar a 50 km\/h. Na parte da noite, o avan\u00e7o desse sistema pode causar pancadas de chuva pela regi\u00e3o. N\u00e3o h\u00e1, por\u00e9m,\u2026","rel":"","context":"In &quot;Not\u00edcias de Ribeir\u00e3o Preto-SP e Regi\u00e3o&quot;","block_context":{"text":"Not\u00edcias de Ribeir\u00e3o Preto-SP e Regi\u00e3o","link":"https:\/\/noticiasribeiraopreto.com.br\/index.php\/category\/noticias-de-ribeirao-preto-sp-e-regiao-ismael-colosi\/"},"img":{"alt_text":"","src":"https:\/\/i0.wp.com\/noticiasribeiraopreto.com.br\/wp-content\/uploads\/2025\/05\/WhatsApp-Image-2025-05-28-at-09.27.27_2025-05-28_13-10-24.webp.webp?fit=1200%2C900&ssl=1&resize=350%2C200","width":350,"height":200,"srcset":"https:\/\/i0.wp.com\/noticiasribeiraopreto.com.br\/wp-content\/uploads\/2025\/05\/WhatsApp-Image-2025-05-28-at-09.27.27_2025-05-28_13-10-24.webp.webp?fit=1200%2C900&ssl=1&resize=350%2C200 1x, https:\/\/i0.wp.com\/noticiasribeiraopreto.com.br\/wp-content\/uploads\/2025\/05\/WhatsApp-Image-2025-05-28-at-09.27.27_2025-05-28_13-10-24.webp.webp?fit=1200%2C900&ssl=1&resize=525%2C300 1.5x, https:\/\/i0.wp.com\/noticiasribeiraopreto.com.br\/wp-content\/uploads\/2025\/05\/WhatsApp-Image-2025-05-28-at-09.27.27_2025-05-28_13-10-24.webp.webp?fit=1200%2C900&ssl=1&resize=700%2C400 2x, https:\/\/i0.wp.com\/noticiasribeiraopreto.com.br\/wp-content\/uploads\/2025\/05\/WhatsApp-Image-2025-05-28-at-09.27.27_2025-05-28_13-10-24.webp.webp?fit=1200%2C900&ssl=1&resize=1050%2C600 3x"},"classes":[]},{"id":46765,"url":"https:\/\/noticiasribeiraopreto.com.br\/index.php\/2024\/04\/14\/saiba-quando-frente-fria-se-aproxima-e-traz-instabilidade-no-estado-de-sp\/","url_meta":{"origin":70705,"position":5},"title":"Saiba quando frente fria se aproxima e traz instabilidade no estado de SP","author":"noticiasribeiraopreto.com.br","date":"14 de April de 2024","format":false,"excerpt":"A previs\u00e3o dos meteorologistas da Climatempo \u00e9 de que na quarta-feira (17) come\u00e7a se aproximar uma frente fria, associada a um ciclone extratropical, que vai trazer instabilidades em todo estado de S\u00e3o Paulo. Segundo a plataforma, h\u00e1 possibilidade de chover em todo territ\u00f3rio paulista e as temperaturas diminu\u00edrem a partir\u2026","rel":"","context":"In &quot;Not\u00edcias de Ribeir\u00e3o Preto-SP e Regi\u00e3o&quot;","block_context":{"text":"Not\u00edcias de Ribeir\u00e3o Preto-SP e Regi\u00e3o","link":"https:\/\/noticiasribeiraopreto.com.br\/index.php\/category\/noticias-de-ribeirao-preto-sp-e-regiao-ismael-colosi\/"},"img":{"alt_text":"","src":"https:\/\/i0.wp.com\/noticiasribeiraopreto.com.br\/wp-content\/uploads\/2024\/04\/Copia-de-Copia-de-TAMANHO-EXATO-PARA-FOTOS-NO-SISTEMA-NOVO-37.webp.webp?fit=1200%2C675&ssl=1&resize=350%2C200","width":350,"height":200,"srcset":"https:\/\/i0.wp.com\/noticiasribeiraopreto.com.br\/wp-content\/uploads\/2024\/04\/Copia-de-Copia-de-TAMANHO-EXATO-PARA-FOTOS-NO-SISTEMA-NOVO-37.webp.webp?fit=1200%2C675&ssl=1&resize=350%2C200 1x, https:\/\/i0.wp.com\/noticiasribeiraopreto.com.br\/wp-content\/uploads\/2024\/04\/Copia-de-Copia-de-TAMANHO-EXATO-PARA-FOTOS-NO-SISTEMA-NOVO-37.webp.webp?fit=1200%2C675&ssl=1&resize=525%2C300 1.5x, https:\/\/i0.wp.com\/noticiasribeiraopreto.com.br\/wp-content\/uploads\/2024\/04\/Copia-de-Copia-de-TAMANHO-EXATO-PARA-FOTOS-NO-SISTEMA-NOVO-37.webp.webp?fit=1200%2C675&ssl=1&resize=700%2C400 2x, https:\/\/i0.wp.com\/noticiasribeiraopreto.com.br\/wp-content\/uploads\/2024\/04\/Copia-de-Copia-de-TAMANHO-EXATO-PARA-FOTOS-NO-SISTEMA-NOVO-37.webp.webp?fit=1200%2C675&ssl=1&resize=1050%2C600 3x"},"classes":[]}],"jetpack_sharing_enabled":true,"jetpack_shortlink":"https:\/\/wp.me\/peQAOb-iop","_links":{"self":[{"href":"https:\/\/noticiasribeiraopreto.com.br\/index.php\/wp-json\/wp\/v2\/posts\/70705","targetHints":{"allow":["GET"]}}],"collection":[{"href":"https:\/\/noticiasribeiraopreto.com.br\/index.php\/wp-json\/wp\/v2\/posts"}],"about":[{"href":"https:\/\/noticiasribeiraopreto.com.br\/index.php\/wp-json\/wp\/v2\/types\/post"}],"author":[{"embeddable":true,"href":"https:\/\/noticiasribeiraopreto.com.br\/index.php\/wp-json\/wp\/v2\/users\/1"}],"replies":[{"embeddable":true,"href":"https:\/\/noticiasribeiraopreto.com.br\/index.php\/wp-json\/wp\/v2\/comments?post=70705"}],"version-history":[{"count":0,"href":"https:\/\/noticiasribeiraopreto.com.br\/index.php\/wp-json\/wp\/v2\/posts\/70705\/revisions"}],"wp:featuredmedia":[{"embeddable":true,"href":"https:\/\/noticiasribeiraopreto.com.br\/index.php\/wp-json\/wp\/v2\/media\/70706"}],"wp:attachment":[{"href":"https:\/\/noticiasribeiraopreto.com.br\/index.php\/wp-json\/wp\/v2\/media?parent=70705"}],"wp:term":[{"taxonomy":"category","embeddable":true,"href":"https:\/\/noticiasribeiraopreto.com.br\/index.php\/wp-json\/wp\/v2\/categories?post=70705"},{"taxonomy":"post_tag","embeddable":true,"href":"https:\/\/noticiasribeiraopreto.com.br\/index.php\/wp-json\/wp\/v2\/tags?post=70705"}],"curies":[{"name":"wp","href":"https:\/\/api.w.org\/{rel}","templated":true}]}}