{"id":70707,"date":"2025-05-29T09:11:35","date_gmt":"2025-05-29T12:11:35","guid":{"rendered":"https:\/\/noticiasribeiraopreto.com.br\/index.php\/2025\/05\/29\/carro-sobe-em-canteiro-apos-batida-na-via-francisco-maggioni-em-ribeirao-preto\/"},"modified":"2025-05-29T09:11:35","modified_gmt":"2025-05-29T12:11:35","slug":"carro-sobe-em-canteiro-apos-batida-na-via-francisco-maggioni-em-ribeirao-preto","status":"publish","type":"post","link":"https:\/\/noticiasribeiraopreto.com.br\/index.php\/2025\/05\/29\/carro-sobe-em-canteiro-apos-batida-na-via-francisco-maggioni-em-ribeirao-preto\/","title":{"rendered":"Carro sobe em canteiro ap\u00f3s batida na Via Francisco Maggioni em Ribeir\u00e3o Preto"},"content":{"rendered":"<div class='code-block code-block-1' style='margin: 8px 0 8px auto; text-align: right; display: block; clear: both;'>\n<p><a href=\"https:\/\/wa.link\/vpicfd\"><img data-recalc-dims=\"1\" class=\"wp-image-4922\" style=\"aspect-ratio: 2.0253164556962027; width: 561px; height: auto;\" src=\"https:\/\/i0.wp.com\/ismaelcolosi.com.br\/wp-content\/uploads\/2023\/11\/grupo-de-empregos-whatsapp-e-facebook-ismael-colosi-vagas.jpg?ssl=1\" alt=\"\" \/><\/a><\/p>\n<!-- \/wp:image -->\n<\/div>\n<p> <br \/>\n<\/p>\n<p><strong>Um carro subiu no canteiro ap\u00f3s uma batida com outro ve\u00edculo na manh\u00e3 desta quinta-feira (29), na liga\u00e7\u00e3o da Via Francisco Maggioni com a rua Municipal , na zona Norte de Ribeir\u00e3o Preto.<\/strong> <strong>Assista <\/strong>ao <strong>v\u00eddeo <\/strong>abaixo.<\/p>\n<p>Segundo informa\u00e7\u00f5es, <mark style=\"background-color:#fcb900\" class=\"has-inline-color\">apesar dos danos, n\u00e3o houve registro de v\u00edtimas.<\/mark><\/p>\n<p>O cruzamento possui sem\u00e1foro e as causas ainda dever\u00e3o ser apuradas.<\/p>\n<p>Uma equipe da RP Mobi fez a sinaliza\u00e7\u00e3o e n\u00e3o h\u00e1 interdi\u00e7\u00e3o no local. (Com CBN Ribeir\u00e3o Preto)<\/p>\n<blockquote class=\"instagram-media\" data-instgrm-permalink=\"https:\/\/www.instagram.com\/reel\/DKPBx3qSQ-j\/?utm_source=ig_embed&amp;utm_campaign=loading\" data-instgrm-version=\"14\" style=\"background:#FFF;border:0;border-radius:3px;margin: 1px;max-width:540px;min-width:326px;padding:0;width:99.375%;width:-webkit-calc(100% - 2px);width:calc(100% - 2px)\">\n<div style=\"padding:16px\"> <a href=\"https:\/\/www.instagram.com\/reel\/DKPBx3qSQ-j\/?utm_source=ig_embed&amp;utm_campaign=loading\" style=\"background:#FFFFFF;line-height:0;padding:0 0;text-align:center;text-decoration:none;width:100%\" target=\"_blank\"> <\/p>\n<div style=\"flex-direction: row;align-items: center\">\n<div style=\"background-color: #F4F4F4;border-radius: 50%;flex-grow: 0;height: 40px;margin-right: 14px;width: 40px\"><\/div>\n<div style=\"flex-direction: column;flex-grow: 1;justify-content: center\">\n<div style=\"background-color: #F4F4F4;border-radius: 4px;flex-grow: 0;height: 14px;margin-bottom: 6px;width: 100px\"><\/div>\n<div style=\"background-color: #F4F4F4;border-radius: 4px;flex-grow: 0;height: 14px;width: 60px\"><\/div>\n<\/div>\n<\/div>\n<div style=\"padding: 19% 0\"><\/div>\n<div style=\"height:50px;margin:0 auto 12px;width:50px\"><\/div>\n<div style=\"padding-top: 8px\">\n<div style=\"color:#3897f0;font-family:Arial,sans-serif;font-size:14px;font-style:normal;font-weight:550;line-height:18px\">Ver essa foto no Instagram<\/div>\n<\/div>\n<div style=\"padding: 12.5% 0\"><\/div>\n<div style=\"flex-direction: row;margin-bottom: 14px;align-items: center\">\n<div>\n<div style=\"background-color: #F4F4F4;border-radius: 50%;height: 12.5px;width: 12.5px\"><\/div>\n<div style=\"background-color: #F4F4F4;height: 12.5px;width: 12.5px;flex-grow: 0;margin-right: 14px;margin-left: 2px\"><\/div>\n<div style=\"background-color: #F4F4F4;border-radius: 50%;height: 12.5px;width: 12.5px\"><\/div>\n<\/div>\n<div style=\"margin-left: 8px\">\n<div style=\"background-color: #F4F4F4;border-radius: 50%;flex-grow: 0;height: 20px;width: 20px\"><\/div>\n<div style=\"width: 0;height: 0;border-top: 2px solid transparent;border-left: 6px solid #f4f4f4;border-bottom: 2px solid transparent\"><\/div>\n<\/div>\n<div style=\"margin-left: auto\">\n<div style=\"width: 0px;border-top: 8px solid #F4F4F4;border-right: 8px solid transparent\"><\/div>\n<div style=\"background-color: #F4F4F4;flex-grow: 0;height: 12px;width: 16px\"><\/div>\n<div style=\"width: 0;height: 0;border-top: 8px solid #F4F4F4;border-left: 8px solid transparent\"><\/div>\n<\/div>\n<\/div>\n<div style=\"flex-direction: column;flex-grow: 1;justify-content: center;margin-bottom: 24px\">\n<div style=\"background-color: #F4F4F4;border-radius: 4px;flex-grow: 0;height: 14px;margin-bottom: 6px;width: 224px\"><\/div>\n<div style=\"background-color: #F4F4F4;border-radius: 4px;flex-grow: 0;height: 14px;width: 144px\"><\/div>\n<\/div>\n<p><\/a><\/p>\n<p style=\"color:#c9c8cd;font-family:Arial,sans-serif;font-size:14px;line-height:17px;margin-bottom:0;margin-top:8px;overflow:hidden;padding:8px 0 7px;text-align:center\"><a href=\"https:\/\/www.instagram.com\/reel\/DKPBx3qSQ-j\/?utm_source=ig_embed&amp;utm_campaign=loading\" style=\"color:#c9c8cd;font-family:Arial,sans-serif;font-size:14px;font-style:normal;font-weight:normal;line-height:17px;text-decoration:none\" target=\"_blank\">Uma publica\u00e7\u00e3o compartilhada por acidade on Ribeir\u00e3o (@acidadeonribeirao)<\/a><\/p>\n<\/div>\n<\/blockquote>\n<p>SAIBA MAIS<\/p>\n<p>O frio chegou: Entenda o que \u00e9 a m\u00ednima invertida, fen\u00f4meno que pode atingir Ribeir\u00e3o Preto<\/p>\n<h2 class=\"wp-block-heading\"><strong>FIQUE ON<\/strong><\/h2>\n<p>Fique ligado em tudo que acontece em Ribeir\u00e3o Preto e regi\u00e3o. Siga os perfis do&nbsp;<strong>acidade on&nbsp;<\/strong>no&nbsp;<a href=\"https:\/\/www.instagram.com\/acidadeonribeirao\" target=\"_blank\" rel=\"noreferrer noopener\">Instagram<\/a>&nbsp;e no&nbsp;<a href=\"https:\/\/www.facebook.com\/acidadeonribeirao\" target=\"_blank\" rel=\"noreferrer noopener\">Facebook<\/a>.<\/p>\n<p>Receba not\u00edcias do<strong>&nbsp;acidade on<\/strong>&nbsp;no WhatsApp. Para entrar no grupo, basta&nbsp;<a href=\"https:\/\/chat.whatsapp.com\/BjKQZ9oJwlz8VVT50NuePq\" target=\"_blank\" rel=\"noreferrer noopener\">clicar aqui<\/a>.<\/p>\n<p>Fa\u00e7a uma den\u00fancia ou sugira uma reportagem sobre Ribeir\u00e3o Preto e regi\u00e3o pelo WhatsApp: 16 99117 7802.<\/p>\n<p>VEJA TAMB\u00c9M<\/p>\n<p>Como se inscrever no concurso do TJ PR?<\/p>\n<p>O post Carro sobe em canteiro ap\u00f3s batida na Via Francisco Maggioni em Ribeir\u00e3o Preto apareceu primeiro em ACidade ON Ribeir\u00e3o Preto.<\/p>\n<p><script async src=\"\/\/www.instagram.com\/embed.js\"><\/script><br \/>\n<br \/><br \/>\n<br \/><a href=\"https:\/\/www.acidadeon.com\/ribeiraopreto\/cotidiano\/carro-sobe-em-canteiro-apos-batida-na-via-francisco-maggioni-em-ribeirao-preto\/\">Source link <\/a><\/p>\n<!-- CONTENT END 1 -->\n","protected":false},"excerpt":{"rendered":"<p>Um carro subiu no canteiro ap\u00f3s uma batida com outro ve\u00edculo na manh\u00e3 desta quinta-feira (29), na liga\u00e7\u00e3o da Via Francisco Maggioni com a rua&#8230;<\/p>\n","protected":false},"author":1,"featured_media":70708,"comment_status":"open","ping_status":"open","sticky":false,"template":"","format":"standard","meta":{"advanced_seo_description":"","jetpack_seo_html_title":"","jetpack_seo_noindex":false,"jetpack_post_was_ever_published":false,"_jetpack_newsletter_access":"","_jetpack_dont_email_post_to_subs":false,"_jetpack_newsletter_tier_id":0,"_jetpack_memberships_contains_paywalled_content":false,"_jetpack_memberships_contains_paid_content":false,"footnotes":"","jetpack_publicize_message":"","jetpack_publicize_feature_enabled":true,"jetpack_social_post_already_shared":true,"jetpack_social_options":{"image_generator_settings":{"template":"highway","default_image_id":0,"font":"","enabled":false},"version":2}},"categories":[11],"tags":[],"class_list":["post-70707","post","type-post","status-publish","format-standard","has-post-thumbnail","hentry","category-noticias-de-ribeirao-preto-sp-e-regiao-ismael-colosi"],"jetpack_publicize_connections":[],"jetpack_featured_media_url":"https:\/\/i0.wp.com\/noticiasribeiraopreto.com.br\/wp-content\/uploads\/2025\/05\/ACIDENTE_2025-05-29_10-54-05.webp.webp?fit=1200%2C667&ssl=1","jetpack-related-posts":[{"id":74792,"url":"https:\/\/noticiasribeiraopreto.com.br\/index.php\/2025\/07\/29\/motociclista-fica-ferida-apos-batida-entre-moto-e-carro-em-avenida-de-ribeirao-preto\/","url_meta":{"origin":70707,"position":0},"title":"Motociclista fica ferida ap\u00f3s batida entre moto e carro em avenida de Ribeir\u00e3o Preto","author":"noticiasribeiraopreto.com.br","date":"29 de July de 2025","format":false,"excerpt":"Uma motociclista de 27 anos ficou ferida na manh\u00e3 desta ter\u00e7a-feira (29), depois de se envolver em uma batida com um carro, em um acesso da Via Francisco Maggioni para a avenida Ant\u00f4nio e Helena Zerrener, em Ribeir\u00e3o Preto. A v\u00edtima foi socorrida por uma equipe do Samu e encaminhada\u2026","rel":"","context":"In &quot;Not\u00edcias de Ribeir\u00e3o Preto-SP e Regi\u00e3o&quot;","block_context":{"text":"Not\u00edcias de Ribeir\u00e3o Preto-SP e Regi\u00e3o","link":"https:\/\/noticiasribeiraopreto.com.br\/index.php\/category\/noticias-de-ribeirao-preto-sp-e-regiao-ismael-colosi\/"},"img":{"alt_text":"","src":"https:\/\/i0.wp.com\/noticiasribeiraopreto.com.br\/wp-content\/uploads\/2025\/07\/ACIDENTE-2_2025-07-29_12-16-04.webp.webp?fit=1200%2C773&ssl=1&resize=350%2C200","width":350,"height":200,"srcset":"https:\/\/i0.wp.com\/noticiasribeiraopreto.com.br\/wp-content\/uploads\/2025\/07\/ACIDENTE-2_2025-07-29_12-16-04.webp.webp?fit=1200%2C773&ssl=1&resize=350%2C200 1x, https:\/\/i0.wp.com\/noticiasribeiraopreto.com.br\/wp-content\/uploads\/2025\/07\/ACIDENTE-2_2025-07-29_12-16-04.webp.webp?fit=1200%2C773&ssl=1&resize=525%2C300 1.5x, https:\/\/i0.wp.com\/noticiasribeiraopreto.com.br\/wp-content\/uploads\/2025\/07\/ACIDENTE-2_2025-07-29_12-16-04.webp.webp?fit=1200%2C773&ssl=1&resize=700%2C400 2x, https:\/\/i0.wp.com\/noticiasribeiraopreto.com.br\/wp-content\/uploads\/2025\/07\/ACIDENTE-2_2025-07-29_12-16-04.webp.webp?fit=1200%2C773&ssl=1&resize=1050%2C600 3x"},"classes":[]},{"id":70430,"url":"https:\/\/noticiasribeiraopreto.com.br\/index.php\/2025\/05\/26\/carro-capota-apos-batida-em-ribeirao-preto-video\/","url_meta":{"origin":70707,"position":1},"title":"Carro capota ap\u00f3s batida em Ribeir\u00e3o Preto; V\u00eddeo","author":"noticiasribeiraopreto.com.br","date":"26 de May de 2025","format":false,"excerpt":"Um carro capotou ap\u00f3s se envolver em uma batida com uma van na manh\u00e3 desta segunda-feira (26), no acesso da Via Francisco Maggioni \u00e0 rua Bar\u00e3o de Cotegipe, em Ribeir\u00e3o Preto. Assista ao v\u00eddeo abaixo. Segundo informa\u00e7\u00f5es do Corpo de Bombeiros, apenas o motorista estava no carro e n\u00e3o sofreu\u2026","rel":"","context":"In &quot;Not\u00edcias de Ribeir\u00e3o Preto-SP e Regi\u00e3o&quot;","block_context":{"text":"Not\u00edcias de Ribeir\u00e3o Preto-SP e Regi\u00e3o","link":"https:\/\/noticiasribeiraopreto.com.br\/index.php\/category\/noticias-de-ribeirao-preto-sp-e-regiao-ismael-colosi\/"},"img":{"alt_text":"","src":"https:\/\/i0.wp.com\/noticiasribeiraopreto.com.br\/wp-content\/uploads\/2025\/05\/CARRO_2025-05-26_10-50-35.webp.webp?fit=1200%2C884&ssl=1&resize=350%2C200","width":350,"height":200,"srcset":"https:\/\/i0.wp.com\/noticiasribeiraopreto.com.br\/wp-content\/uploads\/2025\/05\/CARRO_2025-05-26_10-50-35.webp.webp?fit=1200%2C884&ssl=1&resize=350%2C200 1x, https:\/\/i0.wp.com\/noticiasribeiraopreto.com.br\/wp-content\/uploads\/2025\/05\/CARRO_2025-05-26_10-50-35.webp.webp?fit=1200%2C884&ssl=1&resize=525%2C300 1.5x, https:\/\/i0.wp.com\/noticiasribeiraopreto.com.br\/wp-content\/uploads\/2025\/05\/CARRO_2025-05-26_10-50-35.webp.webp?fit=1200%2C884&ssl=1&resize=700%2C400 2x, https:\/\/i0.wp.com\/noticiasribeiraopreto.com.br\/wp-content\/uploads\/2025\/05\/CARRO_2025-05-26_10-50-35.webp.webp?fit=1200%2C884&ssl=1&resize=1050%2C600 3x"},"classes":[]},{"id":74518,"url":"https:\/\/noticiasribeiraopreto.com.br\/index.php\/2025\/07\/24\/carro-sobe-em-canteiro-de-avenida-apos-batida-em-ribeirao-preto-video\/","url_meta":{"origin":70707,"position":2},"title":"Carro sobe em canteiro de avenida ap\u00f3s batida em Ribeir\u00e3o Preto; V\u00eddeo","author":"noticiasribeiraopreto.com.br","date":"24 de July de 2025","format":false,"excerpt":"Um carro foi parar no canteiro da avenida Independ\u00eancia depois de uma batida com outro autom\u00f3vel na manh\u00e3 desta quinta-feira (24), em Ribeir\u00e3o Preto. Assista ao v\u00eddeo abaixo. Segundo as informa\u00e7\u00f5es, a colis\u00e3o ocorreu no cruzamento das avenidas Independ\u00eancia e Nove de Julho e, apesar dos estragos, n\u00e3o houve registro\u2026","rel":"","context":"In &quot;Not\u00edcias de Ribeir\u00e3o Preto-SP e Regi\u00e3o&quot;","block_context":{"text":"Not\u00edcias de Ribeir\u00e3o Preto-SP e Regi\u00e3o","link":"https:\/\/noticiasribeiraopreto.com.br\/index.php\/category\/noticias-de-ribeirao-preto-sp-e-regiao-ismael-colosi\/"},"img":{"alt_text":"","src":"https:\/\/i0.wp.com\/noticiasribeiraopreto.com.br\/wp-content\/uploads\/2025\/07\/WhatsApp-Image-2025-07-24-at-08.03.10_2025-07-24_11-04-22.webp.webp?fit=1200%2C835&ssl=1&resize=350%2C200","width":350,"height":200,"srcset":"https:\/\/i0.wp.com\/noticiasribeiraopreto.com.br\/wp-content\/uploads\/2025\/07\/WhatsApp-Image-2025-07-24-at-08.03.10_2025-07-24_11-04-22.webp.webp?fit=1200%2C835&ssl=1&resize=350%2C200 1x, https:\/\/i0.wp.com\/noticiasribeiraopreto.com.br\/wp-content\/uploads\/2025\/07\/WhatsApp-Image-2025-07-24-at-08.03.10_2025-07-24_11-04-22.webp.webp?fit=1200%2C835&ssl=1&resize=525%2C300 1.5x, https:\/\/i0.wp.com\/noticiasribeiraopreto.com.br\/wp-content\/uploads\/2025\/07\/WhatsApp-Image-2025-07-24-at-08.03.10_2025-07-24_11-04-22.webp.webp?fit=1200%2C835&ssl=1&resize=700%2C400 2x, https:\/\/i0.wp.com\/noticiasribeiraopreto.com.br\/wp-content\/uploads\/2025\/07\/WhatsApp-Image-2025-07-24-at-08.03.10_2025-07-24_11-04-22.webp.webp?fit=1200%2C835&ssl=1&resize=1050%2C600 3x"},"classes":[]},{"id":63850,"url":"https:\/\/noticiasribeiraopreto.com.br\/index.php\/2025\/02\/24\/motociclista-sofre-fratura-na-perna-apos-batida-com-carro-em-avenida-de-ribeirao-preto\/","url_meta":{"origin":70707,"position":3},"title":"Motociclista sofre fratura na perna ap\u00f3s batida com carro em avenida de Ribeir\u00e3o Preto","author":"noticiasribeiraopreto.com.br","date":"24 de February de 2025","format":false,"excerpt":"Uma motociclista ficou ferida na manh\u00e3 desta segunda-feira (24), ap\u00f3s uma batida de moto e carro, no cruzamento da avenida Marechal Costa e Silva com rua Coimbra, na zona Norte de Ribeir\u00e3o Preto, Segundo informa\u00e7\u00f5es da RP Mobi, a v\u00edtima sofreu fratura de f\u00eamur e foi socorrida. A faixa da\u2026","rel":"","context":"In &quot;Not\u00edcias de Ribeir\u00e3o Preto-SP e Regi\u00e3o&quot;","block_context":{"text":"Not\u00edcias de Ribeir\u00e3o Preto-SP e Regi\u00e3o","link":"https:\/\/noticiasribeiraopreto.com.br\/index.php\/category\/noticias-de-ribeirao-preto-sp-e-regiao-ismael-colosi\/"},"img":{"alt_text":"","src":"https:\/\/i0.wp.com\/noticiasribeiraopreto.com.br\/wp-content\/uploads\/2025\/02\/WhatsApp-Image-2025-02-24-at-08.33.09_2025-02-24_11-54-54_jpeg_2025-02-24_11-54-54.webp.webp?fit=1200%2C675&ssl=1&resize=350%2C200","width":350,"height":200,"srcset":"https:\/\/i0.wp.com\/noticiasribeiraopreto.com.br\/wp-content\/uploads\/2025\/02\/WhatsApp-Image-2025-02-24-at-08.33.09_2025-02-24_11-54-54_jpeg_2025-02-24_11-54-54.webp.webp?fit=1200%2C675&ssl=1&resize=350%2C200 1x, https:\/\/i0.wp.com\/noticiasribeiraopreto.com.br\/wp-content\/uploads\/2025\/02\/WhatsApp-Image-2025-02-24-at-08.33.09_2025-02-24_11-54-54_jpeg_2025-02-24_11-54-54.webp.webp?fit=1200%2C675&ssl=1&resize=525%2C300 1.5x, https:\/\/i0.wp.com\/noticiasribeiraopreto.com.br\/wp-content\/uploads\/2025\/02\/WhatsApp-Image-2025-02-24-at-08.33.09_2025-02-24_11-54-54_jpeg_2025-02-24_11-54-54.webp.webp?fit=1200%2C675&ssl=1&resize=700%2C400 2x, https:\/\/i0.wp.com\/noticiasribeiraopreto.com.br\/wp-content\/uploads\/2025\/02\/WhatsApp-Image-2025-02-24-at-08.33.09_2025-02-24_11-54-54_jpeg_2025-02-24_11-54-54.webp.webp?fit=1200%2C675&ssl=1&resize=1050%2C600 3x"},"classes":[]},{"id":69289,"url":"https:\/\/noticiasribeiraopreto.com.br\/index.php\/2025\/05\/04\/vitimas-que-morreram-apos-batida-entre-carro-e-moto-em-rodovia-sao-identificadas\/","url_meta":{"origin":70707,"position":4},"title":"V\u00edtimas que morreram ap\u00f3s batida entre carro e moto em rodovia s\u00e3o identificadas","author":"noticiasribeiraopreto.com.br","date":"4 de May de 2025","format":false,"excerpt":"As duas v\u00edtimas que morreram ap\u00f3s uma batida entre um carro e uma moto na madrugada deste domingo (4), no km 88 da rodovia Carlos Tonani (SP-333), em Sert\u00e3ozinho, na regi\u00e3o de Ribeir\u00e3o Preto, foram identificadas. Segundo informa\u00e7\u00f5es, S\u00e9rgio Murilo Correia de Oliveira J\u00fanior, de 33 anos, e Michel Aparecido\u2026","rel":"","context":"In &quot;Not\u00edcias de Ribeir\u00e3o Preto-SP e Regi\u00e3o&quot;","block_context":{"text":"Not\u00edcias de Ribeir\u00e3o Preto-SP e Regi\u00e3o","link":"https:\/\/noticiasribeiraopreto.com.br\/index.php\/category\/noticias-de-ribeirao-preto-sp-e-regiao-ismael-colosi\/"},"img":{"alt_text":"","src":"https:\/\/i0.wp.com\/noticiasribeiraopreto.com.br\/wp-content\/uploads\/2025\/05\/ACIDENTE_2025-05-04_15-59-52.webp.webp?fit=1200%2C652&ssl=1&resize=350%2C200","width":350,"height":200,"srcset":"https:\/\/i0.wp.com\/noticiasribeiraopreto.com.br\/wp-content\/uploads\/2025\/05\/ACIDENTE_2025-05-04_15-59-52.webp.webp?fit=1200%2C652&ssl=1&resize=350%2C200 1x, https:\/\/i0.wp.com\/noticiasribeiraopreto.com.br\/wp-content\/uploads\/2025\/05\/ACIDENTE_2025-05-04_15-59-52.webp.webp?fit=1200%2C652&ssl=1&resize=525%2C300 1.5x, https:\/\/i0.wp.com\/noticiasribeiraopreto.com.br\/wp-content\/uploads\/2025\/05\/ACIDENTE_2025-05-04_15-59-52.webp.webp?fit=1200%2C652&ssl=1&resize=700%2C400 2x, https:\/\/i0.wp.com\/noticiasribeiraopreto.com.br\/wp-content\/uploads\/2025\/05\/ACIDENTE_2025-05-04_15-59-52.webp.webp?fit=1200%2C652&ssl=1&resize=1050%2C600 3x"},"classes":[]},{"id":66895,"url":"https:\/\/noticiasribeiraopreto.com.br\/index.php\/2025\/04\/07\/semana-comeca-sem-semaforo-na-via-francisco-maggioni-em-ribeirao-preto\/","url_meta":{"origin":70707,"position":5},"title":"Semana come\u00e7a sem sem\u00e1foro na Via Francisco Maggioni em Ribeir\u00e3o Preto","author":"noticiasribeiraopreto.com.br","date":"7 de April de 2025","format":false,"excerpt":"Os sem\u00e1foros est\u00e3o desligados na manh\u00e3 desta segunda-feira (7), na Via Francisco Maggioni, zona Norte de Ribeir\u00e3o Preto. Assista ao v\u00eddeo abaixo. O\u00a0problema\u00a0afeta\u00a0motoristas\u00a0e\u00a0pedestres na liga\u00e7\u00e3o da via com as\u00a0ruas Bar\u00e3o de Cotegipe e Municipal. A RP Mobi informou que uma equipe foi direcionada ao local para implantar sinaliza\u00e7\u00f5es provis\u00f3rias e\u2026","rel":"","context":"In &quot;Not\u00edcias de Ribeir\u00e3o Preto-SP e Regi\u00e3o&quot;","block_context":{"text":"Not\u00edcias de Ribeir\u00e3o Preto-SP e Regi\u00e3o","link":"https:\/\/noticiasribeiraopreto.com.br\/index.php\/category\/noticias-de-ribeirao-preto-sp-e-regiao-ismael-colosi\/"},"img":{"alt_text":"","src":"https:\/\/i0.wp.com\/noticiasribeiraopreto.com.br\/wp-content\/uploads\/2025\/04\/WhatsApp-Image-2025-04-07-at-08.05.41_2025-04-07_11-05-59_jpeg_2025-04-07_11-06-00.webp.webp?fit=1200%2C758&ssl=1&resize=350%2C200","width":350,"height":200,"srcset":"https:\/\/i0.wp.com\/noticiasribeiraopreto.com.br\/wp-content\/uploads\/2025\/04\/WhatsApp-Image-2025-04-07-at-08.05.41_2025-04-07_11-05-59_jpeg_2025-04-07_11-06-00.webp.webp?fit=1200%2C758&ssl=1&resize=350%2C200 1x, https:\/\/i0.wp.com\/noticiasribeiraopreto.com.br\/wp-content\/uploads\/2025\/04\/WhatsApp-Image-2025-04-07-at-08.05.41_2025-04-07_11-05-59_jpeg_2025-04-07_11-06-00.webp.webp?fit=1200%2C758&ssl=1&resize=525%2C300 1.5x, https:\/\/i0.wp.com\/noticiasribeiraopreto.com.br\/wp-content\/uploads\/2025\/04\/WhatsApp-Image-2025-04-07-at-08.05.41_2025-04-07_11-05-59_jpeg_2025-04-07_11-06-00.webp.webp?fit=1200%2C758&ssl=1&resize=700%2C400 2x, https:\/\/i0.wp.com\/noticiasribeiraopreto.com.br\/wp-content\/uploads\/2025\/04\/WhatsApp-Image-2025-04-07-at-08.05.41_2025-04-07_11-05-59_jpeg_2025-04-07_11-06-00.webp.webp?fit=1200%2C758&ssl=1&resize=1050%2C600 3x"},"classes":[]}],"jetpack_sharing_enabled":true,"jetpack_shortlink":"https:\/\/wp.me\/peQAOb-ior","_links":{"self":[{"href":"https:\/\/noticiasribeiraopreto.com.br\/index.php\/wp-json\/wp\/v2\/posts\/70707","targetHints":{"allow":["GET"]}}],"collection":[{"href":"https:\/\/noticiasribeiraopreto.com.br\/index.php\/wp-json\/wp\/v2\/posts"}],"about":[{"href":"https:\/\/noticiasribeiraopreto.com.br\/index.php\/wp-json\/wp\/v2\/types\/post"}],"author":[{"embeddable":true,"href":"https:\/\/noticiasribeiraopreto.com.br\/index.php\/wp-json\/wp\/v2\/users\/1"}],"replies":[{"embeddable":true,"href":"https:\/\/noticiasribeiraopreto.com.br\/index.php\/wp-json\/wp\/v2\/comments?post=70707"}],"version-history":[{"count":0,"href":"https:\/\/noticiasribeiraopreto.com.br\/index.php\/wp-json\/wp\/v2\/posts\/70707\/revisions"}],"wp:featuredmedia":[{"embeddable":true,"href":"https:\/\/noticiasribeiraopreto.com.br\/index.php\/wp-json\/wp\/v2\/media\/70708"}],"wp:attachment":[{"href":"https:\/\/noticiasribeiraopreto.com.br\/index.php\/wp-json\/wp\/v2\/media?parent=70707"}],"wp:term":[{"taxonomy":"category","embeddable":true,"href":"https:\/\/noticiasribeiraopreto.com.br\/index.php\/wp-json\/wp\/v2\/categories?post=70707"},{"taxonomy":"post_tag","embeddable":true,"href":"https:\/\/noticiasribeiraopreto.com.br\/index.php\/wp-json\/wp\/v2\/tags?post=70707"}],"curies":[{"name":"wp","href":"https:\/\/api.w.org\/{rel}","templated":true}]}}