{"id":7114,"date":"2023-11-27T15:00:16","date_gmt":"2023-11-27T18:00:16","guid":{"rendered":"https:\/\/noticiasribeiraopreto.com.br\/index.php\/2023\/11\/27\/mercado-imobiliario-tem-baixa-nos-lancamentos-e-alta-nas-vendas-no-3o-trimestre\/"},"modified":"2023-11-27T15:00:16","modified_gmt":"2023-11-27T18:00:16","slug":"mercado-imobiliario-tem-baixa-nos-lancamentos-e-alta-nas-vendas-no-3o-trimestre","status":"publish","type":"post","link":"https:\/\/noticiasribeiraopreto.com.br\/index.php\/2023\/11\/27\/mercado-imobiliario-tem-baixa-nos-lancamentos-e-alta-nas-vendas-no-3o-trimestre\/","title":{"rendered":"Mercado imobili\u00e1rio tem baixa nos lan\u00e7amentos e alta nas vendas no 3\u00ba trimestre"},"content":{"rendered":"<div class='code-block code-block-1' style='margin: 8px 0 8px auto; text-align: right; display: block; clear: both;'>\n<p><a href=\"https:\/\/wa.link\/vpicfd\"><img data-recalc-dims=\"1\" class=\"wp-image-4922\" style=\"aspect-ratio: 2.0253164556962027; width: 561px; height: auto;\" src=\"https:\/\/i0.wp.com\/ismaelcolosi.com.br\/wp-content\/uploads\/2023\/11\/grupo-de-empregos-whatsapp-e-facebook-ismael-colosi-vagas.jpg?ssl=1\" alt=\"\" \/><\/a><\/p>\n<!-- \/wp:image -->\n<\/div>\n<p> <br \/>\n<\/p>\n<div id=\"\">\n<p> <span class=\"entry-meta-item penci-posted-on\"><i class=\"fa fa-clock-o\"\/><time class=\"entry-date published\" datetime=\"2023-11-27T15:00:16-03:00\">27 de novembro de 2023 | 15:00<\/time><time class=\"updated\" datetime=\"2023-11-27T12:28:09-03:00\">27 de novembro de 2023 | 12:28<\/time><\/span><\/p>\n<p> <span class=\"penci-social-buttons penci-social-share-footer\"><a href=\"#\" class=\"penci-post-like penci_post-meta_item  single-like-button penci-social-item like\" data-post_id=\"365396\" title=\"Like\" data-like=\"Like\" data-unlike=\"Unlike\"><i class=\"fa fa-thumbs-o-up\"\/><span class=\"penci-share-number\">0<\/span><\/a><i class=\"fa fa-facebook\"\/><a class=\"penci-social-item twitter\" target=\"_blank\" rel=\"noopener\" title=\"\" href=\"https:\/\/twitter.com\/intent\/tweet?text=Mercado%20imobili\u00e1rio%20tem%20baixa%20nos%20lan\u00e7amentos%20e%20alta%20nas%20vendas%20no%203\u00ba%20trimestre%20-%20https:\/\/www.tribunaribeirao.com.br\/site\/mercado-imobiliario-tem-baixa-nos-lancamentos-e-alta-nas-vendas-no-3o-trimestre\/\"><i class=\"fa fa-twitter\"\/><\/a><i class=\"fa fa-whatsapp\"\/><\/span><\/div>\n<div>\n<div id=\"Corpo\">\n<p>O mercado imobili\u00e1rio nacional teve queda nos lan\u00e7amentos e alta nas vendas na compara\u00e7\u00e3o entre o terceiro trimestre de 2023 e o mesmo intervalo de 2022, de acordo com levantamento divulgado nesta segunda-feira, 27, pela C\u00e2mara Brasileira da Ind\u00fastria da Constru\u00e7\u00e3o (CBIC). A pesquisa considera apenas im\u00f3veis residenciais novos e abrange 219 cidades.<\/p>\n<p>O lan\u00e7amentos recuaram 20,3%, totalizando 64,5 mil unidades, enquanto as vendas subiram 4,6%, para 82,3 mil.<\/p>\n<p>Com isso, o estoque de im\u00f3veis (unidades na planta, em obras e rec\u00e9m-constru\u00eddas) encolheu 10,5%, ficando em 272,1 mil. No ritmo atual de vendas, esse estoque seria consumido em 10,4 meses.<\/p>\n<p>Em termos financeiros, os im\u00f3veis lan\u00e7ados no trimestre totalizaram R$ 36 bilh\u00f5es, o que representa queda de 18,6% na mesma base de compara\u00e7\u00e3o anual. E as vendas atingiram R$ 46 bilh\u00f5es, aumento de 11,9%.<\/p>\n<p><b>Acumulado<\/b><\/p>\n<p>No acumulado dos nove primeiros meses de 2023 em compara\u00e7\u00e3o com o mesmo intervalo de 2022, o cen\u00e1rio, os lan\u00e7amentos diminu\u00edram 16%, para 193,9 mil unidades, enquanto as vendas tiveram baixa de 3%, para 234,9 mil unidades.<\/p>\n<\/div>\n<\/div>\n<p><script async src=\"\/\/platform.twitter.com\/widgets.js\" charset=\"utf-8\"><\/script><br \/>\n<br \/><br \/>\n<br \/><a href=\"https:\/\/www.tribunaribeirao.com.br\/site\/mercado-imobiliario-tem-baixa-nos-lancamentos-e-alta-nas-vendas-no-3o-trimestre\/\">Source link <\/a><\/p>\n<!-- CONTENT END 1 -->\n","protected":false},"excerpt":{"rendered":"<p>27 de novembro de 2023 | 15:0027 de novembro de 2023 | 12:28 0 O mercado imobili\u00e1rio nacional teve queda nos lan\u00e7amentos e alta nas&#8230;<\/p>\n","protected":false},"author":1,"featured_media":7115,"comment_status":"open","ping_status":"open","sticky":false,"template":"","format":"standard","meta":{"advanced_seo_description":"","jetpack_seo_html_title":"","jetpack_seo_noindex":false,"jetpack_post_was_ever_published":false,"_jetpack_newsletter_access":"","_jetpack_dont_email_post_to_subs":false,"_jetpack_newsletter_tier_id":0,"_jetpack_memberships_contains_paywalled_content":false,"_jetpack_memberships_contains_paid_content":false,"footnotes":"","jetpack_publicize_message":"","jetpack_publicize_feature_enabled":true,"jetpack_social_post_already_shared":true,"jetpack_social_options":{"image_generator_settings":{"template":"highway","default_image_id":0,"font":"","enabled":false},"version":2}},"categories":[11],"tags":[899,898,511,895,897,879,104,896,162,900,105],"class_list":["post-7114","post","type-post","status-publish","format-standard","has-post-thumbnail","hentry","category-noticias-de-ribeirao-preto-sp-e-regiao-ismael-colosi","tag-3o","tag-alta","tag-baixa","tag-imobiliario","tag-lancamentos","tag-mercado","tag-nas","tag-nos","tag-tem","tag-trimestre","tag-vendas"],"jetpack_publicize_connections":[],"jetpack_featured_media_url":"https:\/\/i0.wp.com\/noticiasribeiraopreto.com.br\/wp-content\/uploads\/2023\/11\/mercado-imobiliario.jpg?fit=1280%2C720&ssl=1","jetpack-related-posts":[{"id":83655,"url":"https:\/\/noticiasribeiraopreto.com.br\/index.php\/2026\/03\/23\/ribeirao-preto-lidera-lancamentos-imobiliarios-em-2025-diz-pesquisa\/","url_meta":{"origin":7114,"position":0},"title":"Ribeir\u00e3o Preto lidera lan\u00e7amentos imobili\u00e1rios em 2025, diz pesquisa","author":"noticiasribeiraopreto.com.br","date":"23 de March de 2026","format":false,"excerpt":"Ribeir\u00e3o Preto liderou o volume de lan\u00e7amentos imobili\u00e1rios em 2025 entre os 41 munic\u00edpios analisados pela Pesquisa do Mercado Imobili\u00e1rio (PMI), realizada pela Brain Intelig\u00eancia Estrat\u00e9gica em parceria com o Secovi-SP. A cidade registrou 12.170 unidades lan\u00e7adas e concentrou 19,7% do total. Campinas aparece na segunda posi\u00e7\u00e3o, com 11.509 unidades\u2026","rel":"","context":"In &quot;Not\u00edcias de Ribeir\u00e3o Preto-SP e Regi\u00e3o&quot;","block_context":{"text":"Not\u00edcias de Ribeir\u00e3o Preto-SP e Regi\u00e3o","link":"https:\/\/noticiasribeiraopreto.com.br\/index.php\/category\/noticias-de-ribeirao-preto-sp-e-regiao-ismael-colosi\/"},"img":{"alt_text":"","src":"https:\/\/i0.wp.com\/noticiasribeiraopreto.com.br\/wp-content\/uploads\/2026\/03\/centro-ribeirao-preto_2026-01-19_14-14-42.webp.webp?fit=1000%2C666&ssl=1&resize=350%2C200","width":350,"height":200,"srcset":"https:\/\/i0.wp.com\/noticiasribeiraopreto.com.br\/wp-content\/uploads\/2026\/03\/centro-ribeirao-preto_2026-01-19_14-14-42.webp.webp?fit=1000%2C666&ssl=1&resize=350%2C200 1x, https:\/\/i0.wp.com\/noticiasribeiraopreto.com.br\/wp-content\/uploads\/2026\/03\/centro-ribeirao-preto_2026-01-19_14-14-42.webp.webp?fit=1000%2C666&ssl=1&resize=525%2C300 1.5x, https:\/\/i0.wp.com\/noticiasribeiraopreto.com.br\/wp-content\/uploads\/2026\/03\/centro-ribeirao-preto_2026-01-19_14-14-42.webp.webp?fit=1000%2C666&ssl=1&resize=700%2C400 2x"},"classes":[]},{"id":31418,"url":"https:\/\/noticiasribeiraopreto.com.br\/index.php\/2024\/01\/22\/e-hora-de-investir-em-direcional-dirr3-entenda-por-que-a-companhia-e-uma-top-pick-no-setor-imobiliario-segundo-empiricus\/","url_meta":{"origin":7114,"position":1},"title":"\u00c9 hora de investir em Direcional (DIRR3)? Entenda por que a companhia \u00e9 uma \u2018top pick\u2019 no setor imobili\u00e1rio, segundo Empiricus","author":"noticiasribeiraopreto.com.br","date":"22 de January de 2024","format":false,"excerpt":"Nesta \u00faltima semana, a Direcional Engenharia (DIRR3) chamou aten\u00e7\u00e3o do mercado ap\u00f3s suas vendas l\u00edquidas dispararem 76% no quarto trimestre de 2023 ante o mesmo per\u00edodo do ano passado, atingindo a casa de R$ 1,2 bilh\u00e3o. Segundo a empresa, esse n\u00famero representa um novo recorde, uma vez que em 2023\u2026","rel":"","context":"In &quot;Dinheiro e Investimento&quot;","block_context":{"text":"Dinheiro e Investimento","link":"https:\/\/noticiasribeiraopreto.com.br\/index.php\/category\/dinheiro-e-investimento-como-fazer-como-ganhar\/"},"img":{"alt_text":"","src":"https:\/\/i0.wp.com\/noticiasribeiraopreto.com.br\/wp-content\/uploads\/2024\/01\/Minha-Casa-Minha-Vida-SD-715x402.jpg?fit=715%2C402&ssl=1&resize=350%2C200","width":350,"height":200,"srcset":"https:\/\/i0.wp.com\/noticiasribeiraopreto.com.br\/wp-content\/uploads\/2024\/01\/Minha-Casa-Minha-Vida-SD-715x402.jpg?fit=715%2C402&ssl=1&resize=350%2C200 1x, https:\/\/i0.wp.com\/noticiasribeiraopreto.com.br\/wp-content\/uploads\/2024\/01\/Minha-Casa-Minha-Vida-SD-715x402.jpg?fit=715%2C402&ssl=1&resize=525%2C300 1.5x, https:\/\/i0.wp.com\/noticiasribeiraopreto.com.br\/wp-content\/uploads\/2024\/01\/Minha-Casa-Minha-Vida-SD-715x402.jpg?fit=715%2C402&ssl=1&resize=700%2C400 2x"},"classes":[]},{"id":28696,"url":"https:\/\/noticiasribeiraopreto.com.br\/index.php\/2024\/01\/16\/minha-casa-minha-vida-puxa-lancamentos-da-tenda-tend3-e-direcional-dirr3-mas-so-uma-delas-e-destaque-de-alta-hoje-na-b3\/","url_meta":{"origin":7114,"position":2},"title":"Minha Casa Minha Vida puxa lan\u00e7amentos da Tenda (TEND3) e Direcional (DIRR3), mas s\u00f3 uma delas \u00e9 destaque de alta hoje na B3","author":"noticiasribeiraopreto.com.br","date":"16 de January de 2024","format":false,"excerpt":"Com o Minha Casa Minha Vida turbinado e de volta ao foco do governo, os investidores est\u00e3o atentos ao desempenho das construtoras que atuam no segmento de baixa renda. Duas delas, Direcional (DIRR3) e Tenda (TEND3), apresentaram os n\u00fameros operacionais na noite de ontem. E as pr\u00e9vias do quarto trimestre\u2026","rel":"","context":"In &quot;Dinheiro e Investimento&quot;","block_context":{"text":"Dinheiro e Investimento","link":"https:\/\/noticiasribeiraopreto.com.br\/index.php\/category\/dinheiro-e-investimento-como-fazer-como-ganhar\/"},"img":{"alt_text":"","src":"https:\/\/i0.wp.com\/noticiasribeiraopreto.com.br\/wp-content\/uploads\/2024\/01\/construction-workers-at-sunset-628x353.jpg?fit=628%2C353&ssl=1&resize=350%2C200","width":350,"height":200,"srcset":"https:\/\/i0.wp.com\/noticiasribeiraopreto.com.br\/wp-content\/uploads\/2024\/01\/construction-workers-at-sunset-628x353.jpg?fit=628%2C353&ssl=1&resize=350%2C200 1x, https:\/\/i0.wp.com\/noticiasribeiraopreto.com.br\/wp-content\/uploads\/2024\/01\/construction-workers-at-sunset-628x353.jpg?fit=628%2C353&ssl=1&resize=525%2C300 1.5x"},"classes":[]},{"id":65107,"url":"https:\/\/noticiasribeiraopreto.com.br\/index.php\/2025\/03\/15\/jornal-da-franca-qual-e-a-melhor-epoca-para-comprar-alugar-ou-anunciar-um-imovel-descubra-agora\/","url_meta":{"origin":7114,"position":3},"title":"Jornal da Franca &#8211; Qual \u00e9 a melhor \u00e9poca para comprar, alugar ou anunciar um im\u00f3vel? Descubra agora!","author":"noticiasribeiraopreto.com.br","date":"15 de March de 2025","format":false,"excerpt":"compartilhar no whatsapp compartilhar no telegram compartilhar no facebook compartilhar no linkedin Tomar a decis\u00e3o de comprar, vender ou alugar um im\u00f3vel \u00e9 um passo importante e envolve m\u00faltiplas vari\u00e1veis Alugar, comprar ou vender um im\u00f3vel \u00e9 uma decis\u00e3o de depende de v\u00e1rios fatores \u2013 foto Arquivo \u00a0 Tomar a\u2026","rel":"","context":"In &quot;Not\u00edcias de Franca-SP&quot;","block_context":{"text":"Not\u00edcias de Franca-SP","link":"https:\/\/noticiasribeiraopreto.com.br\/index.php\/category\/noticias-de-ribeirao-preto-sp-e-regiao-ismael-colosi\/noticias-franca-sp\/"},"img":{"alt_text":"","src":"https:\/\/i0.wp.com\/noticiasribeiraopreto.com.br\/wp-content\/uploads\/2025\/03\/imovel-a-venda-scaled.jpg?fit=1200%2C800&ssl=1&resize=350%2C200","width":350,"height":200,"srcset":"https:\/\/i0.wp.com\/noticiasribeiraopreto.com.br\/wp-content\/uploads\/2025\/03\/imovel-a-venda-scaled.jpg?fit=1200%2C800&ssl=1&resize=350%2C200 1x, https:\/\/i0.wp.com\/noticiasribeiraopreto.com.br\/wp-content\/uploads\/2025\/03\/imovel-a-venda-scaled.jpg?fit=1200%2C800&ssl=1&resize=525%2C300 1.5x, https:\/\/i0.wp.com\/noticiasribeiraopreto.com.br\/wp-content\/uploads\/2025\/03\/imovel-a-venda-scaled.jpg?fit=1200%2C800&ssl=1&resize=700%2C400 2x, https:\/\/i0.wp.com\/noticiasribeiraopreto.com.br\/wp-content\/uploads\/2025\/03\/imovel-a-venda-scaled.jpg?fit=1200%2C800&ssl=1&resize=1050%2C600 3x"},"classes":[]},{"id":61434,"url":"https:\/\/noticiasribeiraopreto.com.br\/index.php\/2024\/12\/12\/vendas-de-imoveis-crescem-197-no-brasil-de-janeiro-a-setembro-impulsionadas-por-juros-menores\/","url_meta":{"origin":7114,"position":4},"title":"Vendas de Im\u00f3veis Crescem 19,7% no Brasil de Janeiro a Setembro, Impulsionadas por Juros Menores","author":"noticiasribeiraopreto.com.br","date":"12 de December de 2024","format":false,"excerpt":"As vendas de im\u00f3veis no Brasil cresceram 19,7% de janeiro a setembro de 2024 em compara\u00e7\u00e3o com o mesmo per\u00edodo de 2023, segundo dados divulgados pela Associa\u00e7\u00e3o Brasileira de Incorporadoras Imobili\u00e1rias (Abrainc). O setor vem colhendo os frutos da retomada econ\u00f4mica e de ajustes no cen\u00e1rio de cr\u00e9dito, que tornaram\u2026","rel":"","context":"In &quot;Not\u00edcias de Ribeir\u00e3o Preto-SP e Regi\u00e3o&quot;","block_context":{"text":"Not\u00edcias de Ribeir\u00e3o Preto-SP e Regi\u00e3o","link":"https:\/\/noticiasribeiraopreto.com.br\/index.php\/category\/noticias-de-ribeirao-preto-sp-e-regiao-ismael-colosi\/"},"img":{"alt_text":"","src":"https:\/\/i0.wp.com\/noticiasribeiraopreto.com.br\/wp-content\/uploads\/2024\/12\/obras_construcao_noreste_mcajr_abr2807221060.webp.webp?fit=1170%2C700&ssl=1&resize=350%2C200","width":350,"height":200,"srcset":"https:\/\/i0.wp.com\/noticiasribeiraopreto.com.br\/wp-content\/uploads\/2024\/12\/obras_construcao_noreste_mcajr_abr2807221060.webp.webp?fit=1170%2C700&ssl=1&resize=350%2C200 1x, https:\/\/i0.wp.com\/noticiasribeiraopreto.com.br\/wp-content\/uploads\/2024\/12\/obras_construcao_noreste_mcajr_abr2807221060.webp.webp?fit=1170%2C700&ssl=1&resize=525%2C300 1.5x, https:\/\/i0.wp.com\/noticiasribeiraopreto.com.br\/wp-content\/uploads\/2024\/12\/obras_construcao_noreste_mcajr_abr2807221060.webp.webp?fit=1170%2C700&ssl=1&resize=700%2C400 2x, https:\/\/i0.wp.com\/noticiasribeiraopreto.com.br\/wp-content\/uploads\/2024\/12\/obras_construcao_noreste_mcajr_abr2807221060.webp.webp?fit=1170%2C700&ssl=1&resize=1050%2C600 3x"},"classes":[]},{"id":28431,"url":"https:\/\/noticiasribeiraopreto.com.br\/index.php\/2024\/01\/15\/o-melhor-ano-da-historia-da-direcional-dirr3-construtora-vende-r-4-bilhoes-e-tem-alta-nos-lancamentos\/","url_meta":{"origin":7114,"position":5},"title":"O melhor ano da hist\u00f3ria da Direcional (DIRR3): construtora vende R$ 4 bilh\u00f5es e tem alta nos lan\u00e7amentos","author":"noticiasribeiraopreto.com.br","date":"15 de January de 2024","format":false,"excerpt":"2023 foi o melhor ano do grupo Direcional (DIRR3) \u2014 que j\u00e1 tem mais de 40 anos de hist\u00f3ria \u2014 at\u00e9 hoje. E quem afirma isso \u00e9 a pr\u00f3pria construtora na pr\u00e9via operacional divulgada na noite desta segunda-feira (15). Segundo o documento, a companhia registrou R$ 4 bilh\u00f5es em vendas\u2026","rel":"","context":"In &quot;Dinheiro e Investimento&quot;","block_context":{"text":"Dinheiro e Investimento","link":"https:\/\/noticiasribeiraopreto.com.br\/index.php\/category\/dinheiro-e-investimento-como-fazer-como-ganhar\/"},"img":{"alt_text":"","src":"https:\/\/i0.wp.com\/noticiasribeiraopreto.com.br\/wp-content\/uploads\/2024\/01\/direcional-divulgacao-1-628x353.jpg?fit=628%2C353&ssl=1&resize=350%2C200","width":350,"height":200,"srcset":"https:\/\/i0.wp.com\/noticiasribeiraopreto.com.br\/wp-content\/uploads\/2024\/01\/direcional-divulgacao-1-628x353.jpg?fit=628%2C353&ssl=1&resize=350%2C200 1x, https:\/\/i0.wp.com\/noticiasribeiraopreto.com.br\/wp-content\/uploads\/2024\/01\/direcional-divulgacao-1-628x353.jpg?fit=628%2C353&ssl=1&resize=525%2C300 1.5x"},"classes":[]}],"jetpack_sharing_enabled":true,"jetpack_shortlink":"https:\/\/wp.me\/peQAOb-1QK","_links":{"self":[{"href":"https:\/\/noticiasribeiraopreto.com.br\/index.php\/wp-json\/wp\/v2\/posts\/7114","targetHints":{"allow":["GET"]}}],"collection":[{"href":"https:\/\/noticiasribeiraopreto.com.br\/index.php\/wp-json\/wp\/v2\/posts"}],"about":[{"href":"https:\/\/noticiasribeiraopreto.com.br\/index.php\/wp-json\/wp\/v2\/types\/post"}],"author":[{"embeddable":true,"href":"https:\/\/noticiasribeiraopreto.com.br\/index.php\/wp-json\/wp\/v2\/users\/1"}],"replies":[{"embeddable":true,"href":"https:\/\/noticiasribeiraopreto.com.br\/index.php\/wp-json\/wp\/v2\/comments?post=7114"}],"version-history":[{"count":0,"href":"https:\/\/noticiasribeiraopreto.com.br\/index.php\/wp-json\/wp\/v2\/posts\/7114\/revisions"}],"wp:featuredmedia":[{"embeddable":true,"href":"https:\/\/noticiasribeiraopreto.com.br\/index.php\/wp-json\/wp\/v2\/media\/7115"}],"wp:attachment":[{"href":"https:\/\/noticiasribeiraopreto.com.br\/index.php\/wp-json\/wp\/v2\/media?parent=7114"}],"wp:term":[{"taxonomy":"category","embeddable":true,"href":"https:\/\/noticiasribeiraopreto.com.br\/index.php\/wp-json\/wp\/v2\/categories?post=7114"},{"taxonomy":"post_tag","embeddable":true,"href":"https:\/\/noticiasribeiraopreto.com.br\/index.php\/wp-json\/wp\/v2\/tags?post=7114"}],"curies":[{"name":"wp","href":"https:\/\/api.w.org\/{rel}","templated":true}]}}