{"id":71531,"date":"2025-06-07T01:00:42","date_gmt":"2025-06-07T04:00:42","guid":{"rendered":"https:\/\/noticiasribeiraopreto.com.br\/index.php\/2025\/06\/07\/pedagio-de-lixo-eletronico-vai-acontecer-neste-dia-7-7-no-bairro-cidade-nova\/"},"modified":"2025-06-07T01:00:42","modified_gmt":"2025-06-07T04:00:42","slug":"pedagio-de-lixo-eletronico-vai-acontecer-neste-dia-7-7-no-bairro-cidade-nova","status":"publish","type":"post","link":"https:\/\/noticiasribeiraopreto.com.br\/index.php\/2025\/06\/07\/pedagio-de-lixo-eletronico-vai-acontecer-neste-dia-7-7-no-bairro-cidade-nova\/","title":{"rendered":"Ped\u00e1gio de lixo eletr\u00f4nico vai acontecer neste dia 7\/7, no bairro Cidade Nova"},"content":{"rendered":"<div class='code-block code-block-1' style='margin: 8px 0 8px auto; text-align: right; display: block; clear: both;'>\n<p><a href=\"https:\/\/wa.link\/vpicfd\"><img data-recalc-dims=\"1\" class=\"wp-image-4922\" style=\"aspect-ratio: 2.0253164556962027; width: 561px; height: auto;\" src=\"https:\/\/i0.wp.com\/ismaelcolosi.com.br\/wp-content\/uploads\/2023\/11\/grupo-de-empregos-whatsapp-e-facebook-ismael-colosi-vagas.jpg?ssl=1\" alt=\"\" \/><\/a><\/p>\n<!-- \/wp:image -->\n<\/div>\n<p> <br \/>\n<\/p>\n<div>\n<p>Neste s\u00e1bado, dia 7 de junho, a Funda\u00e7\u00e3o Allan Kardec, atrav\u00e9s das Oficinas Inspira\u00e7\u00e3o, promove o 6\u00ba Ped\u00e1gio de Lixo Eletr\u00f4nico, das 9h ao meio-dia, em frente \u00e0 recep\u00e7\u00e3o do hospital, em Franca. A a\u00e7\u00e3o convida a popula\u00e7\u00e3o a descartar corretamente seus aparelhos eletr\u00f4nicos antigos e sem uso, em sistema drive-thru, com toda a praticidade. N\u00e3o \u00e9 necess\u00e1rio sair do carro, pois a equipe da Funda\u00e7\u00e3o estar\u00e1 pronta para receber os equipamentos diretamente dos ve\u00edculos.<\/p>\n<p>Podem ser descartados todos os aparelhos que funcionam com tomada ou pilha, como televisores, celulares, computadores, impressoras, ventiladores, sanduicheiras, liquidificadores, micro-ondas, barbeadores, entre outros.<\/p>\n<p>A iniciativa tem dois objetivos fundamentais. O primeiro \u00e9 evitar o descarte incorreto de res\u00edduos eletr\u00f4nicos, que podem causar s\u00e9rios danos ao meio ambiente. E o segundo \u00e9 gerar trabalho e renda para pessoas em tratamento na \u00e1rea de sa\u00fade mental, por meio da Oficina de Reciclagem de Eletr\u00f4nicos, uma das a\u00e7\u00f5es das Oficinas Inspira\u00e7\u00e3o.<\/p>\n<p>De acordo com a coordenadora do projeto, Renata Vieitez, os aparelhos recebidos s\u00e3o desmontados na oficina, onde s\u00e3o separados componentes e pe\u00e7as que ainda podem ser reutilizados ou reciclados. \u201cFazemos aqui o processo de remanufatura reversa, que d\u00e1 nova vida a componentes antes descartados. Essa atividade \u00e9 realizada por pessoas que est\u00e3o em tratamento de sa\u00fade mental e encontram, nessa fun\u00e7\u00e3o, uma oportunidade de aprendizado, autonomia e gera\u00e7\u00e3o de renda\u201d, explica.<\/p>\n<p>As Oficinas Inspira\u00e7\u00e3o, mantidas pela Funda\u00e7\u00e3o Allan Kardec, s\u00e3o um projeto terap\u00eautico e ocupacional voltado para a inclus\u00e3o social de pessoas com sofrimento ps\u00edquico. Entre as atividades oferecidas est\u00e3o tamb\u00e9m oficinas de costura em couro e agr\u00edcola \u2013 todas pensadas para fortalecer v\u00ednculos, desenvolver habilidades e incentivar a autonomia dos participantes, gerando emprego e renda.<\/p>\n<p>Quem n\u00e3o puder participar do ped\u00e1gio no s\u00e1bado, pode entregar os equipamentos eletr\u00f4nicos posteriormente na recep\u00e7\u00e3o da Funda\u00e7\u00e3o, em hor\u00e1rio comercial.<\/p>\n<p>O ped\u00e1gio acontece na rua Jos\u00e9 Marques Garcia, 675, bairro Cidade Nova, em Franca.<\/p>\n<\/p><\/div>\n<p><br \/>\n<br \/><a href=\"https:\/\/www.f3noticias.com.br\/pedagio-de-lixo-eletronico-vai-acontecer-neste-dia-7-7-no-bairro-cidade-nova\/\">Source link <\/a><\/p>\n<!-- CONTENT END 1 -->\n","protected":false},"excerpt":{"rendered":"<p>Neste s\u00e1bado, dia 7 de junho, a Funda\u00e7\u00e3o Allan Kardec, atrav\u00e9s das Oficinas Inspira\u00e7\u00e3o, promove o 6\u00ba Ped\u00e1gio de Lixo Eletr\u00f4nico, das 9h ao meio-dia,&#8230;<\/p>\n","protected":false},"author":1,"featured_media":71532,"comment_status":"open","ping_status":"open","sticky":false,"template":"","format":"standard","meta":{"advanced_seo_description":"","jetpack_seo_html_title":"","jetpack_seo_noindex":false,"jetpack_post_was_ever_published":false,"_jetpack_newsletter_access":"","_jetpack_dont_email_post_to_subs":false,"_jetpack_newsletter_tier_id":0,"_jetpack_memberships_contains_paywalled_content":false,"_jetpack_memberships_contains_paid_content":false,"footnotes":"","jetpack_publicize_message":"","jetpack_publicize_feature_enabled":true,"jetpack_social_post_already_shared":true,"jetpack_social_options":{"image_generator_settings":{"template":"highway","default_image_id":0,"font":"","enabled":false},"version":2}},"categories":[3597],"tags":[],"class_list":["post-71531","post","type-post","status-publish","format-standard","has-post-thumbnail","hentry","category-noticias-franca-sp"],"jetpack_publicize_connections":[],"jetpack_featured_media_url":"https:\/\/i0.wp.com\/noticiasribeiraopreto.com.br\/wp-content\/uploads\/2025\/06\/lixo-eletronico-allan-kardec.jpeg?fit=1280%2C960&ssl=1","jetpack-related-posts":[{"id":71549,"url":"https:\/\/noticiasribeiraopreto.com.br\/index.php\/2025\/06\/07\/jornal-da-franca-fundacao-allan-kardec-faz-pedagio-de-lixo-eletronico-neste-sabado-7-em-franca\/","url_meta":{"origin":71531,"position":0},"title":"Jornal da Franca &#8211; Funda\u00e7\u00e3o Allan Kardec faz ped\u00e1gio de lixo eletr\u00f4nico neste s\u00e1bado (7), em Franca","author":"noticiasribeiraopreto.com.br","date":"7 de June de 2025","format":false,"excerpt":"compartilhar no whatsapp compartilhar no telegram compartilhar no facebook compartilhar no linkedin A\u00e7\u00e3o sustent\u00e1vel acontece neste s\u00e1bado em sistema drive-thru e une cuidado com o meio ambiente e apoio \u00e0 sa\u00fade mental Neste s\u00e1bado, dia 7 de junho, a Funda\u00e7\u00e3o Allan Kardec, atrav\u00e9s das Oficinas Inspira\u00e7\u00e3o, promove o 6\u00ba Ped\u00e1gio\u2026","rel":"","context":"In &quot;Not\u00edcias de Franca-SP&quot;","block_context":{"text":"Not\u00edcias de Franca-SP","link":"https:\/\/noticiasribeiraopreto.com.br\/index.php\/category\/noticias-de-ribeirao-preto-sp-e-regiao-ismael-colosi\/noticias-franca-sp\/"},"img":{"alt_text":"","src":"https:\/\/i0.wp.com\/noticiasribeiraopreto.com.br\/wp-content\/uploads\/2025\/06\/ad2be41e-10d6-4ff6-8fb2-651f10ad62e8.jpg?fit=1200%2C900&ssl=1&resize=350%2C200","width":350,"height":200,"srcset":"https:\/\/i0.wp.com\/noticiasribeiraopreto.com.br\/wp-content\/uploads\/2025\/06\/ad2be41e-10d6-4ff6-8fb2-651f10ad62e8.jpg?fit=1200%2C900&ssl=1&resize=350%2C200 1x, https:\/\/i0.wp.com\/noticiasribeiraopreto.com.br\/wp-content\/uploads\/2025\/06\/ad2be41e-10d6-4ff6-8fb2-651f10ad62e8.jpg?fit=1200%2C900&ssl=1&resize=525%2C300 1.5x, https:\/\/i0.wp.com\/noticiasribeiraopreto.com.br\/wp-content\/uploads\/2025\/06\/ad2be41e-10d6-4ff6-8fb2-651f10ad62e8.jpg?fit=1200%2C900&ssl=1&resize=700%2C400 2x, https:\/\/i0.wp.com\/noticiasribeiraopreto.com.br\/wp-content\/uploads\/2025\/06\/ad2be41e-10d6-4ff6-8fb2-651f10ad62e8.jpg?fit=1200%2C900&ssl=1&resize=1050%2C600 3x"},"classes":[]},{"id":71974,"url":"https:\/\/noticiasribeiraopreto.com.br\/index.php\/2025\/06\/12\/jornal-da-franca-veja-quanto-a-fundacao-allan-kardec-arrecadou-de-eletronicos-no-pedagio-solidario\/","url_meta":{"origin":71531,"position":1},"title":"Jornal da Franca &#8211; Veja quanto a Funda\u00e7\u00e3o Allan Kardec arrecadou de eletr\u00f4nicos no ped\u00e1gio solid\u00e1rio","author":"noticiasribeiraopreto.com.br","date":"12 de June de 2025","format":false,"excerpt":"compartilhar no whatsapp compartilhar no telegram compartilhar no facebook compartilhar no linkedin A\u00e7\u00e3o vai beneficiar a Oficina de Reciclagem do projeto Oficinas Inspira\u00e7\u00e3o, que promove inclus\u00e3o social, renda e sustentabilidade A Funda\u00e7\u00e3o Allan Kardec arrecadou mais de 1,3 tonelada de aparelhos eletroeletr\u00f4nicos quebrados ou sem uso durante o 6\u00ba Ped\u00e1gio\u2026","rel":"","context":"In &quot;Not\u00edcias de Franca-SP&quot;","block_context":{"text":"Not\u00edcias de Franca-SP","link":"https:\/\/noticiasribeiraopreto.com.br\/index.php\/category\/noticias-de-ribeirao-preto-sp-e-regiao-ismael-colosi\/noticias-franca-sp\/"},"img":{"alt_text":"","src":"https:\/\/i0.wp.com\/noticiasribeiraopreto.com.br\/wp-content\/uploads\/2025\/06\/8e672d6e-8c15-422e-9505-7d4e43d8e5ab.jpg?fit=1200%2C900&ssl=1&resize=350%2C200","width":350,"height":200,"srcset":"https:\/\/i0.wp.com\/noticiasribeiraopreto.com.br\/wp-content\/uploads\/2025\/06\/8e672d6e-8c15-422e-9505-7d4e43d8e5ab.jpg?fit=1200%2C900&ssl=1&resize=350%2C200 1x, https:\/\/i0.wp.com\/noticiasribeiraopreto.com.br\/wp-content\/uploads\/2025\/06\/8e672d6e-8c15-422e-9505-7d4e43d8e5ab.jpg?fit=1200%2C900&ssl=1&resize=525%2C300 1.5x, https:\/\/i0.wp.com\/noticiasribeiraopreto.com.br\/wp-content\/uploads\/2025\/06\/8e672d6e-8c15-422e-9505-7d4e43d8e5ab.jpg?fit=1200%2C900&ssl=1&resize=700%2C400 2x, https:\/\/i0.wp.com\/noticiasribeiraopreto.com.br\/wp-content\/uploads\/2025\/06\/8e672d6e-8c15-422e-9505-7d4e43d8e5ab.jpg?fit=1200%2C900&ssl=1&resize=1050%2C600 3x"},"classes":[]},{"id":72531,"url":"https:\/\/noticiasribeiraopreto.com.br\/index.php\/2025\/06\/18\/jornal-da-franca-passe-pelos-pedagios-eletronicos-sem-ser-multado-site-orienta-os-motoristas\/","url_meta":{"origin":71531,"position":2},"title":"Jornal da Franca &#8211; Passe pelos ped\u00e1gios eletr\u00f4nicos sem ser multado: site orienta os motoristas","author":"noticiasribeiraopreto.com.br","date":"18 de June de 2025","format":false,"excerpt":"compartilhar no whatsapp compartilhar no telegram compartilhar no facebook compartilhar no linkedin Os motoristas encontram informa\u00e7\u00f5es sobre como funcionam os ped\u00e1gios eletr\u00f4nicos e contatos da Artesp e empresas para d\u00favidas.\u00a0 O Governo de S\u00e3o Paulo lan\u00e7ou o site do sistema Siga F\u00e1cil (sigafacil.sp.gov.br) para auxiliar motoristas com pagamento de ped\u00e1gios\u2026","rel":"","context":"In &quot;Not\u00edcias de Franca-SP&quot;","block_context":{"text":"Not\u00edcias de Franca-SP","link":"https:\/\/noticiasribeiraopreto.com.br\/index.php\/category\/noticias-de-ribeirao-preto-sp-e-regiao-ismael-colosi\/noticias-franca-sp\/"},"img":{"alt_text":"","src":"https:\/\/i0.wp.com\/noticiasribeiraopreto.com.br\/wp-content\/uploads\/2025\/06\/essa-00-5.jpg?fit=924%2C616&ssl=1&resize=350%2C200","width":350,"height":200,"srcset":"https:\/\/i0.wp.com\/noticiasribeiraopreto.com.br\/wp-content\/uploads\/2025\/06\/essa-00-5.jpg?fit=924%2C616&ssl=1&resize=350%2C200 1x, https:\/\/i0.wp.com\/noticiasribeiraopreto.com.br\/wp-content\/uploads\/2025\/06\/essa-00-5.jpg?fit=924%2C616&ssl=1&resize=525%2C300 1.5x, https:\/\/i0.wp.com\/noticiasribeiraopreto.com.br\/wp-content\/uploads\/2025\/06\/essa-00-5.jpg?fit=924%2C616&ssl=1&resize=700%2C400 2x"},"classes":[]},{"id":71235,"url":"https:\/\/noticiasribeiraopreto.com.br\/index.php\/2025\/06\/04\/jornal-da-franca-como-o-lixo-eletronico-virou-a-nova-fronteira-de-disputa-por-materias-primas\/","url_meta":{"origin":71531,"position":3},"title":"Jornal da Franca &#8211; Como o lixo eletr\u00f4nico virou a nova fronteira de disputa por mat\u00e9rias-primas","author":"noticiasribeiraopreto.com.br","date":"4 de June de 2025","format":false,"excerpt":"compartilhar no whatsapp compartilhar no telegram compartilhar no facebook compartilhar no linkedin Muitos aparelhos eletr\u00f4nicos que s\u00e3o descart\u00e1veis cont\u00e9m mat\u00e9rias primas estrat\u00e9gicas, como l\u00edtio, cobalto e terra raras O avan\u00e7o acelerado da\u00a0tecnologia\u00a0traz um problema crescente: o\u00a0aumento\u00a0do\u00a0lixo eletr\u00f4nico.\u00a0Smartphones, notebooks, fones, cabos e baterias se acumulam nas gavetas, aguardando um destino. A\u00a0ONU\u00a0alerta\u2026","rel":"","context":"In &quot;Not\u00edcias de Franca-SP&quot;","block_context":{"text":"Not\u00edcias de Franca-SP","link":"https:\/\/noticiasribeiraopreto.com.br\/index.php\/category\/noticias-de-ribeirao-preto-sp-e-regiao-ismael-colosi\/noticias-franca-sp\/"},"img":{"alt_text":"","src":"https:\/\/i0.wp.com\/noticiasribeiraopreto.com.br\/wp-content\/uploads\/2025\/06\/4ead636f-f9a4-4ae3-b36d-1600ec3c6019.jpg?fit=1170%2C698&ssl=1&resize=350%2C200","width":350,"height":200,"srcset":"https:\/\/i0.wp.com\/noticiasribeiraopreto.com.br\/wp-content\/uploads\/2025\/06\/4ead636f-f9a4-4ae3-b36d-1600ec3c6019.jpg?fit=1170%2C698&ssl=1&resize=350%2C200 1x, https:\/\/i0.wp.com\/noticiasribeiraopreto.com.br\/wp-content\/uploads\/2025\/06\/4ead636f-f9a4-4ae3-b36d-1600ec3c6019.jpg?fit=1170%2C698&ssl=1&resize=525%2C300 1.5x, https:\/\/i0.wp.com\/noticiasribeiraopreto.com.br\/wp-content\/uploads\/2025\/06\/4ead636f-f9a4-4ae3-b36d-1600ec3c6019.jpg?fit=1170%2C698&ssl=1&resize=700%2C400 2x, https:\/\/i0.wp.com\/noticiasribeiraopreto.com.br\/wp-content\/uploads\/2025\/06\/4ead636f-f9a4-4ae3-b36d-1600ec3c6019.jpg?fit=1170%2C698&ssl=1&resize=1050%2C600 3x"},"classes":[]},{"id":66287,"url":"https:\/\/noticiasribeiraopreto.com.br\/index.php\/2025\/03\/30\/jornal-da-franca-quer-reduzir-o-impacto-ambiental-na-sua-casa-veja-3-dicas-simples-para-conseguir\/","url_meta":{"origin":71531,"position":4},"title":"Jornal da Franca &#8211; Quer reduzir o impacto ambiental na sua casa? Veja 3 dicas simples para conseguir!","author":"noticiasribeiraopreto.com.br","date":"30 de March de 2025","format":false,"excerpt":"compartilhar no whatsapp compartilhar no telegram compartilhar no facebook compartilhar no linkedin Para reduzir o impacto ambiental na sua pr\u00f3pria casa, basta adotar h\u00e1bitos simples na sua rotina di\u00e1ria Neste domingo, 30 de mar\u00e7o, \u00e9 comemorado o Dia Internacional do Res\u00edduo Zero \u2013 foto Shutterstock \u00a0 Em 30 de mar\u00e7o\u2026","rel":"","context":"In &quot;Not\u00edcias de Franca-SP&quot;","block_context":{"text":"Not\u00edcias de Franca-SP","link":"https:\/\/noticiasribeiraopreto.com.br\/index.php\/category\/noticias-de-ribeirao-preto-sp-e-regiao-ismael-colosi\/noticias-franca-sp\/"},"img":{"alt_text":"","src":"https:\/\/i0.wp.com\/noticiasribeiraopreto.com.br\/wp-content\/uploads\/2025\/03\/impacto-ambiental-shutterstock.jpg?fit=1200%2C675&ssl=1&resize=350%2C200","width":350,"height":200,"srcset":"https:\/\/i0.wp.com\/noticiasribeiraopreto.com.br\/wp-content\/uploads\/2025\/03\/impacto-ambiental-shutterstock.jpg?fit=1200%2C675&ssl=1&resize=350%2C200 1x, https:\/\/i0.wp.com\/noticiasribeiraopreto.com.br\/wp-content\/uploads\/2025\/03\/impacto-ambiental-shutterstock.jpg?fit=1200%2C675&ssl=1&resize=525%2C300 1.5x, https:\/\/i0.wp.com\/noticiasribeiraopreto.com.br\/wp-content\/uploads\/2025\/03\/impacto-ambiental-shutterstock.jpg?fit=1200%2C675&ssl=1&resize=700%2C400 2x, https:\/\/i0.wp.com\/noticiasribeiraopreto.com.br\/wp-content\/uploads\/2025\/03\/impacto-ambiental-shutterstock.jpg?fit=1200%2C675&ssl=1&resize=1050%2C600 3x"},"classes":[]},{"id":69414,"url":"https:\/\/noticiasribeiraopreto.com.br\/index.php\/2025\/05\/06\/pesquisa-identifica-que-queijo-e-lixo-eletronico-podem-transformar-se-em-ouro\/","url_meta":{"origin":71531,"position":5},"title":"Pesquisa identifica que queijo e lixo eletr\u00f4nico podem transformar-se em ouro","author":"noticiasribeiraopreto.com.br","date":"6 de May de 2025","format":false,"excerpt":"O ouro, um dos metais mais valiosos do mundo, n\u00e3o est\u00e1 apenas em joias ou cofres \u2013 ele pode estar dentro da sua casa, escondido em eletr\u00f4nicos que voc\u00ea usa todos os dias. Pesquisadores da ETH Zurich, na Su\u00ed\u00e7a, desenvolveram uma t\u00e9cnica revolucion\u00e1ria para extrair esse ouro de forma sustent\u00e1vel,\u2026","rel":"","context":"In &quot;Not\u00edcias de Franca-SP&quot;","block_context":{"text":"Not\u00edcias de Franca-SP","link":"https:\/\/noticiasribeiraopreto.com.br\/index.php\/category\/noticias-de-ribeirao-preto-sp-e-regiao-ismael-colosi\/noticias-franca-sp\/"},"img":{"alt_text":"","src":"https:\/\/i0.wp.com\/noticiasribeiraopreto.com.br\/wp-content\/uploads\/2025\/05\/allan_kardec_pedagio_eletronicos.jpeg?fit=1200%2C583&ssl=1&resize=350%2C200","width":350,"height":200,"srcset":"https:\/\/i0.wp.com\/noticiasribeiraopreto.com.br\/wp-content\/uploads\/2025\/05\/allan_kardec_pedagio_eletronicos.jpeg?fit=1200%2C583&ssl=1&resize=350%2C200 1x, https:\/\/i0.wp.com\/noticiasribeiraopreto.com.br\/wp-content\/uploads\/2025\/05\/allan_kardec_pedagio_eletronicos.jpeg?fit=1200%2C583&ssl=1&resize=525%2C300 1.5x, https:\/\/i0.wp.com\/noticiasribeiraopreto.com.br\/wp-content\/uploads\/2025\/05\/allan_kardec_pedagio_eletronicos.jpeg?fit=1200%2C583&ssl=1&resize=700%2C400 2x, https:\/\/i0.wp.com\/noticiasribeiraopreto.com.br\/wp-content\/uploads\/2025\/05\/allan_kardec_pedagio_eletronicos.jpeg?fit=1200%2C583&ssl=1&resize=1050%2C600 3x"},"classes":[]}],"jetpack_sharing_enabled":true,"jetpack_shortlink":"https:\/\/wp.me\/peQAOb-iBJ","_links":{"self":[{"href":"https:\/\/noticiasribeiraopreto.com.br\/index.php\/wp-json\/wp\/v2\/posts\/71531","targetHints":{"allow":["GET"]}}],"collection":[{"href":"https:\/\/noticiasribeiraopreto.com.br\/index.php\/wp-json\/wp\/v2\/posts"}],"about":[{"href":"https:\/\/noticiasribeiraopreto.com.br\/index.php\/wp-json\/wp\/v2\/types\/post"}],"author":[{"embeddable":true,"href":"https:\/\/noticiasribeiraopreto.com.br\/index.php\/wp-json\/wp\/v2\/users\/1"}],"replies":[{"embeddable":true,"href":"https:\/\/noticiasribeiraopreto.com.br\/index.php\/wp-json\/wp\/v2\/comments?post=71531"}],"version-history":[{"count":0,"href":"https:\/\/noticiasribeiraopreto.com.br\/index.php\/wp-json\/wp\/v2\/posts\/71531\/revisions"}],"wp:featuredmedia":[{"embeddable":true,"href":"https:\/\/noticiasribeiraopreto.com.br\/index.php\/wp-json\/wp\/v2\/media\/71532"}],"wp:attachment":[{"href":"https:\/\/noticiasribeiraopreto.com.br\/index.php\/wp-json\/wp\/v2\/media?parent=71531"}],"wp:term":[{"taxonomy":"category","embeddable":true,"href":"https:\/\/noticiasribeiraopreto.com.br\/index.php\/wp-json\/wp\/v2\/categories?post=71531"},{"taxonomy":"post_tag","embeddable":true,"href":"https:\/\/noticiasribeiraopreto.com.br\/index.php\/wp-json\/wp\/v2\/tags?post=71531"}],"curies":[{"name":"wp","href":"https:\/\/api.w.org\/{rel}","templated":true}]}}