{"id":71533,"date":"2025-06-07T01:28:01","date_gmt":"2025-06-07T04:28:01","guid":{"rendered":"https:\/\/noticiasribeiraopreto.com.br\/index.php\/2025\/06\/07\/clareamento-dental-caseiro-faz-mal-especialista-alerta-para-os-riscos-de-receitas-que-viralizam-na-internet\/"},"modified":"2025-06-07T01:28:01","modified_gmt":"2025-06-07T04:28:01","slug":"clareamento-dental-caseiro-faz-mal-especialista-alerta-para-os-riscos-de-receitas-que-viralizam-na-internet","status":"publish","type":"post","link":"https:\/\/noticiasribeiraopreto.com.br\/index.php\/2025\/06\/07\/clareamento-dental-caseiro-faz-mal-especialista-alerta-para-os-riscos-de-receitas-que-viralizam-na-internet\/","title":{"rendered":"Clareamento dental caseiro faz mal? Especialista alerta para os riscos de receitas que viralizam na internet"},"content":{"rendered":"<p> <br \/>\n<\/p>\n<div>\n<p>Na busca por <strong>dentes mais brancos e supostamente perfeitos<\/strong>, muitos usu\u00e1rios recorrem a receitas caseiras que viralizam nas redes sociais, principalmente no TikTok. Misturas com <strong>bicarbonato<\/strong>, <strong>lim\u00e3o <\/strong>e outros produtos vendidos como clareadores prometem resultados r\u00e1pidos \u2014 mas escondem riscos s\u00e9rios.<\/p>\n<p><strong>O crescimento da est\u00e9tica dental nas redes sociais tamb\u00e9m tem levado pessoas a buscar solu\u00e7\u00f5es r\u00e1pidas<\/strong>, muitas vezes realizadas por profissionais n\u00e3o habilitados, com materiais de baixa qualidade. Em conversa com o <em><strong>acidade on<\/strong><\/em>, a <strong>cirurgi\u00e3-dentista Let\u00edcia Montarele<\/strong> alertou que esses procedimentos podem gerar inflama\u00e7\u00f5es cr\u00f4nicas, gengivites, mau h\u00e1lito e at\u00e9 perda \u00f3ssea.<\/p>\n<h2 class=\"wp-block-heading\"><strong>Clareamento ou desgaste?<\/strong><\/h2>\n<p>De acordo com a dentista, o <strong>verdadeiro clareamento dental ocorre por meio de uma rea\u00e7\u00e3o qu\u00edmica controlada<\/strong>. O que as receitas caseiras causam, na pr\u00e1tica, \u00e9 o <strong>desgaste da estrutura do dente<\/strong>, o que pode dar a falsa impress\u00e3o de clareamento.<\/p>\n<figure class=\"wp-block-pullquote\">\n<blockquote>\n<p>O problema \u00e9 que essas misturas s\u00e3o altamente \u00e1cidas e abrasivas. Elas removem a camada protetora do dente \u2014 o esmalte \u2014 e isso n\u00e3o tem volta<\/p>\n<p><cite>explica Let\u00edcia<\/cite><\/p><\/blockquote>\n<\/figure>\n<p>A especialista ainda alerta que a <strong>perda dessa prote\u00e7\u00e3o pode levar a sensibilidade<\/strong>, <strong>trincas<\/strong>, <strong>fraturas<\/strong>, <strong>maior propens\u00e3o a c\u00e1ries <\/strong>e at\u00e9 <strong>danos \u00e0 gengiva.<\/strong><\/p>\n<p>De acordo com Let\u00edcia, quando o clareamento \u00e9 feito sob orienta\u00e7\u00e3o profissional, o dentista controla o tipo de \u00e1cido, a concentra\u00e7\u00e3o, o tempo de exposi\u00e7\u00e3o e acompanha a resposta do paciente ao tratamento. J\u00e1 nas receitas virais, <strong>n\u00e3o h\u00e1 qualquer controle<\/strong> \u2014 o que aumenta exponencialmente os riscos.<\/p>\n<figure class=\"wp-block-pullquote\">\n<blockquote>\n<p>\u00c9 comum que depois de aplicar esses produtos, a pessoa precise de tratamento reabilitador. Em alguns casos, o dano \u00e9 t\u00e3o grande que o dente nunca mais volta a ser o mesmo<\/p>\n<p><cite>afirma<\/cite><\/p><\/blockquote>\n<\/figure>\n<p>Ela refor\u00e7a que a sa\u00fade bucal foi negligenciada por muito tempo e que, hoje, apesar do acesso \u00e0 informa\u00e7\u00e3o ter melhorado, <strong>a desinforma\u00e7\u00e3o ainda circula com for\u00e7a<\/strong>, especialmente entre os mais jovens. <\/p>\n<figure class=\"wp-block-pullquote\">\n<blockquote>\n<p>Muitas vezes, quem posta n\u00e3o tem forma\u00e7\u00e3o ou conhecimento t\u00e9cnico. \u00c9 preciso filtrar o que se v\u00ea online<\/p>\n<p><cite>alerta<\/cite><\/p><\/blockquote>\n<\/figure>\n<h3 class=\"wp-block-heading\"><strong>Afinal, como agir corretamente?<\/strong><\/h3>\n<p>Para quem deseja melhorar o sorriso, o primeiro passo \u00e9 buscar avalia\u00e7\u00e3o com um profissional especializado. <\/p>\n<p><em>\u201cExistem tratamentos eficazes e seguros para todos os casos \u2014 clareamento caseiro supervisionado, clareamento em consult\u00f3rio, resinas est\u00e9ticas, porcelanas. Mas tudo depende da indica\u00e7\u00e3o correta\u201d,<\/em> explica.<\/p>\n<p>Let\u00edcia destaca que o profissional ser\u00e1 respons\u00e1vel por apresentar as op\u00e7\u00f5es, explicar os pr\u00f3s e contras e indicar o melhor caminho. <\/p>\n<figure class=\"wp-block-pullquote\">\n<blockquote>\n<p>N\u00e3o existe solu\u00e7\u00e3o universal. Cada caso \u00e9 \u00fanico. Por isso, <strong>a automedica\u00e7\u00e3o est\u00e9tica pode sair cara<\/strong><\/p>\n<\/blockquote>\n<\/figure>\n<p>A dentista refor\u00e7a um ponto essencial: <strong>a estrutura dental \u00e9 irrevers\u00edvel<\/strong>. Depois que o esmalte \u00e9 perdido, ele n\u00e3o se regenera naturalmente. <em>\u201cO dente \u00e9 um tecido vivo. Qualquer trauma, por menor que pare\u00e7a, pode comprometer toda a estrutura\u201d,<\/em> diz.<\/p>\n<p><strong>Let\u00edcia finaliza com um apelo \u00e0 preven\u00e7\u00e3o.<\/strong><\/p>\n<figure class=\"wp-block-pullquote\">\n<blockquote>\n<p> \u00c9 melhor investir em cuidados regulares e orienta\u00e7\u00e3o adequada do que tratar problemas mais s\u00e9rios l\u00e1 na frente. E, principalmente, n\u00e3o seguir qualquer tend\u00eancia de internet sem antes saber se ela \u00e9 segura<\/p>\n<p><cite>finaliza<\/cite><\/p><\/blockquote>\n<\/figure>\n<p><strong>O recado da profissional \u00e9 claro:<\/strong> <mark style=\"background-color:#fcb900\" class=\"has-inline-color\">desconfie de solu\u00e7\u00f5es f\u00e1ceis.<\/mark> Ao notar qualquer inc\u00f4modo com o sorriso, a melhor decis\u00e3o ainda \u00e9 agendar uma consulta com um dentista de confian\u00e7a.<\/p>\n<hr class=\"wp-block-separator has-alpha-channel-opacity\"\/>\n<p>SAIBA MAIS<br \/>Cultura, comportamento e lifestyle s\u00e3o temas do Papo Jo\u00e3o Rock em Ribeir\u00e3o Preto<\/p>\n<h2 class=\"wp-block-heading\"><strong>FIQUE ON<\/strong><\/h2>\n<p>Fique ligado em tudo que acontece em Ribeir\u00e3o Preto e regi\u00e3o. Siga os perfis do<strong>\u00a0acidade on<\/strong>\u00a0no\u00a0<a href=\"https:\/\/www.instagram.com\/acidadeonribeirao\">Instagram\u00a0<\/a>e no\u00a0<a href=\"https:\/\/www.facebook.com\/acidadeonribeirao\/\">Facebook<\/a>.<\/p>\n<p>Receba not\u00edcias do\u00a0<strong>acidade on<\/strong>\u00a0no WhatsApp.\u00a0<a href=\"https:\/\/chat.whatsapp.com\/BjKQZ9oJwlz8VVT50NuePq\">Para entrar no grupo, basta clicar aqui.<\/a><\/p>\n<p>Fa\u00e7a uma den\u00fancia ou sugira uma reportagem sobre Ribeir\u00e3o Preto e regi\u00e3o pelo WhatsApp: 16 99117 7802.<\/p>\n<p>VEJA TAMB\u00c9M<br \/>At\u00e9 quando vai a nova frente fria em S\u00e3o Paulo?<mark style=\"background-color:#ffffff\" class=\"has-inline-color has-white-color\"> , contudo<\/mark><\/p>\n<p><!-- CONTENT END 1 -->\n<\/div>\n<p><script async src=\"\/\/www.instagram.com\/embed.js\"><\/script><br \/>\n<br \/><br \/>\n<br \/><a href=\"https:\/\/www.acidadeon.com\/ribeiraopreto\/cotidiano\/clareamento-dental-caseiro-faz-mal-especialista-alerta-para-os-riscos-de-receitas-que-viralizam-na-internet\/\">Source link <\/a><\/p>\n","protected":false},"excerpt":{"rendered":"<p>Na busca por dentes mais brancos e supostamente perfeitos, muitos usu\u00e1rios recorrem a receitas caseiras que viralizam nas redes sociais, principalmente no TikTok. Misturas com&#8230;<\/p>\n","protected":false},"author":1,"featured_media":71534,"comment_status":"open","ping_status":"open","sticky":false,"template":"","format":"standard","meta":{"advanced_seo_description":"","jetpack_seo_html_title":"","jetpack_seo_noindex":false,"jetpack_post_was_ever_published":false,"_jetpack_newsletter_access":"","_jetpack_dont_email_post_to_subs":false,"_jetpack_newsletter_tier_id":0,"_jetpack_memberships_contains_paywalled_content":false,"_jetpack_memberships_contains_paid_content":false,"footnotes":"","jetpack_publicize_message":"","jetpack_publicize_feature_enabled":true,"jetpack_social_post_already_shared":true,"jetpack_social_options":{"image_generator_settings":{"template":"highway","default_image_id":0,"font":"","enabled":false},"version":2}},"categories":[11],"tags":[],"class_list":["post-71533","post","type-post","status-publish","format-standard","has-post-thumbnail","hentry","category-noticias-de-ribeirao-preto-sp-e-regiao-ismael-colosi"],"jetpack_publicize_connections":[],"jetpack_featured_media_url":"https:\/\/i0.wp.com\/noticiasribeiraopreto.com.br\/wp-content\/uploads\/2025\/06\/Copia-de-Copia-de-Copia-de-TAMANHO-EXATO-PARA-FOTOS-NO-SISTEMA-NOVO-2025-06-06T202955.810_2025-06-06_23-30-11.webp.webp?fit=1200%2C675&ssl=1","jetpack-related-posts":[{"id":71559,"url":"https:\/\/noticiasribeiraopreto.com.br\/index.php\/2025\/06\/07\/cade-o-frio-confira-a-previsao-do-tempo-para-este-sabado-em-ribeirao-preto\/","url_meta":{"origin":71533,"position":0},"title":"Cad\u00ea o frio? Confira a previs\u00e3o do tempo para este s\u00e1bado em Ribeir\u00e3o Preto","author":"noticiasribeiraopreto.com.br","date":"7 de June de 2025","format":false,"excerpt":"O s\u00e1bado (7) em Ribeir\u00e3o Preto ser\u00e1 marcado por varia\u00e7\u00e3o de nuvens ao longo do dia. Pela manh\u00e3 e \u00e0 tarde, o sol aparece entre muitas nuvens, mas sem expectativa de chuva. As temperaturas ficam entre 17\u00b0C e 28\u00b0C, com sensa\u00e7\u00e3o t\u00e9rmica mais amena no in\u00edcio do dia. \u00c0 noite,\u2026","rel":"","context":"In &quot;Not\u00edcias de Ribeir\u00e3o Preto-SP e Regi\u00e3o&quot;","block_context":{"text":"Not\u00edcias de Ribeir\u00e3o Preto-SP e Regi\u00e3o","link":"https:\/\/noticiasribeiraopreto.com.br\/index.php\/category\/noticias-de-ribeirao-preto-sp-e-regiao-ismael-colosi\/"},"img":{"alt_text":"","src":"https:\/\/i0.wp.com\/noticiasribeiraopreto.com.br\/wp-content\/uploads\/2025\/06\/Imagem-do-WhatsApp-de-2025-06-07-as-09.21.41_01bf4053_2025-06-07_12-53-16.webp.webp?fit=1200%2C675&ssl=1&resize=350%2C200","width":350,"height":200,"srcset":"https:\/\/i0.wp.com\/noticiasribeiraopreto.com.br\/wp-content\/uploads\/2025\/06\/Imagem-do-WhatsApp-de-2025-06-07-as-09.21.41_01bf4053_2025-06-07_12-53-16.webp.webp?fit=1200%2C675&ssl=1&resize=350%2C200 1x, https:\/\/i0.wp.com\/noticiasribeiraopreto.com.br\/wp-content\/uploads\/2025\/06\/Imagem-do-WhatsApp-de-2025-06-07-as-09.21.41_01bf4053_2025-06-07_12-53-16.webp.webp?fit=1200%2C675&ssl=1&resize=525%2C300 1.5x, https:\/\/i0.wp.com\/noticiasribeiraopreto.com.br\/wp-content\/uploads\/2025\/06\/Imagem-do-WhatsApp-de-2025-06-07-as-09.21.41_01bf4053_2025-06-07_12-53-16.webp.webp?fit=1200%2C675&ssl=1&resize=700%2C400 2x, https:\/\/i0.wp.com\/noticiasribeiraopreto.com.br\/wp-content\/uploads\/2025\/06\/Imagem-do-WhatsApp-de-2025-06-07-as-09.21.41_01bf4053_2025-06-07_12-53-16.webp.webp?fit=1200%2C675&ssl=1&resize=1050%2C600 3x"},"classes":[]},{"id":71573,"url":"https:\/\/noticiasribeiraopreto.com.br\/index.php\/2025\/06\/07\/corpo-de-adolescente-que-estava-desaparecido-e-encontrado-no-rio-pardo\/","url_meta":{"origin":71533,"position":1},"title":"Corpo de adolescente que estava desaparecido \u00e9 encontrado no rio Pardo","author":"noticiasribeiraopreto.com.br","date":"7 de June de 2025","format":false,"excerpt":"Equipes do Corpo de Bombeiros encontraram, na manh\u00e3 deste s\u00e1bado (7), o corpo do adolescente Alex Gabriel Santos, de 16 anos, no rio Pardo, em Pontal, na regi\u00e3o de Ribeir\u00e3o Preto. Ele estava desaparecido havia uma semana. De acordo com a pol\u00edcia, o corpo estava com os p\u00e9s e as\u2026","rel":"","context":"In &quot;Not\u00edcias de Ribeir\u00e3o Preto-SP e Regi\u00e3o&quot;","block_context":{"text":"Not\u00edcias de Ribeir\u00e3o Preto-SP e Regi\u00e3o","link":"https:\/\/noticiasribeiraopreto.com.br\/index.php\/category\/noticias-de-ribeirao-preto-sp-e-regiao-ismael-colosi\/"},"img":{"alt_text":"","src":"https:\/\/i0.wp.com\/noticiasribeiraopreto.com.br\/wp-content\/uploads\/2025\/06\/ALEX-GABRIEL_2025-06-06_13-51-19.webp.webp?fit=1200%2C879&ssl=1&resize=350%2C200","width":350,"height":200,"srcset":"https:\/\/i0.wp.com\/noticiasribeiraopreto.com.br\/wp-content\/uploads\/2025\/06\/ALEX-GABRIEL_2025-06-06_13-51-19.webp.webp?fit=1200%2C879&ssl=1&resize=350%2C200 1x, https:\/\/i0.wp.com\/noticiasribeiraopreto.com.br\/wp-content\/uploads\/2025\/06\/ALEX-GABRIEL_2025-06-06_13-51-19.webp.webp?fit=1200%2C879&ssl=1&resize=525%2C300 1.5x, https:\/\/i0.wp.com\/noticiasribeiraopreto.com.br\/wp-content\/uploads\/2025\/06\/ALEX-GABRIEL_2025-06-06_13-51-19.webp.webp?fit=1200%2C879&ssl=1&resize=700%2C400 2x, https:\/\/i0.wp.com\/noticiasribeiraopreto.com.br\/wp-content\/uploads\/2025\/06\/ALEX-GABRIEL_2025-06-06_13-51-19.webp.webp?fit=1200%2C879&ssl=1&resize=1050%2C600 3x"},"classes":[]},{"id":71574,"url":"https:\/\/noticiasribeiraopreto.com.br\/index.php\/2025\/06\/07\/caso-nelson-suspeito-diz-que-jogou-corpo-de-empresario-no-rio-a-mando-do-dono-da-empresa\/","url_meta":{"origin":71533,"position":2},"title":"Caso Nelson: suspeito diz que jogou corpo de empres\u00e1rio no rio a mando do dono da empresa","author":"noticiasribeiraopreto.com.br","date":"7 de June de 2025","format":false,"excerpt":"Um dos presos pelo desaparecimento de Nelson Carreira Filho afirmou \u00e0 Pol\u00edcia Civil que jogou o corpo do empres\u00e1rio no Rio Grande, em Miguel\u00f3polis, a pedido de Marlon Couto Paula Junior, assassino confesso de Nelson. A informa\u00e7\u00e3o foi confirmada na sexta-feira (6) pelo delegado Heitor Assis, que conduz a investiga\u00e7\u00e3o.\u2026","rel":"","context":"In &quot;Not\u00edcias de Ribeir\u00e3o Preto-SP e Regi\u00e3o&quot;","block_context":{"text":"Not\u00edcias de Ribeir\u00e3o Preto-SP e Regi\u00e3o","link":"https:\/\/noticiasribeiraopreto.com.br\/index.php\/category\/noticias-de-ribeirao-preto-sp-e-regiao-ismael-colosi\/"},"img":{"alt_text":"","src":"https:\/\/i0.wp.com\/noticiasribeiraopreto.com.br\/wp-content\/uploads\/2025\/06\/Copia-de-Copia-de-Copia-de-TAMANHO-EXATO-PARA-FOTOS-NO-SISTEMA-NOVO-2025-06-07T103330.265_2025-06-07_13-34-02.webp.webp?fit=1200%2C675&ssl=1&resize=350%2C200","width":350,"height":200,"srcset":"https:\/\/i0.wp.com\/noticiasribeiraopreto.com.br\/wp-content\/uploads\/2025\/06\/Copia-de-Copia-de-Copia-de-TAMANHO-EXATO-PARA-FOTOS-NO-SISTEMA-NOVO-2025-06-07T103330.265_2025-06-07_13-34-02.webp.webp?fit=1200%2C675&ssl=1&resize=350%2C200 1x, https:\/\/i0.wp.com\/noticiasribeiraopreto.com.br\/wp-content\/uploads\/2025\/06\/Copia-de-Copia-de-Copia-de-TAMANHO-EXATO-PARA-FOTOS-NO-SISTEMA-NOVO-2025-06-07T103330.265_2025-06-07_13-34-02.webp.webp?fit=1200%2C675&ssl=1&resize=525%2C300 1.5x, https:\/\/i0.wp.com\/noticiasribeiraopreto.com.br\/wp-content\/uploads\/2025\/06\/Copia-de-Copia-de-Copia-de-TAMANHO-EXATO-PARA-FOTOS-NO-SISTEMA-NOVO-2025-06-07T103330.265_2025-06-07_13-34-02.webp.webp?fit=1200%2C675&ssl=1&resize=700%2C400 2x, https:\/\/i0.wp.com\/noticiasribeiraopreto.com.br\/wp-content\/uploads\/2025\/06\/Copia-de-Copia-de-Copia-de-TAMANHO-EXATO-PARA-FOTOS-NO-SISTEMA-NOVO-2025-06-07T103330.265_2025-06-07_13-34-02.webp.webp?fit=1200%2C675&ssl=1&resize=1050%2C600 3x"},"classes":[]},{"id":6665,"url":"https:\/\/noticiasribeiraopreto.com.br\/index.php\/2023\/11\/26\/tres-dicas-caseiras-para-deixar-os-dentes-brancos\/","url_meta":{"origin":71533,"position":3},"title":"Tr\u00eas dicas caseiras para deixar os dentes brancos","author":"noticiasribeiraopreto.com.br","date":"26 de November de 2023","format":false,"excerpt":"Cr\u00e9ditos: Getty ImagesBoa rotina de higiene bucal ajuda a prevenir manchas e deixa os dentes brancos. Confia algumas dicas caseiras \u2013 iStock\/Getty Images O surgimento de dentes amarelos ou com manchas amarelas est\u00e1 associado ao consumo determinados alimentos, bebidas, medicamentos e h\u00e1bitos ao longo do tempo. Muita gente passa por\u2026","rel":"","context":"In &quot;Variedades&quot;","block_context":{"text":"Variedades","link":"https:\/\/noticiasribeiraopreto.com.br\/index.php\/category\/variedades\/"},"img":{"alt_text":"","src":"https:\/\/i0.wp.com\/noticiasribeiraopreto.com.br\/wp-content\/uploads\/2023\/11\/istock-171346274.jpg?fit=1200%2C638&ssl=1&resize=350%2C200","width":350,"height":200,"srcset":"https:\/\/i0.wp.com\/noticiasribeiraopreto.com.br\/wp-content\/uploads\/2023\/11\/istock-171346274.jpg?fit=1200%2C638&ssl=1&resize=350%2C200 1x, https:\/\/i0.wp.com\/noticiasribeiraopreto.com.br\/wp-content\/uploads\/2023\/11\/istock-171346274.jpg?fit=1200%2C638&ssl=1&resize=525%2C300 1.5x, https:\/\/i0.wp.com\/noticiasribeiraopreto.com.br\/wp-content\/uploads\/2023\/11\/istock-171346274.jpg?fit=1200%2C638&ssl=1&resize=700%2C400 2x, https:\/\/i0.wp.com\/noticiasribeiraopreto.com.br\/wp-content\/uploads\/2023\/11\/istock-171346274.jpg?fit=1200%2C638&ssl=1&resize=1050%2C600 3x"},"classes":[]},{"id":71569,"url":"https:\/\/noticiasribeiraopreto.com.br\/index.php\/2025\/06\/07\/academia-livre-de-musica-e-artes-apresenta-quatro-recitais-gratuitos-na-usp-ribeirao-preto\/","url_meta":{"origin":71533,"position":4},"title":"Academia Livre de M\u00fasica e Artes apresenta quatro recitais gratuitos na USP Ribeir\u00e3o Preto","author":"noticiasribeiraopreto.com.br","date":"7 de June de 2025","format":false,"excerpt":"Em parceria com o Minist\u00e9rio da Cultura, a Academia Livre de M\u00fasica e Artes de Ribeir\u00e3o Preto apresenta quatro recitais pedag\u00f3gicos gratuitos na Sala de Concertos da Tulha, no campus da USP Ribeir\u00e3o Preto, a partir das 10h. O concerto \u00e9 realizado por alunos das classes de flauta, clarinete, violoncelo,\u2026","rel":"","context":"In &quot;Not\u00edcias de Ribeir\u00e3o Preto-SP e Regi\u00e3o&quot;","block_context":{"text":"Not\u00edcias de Ribeir\u00e3o Preto-SP e Regi\u00e3o","link":"https:\/\/noticiasribeiraopreto.com.br\/index.php\/category\/noticias-de-ribeirao-preto-sp-e-regiao-ismael-colosi\/"},"img":{"alt_text":"","src":"https:\/\/i0.wp.com\/noticiasribeiraopreto.com.br\/wp-content\/uploads\/2025\/06\/ec11289c-1b0a-4f90-8cdc-ce4a1de4e01d_2025-06-07_15-12-04.webp.webp?fit=1000%2C667&ssl=1&resize=350%2C200","width":350,"height":200,"srcset":"https:\/\/i0.wp.com\/noticiasribeiraopreto.com.br\/wp-content\/uploads\/2025\/06\/ec11289c-1b0a-4f90-8cdc-ce4a1de4e01d_2025-06-07_15-12-04.webp.webp?fit=1000%2C667&ssl=1&resize=350%2C200 1x, https:\/\/i0.wp.com\/noticiasribeiraopreto.com.br\/wp-content\/uploads\/2025\/06\/ec11289c-1b0a-4f90-8cdc-ce4a1de4e01d_2025-06-07_15-12-04.webp.webp?fit=1000%2C667&ssl=1&resize=525%2C300 1.5x, https:\/\/i0.wp.com\/noticiasribeiraopreto.com.br\/wp-content\/uploads\/2025\/06\/ec11289c-1b0a-4f90-8cdc-ce4a1de4e01d_2025-06-07_15-12-04.webp.webp?fit=1000%2C667&ssl=1&resize=700%2C400 2x"},"classes":[]},{"id":56467,"url":"https:\/\/noticiasribeiraopreto.com.br\/index.php\/2024\/08\/14\/relatos-de-experiencias-ruins-com-a-voepass-viralizam-apos-acidente\/","url_meta":{"origin":71533,"position":5},"title":"Relatos de Experi\u00eancias Ruins com a VoePass Viralizam Ap\u00f3s Acidente \u2013 Folha de Ribeir\u00e3o","author":"noticiasribeiraopreto.com.br","date":"14 de August de 2024","format":false,"excerpt":"Ribeir\u00e3o Preto, SP\u00a0\u2013 A VoePass, companhia a\u00e9rea regional, tem enfrentado uma onda de cr\u00edticas nas redes sociais ap\u00f3s um recente acidente. Passageiros insatisfeitos t\u00eam compartilhado suas experi\u00eancias negativas, resultando em uma avalia\u00e7\u00e3o desfavor\u00e1vel da empresa em diversos sites de reclama\u00e7\u00f5es e um aumento no n\u00famero de processos judiciais. O incidente,\u2026","rel":"","context":"In &quot;Not\u00edcias de Ribeir\u00e3o Preto-SP e Regi\u00e3o&quot;","block_context":{"text":"Not\u00edcias de Ribeir\u00e3o Preto-SP e Regi\u00e3o","link":"https:\/\/noticiasribeiraopreto.com.br\/index.php\/category\/noticias-de-ribeirao-preto-sp-e-regiao-ismael-colosi\/"},"img":{"alt_text":"","src":"https:\/\/i0.wp.com\/noticiasribeiraopreto.com.br\/wp-content\/uploads\/2024\/08\/40307_FDA1F70325FD5083-1.webp.webp?fit=1200%2C674&ssl=1&resize=350%2C200","width":350,"height":200,"srcset":"https:\/\/i0.wp.com\/noticiasribeiraopreto.com.br\/wp-content\/uploads\/2024\/08\/40307_FDA1F70325FD5083-1.webp.webp?fit=1200%2C674&ssl=1&resize=350%2C200 1x, https:\/\/i0.wp.com\/noticiasribeiraopreto.com.br\/wp-content\/uploads\/2024\/08\/40307_FDA1F70325FD5083-1.webp.webp?fit=1200%2C674&ssl=1&resize=525%2C300 1.5x, https:\/\/i0.wp.com\/noticiasribeiraopreto.com.br\/wp-content\/uploads\/2024\/08\/40307_FDA1F70325FD5083-1.webp.webp?fit=1200%2C674&ssl=1&resize=700%2C400 2x, https:\/\/i0.wp.com\/noticiasribeiraopreto.com.br\/wp-content\/uploads\/2024\/08\/40307_FDA1F70325FD5083-1.webp.webp?fit=1200%2C674&ssl=1&resize=1050%2C600 3x"},"classes":[]}],"jetpack_sharing_enabled":true,"jetpack_shortlink":"https:\/\/wp.me\/peQAOb-iBL","_links":{"self":[{"href":"https:\/\/noticiasribeiraopreto.com.br\/index.php\/wp-json\/wp\/v2\/posts\/71533","targetHints":{"allow":["GET"]}}],"collection":[{"href":"https:\/\/noticiasribeiraopreto.com.br\/index.php\/wp-json\/wp\/v2\/posts"}],"about":[{"href":"https:\/\/noticiasribeiraopreto.com.br\/index.php\/wp-json\/wp\/v2\/types\/post"}],"author":[{"embeddable":true,"href":"https:\/\/noticiasribeiraopreto.com.br\/index.php\/wp-json\/wp\/v2\/users\/1"}],"replies":[{"embeddable":true,"href":"https:\/\/noticiasribeiraopreto.com.br\/index.php\/wp-json\/wp\/v2\/comments?post=71533"}],"version-history":[{"count":0,"href":"https:\/\/noticiasribeiraopreto.com.br\/index.php\/wp-json\/wp\/v2\/posts\/71533\/revisions"}],"wp:featuredmedia":[{"embeddable":true,"href":"https:\/\/noticiasribeiraopreto.com.br\/index.php\/wp-json\/wp\/v2\/media\/71534"}],"wp:attachment":[{"href":"https:\/\/noticiasribeiraopreto.com.br\/index.php\/wp-json\/wp\/v2\/media?parent=71533"}],"wp:term":[{"taxonomy":"category","embeddable":true,"href":"https:\/\/noticiasribeiraopreto.com.br\/index.php\/wp-json\/wp\/v2\/categories?post=71533"},{"taxonomy":"post_tag","embeddable":true,"href":"https:\/\/noticiasribeiraopreto.com.br\/index.php\/wp-json\/wp\/v2\/tags?post=71533"}],"curies":[{"name":"wp","href":"https:\/\/api.w.org\/{rel}","templated":true}]}}