{"id":71535,"date":"2025-06-07T02:01:42","date_gmt":"2025-06-07T05:01:42","guid":{"rendered":"https:\/\/noticiasribeiraopreto.com.br\/index.php\/2025\/06\/07\/jornal-da-franca-conviver-com-animais-domesticos-pode-ajudar-a-melhorar-a-imunidade-dos-humanos\/"},"modified":"2025-06-07T02:01:42","modified_gmt":"2025-06-07T05:01:42","slug":"jornal-da-franca-conviver-com-animais-domesticos-pode-ajudar-a-melhorar-a-imunidade-dos-humanos","status":"publish","type":"post","link":"https:\/\/noticiasribeiraopreto.com.br\/index.php\/2025\/06\/07\/jornal-da-franca-conviver-com-animais-domesticos-pode-ajudar-a-melhorar-a-imunidade-dos-humanos\/","title":{"rendered":"Jornal da Franca &#8211; Conviver com animais dom\u00e9sticos pode ajudar a melhorar a imunidade dos humanos"},"content":{"rendered":"<div class='code-block code-block-1' style='margin: 8px 0 8px auto; text-align: right; display: block; clear: both;'>\n<p><a href=\"https:\/\/wa.link\/vpicfd\"><img data-recalc-dims=\"1\" class=\"wp-image-4922\" style=\"aspect-ratio: 2.0253164556962027; width: 561px; height: auto;\" src=\"https:\/\/i0.wp.com\/ismaelcolosi.com.br\/wp-content\/uploads\/2023\/11\/grupo-de-empregos-whatsapp-e-facebook-ismael-colosi-vagas.jpg?ssl=1\" alt=\"\" \/><\/a><\/p>\n<!-- \/wp:image -->\n<\/div>\n<p> <br \/>\n<\/p>\n<div data-video-id=\"13643121\">\n<p>Desde que emigraram da Europa Central para a Am\u00e9rica do Norte no s\u00e9culo 18, os Amish se tornaram conhecidos por seu estilo de vida \u00fanico. Hoje, eles dependem das mesmas pr\u00e1ticas de cria\u00e7\u00e3o de gado leiteiro e transporte a cavalo que foram seguidas por seus ancestrais durante s\u00e9culos.<\/p>\n<p>Os Amish povoam o imagin\u00e1rio de roteiristas, documentaristas e soci\u00f3logos de Hollywood h\u00e1 d\u00e9cadas. Por\u00e9m, nos \u00faltimos 10 anos, seu estilo de vida passou a despertar um interesse cada vez maior do mundo da medicina, uma vez que eles parecem desafiar uma tend\u00eancia moderna particularmente preocupante.<\/p>\n<p>Embora as taxas de doen\u00e7as relacionadas ao sistema imunol\u00f3gico que come\u00e7am na inf\u00e2ncia, como asma, eczema e alergias, tenham aumentado desde a d\u00e9cada de 1960, este n\u00e3o foi o caso entre os Amish.<\/p>\n<p>A raz\u00e3o para isso est\u00e1 em insights reveladores sobre como nossos sistemas imunol\u00f3gicos operam\u00a0\u2014 e as maneiras profundas pelas quais os animais em nossas vidas os afetam.<\/p>\n<p><strong>Uma comunidade diversificada<\/strong><\/p>\n<p>Para tentar entender por que os Amish apresentam taxas mais baixas de certas condi\u00e7\u00f5es imunol\u00f3gicas, um grupo de cientistas passou um tempo, em 2012, com uma comunidade Amish no Estado americano de Indiana, e com outra comunidade agr\u00edcola conhecida como Huteritas, em Dakota do Sul.<\/p>\n<p>Em ambos os casos, eles coletaram amostras de sangue de 30 crian\u00e7as, e estudaram detalhadamente seus sistemas imunol\u00f3gicos.<\/p>\n<p>H\u00e1 muitas semelhan\u00e7as entre os dois grupos. Assim como os Amish, os Huteritas tamb\u00e9m vivem da terra, t\u00eam ascend\u00eancia europeia, exposi\u00e7\u00e3o m\u00ednima \u00e0 polui\u00e7\u00e3o do ar e seguem uma dieta com baixo teor de alimentos processados. No entanto, suas taxas de asma e alergias infantis s\u00e3o de quatro a seis vezes mais altas do que as dos Amish.<\/p>\n<p>Uma diferen\u00e7a entre as duas comunidades \u00e9 que, embora os Huteritas tenham adotado totalmente as tecnologias agr\u00edcolas industrializadas, os Amish n\u00e3o adotaram, o que significa que, desde pequenos, eles vivem em contato pr\u00f3ximo com animais e com a infinidade de micr\u00f3bios que eles carregam.<\/p>\n<p><strong>Estudo refer\u00eancia<\/strong><\/p>\n<p>\u201cSe voc\u00ea observar as fotos a\u00e9reas de drones dos assentamentos Amish, e compar\u00e1-las com as comunidades Huteritas, os Amish vivem na fazenda com os animais, enquanto os Huteritas vivem em pequenas aldeias, e a fazenda pode estar a alguns quil\u00f4metros de dist\u00e2ncia\u201d, diz Fergus Shanahan, professor de medicina da Universidade College Cork, na Irlanda.<\/p>\n<p>Em 2016, uma equipe de cientistas dos EUA e da Alemanha publicou um estudo que se tornou refer\u00eancia, concluindo que as crian\u00e7as Amish t\u00eam um risco menor de alergias devido \u00e0 forma como seus ambientes moldam seus sistemas imunol\u00f3gicos.<\/p>\n<p>Em particular, os pesquisadores descobriram que as crian\u00e7as Amish do estudo tinham as chamadas c\u00e9lulas T reguladoras mais bem calibradas do que as crian\u00e7as de origem huterita. Estas c\u00e9lulas ajudam a atenuar as respostas imunol\u00f3gicas incomuns.<\/p>\n<p>Quando os pesquisadores examinaram amostras de poeira coletadas nas casas das crian\u00e7as Amish e Huteritas em busca de sinais de bact\u00e9rias, encontraram evid\u00eancias claras de que as crian\u00e7as Amish estavam sendo expostas a mais micr\u00f3bios, provavelmente dos animais com os quais viviam.<\/p>\n<p><strong>Outras descobertas<\/strong><\/p>\n<p>Em todo o mundo, outros cientistas t\u00eam feito descobertas semelhantes. Um grupo de imunologistas observou que crian\u00e7as que cresciam em fazendas alpinas, onde as vacas geralmente dormem perto de seus donos, pareciam estar protegidas contra asma, rinite e eczema.<\/p>\n<p>Outras pesquisas descobriram que o risco de alergia de uma crian\u00e7a entre sete e nove anos parece diminuir proporcionalmente ao n\u00famero de animais de estima\u00e7\u00e3o presentes na casa em seus primeiros anos de vida, o que foi chamado de \u201cefeito minifazenda\u201d.<\/p>\n<p>\u201cN\u00e3o \u00e9 uma cura universal, e toda vez que dou uma palestra sobre isso, algu\u00e9m diz: \u2018Olha, eu cresci em uma fazenda e tenho alergia\u2019, mas sabemos que se voc\u00ea crescer interagindo fisicamente com animais de fazenda, vai ter uma redu\u00e7\u00e3o de cerca de 50% na probabilidade de desenvolver asma ou alergias\u201d, diz Jack Gilbert, professor da Universidade da Calif\u00f3rnia em San Diego, que participou do estudo Amish, e \u00e9 cofundador do American Gut Project \u2014 um projeto de ci\u00eancia cidad\u00e3 que estuda como nossos estilos de vida afetam nossos microbiomas.<\/p>\n<p>\u201cMesmo que voc\u00ea cres\u00e7a apenas com um cachorro em casa, voc\u00ea vai ter uma redu\u00e7\u00e3o de 13% a 14% no risco\u201d, ele acrescenta.<\/p>\n<p><strong>Animais de estima\u00e7\u00e3o protetores<\/strong><\/p>\n<p>Desde que o estudo Amish foi publicado pela primeira vez, o efeito potencialmente protetor da intera\u00e7\u00e3o com animais durante a inf\u00e2ncia tem sido objeto de grande fasc\u00ednio, e o jornal americano New York Times chegou a publicar um artigo perguntando se os pets s\u00e3o o novo \u201cprobi\u00f3tico\u201d.<\/p>\n<p>Mas, afinal, o que est\u00e1 acontecendo? Talvez n\u00e3o seja surpresa que, dada a natureza t\u00e1til dos seres humanos e nosso apre\u00e7o por acariciar pets, quando convivemos com animais, os micr\u00f3bios de seus pelos e patas acabam em nossa pele \u2014 pelo menos temporariamente.<\/p>\n<p>Isso levou a sugest\u00f5es de que o \u201cmicrobioma\u201d poderia ser colonizado por microrganismos dos nossos animais de estima\u00e7\u00e3o. Estamos falando do conjunto de vastas col\u00f4nias de micr\u00f3bios que vivem na nossa pele, boca e, principalmente, no intestino, que abriga uma concentra\u00e7\u00e3o significativa das c\u00e9lulas imunol\u00f3gicas do nosso corpo.<\/p>\n<p>De acordo com Nasia Safdar, professora de doen\u00e7as infecciosas da Universidade de Wisconsin, nos EUA, esse conceito atraiu o interesse do setor de alimentos para animais de estima\u00e7\u00e3o. A ideia seria desenvolver produtos comercializados para promover o crescimento de bact\u00e9rias ben\u00e9ficas em c\u00e3es e gatos, que poderiam ent\u00e3o ser transferidas para seus donos, diz ela.<\/p>\n<p><strong>Esp\u00e9cies bacterianas<\/strong><\/p>\n<p>\u201cEsse \u00e2ngulo tem sido atraente para as pessoas financiarem, porque para a maioria de n\u00f3s, o que interessa \u00e9 a condi\u00e7\u00e3o humana\u201d, observa Safdar. \u201cEnt\u00e3o, que papel o animal pode desempenhar nisso?\u201d, ela questiona.<\/p>\n<p>Safdar diz que est\u00e1 pensando em realizar um estudo que envolveria a coleta de amostras de fezes de animais de estima\u00e7\u00e3o e de seus donos humanos quando eles comparecessem a consultas veterin\u00e1rias recorrentes, para verificar se seus intestinos se tornam mais semelhantes do ponto de vista microbiano com o tempo. Ela tamb\u00e9m quer ver se consegue identificar esp\u00e9cies bacterianas semelhantes que poderiam oferecer benef\u00edcios \u00e0 sa\u00fade.<\/p>\n<p>No entanto, outros especialistas acham que a ideia de micr\u00f3bios de c\u00e3es, gatos ou qualquer outro tipo de animal n\u00e3o humano serem incorporados aos nossos microbiomas \u00e9 duvidosa. \u201cN\u00e3o h\u00e1 nenhuma evid\u00eancia disso\u201d, diz Gilbert.<\/p>\n<p>\u201cN\u00e3o encontramos ac\u00famulo de longo prazo de bact\u00e9rias caninas em nossa pele, boca ou intestino. Elas n\u00e3o permanecem.\u201d<\/p>\n<p><strong>An\u00e1lise mais pr\u00f3xima<\/strong><\/p>\n<p>Em resposta a isso, Safdar diz que ainda acredita que o estudo vale muito a pena, afirmando que acha plaus\u00edvel que os micr\u00f3bios intestinais possam ser transferidos dos pets para seus donos, e vice-versa. \u201cVale a pena estudar, e isso ainda n\u00e3o foi analisado de perto\u201d, ela observa.<\/p>\n<p>Gilbert acredita que os animais de estima\u00e7\u00e3o est\u00e3o desempenhando um papel diferente, mas igualmente vital. A teoria dele \u00e9 que, como nossos ancestrais distantes domesticaram v\u00e1rias esp\u00e9cies, nossos sistemas imunol\u00f3gicos evolu\u00edram para serem estimulados pelos micr\u00f3bios que eles carregam.<\/p>\n<p>Esses micr\u00f3bios n\u00e3o residem conosco permanentemente, mas nossas c\u00e9lulas imunol\u00f3gicas reconhecem os sinais familiares quando eles passam, o que mant\u00e9m o sistema imunol\u00f3gico se desenvolvendo da maneira correta.<\/p>\n<p><strong>Transfer\u00eancia de micr\u00f3bios<\/strong><\/p>\n<p>\u201cDurante muitos mil\u00eanios, o sistema imunol\u00f3gico humano se acostumou a ver bact\u00e9rias de cachorros, cavalos e vacas\u201d, observa Gilbert. \u201cAssim, quando ele v\u00ea essas coisas, ativa o desenvolvimento imunol\u00f3gico ben\u00e9fico. Ele sabe o que fazer\u201d, explica.<\/p>\n<p>Estudos tamb\u00e9m mostram que os seres humanos que vivem na mesma casa que um pet acabam tendo microbiomas intestinais mais parecidos entre si, e Gilbert sugere que o animal provavelmente est\u00e1 agindo como um ve\u00edculo para ajudar a transferir os micr\u00f3bios humanos entre seus donos.<\/p>\n<p>Ao mesmo tempo, a exposi\u00e7\u00e3o regular aos micr\u00f3bios do pr\u00f3prio animal de estima\u00e7\u00e3o tamb\u00e9m estimula o sistema imunol\u00f3gico a permanecer mais ativo e a gerenciar melhor as popula\u00e7\u00f5es bacterianas no intestino e no microbioma da pele, mantendo os pat\u00f3genos afastados e estimulando o crescimento de bact\u00e9rias \u00fateis.<\/p>\n<p><strong>Micr\u00f3bios antigos<\/strong><\/p>\n<p>Tudo isso \u00e9 uma boa not\u00edcia para os amantes dos animais, j\u00e1 que as pesquisas continuam sugerindo que conviver com pets ao longo da vida pode fazer bem ao nosso sistema imunol\u00f3gico.<\/p>\n<p>Depois de ler o estudo sobre os Amish e os Huteritas, Shanahan se inspirou a conduzir sua pr\u00f3pria pesquisa sobre os Irish Travellers, uma popula\u00e7\u00e3o marginalizada que normalmente vive em espa\u00e7os confinados entre v\u00e1rios animais \u2014 de c\u00e3es e gatos a fur\u00f5es e cavalos.<\/p>\n<p>Shanahan sequenciou seus microbiomas intestinais, e os comparou com os de irlandeses que adotam estilos de vida mais modernos hoje, assim como com microbiomas sequenciados de popula\u00e7\u00f5es ind\u00edgenas em Fiji, Madagascar, Mong\u00f3lia, Peru e Tanz\u00e2nia, que ainda adotam um estilo de vida semelhante ao dos nossos ancestrais ca\u00e7adores coletores.<\/p>\n<p>Ele descobriu que o microbioma dos Irish Travellers era mais semelhante ao dos grupos ind\u00edgenas. E disse que o microbioma deles tamb\u00e9m apresentava semelhan\u00e7as com o dos seres humanos do mundo pr\u00e9-industrializado, que outros grupos cient\u00edficos conseguiram estudar coletando amostras fecais antigas preservadas em cavernas.<\/p>\n<p><strong>Ancestral<\/strong><\/p>\n<p>\u201cOs Irish Travellers preservaram um microbioma ancestral\u201d, diz Shanahan. \u201c\u00c9 muito mais parecido com o que se v\u00ea nas tribos da Tanz\u00e2nia, que ainda vivem como ca\u00e7adores coletores, ou com os cavaleiros da Mong\u00f3lia, que vivem em tendas, perto de seus animais.\u201d<\/p>\n<p>Shanahan acredita que isso pode explicar as baixas taxas de doen\u00e7as autoimunes nas popula\u00e7\u00f5es de Irish Travellers: condi\u00e7\u00f5es como doen\u00e7a inflamat\u00f3ria intestinal, doen\u00e7a de Crohn, colite ulcerativa, esclerose m\u00faltipla e outras doen\u00e7as que, como asma e alergias, se tornaram cada vez mais comuns nas \u00faltimas d\u00e9cadas.<\/p>\n<p>\u201cIsso n\u00e3o quer dizer que a sa\u00fade deles seja boa\u201d, observa Shanahan. \u201cOs Irish Travellers est\u00e3o morrendo muito mais cedo do que a comunidade assentada. Mas eles est\u00e3o morrendo de coisas como alcoolismo, suic\u00eddio e acidentes, causados pela pobreza e marginaliza\u00e7\u00e3o e pela eros\u00e3o da sua cultura. Mas se voc\u00ea for a um reumatologista irland\u00eas, e perguntar se ele j\u00e1 viu um traveller com l\u00fapus sist\u00eamico [uma doen\u00e7a autoimune], ele nunca viu.\u201d<\/p>\n<p><strong>Sistema imunol\u00f3gico<\/strong><\/p>\n<p>Agora, os pesquisadores est\u00e3o tentando entender se reintroduzir animais em nossas vidas de v\u00e1rias maneiras pode ser ben\u00e9fico para nossa sa\u00fade ao longo da vida.<\/p>\n<p>Pesquisadores da Universidade do Arizona, nos EUA, analisaram se realocar c\u00e3es abandonados com adultos mais velhos poderia ajudar a melhorar a sa\u00fade f\u00edsica e mental deles, fortalecendo seus sistemas imunol\u00f3gicos.<\/p>\n<p>E os resultados de um grupo de pesquisa italiano que criou uma fazenda educacional na qual crian\u00e7as de lares sem animais de estima\u00e7\u00e3o podiam acariciar cavalos regularmente sob supervis\u00e3o, sugeriram que os microbiomas intestinais das crian\u00e7as come\u00e7aram a produzir metab\u00f3litos mais ben\u00e9ficos.<\/p>\n<p>Gilbert diz que \u00e9 plaus\u00edvel que isso possa ser um meio de melhorar a imunidade infantil.<br \/>\u201cSe voc\u00ea for exposto a mais tipos de bact\u00e9rias, vai estimular seu sistema imunol\u00f3gico de maneiras mais vari\u00e1veis, o que pode melhorar sua capacidade de gerenciar os micr\u00f3bios em sua pele e em seu intestino\u201d, explica.\u00a0\u201cMas voc\u00ea n\u00e3o est\u00e1 sendo colonizado por bact\u00e9rias animais, isso n\u00e3o est\u00e1 acontecendo.\u201d<\/p>\n<p><strong>Microbioma<\/strong><\/p>\n<p>Segundo uma <a href=\"https:\/\/g1.globo.com\/saude\/bem-estar\/noticia\/2025\/06\/04\/como-pets-melhoram-nossa-imunidade.ghtml\" target=\"_blank\" rel=\"noopener\"><strong>not\u00edcia do portal G1<\/strong><\/a>, os pesquisadores ressaltam que ter animais de estima\u00e7\u00e3o durante toda a vida tamb\u00e9m pode facilitar mais intera\u00e7\u00f5es microbianas com o sistema imunol\u00f3gico de outras maneiras.<\/p>\n<p>Por exemplo, ter um cachorro aumenta a probabilidade de voc\u00ea fazer caminhadas regulares, observa Liam O\u2019Mahoney, professor de imunologia da APC Microbiome Ireland, um centro de pesquisa dedicado ao microbioma na Universidade College Cork.<\/p>\n<p>\u201cSe voc\u00ea tem um animal de estima\u00e7\u00e3o, voc\u00ea sai ao ar livre, vai passear no parque\u201d, diz O\u2019Mahoney. \u201cE, ao fazer isso, voc\u00ea tamb\u00e9m est\u00e1 sendo exposto a micr\u00f3bios do parque, do solo, de todos os lugares, que podem ser \u00fateis.\u201d<\/p>\n<p><strong>Leia a\u00a0<\/strong><a class=\"\" href=\"https:\/\/www.bbc.co.uk\/future\/article\/20250602-how-your-pets-alter-your-immune-system?xtor=AL-73-%5Bpartner%5D-%5Bg1%5D-%5Blink%5D-%5Bbrazil%5D-%5Bbizdev%5D-%5Bisapi%5D\" target=\"_blank\" rel=\"noopener\" data-mrf-link=\"https:\/\/www.bbc.co.uk\/future\/article\/20250602-how-your-pets-alter-your-immune-system?xtor=AL-73-%5Bpartner%5D-%5Bg1%5D-%5Blink%5D-%5Bbrazil%5D-%5Bbizdev%5D-%5Bisapi%5D\"><strong>\u00edntegra desta reportagem<\/strong><\/a><strong>\u00a0(em ingl\u00eas) no site\u00a0<\/strong><a class=\"\" href=\"https:\/\/www.bbc.co.uk\/future?xtor=AL-73-%5Bpartner%5D-%5Bg1%5D-%5Blink%5D-%5Bbrazil%5D-%5Bbizdev%5D-%5Bisapi%5D\" target=\"_blank\" rel=\"noopener\" data-mrf-link=\"https:\/\/www.bbc.co.uk\/future?xtor=AL-73-%5Bpartner%5D-%5Bg1%5D-%5Blink%5D-%5Bbrazil%5D-%5Bbizdev%5D-%5Bisapi%5D\"><strong>BBC Future<\/strong><\/a><strong>.<\/strong><\/p>\n<\/div>\n<p><br \/>\n<br \/><a href=\"https:\/\/www.jornaldafranca.com.br\/conviver-com-animais-domesticos-pode-ajudar-a-melhorar-a-imunidade-dos-humanos\/\">Source link <\/a><\/p>\n<!-- CONTENT END 1 -->\n","protected":false},"excerpt":{"rendered":"<p>Desde que emigraram da Europa Central para a Am\u00e9rica do Norte no s\u00e9culo 18, os Amish se tornaram conhecidos por seu estilo de vida \u00fanico&#8230;.<\/p>\n","protected":false},"author":1,"featured_media":71536,"comment_status":"open","ping_status":"open","sticky":false,"template":"","format":"standard","meta":{"advanced_seo_description":"","jetpack_seo_html_title":"","jetpack_seo_noindex":false,"jetpack_post_was_ever_published":false,"_jetpack_newsletter_access":"","_jetpack_dont_email_post_to_subs":false,"_jetpack_newsletter_tier_id":0,"_jetpack_memberships_contains_paywalled_content":false,"_jetpack_memberships_contains_paid_content":false,"footnotes":"","jetpack_publicize_message":"","jetpack_publicize_feature_enabled":true,"jetpack_social_post_already_shared":true,"jetpack_social_options":{"image_generator_settings":{"template":"highway","default_image_id":0,"font":"","enabled":false},"version":2}},"categories":[3597],"tags":[],"class_list":["post-71535","post","type-post","status-publish","format-standard","has-post-thumbnail","hentry","category-noticias-franca-sp"],"jetpack_publicize_connections":[],"jetpack_featured_media_url":"https:\/\/i0.wp.com\/noticiasribeiraopreto.com.br\/wp-content\/uploads\/2025\/06\/retrato-de-close-up-de-cachorro-beagle-triste-olhando-para-longe-por-cima-do-ombro-de-uma-menina-morena.jpg?fit=1000%2C667&ssl=1","jetpack-related-posts":[{"id":66830,"url":"https:\/\/noticiasribeiraopreto.com.br\/index.php\/2025\/04\/06\/jornal-da-franca-vegas-card-2-decadas-de-historia-de-inovacao-crescimento-e-responsabilidade-social\/","url_meta":{"origin":71535,"position":0},"title":"Jornal da Franca &#8211; Vegas Card: 2 d\u00e9cadas de hist\u00f3ria de inova\u00e7\u00e3o, crescimento e responsabilidade social","author":"noticiasribeiraopreto.com.br","date":"6 de April de 2025","format":false,"excerpt":"compartilhar no whatsapp compartilhar no telegram compartilhar no facebook compartilhar no linkedin No in\u00edcio de 2025, a marca passou por uma moderniza\u00e7\u00e3o, visando atender a uma nova linha de comunica\u00e7\u00e3o Em 2025, a Vegas Card celebra um marco importante em sua trajet\u00f3ria: 20 anos de excel\u00eancia no mercado de cart\u00f5es\u2026","rel":"","context":"In &quot;Not\u00edcias de Franca-SP&quot;","block_context":{"text":"Not\u00edcias de Franca-SP","link":"https:\/\/noticiasribeiraopreto.com.br\/index.php\/category\/noticias-de-ribeirao-preto-sp-e-regiao-ismael-colosi\/noticias-franca-sp\/"},"img":{"alt_text":"","src":"https:\/\/i0.wp.com\/noticiasribeiraopreto.com.br\/wp-content\/uploads\/2025\/04\/Sem-titulo-2.jpg?fit=691%2C441&ssl=1&resize=350%2C200","width":350,"height":200,"srcset":"https:\/\/i0.wp.com\/noticiasribeiraopreto.com.br\/wp-content\/uploads\/2025\/04\/Sem-titulo-2.jpg?fit=691%2C441&ssl=1&resize=350%2C200 1x, https:\/\/i0.wp.com\/noticiasribeiraopreto.com.br\/wp-content\/uploads\/2025\/04\/Sem-titulo-2.jpg?fit=691%2C441&ssl=1&resize=525%2C300 1.5x"},"classes":[]},{"id":65111,"url":"https:\/\/noticiasribeiraopreto.com.br\/index.php\/2025\/03\/15\/jornal-da-franca-a-arca-de-noe-pode-realmente-ter-existido-segundo-novas-evidencias-cientificas\/","url_meta":{"origin":71535,"position":1},"title":"Jornal da Franca &#8211; A Arca de No\u00e9 pode realmente ter existido, segundo novas evid\u00eancias cient\u00edficas","author":"noticiasribeiraopreto.com.br","date":"15 de March de 2025","format":false,"excerpt":"compartilhar no whatsapp compartilhar no telegram compartilhar no facebook compartilhar no linkedin Uma forma\u00e7\u00e3o geol\u00f3gica em formato de barco, que j\u00e1 esteve sob a \u00e1gua, remonta \u00e0 mesma \u00e9poca em que teria ocorrido o dil\u00favio b\u00edblico Desde sua descoberta em 1948, muitos teorizaram que a Forma\u00e7\u00e3o Durupinar \u00e9 a madeira\u2026","rel":"","context":"In &quot;Not\u00edcias de Franca-SP&quot;","block_context":{"text":"Not\u00edcias de Franca-SP","link":"https:\/\/noticiasribeiraopreto.com.br\/index.php\/category\/noticias-de-ribeirao-preto-sp-e-regiao-ismael-colosi\/noticias-franca-sp\/"},"img":{"alt_text":"","src":"https:\/\/i0.wp.com\/noticiasribeiraopreto.com.br\/wp-content\/uploads\/2025\/03\/arca-de-noe-fossilizada-facebook-noah-arkscans.jpg?fit=888%2C592&ssl=1&resize=350%2C200","width":350,"height":200,"srcset":"https:\/\/i0.wp.com\/noticiasribeiraopreto.com.br\/wp-content\/uploads\/2025\/03\/arca-de-noe-fossilizada-facebook-noah-arkscans.jpg?fit=888%2C592&ssl=1&resize=350%2C200 1x, https:\/\/i0.wp.com\/noticiasribeiraopreto.com.br\/wp-content\/uploads\/2025\/03\/arca-de-noe-fossilizada-facebook-noah-arkscans.jpg?fit=888%2C592&ssl=1&resize=525%2C300 1.5x, https:\/\/i0.wp.com\/noticiasribeiraopreto.com.br\/wp-content\/uploads\/2025\/03\/arca-de-noe-fossilizada-facebook-noah-arkscans.jpg?fit=888%2C592&ssl=1&resize=700%2C400 2x"},"classes":[]},{"id":14197,"url":"https:\/\/noticiasribeiraopreto.com.br\/index.php\/2023\/12\/11\/como-a-primeira-letra-do-nome-pode-impactar-sua-carreira\/","url_meta":{"origin":71535,"position":2},"title":"Como a primeira letra do nome pode impactar sua carreira","author":"noticiasribeiraopreto.com.br","date":"11 de December de 2023","format":false,"excerpt":"Getty ImagesDe planos de carreira a prefer\u00eancias residenciais, decis\u00f5es nem sempre s\u00e3o racionais e podem ser influenciadas pelas letras do seu nome E se a primeira letra do seu nome tivesse influ\u00eancia nas suas escolhas de vida? De planos de carreira a prefer\u00eancias residenciais, uma nova pesquisa publicada no Journal\u2026","rel":"","context":"In &quot;Blog&quot;","block_context":{"text":"Blog","link":"https:\/\/noticiasribeiraopreto.com.br\/index.php\/category\/blog\/"},"img":{"alt_text":"","src":"https:\/\/i0.wp.com\/noticiasribeiraopreto.com.br\/wp-content\/uploads\/2023\/12\/carreira-guia-trajetoria-1024x683.jpg?fit=1024%2C683&ssl=1&resize=350%2C200","width":350,"height":200,"srcset":"https:\/\/i0.wp.com\/noticiasribeiraopreto.com.br\/wp-content\/uploads\/2023\/12\/carreira-guia-trajetoria-1024x683.jpg?fit=1024%2C683&ssl=1&resize=350%2C200 1x, https:\/\/i0.wp.com\/noticiasribeiraopreto.com.br\/wp-content\/uploads\/2023\/12\/carreira-guia-trajetoria-1024x683.jpg?fit=1024%2C683&ssl=1&resize=525%2C300 1.5x, https:\/\/i0.wp.com\/noticiasribeiraopreto.com.br\/wp-content\/uploads\/2023\/12\/carreira-guia-trajetoria-1024x683.jpg?fit=1024%2C683&ssl=1&resize=700%2C400 2x"},"classes":[]},{"id":67882,"url":"https:\/\/noticiasribeiraopreto.com.br\/index.php\/2025\/04\/19\/jornal-da-franca-pascoa-saiba-como-comecou-a-tradicao-de-presentear-com-ovos-de-chocolate\/","url_meta":{"origin":71535,"position":3},"title":"Jornal da Franca &#8211; P\u00e1scoa: saiba como come\u00e7ou a tradi\u00e7\u00e3o de presentear com ovos de chocolate","author":"noticiasribeiraopreto.com.br","date":"19 de April de 2025","format":false,"excerpt":"compartilhar no whatsapp compartilhar no telegram compartilhar no facebook compartilhar no linkedin Apesar do doce ser um dos s\u00edmbolos mais populares \u2014 e queridos \u2014 na data, a sua hist\u00f3ria ainda gera muitas d\u00favidas e curiosidade Tradi\u00e7\u00e3o de presentear com ovos na P\u00e1scoa \u00e9 antiga e cheia de simbolismos \u2013\u2026","rel":"","context":"In &quot;Not\u00edcias de Franca-SP&quot;","block_context":{"text":"Not\u00edcias de Franca-SP","link":"https:\/\/noticiasribeiraopreto.com.br\/index.php\/category\/noticias-de-ribeirao-preto-sp-e-regiao-ismael-colosi\/noticias-franca-sp\/"},"img":{"alt_text":"","src":"https:\/\/i0.wp.com\/noticiasribeiraopreto.com.br\/wp-content\/uploads\/2025\/04\/pascoa-crianca-com-ovo-de-chocolate.jpg?fit=1200%2C800&ssl=1&resize=350%2C200","width":350,"height":200,"srcset":"https:\/\/i0.wp.com\/noticiasribeiraopreto.com.br\/wp-content\/uploads\/2025\/04\/pascoa-crianca-com-ovo-de-chocolate.jpg?fit=1200%2C800&ssl=1&resize=350%2C200 1x, https:\/\/i0.wp.com\/noticiasribeiraopreto.com.br\/wp-content\/uploads\/2025\/04\/pascoa-crianca-com-ovo-de-chocolate.jpg?fit=1200%2C800&ssl=1&resize=525%2C300 1.5x, https:\/\/i0.wp.com\/noticiasribeiraopreto.com.br\/wp-content\/uploads\/2025\/04\/pascoa-crianca-com-ovo-de-chocolate.jpg?fit=1200%2C800&ssl=1&resize=700%2C400 2x, https:\/\/i0.wp.com\/noticiasribeiraopreto.com.br\/wp-content\/uploads\/2025\/04\/pascoa-crianca-com-ovo-de-chocolate.jpg?fit=1200%2C800&ssl=1&resize=1050%2C600 3x"},"classes":[]},{"id":64556,"url":"https:\/\/noticiasribeiraopreto.com.br\/index.php\/2025\/03\/09\/jornal-da-franca-quer-aprender-mais-rapido-conheca-a-tecnica-que-usa-apenas-4-passos\/","url_meta":{"origin":71535,"position":4},"title":"Jornal da Franca &#8211; Quer aprender mais r\u00e1pido? Conhe\u00e7a a t\u00e9cnica que usa apenas 4 passos!","author":"noticiasribeiraopreto.com.br","date":"9 de March de 2025","format":false,"excerpt":"compartilhar no whatsapp compartilhar no telegram compartilhar no facebook compartilhar no linkedin T\u00e9cnica \u00e9 muito utilizada para identificar lacunas em seu conhecimento sobre certos assuntos. Veja como fazer T\u00e9cnica de Feynman vai te ajudar a aprender o que precisa em apenas 4 passos simples \u2013 foto Freepik \u00a0 Richard Feynman\u2026","rel":"","context":"In &quot;Not\u00edcias de Franca-SP&quot;","block_context":{"text":"Not\u00edcias de Franca-SP","link":"https:\/\/noticiasribeiraopreto.com.br\/index.php\/category\/noticias-de-ribeirao-preto-sp-e-regiao-ismael-colosi\/noticias-franca-sp\/"},"img":{"alt_text":"","src":"https:\/\/i0.wp.com\/noticiasribeiraopreto.com.br\/wp-content\/uploads\/2025\/03\/mulher-estudando-scaled.jpg?fit=1200%2C801&ssl=1&resize=350%2C200","width":350,"height":200,"srcset":"https:\/\/i0.wp.com\/noticiasribeiraopreto.com.br\/wp-content\/uploads\/2025\/03\/mulher-estudando-scaled.jpg?fit=1200%2C801&ssl=1&resize=350%2C200 1x, https:\/\/i0.wp.com\/noticiasribeiraopreto.com.br\/wp-content\/uploads\/2025\/03\/mulher-estudando-scaled.jpg?fit=1200%2C801&ssl=1&resize=525%2C300 1.5x, https:\/\/i0.wp.com\/noticiasribeiraopreto.com.br\/wp-content\/uploads\/2025\/03\/mulher-estudando-scaled.jpg?fit=1200%2C801&ssl=1&resize=700%2C400 2x, https:\/\/i0.wp.com\/noticiasribeiraopreto.com.br\/wp-content\/uploads\/2025\/03\/mulher-estudando-scaled.jpg?fit=1200%2C801&ssl=1&resize=1050%2C600 3x"},"classes":[]},{"id":17521,"url":"https:\/\/noticiasribeiraopreto.com.br\/index.php\/2023\/12\/18\/10-tratamentos-de-beleza-mais-bizarros-de-todos-os-tempos-meu-valor-digital\/","url_meta":{"origin":71535,"position":5},"title":"10 tratamentos de beleza mais bizarros de todos os tempos &#8211; Meu Valor Digital","author":"noticiasribeiraopreto.com.br","date":"18 de December de 2023","format":false,"excerpt":"Os procedimentos est\u00e9ticos existem a muitos anos, e hoje, gra\u00e7as ao avan\u00e7o da medicina e de tecnologias temos diversos de processos de beleza que s\u00e3o super eficientes para quem busca se sentir bem independente da idade, e o melhor, que realmente funcionam e s\u00e3o totalmente seguros para quem os escolhe.\u2026","rel":"","context":"In &quot;Vagas de Emprego em Ribeir\u00e3o Preto-SP&quot;","block_context":{"text":"Vagas de Emprego em Ribeir\u00e3o Preto-SP","link":"https:\/\/noticiasribeiraopreto.com.br\/index.php\/category\/empregos-classificados-vagas-trabalho\/vagas-de-empregos-em-ribeirao-preto-regiao-brasil\/"},"img":{"alt_text":"","src":"https:\/\/i0.wp.com\/noticiasribeiraopreto.com.br\/wp-content\/uploads\/2023\/12\/mulher-bonita-dos-anos-30.jpg?fit=1200%2C800&ssl=1&resize=350%2C200","width":350,"height":200,"srcset":"https:\/\/i0.wp.com\/noticiasribeiraopreto.com.br\/wp-content\/uploads\/2023\/12\/mulher-bonita-dos-anos-30.jpg?fit=1200%2C800&ssl=1&resize=350%2C200 1x, https:\/\/i0.wp.com\/noticiasribeiraopreto.com.br\/wp-content\/uploads\/2023\/12\/mulher-bonita-dos-anos-30.jpg?fit=1200%2C800&ssl=1&resize=525%2C300 1.5x, https:\/\/i0.wp.com\/noticiasribeiraopreto.com.br\/wp-content\/uploads\/2023\/12\/mulher-bonita-dos-anos-30.jpg?fit=1200%2C800&ssl=1&resize=700%2C400 2x, https:\/\/i0.wp.com\/noticiasribeiraopreto.com.br\/wp-content\/uploads\/2023\/12\/mulher-bonita-dos-anos-30.jpg?fit=1200%2C800&ssl=1&resize=1050%2C600 3x"},"classes":[]}],"jetpack_sharing_enabled":true,"jetpack_shortlink":"https:\/\/wp.me\/peQAOb-iBN","_links":{"self":[{"href":"https:\/\/noticiasribeiraopreto.com.br\/index.php\/wp-json\/wp\/v2\/posts\/71535","targetHints":{"allow":["GET"]}}],"collection":[{"href":"https:\/\/noticiasribeiraopreto.com.br\/index.php\/wp-json\/wp\/v2\/posts"}],"about":[{"href":"https:\/\/noticiasribeiraopreto.com.br\/index.php\/wp-json\/wp\/v2\/types\/post"}],"author":[{"embeddable":true,"href":"https:\/\/noticiasribeiraopreto.com.br\/index.php\/wp-json\/wp\/v2\/users\/1"}],"replies":[{"embeddable":true,"href":"https:\/\/noticiasribeiraopreto.com.br\/index.php\/wp-json\/wp\/v2\/comments?post=71535"}],"version-history":[{"count":0,"href":"https:\/\/noticiasribeiraopreto.com.br\/index.php\/wp-json\/wp\/v2\/posts\/71535\/revisions"}],"wp:featuredmedia":[{"embeddable":true,"href":"https:\/\/noticiasribeiraopreto.com.br\/index.php\/wp-json\/wp\/v2\/media\/71536"}],"wp:attachment":[{"href":"https:\/\/noticiasribeiraopreto.com.br\/index.php\/wp-json\/wp\/v2\/media?parent=71535"}],"wp:term":[{"taxonomy":"category","embeddable":true,"href":"https:\/\/noticiasribeiraopreto.com.br\/index.php\/wp-json\/wp\/v2\/categories?post=71535"},{"taxonomy":"post_tag","embeddable":true,"href":"https:\/\/noticiasribeiraopreto.com.br\/index.php\/wp-json\/wp\/v2\/tags?post=71535"}],"curies":[{"name":"wp","href":"https:\/\/api.w.org\/{rel}","templated":true}]}}