{"id":71543,"date":"2025-06-07T05:34:37","date_gmt":"2025-06-07T08:34:37","guid":{"rendered":"https:\/\/noticiasribeiraopreto.com.br\/index.php\/2025\/06\/07\/policia-civil-investiga-homicidio-em-pontal\/"},"modified":"2025-06-07T05:34:37","modified_gmt":"2025-06-07T08:34:37","slug":"policia-civil-investiga-homicidio-em-pontal","status":"publish","type":"post","link":"https:\/\/noticiasribeiraopreto.com.br\/index.php\/2025\/06\/07\/policia-civil-investiga-homicidio-em-pontal\/","title":{"rendered":"Pol\u00edcia civil investiga homic\u00eddio em Pontal"},"content":{"rendered":"<div class='code-block code-block-1' style='margin: 8px 0 8px auto; text-align: right; display: block; clear: both;'>\n<p><a href=\"https:\/\/wa.link\/vpicfd\"><img data-recalc-dims=\"1\" class=\"wp-image-4922\" style=\"aspect-ratio: 2.0253164556962027; width: 561px; height: auto;\" src=\"https:\/\/i0.wp.com\/ismaelcolosi.com.br\/wp-content\/uploads\/2023\/11\/grupo-de-empregos-whatsapp-e-facebook-ismael-colosi-vagas.jpg?ssl=1\" alt=\"\" \/><\/a><\/p>\n<!-- \/wp:image -->\n<\/div>\n<p> <br \/>\n<\/p>\n<div id=\"\">\n<p>\n\t\t\t\t\t\t\t\t\t<span class=\"entry-meta-item penci-posted-on\"><i class=\"fa fa-clock-o\"\/><time class=\"entry-date published updated\" datetime=\"2025-06-07T05:28:17-03:00\">7 de junho de 2025 05:28<\/time><\/span><span class=\"entry-meta-item penci-post-countview\"><span class=\"entry-meta-item penci-post-countview penci_post-meta_item\"><i class=\"fa fa-eye\"\/><span class=\"penci-post-countview-number penci-post-countview-p428021\">2<\/span><\/span><\/span>\t\t\t\t\t\t\t\t<\/p>\n<p><!-- .entry-meta --><br \/>\n\t\t\t\t\t\t\t\t<span class=\"penci-social-buttons penci-social-share-footer\"><span class=\"penci-social-share-text\">Compartilhar<\/span><a href=\"#\" class=\"penci-post-like penci_post-meta_item  single-like-button penci-social-item like\" data-post_id=\"428021\" title=\"Like\" data-like=\"Like\" data-unlike=\"Unlike\"><i class=\"fa fa-thumbs-o-up\"\/><span class=\"penci-share-number\">0<\/span><\/a><i class=\"fa fa-facebook\"\/><a class=\"penci-social-item twitter\" target=\"_blank\" rel=\"noopener\" title=\"\" href=\"https:\/\/twitter.com\/intent\/tweet?text=Pol\u00edcia%20civil%20investiga%20homic\u00eddio%20em%20Pontal%20-%20https:\/\/www.tribunaribeirao.com.br\/policia-civil-investiga-homicidio-em-pontal\/\"><i class=\"fa fa-twitter\"\/><\/a><i class=\"fa fa-linkedin\"\/><i class=\"fa fa-whatsapp\"\/><i class=\"fa fa-telegram\"\/><i class=\"fa fa-envelope\"\/><\/span>\t\t\t\t\t\t\t<\/div>\n<div>\n<p>A Pol\u00edcia Civil de S\u00e3o Paulo passou a tratar como homic\u00eddio o desaparecimento de um adolescente de 16 anos, ocorrido na cidade de Pontal (SP). O jovem est\u00e1 desaparecido desde a madrugada de 1\u00ba de junho, quando foi agredido e for\u00e7ado a entrar em uma caminhonete. As investiga\u00e7\u00f5es apontam que o crime pode estar relacionado ao desaparecimento de um aparelho celular.<\/p>\n<p>Equipes da Pol\u00edcia Civil, do Corpo de Bombeiros e da per\u00edcia estiveram nesta sexta-feira (6) \u00e0s margens do rio Pardo, ap\u00f3s o recebimento de informa\u00e7\u00f5es consideradas relevantes que indicariam o local como poss\u00edvel ponto de desova do corpo. Na \u00e1rea, foram encontrados um t\u00eanis e vest\u00edgios de sangue, al\u00e9m de sinais de terra remexida.<\/p>\n<p>Exames periciais confirmaram que o sangue recolhido \u00e9 de origem humana. O material passar\u00e1 por an\u00e1lise gen\u00e9tica, que ser\u00e1 comparada com amostras coletadas da caminhonete suspeita e com o DNA da fam\u00edlia do adolescente, a fim de confirmar a identidade e estabelecer a conex\u00e3o com o crime.<\/p>\n<p>As buscas prosseguem neste s\u00e1bado (7), com refor\u00e7o no efetivo ao redor do rio.<\/p>\n<p>\u2014<\/p>\n<p>Jornal Tribuna Ribeir\u00e3o<\/p>\n<p>Um Jornal com a cara de Ribeir\u00e3o!<\/p>\n<p>\u00a0<\/p>\n<p>Impresso | WEB | Redes sociais<\/p>\n<p>Tribuna Ribeir\u00e3o \u2013 Fone: (16) 3632-2200 \u2013 Whatsapp: (16) 98161-8743<\/p>\n<p>Av. Bar\u00e3o do Bananal, 880 \u2013 Jardim Anhanguera, Ribeir\u00e3o Preto<\/p>\n<p>\u00a0<\/p>\n<p>@tribunaribeirao @meiaderibeirao @dinoderibeirao<\/p>\n<p>\u00a0<\/p>\n<p>#TribunaRibeir\u00e3o #News #Not\u00edcia #Ribeir\u00e3oPreto #Not\u00edciasDeRibeir\u00e3oPreto<\/p>\n<p>#ClassificadosTribunaRibeir\u00e3o #Jornalismo #ClassificadosRibeir\u00e3o<\/p>\n<\/div>\n<p><script async src=\"\/\/platform.twitter.com\/widgets.js\" charset=\"utf-8\"><\/script><br \/>\n<br \/><br \/>\n<br \/><a href=\"https:\/\/www.tribunaribeirao.com.br\/policia-civil-investiga-homicidio-em-pontal\/\">Source link <\/a><\/p>\n<!-- CONTENT END 1 -->\n","protected":false},"excerpt":{"rendered":"<p>7 de junho de 2025 05:282 Compartilhar0 A Pol\u00edcia Civil de S\u00e3o Paulo passou a tratar como homic\u00eddio o desaparecimento de um adolescente de 16&#8230;<\/p>\n","protected":false},"author":1,"featured_media":71544,"comment_status":"open","ping_status":"open","sticky":false,"template":"","format":"standard","meta":{"advanced_seo_description":"","jetpack_seo_html_title":"","jetpack_seo_noindex":false,"jetpack_post_was_ever_published":false,"_jetpack_newsletter_access":"","_jetpack_dont_email_post_to_subs":false,"_jetpack_newsletter_tier_id":0,"_jetpack_memberships_contains_paywalled_content":false,"_jetpack_memberships_contains_paid_content":false,"footnotes":"","jetpack_publicize_message":"","jetpack_publicize_feature_enabled":true,"jetpack_social_post_already_shared":true,"jetpack_social_options":{"image_generator_settings":{"template":"highway","default_image_id":0,"font":"","enabled":false},"version":2}},"categories":[11],"tags":[],"class_list":["post-71543","post","type-post","status-publish","format-standard","has-post-thumbnail","hentry","category-noticias-de-ribeirao-preto-sp-e-regiao-ismael-colosi"],"jetpack_publicize_connections":[],"jetpack_featured_media_url":"https:\/\/i0.wp.com\/noticiasribeiraopreto.com.br\/wp-content\/uploads\/2025\/06\/adeus_alex.jpg?fit=558%2C500&ssl=1","jetpack-related-posts":[{"id":72665,"url":"https:\/\/noticiasribeiraopreto.com.br\/index.php\/2025\/06\/19\/policia-investiga-morte-de-nathalia-garnica-como-homicidio-apos-laudo-apontar-veneno\/","url_meta":{"origin":71543,"position":0},"title":"Pol\u00edcia investiga morte de Nath\u00e1lia Garnica como homic\u00eddio ap\u00f3s laudo apontar veneno","author":"noticiasribeiraopreto.com.br","date":"19 de June de 2025","format":false,"excerpt":"A Pol\u00edcia Civil investiga a morte de Nath\u00e1lia Garnica como homic\u00eddio, depois de que Instituto M\u00e9dico Legal (IML)\u00a0confirmou a presen\u00e7a de\u00a0veneno de rato em tr\u00eas \u00f3rg\u00e3os dela, durante a exuma\u00e7\u00e3o de seu corpo, em Pontal, a 40 quil\u00f4metros de Ribeir\u00e3o Preto. Nath\u00e1lia, que morreu em fevereiro deste ano, era cunhada\u2026","rel":"","context":"In &quot;Not\u00edcias de Ribeir\u00e3o Preto-SP e Regi\u00e3o&quot;","block_context":{"text":"Not\u00edcias de Ribeir\u00e3o Preto-SP e Regi\u00e3o","link":"https:\/\/noticiasribeiraopreto.com.br\/index.php\/category\/noticias-de-ribeirao-preto-sp-e-regiao-ismael-colosi\/"},"img":{"alt_text":"","src":"https:\/\/i0.wp.com\/noticiasribeiraopreto.com.br\/wp-content\/uploads\/2025\/06\/nathalia_2025-05-16_16-00-14.webp.webp?fit=1200%2C720&ssl=1&resize=350%2C200","width":350,"height":200,"srcset":"https:\/\/i0.wp.com\/noticiasribeiraopreto.com.br\/wp-content\/uploads\/2025\/06\/nathalia_2025-05-16_16-00-14.webp.webp?fit=1200%2C720&ssl=1&resize=350%2C200 1x, https:\/\/i0.wp.com\/noticiasribeiraopreto.com.br\/wp-content\/uploads\/2025\/06\/nathalia_2025-05-16_16-00-14.webp.webp?fit=1200%2C720&ssl=1&resize=525%2C300 1.5x, https:\/\/i0.wp.com\/noticiasribeiraopreto.com.br\/wp-content\/uploads\/2025\/06\/nathalia_2025-05-16_16-00-14.webp.webp?fit=1200%2C720&ssl=1&resize=700%2C400 2x, https:\/\/i0.wp.com\/noticiasribeiraopreto.com.br\/wp-content\/uploads\/2025\/06\/nathalia_2025-05-16_16-00-14.webp.webp?fit=1200%2C720&ssl=1&resize=1050%2C600 3x"},"classes":[]},{"id":71215,"url":"https:\/\/noticiasribeiraopreto.com.br\/index.php\/2025\/06\/03\/policia-investiga-desaparecimento-de-jovem-por-causa-de-celular-na-regiao-de-ribeirao-preto\/","url_meta":{"origin":71543,"position":1},"title":"Pol\u00edcia investiga desaparecimento de jovem por causa de celular na regi\u00e3o de Ribeir\u00e3o Preto","author":"noticiasribeiraopreto.com.br","date":"3 de June de 2025","format":false,"excerpt":"A Pol\u00edcia Civil investiga o desaparecimento de um adolescente de 16 anos em Pontal, na regi\u00e3o de Ribeir\u00e3o Preto. Alex Gabriel dos Santos foi visto pela \u00faltima vez na madrugada de domingo (1\u00ba), ap\u00f3s ser levado \u00e0 for\u00e7a por dois homens e uma mulher em uma caminhonete, segundo relato de\u2026","rel":"","context":"In &quot;Not\u00edcias de Ribeir\u00e3o Preto-SP e Regi\u00e3o&quot;","block_context":{"text":"Not\u00edcias de Ribeir\u00e3o Preto-SP e Regi\u00e3o","link":"https:\/\/noticiasribeiraopreto.com.br\/index.php\/category\/noticias-de-ribeirao-preto-sp-e-regiao-ismael-colosi\/"},"img":{"alt_text":"","src":"https:\/\/i0.wp.com\/noticiasribeiraopreto.com.br\/wp-content\/uploads\/2025\/06\/Copia-de-Copia-de-Copia-de-TAMANHO-EXATO-PARA-FOTOS-NO-SISTEMA-NOVO-2025-06-03T201258.783_2025-06-03_23-13-26.webp.webp?fit=1200%2C675&ssl=1&resize=350%2C200","width":350,"height":200,"srcset":"https:\/\/i0.wp.com\/noticiasribeiraopreto.com.br\/wp-content\/uploads\/2025\/06\/Copia-de-Copia-de-Copia-de-TAMANHO-EXATO-PARA-FOTOS-NO-SISTEMA-NOVO-2025-06-03T201258.783_2025-06-03_23-13-26.webp.webp?fit=1200%2C675&ssl=1&resize=350%2C200 1x, https:\/\/i0.wp.com\/noticiasribeiraopreto.com.br\/wp-content\/uploads\/2025\/06\/Copia-de-Copia-de-Copia-de-TAMANHO-EXATO-PARA-FOTOS-NO-SISTEMA-NOVO-2025-06-03T201258.783_2025-06-03_23-13-26.webp.webp?fit=1200%2C675&ssl=1&resize=525%2C300 1.5x, https:\/\/i0.wp.com\/noticiasribeiraopreto.com.br\/wp-content\/uploads\/2025\/06\/Copia-de-Copia-de-Copia-de-TAMANHO-EXATO-PARA-FOTOS-NO-SISTEMA-NOVO-2025-06-03T201258.783_2025-06-03_23-13-26.webp.webp?fit=1200%2C675&ssl=1&resize=700%2C400 2x, https:\/\/i0.wp.com\/noticiasribeiraopreto.com.br\/wp-content\/uploads\/2025\/06\/Copia-de-Copia-de-Copia-de-TAMANHO-EXATO-PARA-FOTOS-NO-SISTEMA-NOVO-2025-06-03T201258.783_2025-06-03_23-13-26.webp.webp?fit=1200%2C675&ssl=1&resize=1050%2C600 3x"},"classes":[]},{"id":71484,"url":"https:\/\/noticiasribeiraopreto.com.br\/index.php\/2025\/06\/06\/o-que-se-sabe-sobre-o-desaparecimento-do-adolescente-de-16-anos-em-pontal\/","url_meta":{"origin":71543,"position":2},"title":"O que se sabe sobre o desaparecimento do adolescente de 16 anos em Pontal","author":"noticiasribeiraopreto.com.br","date":"6 de June de 2025","format":false,"excerpt":"A Pol\u00edcia Civil investiga o de desaparecimento do adolescente\u00a0Alex Gabriel Santos, de 16 anos, em Pontal, a aproximadamente 40 quil\u00f4metros de Ribeir\u00e3o Preto. Ele foi visto pela \u00faltima vez no domingo (1). Na manh\u00e3 desta sexta-feira (6), o quarto suspeito de envolvimento no caso se entregou \u00e0 pol\u00edcia. Nesta quinta-feira\u2026","rel":"","context":"In &quot;Not\u00edcias de Ribeir\u00e3o Preto-SP e Regi\u00e3o&quot;","block_context":{"text":"Not\u00edcias de Ribeir\u00e3o Preto-SP e Regi\u00e3o","link":"https:\/\/noticiasribeiraopreto.com.br\/index.php\/category\/noticias-de-ribeirao-preto-sp-e-regiao-ismael-colosi\/"},"img":{"alt_text":"","src":"https:\/\/i0.wp.com\/noticiasribeiraopreto.com.br\/wp-content\/uploads\/2025\/06\/ALEX-GABRIEL_2025-06-06_13-51-19.webp.webp?fit=1200%2C879&ssl=1&resize=350%2C200","width":350,"height":200,"srcset":"https:\/\/i0.wp.com\/noticiasribeiraopreto.com.br\/wp-content\/uploads\/2025\/06\/ALEX-GABRIEL_2025-06-06_13-51-19.webp.webp?fit=1200%2C879&ssl=1&resize=350%2C200 1x, https:\/\/i0.wp.com\/noticiasribeiraopreto.com.br\/wp-content\/uploads\/2025\/06\/ALEX-GABRIEL_2025-06-06_13-51-19.webp.webp?fit=1200%2C879&ssl=1&resize=525%2C300 1.5x, https:\/\/i0.wp.com\/noticiasribeiraopreto.com.br\/wp-content\/uploads\/2025\/06\/ALEX-GABRIEL_2025-06-06_13-51-19.webp.webp?fit=1200%2C879&ssl=1&resize=700%2C400 2x, https:\/\/i0.wp.com\/noticiasribeiraopreto.com.br\/wp-content\/uploads\/2025\/06\/ALEX-GABRIEL_2025-06-06_13-51-19.webp.webp?fit=1200%2C879&ssl=1&resize=1050%2C600 3x"},"classes":[]},{"id":77430,"url":"https:\/\/noticiasribeiraopreto.com.br\/index.php\/2025\/09\/18\/policia-investiga-morte-de-diretora-de-escola-aposentada-em-ribeirao-preto\/","url_meta":{"origin":71543,"position":3},"title":"Pol\u00edcia investiga morte de diretora de escola aposentada em Ribeir\u00e3o Preto","author":"noticiasribeiraopreto.com.br","date":"18 de September de 2025","format":false,"excerpt":"A Pol\u00edcia Civil investiga a morte da diretora de escola aposentada M\u00e1rcia Cristina Feliciano Costa, de 59 anos, em Ribeir\u00e3o Preto. A v\u00edtima foi encontrada morta em uma \u00e1rea de lazer no Planalto Verde no \u00faltimo dia 11 de setembro. Segundo o BO (boletim de ocorr\u00eancia), M\u00e1rcia Cristina foi encontrada\u2026","rel":"","context":"In &quot;Not\u00edcias de Ribeir\u00e3o Preto-SP e Regi\u00e3o&quot;","block_context":{"text":"Not\u00edcias de Ribeir\u00e3o Preto-SP e Regi\u00e3o","link":"https:\/\/noticiasribeiraopreto.com.br\/index.php\/category\/noticias-de-ribeirao-preto-sp-e-regiao-ismael-colosi\/"},"img":{"alt_text":"","src":"https:\/\/i0.wp.com\/noticiasribeiraopreto.com.br\/wp-content\/uploads\/2025\/09\/marcia-cristina_2025-09-18_16-40-21.webp.webp?fit=1073%2C780&ssl=1&resize=350%2C200","width":350,"height":200,"srcset":"https:\/\/i0.wp.com\/noticiasribeiraopreto.com.br\/wp-content\/uploads\/2025\/09\/marcia-cristina_2025-09-18_16-40-21.webp.webp?fit=1073%2C780&ssl=1&resize=350%2C200 1x, https:\/\/i0.wp.com\/noticiasribeiraopreto.com.br\/wp-content\/uploads\/2025\/09\/marcia-cristina_2025-09-18_16-40-21.webp.webp?fit=1073%2C780&ssl=1&resize=525%2C300 1.5x, https:\/\/i0.wp.com\/noticiasribeiraopreto.com.br\/wp-content\/uploads\/2025\/09\/marcia-cristina_2025-09-18_16-40-21.webp.webp?fit=1073%2C780&ssl=1&resize=700%2C400 2x, https:\/\/i0.wp.com\/noticiasribeiraopreto.com.br\/wp-content\/uploads\/2025\/09\/marcia-cristina_2025-09-18_16-40-21.webp.webp?fit=1073%2C780&ssl=1&resize=1050%2C600 3x"},"classes":[]},{"id":41657,"url":"https:\/\/noticiasribeiraopreto.com.br\/index.php\/2024\/03\/10\/homem-que-estava-desaparecido-e-encontrado-morto-na-regiao-de-ribeirao\/","url_meta":{"origin":71543,"position":4},"title":"Homem que estava desaparecido \u00e9 encontrado morto na regi\u00e3o de Ribeir\u00e3o","author":"noticiasribeiraopreto.com.br","date":"10 de March de 2024","format":false,"excerpt":"Um homem foi assassinado na noite de s\u00e1bado (9) em uma estrada de terra que liga Pontal ao distrito de Cruz das Posses, em Sert\u00e3ozinho, na regi\u00e3o de Ribeir\u00e3o Preto. O corpo foi encontrado por um homem que passava pelo local e acionou a PM (Pol\u00edcia Militar). A identidade da\u2026","rel":"","context":"In &quot;Not\u00edcias de Ribeir\u00e3o Preto-SP e Regi\u00e3o&quot;","block_context":{"text":"Not\u00edcias de Ribeir\u00e3o Preto-SP e Regi\u00e3o","link":"https:\/\/noticiasribeiraopreto.com.br\/index.php\/category\/noticias-de-ribeirao-preto-sp-e-regiao-ismael-colosi\/"},"img":{"alt_text":"","src":"https:\/\/i0.wp.com\/noticiasribeiraopreto.com.br\/wp-content\/uploads\/2024\/03\/1710076529_WhatsApp-Image-2023-12-09-at-13.55.44.jpeg?fit=1024%2C576&ssl=1&resize=350%2C200","width":350,"height":200,"srcset":"https:\/\/i0.wp.com\/noticiasribeiraopreto.com.br\/wp-content\/uploads\/2024\/03\/1710076529_WhatsApp-Image-2023-12-09-at-13.55.44.jpeg?fit=1024%2C576&ssl=1&resize=350%2C200 1x, https:\/\/i0.wp.com\/noticiasribeiraopreto.com.br\/wp-content\/uploads\/2024\/03\/1710076529_WhatsApp-Image-2023-12-09-at-13.55.44.jpeg?fit=1024%2C576&ssl=1&resize=525%2C300 1.5x, https:\/\/i0.wp.com\/noticiasribeiraopreto.com.br\/wp-content\/uploads\/2024\/03\/1710076529_WhatsApp-Image-2023-12-09-at-13.55.44.jpeg?fit=1024%2C576&ssl=1&resize=700%2C400 2x"},"classes":[]},{"id":85078,"url":"https:\/\/noticiasribeiraopreto.com.br\/index.php\/2026\/04\/21\/homem-e-encontrado-morto-com-ferimento-no-peito\/","url_meta":{"origin":71543,"position":5},"title":"Homem \u00e9 encontrado morto com ferimento no peito","author":"noticiasribeiraopreto.com.br","date":"21 de April de 2026","format":false,"excerpt":"Ler o resumo da not\u00edcia Homem de 25\u202fanos, Crysthian Martins de Oliveira, foi encontrado morto na madrugada de 21\/04 em Pontal, a 40\u202fkm de Ribeir\u00e3o Preto. A v\u00edtima apresentava ferimento no t\u00f3rax, semelhante a facada, na rua Orlando Pedrili, no Jardim das Aroeiras. Pol\u00edcia Militar e equipe do SAMU atenderam;\u2026","rel":"","context":"In &quot;Not\u00edcias de Ribeir\u00e3o Preto-SP e Regi\u00e3o&quot;","block_context":{"text":"Not\u00edcias de Ribeir\u00e3o Preto-SP e Regi\u00e3o","link":"https:\/\/noticiasribeiraopreto.com.br\/index.php\/category\/noticias-de-ribeirao-preto-sp-e-regiao-ismael-colosi\/"},"img":{"alt_text":"","src":"https:\/\/i0.wp.com\/noticiasribeiraopreto.com.br\/wp-content\/uploads\/2026\/04\/PM_2025-10-07_13-33-41.webp.webp?fit=1200%2C692&ssl=1&resize=350%2C200","width":350,"height":200,"srcset":"https:\/\/i0.wp.com\/noticiasribeiraopreto.com.br\/wp-content\/uploads\/2026\/04\/PM_2025-10-07_13-33-41.webp.webp?fit=1200%2C692&ssl=1&resize=350%2C200 1x, https:\/\/i0.wp.com\/noticiasribeiraopreto.com.br\/wp-content\/uploads\/2026\/04\/PM_2025-10-07_13-33-41.webp.webp?fit=1200%2C692&ssl=1&resize=525%2C300 1.5x, https:\/\/i0.wp.com\/noticiasribeiraopreto.com.br\/wp-content\/uploads\/2026\/04\/PM_2025-10-07_13-33-41.webp.webp?fit=1200%2C692&ssl=1&resize=700%2C400 2x, https:\/\/i0.wp.com\/noticiasribeiraopreto.com.br\/wp-content\/uploads\/2026\/04\/PM_2025-10-07_13-33-41.webp.webp?fit=1200%2C692&ssl=1&resize=1050%2C600 3x"},"classes":[]}],"jetpack_sharing_enabled":true,"jetpack_shortlink":"https:\/\/wp.me\/peQAOb-iBV","_links":{"self":[{"href":"https:\/\/noticiasribeiraopreto.com.br\/index.php\/wp-json\/wp\/v2\/posts\/71543","targetHints":{"allow":["GET"]}}],"collection":[{"href":"https:\/\/noticiasribeiraopreto.com.br\/index.php\/wp-json\/wp\/v2\/posts"}],"about":[{"href":"https:\/\/noticiasribeiraopreto.com.br\/index.php\/wp-json\/wp\/v2\/types\/post"}],"author":[{"embeddable":true,"href":"https:\/\/noticiasribeiraopreto.com.br\/index.php\/wp-json\/wp\/v2\/users\/1"}],"replies":[{"embeddable":true,"href":"https:\/\/noticiasribeiraopreto.com.br\/index.php\/wp-json\/wp\/v2\/comments?post=71543"}],"version-history":[{"count":0,"href":"https:\/\/noticiasribeiraopreto.com.br\/index.php\/wp-json\/wp\/v2\/posts\/71543\/revisions"}],"wp:featuredmedia":[{"embeddable":true,"href":"https:\/\/noticiasribeiraopreto.com.br\/index.php\/wp-json\/wp\/v2\/media\/71544"}],"wp:attachment":[{"href":"https:\/\/noticiasribeiraopreto.com.br\/index.php\/wp-json\/wp\/v2\/media?parent=71543"}],"wp:term":[{"taxonomy":"category","embeddable":true,"href":"https:\/\/noticiasribeiraopreto.com.br\/index.php\/wp-json\/wp\/v2\/categories?post=71543"},{"taxonomy":"post_tag","embeddable":true,"href":"https:\/\/noticiasribeiraopreto.com.br\/index.php\/wp-json\/wp\/v2\/tags?post=71543"}],"curies":[{"name":"wp","href":"https:\/\/api.w.org\/{rel}","templated":true}]}}