{"id":71555,"date":"2025-06-07T10:23:23","date_gmt":"2025-06-07T13:23:23","guid":{"rendered":"https:\/\/noticiasribeiraopreto.com.br\/index.php\/2025\/06\/07\/ministerio-desclassifica-oito-marcas-de-azeites\/"},"modified":"2025-06-07T10:23:23","modified_gmt":"2025-06-07T13:23:23","slug":"ministerio-desclassifica-oito-marcas-de-azeites","status":"publish","type":"post","link":"https:\/\/noticiasribeiraopreto.com.br\/index.php\/2025\/06\/07\/ministerio-desclassifica-oito-marcas-de-azeites\/","title":{"rendered":"Minist\u00e9rio desclassifica oito marcas de azeites"},"content":{"rendered":"<div class='code-block code-block-1' style='margin: 8px 0 8px auto; text-align: right; display: block; clear: both;'>\n<p><a href=\"https:\/\/wa.link\/vpicfd\"><img data-recalc-dims=\"1\" class=\"wp-image-4922\" style=\"aspect-ratio: 2.0253164556962027; width: 561px; height: auto;\" src=\"https:\/\/i0.wp.com\/ismaelcolosi.com.br\/wp-content\/uploads\/2023\/11\/grupo-de-empregos-whatsapp-e-facebook-ismael-colosi-vagas.jpg?ssl=1\" alt=\"\" \/><\/a><\/p>\n<!-- \/wp:image -->\n<\/div>\n<p> <br \/>\n<\/p>\n<div>\n<p>O Minist\u00e9rio da Agricultura e Pecu\u00e1ria (Mapa) divulgou, nesta sexta-feira, 6 de junho, um alerta para o risco que a ingest\u00e3o de oito marcas de azeite de oliva j\u00e1 desclassificadas por fraude representa para a sa\u00fade dos consumidores. S\u00e3o elas: Alcoba\u00e7a, Casa do Azeite, Castelo de Viana, San Martin, Santa Luc\u00eda, Terra de Olivos, Terrasa e Villa Gl\u00f3ria.<\/p>\n<p>As autoridades sanit\u00e1rias determinaram o recolhimento dos lotes considerados impr\u00f3prios para o consumo humano depois que t\u00e9cnicos do Laborat\u00f3rio Federal de Defesa Agropecu\u00e1ria identificaram a presen\u00e7a de outros \u00f3leos vegetais misturados ao azeite.<\/p>\n<p>\u201cAs an\u00e1lises confirmaram que os produtos n\u00e3o atendem aos requisitos da Instru\u00e7\u00e3o Normativa n\u00ba 01\/2012, que estabelece os padr\u00f5es de identidade e qualidade do azeite de oliva\u201d, informou o minist\u00e9rio. A pasta alerta que a comercializa\u00e7\u00e3o dos lotes desclassificados configura uma infra\u00e7\u00e3o grave e que os estabelecimentos que mantiverem os itens \u00e0 venda podem ser responsabilizados.<\/p>\n<p>Caso algum consumidor tenha adquirido um dos produtos desclassificados, a orienta\u00e7\u00e3o ministerial \u00e9 que n\u00e3o o utilize e procure o estabelecimento onde o adquiriu a fim de pedir sua substitui\u00e7\u00e3o, conforme prev\u00ea o C\u00f3digo de Defesa do Consumidor.\u00a0 Den\u00fancias sobre a comercializa\u00e7\u00e3o desses produtos podem ser feitas pelo canal oficial Fala.BR, informando o nome e o endere\u00e7o do local de venda.<\/p>\n<p>A Ag\u00eancia Nacional de Vigil\u00e2ncia Sanit\u00e1ria (Anvisa) publicou a proibi\u00e7\u00e3o de mais tr\u00eas marcas de azeite. Desde o m\u00eas de maio, a autarquia tem realizado uma s\u00e9rie de a\u00e7\u00f5es de fiscaliza\u00e7\u00e3o relacionadas a esses produtos. A medida, publicada no Di\u00e1rio Oficial, atinge todos os lotes das marcas Serrano, M\u00e1laga e Campo Ourique. Os produtos devem ser apreendidos pelas autoridades locais e retirados das prateleiras dos com\u00e9rcios.<\/p>\n<p>Nos tr\u00eas casos, os azeites foram interditados por motivos semelhantes: Cadastro Nacional de Pessoa Jur\u00eddica (CNPJ) inv\u00e1lido, origem desconhecida, al\u00e9m de desacordo com os padr\u00f5es f\u00edsico-qu\u00edmicos e de rotulagem exigidos, conforme testes feitos no Laborat\u00f3rio Central de Sa\u00fade P\u00fablica Noel Nutels (Lacen-RJ).<\/p>\n<p>\u201cComo se trata de alimentos com origem desconhecida, n\u00e3o \u00e9 poss\u00edvel ter nenhuma garantia da qualidade e da pr\u00f3pria composi\u00e7\u00e3o dos produtos\u201d, alertou a Anvisa. Por isso, est\u00e3o proibidas a comercializa\u00e7\u00e3o, distribui\u00e7\u00e3o, fabrica\u00e7\u00e3o, importa\u00e7\u00e3o, propaganda e o uso desses alimentos.<\/p>\n<p>Com a nova publica\u00e7\u00e3o, sobe para nove o n\u00famero de marcas proibidas pela Anvisa. S\u00e3o elas: La Ventosa, Grego Santorini, Quintas D\u2019Oliveira, Alonso, Escarpas das Oliveiras, Almazara, Serrano, M\u00e1laga e Campo Ourique.<\/p>\n<p>Segundo a ag\u00eancia, os CNPJs das empresas embaladoras informados nos r\u00f3tulos das marcas est\u00e3o suspensos por inconsist\u00eancias no cadastro da Receita Federal, o que significa que a proced\u00eancia \u00e9 uma inc\u00f3gnita.<\/p>\n<p>A a\u00e7\u00e3o \u00e9 resultado da identifica\u00e7\u00e3o de produtos clandestinos pelo Minist\u00e9rio da Agricultura e Pecu\u00e1ria (Mapa), respons\u00e1vel pela classifica\u00e7\u00e3o e pelo cadastro de empresas produtoras de \u00f3leos vegetais. A partir dessas informa\u00e7\u00f5es, a ag\u00eancia tem determinado a proibi\u00e7\u00e3o e o recolhimento dos produtos.<\/p>\n<p>Os azeites foram analisados no ano passado pelo Laborat\u00f3rio Federal de Defesa Agropecu\u00e1ria e foram desclassificados pelo Mapa por n\u00e3o atenderem aos padr\u00f5es de qualidade previstos na Instru\u00e7\u00e3o Normativa n\u00ba 01\/2012, que estabelece as regras para a fabrica\u00e7\u00e3o do alimento.<\/p>\n<p>\u201cAs an\u00e1lises detectaram a presen\u00e7a de outros \u00f3leos vegetais, n\u00e3o identificados, na composi\u00e7\u00e3o dos azeites, comprometendo a qualidade e a seguran\u00e7a dos produtos\u201d, disse o minist\u00e9rio na \u00e9poca. Segundo as resolu\u00e7\u00f5es, as infra\u00e7\u00f5es fazem com que os produtos se enquadrem na defini\u00e7\u00e3o de alimentos corrompidos, adulterados, falsificados, alterados ou avariados.<\/p>\n<p>Com isso, de acordo com a Anvisa, a venda desses produtos configura uma infra\u00e7\u00e3o sanit\u00e1ria. Assim, os estabelecimentos devem separar as unidades dispon\u00edveis e comunicar o fato \u00e0 Vigil\u00e2ncia Sanit\u00e1ria municipal para que ela possa tomar as medidas cab\u00edveis.<\/p>\n<\/div>\n<p><br \/>\n<br \/><a href=\"https:\/\/www.tribunaribeirao.com.br\/ministerio-desclassifica-oito-marcas-de-azeites\/\">Source link <\/a><\/p>\n<!-- CONTENT END 1 -->\n","protected":false},"excerpt":{"rendered":"<p>O Minist\u00e9rio da Agricultura e Pecu\u00e1ria (Mapa) divulgou, nesta sexta-feira, 6 de junho, um alerta para o risco que a ingest\u00e3o de oito marcas de&#8230;<\/p>\n","protected":false},"author":1,"featured_media":71556,"comment_status":"open","ping_status":"open","sticky":false,"template":"","format":"standard","meta":{"advanced_seo_description":"","jetpack_seo_html_title":"","jetpack_seo_noindex":false,"jetpack_post_was_ever_published":false,"_jetpack_newsletter_access":"","_jetpack_dont_email_post_to_subs":false,"_jetpack_newsletter_tier_id":0,"_jetpack_memberships_contains_paywalled_content":false,"_jetpack_memberships_contains_paid_content":false,"footnotes":"","jetpack_publicize_message":"","jetpack_publicize_feature_enabled":true,"jetpack_social_post_already_shared":true,"jetpack_social_options":{"image_generator_settings":{"template":"highway","default_image_id":0,"font":"","enabled":false},"version":2}},"categories":[11],"tags":[],"class_list":["post-71555","post","type-post","status-publish","format-standard","has-post-thumbnail","hentry","category-noticias-de-ribeirao-preto-sp-e-regiao-ismael-colosi"],"jetpack_publicize_connections":[],"jetpack_featured_media_url":"https:\/\/i0.wp.com\/noticiasribeiraopreto.com.br\/wp-content\/uploads\/2025\/06\/Azeite-Freepik-scaled.jpg?fit=800%2C479&ssl=1","jetpack-related-posts":[{"id":71494,"url":"https:\/\/noticiasribeiraopreto.com.br\/index.php\/2025\/06\/06\/ministerio-aponta-fraude-e-manda-recolher-oito-marcas-de-azeite-adulterado-veja-quais\/","url_meta":{"origin":71555,"position":0},"title":"Minist\u00e9rio aponta fraude e manda recolher oito marcas de azeite adulterado; veja quais","author":"noticiasribeiraopreto.com.br","date":"6 de June de 2025","format":false,"excerpt":"O Minist\u00e9rio da Agricultura e Pecu\u00e1ria (Mapa) divulgou nesta sexta-feira (6) um comunicado informando que oito marcas de azeite de oliva foram desclassificadas por fraude. A pasta tomou a medida ap\u00f3s as an\u00e1lises laboratoriais confirmarem a presen\u00e7a de outros \u00f3leos vegetais nos produtos, em desacordo com os padr\u00f5es exigidos para\u2026","rel":"","context":"In &quot;Not\u00edcias de Ribeir\u00e3o Preto-SP e Regi\u00e3o&quot;","block_context":{"text":"Not\u00edcias de Ribeir\u00e3o Preto-SP e Regi\u00e3o","link":"https:\/\/noticiasribeiraopreto.com.br\/index.php\/category\/noticias-de-ribeirao-preto-sp-e-regiao-ismael-colosi\/"},"img":{"alt_text":"","src":"https:\/\/i0.wp.com\/noticiasribeiraopreto.com.br\/wp-content\/uploads\/2025\/06\/Copia-de-Copia-de-Copia-de-TAMANHO-EXATO-PARA-FOTOS-NO-SISTEMA-NOVO-2025-06-06T150510.415_2025-06-06_18-05-25.webp.webp?fit=1200%2C675&ssl=1&resize=350%2C200","width":350,"height":200,"srcset":"https:\/\/i0.wp.com\/noticiasribeiraopreto.com.br\/wp-content\/uploads\/2025\/06\/Copia-de-Copia-de-Copia-de-TAMANHO-EXATO-PARA-FOTOS-NO-SISTEMA-NOVO-2025-06-06T150510.415_2025-06-06_18-05-25.webp.webp?fit=1200%2C675&ssl=1&resize=350%2C200 1x, https:\/\/i0.wp.com\/noticiasribeiraopreto.com.br\/wp-content\/uploads\/2025\/06\/Copia-de-Copia-de-Copia-de-TAMANHO-EXATO-PARA-FOTOS-NO-SISTEMA-NOVO-2025-06-06T150510.415_2025-06-06_18-05-25.webp.webp?fit=1200%2C675&ssl=1&resize=525%2C300 1.5x, https:\/\/i0.wp.com\/noticiasribeiraopreto.com.br\/wp-content\/uploads\/2025\/06\/Copia-de-Copia-de-Copia-de-TAMANHO-EXATO-PARA-FOTOS-NO-SISTEMA-NOVO-2025-06-06T150510.415_2025-06-06_18-05-25.webp.webp?fit=1200%2C675&ssl=1&resize=700%2C400 2x, https:\/\/i0.wp.com\/noticiasribeiraopreto.com.br\/wp-content\/uploads\/2025\/06\/Copia-de-Copia-de-Copia-de-TAMANHO-EXATO-PARA-FOTOS-NO-SISTEMA-NOVO-2025-06-06T150510.415_2025-06-06_18-05-25.webp.webp?fit=1200%2C675&ssl=1&resize=1050%2C600 3x"},"classes":[]},{"id":19580,"url":"https:\/\/noticiasribeiraopreto.com.br\/index.php\/2023\/12\/22\/ministerio-da-agricultura-retira-12-lotes-de-azeite-de-oliva-do-mercado-saiba-quais-e-por-que\/","url_meta":{"origin":71555,"position":1},"title":"Minist\u00e9rio da Agricultura retira 12 lotes de azeite de oliva do mercado; saiba quais e por qu\u00ea","author":"noticiasribeiraopreto.com.br","date":"22 de December de 2023","format":false,"excerpt":"O Minist\u00e9rio da Agricultura e Pecu\u00e1ria determinou o recolhimento de 12 lotes de azeites de oliva que est\u00e3o impr\u00f3prios para o consumo. Cr\u00e9ditos: Istock\/FG TRADE12 lotes de azeite s\u00e3o retirados do mercado; saiba quais e porque A medida, anunciada nessa quinta-feira, 21, foi tomada ap\u00f3s a confirma\u00e7\u00e3o \u2013 em an\u00e1lises\u2026","rel":"","context":"In &quot;Variedades&quot;","block_context":{"text":"Variedades","link":"https:\/\/noticiasribeiraopreto.com.br\/index.php\/category\/variedades\/"},"img":{"alt_text":"","src":"https:\/\/i0.wp.com\/noticiasribeiraopreto.com.br\/wp-content\/uploads\/2023\/12\/istock-1291246517.jpg?fit=1200%2C638&ssl=1&resize=350%2C200","width":350,"height":200,"srcset":"https:\/\/i0.wp.com\/noticiasribeiraopreto.com.br\/wp-content\/uploads\/2023\/12\/istock-1291246517.jpg?fit=1200%2C638&ssl=1&resize=350%2C200 1x, https:\/\/i0.wp.com\/noticiasribeiraopreto.com.br\/wp-content\/uploads\/2023\/12\/istock-1291246517.jpg?fit=1200%2C638&ssl=1&resize=525%2C300 1.5x, https:\/\/i0.wp.com\/noticiasribeiraopreto.com.br\/wp-content\/uploads\/2023\/12\/istock-1291246517.jpg?fit=1200%2C638&ssl=1&resize=700%2C400 2x, https:\/\/i0.wp.com\/noticiasribeiraopreto.com.br\/wp-content\/uploads\/2023\/12\/istock-1291246517.jpg?fit=1200%2C638&ssl=1&resize=1050%2C600 3x"},"classes":[]},{"id":42863,"url":"https:\/\/noticiasribeiraopreto.com.br\/index.php\/2024\/03\/17\/ministerio-da-agricultura-manda-recolher-dez-marcas-de-azeite\/","url_meta":{"origin":71555,"position":2},"title":"Minist\u00e9rio da Agricultura manda recolher dez marcas de azeite","author":"noticiasribeiraopreto.com.br","date":"17 de March de 2024","format":false,"excerpt":"17 de mar\u00e7o de 2024 | 18:0016 de mar\u00e7o de 2024 | 12:25 0O Minist\u00e9rio da Agricultura e Pecu\u00e1ria (Mapa) ordenou a todos comerciantes, varejistas ou atacadistas, recolherem de suas prateleiras dez marcas de azeite\u00a0de oliva extravirgem.Conforme determina\u00e7\u00e3o divulgada na \u00faltima sexta-feira (15), devem ser retiradas de circula\u00e7\u00e3o\u00a0as marcas: Terra\u2026","rel":"","context":"In &quot;Not\u00edcias de Ribeir\u00e3o Preto-SP e Regi\u00e3o&quot;","block_context":{"text":"Not\u00edcias de Ribeir\u00e3o Preto-SP e Regi\u00e3o","link":"https:\/\/noticiasribeiraopreto.com.br\/index.php\/category\/noticias-de-ribeirao-preto-sp-e-regiao-ismael-colosi\/"},"img":{"alt_text":"","src":"https:\/\/i0.wp.com\/noticiasribeiraopreto.com.br\/wp-content\/uploads\/2024\/03\/mapa-azeite-png.jpg?fit=768%2C467&ssl=1&resize=350%2C200","width":350,"height":200,"srcset":"https:\/\/i0.wp.com\/noticiasribeiraopreto.com.br\/wp-content\/uploads\/2024\/03\/mapa-azeite-png.jpg?fit=768%2C467&ssl=1&resize=350%2C200 1x, https:\/\/i0.wp.com\/noticiasribeiraopreto.com.br\/wp-content\/uploads\/2024\/03\/mapa-azeite-png.jpg?fit=768%2C467&ssl=1&resize=525%2C300 1.5x, https:\/\/i0.wp.com\/noticiasribeiraopreto.com.br\/wp-content\/uploads\/2024\/03\/mapa-azeite-png.jpg?fit=768%2C467&ssl=1&resize=700%2C400 2x"},"classes":[]},{"id":20589,"url":"https:\/\/noticiasribeiraopreto.com.br\/index.php\/2023\/12\/26\/governo-retira-do-mercado-12-lotes-de-azeite-improprios-para-consumo\/","url_meta":{"origin":71555,"position":3},"title":"Governo retira do mercado 12 lotes de azeite impr\u00f3prios para consumo","author":"noticiasribeiraopreto.com.br","date":"26 de December de 2023","format":false,"excerpt":"O Minist\u00e9rio da Agricultura e Pecu\u00e1ria determinou o recolhimento de 12 lotes de azeites de oliva que est\u00e3o impr\u00f3prios para o consumo. Cr\u00e9ditos: IstockGoverno retira do mercado 12 lotes de azeite impr\u00f3prios para consumo A medida, anunciada nessa quinta-feira, 21, foi tomada ap\u00f3s a confirma\u00e7\u00e3o \u2013 em an\u00e1lises laboratoriais \u2013\u2026","rel":"","context":"In &quot;Variedades&quot;","block_context":{"text":"Variedades","link":"https:\/\/noticiasribeiraopreto.com.br\/index.php\/category\/variedades\/"},"img":{"alt_text":"","src":"https:\/\/i0.wp.com\/noticiasribeiraopreto.com.br\/wp-content\/uploads\/2023\/12\/istock-186768677.jpg?fit=1200%2C638&ssl=1&resize=350%2C200","width":350,"height":200,"srcset":"https:\/\/i0.wp.com\/noticiasribeiraopreto.com.br\/wp-content\/uploads\/2023\/12\/istock-186768677.jpg?fit=1200%2C638&ssl=1&resize=350%2C200 1x, https:\/\/i0.wp.com\/noticiasribeiraopreto.com.br\/wp-content\/uploads\/2023\/12\/istock-186768677.jpg?fit=1200%2C638&ssl=1&resize=525%2C300 1.5x, https:\/\/i0.wp.com\/noticiasribeiraopreto.com.br\/wp-content\/uploads\/2023\/12\/istock-186768677.jpg?fit=1200%2C638&ssl=1&resize=700%2C400 2x, https:\/\/i0.wp.com\/noticiasribeiraopreto.com.br\/wp-content\/uploads\/2023\/12\/istock-186768677.jpg?fit=1200%2C638&ssl=1&resize=1050%2C600 3x"},"classes":[]},{"id":59372,"url":"https:\/\/noticiasribeiraopreto.com.br\/index.php\/2024\/10\/22\/ministerio-da-agricultura-divulga-lista-com-12-marcas-de-azeite-fraudadas-confira\/","url_meta":{"origin":71555,"position":4},"title":"Minist\u00e9rio da Agricultura divulga lista com 12 marcas de azeite fraudadas; Confira","author":"noticiasribeiraopreto.com.br","date":"22 de October de 2024","format":false,"excerpt":"O Minist\u00e9rio da Agricultura e Pecu\u00e1ria (Mapa) emitiu um novo comunicado de risco aos consumidores sobre a comercializa\u00e7\u00e3o de 12 marcas de azeite de oliva desclassificadas por fraude, nesta segunda-feira (22). De acordo com o \u00f3rg\u00e3o, foi detectada a presen\u00e7a de outros \u00f3leos vegetais, n\u00e3o identificados, na composi\u00e7\u00e3o desses produtos,\u2026","rel":"","context":"In &quot;Not\u00edcias de Ribeir\u00e3o Preto-SP e Regi\u00e3o&quot;","block_context":{"text":"Not\u00edcias de Ribeir\u00e3o Preto-SP e Regi\u00e3o","link":"https:\/\/noticiasribeiraopreto.com.br\/index.php\/category\/noticias-de-ribeirao-preto-sp-e-regiao-ismael-colosi\/"},"img":{"alt_text":"","src":"https:\/\/i0.wp.com\/noticiasribeiraopreto.com.br\/wp-content\/uploads\/2024\/10\/591e00dc-030e-4b5e-b37c-37e46683d54a_2024-10-22_17-04-18_png_2024-10-22_17-04-18.webp.webp?fit=768%2C467&ssl=1&resize=350%2C200","width":350,"height":200,"srcset":"https:\/\/i0.wp.com\/noticiasribeiraopreto.com.br\/wp-content\/uploads\/2024\/10\/591e00dc-030e-4b5e-b37c-37e46683d54a_2024-10-22_17-04-18_png_2024-10-22_17-04-18.webp.webp?fit=768%2C467&ssl=1&resize=350%2C200 1x, https:\/\/i0.wp.com\/noticiasribeiraopreto.com.br\/wp-content\/uploads\/2024\/10\/591e00dc-030e-4b5e-b37c-37e46683d54a_2024-10-22_17-04-18_png_2024-10-22_17-04-18.webp.webp?fit=768%2C467&ssl=1&resize=525%2C300 1.5x, https:\/\/i0.wp.com\/noticiasribeiraopreto.com.br\/wp-content\/uploads\/2024\/10\/591e00dc-030e-4b5e-b37c-37e46683d54a_2024-10-22_17-04-18_png_2024-10-22_17-04-18.webp.webp?fit=768%2C467&ssl=1&resize=700%2C400 2x"},"classes":[]},{"id":7254,"url":"https:\/\/noticiasribeiraopreto.com.br\/index.php\/2023\/11\/27\/mapa-apreende-6-mil-garrafas-de-azeite-de-oliva-falso-e-28-toneladas-de-feijao-com-impurezas-em-sp\/","url_meta":{"origin":71555,"position":5},"title":"MAPA apreende 6 mil garrafas de azeite de oliva falso e 28 toneladas de feij\u00e3o com impurezas em SP","author":"noticiasribeiraopreto.com.br","date":"27 de November de 2023","format":false,"excerpt":"Uma for\u00e7a-tarefa do Minist\u00e9rio da Agricultura e Pecu\u00e1ria (Mapa) apreendeu 6.031 garrafas de azeite de oliva falsificado e descartou 16.380 litros do produto importado por estarem adulterados. O azeite de oliva \u00e9 o segundo produto alimentar mais fraudado do mundo, atr\u00e1s apenas do pescado. A fraude mais comum \u00e9 a\u2026","rel":"","context":"In &quot;Not\u00edcias de Ribeir\u00e3o Preto-SP e Regi\u00e3o&quot;","block_context":{"text":"Not\u00edcias de Ribeir\u00e3o Preto-SP e Regi\u00e3o","link":"https:\/\/noticiasribeiraopreto.com.br\/index.php\/category\/noticias-de-ribeirao-preto-sp-e-regiao-ismael-colosi\/"},"img":{"alt_text":"","src":"https:\/\/i0.wp.com\/noticiasribeiraopreto.com.br\/wp-content\/uploads\/2023\/11\/aef5cfb7-14e6-43e4-b260-9990d5186aa6.jpeg?fit=768%2C731&ssl=1&resize=350%2C200","width":350,"height":200,"srcset":"https:\/\/i0.wp.com\/noticiasribeiraopreto.com.br\/wp-content\/uploads\/2023\/11\/aef5cfb7-14e6-43e4-b260-9990d5186aa6.jpeg?fit=768%2C731&ssl=1&resize=350%2C200 1x, https:\/\/i0.wp.com\/noticiasribeiraopreto.com.br\/wp-content\/uploads\/2023\/11\/aef5cfb7-14e6-43e4-b260-9990d5186aa6.jpeg?fit=768%2C731&ssl=1&resize=525%2C300 1.5x, https:\/\/i0.wp.com\/noticiasribeiraopreto.com.br\/wp-content\/uploads\/2023\/11\/aef5cfb7-14e6-43e4-b260-9990d5186aa6.jpeg?fit=768%2C731&ssl=1&resize=700%2C400 2x"},"classes":[]}],"jetpack_sharing_enabled":true,"jetpack_shortlink":"https:\/\/wp.me\/peQAOb-iC7","_links":{"self":[{"href":"https:\/\/noticiasribeiraopreto.com.br\/index.php\/wp-json\/wp\/v2\/posts\/71555","targetHints":{"allow":["GET"]}}],"collection":[{"href":"https:\/\/noticiasribeiraopreto.com.br\/index.php\/wp-json\/wp\/v2\/posts"}],"about":[{"href":"https:\/\/noticiasribeiraopreto.com.br\/index.php\/wp-json\/wp\/v2\/types\/post"}],"author":[{"embeddable":true,"href":"https:\/\/noticiasribeiraopreto.com.br\/index.php\/wp-json\/wp\/v2\/users\/1"}],"replies":[{"embeddable":true,"href":"https:\/\/noticiasribeiraopreto.com.br\/index.php\/wp-json\/wp\/v2\/comments?post=71555"}],"version-history":[{"count":0,"href":"https:\/\/noticiasribeiraopreto.com.br\/index.php\/wp-json\/wp\/v2\/posts\/71555\/revisions"}],"wp:featuredmedia":[{"embeddable":true,"href":"https:\/\/noticiasribeiraopreto.com.br\/index.php\/wp-json\/wp\/v2\/media\/71556"}],"wp:attachment":[{"href":"https:\/\/noticiasribeiraopreto.com.br\/index.php\/wp-json\/wp\/v2\/media?parent=71555"}],"wp:term":[{"taxonomy":"category","embeddable":true,"href":"https:\/\/noticiasribeiraopreto.com.br\/index.php\/wp-json\/wp\/v2\/categories?post=71555"},{"taxonomy":"post_tag","embeddable":true,"href":"https:\/\/noticiasribeiraopreto.com.br\/index.php\/wp-json\/wp\/v2\/tags?post=71555"}],"curies":[{"name":"wp","href":"https:\/\/api.w.org\/{rel}","templated":true}]}}