{"id":71557,"date":"2025-06-07T10:29:44","date_gmt":"2025-06-07T13:29:44","guid":{"rendered":"https:\/\/noticiasribeiraopreto.com.br\/index.php\/2025\/06\/07\/catolicos-sao-53-dos-ribeira-pretanos\/"},"modified":"2025-06-07T10:29:44","modified_gmt":"2025-06-07T13:29:44","slug":"catolicos-sao-53-dos-ribeira-pretanos","status":"publish","type":"post","link":"https:\/\/noticiasribeiraopreto.com.br\/index.php\/2025\/06\/07\/catolicos-sao-53-dos-ribeira-pretanos\/","title":{"rendered":"Cat\u00f3licos s\u00e3o 53% dos ribeira-pretanos"},"content":{"rendered":"<div class='code-block code-block-1' style='margin: 8px 0 8px auto; text-align: right; display: block; clear: both;'>\n<p><a href=\"https:\/\/wa.link\/vpicfd\"><img data-recalc-dims=\"1\" class=\"wp-image-4922\" style=\"aspect-ratio: 2.0253164556962027; width: 561px; height: auto;\" src=\"https:\/\/i0.wp.com\/ismaelcolosi.com.br\/wp-content\/uploads\/2023\/11\/grupo-de-empregos-whatsapp-e-facebook-ismael-colosi-vagas.jpg?ssl=1\" alt=\"\" \/><\/a><\/p>\n<!-- \/wp:image -->\n<\/div>\n<p> <br \/>\n<\/p>\n<div>\n<p>A propor\u00e7\u00e3o de evang\u00e9licos na popula\u00e7\u00e3o brasileira continua crescendo, segundo dados do Censo Demogr\u00e1fico 2022, divulgados nesta sexta-feira, 6 de junho, pelo Instituto Brasileiro de Geografia e Estat\u00edstica (IBGE). O levantamento mostra que 26,9% dos brasileiros, ou seja, mais de um quarto da popula\u00e7\u00e3o, se identificavam como seguidores dessa denomina\u00e7\u00e3o religiosa.<\/p>\n<p>Em Ribeir\u00e3o Preto, os evang\u00e9licos representam 22,93% dos moradores, quase um quarto da popula\u00e7\u00e3o, 160.199 pessoas das 698.642 encontradas pelo Censo Demogr\u00e1fico de 2022 \u2013 no ano passado a estimativa j\u00e1 estava em 728.400 habitantes. Por\u00e9m, os cat\u00f3licos ainda s\u00e3o maioria na cidade: 370.839 ribeir\u00e3o-pretanos (53,08%) s\u00e3o ligados ao Vaticano.<\/p>\n<p>Depois aparecem devotos do espiritismo com 42.198 (6,04%), de umbanda\/candombl\u00e9 com 10.130 (1,45%), tradi\u00e7\u00f5es ind\u00edgenas com 140 (0,02%), outras religiosidades com 36.958 (5,29%), sem religi\u00e3o com 77.060 (11,03%), n\u00e3o sabem com 349 (0,05%) e n\u00e3o declararam com 769 (0,11%).<\/p>\n<p>O Censo incluiu no levantamento apenas pessoas com 10 anos ou mais de idade. O grupo dos evang\u00e9licos foi o que mais cresceu entre 2010 e 2022 (5,3 pontos percentuais), segundo o IBGE, j\u00e1 que, segundo o levantamento anterior, de 2010, eles representavam 21,6% dos brasileiros, um pouco mais de um quinto da popula\u00e7\u00e3o.<\/p>\n<p>\u201cOs evang\u00e9licos est\u00e3o se impondo mais na sociedade, colocando mais seus valores, suas ideias, sua f\u00e9\u201d, afirma a pesquisadora da IBGE Maria Goreth Santos. Apesar disso, o instituto mostrou que o ritmo de crescimento dessa religi\u00e3o caiu. De 2000 para 2010, por exemplo, a alta havia sido de 6,5 pontos percentuais (de 15,1% para 21,6%).<\/p>\n<p>De 1991 para 2000, o avan\u00e7o tinha sido de 6,1 pontos percentuais (de 9% para 15,1%). Os sem religi\u00e3o, que incluem qualquer pessoa que n\u00e3o se identifica com nenhuma denomina\u00e7\u00e3o e aquelas que n\u00e3o t\u00eam qualquer f\u00e9 (ateus e agn\u00f3sticos), tamb\u00e9m cresceram, de 7,9%, em 2010, para 9,3%, em 2022.<\/p>\n<p>\u201cSe a pessoa se declara sem religi\u00e3o, a gente registra que \u00e9 sem religi\u00e3o, mas n\u00e3o tem uma pergunta que busque especificar por que motivo a pessoa se declarou sem religi\u00e3o\u201d, afirma o tamb\u00e9m pesquisador do IBGE Bruno Perez. Outro fen\u00f4meno percebido pela pesquisa foi o crescimento das religi\u00f5es de matriz africana, como umbanda e candombl\u00e9, que passaram de 0,3% em 2010 para 1% em 2022.<\/p>\n<p>\u201cUm movimento tem sido feito nos \u00faltimos contra a intoler\u00e2ncia religiosa. E essas pessoas est\u00e3o se colocando como umbandistas, candomblecistas, est\u00e3o se voltando para essa religiosidade. A gente pode ter tamb\u00e9m uma migra\u00e7\u00e3o das pessoas [que j\u00e1 seguiam essas religi\u00f5es, mas] que se declaravam como esp\u00edritas ou como cat\u00f3licas, em fun\u00e7\u00e3o do medo ou da vergonha de se declararem como umbandistas ou candomblecistas\u201d, destaca Maria Goreth.<br \/><strong><br \/>Cat\u00f3licos \u2013 <\/strong>Por outro lado, os cat\u00f3licos apost\u00f3licos romanos recuaram no pa\u00eds, de 65%, em 2010, para 56,7%, em 2022. A queda da participa\u00e7\u00e3o dos cat\u00f3licos no total da popula\u00e7\u00e3o do Brasil vem sendo registrada em toda a s\u00e9rie hist\u00f3rica do levantamento, iniciada em 1872.<\/p>\n<p>Naquele ano, por exemplo, eles representavam a quase totalidade da popula\u00e7\u00e3o (99,7%). Em 2000, passaram a ser tr\u00eas quartos da popula\u00e7\u00e3o (74,1%), chegando a dois ter\u00e7os em 2010 e se aproximando da metade, em 2022.<\/p>\n<p>O Nordeste e o Sul eram as regi\u00f5es com maior participa\u00e7\u00e3o de cat\u00f3licos, em 2022: 63,9% e 62,4%, respectivamente. J\u00e1 o Norte tinha a menor participa\u00e7\u00e3o: 50,5%. No Centro-Oeste e no Sudeste, os percentuais eram de 52,6% e 52,2%, respectivamente.<\/p>\n<p>Os cat\u00f3licos ainda eram maioria em 4.881 munic\u00edpios brasileiros. Em 20 deles, dos quais 14 est\u00e3o no Rio Grande do Sul, os cat\u00f3licos superavam 95%. As maiores propor\u00e7\u00f5es estavam naqueles locais ga\u00fachos com imigra\u00e7\u00e3o italiana e\/ou polonesa: Montauri, Centen\u00e1rio, Uni\u00e3o da Serra e Vespasiano Corr\u00eaa.<\/p>\n<p>Entre aqueles munic\u00edpios com mais de 100 mil habitantes, Crato (CE) tinha a maior propor\u00e7\u00e3o de cat\u00f3licos em 2022 (81,3%). Analisando-se as unidades da federa\u00e7\u00e3o, a maior propor\u00e7\u00e3o de cat\u00f3licos apost\u00f3licos romanos foi observada no Piau\u00ed (77,4%), enquanto a menor foi registrada em Roraima (37,9%).<\/p>\n<p>De acordo com o Censo, a propor\u00e7\u00e3o de cat\u00f3licos aumenta de acordo com a idade, a partir 30 anos. Entre os que t\u00eam 20 a 29 anos, por exemplo, 51,2% diziam seguir essa denomina\u00e7\u00e3o. Na popula\u00e7\u00e3o com 80 anos ou mais, o percentual chegava a 72%.<\/p>\n<p><strong>Evang\u00e9licos \u2013 <\/strong>A distribui\u00e7\u00e3o dos evang\u00e9licos por faixa et\u00e1ria \u00e9 mais uniforme, mas \u00e9 um pouco maior entre as faixas et\u00e1rias mais jovens. Entre aqueles que t\u00eam de 10 a 14 anos, por exemplo, 31,6% declararam ter essa religi\u00e3o, em 2022.<\/p>\n<p>O percentual varia entre 27,5% e 28,9%, na faixa de 15 a 49 anos. A partir da\u00ed, os evang\u00e9licos t\u00eam ligeira queda conforme a idade avan\u00e7a, chegando \u00e0 parcela de 19% entre aqueles com 80 anos ou mais.<\/p>\n<p>A Regi\u00e3o Norte possu\u00eda maior propor\u00e7\u00e3o de evang\u00e9licos na popula\u00e7\u00e3o (36,8%), seguida pelo Centro-Oeste (31,4%). Sudeste e Sul tinham, respectivamente, 28% e 23,7%. O Nordeste apresentava a menor propor\u00e7\u00e3o: 22,5%.<\/p>\n<p>Entre os estados com maior popula\u00e7\u00e3o de evang\u00e9licos, destaca-se o Acre (44,4%). Piau\u00ed tinha a menor propor\u00e7\u00e3o de seguidores dessa denomina\u00e7\u00e3o na sua popula\u00e7\u00e3o (15,6%). Os evang\u00e9licos eram maioria da popula\u00e7\u00e3o em apenas 58 munic\u00edpios, com destaque para aqueles de coloniza\u00e7\u00e3o alem\u00e3\/pomerana.<\/p>\n<p>S\u00e3o eles Arroio do Padre (RS), Arabut\u00e3 (SC) e Santa Maria de Jetib\u00e1 (ES). Em 244 munic\u00edpios, eles n\u00e3o eram maioria, mas representavam a principal religi\u00e3o. Manacapuru (AM) era o munic\u00edpio com mais de 100 mil habitantes que registrou a maior propor\u00e7\u00e3o de evang\u00e9licos (51,8%).<\/p>\n<p><strong>Outras denomina\u00e7\u00f5es \u2013<\/strong> O Censo mostrou ainda o crescimento de pessoas que declaram ter outras religiosidades (como juda\u00edsmo, islamismo, budismo, tradi\u00e7\u00f5es esot\u00e9ricas ou v\u00e1rias religi\u00f5es), que passaram de 2,7%, em 2010, para 4%, em 2022; e tradi\u00e7\u00f5es ind\u00edgenas (de 0 para 0,1% no per\u00edodo). Os esp\u00edritas, por outro lado, reduziram sua presen\u00e7a na matriz religiosa brasileira, passando de 2,1% para 1,8%, entre os dois censos.<\/p>\n<p><strong>Mapa da f\u00e9 em Ribeir\u00e3o Preto<\/strong><br \/><strong>Cat\u00f3licos:<\/strong><br \/>370.839 (53,08%)<br \/><strong>Evang\u00e9licos:<\/strong><br \/>160.199 (22,93%)<br \/><strong>Esp\u00edritas:<\/strong><br \/>42.198 (6,04%)<br \/><strong>Umbanda\/candombl\u00e9:<br \/><\/strong>10,130 (1,45%)<br \/><strong>Tradi\u00e7\u00f5es ind\u00edgenas:<\/strong><br \/>140 (0,02%)<br \/><strong>Outras religiosidades:<\/strong><br \/>36.958 (5,29%)<br \/><strong>Sem religi\u00e3o:<\/strong><br \/>77.060 (11,03%)<br \/><strong>N\u00e3o sabem:<\/strong><br \/>349 (0,05%)<br \/><strong>N\u00e3o declararam:<\/strong><br \/>769 (0,11%)<br \/><strong>Fonte:<\/strong> IBGE<\/p>\n<p>\u00a0<\/p>\n<\/div>\n<p><br \/>\n<br \/><a href=\"https:\/\/www.tribunaribeirao.com.br\/catolicos-sao-53-dos-ribeira-pretanos\/\">Source link <\/a><\/p>\n<!-- CONTENT END 1 -->\n","protected":false},"excerpt":{"rendered":"<p>A propor\u00e7\u00e3o de evang\u00e9licos na popula\u00e7\u00e3o brasileira continua crescendo, segundo dados do Censo Demogr\u00e1fico 2022, divulgados nesta sexta-feira, 6 de junho, pelo Instituto Brasileiro de&#8230;<\/p>\n","protected":false},"author":1,"featured_media":71558,"comment_status":"open","ping_status":"open","sticky":false,"template":"","format":"standard","meta":{"advanced_seo_description":"","jetpack_seo_html_title":"","jetpack_seo_noindex":false,"jetpack_post_was_ever_published":false,"_jetpack_newsletter_access":"","_jetpack_dont_email_post_to_subs":false,"_jetpack_newsletter_tier_id":0,"_jetpack_memberships_contains_paywalled_content":false,"_jetpack_memberships_contains_paid_content":false,"footnotes":"","jetpack_publicize_message":"","jetpack_publicize_feature_enabled":true,"jetpack_social_post_already_shared":true,"jetpack_social_options":{"image_generator_settings":{"template":"highway","default_image_id":0,"font":"","enabled":false},"version":2}},"categories":[11],"tags":[],"class_list":["post-71557","post","type-post","status-publish","format-standard","has-post-thumbnail","hentry","category-noticias-de-ribeirao-preto-sp-e-regiao-ismael-colosi"],"jetpack_publicize_connections":[],"jetpack_featured_media_url":"https:\/\/i0.wp.com\/noticiasribeiraopreto.com.br\/wp-content\/uploads\/2025\/06\/Religiao-Cat-Max-Gallao-Mesquita-scaled.jpg?fit=750%2C500&ssl=1","jetpack-related-posts":[{"id":71476,"url":"https:\/\/noticiasribeiraopreto.com.br\/index.php\/2025\/06\/06\/censo-2022-revela-dados-sobre-religiao-em-ribeirao-preto-confira\/","url_meta":{"origin":71557,"position":0},"title":"Censo 2022 revela dados sobre religi\u00e3o em Ribeir\u00e3o Preto; Confira","author":"noticiasribeiraopreto.com.br","date":"6 de June de 2025","format":false,"excerpt":"O IBGE (Instituto Brasileiro de Geografia e Estat\u00edstica) divulgou nesta sexta-feira (6) os dados referentes a religi\u00e3o declarada pelos moradores de Ribeir\u00e3o Preto. O levantamento foi realizado durante o Censo de 2022 e levou em considera\u00e7\u00e3o a popula\u00e7\u00e3o com idade superior a 10 anos. O levantamento recebeu respostas de 621.091\u2026","rel":"","context":"In &quot;Not\u00edcias de Ribeir\u00e3o Preto-SP e Regi\u00e3o&quot;","block_context":{"text":"Not\u00edcias de Ribeir\u00e3o Preto-SP e Regi\u00e3o","link":"https:\/\/noticiasribeiraopreto.com.br\/index.php\/category\/noticias-de-ribeirao-preto-sp-e-regiao-ismael-colosi\/"},"img":{"alt_text":"","src":"https:\/\/i0.wp.com\/noticiasribeiraopreto.com.br\/wp-content\/uploads\/2025\/06\/religiao-ribeirao-preto_2025-06-06_15-13-56.webp.webp?fit=1199%2C795&ssl=1&resize=350%2C200","width":350,"height":200,"srcset":"https:\/\/i0.wp.com\/noticiasribeiraopreto.com.br\/wp-content\/uploads\/2025\/06\/religiao-ribeirao-preto_2025-06-06_15-13-56.webp.webp?fit=1199%2C795&ssl=1&resize=350%2C200 1x, https:\/\/i0.wp.com\/noticiasribeiraopreto.com.br\/wp-content\/uploads\/2025\/06\/religiao-ribeirao-preto_2025-06-06_15-13-56.webp.webp?fit=1199%2C795&ssl=1&resize=525%2C300 1.5x, https:\/\/i0.wp.com\/noticiasribeiraopreto.com.br\/wp-content\/uploads\/2025\/06\/religiao-ribeirao-preto_2025-06-06_15-13-56.webp.webp?fit=1199%2C795&ssl=1&resize=700%2C400 2x, https:\/\/i0.wp.com\/noticiasribeiraopreto.com.br\/wp-content\/uploads\/2025\/06\/religiao-ribeirao-preto_2025-06-06_15-13-56.webp.webp?fit=1199%2C795&ssl=1&resize=1050%2C600 3x"},"classes":[]},{"id":71620,"url":"https:\/\/noticiasribeiraopreto.com.br\/index.php\/2025\/06\/08\/jornal-da-franca-veja-como-se-distribui-a-religiosidade-dos-francanos-segundo-censo-do-ibge\/","url_meta":{"origin":71557,"position":1},"title":"Jornal da Franca &#8211; Veja como se distribui a religiosidade dos francanos, segundo censo do IBGE","author":"noticiasribeiraopreto.com.br","date":"8 de June de 2025","format":false,"excerpt":"compartilhar no whatsapp compartilhar no telegram compartilhar no facebook compartilhar no linkedin Em Franca, a predomin\u00e2ncia dos cat\u00f3licos \u00e9 de 60% e dos evang\u00e9licos de 22%, com 7% sem religi\u00e3o e 6% esp\u00edritas. Novos dados do Censo 2022 do IBGE divulgados esta semana indicam uma predomin\u00e2ncia de cat\u00f3licos nas cidades\u2026","rel":"","context":"In &quot;Not\u00edcias de Franca-SP&quot;","block_context":{"text":"Not\u00edcias de Franca-SP","link":"https:\/\/noticiasribeiraopreto.com.br\/index.php\/category\/noticias-de-ribeirao-preto-sp-e-regiao-ismael-colosi\/noticias-franca-sp\/"},"img":{"alt_text":"","src":"https:\/\/i0.wp.com\/noticiasribeiraopreto.com.br\/wp-content\/uploads\/2025\/06\/25854.jpg?fit=1000%2C668&ssl=1&resize=350%2C200","width":350,"height":200,"srcset":"https:\/\/i0.wp.com\/noticiasribeiraopreto.com.br\/wp-content\/uploads\/2025\/06\/25854.jpg?fit=1000%2C668&ssl=1&resize=350%2C200 1x, https:\/\/i0.wp.com\/noticiasribeiraopreto.com.br\/wp-content\/uploads\/2025\/06\/25854.jpg?fit=1000%2C668&ssl=1&resize=525%2C300 1.5x, https:\/\/i0.wp.com\/noticiasribeiraopreto.com.br\/wp-content\/uploads\/2025\/06\/25854.jpg?fit=1000%2C668&ssl=1&resize=700%2C400 2x"},"classes":[]},{"id":76395,"url":"https:\/\/noticiasribeiraopreto.com.br\/index.php\/2025\/08\/28\/ribeirao-preto-chega-a-731-639-habitantes\/","url_meta":{"origin":71557,"position":2},"title":"Ribeir\u00e3o Preto chega a 731.639 habitantes","author":"noticiasribeiraopreto.com.br","date":"28 de August de 2025","format":false,"excerpt":"Estimativa divulgada pelo Instituto Brasileiro de Geografia e Estat\u00edstica (IBGE), nesta quinta-feira, 28 de agosto, indica que Ribeir\u00e3o Preto tem 731.639 habitantes, crescimento de 0,44% em rela\u00e7\u00e3o aos 728.400 moradores do ano passado, 3.239 a mais, segundo dados publicados no Di\u00e1rio Oficial da Uni\u00e3o que apontam o total de pessoas\u2026","rel":"","context":"In &quot;Not\u00edcias de Ribeir\u00e3o Preto-SP e Regi\u00e3o&quot;","block_context":{"text":"Not\u00edcias de Ribeir\u00e3o Preto-SP e Regi\u00e3o","link":"https:\/\/noticiasribeiraopreto.com.br\/index.php\/category\/noticias-de-ribeirao-preto-sp-e-regiao-ismael-colosi\/"},"img":{"alt_text":"","src":"https:\/\/i0.wp.com\/noticiasribeiraopreto.com.br\/wp-content\/uploads\/2025\/08\/1-RiberPOP-Alfredo-Risk-scaled.jpg?fit=1170%2C780&ssl=1&resize=350%2C200","width":350,"height":200,"srcset":"https:\/\/i0.wp.com\/noticiasribeiraopreto.com.br\/wp-content\/uploads\/2025\/08\/1-RiberPOP-Alfredo-Risk-scaled.jpg?fit=1170%2C780&ssl=1&resize=350%2C200 1x, https:\/\/i0.wp.com\/noticiasribeiraopreto.com.br\/wp-content\/uploads\/2025\/08\/1-RiberPOP-Alfredo-Risk-scaled.jpg?fit=1170%2C780&ssl=1&resize=525%2C300 1.5x, https:\/\/i0.wp.com\/noticiasribeiraopreto.com.br\/wp-content\/uploads\/2025\/08\/1-RiberPOP-Alfredo-Risk-scaled.jpg?fit=1170%2C780&ssl=1&resize=700%2C400 2x, https:\/\/i0.wp.com\/noticiasribeiraopreto.com.br\/wp-content\/uploads\/2025\/08\/1-RiberPOP-Alfredo-Risk-scaled.jpg?fit=1170%2C780&ssl=1&resize=1050%2C600 3x"},"classes":[]},{"id":60235,"url":"https:\/\/noticiasribeiraopreto.com.br\/index.php\/2024\/11\/08\/quantas-favelas-existem-em-ribeirao-preto-quais-sao-as-maiores\/","url_meta":{"origin":71557,"position":3},"title":"Quantas favelas existem em Ribeir\u00e3o Preto? Quais s\u00e3o as maiores?","author":"noticiasribeiraopreto.com.br","date":"8 de November de 2024","format":false,"excerpt":"Ribeir\u00e3o Preto tem 23.781 mil pessoas morando em favelas, de acordo com os novos dados do Censo 2022, divulgados nesta sexta-feira (8), pelo IBGE (Instituto Brasileiro de Geografia e Estat\u00edstica). O n\u00famero representa um crescimento de 68,4% se comparado com o resultado divulgado em 2010, quando 14.177 pessoas moravam em\u2026","rel":"","context":"In &quot;Not\u00edcias de Ribeir\u00e3o Preto-SP e Regi\u00e3o&quot;","block_context":{"text":"Not\u00edcias de Ribeir\u00e3o Preto-SP e Regi\u00e3o","link":"https:\/\/noticiasribeiraopreto.com.br\/index.php\/category\/noticias-de-ribeirao-preto-sp-e-regiao-ismael-colosi\/"},"img":{"alt_text":"","src":"https:\/\/i0.wp.com\/noticiasribeiraopreto.com.br\/wp-content\/uploads\/2024\/11\/comunidade_favela_1200x675_08102021072938.jpg?fit=1200%2C675&ssl=1&resize=350%2C200","width":350,"height":200,"srcset":"https:\/\/i0.wp.com\/noticiasribeiraopreto.com.br\/wp-content\/uploads\/2024\/11\/comunidade_favela_1200x675_08102021072938.jpg?fit=1200%2C675&ssl=1&resize=350%2C200 1x, https:\/\/i0.wp.com\/noticiasribeiraopreto.com.br\/wp-content\/uploads\/2024\/11\/comunidade_favela_1200x675_08102021072938.jpg?fit=1200%2C675&ssl=1&resize=525%2C300 1.5x, https:\/\/i0.wp.com\/noticiasribeiraopreto.com.br\/wp-content\/uploads\/2024\/11\/comunidade_favela_1200x675_08102021072938.jpg?fit=1200%2C675&ssl=1&resize=700%2C400 2x, https:\/\/i0.wp.com\/noticiasribeiraopreto.com.br\/wp-content\/uploads\/2024\/11\/comunidade_favela_1200x675_08102021072938.jpg?fit=1200%2C675&ssl=1&resize=1050%2C600 3x"},"classes":[]},{"id":56434,"url":"https:\/\/noticiasribeiraopreto.com.br\/index.php\/2024\/08\/13\/veja-a-populacao-de-ribeirao-preto-pesquisa-apresenta-novos-numeros\/","url_meta":{"origin":71557,"position":4},"title":"Veja a popula\u00e7\u00e3o de Ribeir\u00e3o Preto; Pesquisa apresenta novos n\u00fameros","author":"noticiasribeiraopreto.com.br","date":"13 de August de 2024","format":false,"excerpt":"Uma nova pesquisa da Funda\u00e7\u00e3o Seade aponta que Ribeir\u00e3o Preto teve um crescimento de 0,8% de habitantes em rela\u00e7\u00e3o ao Censo 2022, divulgados pelo Instituto Brasileiro de Geografia e Estat\u00edstica (IBGE). De acordo com a funda\u00e7\u00e3o, a popula\u00e7\u00e3o total de Ribeir\u00e3o Preto era de 704.874 habitantes. Os dados divulgados apresentam\u2026","rel":"","context":"In &quot;Not\u00edcias de Ribeir\u00e3o Preto-SP e Regi\u00e3o&quot;","block_context":{"text":"Not\u00edcias de Ribeir\u00e3o Preto-SP e Regi\u00e3o","link":"https:\/\/noticiasribeiraopreto.com.br\/index.php\/category\/noticias-de-ribeirao-preto-sp-e-regiao-ismael-colosi\/"},"img":{"alt_text":"","src":"https:\/\/i0.wp.com\/noticiasribeiraopreto.com.br\/wp-content\/uploads\/2024\/08\/1723577946_ribeirao-preto.jpg?fit=1200%2C800&ssl=1&resize=350%2C200","width":350,"height":200,"srcset":"https:\/\/i0.wp.com\/noticiasribeiraopreto.com.br\/wp-content\/uploads\/2024\/08\/1723577946_ribeirao-preto.jpg?fit=1200%2C800&ssl=1&resize=350%2C200 1x, https:\/\/i0.wp.com\/noticiasribeiraopreto.com.br\/wp-content\/uploads\/2024\/08\/1723577946_ribeirao-preto.jpg?fit=1200%2C800&ssl=1&resize=525%2C300 1.5x, https:\/\/i0.wp.com\/noticiasribeiraopreto.com.br\/wp-content\/uploads\/2024\/08\/1723577946_ribeirao-preto.jpg?fit=1200%2C800&ssl=1&resize=700%2C400 2x, https:\/\/i0.wp.com\/noticiasribeiraopreto.com.br\/wp-content\/uploads\/2024\/08\/1723577946_ribeirao-preto.jpg?fit=1200%2C800&ssl=1&resize=1050%2C600 3x"},"classes":[]},{"id":43708,"url":"https:\/\/noticiasribeiraopreto.com.br\/index.php\/2024\/03\/22\/maioria-dos-brasileiros-vive-no-litoral-diz-ibge\/","url_meta":{"origin":71557,"position":5},"title":"Maioria dos brasileiros vive no litoral, diz IBGE\u00a0","author":"noticiasribeiraopreto.com.br","date":"22 de March de 2024","format":false,"excerpt":"22 de mar\u00e7o de 2024 | 18:0022 de mar\u00e7o de 2024 | 12:19 0 Dados do Censo Demogr\u00e1fico 2022 divulgados nesta quinta-feira, 21 de mar\u00e7o, mostram que 111,28 milh\u00f5es de pessoas vivem pr\u00f3ximo ao litoral brasileiro, em uma faixa de territ\u00f3rio que inclui domic\u00edlios localizados a uma dist\u00e2ncia m\u00e1xima de\u2026","rel":"","context":"In &quot;Not\u00edcias de Ribeir\u00e3o Preto-SP e Regi\u00e3o&quot;","block_context":{"text":"Not\u00edcias de Ribeir\u00e3o Preto-SP e Regi\u00e3o","link":"https:\/\/noticiasribeiraopreto.com.br\/index.php\/category\/noticias-de-ribeirao-preto-sp-e-regiao-ismael-colosi\/"},"img":{"alt_text":"","src":"https:\/\/i0.wp.com\/noticiasribeiraopreto.com.br\/wp-content\/uploads\/2024\/03\/Censo2022-Tomaz-Silva-Ag.Br_-scaled.jpg?fit=1000%2C598&ssl=1&resize=350%2C200","width":350,"height":200,"srcset":"https:\/\/i0.wp.com\/noticiasribeiraopreto.com.br\/wp-content\/uploads\/2024\/03\/Censo2022-Tomaz-Silva-Ag.Br_-scaled.jpg?fit=1000%2C598&ssl=1&resize=350%2C200 1x, https:\/\/i0.wp.com\/noticiasribeiraopreto.com.br\/wp-content\/uploads\/2024\/03\/Censo2022-Tomaz-Silva-Ag.Br_-scaled.jpg?fit=1000%2C598&ssl=1&resize=525%2C300 1.5x, https:\/\/i0.wp.com\/noticiasribeiraopreto.com.br\/wp-content\/uploads\/2024\/03\/Censo2022-Tomaz-Silva-Ag.Br_-scaled.jpg?fit=1000%2C598&ssl=1&resize=700%2C400 2x"},"classes":[]}],"jetpack_sharing_enabled":true,"jetpack_shortlink":"https:\/\/wp.me\/peQAOb-iC9","_links":{"self":[{"href":"https:\/\/noticiasribeiraopreto.com.br\/index.php\/wp-json\/wp\/v2\/posts\/71557","targetHints":{"allow":["GET"]}}],"collection":[{"href":"https:\/\/noticiasribeiraopreto.com.br\/index.php\/wp-json\/wp\/v2\/posts"}],"about":[{"href":"https:\/\/noticiasribeiraopreto.com.br\/index.php\/wp-json\/wp\/v2\/types\/post"}],"author":[{"embeddable":true,"href":"https:\/\/noticiasribeiraopreto.com.br\/index.php\/wp-json\/wp\/v2\/users\/1"}],"replies":[{"embeddable":true,"href":"https:\/\/noticiasribeiraopreto.com.br\/index.php\/wp-json\/wp\/v2\/comments?post=71557"}],"version-history":[{"count":0,"href":"https:\/\/noticiasribeiraopreto.com.br\/index.php\/wp-json\/wp\/v2\/posts\/71557\/revisions"}],"wp:featuredmedia":[{"embeddable":true,"href":"https:\/\/noticiasribeiraopreto.com.br\/index.php\/wp-json\/wp\/v2\/media\/71558"}],"wp:attachment":[{"href":"https:\/\/noticiasribeiraopreto.com.br\/index.php\/wp-json\/wp\/v2\/media?parent=71557"}],"wp:term":[{"taxonomy":"category","embeddable":true,"href":"https:\/\/noticiasribeiraopreto.com.br\/index.php\/wp-json\/wp\/v2\/categories?post=71557"},{"taxonomy":"post_tag","embeddable":true,"href":"https:\/\/noticiasribeiraopreto.com.br\/index.php\/wp-json\/wp\/v2\/tags?post=71557"}],"curies":[{"name":"wp","href":"https:\/\/api.w.org\/{rel}","templated":true}]}}